{"id":1482,"date":"2020-05-13T00:41:24","date_gmt":"2020-05-13T00:41:24","guid":{"rendered":"http:\/\/diarioprincipios.com\/?p=1482"},"modified":"2020-05-13T00:41:57","modified_gmt":"2020-05-13T00:41:57","slug":"gonzalez-garcia-dice-que-sin-contagios-el-futbol-podria-volver-antes-de-septiembre","status":"publish","type":"post","link":"https:\/\/diarioprincipios.com\/index.php\/2020\/05\/13\/gonzalez-garcia-dice-que-sin-contagios-el-futbol-podria-volver-antes-de-septiembre\/","title":{"rendered":"Gonz\u00e1lez Garc\u00eda dice que, \u00absin contagios\u00bb, el f\u00fatbol podr\u00eda volver antes de septiembre"},"content":{"rendered":"\n<p>El Ministro de Salud de la Naci\u00f3n, Gin\u00e9s Gonz\u00e1lez Garc\u00eda, desliz\u00f3 esta noche que, en caso de que se detuvieran los contagios, la actividad futbol\u00edstica \u201cpuede volver antes de septiembre\u201d, hasta ahora el plazo estimado de reanudaci\u00f3n ante la irrupci\u00f3n del coronavirus.<\/p>\n\n\n\n<p>\u201cSi no hay casos de contagio, el f\u00fatbol podr\u00eda volver antes. Pero es l\u00f3gico pensar en septiembre\u201d expres\u00f3 el titular de la cartera sanitaria.<\/p>\n\n\n\n<p>El funcionario revel\u00f3 que hoy mantuvo una entrevista con su par de Turismo y Deporte, Mat\u00edas Lammens.<\/p>\n\n\n\n<p>\u00abNo hablamos de fechas posibles de retorno, aunque los dos somos futboleros\u201d dijo a \u2018La Oral Deportiva\u2019 (AM 630 Radio Rivadavia).<\/p>\n\n\n\n<p>La actividad futbol\u00edstica est\u00e1 paralizada desde marzo pasado, cuando apenas lleg\u00f3 a disputarse la primera fecha de la Copa de la Superliga, certamen que \u2013seg\u00fan AFA- ser\u00e1 dado por cancelado sin resoluci\u00f3n.<\/p>\n\n\n\n<p>Gonz\u00e1lez Garc\u00eda admiti\u00f3 que durante la semana venidera los equipos de ambos ministerios empezar\u00e1n a \u00abtrabajar en la preparaci\u00f3n de los protocolos\u201d para regresar a los entrenamientos de los distintos planteles profesionales.<\/p>\n\n\n\n<p>Una versi\u00f3n que circul\u00f3 en las \u00faltimas horas y a la que tuvo acceso T\u00e9lam, luego de consultar distintas fuentes, daba cuenta de que las pr\u00e1cticas \u201cpodr\u00edan reanudarse\u201d el lunes 25 de mayo.<\/p>\n\n\n\n<p>\u201cLos m\u00e9dicos de cada uno de los clubes van a participar en la decisi\u00f3n de la vuelta al f\u00fatbol\u201d, sostuvo el ministro.<\/p>\n\n\n\n<p>El propio funcionario consider\u00f3 que una de las alternativas que se eval\u00faan para garantizar el retorno de la actividad es que los futbolistas \u201cno pasen por los vestuarios y que vayan directamente del lugar en el que salgan al estadio\u201d.<\/p>\n","protected":false},"excerpt":{"rendered":"<p>El Ministro de Salud de la Naci\u00f3n, Gin\u00e9s Gonz\u00e1lez Garc\u00eda, desliz\u00f3 esta noche que, en caso de que se detuvieran los contagios, la actividad futbol\u00edstica \u201cpuede volver antes de septiembre\u201d, hasta ahora el plazo estimado de reanudaci\u00f3n ante la irrupci\u00f3n del coronavirus. \u201cSi no hay casos de contagio, el f\u00fatbol podr\u00eda volver antes. Pero es&#8230;<\/p>\n","protected":false},"author":2,"featured_media":1483,"comment_status":"open","ping_status":"open","sticky":false,"template":"","format":"standard","meta":{"footnotes":""},"categories":[6],"tags":[],"class_list":["post-1482","post","type-post","status-publish","format-standard","has-post-thumbnail","hentry","category-deportes"],"featured_image_src":"https:\/\/diarioprincipios.com\/wp-content\/uploads\/2020\/05\/unnamed-1.jpg","blog_images":{"medium":"https:\/\/diarioprincipios.com\/wp-content\/uploads\/2020\/05\/unnamed-1-300x169.jpg","large":"https:\/\/diarioprincipios.com\/wp-content\/uploads\/2020\/05\/unnamed-1.jpg"},"ams_acf":[],"yoast_head":"<!-- This site is optimized with the Yoast SEO plugin v27.3 - https:\/\/yoast.com\/product\/yoast-seo-wordpress\/ -->\n<title>Gonz\u00e1lez Garc\u00eda dice que, &quot;sin contagios&quot;, el f\u00fatbol podr\u00eda volver antes de septiembre - Principios<\/title>\n<meta name=\"robots\" content=\"index, follow, max-snippet:-1, max-image-preview:large, max-video-preview:-1\" \/>\n<link rel=\"canonical\" href=\"https:\/\/diarioprincipios.com\/index.php\/2020\/05\/13\/gonzalez-garcia-dice-que-sin-contagios-el-futbol-podria-volver-antes-de-septiembre\/\" \/>\n<meta property=\"og:locale\" content=\"es_ES\" \/>\n<meta property=\"og:type\" content=\"article\" \/>\n<meta property=\"og:title\" content=\"Gonz\u00e1lez Garc\u00eda dice que, &quot;sin contagios&quot;, el f\u00fatbol podr\u00eda volver antes de septiembre - Principios\" \/>\n<meta property=\"og:description\" content=\"El Ministro de Salud de la Naci\u00f3n, Gin\u00e9s Gonz\u00e1lez Garc\u00eda, desliz\u00f3 esta noche que, en caso de que se detuvieran los contagios, la actividad futbol\u00edstica \u201cpuede volver antes de septiembre\u201d, hasta ahora el plazo estimado de reanudaci\u00f3n ante la irrupci\u00f3n del coronavirus. \u201cSi no hay casos de contagio, el f\u00fatbol podr\u00eda volver antes. Pero es...\" \/>\n<meta property=\"og:url\" content=\"https:\/\/diarioprincipios.com\/index.php\/2020\/05\/13\/gonzalez-garcia-dice-que-sin-contagios-el-futbol-podria-volver-antes-de-septiembre\/\" \/>\n<meta property=\"og:site_name\" content=\"Principios\" \/>\n<meta property=\"article:published_time\" content=\"2020-05-13T00:41:24+00:00\" \/>\n<meta property=\"article:modified_time\" content=\"2020-05-13T00:41:57+00:00\" \/>\n<meta property=\"og:image\" content=\"https:\/\/diarioprincipios.com\/wp-content\/uploads\/2020\/05\/unnamed-1.jpg\" \/>\n\t<meta property=\"og:image:width\" content=\"512\" \/>\n\t<meta property=\"og:image:height\" content=\"288\" \/>\n\t<meta property=\"og:image:type\" content=\"image\/jpeg\" \/>\n<meta name=\"author\" content=\"Hern\u00e1n L\u00f3pez\" \/>\n<meta name=\"twitter:card\" content=\"summary_large_image\" \/>\n<meta name=\"twitter:label1\" content=\"Escrito por\" \/>\n\t<meta name=\"twitter:data1\" content=\"Hern\u00e1n L\u00f3pez\" \/>\n\t<meta name=\"twitter:label2\" content=\"Tiempo de lectura\" \/>\n\t<meta name=\"twitter:data2\" content=\"1 minuto\" \/>\n<script type=\"application\/ld+json\" class=\"yoast-schema-graph\">{\"@context\":\"https:\\\/\\\/schema.org\",\"@graph\":[{\"@type\":\"Article\",\"@id\":\"https:\\\/\\\/diarioprincipios.com\\\/index.php\\\/2020\\\/05\\\/13\\\/gonzalez-garcia-dice-que-sin-contagios-el-futbol-podria-volver-antes-de-septiembre\\\/#article\",\"isPartOf\":{\"@id\":\"https:\\\/\\\/diarioprincipios.com\\\/index.php\\\/2020\\\/05\\\/13\\\/gonzalez-garcia-dice-que-sin-contagios-el-futbol-podria-volver-antes-de-septiembre\\\/\"},\"author\":{\"name\":\"Hern\u00e1n L\u00f3pez\",\"@id\":\"https:\\\/\\\/diarioprincipios.com\\\/#\\\/schema\\\/person\\\/436d5a1fd41a5e250e23ff5a6a7cb080\"},\"headline\":\"Gonz\u00e1lez Garc\u00eda dice que, \u00absin contagios\u00bb, el f\u00fatbol podr\u00eda volver antes de septiembre\",\"datePublished\":\"2020-05-13T00:41:24+00:00\",\"dateModified\":\"2020-05-13T00:41:57+00:00\",\"mainEntityOfPage\":{\"@id\":\"https:\\\/\\\/diarioprincipios.com\\\/index.php\\\/2020\\\/05\\\/13\\\/gonzalez-garcia-dice-que-sin-contagios-el-futbol-podria-volver-antes-de-septiembre\\\/\"},\"wordCount\":304,\"commentCount\":0,\"publisher\":{\"@id\":\"https:\\\/\\\/diarioprincipios.com\\\/#organization\"},\"image\":{\"@id\":\"https:\\\/\\\/diarioprincipios.com\\\/index.php\\\/2020\\\/05\\\/13\\\/gonzalez-garcia-dice-que-sin-contagios-el-futbol-podria-volver-antes-de-septiembre\\\/#primaryimage\"},\"thumbnailUrl\":\"https:\\\/\\\/diarioprincipios.com\\\/wp-content\\\/uploads\\\/2020\\\/05\\\/unnamed-1.jpg\",\"articleSection\":[\"Deportes\"],\"inLanguage\":\"es\",\"potentialAction\":[{\"@type\":\"CommentAction\",\"name\":\"Comment\",\"target\":[\"https:\\\/\\\/diarioprincipios.com\\\/index.php\\\/2020\\\/05\\\/13\\\/gonzalez-garcia-dice-que-sin-contagios-el-futbol-podria-volver-antes-de-septiembre\\\/#respond\"]}]},{\"@type\":\"WebPage\",\"@id\":\"https:\\\/\\\/diarioprincipios.com\\\/index.php\\\/2020\\\/05\\\/13\\\/gonzalez-garcia-dice-que-sin-contagios-el-futbol-podria-volver-antes-de-septiembre\\\/\",\"url\":\"https:\\\/\\\/diarioprincipios.com\\\/index.php\\\/2020\\\/05\\\/13\\\/gonzalez-garcia-dice-que-sin-contagios-el-futbol-podria-volver-antes-de-septiembre\\\/\",\"name\":\"Gonz\u00e1lez Garc\u00eda dice que, \\\"sin contagios\\\", el f\u00fatbol podr\u00eda volver antes de septiembre - Principios\",\"isPartOf\":{\"@id\":\"https:\\\/\\\/diarioprincipios.com\\\/#website\"},\"primaryImageOfPage\":{\"@id\":\"https:\\\/\\\/diarioprincipios.com\\\/index.php\\\/2020\\\/05\\\/13\\\/gonzalez-garcia-dice-que-sin-contagios-el-futbol-podria-volver-antes-de-septiembre\\\/#primaryimage\"},\"image\":{\"@id\":\"https:\\\/\\\/diarioprincipios.com\\\/index.php\\\/2020\\\/05\\\/13\\\/gonzalez-garcia-dice-que-sin-contagios-el-futbol-podria-volver-antes-de-septiembre\\\/#primaryimage\"},\"thumbnailUrl\":\"https:\\\/\\\/diarioprincipios.com\\\/wp-content\\\/uploads\\\/2020\\\/05\\\/unnamed-1.jpg\",\"datePublished\":\"2020-05-13T00:41:24+00:00\",\"dateModified\":\"2020-05-13T00:41:57+00:00\",\"breadcrumb\":{\"@id\":\"https:\\\/\\\/diarioprincipios.com\\\/index.php\\\/2020\\\/05\\\/13\\\/gonzalez-garcia-dice-que-sin-contagios-el-futbol-podria-volver-antes-de-septiembre\\\/#breadcrumb\"},\"inLanguage\":\"es\",\"potentialAction\":[{\"@type\":\"ReadAction\",\"target\":[\"https:\\\/\\\/diarioprincipios.com\\\/index.php\\\/2020\\\/05\\\/13\\\/gonzalez-garcia-dice-que-sin-contagios-el-futbol-podria-volver-antes-de-septiembre\\\/\"]}]},{\"@type\":\"ImageObject\",\"inLanguage\":\"es\",\"@id\":\"https:\\\/\\\/diarioprincipios.com\\\/index.php\\\/2020\\\/05\\\/13\\\/gonzalez-garcia-dice-que-sin-contagios-el-futbol-podria-volver-antes-de-septiembre\\\/#primaryimage\",\"url\":\"https:\\\/\\\/diarioprincipios.com\\\/wp-content\\\/uploads\\\/2020\\\/05\\\/unnamed-1.jpg\",\"contentUrl\":\"https:\\\/\\\/diarioprincipios.com\\\/wp-content\\\/uploads\\\/2020\\\/05\\\/unnamed-1.jpg\",\"width\":512,\"height\":288},{\"@type\":\"BreadcrumbList\",\"@id\":\"https:\\\/\\\/diarioprincipios.com\\\/index.php\\\/2020\\\/05\\\/13\\\/gonzalez-garcia-dice-que-sin-contagios-el-futbol-podria-volver-antes-de-septiembre\\\/#breadcrumb\",\"itemListElement\":[{\"@type\":\"ListItem\",\"position\":1,\"name\":\"Portada\",\"item\":\"https:\\\/\\\/diarioprincipios.com\\\/\"},{\"@type\":\"ListItem\",\"position\":2,\"name\":\"Gonz\u00e1lez Garc\u00eda dice que, \u00absin contagios\u00bb, el f\u00fatbol podr\u00eda volver antes de septiembre\"}]},{\"@type\":\"WebSite\",\"@id\":\"https:\\\/\\\/diarioprincipios.com\\\/#website\",\"url\":\"https:\\\/\\\/diarioprincipios.com\\\/\",\"name\":\"Principios\",\"description\":\"Principios Diario\",\"publisher\":{\"@id\":\"https:\\\/\\\/diarioprincipios.com\\\/#organization\"},\"potentialAction\":[{\"@type\":\"SearchAction\",\"target\":{\"@type\":\"EntryPoint\",\"urlTemplate\":\"https:\\\/\\\/diarioprincipios.com\\\/?s={search_term_string}\"},\"query-input\":{\"@type\":\"PropertyValueSpecification\",\"valueRequired\":true,\"valueName\":\"search_term_string\"}}],\"inLanguage\":\"es\"},{\"@type\":\"Organization\",\"@id\":\"https:\\\/\\\/diarioprincipios.com\\\/#organization\",\"name\":\"Principios\",\"url\":\"https:\\\/\\\/diarioprincipios.com\\\/\",\"logo\":{\"@type\":\"ImageObject\",\"inLanguage\":\"es\",\"@id\":\"https:\\\/\\\/diarioprincipios.com\\\/#\\\/schema\\\/logo\\\/image\\\/\",\"url\":\"https:\\\/\\\/diarioprincipios.com\\\/wp-content\\\/uploads\\\/2024\\\/04\\\/cropped-www.diarioprincipios.com_-1.png\",\"contentUrl\":\"https:\\\/\\\/diarioprincipios.com\\\/wp-content\\\/uploads\\\/2024\\\/04\\\/cropped-www.diarioprincipios.com_-1.png\",\"width\":5325,\"height\":1454,\"caption\":\"Principios\"},\"image\":{\"@id\":\"https:\\\/\\\/diarioprincipios.com\\\/#\\\/schema\\\/logo\\\/image\\\/\"}},{\"@type\":\"Person\",\"@id\":\"https:\\\/\\\/diarioprincipios.com\\\/#\\\/schema\\\/person\\\/436d5a1fd41a5e250e23ff5a6a7cb080\",\"name\":\"Hern\u00e1n L\u00f3pez\",\"image\":{\"@type\":\"ImageObject\",\"inLanguage\":\"es\",\"@id\":\"https:\\\/\\\/diarioprincipios.com\\\/wp-content\\\/litespeed\\\/avatar\\\/11ddfe5610ff3bd100522525b2571f48.jpg?ver=1777653193\",\"url\":\"https:\\\/\\\/diarioprincipios.com\\\/wp-content\\\/litespeed\\\/avatar\\\/11ddfe5610ff3bd100522525b2571f48.jpg?ver=1777653193\",\"contentUrl\":\"https:\\\/\\\/diarioprincipios.com\\\/wp-content\\\/litespeed\\\/avatar\\\/11ddfe5610ff3bd100522525b2571f48.jpg?ver=1777653193\",\"caption\":\"Hern\u00e1n L\u00f3pez\"},\"url\":\"https:\\\/\\\/diarioprincipios.com\\\/index.php\\\/author\\\/hernan\\\/\"}]}<\/script>\n<!-- \/ Yoast SEO plugin. -->","yoast_head_json":{"title":"Gonz\u00e1lez Garc\u00eda dice que, \"sin contagios\", el f\u00fatbol podr\u00eda volver antes de septiembre - Principios","robots":{"index":"index","follow":"follow","max-snippet":"max-snippet:-1","max-image-preview":"max-image-preview:large","max-video-preview":"max-video-preview:-1"},"canonical":"https:\/\/diarioprincipios.com\/index.php\/2020\/05\/13\/gonzalez-garcia-dice-que-sin-contagios-el-futbol-podria-volver-antes-de-septiembre\/","og_locale":"es_ES","og_type":"article","og_title":"Gonz\u00e1lez Garc\u00eda dice que, \"sin contagios\", el f\u00fatbol podr\u00eda volver antes de septiembre - Principios","og_description":"El Ministro de Salud de la Naci\u00f3n, Gin\u00e9s Gonz\u00e1lez Garc\u00eda, desliz\u00f3 esta noche que, en caso de que se detuvieran los contagios, la actividad futbol\u00edstica \u201cpuede volver antes de septiembre\u201d, hasta ahora el plazo estimado de reanudaci\u00f3n ante la irrupci\u00f3n del coronavirus. \u201cSi no hay casos de contagio, el f\u00fatbol podr\u00eda volver antes. Pero es...","og_url":"https:\/\/diarioprincipios.com\/index.php\/2020\/05\/13\/gonzalez-garcia-dice-que-sin-contagios-el-futbol-podria-volver-antes-de-septiembre\/","og_site_name":"Principios","article_published_time":"2020-05-13T00:41:24+00:00","article_modified_time":"2020-05-13T00:41:57+00:00","og_image":[{"width":512,"height":288,"url":"https:\/\/diarioprincipios.com\/wp-content\/uploads\/2020\/05\/unnamed-1.jpg","type":"image\/jpeg"}],"author":"Hern\u00e1n L\u00f3pez","twitter_card":"summary_large_image","twitter_misc":{"Escrito por":"Hern\u00e1n L\u00f3pez","Tiempo de lectura":"1 minuto"},"schema":{"@context":"https:\/\/schema.org","@graph":[{"@type":"Article","@id":"https:\/\/diarioprincipios.com\/index.php\/2020\/05\/13\/gonzalez-garcia-dice-que-sin-contagios-el-futbol-podria-volver-antes-de-septiembre\/#article","isPartOf":{"@id":"https:\/\/diarioprincipios.com\/index.php\/2020\/05\/13\/gonzalez-garcia-dice-que-sin-contagios-el-futbol-podria-volver-antes-de-septiembre\/"},"author":{"name":"Hern\u00e1n L\u00f3pez","@id":"https:\/\/diarioprincipios.com\/#\/schema\/person\/436d5a1fd41a5e250e23ff5a6a7cb080"},"headline":"Gonz\u00e1lez Garc\u00eda dice que, \u00absin contagios\u00bb, el f\u00fatbol podr\u00eda volver antes de septiembre","datePublished":"2020-05-13T00:41:24+00:00","dateModified":"2020-05-13T00:41:57+00:00","mainEntityOfPage":{"@id":"https:\/\/diarioprincipios.com\/index.php\/2020\/05\/13\/gonzalez-garcia-dice-que-sin-contagios-el-futbol-podria-volver-antes-de-septiembre\/"},"wordCount":304,"commentCount":0,"publisher":{"@id":"https:\/\/diarioprincipios.com\/#organization"},"image":{"@id":"https:\/\/diarioprincipios.com\/index.php\/2020\/05\/13\/gonzalez-garcia-dice-que-sin-contagios-el-futbol-podria-volver-antes-de-septiembre\/#primaryimage"},"thumbnailUrl":"https:\/\/diarioprincipios.com\/wp-content\/uploads\/2020\/05\/unnamed-1.jpg","articleSection":["Deportes"],"inLanguage":"es","potentialAction":[{"@type":"CommentAction","name":"Comment","target":["https:\/\/diarioprincipios.com\/index.php\/2020\/05\/13\/gonzalez-garcia-dice-que-sin-contagios-el-futbol-podria-volver-antes-de-septiembre\/#respond"]}]},{"@type":"WebPage","@id":"https:\/\/diarioprincipios.com\/index.php\/2020\/05\/13\/gonzalez-garcia-dice-que-sin-contagios-el-futbol-podria-volver-antes-de-septiembre\/","url":"https:\/\/diarioprincipios.com\/index.php\/2020\/05\/13\/gonzalez-garcia-dice-que-sin-contagios-el-futbol-podria-volver-antes-de-septiembre\/","name":"Gonz\u00e1lez Garc\u00eda dice que, \"sin contagios\", el f\u00fatbol podr\u00eda volver antes de septiembre - Principios","isPartOf":{"@id":"https:\/\/diarioprincipios.com\/#website"},"primaryImageOfPage":{"@id":"https:\/\/diarioprincipios.com\/index.php\/2020\/05\/13\/gonzalez-garcia-dice-que-sin-contagios-el-futbol-podria-volver-antes-de-septiembre\/#primaryimage"},"image":{"@id":"https:\/\/diarioprincipios.com\/index.php\/2020\/05\/13\/gonzalez-garcia-dice-que-sin-contagios-el-futbol-podria-volver-antes-de-septiembre\/#primaryimage"},"thumbnailUrl":"https:\/\/diarioprincipios.com\/wp-content\/uploads\/2020\/05\/unnamed-1.jpg","datePublished":"2020-05-13T00:41:24+00:00","dateModified":"2020-05-13T00:41:57+00:00","breadcrumb":{"@id":"https:\/\/diarioprincipios.com\/index.php\/2020\/05\/13\/gonzalez-garcia-dice-que-sin-contagios-el-futbol-podria-volver-antes-de-septiembre\/#breadcrumb"},"inLanguage":"es","potentialAction":[{"@type":"ReadAction","target":["https:\/\/diarioprincipios.com\/index.php\/2020\/05\/13\/gonzalez-garcia-dice-que-sin-contagios-el-futbol-podria-volver-antes-de-septiembre\/"]}]},{"@type":"ImageObject","inLanguage":"es","@id":"https:\/\/diarioprincipios.com\/index.php\/2020\/05\/13\/gonzalez-garcia-dice-que-sin-contagios-el-futbol-podria-volver-antes-de-septiembre\/#primaryimage","url":"https:\/\/diarioprincipios.com\/wp-content\/uploads\/2020\/05\/unnamed-1.jpg","contentUrl":"https:\/\/diarioprincipios.com\/wp-content\/uploads\/2020\/05\/unnamed-1.jpg","width":512,"height":288},{"@type":"BreadcrumbList","@id":"https:\/\/diarioprincipios.com\/index.php\/2020\/05\/13\/gonzalez-garcia-dice-que-sin-contagios-el-futbol-podria-volver-antes-de-septiembre\/#breadcrumb","itemListElement":[{"@type":"ListItem","position":1,"name":"Portada","item":"https:\/\/diarioprincipios.com\/"},{"@type":"ListItem","position":2,"name":"Gonz\u00e1lez Garc\u00eda dice que, \u00absin contagios\u00bb, el f\u00fatbol podr\u00eda volver antes de septiembre"}]},{"@type":"WebSite","@id":"https:\/\/diarioprincipios.com\/#website","url":"https:\/\/diarioprincipios.com\/","name":"Principios","description":"Principios Diario","publisher":{"@id":"https:\/\/diarioprincipios.com\/#organization"},"potentialAction":[{"@type":"SearchAction","target":{"@type":"EntryPoint","urlTemplate":"https:\/\/diarioprincipios.com\/?s={search_term_string}"},"query-input":{"@type":"PropertyValueSpecification","valueRequired":true,"valueName":"search_term_string"}}],"inLanguage":"es"},{"@type":"Organization","@id":"https:\/\/diarioprincipios.com\/#organization","name":"Principios","url":"https:\/\/diarioprincipios.com\/","logo":{"@type":"ImageObject","inLanguage":"es","@id":"https:\/\/diarioprincipios.com\/#\/schema\/logo\/image\/","url":"https:\/\/diarioprincipios.com\/wp-content\/uploads\/2024\/04\/cropped-www.diarioprincipios.com_-1.png","contentUrl":"https:\/\/diarioprincipios.com\/wp-content\/uploads\/2024\/04\/cropped-www.diarioprincipios.com_-1.png","width":5325,"height":1454,"caption":"Principios"},"image":{"@id":"https:\/\/diarioprincipios.com\/#\/schema\/logo\/image\/"}},{"@type":"Person","@id":"https:\/\/diarioprincipios.com\/#\/schema\/person\/436d5a1fd41a5e250e23ff5a6a7cb080","name":"Hern\u00e1n L\u00f3pez","image":{"@type":"ImageObject","inLanguage":"es","@id":"https:\/\/diarioprincipios.com\/wp-content\/litespeed\/avatar\/11ddfe5610ff3bd100522525b2571f48.jpg?ver=1777653193","url":"https:\/\/diarioprincipios.com\/wp-content\/litespeed\/avatar\/11ddfe5610ff3bd100522525b2571f48.jpg?ver=1777653193","contentUrl":"https:\/\/diarioprincipios.com\/wp-content\/litespeed\/avatar\/11ddfe5610ff3bd100522525b2571f48.jpg?ver=1777653193","caption":"Hern\u00e1n L\u00f3pez"},"url":"https:\/\/diarioprincipios.com\/index.php\/author\/hernan\/"}]}},"jetpack_featured_media_url":"https:\/\/diarioprincipios.com\/wp-content\/uploads\/2020\/05\/unnamed-1.jpg","_links":{"self":[{"href":"https:\/\/diarioprincipios.com\/index.php\/wp-json\/wp\/v2\/posts\/1482","targetHints":{"allow":["GET"]}}],"collection":[{"href":"https:\/\/diarioprincipios.com\/index.php\/wp-json\/wp\/v2\/posts"}],"about":[{"href":"https:\/\/diarioprincipios.com\/index.php\/wp-json\/wp\/v2\/types\/post"}],"author":[{"embeddable":true,"href":"https:\/\/diarioprincipios.com\/index.php\/wp-json\/wp\/v2\/users\/2"}],"replies":[{"embeddable":true,"href":"https:\/\/diarioprincipios.com\/index.php\/wp-json\/wp\/v2\/comments?post=1482"}],"version-history":[{"count":1,"href":"https:\/\/diarioprincipios.com\/index.php\/wp-json\/wp\/v2\/posts\/1482\/revisions"}],"predecessor-version":[{"id":1484,"href":"https:\/\/diarioprincipios.com\/index.php\/wp-json\/wp\/v2\/posts\/1482\/revisions\/1484"}],"wp:featuredmedia":[{"embeddable":true,"href":"https:\/\/diarioprincipios.com\/index.php\/wp-json\/wp\/v2\/media\/1483"}],"wp:attachment":[{"href":"https:\/\/diarioprincipios.com\/index.php\/wp-json\/wp\/v2\/media?parent=1482"}],"wp:term":[{"taxonomy":"category","embeddable":true,"href":"https:\/\/diarioprincipios.com\/index.php\/wp-json\/wp\/v2\/categories?post=1482"},{"taxonomy":"post_tag","embeddable":true,"href":"https:\/\/diarioprincipios.com\/index.php\/wp-json\/wp\/v2\/tags?post=1482"}],"curies":[{"name":"wp","href":"https:\/\/api.w.org\/{rel}","templated":true}]}}