{"id":14749,"date":"2022-10-03T15:13:04","date_gmt":"2022-10-03T18:13:04","guid":{"rendered":"http:\/\/diarioprincipios.com\/?p=14749"},"modified":"2022-10-03T15:13:07","modified_gmt":"2022-10-03T18:13:07","slug":"llega-a-avellaneda-cafe-cultura-el-legado-de-maradona-en-la-provincia","status":"publish","type":"post","link":"https:\/\/diarioprincipios.com\/index.php\/2022\/10\/03\/llega-a-avellaneda-cafe-cultura-el-legado-de-maradona-en-la-provincia\/","title":{"rendered":"Llega a Avellaneda \u201cCaf\u00e9 Cultura\u201d: \u201cEl legado de Maradona en la Provincia\u201d"},"content":{"rendered":"\n<p>El <strong>Instituto Cultural de la provincia de Buenos Aires<\/strong> realizar\u00e1 una nueva edici\u00f3n del ciclo<strong> \u201cCaf\u00e9 Cultura\u201d<\/strong>. En esta ocasi\u00f3n, la tem\u00e1tica de la charla ser\u00e1 <strong>\u201cEl legado de Maradona en la Provincia\u201d<\/strong> con la exposici\u00f3n del periodista deportivo y autor del libro<em> Conocer al Diego<\/em>, <strong>Daniel Arcucci<\/strong> y la periodista y coautora\u00a0 del libro <em>Todo Diego es pol\u00edtico<\/em>, <strong>Florencia Garc\u00eda Alegre<\/strong>.<\/p>\n\n\n\n<p>La fecha para el encuentro est\u00e1 pautada para el<strong> jueves 6 de octubre a las 18:00<\/strong> en la <strong>Sede de Racing<\/strong> (Mitre 934, Avellaneda). Las entradas son libres y gratuitas.<\/p>\n\n\n\n<p>El recorrido de \u201cCaf\u00e9 Cultura\u201d por los distintos municipios de la provincia de Buenos Aires, apuesta a la participaci\u00f3n, a la escucha y a la comprensi\u00f3n de una divergencia identitaria hist\u00f3rica y existente. Reconocer la diversidad es el primer paso hacia una identidad bonaerense que acepte los entrecruzamientos de los y las vecinas de la Provincia.<\/p>\n\n\n\n<p>Desde el organismo provincial conducido por <strong>Florencia Saintout <\/strong>explicaron que \u201cel objetivo de la charla ser\u00e1 dialogar y reflexionar respecto al valor de la figura popular de Diego Armando Maradona en la provincia de Buenos Aires \u00bfY qu\u00e9 mejor lugar que hacerlo en la \u2018Capital Nacional del F\u00fatbol\u2019?\u201d.<\/p>\n\n\n\n<p>Y agregaron, \u201cse analizar\u00e1 la pasi\u00f3n y la identidad generada en lxs bonaerenses a trav\u00e9s de la figura de Maradona. A su vez, lxs expositores brindar\u00e1n sus experiencias mediante los libros en los que fueron part\u00edcipe\u201d.<\/p>\n","protected":false},"excerpt":{"rendered":"<p>El Instituto Cultural de la provincia de Buenos Aires realizar\u00e1 una nueva edici\u00f3n del ciclo \u201cCaf\u00e9 Cultura\u201d. En esta ocasi\u00f3n, la tem\u00e1tica de la charla ser\u00e1 \u201cEl legado de Maradona en la Provincia\u201d con la exposici\u00f3n del periodista deportivo y autor del libro Conocer al Diego, Daniel Arcucci y la periodista y coautora\u00a0 del libro&#8230;<\/p>\n","protected":false},"author":2,"featured_media":14750,"comment_status":"open","ping_status":"open","sticky":false,"template":"","format":"standard","meta":{"footnotes":""},"categories":[7],"tags":[],"class_list":["post-14749","post","type-post","status-publish","format-standard","has-post-thumbnail","hentry","category-provincia"],"featured_image_src":"https:\/\/diarioprincipios.com\/wp-content\/uploads\/2022\/10\/Daniel-Arcucci.jpg","blog_images":{"medium":"https:\/\/diarioprincipios.com\/wp-content\/uploads\/2022\/10\/Daniel-Arcucci-300x169.jpg","large":"https:\/\/diarioprincipios.com\/wp-content\/uploads\/2022\/10\/Daniel-Arcucci.jpg"},"ams_acf":[],"yoast_head":"<!-- This site is optimized with the Yoast SEO plugin v27.3 - https:\/\/yoast.com\/product\/yoast-seo-wordpress\/ -->\n<title>Llega a Avellaneda \u201cCaf\u00e9 Cultura\u201d: \u201cEl legado de Maradona en la Provincia\u201d - Principios<\/title>\n<meta name=\"robots\" content=\"index, follow, max-snippet:-1, max-image-preview:large, max-video-preview:-1\" \/>\n<link rel=\"canonical\" href=\"https:\/\/diarioprincipios.com\/index.php\/2022\/10\/03\/llega-a-avellaneda-cafe-cultura-el-legado-de-maradona-en-la-provincia\/\" \/>\n<meta property=\"og:locale\" content=\"es_ES\" \/>\n<meta property=\"og:type\" content=\"article\" \/>\n<meta property=\"og:title\" content=\"Llega a Avellaneda \u201cCaf\u00e9 Cultura\u201d: \u201cEl legado de Maradona en la Provincia\u201d - Principios\" \/>\n<meta property=\"og:description\" content=\"El Instituto Cultural de la provincia de Buenos Aires realizar\u00e1 una nueva edici\u00f3n del ciclo \u201cCaf\u00e9 Cultura\u201d. En esta ocasi\u00f3n, la tem\u00e1tica de la charla ser\u00e1 \u201cEl legado de Maradona en la Provincia\u201d con la exposici\u00f3n del periodista deportivo y autor del libro Conocer al Diego, Daniel Arcucci y la periodista y coautora\u00a0 del libro...\" \/>\n<meta property=\"og:url\" content=\"https:\/\/diarioprincipios.com\/index.php\/2022\/10\/03\/llega-a-avellaneda-cafe-cultura-el-legado-de-maradona-en-la-provincia\/\" \/>\n<meta property=\"og:site_name\" content=\"Principios\" \/>\n<meta property=\"article:published_time\" content=\"2022-10-03T18:13:04+00:00\" \/>\n<meta property=\"article:modified_time\" content=\"2022-10-03T18:13:07+00:00\" \/>\n<meta property=\"og:image\" content=\"https:\/\/diarioprincipios.com\/wp-content\/uploads\/2022\/10\/Daniel-Arcucci.jpg\" \/>\n\t<meta property=\"og:image:width\" content=\"980\" \/>\n\t<meta property=\"og:image:height\" content=\"552\" \/>\n\t<meta property=\"og:image:type\" content=\"image\/jpeg\" \/>\n<meta name=\"author\" content=\"Hern\u00e1n L\u00f3pez\" \/>\n<meta name=\"twitter:card\" content=\"summary_large_image\" \/>\n<meta name=\"twitter:label1\" content=\"Escrito por\" \/>\n\t<meta name=\"twitter:data1\" content=\"Hern\u00e1n L\u00f3pez\" \/>\n\t<meta name=\"twitter:label2\" content=\"Tiempo de lectura\" \/>\n\t<meta name=\"twitter:data2\" content=\"2 minutos\" \/>\n<script type=\"application\/ld+json\" class=\"yoast-schema-graph\">{\"@context\":\"https:\\\/\\\/schema.org\",\"@graph\":[{\"@type\":\"Article\",\"@id\":\"https:\\\/\\\/diarioprincipios.com\\\/index.php\\\/2022\\\/10\\\/03\\\/llega-a-avellaneda-cafe-cultura-el-legado-de-maradona-en-la-provincia\\\/#article\",\"isPartOf\":{\"@id\":\"https:\\\/\\\/diarioprincipios.com\\\/index.php\\\/2022\\\/10\\\/03\\\/llega-a-avellaneda-cafe-cultura-el-legado-de-maradona-en-la-provincia\\\/\"},\"author\":{\"name\":\"Hern\u00e1n L\u00f3pez\",\"@id\":\"https:\\\/\\\/diarioprincipios.com\\\/#\\\/schema\\\/person\\\/436d5a1fd41a5e250e23ff5a6a7cb080\"},\"headline\":\"Llega a Avellaneda \u201cCaf\u00e9 Cultura\u201d: \u201cEl legado de Maradona en la Provincia\u201d\",\"datePublished\":\"2022-10-03T18:13:04+00:00\",\"dateModified\":\"2022-10-03T18:13:07+00:00\",\"mainEntityOfPage\":{\"@id\":\"https:\\\/\\\/diarioprincipios.com\\\/index.php\\\/2022\\\/10\\\/03\\\/llega-a-avellaneda-cafe-cultura-el-legado-de-maradona-en-la-provincia\\\/\"},\"wordCount\":255,\"commentCount\":0,\"publisher\":{\"@id\":\"https:\\\/\\\/diarioprincipios.com\\\/#organization\"},\"image\":{\"@id\":\"https:\\\/\\\/diarioprincipios.com\\\/index.php\\\/2022\\\/10\\\/03\\\/llega-a-avellaneda-cafe-cultura-el-legado-de-maradona-en-la-provincia\\\/#primaryimage\"},\"thumbnailUrl\":\"https:\\\/\\\/diarioprincipios.com\\\/wp-content\\\/uploads\\\/2022\\\/10\\\/Daniel-Arcucci.jpg\",\"articleSection\":[\"Provincia\"],\"inLanguage\":\"es\",\"potentialAction\":[{\"@type\":\"CommentAction\",\"name\":\"Comment\",\"target\":[\"https:\\\/\\\/diarioprincipios.com\\\/index.php\\\/2022\\\/10\\\/03\\\/llega-a-avellaneda-cafe-cultura-el-legado-de-maradona-en-la-provincia\\\/#respond\"]}]},{\"@type\":\"WebPage\",\"@id\":\"https:\\\/\\\/diarioprincipios.com\\\/index.php\\\/2022\\\/10\\\/03\\\/llega-a-avellaneda-cafe-cultura-el-legado-de-maradona-en-la-provincia\\\/\",\"url\":\"https:\\\/\\\/diarioprincipios.com\\\/index.php\\\/2022\\\/10\\\/03\\\/llega-a-avellaneda-cafe-cultura-el-legado-de-maradona-en-la-provincia\\\/\",\"name\":\"Llega a Avellaneda \u201cCaf\u00e9 Cultura\u201d: \u201cEl legado de Maradona en la Provincia\u201d - Principios\",\"isPartOf\":{\"@id\":\"https:\\\/\\\/diarioprincipios.com\\\/#website\"},\"primaryImageOfPage\":{\"@id\":\"https:\\\/\\\/diarioprincipios.com\\\/index.php\\\/2022\\\/10\\\/03\\\/llega-a-avellaneda-cafe-cultura-el-legado-de-maradona-en-la-provincia\\\/#primaryimage\"},\"image\":{\"@id\":\"https:\\\/\\\/diarioprincipios.com\\\/index.php\\\/2022\\\/10\\\/03\\\/llega-a-avellaneda-cafe-cultura-el-legado-de-maradona-en-la-provincia\\\/#primaryimage\"},\"thumbnailUrl\":\"https:\\\/\\\/diarioprincipios.com\\\/wp-content\\\/uploads\\\/2022\\\/10\\\/Daniel-Arcucci.jpg\",\"datePublished\":\"2022-10-03T18:13:04+00:00\",\"dateModified\":\"2022-10-03T18:13:07+00:00\",\"breadcrumb\":{\"@id\":\"https:\\\/\\\/diarioprincipios.com\\\/index.php\\\/2022\\\/10\\\/03\\\/llega-a-avellaneda-cafe-cultura-el-legado-de-maradona-en-la-provincia\\\/#breadcrumb\"},\"inLanguage\":\"es\",\"potentialAction\":[{\"@type\":\"ReadAction\",\"target\":[\"https:\\\/\\\/diarioprincipios.com\\\/index.php\\\/2022\\\/10\\\/03\\\/llega-a-avellaneda-cafe-cultura-el-legado-de-maradona-en-la-provincia\\\/\"]}]},{\"@type\":\"ImageObject\",\"inLanguage\":\"es\",\"@id\":\"https:\\\/\\\/diarioprincipios.com\\\/index.php\\\/2022\\\/10\\\/03\\\/llega-a-avellaneda-cafe-cultura-el-legado-de-maradona-en-la-provincia\\\/#primaryimage\",\"url\":\"https:\\\/\\\/diarioprincipios.com\\\/wp-content\\\/uploads\\\/2022\\\/10\\\/Daniel-Arcucci.jpg\",\"contentUrl\":\"https:\\\/\\\/diarioprincipios.com\\\/wp-content\\\/uploads\\\/2022\\\/10\\\/Daniel-Arcucci.jpg\",\"width\":980,\"height\":552},{\"@type\":\"BreadcrumbList\",\"@id\":\"https:\\\/\\\/diarioprincipios.com\\\/index.php\\\/2022\\\/10\\\/03\\\/llega-a-avellaneda-cafe-cultura-el-legado-de-maradona-en-la-provincia\\\/#breadcrumb\",\"itemListElement\":[{\"@type\":\"ListItem\",\"position\":1,\"name\":\"Portada\",\"item\":\"https:\\\/\\\/diarioprincipios.com\\\/\"},{\"@type\":\"ListItem\",\"position\":2,\"name\":\"Llega a Avellaneda \u201cCaf\u00e9 Cultura\u201d: \u201cEl legado de Maradona en la Provincia\u201d\"}]},{\"@type\":\"WebSite\",\"@id\":\"https:\\\/\\\/diarioprincipios.com\\\/#website\",\"url\":\"https:\\\/\\\/diarioprincipios.com\\\/\",\"name\":\"Principios\",\"description\":\"Principios Diario\",\"publisher\":{\"@id\":\"https:\\\/\\\/diarioprincipios.com\\\/#organization\"},\"potentialAction\":[{\"@type\":\"SearchAction\",\"target\":{\"@type\":\"EntryPoint\",\"urlTemplate\":\"https:\\\/\\\/diarioprincipios.com\\\/?s={search_term_string}\"},\"query-input\":{\"@type\":\"PropertyValueSpecification\",\"valueRequired\":true,\"valueName\":\"search_term_string\"}}],\"inLanguage\":\"es\"},{\"@type\":\"Organization\",\"@id\":\"https:\\\/\\\/diarioprincipios.com\\\/#organization\",\"name\":\"Principios\",\"url\":\"https:\\\/\\\/diarioprincipios.com\\\/\",\"logo\":{\"@type\":\"ImageObject\",\"inLanguage\":\"es\",\"@id\":\"https:\\\/\\\/diarioprincipios.com\\\/#\\\/schema\\\/logo\\\/image\\\/\",\"url\":\"https:\\\/\\\/diarioprincipios.com\\\/wp-content\\\/uploads\\\/2024\\\/04\\\/cropped-www.diarioprincipios.com_-1.png\",\"contentUrl\":\"https:\\\/\\\/diarioprincipios.com\\\/wp-content\\\/uploads\\\/2024\\\/04\\\/cropped-www.diarioprincipios.com_-1.png\",\"width\":5325,\"height\":1454,\"caption\":\"Principios\"},\"image\":{\"@id\":\"https:\\\/\\\/diarioprincipios.com\\\/#\\\/schema\\\/logo\\\/image\\\/\"}},{\"@type\":\"Person\",\"@id\":\"https:\\\/\\\/diarioprincipios.com\\\/#\\\/schema\\\/person\\\/436d5a1fd41a5e250e23ff5a6a7cb080\",\"name\":\"Hern\u00e1n L\u00f3pez\",\"image\":{\"@type\":\"ImageObject\",\"inLanguage\":\"es\",\"@id\":\"https:\\\/\\\/diarioprincipios.com\\\/wp-content\\\/litespeed\\\/avatar\\\/11ddfe5610ff3bd100522525b2571f48.jpg?ver=1777048341\",\"url\":\"https:\\\/\\\/diarioprincipios.com\\\/wp-content\\\/litespeed\\\/avatar\\\/11ddfe5610ff3bd100522525b2571f48.jpg?ver=1777048341\",\"contentUrl\":\"https:\\\/\\\/diarioprincipios.com\\\/wp-content\\\/litespeed\\\/avatar\\\/11ddfe5610ff3bd100522525b2571f48.jpg?ver=1777048341\",\"caption\":\"Hern\u00e1n L\u00f3pez\"},\"url\":\"https:\\\/\\\/diarioprincipios.com\\\/index.php\\\/author\\\/hernan\\\/\"}]}<\/script>\n<!-- \/ Yoast SEO plugin. -->","yoast_head_json":{"title":"Llega a Avellaneda \u201cCaf\u00e9 Cultura\u201d: \u201cEl legado de Maradona en la Provincia\u201d - Principios","robots":{"index":"index","follow":"follow","max-snippet":"max-snippet:-1","max-image-preview":"max-image-preview:large","max-video-preview":"max-video-preview:-1"},"canonical":"https:\/\/diarioprincipios.com\/index.php\/2022\/10\/03\/llega-a-avellaneda-cafe-cultura-el-legado-de-maradona-en-la-provincia\/","og_locale":"es_ES","og_type":"article","og_title":"Llega a Avellaneda \u201cCaf\u00e9 Cultura\u201d: \u201cEl legado de Maradona en la Provincia\u201d - Principios","og_description":"El Instituto Cultural de la provincia de Buenos Aires realizar\u00e1 una nueva edici\u00f3n del ciclo \u201cCaf\u00e9 Cultura\u201d. En esta ocasi\u00f3n, la tem\u00e1tica de la charla ser\u00e1 \u201cEl legado de Maradona en la Provincia\u201d con la exposici\u00f3n del periodista deportivo y autor del libro Conocer al Diego, Daniel Arcucci y la periodista y coautora\u00a0 del libro...","og_url":"https:\/\/diarioprincipios.com\/index.php\/2022\/10\/03\/llega-a-avellaneda-cafe-cultura-el-legado-de-maradona-en-la-provincia\/","og_site_name":"Principios","article_published_time":"2022-10-03T18:13:04+00:00","article_modified_time":"2022-10-03T18:13:07+00:00","og_image":[{"width":980,"height":552,"url":"https:\/\/diarioprincipios.com\/wp-content\/uploads\/2022\/10\/Daniel-Arcucci.jpg","type":"image\/jpeg"}],"author":"Hern\u00e1n L\u00f3pez","twitter_card":"summary_large_image","twitter_misc":{"Escrito por":"Hern\u00e1n L\u00f3pez","Tiempo de lectura":"2 minutos"},"schema":{"@context":"https:\/\/schema.org","@graph":[{"@type":"Article","@id":"https:\/\/diarioprincipios.com\/index.php\/2022\/10\/03\/llega-a-avellaneda-cafe-cultura-el-legado-de-maradona-en-la-provincia\/#article","isPartOf":{"@id":"https:\/\/diarioprincipios.com\/index.php\/2022\/10\/03\/llega-a-avellaneda-cafe-cultura-el-legado-de-maradona-en-la-provincia\/"},"author":{"name":"Hern\u00e1n L\u00f3pez","@id":"https:\/\/diarioprincipios.com\/#\/schema\/person\/436d5a1fd41a5e250e23ff5a6a7cb080"},"headline":"Llega a Avellaneda \u201cCaf\u00e9 Cultura\u201d: \u201cEl legado de Maradona en la Provincia\u201d","datePublished":"2022-10-03T18:13:04+00:00","dateModified":"2022-10-03T18:13:07+00:00","mainEntityOfPage":{"@id":"https:\/\/diarioprincipios.com\/index.php\/2022\/10\/03\/llega-a-avellaneda-cafe-cultura-el-legado-de-maradona-en-la-provincia\/"},"wordCount":255,"commentCount":0,"publisher":{"@id":"https:\/\/diarioprincipios.com\/#organization"},"image":{"@id":"https:\/\/diarioprincipios.com\/index.php\/2022\/10\/03\/llega-a-avellaneda-cafe-cultura-el-legado-de-maradona-en-la-provincia\/#primaryimage"},"thumbnailUrl":"https:\/\/diarioprincipios.com\/wp-content\/uploads\/2022\/10\/Daniel-Arcucci.jpg","articleSection":["Provincia"],"inLanguage":"es","potentialAction":[{"@type":"CommentAction","name":"Comment","target":["https:\/\/diarioprincipios.com\/index.php\/2022\/10\/03\/llega-a-avellaneda-cafe-cultura-el-legado-de-maradona-en-la-provincia\/#respond"]}]},{"@type":"WebPage","@id":"https:\/\/diarioprincipios.com\/index.php\/2022\/10\/03\/llega-a-avellaneda-cafe-cultura-el-legado-de-maradona-en-la-provincia\/","url":"https:\/\/diarioprincipios.com\/index.php\/2022\/10\/03\/llega-a-avellaneda-cafe-cultura-el-legado-de-maradona-en-la-provincia\/","name":"Llega a Avellaneda \u201cCaf\u00e9 Cultura\u201d: \u201cEl legado de Maradona en la Provincia\u201d - Principios","isPartOf":{"@id":"https:\/\/diarioprincipios.com\/#website"},"primaryImageOfPage":{"@id":"https:\/\/diarioprincipios.com\/index.php\/2022\/10\/03\/llega-a-avellaneda-cafe-cultura-el-legado-de-maradona-en-la-provincia\/#primaryimage"},"image":{"@id":"https:\/\/diarioprincipios.com\/index.php\/2022\/10\/03\/llega-a-avellaneda-cafe-cultura-el-legado-de-maradona-en-la-provincia\/#primaryimage"},"thumbnailUrl":"https:\/\/diarioprincipios.com\/wp-content\/uploads\/2022\/10\/Daniel-Arcucci.jpg","datePublished":"2022-10-03T18:13:04+00:00","dateModified":"2022-10-03T18:13:07+00:00","breadcrumb":{"@id":"https:\/\/diarioprincipios.com\/index.php\/2022\/10\/03\/llega-a-avellaneda-cafe-cultura-el-legado-de-maradona-en-la-provincia\/#breadcrumb"},"inLanguage":"es","potentialAction":[{"@type":"ReadAction","target":["https:\/\/diarioprincipios.com\/index.php\/2022\/10\/03\/llega-a-avellaneda-cafe-cultura-el-legado-de-maradona-en-la-provincia\/"]}]},{"@type":"ImageObject","inLanguage":"es","@id":"https:\/\/diarioprincipios.com\/index.php\/2022\/10\/03\/llega-a-avellaneda-cafe-cultura-el-legado-de-maradona-en-la-provincia\/#primaryimage","url":"https:\/\/diarioprincipios.com\/wp-content\/uploads\/2022\/10\/Daniel-Arcucci.jpg","contentUrl":"https:\/\/diarioprincipios.com\/wp-content\/uploads\/2022\/10\/Daniel-Arcucci.jpg","width":980,"height":552},{"@type":"BreadcrumbList","@id":"https:\/\/diarioprincipios.com\/index.php\/2022\/10\/03\/llega-a-avellaneda-cafe-cultura-el-legado-de-maradona-en-la-provincia\/#breadcrumb","itemListElement":[{"@type":"ListItem","position":1,"name":"Portada","item":"https:\/\/diarioprincipios.com\/"},{"@type":"ListItem","position":2,"name":"Llega a Avellaneda \u201cCaf\u00e9 Cultura\u201d: \u201cEl legado de Maradona en la Provincia\u201d"}]},{"@type":"WebSite","@id":"https:\/\/diarioprincipios.com\/#website","url":"https:\/\/diarioprincipios.com\/","name":"Principios","description":"Principios Diario","publisher":{"@id":"https:\/\/diarioprincipios.com\/#organization"},"potentialAction":[{"@type":"SearchAction","target":{"@type":"EntryPoint","urlTemplate":"https:\/\/diarioprincipios.com\/?s={search_term_string}"},"query-input":{"@type":"PropertyValueSpecification","valueRequired":true,"valueName":"search_term_string"}}],"inLanguage":"es"},{"@type":"Organization","@id":"https:\/\/diarioprincipios.com\/#organization","name":"Principios","url":"https:\/\/diarioprincipios.com\/","logo":{"@type":"ImageObject","inLanguage":"es","@id":"https:\/\/diarioprincipios.com\/#\/schema\/logo\/image\/","url":"https:\/\/diarioprincipios.com\/wp-content\/uploads\/2024\/04\/cropped-www.diarioprincipios.com_-1.png","contentUrl":"https:\/\/diarioprincipios.com\/wp-content\/uploads\/2024\/04\/cropped-www.diarioprincipios.com_-1.png","width":5325,"height":1454,"caption":"Principios"},"image":{"@id":"https:\/\/diarioprincipios.com\/#\/schema\/logo\/image\/"}},{"@type":"Person","@id":"https:\/\/diarioprincipios.com\/#\/schema\/person\/436d5a1fd41a5e250e23ff5a6a7cb080","name":"Hern\u00e1n L\u00f3pez","image":{"@type":"ImageObject","inLanguage":"es","@id":"https:\/\/diarioprincipios.com\/wp-content\/litespeed\/avatar\/11ddfe5610ff3bd100522525b2571f48.jpg?ver=1777048341","url":"https:\/\/diarioprincipios.com\/wp-content\/litespeed\/avatar\/11ddfe5610ff3bd100522525b2571f48.jpg?ver=1777048341","contentUrl":"https:\/\/diarioprincipios.com\/wp-content\/litespeed\/avatar\/11ddfe5610ff3bd100522525b2571f48.jpg?ver=1777048341","caption":"Hern\u00e1n L\u00f3pez"},"url":"https:\/\/diarioprincipios.com\/index.php\/author\/hernan\/"}]}},"jetpack_featured_media_url":"https:\/\/diarioprincipios.com\/wp-content\/uploads\/2022\/10\/Daniel-Arcucci.jpg","_links":{"self":[{"href":"https:\/\/diarioprincipios.com\/index.php\/wp-json\/wp\/v2\/posts\/14749","targetHints":{"allow":["GET"]}}],"collection":[{"href":"https:\/\/diarioprincipios.com\/index.php\/wp-json\/wp\/v2\/posts"}],"about":[{"href":"https:\/\/diarioprincipios.com\/index.php\/wp-json\/wp\/v2\/types\/post"}],"author":[{"embeddable":true,"href":"https:\/\/diarioprincipios.com\/index.php\/wp-json\/wp\/v2\/users\/2"}],"replies":[{"embeddable":true,"href":"https:\/\/diarioprincipios.com\/index.php\/wp-json\/wp\/v2\/comments?post=14749"}],"version-history":[{"count":1,"href":"https:\/\/diarioprincipios.com\/index.php\/wp-json\/wp\/v2\/posts\/14749\/revisions"}],"predecessor-version":[{"id":14751,"href":"https:\/\/diarioprincipios.com\/index.php\/wp-json\/wp\/v2\/posts\/14749\/revisions\/14751"}],"wp:featuredmedia":[{"embeddable":true,"href":"https:\/\/diarioprincipios.com\/index.php\/wp-json\/wp\/v2\/media\/14750"}],"wp:attachment":[{"href":"https:\/\/diarioprincipios.com\/index.php\/wp-json\/wp\/v2\/media?parent=14749"}],"wp:term":[{"taxonomy":"category","embeddable":true,"href":"https:\/\/diarioprincipios.com\/index.php\/wp-json\/wp\/v2\/categories?post=14749"},{"taxonomy":"post_tag","embeddable":true,"href":"https:\/\/diarioprincipios.com\/index.php\/wp-json\/wp\/v2\/tags?post=14749"}],"curies":[{"name":"wp","href":"https:\/\/api.w.org\/{rel}","templated":true}]}}