{"id":14739,"date":"2022-10-02T21:33:16","date_gmt":"2022-10-03T00:33:16","guid":{"rendered":"http:\/\/diarioprincipios.com\/?p=14739"},"modified":"2022-10-02T22:50:06","modified_gmt":"2022-10-03T01:50:06","slug":"importantes-logros-de-joven-atleta-berazateguense-en-mar-del-plata-y-rosario","status":"publish","type":"post","link":"https:\/\/diarioprincipios.com\/index.php\/2022\/10\/02\/importantes-logros-de-joven-atleta-berazateguense-en-mar-del-plata-y-rosario\/","title":{"rendered":"Importantes logros de joven atleta berazateguense en Mar Del Plata y Rosario"},"content":{"rendered":"\n<p>Importantes logros de joven atleta berazateguense en Mar Del Plata y Rosario<\/p>\n\n\n\n<p>Fabiana \u00abLa China\u00bb Gramajo, j\u00f3ven atleta mefio fondista de Berazategui, obtuvo recientemente importantes logros en destacadas competencias de las que particip\u00f3 en las ciudades de Mar Del Plata primero y luego tambi\u00e9n en Rosario.<\/p>\n\n\n\n<p>Despu\u00e9s de consagrarse en el Campeonato Nacional de Clubes Campeones de Argentina en Mar Del Plata en la categoria mediofondista 800 metros, \u00abLa China\u00bb consigui\u00f3 un importante triunfo tambi\u00e9n en el meeting de Rosario, donde gan\u00f3 en la misma especialidad.<\/p>\n\n\n\n<p>\u00abFabi\u00bb como la llaman sus amigos, es una prominente corredora que como tantos otros atletas le ponen todo su esfuerzo y dedicaci\u00f3n a la disciplina deportiva que aman.<\/p>\n\n\n\n<p>Una de las dificultades que afronta \u00abLa China\u00bb es la de conseguir el respaldo econ\u00f3mico necesario para continuar participando en los diferentes torneos a la que es invitada, por eso se est\u00e1 procurando conseguir sponsor que puedan acompa\u00f1arla.<\/p>\n","protected":false},"excerpt":{"rendered":"<p>Importantes logros de joven atleta berazateguense en Mar Del Plata y Rosario Fabiana \u00abLa China\u00bb Gramajo, j\u00f3ven atleta mefio fondista de Berazategui, obtuvo recientemente importantes logros en destacadas competencias de las que particip\u00f3 en las ciudades de Mar Del Plata primero y luego tambi\u00e9n en Rosario. Despu\u00e9s de consagrarse en el Campeonato Nacional de Clubes&#8230;<\/p>\n","protected":false},"author":2,"featured_media":14747,"comment_status":"open","ping_status":"open","sticky":false,"template":"","format":"standard","meta":{"footnotes":""},"categories":[6],"tags":[],"class_list":["post-14739","post","type-post","status-publish","format-standard","has-post-thumbnail","hentry","category-deportes"],"featured_image_src":"https:\/\/diarioprincipios.com\/wp-content\/uploads\/2022\/10\/corredora1-4-1024x633.jpg","blog_images":{"medium":"https:\/\/diarioprincipios.com\/wp-content\/uploads\/2022\/10\/corredora1-4-300x186.jpg","large":"https:\/\/diarioprincipios.com\/wp-content\/uploads\/2022\/10\/corredora1-4-1024x633.jpg"},"ams_acf":[],"yoast_head":"<!-- This site is optimized with the Yoast SEO plugin v27.3 - https:\/\/yoast.com\/product\/yoast-seo-wordpress\/ -->\n<title>Importantes logros de joven atleta berazateguense en Mar Del Plata y Rosario - Principios<\/title>\n<meta name=\"robots\" content=\"index, follow, max-snippet:-1, max-image-preview:large, max-video-preview:-1\" \/>\n<link rel=\"canonical\" href=\"https:\/\/diarioprincipios.com\/index.php\/2022\/10\/02\/importantes-logros-de-joven-atleta-berazateguense-en-mar-del-plata-y-rosario\/\" \/>\n<meta property=\"og:locale\" content=\"es_ES\" \/>\n<meta property=\"og:type\" content=\"article\" \/>\n<meta property=\"og:title\" content=\"Importantes logros de joven atleta berazateguense en Mar Del Plata y Rosario - Principios\" \/>\n<meta property=\"og:description\" content=\"Importantes logros de joven atleta berazateguense en Mar Del Plata y Rosario Fabiana \u00abLa China\u00bb Gramajo, j\u00f3ven atleta mefio fondista de Berazategui, obtuvo recientemente importantes logros en destacadas competencias de las que particip\u00f3 en las ciudades de Mar Del Plata primero y luego tambi\u00e9n en Rosario. Despu\u00e9s de consagrarse en el Campeonato Nacional de Clubes...\" \/>\n<meta property=\"og:url\" content=\"https:\/\/diarioprincipios.com\/index.php\/2022\/10\/02\/importantes-logros-de-joven-atleta-berazateguense-en-mar-del-plata-y-rosario\/\" \/>\n<meta property=\"og:site_name\" content=\"Principios\" \/>\n<meta property=\"article:published_time\" content=\"2022-10-03T00:33:16+00:00\" \/>\n<meta property=\"article:modified_time\" content=\"2022-10-03T01:50:06+00:00\" \/>\n<meta property=\"og:image\" content=\"https:\/\/diarioprincipios.com\/wp-content\/uploads\/2022\/10\/corredora1-4.jpg\" \/>\n\t<meta property=\"og:image:width\" content=\"1069\" \/>\n\t<meta property=\"og:image:height\" content=\"661\" \/>\n\t<meta property=\"og:image:type\" content=\"image\/jpeg\" \/>\n<meta name=\"author\" content=\"Hern\u00e1n L\u00f3pez\" \/>\n<meta name=\"twitter:card\" content=\"summary_large_image\" \/>\n<meta name=\"twitter:label1\" content=\"Escrito por\" \/>\n\t<meta name=\"twitter:data1\" content=\"Hern\u00e1n L\u00f3pez\" \/>\n\t<meta name=\"twitter:label2\" content=\"Tiempo de lectura\" \/>\n\t<meta name=\"twitter:data2\" content=\"1 minuto\" \/>\n<script type=\"application\/ld+json\" class=\"yoast-schema-graph\">{\"@context\":\"https:\\\/\\\/schema.org\",\"@graph\":[{\"@type\":\"Article\",\"@id\":\"https:\\\/\\\/diarioprincipios.com\\\/index.php\\\/2022\\\/10\\\/02\\\/importantes-logros-de-joven-atleta-berazateguense-en-mar-del-plata-y-rosario\\\/#article\",\"isPartOf\":{\"@id\":\"https:\\\/\\\/diarioprincipios.com\\\/index.php\\\/2022\\\/10\\\/02\\\/importantes-logros-de-joven-atleta-berazateguense-en-mar-del-plata-y-rosario\\\/\"},\"author\":{\"name\":\"Hern\u00e1n L\u00f3pez\",\"@id\":\"https:\\\/\\\/diarioprincipios.com\\\/#\\\/schema\\\/person\\\/436d5a1fd41a5e250e23ff5a6a7cb080\"},\"headline\":\"Importantes logros de joven atleta berazateguense en Mar Del Plata y Rosario\",\"datePublished\":\"2022-10-03T00:33:16+00:00\",\"dateModified\":\"2022-10-03T01:50:06+00:00\",\"mainEntityOfPage\":{\"@id\":\"https:\\\/\\\/diarioprincipios.com\\\/index.php\\\/2022\\\/10\\\/02\\\/importantes-logros-de-joven-atleta-berazateguense-en-mar-del-plata-y-rosario\\\/\"},\"wordCount\":170,\"commentCount\":0,\"publisher\":{\"@id\":\"https:\\\/\\\/diarioprincipios.com\\\/#organization\"},\"image\":{\"@id\":\"https:\\\/\\\/diarioprincipios.com\\\/index.php\\\/2022\\\/10\\\/02\\\/importantes-logros-de-joven-atleta-berazateguense-en-mar-del-plata-y-rosario\\\/#primaryimage\"},\"thumbnailUrl\":\"https:\\\/\\\/diarioprincipios.com\\\/wp-content\\\/uploads\\\/2022\\\/10\\\/corredora1-4.jpg\",\"articleSection\":[\"Deportes\"],\"inLanguage\":\"es\",\"potentialAction\":[{\"@type\":\"CommentAction\",\"name\":\"Comment\",\"target\":[\"https:\\\/\\\/diarioprincipios.com\\\/index.php\\\/2022\\\/10\\\/02\\\/importantes-logros-de-joven-atleta-berazateguense-en-mar-del-plata-y-rosario\\\/#respond\"]}]},{\"@type\":\"WebPage\",\"@id\":\"https:\\\/\\\/diarioprincipios.com\\\/index.php\\\/2022\\\/10\\\/02\\\/importantes-logros-de-joven-atleta-berazateguense-en-mar-del-plata-y-rosario\\\/\",\"url\":\"https:\\\/\\\/diarioprincipios.com\\\/index.php\\\/2022\\\/10\\\/02\\\/importantes-logros-de-joven-atleta-berazateguense-en-mar-del-plata-y-rosario\\\/\",\"name\":\"Importantes logros de joven atleta berazateguense en Mar Del Plata y Rosario - Principios\",\"isPartOf\":{\"@id\":\"https:\\\/\\\/diarioprincipios.com\\\/#website\"},\"primaryImageOfPage\":{\"@id\":\"https:\\\/\\\/diarioprincipios.com\\\/index.php\\\/2022\\\/10\\\/02\\\/importantes-logros-de-joven-atleta-berazateguense-en-mar-del-plata-y-rosario\\\/#primaryimage\"},\"image\":{\"@id\":\"https:\\\/\\\/diarioprincipios.com\\\/index.php\\\/2022\\\/10\\\/02\\\/importantes-logros-de-joven-atleta-berazateguense-en-mar-del-plata-y-rosario\\\/#primaryimage\"},\"thumbnailUrl\":\"https:\\\/\\\/diarioprincipios.com\\\/wp-content\\\/uploads\\\/2022\\\/10\\\/corredora1-4.jpg\",\"datePublished\":\"2022-10-03T00:33:16+00:00\",\"dateModified\":\"2022-10-03T01:50:06+00:00\",\"breadcrumb\":{\"@id\":\"https:\\\/\\\/diarioprincipios.com\\\/index.php\\\/2022\\\/10\\\/02\\\/importantes-logros-de-joven-atleta-berazateguense-en-mar-del-plata-y-rosario\\\/#breadcrumb\"},\"inLanguage\":\"es\",\"potentialAction\":[{\"@type\":\"ReadAction\",\"target\":[\"https:\\\/\\\/diarioprincipios.com\\\/index.php\\\/2022\\\/10\\\/02\\\/importantes-logros-de-joven-atleta-berazateguense-en-mar-del-plata-y-rosario\\\/\"]}]},{\"@type\":\"ImageObject\",\"inLanguage\":\"es\",\"@id\":\"https:\\\/\\\/diarioprincipios.com\\\/index.php\\\/2022\\\/10\\\/02\\\/importantes-logros-de-joven-atleta-berazateguense-en-mar-del-plata-y-rosario\\\/#primaryimage\",\"url\":\"https:\\\/\\\/diarioprincipios.com\\\/wp-content\\\/uploads\\\/2022\\\/10\\\/corredora1-4.jpg\",\"contentUrl\":\"https:\\\/\\\/diarioprincipios.com\\\/wp-content\\\/uploads\\\/2022\\\/10\\\/corredora1-4.jpg\",\"width\":1069,\"height\":661},{\"@type\":\"BreadcrumbList\",\"@id\":\"https:\\\/\\\/diarioprincipios.com\\\/index.php\\\/2022\\\/10\\\/02\\\/importantes-logros-de-joven-atleta-berazateguense-en-mar-del-plata-y-rosario\\\/#breadcrumb\",\"itemListElement\":[{\"@type\":\"ListItem\",\"position\":1,\"name\":\"Portada\",\"item\":\"https:\\\/\\\/diarioprincipios.com\\\/\"},{\"@type\":\"ListItem\",\"position\":2,\"name\":\"Importantes logros de joven atleta berazateguense en Mar Del Plata y Rosario\"}]},{\"@type\":\"WebSite\",\"@id\":\"https:\\\/\\\/diarioprincipios.com\\\/#website\",\"url\":\"https:\\\/\\\/diarioprincipios.com\\\/\",\"name\":\"Principios\",\"description\":\"Principios Diario\",\"publisher\":{\"@id\":\"https:\\\/\\\/diarioprincipios.com\\\/#organization\"},\"potentialAction\":[{\"@type\":\"SearchAction\",\"target\":{\"@type\":\"EntryPoint\",\"urlTemplate\":\"https:\\\/\\\/diarioprincipios.com\\\/?s={search_term_string}\"},\"query-input\":{\"@type\":\"PropertyValueSpecification\",\"valueRequired\":true,\"valueName\":\"search_term_string\"}}],\"inLanguage\":\"es\"},{\"@type\":\"Organization\",\"@id\":\"https:\\\/\\\/diarioprincipios.com\\\/#organization\",\"name\":\"Principios\",\"url\":\"https:\\\/\\\/diarioprincipios.com\\\/\",\"logo\":{\"@type\":\"ImageObject\",\"inLanguage\":\"es\",\"@id\":\"https:\\\/\\\/diarioprincipios.com\\\/#\\\/schema\\\/logo\\\/image\\\/\",\"url\":\"https:\\\/\\\/diarioprincipios.com\\\/wp-content\\\/uploads\\\/2024\\\/04\\\/cropped-www.diarioprincipios.com_-1.png\",\"contentUrl\":\"https:\\\/\\\/diarioprincipios.com\\\/wp-content\\\/uploads\\\/2024\\\/04\\\/cropped-www.diarioprincipios.com_-1.png\",\"width\":5325,\"height\":1454,\"caption\":\"Principios\"},\"image\":{\"@id\":\"https:\\\/\\\/diarioprincipios.com\\\/#\\\/schema\\\/logo\\\/image\\\/\"}},{\"@type\":\"Person\",\"@id\":\"https:\\\/\\\/diarioprincipios.com\\\/#\\\/schema\\\/person\\\/436d5a1fd41a5e250e23ff5a6a7cb080\",\"name\":\"Hern\u00e1n L\u00f3pez\",\"image\":{\"@type\":\"ImageObject\",\"inLanguage\":\"es\",\"@id\":\"https:\\\/\\\/diarioprincipios.com\\\/wp-content\\\/litespeed\\\/avatar\\\/11ddfe5610ff3bd100522525b2571f48.jpg?ver=1777048341\",\"url\":\"https:\\\/\\\/diarioprincipios.com\\\/wp-content\\\/litespeed\\\/avatar\\\/11ddfe5610ff3bd100522525b2571f48.jpg?ver=1777048341\",\"contentUrl\":\"https:\\\/\\\/diarioprincipios.com\\\/wp-content\\\/litespeed\\\/avatar\\\/11ddfe5610ff3bd100522525b2571f48.jpg?ver=1777048341\",\"caption\":\"Hern\u00e1n L\u00f3pez\"},\"url\":\"https:\\\/\\\/diarioprincipios.com\\\/index.php\\\/author\\\/hernan\\\/\"}]}<\/script>\n<!-- \/ Yoast SEO plugin. -->","yoast_head_json":{"title":"Importantes logros de joven atleta berazateguense en Mar Del Plata y Rosario - Principios","robots":{"index":"index","follow":"follow","max-snippet":"max-snippet:-1","max-image-preview":"max-image-preview:large","max-video-preview":"max-video-preview:-1"},"canonical":"https:\/\/diarioprincipios.com\/index.php\/2022\/10\/02\/importantes-logros-de-joven-atleta-berazateguense-en-mar-del-plata-y-rosario\/","og_locale":"es_ES","og_type":"article","og_title":"Importantes logros de joven atleta berazateguense en Mar Del Plata y Rosario - Principios","og_description":"Importantes logros de joven atleta berazateguense en Mar Del Plata y Rosario Fabiana \u00abLa China\u00bb Gramajo, j\u00f3ven atleta mefio fondista de Berazategui, obtuvo recientemente importantes logros en destacadas competencias de las que particip\u00f3 en las ciudades de Mar Del Plata primero y luego tambi\u00e9n en Rosario. Despu\u00e9s de consagrarse en el Campeonato Nacional de Clubes...","og_url":"https:\/\/diarioprincipios.com\/index.php\/2022\/10\/02\/importantes-logros-de-joven-atleta-berazateguense-en-mar-del-plata-y-rosario\/","og_site_name":"Principios","article_published_time":"2022-10-03T00:33:16+00:00","article_modified_time":"2022-10-03T01:50:06+00:00","og_image":[{"width":1069,"height":661,"url":"https:\/\/diarioprincipios.com\/wp-content\/uploads\/2022\/10\/corredora1-4.jpg","type":"image\/jpeg"}],"author":"Hern\u00e1n L\u00f3pez","twitter_card":"summary_large_image","twitter_misc":{"Escrito por":"Hern\u00e1n L\u00f3pez","Tiempo de lectura":"1 minuto"},"schema":{"@context":"https:\/\/schema.org","@graph":[{"@type":"Article","@id":"https:\/\/diarioprincipios.com\/index.php\/2022\/10\/02\/importantes-logros-de-joven-atleta-berazateguense-en-mar-del-plata-y-rosario\/#article","isPartOf":{"@id":"https:\/\/diarioprincipios.com\/index.php\/2022\/10\/02\/importantes-logros-de-joven-atleta-berazateguense-en-mar-del-plata-y-rosario\/"},"author":{"name":"Hern\u00e1n L\u00f3pez","@id":"https:\/\/diarioprincipios.com\/#\/schema\/person\/436d5a1fd41a5e250e23ff5a6a7cb080"},"headline":"Importantes logros de joven atleta berazateguense en Mar Del Plata y Rosario","datePublished":"2022-10-03T00:33:16+00:00","dateModified":"2022-10-03T01:50:06+00:00","mainEntityOfPage":{"@id":"https:\/\/diarioprincipios.com\/index.php\/2022\/10\/02\/importantes-logros-de-joven-atleta-berazateguense-en-mar-del-plata-y-rosario\/"},"wordCount":170,"commentCount":0,"publisher":{"@id":"https:\/\/diarioprincipios.com\/#organization"},"image":{"@id":"https:\/\/diarioprincipios.com\/index.php\/2022\/10\/02\/importantes-logros-de-joven-atleta-berazateguense-en-mar-del-plata-y-rosario\/#primaryimage"},"thumbnailUrl":"https:\/\/diarioprincipios.com\/wp-content\/uploads\/2022\/10\/corredora1-4.jpg","articleSection":["Deportes"],"inLanguage":"es","potentialAction":[{"@type":"CommentAction","name":"Comment","target":["https:\/\/diarioprincipios.com\/index.php\/2022\/10\/02\/importantes-logros-de-joven-atleta-berazateguense-en-mar-del-plata-y-rosario\/#respond"]}]},{"@type":"WebPage","@id":"https:\/\/diarioprincipios.com\/index.php\/2022\/10\/02\/importantes-logros-de-joven-atleta-berazateguense-en-mar-del-plata-y-rosario\/","url":"https:\/\/diarioprincipios.com\/index.php\/2022\/10\/02\/importantes-logros-de-joven-atleta-berazateguense-en-mar-del-plata-y-rosario\/","name":"Importantes logros de joven atleta berazateguense en Mar Del Plata y Rosario - Principios","isPartOf":{"@id":"https:\/\/diarioprincipios.com\/#website"},"primaryImageOfPage":{"@id":"https:\/\/diarioprincipios.com\/index.php\/2022\/10\/02\/importantes-logros-de-joven-atleta-berazateguense-en-mar-del-plata-y-rosario\/#primaryimage"},"image":{"@id":"https:\/\/diarioprincipios.com\/index.php\/2022\/10\/02\/importantes-logros-de-joven-atleta-berazateguense-en-mar-del-plata-y-rosario\/#primaryimage"},"thumbnailUrl":"https:\/\/diarioprincipios.com\/wp-content\/uploads\/2022\/10\/corredora1-4.jpg","datePublished":"2022-10-03T00:33:16+00:00","dateModified":"2022-10-03T01:50:06+00:00","breadcrumb":{"@id":"https:\/\/diarioprincipios.com\/index.php\/2022\/10\/02\/importantes-logros-de-joven-atleta-berazateguense-en-mar-del-plata-y-rosario\/#breadcrumb"},"inLanguage":"es","potentialAction":[{"@type":"ReadAction","target":["https:\/\/diarioprincipios.com\/index.php\/2022\/10\/02\/importantes-logros-de-joven-atleta-berazateguense-en-mar-del-plata-y-rosario\/"]}]},{"@type":"ImageObject","inLanguage":"es","@id":"https:\/\/diarioprincipios.com\/index.php\/2022\/10\/02\/importantes-logros-de-joven-atleta-berazateguense-en-mar-del-plata-y-rosario\/#primaryimage","url":"https:\/\/diarioprincipios.com\/wp-content\/uploads\/2022\/10\/corredora1-4.jpg","contentUrl":"https:\/\/diarioprincipios.com\/wp-content\/uploads\/2022\/10\/corredora1-4.jpg","width":1069,"height":661},{"@type":"BreadcrumbList","@id":"https:\/\/diarioprincipios.com\/index.php\/2022\/10\/02\/importantes-logros-de-joven-atleta-berazateguense-en-mar-del-plata-y-rosario\/#breadcrumb","itemListElement":[{"@type":"ListItem","position":1,"name":"Portada","item":"https:\/\/diarioprincipios.com\/"},{"@type":"ListItem","position":2,"name":"Importantes logros de joven atleta berazateguense en Mar Del Plata y Rosario"}]},{"@type":"WebSite","@id":"https:\/\/diarioprincipios.com\/#website","url":"https:\/\/diarioprincipios.com\/","name":"Principios","description":"Principios Diario","publisher":{"@id":"https:\/\/diarioprincipios.com\/#organization"},"potentialAction":[{"@type":"SearchAction","target":{"@type":"EntryPoint","urlTemplate":"https:\/\/diarioprincipios.com\/?s={search_term_string}"},"query-input":{"@type":"PropertyValueSpecification","valueRequired":true,"valueName":"search_term_string"}}],"inLanguage":"es"},{"@type":"Organization","@id":"https:\/\/diarioprincipios.com\/#organization","name":"Principios","url":"https:\/\/diarioprincipios.com\/","logo":{"@type":"ImageObject","inLanguage":"es","@id":"https:\/\/diarioprincipios.com\/#\/schema\/logo\/image\/","url":"https:\/\/diarioprincipios.com\/wp-content\/uploads\/2024\/04\/cropped-www.diarioprincipios.com_-1.png","contentUrl":"https:\/\/diarioprincipios.com\/wp-content\/uploads\/2024\/04\/cropped-www.diarioprincipios.com_-1.png","width":5325,"height":1454,"caption":"Principios"},"image":{"@id":"https:\/\/diarioprincipios.com\/#\/schema\/logo\/image\/"}},{"@type":"Person","@id":"https:\/\/diarioprincipios.com\/#\/schema\/person\/436d5a1fd41a5e250e23ff5a6a7cb080","name":"Hern\u00e1n L\u00f3pez","image":{"@type":"ImageObject","inLanguage":"es","@id":"https:\/\/diarioprincipios.com\/wp-content\/litespeed\/avatar\/11ddfe5610ff3bd100522525b2571f48.jpg?ver=1777048341","url":"https:\/\/diarioprincipios.com\/wp-content\/litespeed\/avatar\/11ddfe5610ff3bd100522525b2571f48.jpg?ver=1777048341","contentUrl":"https:\/\/diarioprincipios.com\/wp-content\/litespeed\/avatar\/11ddfe5610ff3bd100522525b2571f48.jpg?ver=1777048341","caption":"Hern\u00e1n L\u00f3pez"},"url":"https:\/\/diarioprincipios.com\/index.php\/author\/hernan\/"}]}},"jetpack_featured_media_url":"https:\/\/diarioprincipios.com\/wp-content\/uploads\/2022\/10\/corredora1-4.jpg","_links":{"self":[{"href":"https:\/\/diarioprincipios.com\/index.php\/wp-json\/wp\/v2\/posts\/14739","targetHints":{"allow":["GET"]}}],"collection":[{"href":"https:\/\/diarioprincipios.com\/index.php\/wp-json\/wp\/v2\/posts"}],"about":[{"href":"https:\/\/diarioprincipios.com\/index.php\/wp-json\/wp\/v2\/types\/post"}],"author":[{"embeddable":true,"href":"https:\/\/diarioprincipios.com\/index.php\/wp-json\/wp\/v2\/users\/2"}],"replies":[{"embeddable":true,"href":"https:\/\/diarioprincipios.com\/index.php\/wp-json\/wp\/v2\/comments?post=14739"}],"version-history":[{"count":2,"href":"https:\/\/diarioprincipios.com\/index.php\/wp-json\/wp\/v2\/posts\/14739\/revisions"}],"predecessor-version":[{"id":14748,"href":"https:\/\/diarioprincipios.com\/index.php\/wp-json\/wp\/v2\/posts\/14739\/revisions\/14748"}],"wp:featuredmedia":[{"embeddable":true,"href":"https:\/\/diarioprincipios.com\/index.php\/wp-json\/wp\/v2\/media\/14747"}],"wp:attachment":[{"href":"https:\/\/diarioprincipios.com\/index.php\/wp-json\/wp\/v2\/media?parent=14739"}],"wp:term":[{"taxonomy":"category","embeddable":true,"href":"https:\/\/diarioprincipios.com\/index.php\/wp-json\/wp\/v2\/categories?post=14739"},{"taxonomy":"post_tag","embeddable":true,"href":"https:\/\/diarioprincipios.com\/index.php\/wp-json\/wp\/v2\/tags?post=14739"}],"curies":[{"name":"wp","href":"https:\/\/api.w.org\/{rel}","templated":true}]}}