{"id":1471,"date":"2020-05-12T18:46:06","date_gmt":"2020-05-12T18:46:06","guid":{"rendered":"http:\/\/diarioprincipios.com\/?p=1471"},"modified":"2020-05-12T18:46:08","modified_gmt":"2020-05-12T18:46:08","slug":"aplican-multa-de-100-millones-a-edenor-y-edesur-por-falta-de-respuesta-a-reclamos-de-usuarios","status":"publish","type":"post","link":"https:\/\/diarioprincipios.com\/index.php\/2020\/05\/12\/aplican-multa-de-100-millones-a-edenor-y-edesur-por-falta-de-respuesta-a-reclamos-de-usuarios\/","title":{"rendered":"Aplican multa de $ 100 millones a Edenor y Edesur por falta de respuesta a reclamos de usuarios"},"content":{"rendered":"\n<p>El Ente Nacional Regulador de la Electricidad (ENRE) sancion\u00f3 a las distribuidoras el\u00e9ctricas del Area Metropolitana de Buenos Aires (AMBA) Edesur y Edenor con una multa por un total cercano a los 100 millones de pesos \u00abpor su falta de respuesta a una serie de reclamos pendientes de resoluci\u00f3n de usuarios y usuarias del servicio\u00bb.<\/p>\n\n\n\n<p>Mediante las resoluciones 30, 31 y 32, el ENRE resolvi\u00f3 que esas empresas concesionarias \u00abdeber\u00e1n acreditar las multas en las cuentas de los usuarios y usuarias involucrados\u00bb.<\/p>\n\n\n\n<p>Estas Resoluciones tienen como fin brindar respuesta a m\u00e1s de 12.700 reclamos que quedaron pendientes de la gesti\u00f3n anterior y que abarcan el per\u00edodo de febrero de 2017 a diciembre de 2019.<\/p>\n\n\n\n<p>Cada usuario y cada usuaria recibir\u00e1 un promedio de 8.000 pesos.<\/p>\n\n\n\n<p>Las resoluciones, explic\u00f3 el ENRE, \u00abtienen como fin brindar respuesta a m\u00e1s de 12.700 reclamos que quedaron pendientes de la gesti\u00f3n anterior\u00bb.<\/p>\n\n\n\n<p>Asimismo, seg\u00fan se inform\u00f3, el organismo regulador \u00abse propone restablecer las instancias de participaci\u00f3n\u00bb, para lo cual fortalecer\u00e1 su relaci\u00f3n institucional con la Comisi\u00f3n de Usuarios del Ente, con organismos del Estado y de la sociedad civil y la ciudadan\u00eda.<\/p>\n\n\n\n<p>Las resoluciones \u00abse enmarcan en un conjunto de medidas que promueve la Intervenci\u00f3n del ENRE con el fin de garantizar el suministro de energ\u00eda el\u00e9ctrica y los derechos de los usuarios y usuarias del servicio\u00bb, se inform\u00f3 en un comunicado.<\/p>\n","protected":false},"excerpt":{"rendered":"<p>El Ente Nacional Regulador de la Electricidad (ENRE) sancion\u00f3 a las distribuidoras el\u00e9ctricas del Area Metropolitana de Buenos Aires (AMBA) Edesur y Edenor con una multa por un total cercano a los 100 millones de pesos \u00abpor su falta de respuesta a una serie de reclamos pendientes de resoluci\u00f3n de usuarios y usuarias del servicio\u00bb&#8230;.<\/p>\n","protected":false},"author":2,"featured_media":1472,"comment_status":"open","ping_status":"open","sticky":false,"template":"","format":"standard","meta":{"footnotes":""},"categories":[10],"tags":[],"class_list":["post-1471","post","type-post","status-publish","format-standard","has-post-thumbnail","hentry","category-nacion"],"featured_image_src":"https:\/\/diarioprincipios.com\/wp-content\/uploads\/2020\/05\/ede.jpg","blog_images":{"medium":"https:\/\/diarioprincipios.com\/wp-content\/uploads\/2020\/05\/ede-300x167.jpg","large":"https:\/\/diarioprincipios.com\/wp-content\/uploads\/2020\/05\/ede.jpg"},"ams_acf":[],"yoast_head":"<!-- This site is optimized with the Yoast SEO plugin v27.3 - https:\/\/yoast.com\/product\/yoast-seo-wordpress\/ -->\n<title>Aplican multa de $ 100 millones a Edenor y Edesur por falta de respuesta a reclamos de usuarios - Principios<\/title>\n<meta name=\"robots\" content=\"index, follow, max-snippet:-1, max-image-preview:large, max-video-preview:-1\" \/>\n<link rel=\"canonical\" href=\"https:\/\/diarioprincipios.com\/index.php\/2020\/05\/12\/aplican-multa-de-100-millones-a-edenor-y-edesur-por-falta-de-respuesta-a-reclamos-de-usuarios\/\" \/>\n<meta property=\"og:locale\" content=\"es_ES\" \/>\n<meta property=\"og:type\" content=\"article\" \/>\n<meta property=\"og:title\" content=\"Aplican multa de $ 100 millones a Edenor y Edesur por falta de respuesta a reclamos de usuarios - Principios\" \/>\n<meta property=\"og:description\" content=\"El Ente Nacional Regulador de la Electricidad (ENRE) sancion\u00f3 a las distribuidoras el\u00e9ctricas del Area Metropolitana de Buenos Aires (AMBA) Edesur y Edenor con una multa por un total cercano a los 100 millones de pesos \u00abpor su falta de respuesta a una serie de reclamos pendientes de resoluci\u00f3n de usuarios y usuarias del servicio\u00bb....\" \/>\n<meta property=\"og:url\" content=\"https:\/\/diarioprincipios.com\/index.php\/2020\/05\/12\/aplican-multa-de-100-millones-a-edenor-y-edesur-por-falta-de-respuesta-a-reclamos-de-usuarios\/\" \/>\n<meta property=\"og:site_name\" content=\"Principios\" \/>\n<meta property=\"article:published_time\" content=\"2020-05-12T18:46:06+00:00\" \/>\n<meta property=\"article:modified_time\" content=\"2020-05-12T18:46:08+00:00\" \/>\n<meta property=\"og:image\" content=\"https:\/\/diarioprincipios.com\/wp-content\/uploads\/2020\/05\/ede.jpg\" \/>\n\t<meta property=\"og:image:width\" content=\"512\" \/>\n\t<meta property=\"og:image:height\" content=\"285\" \/>\n\t<meta property=\"og:image:type\" content=\"image\/jpeg\" \/>\n<meta name=\"author\" content=\"Hern\u00e1n L\u00f3pez\" \/>\n<meta name=\"twitter:card\" content=\"summary_large_image\" \/>\n<meta name=\"twitter:label1\" content=\"Escrito por\" \/>\n\t<meta name=\"twitter:data1\" content=\"Hern\u00e1n L\u00f3pez\" \/>\n\t<meta name=\"twitter:label2\" content=\"Tiempo de lectura\" \/>\n\t<meta name=\"twitter:data2\" content=\"1 minuto\" \/>\n<script type=\"application\/ld+json\" class=\"yoast-schema-graph\">{\"@context\":\"https:\\\/\\\/schema.org\",\"@graph\":[{\"@type\":\"Article\",\"@id\":\"https:\\\/\\\/diarioprincipios.com\\\/index.php\\\/2020\\\/05\\\/12\\\/aplican-multa-de-100-millones-a-edenor-y-edesur-por-falta-de-respuesta-a-reclamos-de-usuarios\\\/#article\",\"isPartOf\":{\"@id\":\"https:\\\/\\\/diarioprincipios.com\\\/index.php\\\/2020\\\/05\\\/12\\\/aplican-multa-de-100-millones-a-edenor-y-edesur-por-falta-de-respuesta-a-reclamos-de-usuarios\\\/\"},\"author\":{\"name\":\"Hern\u00e1n L\u00f3pez\",\"@id\":\"https:\\\/\\\/diarioprincipios.com\\\/#\\\/schema\\\/person\\\/436d5a1fd41a5e250e23ff5a6a7cb080\"},\"headline\":\"Aplican multa de $ 100 millones a Edenor y Edesur por falta de respuesta a reclamos de usuarios\",\"datePublished\":\"2020-05-12T18:46:06+00:00\",\"dateModified\":\"2020-05-12T18:46:08+00:00\",\"mainEntityOfPage\":{\"@id\":\"https:\\\/\\\/diarioprincipios.com\\\/index.php\\\/2020\\\/05\\\/12\\\/aplican-multa-de-100-millones-a-edenor-y-edesur-por-falta-de-respuesta-a-reclamos-de-usuarios\\\/\"},\"wordCount\":250,\"commentCount\":0,\"publisher\":{\"@id\":\"https:\\\/\\\/diarioprincipios.com\\\/#organization\"},\"image\":{\"@id\":\"https:\\\/\\\/diarioprincipios.com\\\/index.php\\\/2020\\\/05\\\/12\\\/aplican-multa-de-100-millones-a-edenor-y-edesur-por-falta-de-respuesta-a-reclamos-de-usuarios\\\/#primaryimage\"},\"thumbnailUrl\":\"https:\\\/\\\/diarioprincipios.com\\\/wp-content\\\/uploads\\\/2020\\\/05\\\/ede.jpg\",\"articleSection\":[\"Naci\u00f3n\"],\"inLanguage\":\"es\",\"potentialAction\":[{\"@type\":\"CommentAction\",\"name\":\"Comment\",\"target\":[\"https:\\\/\\\/diarioprincipios.com\\\/index.php\\\/2020\\\/05\\\/12\\\/aplican-multa-de-100-millones-a-edenor-y-edesur-por-falta-de-respuesta-a-reclamos-de-usuarios\\\/#respond\"]}]},{\"@type\":\"WebPage\",\"@id\":\"https:\\\/\\\/diarioprincipios.com\\\/index.php\\\/2020\\\/05\\\/12\\\/aplican-multa-de-100-millones-a-edenor-y-edesur-por-falta-de-respuesta-a-reclamos-de-usuarios\\\/\",\"url\":\"https:\\\/\\\/diarioprincipios.com\\\/index.php\\\/2020\\\/05\\\/12\\\/aplican-multa-de-100-millones-a-edenor-y-edesur-por-falta-de-respuesta-a-reclamos-de-usuarios\\\/\",\"name\":\"Aplican multa de $ 100 millones a Edenor y Edesur por falta de respuesta a reclamos de usuarios - Principios\",\"isPartOf\":{\"@id\":\"https:\\\/\\\/diarioprincipios.com\\\/#website\"},\"primaryImageOfPage\":{\"@id\":\"https:\\\/\\\/diarioprincipios.com\\\/index.php\\\/2020\\\/05\\\/12\\\/aplican-multa-de-100-millones-a-edenor-y-edesur-por-falta-de-respuesta-a-reclamos-de-usuarios\\\/#primaryimage\"},\"image\":{\"@id\":\"https:\\\/\\\/diarioprincipios.com\\\/index.php\\\/2020\\\/05\\\/12\\\/aplican-multa-de-100-millones-a-edenor-y-edesur-por-falta-de-respuesta-a-reclamos-de-usuarios\\\/#primaryimage\"},\"thumbnailUrl\":\"https:\\\/\\\/diarioprincipios.com\\\/wp-content\\\/uploads\\\/2020\\\/05\\\/ede.jpg\",\"datePublished\":\"2020-05-12T18:46:06+00:00\",\"dateModified\":\"2020-05-12T18:46:08+00:00\",\"breadcrumb\":{\"@id\":\"https:\\\/\\\/diarioprincipios.com\\\/index.php\\\/2020\\\/05\\\/12\\\/aplican-multa-de-100-millones-a-edenor-y-edesur-por-falta-de-respuesta-a-reclamos-de-usuarios\\\/#breadcrumb\"},\"inLanguage\":\"es\",\"potentialAction\":[{\"@type\":\"ReadAction\",\"target\":[\"https:\\\/\\\/diarioprincipios.com\\\/index.php\\\/2020\\\/05\\\/12\\\/aplican-multa-de-100-millones-a-edenor-y-edesur-por-falta-de-respuesta-a-reclamos-de-usuarios\\\/\"]}]},{\"@type\":\"ImageObject\",\"inLanguage\":\"es\",\"@id\":\"https:\\\/\\\/diarioprincipios.com\\\/index.php\\\/2020\\\/05\\\/12\\\/aplican-multa-de-100-millones-a-edenor-y-edesur-por-falta-de-respuesta-a-reclamos-de-usuarios\\\/#primaryimage\",\"url\":\"https:\\\/\\\/diarioprincipios.com\\\/wp-content\\\/uploads\\\/2020\\\/05\\\/ede.jpg\",\"contentUrl\":\"https:\\\/\\\/diarioprincipios.com\\\/wp-content\\\/uploads\\\/2020\\\/05\\\/ede.jpg\",\"width\":512,\"height\":285},{\"@type\":\"BreadcrumbList\",\"@id\":\"https:\\\/\\\/diarioprincipios.com\\\/index.php\\\/2020\\\/05\\\/12\\\/aplican-multa-de-100-millones-a-edenor-y-edesur-por-falta-de-respuesta-a-reclamos-de-usuarios\\\/#breadcrumb\",\"itemListElement\":[{\"@type\":\"ListItem\",\"position\":1,\"name\":\"Portada\",\"item\":\"https:\\\/\\\/diarioprincipios.com\\\/\"},{\"@type\":\"ListItem\",\"position\":2,\"name\":\"Aplican multa de $ 100 millones a Edenor y Edesur por falta de respuesta a reclamos de usuarios\"}]},{\"@type\":\"WebSite\",\"@id\":\"https:\\\/\\\/diarioprincipios.com\\\/#website\",\"url\":\"https:\\\/\\\/diarioprincipios.com\\\/\",\"name\":\"Principios\",\"description\":\"Principios Diario\",\"publisher\":{\"@id\":\"https:\\\/\\\/diarioprincipios.com\\\/#organization\"},\"potentialAction\":[{\"@type\":\"SearchAction\",\"target\":{\"@type\":\"EntryPoint\",\"urlTemplate\":\"https:\\\/\\\/diarioprincipios.com\\\/?s={search_term_string}\"},\"query-input\":{\"@type\":\"PropertyValueSpecification\",\"valueRequired\":true,\"valueName\":\"search_term_string\"}}],\"inLanguage\":\"es\"},{\"@type\":\"Organization\",\"@id\":\"https:\\\/\\\/diarioprincipios.com\\\/#organization\",\"name\":\"Principios\",\"url\":\"https:\\\/\\\/diarioprincipios.com\\\/\",\"logo\":{\"@type\":\"ImageObject\",\"inLanguage\":\"es\",\"@id\":\"https:\\\/\\\/diarioprincipios.com\\\/#\\\/schema\\\/logo\\\/image\\\/\",\"url\":\"https:\\\/\\\/diarioprincipios.com\\\/wp-content\\\/uploads\\\/2024\\\/04\\\/cropped-www.diarioprincipios.com_-1.png\",\"contentUrl\":\"https:\\\/\\\/diarioprincipios.com\\\/wp-content\\\/uploads\\\/2024\\\/04\\\/cropped-www.diarioprincipios.com_-1.png\",\"width\":5325,\"height\":1454,\"caption\":\"Principios\"},\"image\":{\"@id\":\"https:\\\/\\\/diarioprincipios.com\\\/#\\\/schema\\\/logo\\\/image\\\/\"}},{\"@type\":\"Person\",\"@id\":\"https:\\\/\\\/diarioprincipios.com\\\/#\\\/schema\\\/person\\\/436d5a1fd41a5e250e23ff5a6a7cb080\",\"name\":\"Hern\u00e1n L\u00f3pez\",\"image\":{\"@type\":\"ImageObject\",\"inLanguage\":\"es\",\"@id\":\"https:\\\/\\\/diarioprincipios.com\\\/wp-content\\\/litespeed\\\/avatar\\\/11ddfe5610ff3bd100522525b2571f48.jpg?ver=1777653193\",\"url\":\"https:\\\/\\\/diarioprincipios.com\\\/wp-content\\\/litespeed\\\/avatar\\\/11ddfe5610ff3bd100522525b2571f48.jpg?ver=1777653193\",\"contentUrl\":\"https:\\\/\\\/diarioprincipios.com\\\/wp-content\\\/litespeed\\\/avatar\\\/11ddfe5610ff3bd100522525b2571f48.jpg?ver=1777653193\",\"caption\":\"Hern\u00e1n L\u00f3pez\"},\"url\":\"https:\\\/\\\/diarioprincipios.com\\\/index.php\\\/author\\\/hernan\\\/\"}]}<\/script>\n<!-- \/ Yoast SEO plugin. -->","yoast_head_json":{"title":"Aplican multa de $ 100 millones a Edenor y Edesur por falta de respuesta a reclamos de usuarios - Principios","robots":{"index":"index","follow":"follow","max-snippet":"max-snippet:-1","max-image-preview":"max-image-preview:large","max-video-preview":"max-video-preview:-1"},"canonical":"https:\/\/diarioprincipios.com\/index.php\/2020\/05\/12\/aplican-multa-de-100-millones-a-edenor-y-edesur-por-falta-de-respuesta-a-reclamos-de-usuarios\/","og_locale":"es_ES","og_type":"article","og_title":"Aplican multa de $ 100 millones a Edenor y Edesur por falta de respuesta a reclamos de usuarios - Principios","og_description":"El Ente Nacional Regulador de la Electricidad (ENRE) sancion\u00f3 a las distribuidoras el\u00e9ctricas del Area Metropolitana de Buenos Aires (AMBA) Edesur y Edenor con una multa por un total cercano a los 100 millones de pesos \u00abpor su falta de respuesta a una serie de reclamos pendientes de resoluci\u00f3n de usuarios y usuarias del servicio\u00bb....","og_url":"https:\/\/diarioprincipios.com\/index.php\/2020\/05\/12\/aplican-multa-de-100-millones-a-edenor-y-edesur-por-falta-de-respuesta-a-reclamos-de-usuarios\/","og_site_name":"Principios","article_published_time":"2020-05-12T18:46:06+00:00","article_modified_time":"2020-05-12T18:46:08+00:00","og_image":[{"width":512,"height":285,"url":"https:\/\/diarioprincipios.com\/wp-content\/uploads\/2020\/05\/ede.jpg","type":"image\/jpeg"}],"author":"Hern\u00e1n L\u00f3pez","twitter_card":"summary_large_image","twitter_misc":{"Escrito por":"Hern\u00e1n L\u00f3pez","Tiempo de lectura":"1 minuto"},"schema":{"@context":"https:\/\/schema.org","@graph":[{"@type":"Article","@id":"https:\/\/diarioprincipios.com\/index.php\/2020\/05\/12\/aplican-multa-de-100-millones-a-edenor-y-edesur-por-falta-de-respuesta-a-reclamos-de-usuarios\/#article","isPartOf":{"@id":"https:\/\/diarioprincipios.com\/index.php\/2020\/05\/12\/aplican-multa-de-100-millones-a-edenor-y-edesur-por-falta-de-respuesta-a-reclamos-de-usuarios\/"},"author":{"name":"Hern\u00e1n L\u00f3pez","@id":"https:\/\/diarioprincipios.com\/#\/schema\/person\/436d5a1fd41a5e250e23ff5a6a7cb080"},"headline":"Aplican multa de $ 100 millones a Edenor y Edesur por falta de respuesta a reclamos de usuarios","datePublished":"2020-05-12T18:46:06+00:00","dateModified":"2020-05-12T18:46:08+00:00","mainEntityOfPage":{"@id":"https:\/\/diarioprincipios.com\/index.php\/2020\/05\/12\/aplican-multa-de-100-millones-a-edenor-y-edesur-por-falta-de-respuesta-a-reclamos-de-usuarios\/"},"wordCount":250,"commentCount":0,"publisher":{"@id":"https:\/\/diarioprincipios.com\/#organization"},"image":{"@id":"https:\/\/diarioprincipios.com\/index.php\/2020\/05\/12\/aplican-multa-de-100-millones-a-edenor-y-edesur-por-falta-de-respuesta-a-reclamos-de-usuarios\/#primaryimage"},"thumbnailUrl":"https:\/\/diarioprincipios.com\/wp-content\/uploads\/2020\/05\/ede.jpg","articleSection":["Naci\u00f3n"],"inLanguage":"es","potentialAction":[{"@type":"CommentAction","name":"Comment","target":["https:\/\/diarioprincipios.com\/index.php\/2020\/05\/12\/aplican-multa-de-100-millones-a-edenor-y-edesur-por-falta-de-respuesta-a-reclamos-de-usuarios\/#respond"]}]},{"@type":"WebPage","@id":"https:\/\/diarioprincipios.com\/index.php\/2020\/05\/12\/aplican-multa-de-100-millones-a-edenor-y-edesur-por-falta-de-respuesta-a-reclamos-de-usuarios\/","url":"https:\/\/diarioprincipios.com\/index.php\/2020\/05\/12\/aplican-multa-de-100-millones-a-edenor-y-edesur-por-falta-de-respuesta-a-reclamos-de-usuarios\/","name":"Aplican multa de $ 100 millones a Edenor y Edesur por falta de respuesta a reclamos de usuarios - Principios","isPartOf":{"@id":"https:\/\/diarioprincipios.com\/#website"},"primaryImageOfPage":{"@id":"https:\/\/diarioprincipios.com\/index.php\/2020\/05\/12\/aplican-multa-de-100-millones-a-edenor-y-edesur-por-falta-de-respuesta-a-reclamos-de-usuarios\/#primaryimage"},"image":{"@id":"https:\/\/diarioprincipios.com\/index.php\/2020\/05\/12\/aplican-multa-de-100-millones-a-edenor-y-edesur-por-falta-de-respuesta-a-reclamos-de-usuarios\/#primaryimage"},"thumbnailUrl":"https:\/\/diarioprincipios.com\/wp-content\/uploads\/2020\/05\/ede.jpg","datePublished":"2020-05-12T18:46:06+00:00","dateModified":"2020-05-12T18:46:08+00:00","breadcrumb":{"@id":"https:\/\/diarioprincipios.com\/index.php\/2020\/05\/12\/aplican-multa-de-100-millones-a-edenor-y-edesur-por-falta-de-respuesta-a-reclamos-de-usuarios\/#breadcrumb"},"inLanguage":"es","potentialAction":[{"@type":"ReadAction","target":["https:\/\/diarioprincipios.com\/index.php\/2020\/05\/12\/aplican-multa-de-100-millones-a-edenor-y-edesur-por-falta-de-respuesta-a-reclamos-de-usuarios\/"]}]},{"@type":"ImageObject","inLanguage":"es","@id":"https:\/\/diarioprincipios.com\/index.php\/2020\/05\/12\/aplican-multa-de-100-millones-a-edenor-y-edesur-por-falta-de-respuesta-a-reclamos-de-usuarios\/#primaryimage","url":"https:\/\/diarioprincipios.com\/wp-content\/uploads\/2020\/05\/ede.jpg","contentUrl":"https:\/\/diarioprincipios.com\/wp-content\/uploads\/2020\/05\/ede.jpg","width":512,"height":285},{"@type":"BreadcrumbList","@id":"https:\/\/diarioprincipios.com\/index.php\/2020\/05\/12\/aplican-multa-de-100-millones-a-edenor-y-edesur-por-falta-de-respuesta-a-reclamos-de-usuarios\/#breadcrumb","itemListElement":[{"@type":"ListItem","position":1,"name":"Portada","item":"https:\/\/diarioprincipios.com\/"},{"@type":"ListItem","position":2,"name":"Aplican multa de $ 100 millones a Edenor y Edesur por falta de respuesta a reclamos de usuarios"}]},{"@type":"WebSite","@id":"https:\/\/diarioprincipios.com\/#website","url":"https:\/\/diarioprincipios.com\/","name":"Principios","description":"Principios Diario","publisher":{"@id":"https:\/\/diarioprincipios.com\/#organization"},"potentialAction":[{"@type":"SearchAction","target":{"@type":"EntryPoint","urlTemplate":"https:\/\/diarioprincipios.com\/?s={search_term_string}"},"query-input":{"@type":"PropertyValueSpecification","valueRequired":true,"valueName":"search_term_string"}}],"inLanguage":"es"},{"@type":"Organization","@id":"https:\/\/diarioprincipios.com\/#organization","name":"Principios","url":"https:\/\/diarioprincipios.com\/","logo":{"@type":"ImageObject","inLanguage":"es","@id":"https:\/\/diarioprincipios.com\/#\/schema\/logo\/image\/","url":"https:\/\/diarioprincipios.com\/wp-content\/uploads\/2024\/04\/cropped-www.diarioprincipios.com_-1.png","contentUrl":"https:\/\/diarioprincipios.com\/wp-content\/uploads\/2024\/04\/cropped-www.diarioprincipios.com_-1.png","width":5325,"height":1454,"caption":"Principios"},"image":{"@id":"https:\/\/diarioprincipios.com\/#\/schema\/logo\/image\/"}},{"@type":"Person","@id":"https:\/\/diarioprincipios.com\/#\/schema\/person\/436d5a1fd41a5e250e23ff5a6a7cb080","name":"Hern\u00e1n L\u00f3pez","image":{"@type":"ImageObject","inLanguage":"es","@id":"https:\/\/diarioprincipios.com\/wp-content\/litespeed\/avatar\/11ddfe5610ff3bd100522525b2571f48.jpg?ver=1777653193","url":"https:\/\/diarioprincipios.com\/wp-content\/litespeed\/avatar\/11ddfe5610ff3bd100522525b2571f48.jpg?ver=1777653193","contentUrl":"https:\/\/diarioprincipios.com\/wp-content\/litespeed\/avatar\/11ddfe5610ff3bd100522525b2571f48.jpg?ver=1777653193","caption":"Hern\u00e1n L\u00f3pez"},"url":"https:\/\/diarioprincipios.com\/index.php\/author\/hernan\/"}]}},"jetpack_featured_media_url":"https:\/\/diarioprincipios.com\/wp-content\/uploads\/2020\/05\/ede.jpg","_links":{"self":[{"href":"https:\/\/diarioprincipios.com\/index.php\/wp-json\/wp\/v2\/posts\/1471","targetHints":{"allow":["GET"]}}],"collection":[{"href":"https:\/\/diarioprincipios.com\/index.php\/wp-json\/wp\/v2\/posts"}],"about":[{"href":"https:\/\/diarioprincipios.com\/index.php\/wp-json\/wp\/v2\/types\/post"}],"author":[{"embeddable":true,"href":"https:\/\/diarioprincipios.com\/index.php\/wp-json\/wp\/v2\/users\/2"}],"replies":[{"embeddable":true,"href":"https:\/\/diarioprincipios.com\/index.php\/wp-json\/wp\/v2\/comments?post=1471"}],"version-history":[{"count":1,"href":"https:\/\/diarioprincipios.com\/index.php\/wp-json\/wp\/v2\/posts\/1471\/revisions"}],"predecessor-version":[{"id":1473,"href":"https:\/\/diarioprincipios.com\/index.php\/wp-json\/wp\/v2\/posts\/1471\/revisions\/1473"}],"wp:featuredmedia":[{"embeddable":true,"href":"https:\/\/diarioprincipios.com\/index.php\/wp-json\/wp\/v2\/media\/1472"}],"wp:attachment":[{"href":"https:\/\/diarioprincipios.com\/index.php\/wp-json\/wp\/v2\/media?parent=1471"}],"wp:term":[{"taxonomy":"category","embeddable":true,"href":"https:\/\/diarioprincipios.com\/index.php\/wp-json\/wp\/v2\/categories?post=1471"},{"taxonomy":"post_tag","embeddable":true,"href":"https:\/\/diarioprincipios.com\/index.php\/wp-json\/wp\/v2\/tags?post=1471"}],"curies":[{"name":"wp","href":"https:\/\/api.w.org\/{rel}","templated":true}]}}