{"id":1465,"date":"2020-05-12T18:28:35","date_gmt":"2020-05-12T18:28:35","guid":{"rendered":"http:\/\/diarioprincipios.com\/?p=1465"},"modified":"2020-05-12T18:28:36","modified_gmt":"2020-05-12T18:28:36","slug":"peluqueros-cortaron-el-pelo-gratis-en-plaza-platense-en-reclamo-de-que-se-los-deje-trabajar","status":"publish","type":"post","link":"https:\/\/diarioprincipios.com\/index.php\/2020\/05\/12\/peluqueros-cortaron-el-pelo-gratis-en-plaza-platense-en-reclamo-de-que-se-los-deje-trabajar\/","title":{"rendered":"Peluqueros cortaron el pelo gratis en plaza platense en reclamo de que se los deje trabajar"},"content":{"rendered":"\n<p>Peluqueros y peluqueras de la ciudad de La Plata reclamaron hoy frente a la Casa de Gobierno bonaerense para que se los autorice a trabajar y realizaron cortes de cabello gratuito a ocasionales transe\u00fantes que lo solicitaron como una medida adoptada para llamar la atenci\u00f3n sobre su reclamo.<\/p>\n\n\n\n<p>Un funcionario de la Gobernaci\u00f3n provincial se acerc\u00f3 a los profesionales y recibi\u00f3 su petitorio, en el que remarcaron las medidas sanitarias de prevenci\u00f3n que adoptar\u00edan, en su protocolo, para el trabajo en las peluquer\u00edas.<\/p>\n\n\n\n<p>Los peluqueros y peluqueras de la capital bonaerense marcharon hasta la Plaza San Mart\u00edn y montaron all\u00ed peque\u00f1os salones de peluquer\u00eda con sillas y camisolines impermeables para cubrir a los ocasionales clientes.<\/p>\n\n\n\n<p>El intendente de la ciudad de La Plata, Julio Garro, elev\u00f3 al gobernador bonaerense, Axel Kicillof, un plan para reactivar la econom\u00eda que contempla la apertura de m\u00e1s de 7 mil locales, entre ellos peluquer\u00edas, rubro a\u00fan no aprobado para su funcionamiento por el mandatario provincial.<\/p>\n\n\n\n<p>\u00abLos peluqueros necesitamos trabajar\u00bb, era la leyenda com\u00fan de los carteles que exhib\u00edan los trabajadores mientras armaban sus stands ante la atenta y curiosa mirada de los transe\u00fantes, muchos de los cuales decidieron aprovechar el corte gratuito.<\/p>\n\n\n\n<p>Con barbijos y tratando de mantener la mayor distancia, los y las peluqueras cortaron el cabello a hombres y mujeres, tambi\u00e9n con barbijo.<\/p>\n\n\n\n<p>\u00abLlevamos mucho tiempo sin poder trabajar, y la mayor\u00eda no pudo acceder al bono de ayuda que dio el Gobierno. Necesitamos abrir ya\u00bb, asegur\u00f3 Carlos Benitez Etchart, propietario de la cadena de peluquer\u00edas H2O.<\/p>\n\n\n\n<p>Los profesionales armaron en los \u00faltimos d\u00edas la agrupaci\u00f3n Peluqueros Asociados La Plata y tienen un grupo de whatsapp donde comparten las distintas dificultades que atraviesan, como los problemas para afrontar el pago sus alquileres y salarios, entre otras.<\/p>\n","protected":false},"excerpt":{"rendered":"<p>Peluqueros y peluqueras de la ciudad de La Plata reclamaron hoy frente a la Casa de Gobierno bonaerense para que se los autorice a trabajar y realizaron cortes de cabello gratuito a ocasionales transe\u00fantes que lo solicitaron como una medida adoptada para llamar la atenci\u00f3n sobre su reclamo. Un funcionario de la Gobernaci\u00f3n provincial se&#8230;<\/p>\n","protected":false},"author":2,"featured_media":1466,"comment_status":"open","ping_status":"open","sticky":false,"template":"","format":"standard","meta":{"footnotes":""},"categories":[7],"tags":[],"class_list":["post-1465","post","type-post","status-publish","format-standard","has-post-thumbnail","hentry","category-provincia"],"featured_image_src":"https:\/\/diarioprincipios.com\/wp-content\/uploads\/2020\/05\/pelu.jpg","blog_images":{"medium":"https:\/\/diarioprincipios.com\/wp-content\/uploads\/2020\/05\/pelu-300x169.jpg","large":"https:\/\/diarioprincipios.com\/wp-content\/uploads\/2020\/05\/pelu.jpg"},"ams_acf":[],"yoast_head":"<!-- This site is optimized with the Yoast SEO plugin v27.3 - https:\/\/yoast.com\/product\/yoast-seo-wordpress\/ -->\n<title>Peluqueros cortaron el pelo gratis en plaza platense en reclamo de que se los deje trabajar - Principios<\/title>\n<meta name=\"robots\" content=\"index, follow, max-snippet:-1, max-image-preview:large, max-video-preview:-1\" \/>\n<link rel=\"canonical\" href=\"https:\/\/diarioprincipios.com\/index.php\/2020\/05\/12\/peluqueros-cortaron-el-pelo-gratis-en-plaza-platense-en-reclamo-de-que-se-los-deje-trabajar\/\" \/>\n<meta property=\"og:locale\" content=\"es_ES\" \/>\n<meta property=\"og:type\" content=\"article\" \/>\n<meta property=\"og:title\" content=\"Peluqueros cortaron el pelo gratis en plaza platense en reclamo de que se los deje trabajar - Principios\" \/>\n<meta property=\"og:description\" content=\"Peluqueros y peluqueras de la ciudad de La Plata reclamaron hoy frente a la Casa de Gobierno bonaerense para que se los autorice a trabajar y realizaron cortes de cabello gratuito a ocasionales transe\u00fantes que lo solicitaron como una medida adoptada para llamar la atenci\u00f3n sobre su reclamo. Un funcionario de la Gobernaci\u00f3n provincial se...\" \/>\n<meta property=\"og:url\" content=\"https:\/\/diarioprincipios.com\/index.php\/2020\/05\/12\/peluqueros-cortaron-el-pelo-gratis-en-plaza-platense-en-reclamo-de-que-se-los-deje-trabajar\/\" \/>\n<meta property=\"og:site_name\" content=\"Principios\" \/>\n<meta property=\"article:published_time\" content=\"2020-05-12T18:28:35+00:00\" \/>\n<meta property=\"article:modified_time\" content=\"2020-05-12T18:28:36+00:00\" \/>\n<meta property=\"og:image\" content=\"https:\/\/diarioprincipios.com\/wp-content\/uploads\/2020\/05\/pelu.jpg\" \/>\n\t<meta property=\"og:image:width\" content=\"1004\" \/>\n\t<meta property=\"og:image:height\" content=\"565\" \/>\n\t<meta property=\"og:image:type\" content=\"image\/jpeg\" \/>\n<meta name=\"author\" content=\"Hern\u00e1n L\u00f3pez\" \/>\n<meta name=\"twitter:card\" content=\"summary_large_image\" \/>\n<meta name=\"twitter:label1\" content=\"Escrito por\" \/>\n\t<meta name=\"twitter:data1\" content=\"Hern\u00e1n L\u00f3pez\" \/>\n\t<meta name=\"twitter:label2\" content=\"Tiempo de lectura\" \/>\n\t<meta name=\"twitter:data2\" content=\"2 minutos\" \/>\n<script type=\"application\/ld+json\" class=\"yoast-schema-graph\">{\"@context\":\"https:\\\/\\\/schema.org\",\"@graph\":[{\"@type\":\"Article\",\"@id\":\"https:\\\/\\\/diarioprincipios.com\\\/index.php\\\/2020\\\/05\\\/12\\\/peluqueros-cortaron-el-pelo-gratis-en-plaza-platense-en-reclamo-de-que-se-los-deje-trabajar\\\/#article\",\"isPartOf\":{\"@id\":\"https:\\\/\\\/diarioprincipios.com\\\/index.php\\\/2020\\\/05\\\/12\\\/peluqueros-cortaron-el-pelo-gratis-en-plaza-platense-en-reclamo-de-que-se-los-deje-trabajar\\\/\"},\"author\":{\"name\":\"Hern\u00e1n L\u00f3pez\",\"@id\":\"https:\\\/\\\/diarioprincipios.com\\\/#\\\/schema\\\/person\\\/436d5a1fd41a5e250e23ff5a6a7cb080\"},\"headline\":\"Peluqueros cortaron el pelo gratis en plaza platense en reclamo de que se los deje trabajar\",\"datePublished\":\"2020-05-12T18:28:35+00:00\",\"dateModified\":\"2020-05-12T18:28:36+00:00\",\"mainEntityOfPage\":{\"@id\":\"https:\\\/\\\/diarioprincipios.com\\\/index.php\\\/2020\\\/05\\\/12\\\/peluqueros-cortaron-el-pelo-gratis-en-plaza-platense-en-reclamo-de-que-se-los-deje-trabajar\\\/\"},\"wordCount\":331,\"commentCount\":0,\"publisher\":{\"@id\":\"https:\\\/\\\/diarioprincipios.com\\\/#organization\"},\"image\":{\"@id\":\"https:\\\/\\\/diarioprincipios.com\\\/index.php\\\/2020\\\/05\\\/12\\\/peluqueros-cortaron-el-pelo-gratis-en-plaza-platense-en-reclamo-de-que-se-los-deje-trabajar\\\/#primaryimage\"},\"thumbnailUrl\":\"https:\\\/\\\/diarioprincipios.com\\\/wp-content\\\/uploads\\\/2020\\\/05\\\/pelu.jpg\",\"articleSection\":[\"Provincia\"],\"inLanguage\":\"es\",\"potentialAction\":[{\"@type\":\"CommentAction\",\"name\":\"Comment\",\"target\":[\"https:\\\/\\\/diarioprincipios.com\\\/index.php\\\/2020\\\/05\\\/12\\\/peluqueros-cortaron-el-pelo-gratis-en-plaza-platense-en-reclamo-de-que-se-los-deje-trabajar\\\/#respond\"]}]},{\"@type\":\"WebPage\",\"@id\":\"https:\\\/\\\/diarioprincipios.com\\\/index.php\\\/2020\\\/05\\\/12\\\/peluqueros-cortaron-el-pelo-gratis-en-plaza-platense-en-reclamo-de-que-se-los-deje-trabajar\\\/\",\"url\":\"https:\\\/\\\/diarioprincipios.com\\\/index.php\\\/2020\\\/05\\\/12\\\/peluqueros-cortaron-el-pelo-gratis-en-plaza-platense-en-reclamo-de-que-se-los-deje-trabajar\\\/\",\"name\":\"Peluqueros cortaron el pelo gratis en plaza platense en reclamo de que se los deje trabajar - Principios\",\"isPartOf\":{\"@id\":\"https:\\\/\\\/diarioprincipios.com\\\/#website\"},\"primaryImageOfPage\":{\"@id\":\"https:\\\/\\\/diarioprincipios.com\\\/index.php\\\/2020\\\/05\\\/12\\\/peluqueros-cortaron-el-pelo-gratis-en-plaza-platense-en-reclamo-de-que-se-los-deje-trabajar\\\/#primaryimage\"},\"image\":{\"@id\":\"https:\\\/\\\/diarioprincipios.com\\\/index.php\\\/2020\\\/05\\\/12\\\/peluqueros-cortaron-el-pelo-gratis-en-plaza-platense-en-reclamo-de-que-se-los-deje-trabajar\\\/#primaryimage\"},\"thumbnailUrl\":\"https:\\\/\\\/diarioprincipios.com\\\/wp-content\\\/uploads\\\/2020\\\/05\\\/pelu.jpg\",\"datePublished\":\"2020-05-12T18:28:35+00:00\",\"dateModified\":\"2020-05-12T18:28:36+00:00\",\"breadcrumb\":{\"@id\":\"https:\\\/\\\/diarioprincipios.com\\\/index.php\\\/2020\\\/05\\\/12\\\/peluqueros-cortaron-el-pelo-gratis-en-plaza-platense-en-reclamo-de-que-se-los-deje-trabajar\\\/#breadcrumb\"},\"inLanguage\":\"es\",\"potentialAction\":[{\"@type\":\"ReadAction\",\"target\":[\"https:\\\/\\\/diarioprincipios.com\\\/index.php\\\/2020\\\/05\\\/12\\\/peluqueros-cortaron-el-pelo-gratis-en-plaza-platense-en-reclamo-de-que-se-los-deje-trabajar\\\/\"]}]},{\"@type\":\"ImageObject\",\"inLanguage\":\"es\",\"@id\":\"https:\\\/\\\/diarioprincipios.com\\\/index.php\\\/2020\\\/05\\\/12\\\/peluqueros-cortaron-el-pelo-gratis-en-plaza-platense-en-reclamo-de-que-se-los-deje-trabajar\\\/#primaryimage\",\"url\":\"https:\\\/\\\/diarioprincipios.com\\\/wp-content\\\/uploads\\\/2020\\\/05\\\/pelu.jpg\",\"contentUrl\":\"https:\\\/\\\/diarioprincipios.com\\\/wp-content\\\/uploads\\\/2020\\\/05\\\/pelu.jpg\",\"width\":1004,\"height\":565},{\"@type\":\"BreadcrumbList\",\"@id\":\"https:\\\/\\\/diarioprincipios.com\\\/index.php\\\/2020\\\/05\\\/12\\\/peluqueros-cortaron-el-pelo-gratis-en-plaza-platense-en-reclamo-de-que-se-los-deje-trabajar\\\/#breadcrumb\",\"itemListElement\":[{\"@type\":\"ListItem\",\"position\":1,\"name\":\"Portada\",\"item\":\"https:\\\/\\\/diarioprincipios.com\\\/\"},{\"@type\":\"ListItem\",\"position\":2,\"name\":\"Peluqueros cortaron el pelo gratis en plaza platense en reclamo de que se los deje trabajar\"}]},{\"@type\":\"WebSite\",\"@id\":\"https:\\\/\\\/diarioprincipios.com\\\/#website\",\"url\":\"https:\\\/\\\/diarioprincipios.com\\\/\",\"name\":\"Principios\",\"description\":\"Principios Diario\",\"publisher\":{\"@id\":\"https:\\\/\\\/diarioprincipios.com\\\/#organization\"},\"potentialAction\":[{\"@type\":\"SearchAction\",\"target\":{\"@type\":\"EntryPoint\",\"urlTemplate\":\"https:\\\/\\\/diarioprincipios.com\\\/?s={search_term_string}\"},\"query-input\":{\"@type\":\"PropertyValueSpecification\",\"valueRequired\":true,\"valueName\":\"search_term_string\"}}],\"inLanguage\":\"es\"},{\"@type\":\"Organization\",\"@id\":\"https:\\\/\\\/diarioprincipios.com\\\/#organization\",\"name\":\"Principios\",\"url\":\"https:\\\/\\\/diarioprincipios.com\\\/\",\"logo\":{\"@type\":\"ImageObject\",\"inLanguage\":\"es\",\"@id\":\"https:\\\/\\\/diarioprincipios.com\\\/#\\\/schema\\\/logo\\\/image\\\/\",\"url\":\"https:\\\/\\\/diarioprincipios.com\\\/wp-content\\\/uploads\\\/2024\\\/04\\\/cropped-www.diarioprincipios.com_-1.png\",\"contentUrl\":\"https:\\\/\\\/diarioprincipios.com\\\/wp-content\\\/uploads\\\/2024\\\/04\\\/cropped-www.diarioprincipios.com_-1.png\",\"width\":5325,\"height\":1454,\"caption\":\"Principios\"},\"image\":{\"@id\":\"https:\\\/\\\/diarioprincipios.com\\\/#\\\/schema\\\/logo\\\/image\\\/\"}},{\"@type\":\"Person\",\"@id\":\"https:\\\/\\\/diarioprincipios.com\\\/#\\\/schema\\\/person\\\/436d5a1fd41a5e250e23ff5a6a7cb080\",\"name\":\"Hern\u00e1n L\u00f3pez\",\"image\":{\"@type\":\"ImageObject\",\"inLanguage\":\"es\",\"@id\":\"https:\\\/\\\/diarioprincipios.com\\\/wp-content\\\/litespeed\\\/avatar\\\/11ddfe5610ff3bd100522525b2571f48.jpg?ver=1777653193\",\"url\":\"https:\\\/\\\/diarioprincipios.com\\\/wp-content\\\/litespeed\\\/avatar\\\/11ddfe5610ff3bd100522525b2571f48.jpg?ver=1777653193\",\"contentUrl\":\"https:\\\/\\\/diarioprincipios.com\\\/wp-content\\\/litespeed\\\/avatar\\\/11ddfe5610ff3bd100522525b2571f48.jpg?ver=1777653193\",\"caption\":\"Hern\u00e1n L\u00f3pez\"},\"url\":\"https:\\\/\\\/diarioprincipios.com\\\/index.php\\\/author\\\/hernan\\\/\"}]}<\/script>\n<!-- \/ Yoast SEO plugin. -->","yoast_head_json":{"title":"Peluqueros cortaron el pelo gratis en plaza platense en reclamo de que se los deje trabajar - Principios","robots":{"index":"index","follow":"follow","max-snippet":"max-snippet:-1","max-image-preview":"max-image-preview:large","max-video-preview":"max-video-preview:-1"},"canonical":"https:\/\/diarioprincipios.com\/index.php\/2020\/05\/12\/peluqueros-cortaron-el-pelo-gratis-en-plaza-platense-en-reclamo-de-que-se-los-deje-trabajar\/","og_locale":"es_ES","og_type":"article","og_title":"Peluqueros cortaron el pelo gratis en plaza platense en reclamo de que se los deje trabajar - Principios","og_description":"Peluqueros y peluqueras de la ciudad de La Plata reclamaron hoy frente a la Casa de Gobierno bonaerense para que se los autorice a trabajar y realizaron cortes de cabello gratuito a ocasionales transe\u00fantes que lo solicitaron como una medida adoptada para llamar la atenci\u00f3n sobre su reclamo. Un funcionario de la Gobernaci\u00f3n provincial se...","og_url":"https:\/\/diarioprincipios.com\/index.php\/2020\/05\/12\/peluqueros-cortaron-el-pelo-gratis-en-plaza-platense-en-reclamo-de-que-se-los-deje-trabajar\/","og_site_name":"Principios","article_published_time":"2020-05-12T18:28:35+00:00","article_modified_time":"2020-05-12T18:28:36+00:00","og_image":[{"width":1004,"height":565,"url":"https:\/\/diarioprincipios.com\/wp-content\/uploads\/2020\/05\/pelu.jpg","type":"image\/jpeg"}],"author":"Hern\u00e1n L\u00f3pez","twitter_card":"summary_large_image","twitter_misc":{"Escrito por":"Hern\u00e1n L\u00f3pez","Tiempo de lectura":"2 minutos"},"schema":{"@context":"https:\/\/schema.org","@graph":[{"@type":"Article","@id":"https:\/\/diarioprincipios.com\/index.php\/2020\/05\/12\/peluqueros-cortaron-el-pelo-gratis-en-plaza-platense-en-reclamo-de-que-se-los-deje-trabajar\/#article","isPartOf":{"@id":"https:\/\/diarioprincipios.com\/index.php\/2020\/05\/12\/peluqueros-cortaron-el-pelo-gratis-en-plaza-platense-en-reclamo-de-que-se-los-deje-trabajar\/"},"author":{"name":"Hern\u00e1n L\u00f3pez","@id":"https:\/\/diarioprincipios.com\/#\/schema\/person\/436d5a1fd41a5e250e23ff5a6a7cb080"},"headline":"Peluqueros cortaron el pelo gratis en plaza platense en reclamo de que se los deje trabajar","datePublished":"2020-05-12T18:28:35+00:00","dateModified":"2020-05-12T18:28:36+00:00","mainEntityOfPage":{"@id":"https:\/\/diarioprincipios.com\/index.php\/2020\/05\/12\/peluqueros-cortaron-el-pelo-gratis-en-plaza-platense-en-reclamo-de-que-se-los-deje-trabajar\/"},"wordCount":331,"commentCount":0,"publisher":{"@id":"https:\/\/diarioprincipios.com\/#organization"},"image":{"@id":"https:\/\/diarioprincipios.com\/index.php\/2020\/05\/12\/peluqueros-cortaron-el-pelo-gratis-en-plaza-platense-en-reclamo-de-que-se-los-deje-trabajar\/#primaryimage"},"thumbnailUrl":"https:\/\/diarioprincipios.com\/wp-content\/uploads\/2020\/05\/pelu.jpg","articleSection":["Provincia"],"inLanguage":"es","potentialAction":[{"@type":"CommentAction","name":"Comment","target":["https:\/\/diarioprincipios.com\/index.php\/2020\/05\/12\/peluqueros-cortaron-el-pelo-gratis-en-plaza-platense-en-reclamo-de-que-se-los-deje-trabajar\/#respond"]}]},{"@type":"WebPage","@id":"https:\/\/diarioprincipios.com\/index.php\/2020\/05\/12\/peluqueros-cortaron-el-pelo-gratis-en-plaza-platense-en-reclamo-de-que-se-los-deje-trabajar\/","url":"https:\/\/diarioprincipios.com\/index.php\/2020\/05\/12\/peluqueros-cortaron-el-pelo-gratis-en-plaza-platense-en-reclamo-de-que-se-los-deje-trabajar\/","name":"Peluqueros cortaron el pelo gratis en plaza platense en reclamo de que se los deje trabajar - Principios","isPartOf":{"@id":"https:\/\/diarioprincipios.com\/#website"},"primaryImageOfPage":{"@id":"https:\/\/diarioprincipios.com\/index.php\/2020\/05\/12\/peluqueros-cortaron-el-pelo-gratis-en-plaza-platense-en-reclamo-de-que-se-los-deje-trabajar\/#primaryimage"},"image":{"@id":"https:\/\/diarioprincipios.com\/index.php\/2020\/05\/12\/peluqueros-cortaron-el-pelo-gratis-en-plaza-platense-en-reclamo-de-que-se-los-deje-trabajar\/#primaryimage"},"thumbnailUrl":"https:\/\/diarioprincipios.com\/wp-content\/uploads\/2020\/05\/pelu.jpg","datePublished":"2020-05-12T18:28:35+00:00","dateModified":"2020-05-12T18:28:36+00:00","breadcrumb":{"@id":"https:\/\/diarioprincipios.com\/index.php\/2020\/05\/12\/peluqueros-cortaron-el-pelo-gratis-en-plaza-platense-en-reclamo-de-que-se-los-deje-trabajar\/#breadcrumb"},"inLanguage":"es","potentialAction":[{"@type":"ReadAction","target":["https:\/\/diarioprincipios.com\/index.php\/2020\/05\/12\/peluqueros-cortaron-el-pelo-gratis-en-plaza-platense-en-reclamo-de-que-se-los-deje-trabajar\/"]}]},{"@type":"ImageObject","inLanguage":"es","@id":"https:\/\/diarioprincipios.com\/index.php\/2020\/05\/12\/peluqueros-cortaron-el-pelo-gratis-en-plaza-platense-en-reclamo-de-que-se-los-deje-trabajar\/#primaryimage","url":"https:\/\/diarioprincipios.com\/wp-content\/uploads\/2020\/05\/pelu.jpg","contentUrl":"https:\/\/diarioprincipios.com\/wp-content\/uploads\/2020\/05\/pelu.jpg","width":1004,"height":565},{"@type":"BreadcrumbList","@id":"https:\/\/diarioprincipios.com\/index.php\/2020\/05\/12\/peluqueros-cortaron-el-pelo-gratis-en-plaza-platense-en-reclamo-de-que-se-los-deje-trabajar\/#breadcrumb","itemListElement":[{"@type":"ListItem","position":1,"name":"Portada","item":"https:\/\/diarioprincipios.com\/"},{"@type":"ListItem","position":2,"name":"Peluqueros cortaron el pelo gratis en plaza platense en reclamo de que se los deje trabajar"}]},{"@type":"WebSite","@id":"https:\/\/diarioprincipios.com\/#website","url":"https:\/\/diarioprincipios.com\/","name":"Principios","description":"Principios Diario","publisher":{"@id":"https:\/\/diarioprincipios.com\/#organization"},"potentialAction":[{"@type":"SearchAction","target":{"@type":"EntryPoint","urlTemplate":"https:\/\/diarioprincipios.com\/?s={search_term_string}"},"query-input":{"@type":"PropertyValueSpecification","valueRequired":true,"valueName":"search_term_string"}}],"inLanguage":"es"},{"@type":"Organization","@id":"https:\/\/diarioprincipios.com\/#organization","name":"Principios","url":"https:\/\/diarioprincipios.com\/","logo":{"@type":"ImageObject","inLanguage":"es","@id":"https:\/\/diarioprincipios.com\/#\/schema\/logo\/image\/","url":"https:\/\/diarioprincipios.com\/wp-content\/uploads\/2024\/04\/cropped-www.diarioprincipios.com_-1.png","contentUrl":"https:\/\/diarioprincipios.com\/wp-content\/uploads\/2024\/04\/cropped-www.diarioprincipios.com_-1.png","width":5325,"height":1454,"caption":"Principios"},"image":{"@id":"https:\/\/diarioprincipios.com\/#\/schema\/logo\/image\/"}},{"@type":"Person","@id":"https:\/\/diarioprincipios.com\/#\/schema\/person\/436d5a1fd41a5e250e23ff5a6a7cb080","name":"Hern\u00e1n L\u00f3pez","image":{"@type":"ImageObject","inLanguage":"es","@id":"https:\/\/diarioprincipios.com\/wp-content\/litespeed\/avatar\/11ddfe5610ff3bd100522525b2571f48.jpg?ver=1777653193","url":"https:\/\/diarioprincipios.com\/wp-content\/litespeed\/avatar\/11ddfe5610ff3bd100522525b2571f48.jpg?ver=1777653193","contentUrl":"https:\/\/diarioprincipios.com\/wp-content\/litespeed\/avatar\/11ddfe5610ff3bd100522525b2571f48.jpg?ver=1777653193","caption":"Hern\u00e1n L\u00f3pez"},"url":"https:\/\/diarioprincipios.com\/index.php\/author\/hernan\/"}]}},"jetpack_featured_media_url":"https:\/\/diarioprincipios.com\/wp-content\/uploads\/2020\/05\/pelu.jpg","_links":{"self":[{"href":"https:\/\/diarioprincipios.com\/index.php\/wp-json\/wp\/v2\/posts\/1465","targetHints":{"allow":["GET"]}}],"collection":[{"href":"https:\/\/diarioprincipios.com\/index.php\/wp-json\/wp\/v2\/posts"}],"about":[{"href":"https:\/\/diarioprincipios.com\/index.php\/wp-json\/wp\/v2\/types\/post"}],"author":[{"embeddable":true,"href":"https:\/\/diarioprincipios.com\/index.php\/wp-json\/wp\/v2\/users\/2"}],"replies":[{"embeddable":true,"href":"https:\/\/diarioprincipios.com\/index.php\/wp-json\/wp\/v2\/comments?post=1465"}],"version-history":[{"count":1,"href":"https:\/\/diarioprincipios.com\/index.php\/wp-json\/wp\/v2\/posts\/1465\/revisions"}],"predecessor-version":[{"id":1467,"href":"https:\/\/diarioprincipios.com\/index.php\/wp-json\/wp\/v2\/posts\/1465\/revisions\/1467"}],"wp:featuredmedia":[{"embeddable":true,"href":"https:\/\/diarioprincipios.com\/index.php\/wp-json\/wp\/v2\/media\/1466"}],"wp:attachment":[{"href":"https:\/\/diarioprincipios.com\/index.php\/wp-json\/wp\/v2\/media?parent=1465"}],"wp:term":[{"taxonomy":"category","embeddable":true,"href":"https:\/\/diarioprincipios.com\/index.php\/wp-json\/wp\/v2\/categories?post=1465"},{"taxonomy":"post_tag","embeddable":true,"href":"https:\/\/diarioprincipios.com\/index.php\/wp-json\/wp\/v2\/tags?post=1465"}],"curies":[{"name":"wp","href":"https:\/\/api.w.org\/{rel}","templated":true}]}}