{"id":1462,"date":"2020-05-12T18:24:48","date_gmt":"2020-05-12T18:24:48","guid":{"rendered":"http:\/\/diarioprincipios.com\/?p=1462"},"modified":"2020-05-12T18:24:51","modified_gmt":"2020-05-12T18:24:51","slug":"jefe-de-epidemiologos-de-eeuu-advierte-al-congreso-que-reapertura-descontrolada-causaria-un-rebrote","status":"publish","type":"post","link":"https:\/\/diarioprincipios.com\/index.php\/2020\/05\/12\/jefe-de-epidemiologos-de-eeuu-advierte-al-congreso-que-reapertura-descontrolada-causaria-un-rebrote\/","title":{"rendered":"Jefe de epidemi\u00f3logos de EEUU advierte al Congreso que reapertura descontrolada causar\u00eda un rebrote"},"content":{"rendered":"\n<p>La m\u00e1xima autoridad de Estados Unidos en enfermedades infecciosas, el doctor Anthony Fauci, advirti\u00f3 hoy al Congreso que una reapertura demasiado apresurada de la econom\u00eda provocar\u00e1 \u00abconsecuencias que podr\u00edan ser realmente graves\u00bb en el pa\u00eds m\u00e1s afectado por la pandemia de coronavirus.<\/p>\n\n\n\n<p>En una intervencci\u00f3n por teleconferencia ante la Comisi\u00f3n de Salud, Trabajo y Pensiones del Senado, Fauci dijo que m\u00e1s infecciones de coronavirus son inevitables a medida que las personas comienzan a reunirse nuevamente, pero destac\u00f3 que lo preparadas que est\u00e9n las comunidades para eliminar esas chispas determinar\u00e1 qu\u00e9 tan grave es el rebote.<\/p>\n\n\n\n<p>Si hay prisa por reabrir sin seguir las pautas, \u00abmi preocupaci\u00f3n es que empezaremos a ver peque\u00f1os picos que podr\u00edan convertirse en brotes\u00bb, alert\u00f3 el especialista en inmunolog\u00eda.<\/p>\n\n\n\n<p>\u00abLas consecuencias podr\u00edan ser realmente graves\u00bb, manifest\u00f3 Fauci, citado por la CNN.<\/p>\n\n\n\n<p>El testimonio de Fauci lleg\u00f3 justo en momentos en que el presidente Donald Trump est\u00e1 elogiando a aquellos estados que reanudaron actividades econ\u00f3micas prolongadas tras las cuarentenas impuestas para contener el brote y presiona al resto de los estados a una inmediata reapertura.<\/p>\n\n\n\n<p>M\u00e1s temprano, en un comunicado, Fauci sugiri\u00f3 condicionar las reaperturas a una \u00abtrayectoria descendente\u00bb en los casos positivos documentados de coronavirus durante por lo menos dos semanas, rastrear a contactos de contagiados y testar a posibles portadores asintom\u00e1ticos que trabajan con personas vulnerables, como los empleados de geri\u00e1tricos.<\/p>\n\n\n\n<p>\u00abEsto no s\u00f3lo resultar\u00e1 en sufrimiento y muerte innecesarios, sino que de hecho nos retrasar\u00e1 en nuestra b\u00fasqueda de una retorno a la normalidad\u00bb, agreg\u00f3 el director del Instituto Nacional de Alergia y Enfermedades Infecciosas de Estados Unidos en un comunicado enviado al diario The New York Times.<\/p>\n\n\n\n<p>Fauci, miembro del equipo especial de la Casa Blanca que gestiona la crisis del coronavirus, testific\u00f3 de manera remota luego de haberse aislado en su casa porque una funcionaria de la Casa Blanca dio positivo para coronavirus la semana pasada.<\/p>\n\n\n\n<p>La audiencia ante la comisi\u00f3n del Senado ofrece un escenario muy diferente de las sesiones informativas diarias del grupo de trabajo sobre coronavirus de la Casa Blanca, ya que Trump no controla la agenda.<\/p>\n\n\n\n<p>De cara a las elecciones de noviembre, Trump est\u00e1 ansioso por reiniciar la econom\u00eda, instando a las personas a manifestarse en contra de las \u00f3rdenes de quedarse en casa de sus gobernadores y expresando su propia confianza en que el coronavrius se desvanecer\u00e1 a medida que avance el verano y los estadounidenses regresen al trabajo.<\/p>\n\n\n\n<p>El pa\u00eds ha sufrido un descalabro sin precedentes por la crisis del coronavirus.<\/p>\n\n\n\n<p>M\u00e1s de 30 millones de personas perdieron su trabajo en siete semanas en Estados Unidos por la paralizaci\u00f3n resultante de las cuarentenas para contener la propagaci\u00f3n del nuevo virus.<\/p>\n\n\n\n<p>Estados Unidos tiene m\u00e1s de 1,3 millones de casos de Covid-19 y m\u00e1s de 80.000 muertes, seg\u00fan la base de datos de actualizaci\u00f3n permanente de la Universidad Johns Hopkins.<\/p>\n","protected":false},"excerpt":{"rendered":"<p>La m\u00e1xima autoridad de Estados Unidos en enfermedades infecciosas, el doctor Anthony Fauci, advirti\u00f3 hoy al Congreso que una reapertura demasiado apresurada de la econom\u00eda provocar\u00e1 \u00abconsecuencias que podr\u00edan ser realmente graves\u00bb en el pa\u00eds m\u00e1s afectado por la pandemia de coronavirus. En una intervencci\u00f3n por teleconferencia ante la Comisi\u00f3n de Salud, Trabajo y Pensiones&#8230;<\/p>\n","protected":false},"author":2,"featured_media":1463,"comment_status":"open","ping_status":"open","sticky":false,"template":"","format":"standard","meta":{"footnotes":""},"categories":[1],"tags":[],"class_list":["post-1462","post","type-post","status-publish","format-standard","has-post-thumbnail","hentry","category-uncategorized"],"featured_image_src":"https:\/\/diarioprincipios.com\/wp-content\/uploads\/2020\/05\/Times-Square-in-New-York.jpg","blog_images":{"medium":"https:\/\/diarioprincipios.com\/wp-content\/uploads\/2020\/05\/Times-Square-in-New-York-300x226.jpg","large":"https:\/\/diarioprincipios.com\/wp-content\/uploads\/2020\/05\/Times-Square-in-New-York.jpg"},"ams_acf":[],"yoast_head":"<!-- This site is optimized with the Yoast SEO plugin v27.3 - https:\/\/yoast.com\/product\/yoast-seo-wordpress\/ -->\n<title>Jefe de epidemi\u00f3logos de EEUU advierte al Congreso que reapertura descontrolada causar\u00eda un rebrote - Principios<\/title>\n<meta name=\"robots\" content=\"index, follow, max-snippet:-1, max-image-preview:large, max-video-preview:-1\" \/>\n<link rel=\"canonical\" href=\"https:\/\/diarioprincipios.com\/index.php\/2020\/05\/12\/jefe-de-epidemiologos-de-eeuu-advierte-al-congreso-que-reapertura-descontrolada-causaria-un-rebrote\/\" \/>\n<meta property=\"og:locale\" content=\"es_ES\" \/>\n<meta property=\"og:type\" content=\"article\" \/>\n<meta property=\"og:title\" content=\"Jefe de epidemi\u00f3logos de EEUU advierte al Congreso que reapertura descontrolada causar\u00eda un rebrote - Principios\" \/>\n<meta property=\"og:description\" content=\"La m\u00e1xima autoridad de Estados Unidos en enfermedades infecciosas, el doctor Anthony Fauci, advirti\u00f3 hoy al Congreso que una reapertura demasiado apresurada de la econom\u00eda provocar\u00e1 \u00abconsecuencias que podr\u00edan ser realmente graves\u00bb en el pa\u00eds m\u00e1s afectado por la pandemia de coronavirus. En una intervencci\u00f3n por teleconferencia ante la Comisi\u00f3n de Salud, Trabajo y Pensiones...\" \/>\n<meta property=\"og:url\" content=\"https:\/\/diarioprincipios.com\/index.php\/2020\/05\/12\/jefe-de-epidemiologos-de-eeuu-advierte-al-congreso-que-reapertura-descontrolada-causaria-un-rebrote\/\" \/>\n<meta property=\"og:site_name\" content=\"Principios\" \/>\n<meta property=\"article:published_time\" content=\"2020-05-12T18:24:48+00:00\" \/>\n<meta property=\"article:modified_time\" content=\"2020-05-12T18:24:51+00:00\" \/>\n<meta property=\"og:image\" content=\"https:\/\/diarioprincipios.com\/wp-content\/uploads\/2020\/05\/Times-Square-in-New-York.jpg\" \/>\n\t<meta property=\"og:image:width\" content=\"670\" \/>\n\t<meta property=\"og:image:height\" content=\"504\" \/>\n\t<meta property=\"og:image:type\" content=\"image\/jpeg\" \/>\n<meta name=\"author\" content=\"Hern\u00e1n L\u00f3pez\" \/>\n<meta name=\"twitter:card\" content=\"summary_large_image\" \/>\n<meta name=\"twitter:label1\" content=\"Escrito por\" \/>\n\t<meta name=\"twitter:data1\" content=\"Hern\u00e1n L\u00f3pez\" \/>\n\t<meta name=\"twitter:label2\" content=\"Tiempo de lectura\" \/>\n\t<meta name=\"twitter:data2\" content=\"3 minutos\" \/>\n<script type=\"application\/ld+json\" class=\"yoast-schema-graph\">{\"@context\":\"https:\\\/\\\/schema.org\",\"@graph\":[{\"@type\":\"Article\",\"@id\":\"https:\\\/\\\/diarioprincipios.com\\\/index.php\\\/2020\\\/05\\\/12\\\/jefe-de-epidemiologos-de-eeuu-advierte-al-congreso-que-reapertura-descontrolada-causaria-un-rebrote\\\/#article\",\"isPartOf\":{\"@id\":\"https:\\\/\\\/diarioprincipios.com\\\/index.php\\\/2020\\\/05\\\/12\\\/jefe-de-epidemiologos-de-eeuu-advierte-al-congreso-que-reapertura-descontrolada-causaria-un-rebrote\\\/\"},\"author\":{\"name\":\"Hern\u00e1n L\u00f3pez\",\"@id\":\"https:\\\/\\\/diarioprincipios.com\\\/#\\\/schema\\\/person\\\/436d5a1fd41a5e250e23ff5a6a7cb080\"},\"headline\":\"Jefe de epidemi\u00f3logos de EEUU advierte al Congreso que reapertura descontrolada causar\u00eda un rebrote\",\"datePublished\":\"2020-05-12T18:24:48+00:00\",\"dateModified\":\"2020-05-12T18:24:51+00:00\",\"mainEntityOfPage\":{\"@id\":\"https:\\\/\\\/diarioprincipios.com\\\/index.php\\\/2020\\\/05\\\/12\\\/jefe-de-epidemiologos-de-eeuu-advierte-al-congreso-que-reapertura-descontrolada-causaria-un-rebrote\\\/\"},\"wordCount\":517,\"commentCount\":0,\"publisher\":{\"@id\":\"https:\\\/\\\/diarioprincipios.com\\\/#organization\"},\"image\":{\"@id\":\"https:\\\/\\\/diarioprincipios.com\\\/index.php\\\/2020\\\/05\\\/12\\\/jefe-de-epidemiologos-de-eeuu-advierte-al-congreso-que-reapertura-descontrolada-causaria-un-rebrote\\\/#primaryimage\"},\"thumbnailUrl\":\"https:\\\/\\\/diarioprincipios.com\\\/wp-content\\\/uploads\\\/2020\\\/05\\\/Times-Square-in-New-York.jpg\",\"articleSection\":[\"Uncategorized\"],\"inLanguage\":\"es\",\"potentialAction\":[{\"@type\":\"CommentAction\",\"name\":\"Comment\",\"target\":[\"https:\\\/\\\/diarioprincipios.com\\\/index.php\\\/2020\\\/05\\\/12\\\/jefe-de-epidemiologos-de-eeuu-advierte-al-congreso-que-reapertura-descontrolada-causaria-un-rebrote\\\/#respond\"]}]},{\"@type\":\"WebPage\",\"@id\":\"https:\\\/\\\/diarioprincipios.com\\\/index.php\\\/2020\\\/05\\\/12\\\/jefe-de-epidemiologos-de-eeuu-advierte-al-congreso-que-reapertura-descontrolada-causaria-un-rebrote\\\/\",\"url\":\"https:\\\/\\\/diarioprincipios.com\\\/index.php\\\/2020\\\/05\\\/12\\\/jefe-de-epidemiologos-de-eeuu-advierte-al-congreso-que-reapertura-descontrolada-causaria-un-rebrote\\\/\",\"name\":\"Jefe de epidemi\u00f3logos de EEUU advierte al Congreso que reapertura descontrolada causar\u00eda un rebrote - Principios\",\"isPartOf\":{\"@id\":\"https:\\\/\\\/diarioprincipios.com\\\/#website\"},\"primaryImageOfPage\":{\"@id\":\"https:\\\/\\\/diarioprincipios.com\\\/index.php\\\/2020\\\/05\\\/12\\\/jefe-de-epidemiologos-de-eeuu-advierte-al-congreso-que-reapertura-descontrolada-causaria-un-rebrote\\\/#primaryimage\"},\"image\":{\"@id\":\"https:\\\/\\\/diarioprincipios.com\\\/index.php\\\/2020\\\/05\\\/12\\\/jefe-de-epidemiologos-de-eeuu-advierte-al-congreso-que-reapertura-descontrolada-causaria-un-rebrote\\\/#primaryimage\"},\"thumbnailUrl\":\"https:\\\/\\\/diarioprincipios.com\\\/wp-content\\\/uploads\\\/2020\\\/05\\\/Times-Square-in-New-York.jpg\",\"datePublished\":\"2020-05-12T18:24:48+00:00\",\"dateModified\":\"2020-05-12T18:24:51+00:00\",\"breadcrumb\":{\"@id\":\"https:\\\/\\\/diarioprincipios.com\\\/index.php\\\/2020\\\/05\\\/12\\\/jefe-de-epidemiologos-de-eeuu-advierte-al-congreso-que-reapertura-descontrolada-causaria-un-rebrote\\\/#breadcrumb\"},\"inLanguage\":\"es\",\"potentialAction\":[{\"@type\":\"ReadAction\",\"target\":[\"https:\\\/\\\/diarioprincipios.com\\\/index.php\\\/2020\\\/05\\\/12\\\/jefe-de-epidemiologos-de-eeuu-advierte-al-congreso-que-reapertura-descontrolada-causaria-un-rebrote\\\/\"]}]},{\"@type\":\"ImageObject\",\"inLanguage\":\"es\",\"@id\":\"https:\\\/\\\/diarioprincipios.com\\\/index.php\\\/2020\\\/05\\\/12\\\/jefe-de-epidemiologos-de-eeuu-advierte-al-congreso-que-reapertura-descontrolada-causaria-un-rebrote\\\/#primaryimage\",\"url\":\"https:\\\/\\\/diarioprincipios.com\\\/wp-content\\\/uploads\\\/2020\\\/05\\\/Times-Square-in-New-York.jpg\",\"contentUrl\":\"https:\\\/\\\/diarioprincipios.com\\\/wp-content\\\/uploads\\\/2020\\\/05\\\/Times-Square-in-New-York.jpg\",\"width\":670,\"height\":504},{\"@type\":\"BreadcrumbList\",\"@id\":\"https:\\\/\\\/diarioprincipios.com\\\/index.php\\\/2020\\\/05\\\/12\\\/jefe-de-epidemiologos-de-eeuu-advierte-al-congreso-que-reapertura-descontrolada-causaria-un-rebrote\\\/#breadcrumb\",\"itemListElement\":[{\"@type\":\"ListItem\",\"position\":1,\"name\":\"Portada\",\"item\":\"https:\\\/\\\/diarioprincipios.com\\\/\"},{\"@type\":\"ListItem\",\"position\":2,\"name\":\"Jefe de epidemi\u00f3logos de EEUU advierte al Congreso que reapertura descontrolada causar\u00eda un rebrote\"}]},{\"@type\":\"WebSite\",\"@id\":\"https:\\\/\\\/diarioprincipios.com\\\/#website\",\"url\":\"https:\\\/\\\/diarioprincipios.com\\\/\",\"name\":\"Principios\",\"description\":\"Principios Diario\",\"publisher\":{\"@id\":\"https:\\\/\\\/diarioprincipios.com\\\/#organization\"},\"potentialAction\":[{\"@type\":\"SearchAction\",\"target\":{\"@type\":\"EntryPoint\",\"urlTemplate\":\"https:\\\/\\\/diarioprincipios.com\\\/?s={search_term_string}\"},\"query-input\":{\"@type\":\"PropertyValueSpecification\",\"valueRequired\":true,\"valueName\":\"search_term_string\"}}],\"inLanguage\":\"es\"},{\"@type\":\"Organization\",\"@id\":\"https:\\\/\\\/diarioprincipios.com\\\/#organization\",\"name\":\"Principios\",\"url\":\"https:\\\/\\\/diarioprincipios.com\\\/\",\"logo\":{\"@type\":\"ImageObject\",\"inLanguage\":\"es\",\"@id\":\"https:\\\/\\\/diarioprincipios.com\\\/#\\\/schema\\\/logo\\\/image\\\/\",\"url\":\"https:\\\/\\\/diarioprincipios.com\\\/wp-content\\\/uploads\\\/2024\\\/04\\\/cropped-www.diarioprincipios.com_-1.png\",\"contentUrl\":\"https:\\\/\\\/diarioprincipios.com\\\/wp-content\\\/uploads\\\/2024\\\/04\\\/cropped-www.diarioprincipios.com_-1.png\",\"width\":5325,\"height\":1454,\"caption\":\"Principios\"},\"image\":{\"@id\":\"https:\\\/\\\/diarioprincipios.com\\\/#\\\/schema\\\/logo\\\/image\\\/\"}},{\"@type\":\"Person\",\"@id\":\"https:\\\/\\\/diarioprincipios.com\\\/#\\\/schema\\\/person\\\/436d5a1fd41a5e250e23ff5a6a7cb080\",\"name\":\"Hern\u00e1n L\u00f3pez\",\"image\":{\"@type\":\"ImageObject\",\"inLanguage\":\"es\",\"@id\":\"https:\\\/\\\/diarioprincipios.com\\\/wp-content\\\/litespeed\\\/avatar\\\/11ddfe5610ff3bd100522525b2571f48.jpg?ver=1777048341\",\"url\":\"https:\\\/\\\/diarioprincipios.com\\\/wp-content\\\/litespeed\\\/avatar\\\/11ddfe5610ff3bd100522525b2571f48.jpg?ver=1777048341\",\"contentUrl\":\"https:\\\/\\\/diarioprincipios.com\\\/wp-content\\\/litespeed\\\/avatar\\\/11ddfe5610ff3bd100522525b2571f48.jpg?ver=1777048341\",\"caption\":\"Hern\u00e1n L\u00f3pez\"},\"url\":\"https:\\\/\\\/diarioprincipios.com\\\/index.php\\\/author\\\/hernan\\\/\"}]}<\/script>\n<!-- \/ Yoast SEO plugin. -->","yoast_head_json":{"title":"Jefe de epidemi\u00f3logos de EEUU advierte al Congreso que reapertura descontrolada causar\u00eda un rebrote - Principios","robots":{"index":"index","follow":"follow","max-snippet":"max-snippet:-1","max-image-preview":"max-image-preview:large","max-video-preview":"max-video-preview:-1"},"canonical":"https:\/\/diarioprincipios.com\/index.php\/2020\/05\/12\/jefe-de-epidemiologos-de-eeuu-advierte-al-congreso-que-reapertura-descontrolada-causaria-un-rebrote\/","og_locale":"es_ES","og_type":"article","og_title":"Jefe de epidemi\u00f3logos de EEUU advierte al Congreso que reapertura descontrolada causar\u00eda un rebrote - Principios","og_description":"La m\u00e1xima autoridad de Estados Unidos en enfermedades infecciosas, el doctor Anthony Fauci, advirti\u00f3 hoy al Congreso que una reapertura demasiado apresurada de la econom\u00eda provocar\u00e1 \u00abconsecuencias que podr\u00edan ser realmente graves\u00bb en el pa\u00eds m\u00e1s afectado por la pandemia de coronavirus. En una intervencci\u00f3n por teleconferencia ante la Comisi\u00f3n de Salud, Trabajo y Pensiones...","og_url":"https:\/\/diarioprincipios.com\/index.php\/2020\/05\/12\/jefe-de-epidemiologos-de-eeuu-advierte-al-congreso-que-reapertura-descontrolada-causaria-un-rebrote\/","og_site_name":"Principios","article_published_time":"2020-05-12T18:24:48+00:00","article_modified_time":"2020-05-12T18:24:51+00:00","og_image":[{"width":670,"height":504,"url":"https:\/\/diarioprincipios.com\/wp-content\/uploads\/2020\/05\/Times-Square-in-New-York.jpg","type":"image\/jpeg"}],"author":"Hern\u00e1n L\u00f3pez","twitter_card":"summary_large_image","twitter_misc":{"Escrito por":"Hern\u00e1n L\u00f3pez","Tiempo de lectura":"3 minutos"},"schema":{"@context":"https:\/\/schema.org","@graph":[{"@type":"Article","@id":"https:\/\/diarioprincipios.com\/index.php\/2020\/05\/12\/jefe-de-epidemiologos-de-eeuu-advierte-al-congreso-que-reapertura-descontrolada-causaria-un-rebrote\/#article","isPartOf":{"@id":"https:\/\/diarioprincipios.com\/index.php\/2020\/05\/12\/jefe-de-epidemiologos-de-eeuu-advierte-al-congreso-que-reapertura-descontrolada-causaria-un-rebrote\/"},"author":{"name":"Hern\u00e1n L\u00f3pez","@id":"https:\/\/diarioprincipios.com\/#\/schema\/person\/436d5a1fd41a5e250e23ff5a6a7cb080"},"headline":"Jefe de epidemi\u00f3logos de EEUU advierte al Congreso que reapertura descontrolada causar\u00eda un rebrote","datePublished":"2020-05-12T18:24:48+00:00","dateModified":"2020-05-12T18:24:51+00:00","mainEntityOfPage":{"@id":"https:\/\/diarioprincipios.com\/index.php\/2020\/05\/12\/jefe-de-epidemiologos-de-eeuu-advierte-al-congreso-que-reapertura-descontrolada-causaria-un-rebrote\/"},"wordCount":517,"commentCount":0,"publisher":{"@id":"https:\/\/diarioprincipios.com\/#organization"},"image":{"@id":"https:\/\/diarioprincipios.com\/index.php\/2020\/05\/12\/jefe-de-epidemiologos-de-eeuu-advierte-al-congreso-que-reapertura-descontrolada-causaria-un-rebrote\/#primaryimage"},"thumbnailUrl":"https:\/\/diarioprincipios.com\/wp-content\/uploads\/2020\/05\/Times-Square-in-New-York.jpg","articleSection":["Uncategorized"],"inLanguage":"es","potentialAction":[{"@type":"CommentAction","name":"Comment","target":["https:\/\/diarioprincipios.com\/index.php\/2020\/05\/12\/jefe-de-epidemiologos-de-eeuu-advierte-al-congreso-que-reapertura-descontrolada-causaria-un-rebrote\/#respond"]}]},{"@type":"WebPage","@id":"https:\/\/diarioprincipios.com\/index.php\/2020\/05\/12\/jefe-de-epidemiologos-de-eeuu-advierte-al-congreso-que-reapertura-descontrolada-causaria-un-rebrote\/","url":"https:\/\/diarioprincipios.com\/index.php\/2020\/05\/12\/jefe-de-epidemiologos-de-eeuu-advierte-al-congreso-que-reapertura-descontrolada-causaria-un-rebrote\/","name":"Jefe de epidemi\u00f3logos de EEUU advierte al Congreso que reapertura descontrolada causar\u00eda un rebrote - Principios","isPartOf":{"@id":"https:\/\/diarioprincipios.com\/#website"},"primaryImageOfPage":{"@id":"https:\/\/diarioprincipios.com\/index.php\/2020\/05\/12\/jefe-de-epidemiologos-de-eeuu-advierte-al-congreso-que-reapertura-descontrolada-causaria-un-rebrote\/#primaryimage"},"image":{"@id":"https:\/\/diarioprincipios.com\/index.php\/2020\/05\/12\/jefe-de-epidemiologos-de-eeuu-advierte-al-congreso-que-reapertura-descontrolada-causaria-un-rebrote\/#primaryimage"},"thumbnailUrl":"https:\/\/diarioprincipios.com\/wp-content\/uploads\/2020\/05\/Times-Square-in-New-York.jpg","datePublished":"2020-05-12T18:24:48+00:00","dateModified":"2020-05-12T18:24:51+00:00","breadcrumb":{"@id":"https:\/\/diarioprincipios.com\/index.php\/2020\/05\/12\/jefe-de-epidemiologos-de-eeuu-advierte-al-congreso-que-reapertura-descontrolada-causaria-un-rebrote\/#breadcrumb"},"inLanguage":"es","potentialAction":[{"@type":"ReadAction","target":["https:\/\/diarioprincipios.com\/index.php\/2020\/05\/12\/jefe-de-epidemiologos-de-eeuu-advierte-al-congreso-que-reapertura-descontrolada-causaria-un-rebrote\/"]}]},{"@type":"ImageObject","inLanguage":"es","@id":"https:\/\/diarioprincipios.com\/index.php\/2020\/05\/12\/jefe-de-epidemiologos-de-eeuu-advierte-al-congreso-que-reapertura-descontrolada-causaria-un-rebrote\/#primaryimage","url":"https:\/\/diarioprincipios.com\/wp-content\/uploads\/2020\/05\/Times-Square-in-New-York.jpg","contentUrl":"https:\/\/diarioprincipios.com\/wp-content\/uploads\/2020\/05\/Times-Square-in-New-York.jpg","width":670,"height":504},{"@type":"BreadcrumbList","@id":"https:\/\/diarioprincipios.com\/index.php\/2020\/05\/12\/jefe-de-epidemiologos-de-eeuu-advierte-al-congreso-que-reapertura-descontrolada-causaria-un-rebrote\/#breadcrumb","itemListElement":[{"@type":"ListItem","position":1,"name":"Portada","item":"https:\/\/diarioprincipios.com\/"},{"@type":"ListItem","position":2,"name":"Jefe de epidemi\u00f3logos de EEUU advierte al Congreso que reapertura descontrolada causar\u00eda un rebrote"}]},{"@type":"WebSite","@id":"https:\/\/diarioprincipios.com\/#website","url":"https:\/\/diarioprincipios.com\/","name":"Principios","description":"Principios Diario","publisher":{"@id":"https:\/\/diarioprincipios.com\/#organization"},"potentialAction":[{"@type":"SearchAction","target":{"@type":"EntryPoint","urlTemplate":"https:\/\/diarioprincipios.com\/?s={search_term_string}"},"query-input":{"@type":"PropertyValueSpecification","valueRequired":true,"valueName":"search_term_string"}}],"inLanguage":"es"},{"@type":"Organization","@id":"https:\/\/diarioprincipios.com\/#organization","name":"Principios","url":"https:\/\/diarioprincipios.com\/","logo":{"@type":"ImageObject","inLanguage":"es","@id":"https:\/\/diarioprincipios.com\/#\/schema\/logo\/image\/","url":"https:\/\/diarioprincipios.com\/wp-content\/uploads\/2024\/04\/cropped-www.diarioprincipios.com_-1.png","contentUrl":"https:\/\/diarioprincipios.com\/wp-content\/uploads\/2024\/04\/cropped-www.diarioprincipios.com_-1.png","width":5325,"height":1454,"caption":"Principios"},"image":{"@id":"https:\/\/diarioprincipios.com\/#\/schema\/logo\/image\/"}},{"@type":"Person","@id":"https:\/\/diarioprincipios.com\/#\/schema\/person\/436d5a1fd41a5e250e23ff5a6a7cb080","name":"Hern\u00e1n L\u00f3pez","image":{"@type":"ImageObject","inLanguage":"es","@id":"https:\/\/diarioprincipios.com\/wp-content\/litespeed\/avatar\/11ddfe5610ff3bd100522525b2571f48.jpg?ver=1777048341","url":"https:\/\/diarioprincipios.com\/wp-content\/litespeed\/avatar\/11ddfe5610ff3bd100522525b2571f48.jpg?ver=1777048341","contentUrl":"https:\/\/diarioprincipios.com\/wp-content\/litespeed\/avatar\/11ddfe5610ff3bd100522525b2571f48.jpg?ver=1777048341","caption":"Hern\u00e1n L\u00f3pez"},"url":"https:\/\/diarioprincipios.com\/index.php\/author\/hernan\/"}]}},"jetpack_featured_media_url":"https:\/\/diarioprincipios.com\/wp-content\/uploads\/2020\/05\/Times-Square-in-New-York.jpg","_links":{"self":[{"href":"https:\/\/diarioprincipios.com\/index.php\/wp-json\/wp\/v2\/posts\/1462","targetHints":{"allow":["GET"]}}],"collection":[{"href":"https:\/\/diarioprincipios.com\/index.php\/wp-json\/wp\/v2\/posts"}],"about":[{"href":"https:\/\/diarioprincipios.com\/index.php\/wp-json\/wp\/v2\/types\/post"}],"author":[{"embeddable":true,"href":"https:\/\/diarioprincipios.com\/index.php\/wp-json\/wp\/v2\/users\/2"}],"replies":[{"embeddable":true,"href":"https:\/\/diarioprincipios.com\/index.php\/wp-json\/wp\/v2\/comments?post=1462"}],"version-history":[{"count":1,"href":"https:\/\/diarioprincipios.com\/index.php\/wp-json\/wp\/v2\/posts\/1462\/revisions"}],"predecessor-version":[{"id":1464,"href":"https:\/\/diarioprincipios.com\/index.php\/wp-json\/wp\/v2\/posts\/1462\/revisions\/1464"}],"wp:featuredmedia":[{"embeddable":true,"href":"https:\/\/diarioprincipios.com\/index.php\/wp-json\/wp\/v2\/media\/1463"}],"wp:attachment":[{"href":"https:\/\/diarioprincipios.com\/index.php\/wp-json\/wp\/v2\/media?parent=1462"}],"wp:term":[{"taxonomy":"category","embeddable":true,"href":"https:\/\/diarioprincipios.com\/index.php\/wp-json\/wp\/v2\/categories?post=1462"},{"taxonomy":"post_tag","embeddable":true,"href":"https:\/\/diarioprincipios.com\/index.php\/wp-json\/wp\/v2\/tags?post=1462"}],"curies":[{"name":"wp","href":"https:\/\/api.w.org\/{rel}","templated":true}]}}