{"id":1458,"date":"2020-05-12T17:11:24","date_gmt":"2020-05-12T17:11:24","guid":{"rendered":"http:\/\/diarioprincipios.com\/?p=1458"},"modified":"2020-05-12T17:12:09","modified_gmt":"2020-05-12T17:12:09","slug":"ferraresi-y-daniel-arroyo-recorrieron-la-cooperativa-de-la-union-solidaria-de-trabajadores","status":"publish","type":"post","link":"https:\/\/diarioprincipios.com\/index.php\/2020\/05\/12\/ferraresi-y-daniel-arroyo-recorrieron-la-cooperativa-de-la-union-solidaria-de-trabajadores\/","title":{"rendered":"Ferraresi y Daniel Arroyo recorrieron en Wilde la Cooperativa de la Uni\u00f3n Solidaria de Trabajadores"},"content":{"rendered":"\n<p>El intendente de Avellaneda, Jorge Ferraresi junto al Ministro de Desarrollo de la Naci\u00f3n, Daniel Arroyo visitaron la Cooperativa de la UST ubicada en Wilde en donde funciona un proyecto agroecol\u00f3gico que incluye una huerta, vivero y granja educativa.<\/p>\n\n\n\n<p>Durante la recorrida, lxs trabajadorxs explicaron el funcionamiento del lugar, su desarrollo comunitario y el trabajo en conjunto con el Estado municipal.<\/p>\n\n\n\n<p>La comitiva tambi\u00e9n visit\u00f3 el Polideportivo de la UST en donde m\u00e1s de 300 chicos y chicas del barrio participan de las diferentes actividades.<\/p>\n\n\n\n<p>Estuvieron presentes el fundador de la UST, Mario Barrios; el Secretario General de ATE Buenos Aires, Oscar de Isasi entre otros gremialistas y cooperativistas.<\/p>\n","protected":false},"excerpt":{"rendered":"<p>El intendente de Avellaneda, Jorge Ferraresi junto al Ministro de Desarrollo de la Naci\u00f3n, Daniel Arroyo visitaron la Cooperativa de la UST ubicada en Wilde en donde funciona un proyecto agroecol\u00f3gico que incluye una huerta, vivero y granja educativa. Durante la recorrida, lxs trabajadorxs explicaron el funcionamiento del lugar, su desarrollo comunitario y el trabajo&#8230;<\/p>\n","protected":false},"author":2,"featured_media":1459,"comment_status":"open","ping_status":"open","sticky":false,"template":"","format":"standard","meta":{"footnotes":""},"categories":[5],"tags":[],"class_list":["post-1458","post","type-post","status-publish","format-standard","has-post-thumbnail","hentry","category-avellaneda"],"featured_image_src":"https:\/\/diarioprincipios.com\/wp-content\/uploads\/2020\/05\/684e94d8-5dc4-41b4-9ecd-dac4b05458ab-1024x612.jpg","blog_images":{"medium":"https:\/\/diarioprincipios.com\/wp-content\/uploads\/2020\/05\/684e94d8-5dc4-41b4-9ecd-dac4b05458ab-300x179.jpg","large":"https:\/\/diarioprincipios.com\/wp-content\/uploads\/2020\/05\/684e94d8-5dc4-41b4-9ecd-dac4b05458ab-1024x612.jpg"},"ams_acf":[],"yoast_head":"<!-- This site is optimized with the Yoast SEO plugin v27.3 - https:\/\/yoast.com\/product\/yoast-seo-wordpress\/ -->\n<title>Ferraresi y Daniel Arroyo recorrieron en Wilde la Cooperativa de la Uni\u00f3n Solidaria de Trabajadores - Principios<\/title>\n<meta name=\"robots\" content=\"index, follow, max-snippet:-1, max-image-preview:large, max-video-preview:-1\" \/>\n<link rel=\"canonical\" href=\"https:\/\/diarioprincipios.com\/index.php\/2020\/05\/12\/ferraresi-y-daniel-arroyo-recorrieron-la-cooperativa-de-la-union-solidaria-de-trabajadores\/\" \/>\n<meta property=\"og:locale\" content=\"es_ES\" \/>\n<meta property=\"og:type\" content=\"article\" \/>\n<meta property=\"og:title\" content=\"Ferraresi y Daniel Arroyo recorrieron en Wilde la Cooperativa de la Uni\u00f3n Solidaria de Trabajadores - Principios\" \/>\n<meta property=\"og:description\" content=\"El intendente de Avellaneda, Jorge Ferraresi junto al Ministro de Desarrollo de la Naci\u00f3n, Daniel Arroyo visitaron la Cooperativa de la UST ubicada en Wilde en donde funciona un proyecto agroecol\u00f3gico que incluye una huerta, vivero y granja educativa. Durante la recorrida, lxs trabajadorxs explicaron el funcionamiento del lugar, su desarrollo comunitario y el trabajo...\" \/>\n<meta property=\"og:url\" content=\"https:\/\/diarioprincipios.com\/index.php\/2020\/05\/12\/ferraresi-y-daniel-arroyo-recorrieron-la-cooperativa-de-la-union-solidaria-de-trabajadores\/\" \/>\n<meta property=\"og:site_name\" content=\"Principios\" \/>\n<meta property=\"article:published_time\" content=\"2020-05-12T17:11:24+00:00\" \/>\n<meta property=\"article:modified_time\" content=\"2020-05-12T17:12:09+00:00\" \/>\n<meta property=\"og:image\" content=\"https:\/\/diarioprincipios.com\/wp-content\/uploads\/2020\/05\/684e94d8-5dc4-41b4-9ecd-dac4b05458ab.jpg\" \/>\n\t<meta property=\"og:image:width\" content=\"1069\" \/>\n\t<meta property=\"og:image:height\" content=\"639\" \/>\n\t<meta property=\"og:image:type\" content=\"image\/jpeg\" \/>\n<meta name=\"author\" content=\"Hern\u00e1n L\u00f3pez\" \/>\n<meta name=\"twitter:card\" content=\"summary_large_image\" \/>\n<meta name=\"twitter:label1\" content=\"Escrito por\" \/>\n\t<meta name=\"twitter:data1\" content=\"Hern\u00e1n L\u00f3pez\" \/>\n\t<meta name=\"twitter:label2\" content=\"Tiempo de lectura\" \/>\n\t<meta name=\"twitter:data2\" content=\"1 minuto\" \/>\n<script type=\"application\/ld+json\" class=\"yoast-schema-graph\">{\"@context\":\"https:\\\/\\\/schema.org\",\"@graph\":[{\"@type\":\"Article\",\"@id\":\"https:\\\/\\\/diarioprincipios.com\\\/index.php\\\/2020\\\/05\\\/12\\\/ferraresi-y-daniel-arroyo-recorrieron-la-cooperativa-de-la-union-solidaria-de-trabajadores\\\/#article\",\"isPartOf\":{\"@id\":\"https:\\\/\\\/diarioprincipios.com\\\/index.php\\\/2020\\\/05\\\/12\\\/ferraresi-y-daniel-arroyo-recorrieron-la-cooperativa-de-la-union-solidaria-de-trabajadores\\\/\"},\"author\":{\"name\":\"Hern\u00e1n L\u00f3pez\",\"@id\":\"https:\\\/\\\/diarioprincipios.com\\\/#\\\/schema\\\/person\\\/436d5a1fd41a5e250e23ff5a6a7cb080\"},\"headline\":\"Ferraresi y Daniel Arroyo recorrieron en Wilde la Cooperativa de la Uni\u00f3n Solidaria de Trabajadores\",\"datePublished\":\"2020-05-12T17:11:24+00:00\",\"dateModified\":\"2020-05-12T17:12:09+00:00\",\"mainEntityOfPage\":{\"@id\":\"https:\\\/\\\/diarioprincipios.com\\\/index.php\\\/2020\\\/05\\\/12\\\/ferraresi-y-daniel-arroyo-recorrieron-la-cooperativa-de-la-union-solidaria-de-trabajadores\\\/\"},\"wordCount\":128,\"commentCount\":0,\"publisher\":{\"@id\":\"https:\\\/\\\/diarioprincipios.com\\\/#organization\"},\"image\":{\"@id\":\"https:\\\/\\\/diarioprincipios.com\\\/index.php\\\/2020\\\/05\\\/12\\\/ferraresi-y-daniel-arroyo-recorrieron-la-cooperativa-de-la-union-solidaria-de-trabajadores\\\/#primaryimage\"},\"thumbnailUrl\":\"https:\\\/\\\/diarioprincipios.com\\\/wp-content\\\/uploads\\\/2020\\\/05\\\/684e94d8-5dc4-41b4-9ecd-dac4b05458ab.jpg\",\"articleSection\":[\"Avellaneda\"],\"inLanguage\":\"es\",\"potentialAction\":[{\"@type\":\"CommentAction\",\"name\":\"Comment\",\"target\":[\"https:\\\/\\\/diarioprincipios.com\\\/index.php\\\/2020\\\/05\\\/12\\\/ferraresi-y-daniel-arroyo-recorrieron-la-cooperativa-de-la-union-solidaria-de-trabajadores\\\/#respond\"]}]},{\"@type\":\"WebPage\",\"@id\":\"https:\\\/\\\/diarioprincipios.com\\\/index.php\\\/2020\\\/05\\\/12\\\/ferraresi-y-daniel-arroyo-recorrieron-la-cooperativa-de-la-union-solidaria-de-trabajadores\\\/\",\"url\":\"https:\\\/\\\/diarioprincipios.com\\\/index.php\\\/2020\\\/05\\\/12\\\/ferraresi-y-daniel-arroyo-recorrieron-la-cooperativa-de-la-union-solidaria-de-trabajadores\\\/\",\"name\":\"Ferraresi y Daniel Arroyo recorrieron en Wilde la Cooperativa de la Uni\u00f3n Solidaria de Trabajadores - Principios\",\"isPartOf\":{\"@id\":\"https:\\\/\\\/diarioprincipios.com\\\/#website\"},\"primaryImageOfPage\":{\"@id\":\"https:\\\/\\\/diarioprincipios.com\\\/index.php\\\/2020\\\/05\\\/12\\\/ferraresi-y-daniel-arroyo-recorrieron-la-cooperativa-de-la-union-solidaria-de-trabajadores\\\/#primaryimage\"},\"image\":{\"@id\":\"https:\\\/\\\/diarioprincipios.com\\\/index.php\\\/2020\\\/05\\\/12\\\/ferraresi-y-daniel-arroyo-recorrieron-la-cooperativa-de-la-union-solidaria-de-trabajadores\\\/#primaryimage\"},\"thumbnailUrl\":\"https:\\\/\\\/diarioprincipios.com\\\/wp-content\\\/uploads\\\/2020\\\/05\\\/684e94d8-5dc4-41b4-9ecd-dac4b05458ab.jpg\",\"datePublished\":\"2020-05-12T17:11:24+00:00\",\"dateModified\":\"2020-05-12T17:12:09+00:00\",\"breadcrumb\":{\"@id\":\"https:\\\/\\\/diarioprincipios.com\\\/index.php\\\/2020\\\/05\\\/12\\\/ferraresi-y-daniel-arroyo-recorrieron-la-cooperativa-de-la-union-solidaria-de-trabajadores\\\/#breadcrumb\"},\"inLanguage\":\"es\",\"potentialAction\":[{\"@type\":\"ReadAction\",\"target\":[\"https:\\\/\\\/diarioprincipios.com\\\/index.php\\\/2020\\\/05\\\/12\\\/ferraresi-y-daniel-arroyo-recorrieron-la-cooperativa-de-la-union-solidaria-de-trabajadores\\\/\"]}]},{\"@type\":\"ImageObject\",\"inLanguage\":\"es\",\"@id\":\"https:\\\/\\\/diarioprincipios.com\\\/index.php\\\/2020\\\/05\\\/12\\\/ferraresi-y-daniel-arroyo-recorrieron-la-cooperativa-de-la-union-solidaria-de-trabajadores\\\/#primaryimage\",\"url\":\"https:\\\/\\\/diarioprincipios.com\\\/wp-content\\\/uploads\\\/2020\\\/05\\\/684e94d8-5dc4-41b4-9ecd-dac4b05458ab.jpg\",\"contentUrl\":\"https:\\\/\\\/diarioprincipios.com\\\/wp-content\\\/uploads\\\/2020\\\/05\\\/684e94d8-5dc4-41b4-9ecd-dac4b05458ab.jpg\",\"width\":1069,\"height\":639},{\"@type\":\"BreadcrumbList\",\"@id\":\"https:\\\/\\\/diarioprincipios.com\\\/index.php\\\/2020\\\/05\\\/12\\\/ferraresi-y-daniel-arroyo-recorrieron-la-cooperativa-de-la-union-solidaria-de-trabajadores\\\/#breadcrumb\",\"itemListElement\":[{\"@type\":\"ListItem\",\"position\":1,\"name\":\"Portada\",\"item\":\"https:\\\/\\\/diarioprincipios.com\\\/\"},{\"@type\":\"ListItem\",\"position\":2,\"name\":\"Ferraresi y Daniel Arroyo recorrieron en Wilde la Cooperativa de la Uni\u00f3n Solidaria de Trabajadores\"}]},{\"@type\":\"WebSite\",\"@id\":\"https:\\\/\\\/diarioprincipios.com\\\/#website\",\"url\":\"https:\\\/\\\/diarioprincipios.com\\\/\",\"name\":\"Principios\",\"description\":\"Principios Diario\",\"publisher\":{\"@id\":\"https:\\\/\\\/diarioprincipios.com\\\/#organization\"},\"potentialAction\":[{\"@type\":\"SearchAction\",\"target\":{\"@type\":\"EntryPoint\",\"urlTemplate\":\"https:\\\/\\\/diarioprincipios.com\\\/?s={search_term_string}\"},\"query-input\":{\"@type\":\"PropertyValueSpecification\",\"valueRequired\":true,\"valueName\":\"search_term_string\"}}],\"inLanguage\":\"es\"},{\"@type\":\"Organization\",\"@id\":\"https:\\\/\\\/diarioprincipios.com\\\/#organization\",\"name\":\"Principios\",\"url\":\"https:\\\/\\\/diarioprincipios.com\\\/\",\"logo\":{\"@type\":\"ImageObject\",\"inLanguage\":\"es\",\"@id\":\"https:\\\/\\\/diarioprincipios.com\\\/#\\\/schema\\\/logo\\\/image\\\/\",\"url\":\"https:\\\/\\\/diarioprincipios.com\\\/wp-content\\\/uploads\\\/2024\\\/04\\\/cropped-www.diarioprincipios.com_-1.png\",\"contentUrl\":\"https:\\\/\\\/diarioprincipios.com\\\/wp-content\\\/uploads\\\/2024\\\/04\\\/cropped-www.diarioprincipios.com_-1.png\",\"width\":5325,\"height\":1454,\"caption\":\"Principios\"},\"image\":{\"@id\":\"https:\\\/\\\/diarioprincipios.com\\\/#\\\/schema\\\/logo\\\/image\\\/\"}},{\"@type\":\"Person\",\"@id\":\"https:\\\/\\\/diarioprincipios.com\\\/#\\\/schema\\\/person\\\/436d5a1fd41a5e250e23ff5a6a7cb080\",\"name\":\"Hern\u00e1n L\u00f3pez\",\"image\":{\"@type\":\"ImageObject\",\"inLanguage\":\"es\",\"@id\":\"https:\\\/\\\/diarioprincipios.com\\\/wp-content\\\/litespeed\\\/avatar\\\/11ddfe5610ff3bd100522525b2571f48.jpg?ver=1777048341\",\"url\":\"https:\\\/\\\/diarioprincipios.com\\\/wp-content\\\/litespeed\\\/avatar\\\/11ddfe5610ff3bd100522525b2571f48.jpg?ver=1777048341\",\"contentUrl\":\"https:\\\/\\\/diarioprincipios.com\\\/wp-content\\\/litespeed\\\/avatar\\\/11ddfe5610ff3bd100522525b2571f48.jpg?ver=1777048341\",\"caption\":\"Hern\u00e1n L\u00f3pez\"},\"url\":\"https:\\\/\\\/diarioprincipios.com\\\/index.php\\\/author\\\/hernan\\\/\"}]}<\/script>\n<!-- \/ Yoast SEO plugin. -->","yoast_head_json":{"title":"Ferraresi y Daniel Arroyo recorrieron en Wilde la Cooperativa de la Uni\u00f3n Solidaria de Trabajadores - Principios","robots":{"index":"index","follow":"follow","max-snippet":"max-snippet:-1","max-image-preview":"max-image-preview:large","max-video-preview":"max-video-preview:-1"},"canonical":"https:\/\/diarioprincipios.com\/index.php\/2020\/05\/12\/ferraresi-y-daniel-arroyo-recorrieron-la-cooperativa-de-la-union-solidaria-de-trabajadores\/","og_locale":"es_ES","og_type":"article","og_title":"Ferraresi y Daniel Arroyo recorrieron en Wilde la Cooperativa de la Uni\u00f3n Solidaria de Trabajadores - Principios","og_description":"El intendente de Avellaneda, Jorge Ferraresi junto al Ministro de Desarrollo de la Naci\u00f3n, Daniel Arroyo visitaron la Cooperativa de la UST ubicada en Wilde en donde funciona un proyecto agroecol\u00f3gico que incluye una huerta, vivero y granja educativa. Durante la recorrida, lxs trabajadorxs explicaron el funcionamiento del lugar, su desarrollo comunitario y el trabajo...","og_url":"https:\/\/diarioprincipios.com\/index.php\/2020\/05\/12\/ferraresi-y-daniel-arroyo-recorrieron-la-cooperativa-de-la-union-solidaria-de-trabajadores\/","og_site_name":"Principios","article_published_time":"2020-05-12T17:11:24+00:00","article_modified_time":"2020-05-12T17:12:09+00:00","og_image":[{"width":1069,"height":639,"url":"https:\/\/diarioprincipios.com\/wp-content\/uploads\/2020\/05\/684e94d8-5dc4-41b4-9ecd-dac4b05458ab.jpg","type":"image\/jpeg"}],"author":"Hern\u00e1n L\u00f3pez","twitter_card":"summary_large_image","twitter_misc":{"Escrito por":"Hern\u00e1n L\u00f3pez","Tiempo de lectura":"1 minuto"},"schema":{"@context":"https:\/\/schema.org","@graph":[{"@type":"Article","@id":"https:\/\/diarioprincipios.com\/index.php\/2020\/05\/12\/ferraresi-y-daniel-arroyo-recorrieron-la-cooperativa-de-la-union-solidaria-de-trabajadores\/#article","isPartOf":{"@id":"https:\/\/diarioprincipios.com\/index.php\/2020\/05\/12\/ferraresi-y-daniel-arroyo-recorrieron-la-cooperativa-de-la-union-solidaria-de-trabajadores\/"},"author":{"name":"Hern\u00e1n L\u00f3pez","@id":"https:\/\/diarioprincipios.com\/#\/schema\/person\/436d5a1fd41a5e250e23ff5a6a7cb080"},"headline":"Ferraresi y Daniel Arroyo recorrieron en Wilde la Cooperativa de la Uni\u00f3n Solidaria de Trabajadores","datePublished":"2020-05-12T17:11:24+00:00","dateModified":"2020-05-12T17:12:09+00:00","mainEntityOfPage":{"@id":"https:\/\/diarioprincipios.com\/index.php\/2020\/05\/12\/ferraresi-y-daniel-arroyo-recorrieron-la-cooperativa-de-la-union-solidaria-de-trabajadores\/"},"wordCount":128,"commentCount":0,"publisher":{"@id":"https:\/\/diarioprincipios.com\/#organization"},"image":{"@id":"https:\/\/diarioprincipios.com\/index.php\/2020\/05\/12\/ferraresi-y-daniel-arroyo-recorrieron-la-cooperativa-de-la-union-solidaria-de-trabajadores\/#primaryimage"},"thumbnailUrl":"https:\/\/diarioprincipios.com\/wp-content\/uploads\/2020\/05\/684e94d8-5dc4-41b4-9ecd-dac4b05458ab.jpg","articleSection":["Avellaneda"],"inLanguage":"es","potentialAction":[{"@type":"CommentAction","name":"Comment","target":["https:\/\/diarioprincipios.com\/index.php\/2020\/05\/12\/ferraresi-y-daniel-arroyo-recorrieron-la-cooperativa-de-la-union-solidaria-de-trabajadores\/#respond"]}]},{"@type":"WebPage","@id":"https:\/\/diarioprincipios.com\/index.php\/2020\/05\/12\/ferraresi-y-daniel-arroyo-recorrieron-la-cooperativa-de-la-union-solidaria-de-trabajadores\/","url":"https:\/\/diarioprincipios.com\/index.php\/2020\/05\/12\/ferraresi-y-daniel-arroyo-recorrieron-la-cooperativa-de-la-union-solidaria-de-trabajadores\/","name":"Ferraresi y Daniel Arroyo recorrieron en Wilde la Cooperativa de la Uni\u00f3n Solidaria de Trabajadores - Principios","isPartOf":{"@id":"https:\/\/diarioprincipios.com\/#website"},"primaryImageOfPage":{"@id":"https:\/\/diarioprincipios.com\/index.php\/2020\/05\/12\/ferraresi-y-daniel-arroyo-recorrieron-la-cooperativa-de-la-union-solidaria-de-trabajadores\/#primaryimage"},"image":{"@id":"https:\/\/diarioprincipios.com\/index.php\/2020\/05\/12\/ferraresi-y-daniel-arroyo-recorrieron-la-cooperativa-de-la-union-solidaria-de-trabajadores\/#primaryimage"},"thumbnailUrl":"https:\/\/diarioprincipios.com\/wp-content\/uploads\/2020\/05\/684e94d8-5dc4-41b4-9ecd-dac4b05458ab.jpg","datePublished":"2020-05-12T17:11:24+00:00","dateModified":"2020-05-12T17:12:09+00:00","breadcrumb":{"@id":"https:\/\/diarioprincipios.com\/index.php\/2020\/05\/12\/ferraresi-y-daniel-arroyo-recorrieron-la-cooperativa-de-la-union-solidaria-de-trabajadores\/#breadcrumb"},"inLanguage":"es","potentialAction":[{"@type":"ReadAction","target":["https:\/\/diarioprincipios.com\/index.php\/2020\/05\/12\/ferraresi-y-daniel-arroyo-recorrieron-la-cooperativa-de-la-union-solidaria-de-trabajadores\/"]}]},{"@type":"ImageObject","inLanguage":"es","@id":"https:\/\/diarioprincipios.com\/index.php\/2020\/05\/12\/ferraresi-y-daniel-arroyo-recorrieron-la-cooperativa-de-la-union-solidaria-de-trabajadores\/#primaryimage","url":"https:\/\/diarioprincipios.com\/wp-content\/uploads\/2020\/05\/684e94d8-5dc4-41b4-9ecd-dac4b05458ab.jpg","contentUrl":"https:\/\/diarioprincipios.com\/wp-content\/uploads\/2020\/05\/684e94d8-5dc4-41b4-9ecd-dac4b05458ab.jpg","width":1069,"height":639},{"@type":"BreadcrumbList","@id":"https:\/\/diarioprincipios.com\/index.php\/2020\/05\/12\/ferraresi-y-daniel-arroyo-recorrieron-la-cooperativa-de-la-union-solidaria-de-trabajadores\/#breadcrumb","itemListElement":[{"@type":"ListItem","position":1,"name":"Portada","item":"https:\/\/diarioprincipios.com\/"},{"@type":"ListItem","position":2,"name":"Ferraresi y Daniel Arroyo recorrieron en Wilde la Cooperativa de la Uni\u00f3n Solidaria de Trabajadores"}]},{"@type":"WebSite","@id":"https:\/\/diarioprincipios.com\/#website","url":"https:\/\/diarioprincipios.com\/","name":"Principios","description":"Principios Diario","publisher":{"@id":"https:\/\/diarioprincipios.com\/#organization"},"potentialAction":[{"@type":"SearchAction","target":{"@type":"EntryPoint","urlTemplate":"https:\/\/diarioprincipios.com\/?s={search_term_string}"},"query-input":{"@type":"PropertyValueSpecification","valueRequired":true,"valueName":"search_term_string"}}],"inLanguage":"es"},{"@type":"Organization","@id":"https:\/\/diarioprincipios.com\/#organization","name":"Principios","url":"https:\/\/diarioprincipios.com\/","logo":{"@type":"ImageObject","inLanguage":"es","@id":"https:\/\/diarioprincipios.com\/#\/schema\/logo\/image\/","url":"https:\/\/diarioprincipios.com\/wp-content\/uploads\/2024\/04\/cropped-www.diarioprincipios.com_-1.png","contentUrl":"https:\/\/diarioprincipios.com\/wp-content\/uploads\/2024\/04\/cropped-www.diarioprincipios.com_-1.png","width":5325,"height":1454,"caption":"Principios"},"image":{"@id":"https:\/\/diarioprincipios.com\/#\/schema\/logo\/image\/"}},{"@type":"Person","@id":"https:\/\/diarioprincipios.com\/#\/schema\/person\/436d5a1fd41a5e250e23ff5a6a7cb080","name":"Hern\u00e1n L\u00f3pez","image":{"@type":"ImageObject","inLanguage":"es","@id":"https:\/\/diarioprincipios.com\/wp-content\/litespeed\/avatar\/11ddfe5610ff3bd100522525b2571f48.jpg?ver=1777048341","url":"https:\/\/diarioprincipios.com\/wp-content\/litespeed\/avatar\/11ddfe5610ff3bd100522525b2571f48.jpg?ver=1777048341","contentUrl":"https:\/\/diarioprincipios.com\/wp-content\/litespeed\/avatar\/11ddfe5610ff3bd100522525b2571f48.jpg?ver=1777048341","caption":"Hern\u00e1n L\u00f3pez"},"url":"https:\/\/diarioprincipios.com\/index.php\/author\/hernan\/"}]}},"jetpack_featured_media_url":"https:\/\/diarioprincipios.com\/wp-content\/uploads\/2020\/05\/684e94d8-5dc4-41b4-9ecd-dac4b05458ab.jpg","_links":{"self":[{"href":"https:\/\/diarioprincipios.com\/index.php\/wp-json\/wp\/v2\/posts\/1458","targetHints":{"allow":["GET"]}}],"collection":[{"href":"https:\/\/diarioprincipios.com\/index.php\/wp-json\/wp\/v2\/posts"}],"about":[{"href":"https:\/\/diarioprincipios.com\/index.php\/wp-json\/wp\/v2\/types\/post"}],"author":[{"embeddable":true,"href":"https:\/\/diarioprincipios.com\/index.php\/wp-json\/wp\/v2\/users\/2"}],"replies":[{"embeddable":true,"href":"https:\/\/diarioprincipios.com\/index.php\/wp-json\/wp\/v2\/comments?post=1458"}],"version-history":[{"count":2,"href":"https:\/\/diarioprincipios.com\/index.php\/wp-json\/wp\/v2\/posts\/1458\/revisions"}],"predecessor-version":[{"id":1461,"href":"https:\/\/diarioprincipios.com\/index.php\/wp-json\/wp\/v2\/posts\/1458\/revisions\/1461"}],"wp:featuredmedia":[{"embeddable":true,"href":"https:\/\/diarioprincipios.com\/index.php\/wp-json\/wp\/v2\/media\/1459"}],"wp:attachment":[{"href":"https:\/\/diarioprincipios.com\/index.php\/wp-json\/wp\/v2\/media?parent=1458"}],"wp:term":[{"taxonomy":"category","embeddable":true,"href":"https:\/\/diarioprincipios.com\/index.php\/wp-json\/wp\/v2\/categories?post=1458"},{"taxonomy":"post_tag","embeddable":true,"href":"https:\/\/diarioprincipios.com\/index.php\/wp-json\/wp\/v2\/tags?post=1458"}],"curies":[{"name":"wp","href":"https:\/\/api.w.org\/{rel}","templated":true}]}}