{"id":14380,"date":"2022-08-24T22:56:45","date_gmt":"2022-08-25T01:56:45","guid":{"rendered":"http:\/\/diarioprincipios.com\/?p=14380"},"modified":"2022-08-25T19:38:15","modified_gmt":"2022-08-25T22:38:15","slug":"464-graduados-en-el-15-acto-de-egresados-del-plan-de-finalizacion-de-estudios-primarios-y-secundarios","status":"publish","type":"post","link":"https:\/\/diarioprincipios.com\/index.php\/2022\/08\/24\/464-graduados-en-el-15-acto-de-egresados-del-plan-de-finalizacion-de-estudios-primarios-y-secundarios\/","title":{"rendered":"464 graduados en el 15\u00b0 acto de egresados del Plan de Finalizaci\u00f3n de Estudios Primarios y Secundarios"},"content":{"rendered":"\n<p><strong>464 estudiantes se graduaron en el 15\u00b0 acto de egresados del Plan de Finalizaci\u00f3n de Estudios Primarios y Secundarios (FinEs), realizado en Berazategui. La ceremonia, muy emotiva, fue encabezada por el intendente Juan Jos\u00e9 Mussi en el Centro Municipal de Actividades Roberto De Vicenzo (calle 148 y 18).<\/strong><\/p>\n\n\n\n<p>Durante la entrega de diplomas, Mussi felicit\u00f3 a los egresados y afirm\u00f3: \u201cSabemos el esfuerzo que significa llegar a este momento. Estamos orgullosos de ustedes: 500 vecinos y vecinas de Berazategui que han llegado a recibir hoy este diploma. Agradezco especialmente a quienes lo hicieron posible. Mi gratitud hacia las y los profesores. Este pueblo lindo y grande hoy recibe a 500 diplomados que han dado un paso gigante y que ahora saldr\u00e1n a la vida competitiva con un t\u00edtulo. Nunca es tarde para la educaci\u00f3n. Me siento muy feliz y muy orgulloso, este es mi Berazategui\u201d.<\/p>\n\n\n\n<figure class=\"wp-block-image size-large\"><img loading=\"lazy\" decoding=\"async\" width=\"1024\" height=\"768\" src=\"https:\/\/diarioprincipios.com\/wp-content\/uploads\/2022\/08\/SE-GRADUARON-MAS-DE-460-ESTUDIANTES-DEL-PROGRAMA-FINES-2-6-1-1024x768.jpg\" alt=\"\" class=\"wp-image-14381\" srcset=\"https:\/\/diarioprincipios.com\/wp-content\/uploads\/2022\/08\/SE-GRADUARON-MAS-DE-460-ESTUDIANTES-DEL-PROGRAMA-FINES-2-6-1-1024x768.jpg 1024w, https:\/\/diarioprincipios.com\/wp-content\/uploads\/2022\/08\/SE-GRADUARON-MAS-DE-460-ESTUDIANTES-DEL-PROGRAMA-FINES-2-6-1-300x225.jpg 300w, https:\/\/diarioprincipios.com\/wp-content\/uploads\/2022\/08\/SE-GRADUARON-MAS-DE-460-ESTUDIANTES-DEL-PROGRAMA-FINES-2-6-1-768x576.jpg 768w, https:\/\/diarioprincipios.com\/wp-content\/uploads\/2022\/08\/SE-GRADUARON-MAS-DE-460-ESTUDIANTES-DEL-PROGRAMA-FINES-2-6-1-1536x1152.jpg 1536w, https:\/\/diarioprincipios.com\/wp-content\/uploads\/2022\/08\/SE-GRADUARON-MAS-DE-460-ESTUDIANTES-DEL-PROGRAMA-FINES-2-6-1.jpg 1597w\" sizes=\"auto, (max-width: 1024px) 100vw, 1024px\" \/><\/figure>\n\n\n\n<p>Desde que comenz\u00f3 a implementarse el Plan educativo nacional FinEs en la ciudad, en 2013, m\u00e1s de 13.200 estudiantes finalizaron sus estudios secundarios gracias a esta modalidad.<\/p>\n\n\n\n<p>Seguidamente, Alejandra Boschini, referente t\u00e9cnico territorial de la Direcci\u00f3n de J\u00f3venes, Adultos y Adultos mayores de la provincia de Buenos Aires, los felicit\u00f3 y les acerc\u00f3 el saludo del director general<a><\/a>&nbsp;de Cultura y Educaci\u00f3n, Alberto Sileoni; y de la directora provincial de Educaci\u00f3n de J\u00f3venes, Adultos y Adultos mayores de la provincia de Buenos Aires, Silvia Vilta. \u00abEsto no hubiese sido posible sin una presencia municipal en un Berazategui cada vez m\u00e1s bello y con muchos m\u00e1s progresos, a cargo del Dr. Mussi\u201d, asegur\u00f3.<\/p>\n\n\n\n<p>Estudiantes de 41 comisiones de nivel secundario finalizaron sus estudios: 15 de Berazategui Oeste, 7 de Pl\u00e1tanos, 6 de Berazategui Centro, 6 de Villa Espa\u00f1a, 5 de El Pato, 4 de Hudson, 3 de Sourigues y 2 de J. M. Guti\u00e9rrez. Tambi\u00e9n se graduaron 7 comisiones de formaci\u00f3n profesional: 3 de Berazategui, 2 de Hudson, una de Villa Espa\u00f1a y otra de Pl\u00e1tanos.<\/p>\n\n\n\n<p>En la actualidad, la matr\u00edcula total de estudiantes en adultos del distrito supera los 15.800 alumnos y alumnas tanto en la oferta educativa de nivel primario como secundario.<\/p>\n\n\n\n<figure class=\"wp-block-image size-large\"><img loading=\"lazy\" decoding=\"async\" width=\"1024\" height=\"683\" src=\"https:\/\/diarioprincipios.com\/wp-content\/uploads\/2022\/08\/SE-GRADUARON-MAS-DE-460-ESTUDIANTES-DEL-PROGRAMA-FINES-2-1-1024x683.jpg\" alt=\"\" class=\"wp-image-14382\" srcset=\"https:\/\/diarioprincipios.com\/wp-content\/uploads\/2022\/08\/SE-GRADUARON-MAS-DE-460-ESTUDIANTES-DEL-PROGRAMA-FINES-2-1-1024x683.jpg 1024w, https:\/\/diarioprincipios.com\/wp-content\/uploads\/2022\/08\/SE-GRADUARON-MAS-DE-460-ESTUDIANTES-DEL-PROGRAMA-FINES-2-1-300x200.jpg 300w, https:\/\/diarioprincipios.com\/wp-content\/uploads\/2022\/08\/SE-GRADUARON-MAS-DE-460-ESTUDIANTES-DEL-PROGRAMA-FINES-2-1-768x512.jpg 768w, https:\/\/diarioprincipios.com\/wp-content\/uploads\/2022\/08\/SE-GRADUARON-MAS-DE-460-ESTUDIANTES-DEL-PROGRAMA-FINES-2-1-1536x1024.jpg 1536w, https:\/\/diarioprincipios.com\/wp-content\/uploads\/2022\/08\/SE-GRADUARON-MAS-DE-460-ESTUDIANTES-DEL-PROGRAMA-FINES-2-1.jpg 1920w\" sizes=\"auto, (max-width: 1024px) 100vw, 1024px\" \/><\/figure>\n\n\n\n<p>Participaron en el acto: el equipo de trabajo de FinEs, autoridades educativas, estudiantes y familiares, as\u00ed como integrantes del Gabinete municipal. Durante el encuentro, se present\u00f3 el Coro del Pony de Hudson del Programa Nacional de Coros y Orquestas, adem\u00e1s de coreograf\u00edas de ballet folcl\u00f3rico realizadas por comisiones de egresados.<\/p>\n\n\n\n<figure class=\"wp-block-image size-large\"><img loading=\"lazy\" decoding=\"async\" width=\"1024\" height=\"683\" src=\"https:\/\/diarioprincipios.com\/wp-content\/uploads\/2022\/08\/SE-GRADUARON-MAS-DE-460-ESTUDIANTES-DEL-PROGRAMA-FINES-2-2-1-1024x683.jpg\" alt=\"\" class=\"wp-image-14384\" srcset=\"https:\/\/diarioprincipios.com\/wp-content\/uploads\/2022\/08\/SE-GRADUARON-MAS-DE-460-ESTUDIANTES-DEL-PROGRAMA-FINES-2-2-1-1024x683.jpg 1024w, https:\/\/diarioprincipios.com\/wp-content\/uploads\/2022\/08\/SE-GRADUARON-MAS-DE-460-ESTUDIANTES-DEL-PROGRAMA-FINES-2-2-1-300x200.jpg 300w, https:\/\/diarioprincipios.com\/wp-content\/uploads\/2022\/08\/SE-GRADUARON-MAS-DE-460-ESTUDIANTES-DEL-PROGRAMA-FINES-2-2-1-768x512.jpg 768w, https:\/\/diarioprincipios.com\/wp-content\/uploads\/2022\/08\/SE-GRADUARON-MAS-DE-460-ESTUDIANTES-DEL-PROGRAMA-FINES-2-2-1-1536x1024.jpg 1536w, https:\/\/diarioprincipios.com\/wp-content\/uploads\/2022\/08\/SE-GRADUARON-MAS-DE-460-ESTUDIANTES-DEL-PROGRAMA-FINES-2-2-1.jpg 1920w\" sizes=\"auto, (max-width: 1024px) 100vw, 1024px\" \/><\/figure>\n\n\n\n<p>Finalmente, en representaci\u00f3n de los graduados, la estudiante Claudia Soledad Fern\u00e1ndez de la comisi\u00f3n 1190 (Club Santo Tom\u00e1s, barrio 26 de Septiembre) expres\u00f3 con emoci\u00f3n: \u201cFINES fue una herramienta que me permiti\u00f3 lograr una meta que ve\u00eda inalcanzable. Al dejar mis estudios por circunstancias de la vida, me fue m\u00e1s dif\u00edcil retomarlos, pero tuve la oportunidad de hacerlo. Agradezco la dedicaci\u00f3n y paciencia de nuestros profesores para guiarnos. Estoy m\u00e1s que agradecida. Hoy puedo decir que lo hemos logrado: terminamos el secundario\u201d.<\/p>\n\n\n\n<p>A quienes tengan m\u00e1s de 18 a\u00f1os y quieran rendir materias adeudadas o cursar los estudios primarios y\/o secundarios completos, el Plan FinEs les permite hacerlo en forma semipresencial, en la sede m\u00e1s cercana a sus domicilios y en el horario que m\u00e1s les convenga.<\/p>\n","protected":false},"excerpt":{"rendered":"<p>464 estudiantes se graduaron en el 15\u00b0 acto de egresados del Plan de Finalizaci\u00f3n de Estudios Primarios y Secundarios (FinEs), realizado en Berazategui. La ceremonia, muy emotiva, fue encabezada por el intendente Juan Jos\u00e9 Mussi en el Centro Municipal de Actividades Roberto De Vicenzo (calle 148 y 18). Durante la entrega de diplomas, Mussi felicit\u00f3&#8230;<\/p>\n","protected":false},"author":2,"featured_media":14383,"comment_status":"open","ping_status":"open","sticky":false,"template":"","format":"standard","meta":{"footnotes":""},"categories":[3],"tags":[],"class_list":["post-14380","post","type-post","status-publish","format-standard","has-post-thumbnail","hentry","category-berazategui"],"featured_image_src":"https:\/\/diarioprincipios.com\/wp-content\/uploads\/2022\/08\/SE-GRADUARON-MAS-DE-460-ESTUDIANTES-DEL-PROGRAMA-FINES-2-4-1-1024x683.jpg","blog_images":{"medium":"https:\/\/diarioprincipios.com\/wp-content\/uploads\/2022\/08\/SE-GRADUARON-MAS-DE-460-ESTUDIANTES-DEL-PROGRAMA-FINES-2-4-1-300x200.jpg","large":"https:\/\/diarioprincipios.com\/wp-content\/uploads\/2022\/08\/SE-GRADUARON-MAS-DE-460-ESTUDIANTES-DEL-PROGRAMA-FINES-2-4-1-1024x683.jpg"},"ams_acf":[],"yoast_head":"<!-- This site is optimized with the Yoast SEO plugin v27.3 - https:\/\/yoast.com\/product\/yoast-seo-wordpress\/ -->\n<title>464 graduados en el 15\u00b0 acto de egresados del Plan de Finalizaci\u00f3n de Estudios Primarios y Secundarios - Principios<\/title>\n<meta name=\"robots\" content=\"index, follow, max-snippet:-1, max-image-preview:large, max-video-preview:-1\" \/>\n<link rel=\"canonical\" href=\"https:\/\/diarioprincipios.com\/index.php\/2022\/08\/24\/464-graduados-en-el-15-acto-de-egresados-del-plan-de-finalizacion-de-estudios-primarios-y-secundarios\/\" \/>\n<meta property=\"og:locale\" content=\"es_ES\" \/>\n<meta property=\"og:type\" content=\"article\" \/>\n<meta property=\"og:title\" content=\"464 graduados en el 15\u00b0 acto de egresados del Plan de Finalizaci\u00f3n de Estudios Primarios y Secundarios - Principios\" \/>\n<meta property=\"og:description\" content=\"464 estudiantes se graduaron en el 15\u00b0 acto de egresados del Plan de Finalizaci\u00f3n de Estudios Primarios y Secundarios (FinEs), realizado en Berazategui. La ceremonia, muy emotiva, fue encabezada por el intendente Juan Jos\u00e9 Mussi en el Centro Municipal de Actividades Roberto De Vicenzo (calle 148 y 18). Durante la entrega de diplomas, Mussi felicit\u00f3...\" \/>\n<meta property=\"og:url\" content=\"https:\/\/diarioprincipios.com\/index.php\/2022\/08\/24\/464-graduados-en-el-15-acto-de-egresados-del-plan-de-finalizacion-de-estudios-primarios-y-secundarios\/\" \/>\n<meta property=\"og:site_name\" content=\"Principios\" \/>\n<meta property=\"article:published_time\" content=\"2022-08-25T01:56:45+00:00\" \/>\n<meta property=\"article:modified_time\" content=\"2022-08-25T22:38:15+00:00\" \/>\n<meta property=\"og:image\" content=\"https:\/\/diarioprincipios.com\/wp-content\/uploads\/2022\/08\/SE-GRADUARON-MAS-DE-460-ESTUDIANTES-DEL-PROGRAMA-FINES-2-4-1.jpg\" \/>\n\t<meta property=\"og:image:width\" content=\"1920\" \/>\n\t<meta property=\"og:image:height\" content=\"1280\" \/>\n\t<meta property=\"og:image:type\" content=\"image\/jpeg\" \/>\n<meta name=\"author\" content=\"Hern\u00e1n L\u00f3pez\" \/>\n<meta name=\"twitter:card\" content=\"summary_large_image\" \/>\n<meta name=\"twitter:label1\" content=\"Escrito por\" \/>\n\t<meta name=\"twitter:data1\" content=\"Hern\u00e1n L\u00f3pez\" \/>\n\t<meta name=\"twitter:label2\" content=\"Tiempo de lectura\" \/>\n\t<meta name=\"twitter:data2\" content=\"4 minutos\" \/>\n<script type=\"application\/ld+json\" class=\"yoast-schema-graph\">{\"@context\":\"https:\\\/\\\/schema.org\",\"@graph\":[{\"@type\":\"Article\",\"@id\":\"https:\\\/\\\/diarioprincipios.com\\\/index.php\\\/2022\\\/08\\\/24\\\/464-graduados-en-el-15-acto-de-egresados-del-plan-de-finalizacion-de-estudios-primarios-y-secundarios\\\/#article\",\"isPartOf\":{\"@id\":\"https:\\\/\\\/diarioprincipios.com\\\/index.php\\\/2022\\\/08\\\/24\\\/464-graduados-en-el-15-acto-de-egresados-del-plan-de-finalizacion-de-estudios-primarios-y-secundarios\\\/\"},\"author\":{\"name\":\"Hern\u00e1n L\u00f3pez\",\"@id\":\"https:\\\/\\\/diarioprincipios.com\\\/#\\\/schema\\\/person\\\/436d5a1fd41a5e250e23ff5a6a7cb080\"},\"headline\":\"464 graduados en el 15\u00b0 acto de egresados del Plan de Finalizaci\u00f3n de Estudios Primarios y Secundarios\",\"datePublished\":\"2022-08-25T01:56:45+00:00\",\"dateModified\":\"2022-08-25T22:38:15+00:00\",\"mainEntityOfPage\":{\"@id\":\"https:\\\/\\\/diarioprincipios.com\\\/index.php\\\/2022\\\/08\\\/24\\\/464-graduados-en-el-15-acto-de-egresados-del-plan-de-finalizacion-de-estudios-primarios-y-secundarios\\\/\"},\"wordCount\":557,\"commentCount\":0,\"publisher\":{\"@id\":\"https:\\\/\\\/diarioprincipios.com\\\/#organization\"},\"image\":{\"@id\":\"https:\\\/\\\/diarioprincipios.com\\\/index.php\\\/2022\\\/08\\\/24\\\/464-graduados-en-el-15-acto-de-egresados-del-plan-de-finalizacion-de-estudios-primarios-y-secundarios\\\/#primaryimage\"},\"thumbnailUrl\":\"https:\\\/\\\/diarioprincipios.com\\\/wp-content\\\/uploads\\\/2022\\\/08\\\/SE-GRADUARON-MAS-DE-460-ESTUDIANTES-DEL-PROGRAMA-FINES-2-4-1.jpg\",\"articleSection\":[\"Berazategui\"],\"inLanguage\":\"es\",\"potentialAction\":[{\"@type\":\"CommentAction\",\"name\":\"Comment\",\"target\":[\"https:\\\/\\\/diarioprincipios.com\\\/index.php\\\/2022\\\/08\\\/24\\\/464-graduados-en-el-15-acto-de-egresados-del-plan-de-finalizacion-de-estudios-primarios-y-secundarios\\\/#respond\"]}]},{\"@type\":\"WebPage\",\"@id\":\"https:\\\/\\\/diarioprincipios.com\\\/index.php\\\/2022\\\/08\\\/24\\\/464-graduados-en-el-15-acto-de-egresados-del-plan-de-finalizacion-de-estudios-primarios-y-secundarios\\\/\",\"url\":\"https:\\\/\\\/diarioprincipios.com\\\/index.php\\\/2022\\\/08\\\/24\\\/464-graduados-en-el-15-acto-de-egresados-del-plan-de-finalizacion-de-estudios-primarios-y-secundarios\\\/\",\"name\":\"464 graduados en el 15\u00b0 acto de egresados del Plan de Finalizaci\u00f3n de Estudios Primarios y Secundarios - Principios\",\"isPartOf\":{\"@id\":\"https:\\\/\\\/diarioprincipios.com\\\/#website\"},\"primaryImageOfPage\":{\"@id\":\"https:\\\/\\\/diarioprincipios.com\\\/index.php\\\/2022\\\/08\\\/24\\\/464-graduados-en-el-15-acto-de-egresados-del-plan-de-finalizacion-de-estudios-primarios-y-secundarios\\\/#primaryimage\"},\"image\":{\"@id\":\"https:\\\/\\\/diarioprincipios.com\\\/index.php\\\/2022\\\/08\\\/24\\\/464-graduados-en-el-15-acto-de-egresados-del-plan-de-finalizacion-de-estudios-primarios-y-secundarios\\\/#primaryimage\"},\"thumbnailUrl\":\"https:\\\/\\\/diarioprincipios.com\\\/wp-content\\\/uploads\\\/2022\\\/08\\\/SE-GRADUARON-MAS-DE-460-ESTUDIANTES-DEL-PROGRAMA-FINES-2-4-1.jpg\",\"datePublished\":\"2022-08-25T01:56:45+00:00\",\"dateModified\":\"2022-08-25T22:38:15+00:00\",\"breadcrumb\":{\"@id\":\"https:\\\/\\\/diarioprincipios.com\\\/index.php\\\/2022\\\/08\\\/24\\\/464-graduados-en-el-15-acto-de-egresados-del-plan-de-finalizacion-de-estudios-primarios-y-secundarios\\\/#breadcrumb\"},\"inLanguage\":\"es\",\"potentialAction\":[{\"@type\":\"ReadAction\",\"target\":[\"https:\\\/\\\/diarioprincipios.com\\\/index.php\\\/2022\\\/08\\\/24\\\/464-graduados-en-el-15-acto-de-egresados-del-plan-de-finalizacion-de-estudios-primarios-y-secundarios\\\/\"]}]},{\"@type\":\"ImageObject\",\"inLanguage\":\"es\",\"@id\":\"https:\\\/\\\/diarioprincipios.com\\\/index.php\\\/2022\\\/08\\\/24\\\/464-graduados-en-el-15-acto-de-egresados-del-plan-de-finalizacion-de-estudios-primarios-y-secundarios\\\/#primaryimage\",\"url\":\"https:\\\/\\\/diarioprincipios.com\\\/wp-content\\\/uploads\\\/2022\\\/08\\\/SE-GRADUARON-MAS-DE-460-ESTUDIANTES-DEL-PROGRAMA-FINES-2-4-1.jpg\",\"contentUrl\":\"https:\\\/\\\/diarioprincipios.com\\\/wp-content\\\/uploads\\\/2022\\\/08\\\/SE-GRADUARON-MAS-DE-460-ESTUDIANTES-DEL-PROGRAMA-FINES-2-4-1.jpg\",\"width\":1920,\"height\":1280},{\"@type\":\"BreadcrumbList\",\"@id\":\"https:\\\/\\\/diarioprincipios.com\\\/index.php\\\/2022\\\/08\\\/24\\\/464-graduados-en-el-15-acto-de-egresados-del-plan-de-finalizacion-de-estudios-primarios-y-secundarios\\\/#breadcrumb\",\"itemListElement\":[{\"@type\":\"ListItem\",\"position\":1,\"name\":\"Portada\",\"item\":\"https:\\\/\\\/diarioprincipios.com\\\/\"},{\"@type\":\"ListItem\",\"position\":2,\"name\":\"464 graduados en el 15\u00b0 acto de egresados del Plan de Finalizaci\u00f3n de Estudios Primarios y Secundarios\"}]},{\"@type\":\"WebSite\",\"@id\":\"https:\\\/\\\/diarioprincipios.com\\\/#website\",\"url\":\"https:\\\/\\\/diarioprincipios.com\\\/\",\"name\":\"Principios\",\"description\":\"Principios Diario\",\"publisher\":{\"@id\":\"https:\\\/\\\/diarioprincipios.com\\\/#organization\"},\"potentialAction\":[{\"@type\":\"SearchAction\",\"target\":{\"@type\":\"EntryPoint\",\"urlTemplate\":\"https:\\\/\\\/diarioprincipios.com\\\/?s={search_term_string}\"},\"query-input\":{\"@type\":\"PropertyValueSpecification\",\"valueRequired\":true,\"valueName\":\"search_term_string\"}}],\"inLanguage\":\"es\"},{\"@type\":\"Organization\",\"@id\":\"https:\\\/\\\/diarioprincipios.com\\\/#organization\",\"name\":\"Principios\",\"url\":\"https:\\\/\\\/diarioprincipios.com\\\/\",\"logo\":{\"@type\":\"ImageObject\",\"inLanguage\":\"es\",\"@id\":\"https:\\\/\\\/diarioprincipios.com\\\/#\\\/schema\\\/logo\\\/image\\\/\",\"url\":\"https:\\\/\\\/diarioprincipios.com\\\/wp-content\\\/uploads\\\/2024\\\/04\\\/cropped-www.diarioprincipios.com_-1.png\",\"contentUrl\":\"https:\\\/\\\/diarioprincipios.com\\\/wp-content\\\/uploads\\\/2024\\\/04\\\/cropped-www.diarioprincipios.com_-1.png\",\"width\":5325,\"height\":1454,\"caption\":\"Principios\"},\"image\":{\"@id\":\"https:\\\/\\\/diarioprincipios.com\\\/#\\\/schema\\\/logo\\\/image\\\/\"}},{\"@type\":\"Person\",\"@id\":\"https:\\\/\\\/diarioprincipios.com\\\/#\\\/schema\\\/person\\\/436d5a1fd41a5e250e23ff5a6a7cb080\",\"name\":\"Hern\u00e1n L\u00f3pez\",\"image\":{\"@type\":\"ImageObject\",\"inLanguage\":\"es\",\"@id\":\"https:\\\/\\\/diarioprincipios.com\\\/wp-content\\\/litespeed\\\/avatar\\\/11ddfe5610ff3bd100522525b2571f48.jpg?ver=1777048341\",\"url\":\"https:\\\/\\\/diarioprincipios.com\\\/wp-content\\\/litespeed\\\/avatar\\\/11ddfe5610ff3bd100522525b2571f48.jpg?ver=1777048341\",\"contentUrl\":\"https:\\\/\\\/diarioprincipios.com\\\/wp-content\\\/litespeed\\\/avatar\\\/11ddfe5610ff3bd100522525b2571f48.jpg?ver=1777048341\",\"caption\":\"Hern\u00e1n L\u00f3pez\"},\"url\":\"https:\\\/\\\/diarioprincipios.com\\\/index.php\\\/author\\\/hernan\\\/\"}]}<\/script>\n<!-- \/ Yoast SEO plugin. -->","yoast_head_json":{"title":"464 graduados en el 15\u00b0 acto de egresados del Plan de Finalizaci\u00f3n de Estudios Primarios y Secundarios - Principios","robots":{"index":"index","follow":"follow","max-snippet":"max-snippet:-1","max-image-preview":"max-image-preview:large","max-video-preview":"max-video-preview:-1"},"canonical":"https:\/\/diarioprincipios.com\/index.php\/2022\/08\/24\/464-graduados-en-el-15-acto-de-egresados-del-plan-de-finalizacion-de-estudios-primarios-y-secundarios\/","og_locale":"es_ES","og_type":"article","og_title":"464 graduados en el 15\u00b0 acto de egresados del Plan de Finalizaci\u00f3n de Estudios Primarios y Secundarios - Principios","og_description":"464 estudiantes se graduaron en el 15\u00b0 acto de egresados del Plan de Finalizaci\u00f3n de Estudios Primarios y Secundarios (FinEs), realizado en Berazategui. La ceremonia, muy emotiva, fue encabezada por el intendente Juan Jos\u00e9 Mussi en el Centro Municipal de Actividades Roberto De Vicenzo (calle 148 y 18). Durante la entrega de diplomas, Mussi felicit\u00f3...","og_url":"https:\/\/diarioprincipios.com\/index.php\/2022\/08\/24\/464-graduados-en-el-15-acto-de-egresados-del-plan-de-finalizacion-de-estudios-primarios-y-secundarios\/","og_site_name":"Principios","article_published_time":"2022-08-25T01:56:45+00:00","article_modified_time":"2022-08-25T22:38:15+00:00","og_image":[{"width":1920,"height":1280,"url":"https:\/\/diarioprincipios.com\/wp-content\/uploads\/2022\/08\/SE-GRADUARON-MAS-DE-460-ESTUDIANTES-DEL-PROGRAMA-FINES-2-4-1.jpg","type":"image\/jpeg"}],"author":"Hern\u00e1n L\u00f3pez","twitter_card":"summary_large_image","twitter_misc":{"Escrito por":"Hern\u00e1n L\u00f3pez","Tiempo de lectura":"4 minutos"},"schema":{"@context":"https:\/\/schema.org","@graph":[{"@type":"Article","@id":"https:\/\/diarioprincipios.com\/index.php\/2022\/08\/24\/464-graduados-en-el-15-acto-de-egresados-del-plan-de-finalizacion-de-estudios-primarios-y-secundarios\/#article","isPartOf":{"@id":"https:\/\/diarioprincipios.com\/index.php\/2022\/08\/24\/464-graduados-en-el-15-acto-de-egresados-del-plan-de-finalizacion-de-estudios-primarios-y-secundarios\/"},"author":{"name":"Hern\u00e1n L\u00f3pez","@id":"https:\/\/diarioprincipios.com\/#\/schema\/person\/436d5a1fd41a5e250e23ff5a6a7cb080"},"headline":"464 graduados en el 15\u00b0 acto de egresados del Plan de Finalizaci\u00f3n de Estudios Primarios y Secundarios","datePublished":"2022-08-25T01:56:45+00:00","dateModified":"2022-08-25T22:38:15+00:00","mainEntityOfPage":{"@id":"https:\/\/diarioprincipios.com\/index.php\/2022\/08\/24\/464-graduados-en-el-15-acto-de-egresados-del-plan-de-finalizacion-de-estudios-primarios-y-secundarios\/"},"wordCount":557,"commentCount":0,"publisher":{"@id":"https:\/\/diarioprincipios.com\/#organization"},"image":{"@id":"https:\/\/diarioprincipios.com\/index.php\/2022\/08\/24\/464-graduados-en-el-15-acto-de-egresados-del-plan-de-finalizacion-de-estudios-primarios-y-secundarios\/#primaryimage"},"thumbnailUrl":"https:\/\/diarioprincipios.com\/wp-content\/uploads\/2022\/08\/SE-GRADUARON-MAS-DE-460-ESTUDIANTES-DEL-PROGRAMA-FINES-2-4-1.jpg","articleSection":["Berazategui"],"inLanguage":"es","potentialAction":[{"@type":"CommentAction","name":"Comment","target":["https:\/\/diarioprincipios.com\/index.php\/2022\/08\/24\/464-graduados-en-el-15-acto-de-egresados-del-plan-de-finalizacion-de-estudios-primarios-y-secundarios\/#respond"]}]},{"@type":"WebPage","@id":"https:\/\/diarioprincipios.com\/index.php\/2022\/08\/24\/464-graduados-en-el-15-acto-de-egresados-del-plan-de-finalizacion-de-estudios-primarios-y-secundarios\/","url":"https:\/\/diarioprincipios.com\/index.php\/2022\/08\/24\/464-graduados-en-el-15-acto-de-egresados-del-plan-de-finalizacion-de-estudios-primarios-y-secundarios\/","name":"464 graduados en el 15\u00b0 acto de egresados del Plan de Finalizaci\u00f3n de Estudios Primarios y Secundarios - Principios","isPartOf":{"@id":"https:\/\/diarioprincipios.com\/#website"},"primaryImageOfPage":{"@id":"https:\/\/diarioprincipios.com\/index.php\/2022\/08\/24\/464-graduados-en-el-15-acto-de-egresados-del-plan-de-finalizacion-de-estudios-primarios-y-secundarios\/#primaryimage"},"image":{"@id":"https:\/\/diarioprincipios.com\/index.php\/2022\/08\/24\/464-graduados-en-el-15-acto-de-egresados-del-plan-de-finalizacion-de-estudios-primarios-y-secundarios\/#primaryimage"},"thumbnailUrl":"https:\/\/diarioprincipios.com\/wp-content\/uploads\/2022\/08\/SE-GRADUARON-MAS-DE-460-ESTUDIANTES-DEL-PROGRAMA-FINES-2-4-1.jpg","datePublished":"2022-08-25T01:56:45+00:00","dateModified":"2022-08-25T22:38:15+00:00","breadcrumb":{"@id":"https:\/\/diarioprincipios.com\/index.php\/2022\/08\/24\/464-graduados-en-el-15-acto-de-egresados-del-plan-de-finalizacion-de-estudios-primarios-y-secundarios\/#breadcrumb"},"inLanguage":"es","potentialAction":[{"@type":"ReadAction","target":["https:\/\/diarioprincipios.com\/index.php\/2022\/08\/24\/464-graduados-en-el-15-acto-de-egresados-del-plan-de-finalizacion-de-estudios-primarios-y-secundarios\/"]}]},{"@type":"ImageObject","inLanguage":"es","@id":"https:\/\/diarioprincipios.com\/index.php\/2022\/08\/24\/464-graduados-en-el-15-acto-de-egresados-del-plan-de-finalizacion-de-estudios-primarios-y-secundarios\/#primaryimage","url":"https:\/\/diarioprincipios.com\/wp-content\/uploads\/2022\/08\/SE-GRADUARON-MAS-DE-460-ESTUDIANTES-DEL-PROGRAMA-FINES-2-4-1.jpg","contentUrl":"https:\/\/diarioprincipios.com\/wp-content\/uploads\/2022\/08\/SE-GRADUARON-MAS-DE-460-ESTUDIANTES-DEL-PROGRAMA-FINES-2-4-1.jpg","width":1920,"height":1280},{"@type":"BreadcrumbList","@id":"https:\/\/diarioprincipios.com\/index.php\/2022\/08\/24\/464-graduados-en-el-15-acto-de-egresados-del-plan-de-finalizacion-de-estudios-primarios-y-secundarios\/#breadcrumb","itemListElement":[{"@type":"ListItem","position":1,"name":"Portada","item":"https:\/\/diarioprincipios.com\/"},{"@type":"ListItem","position":2,"name":"464 graduados en el 15\u00b0 acto de egresados del Plan de Finalizaci\u00f3n de Estudios Primarios y Secundarios"}]},{"@type":"WebSite","@id":"https:\/\/diarioprincipios.com\/#website","url":"https:\/\/diarioprincipios.com\/","name":"Principios","description":"Principios Diario","publisher":{"@id":"https:\/\/diarioprincipios.com\/#organization"},"potentialAction":[{"@type":"SearchAction","target":{"@type":"EntryPoint","urlTemplate":"https:\/\/diarioprincipios.com\/?s={search_term_string}"},"query-input":{"@type":"PropertyValueSpecification","valueRequired":true,"valueName":"search_term_string"}}],"inLanguage":"es"},{"@type":"Organization","@id":"https:\/\/diarioprincipios.com\/#organization","name":"Principios","url":"https:\/\/diarioprincipios.com\/","logo":{"@type":"ImageObject","inLanguage":"es","@id":"https:\/\/diarioprincipios.com\/#\/schema\/logo\/image\/","url":"https:\/\/diarioprincipios.com\/wp-content\/uploads\/2024\/04\/cropped-www.diarioprincipios.com_-1.png","contentUrl":"https:\/\/diarioprincipios.com\/wp-content\/uploads\/2024\/04\/cropped-www.diarioprincipios.com_-1.png","width":5325,"height":1454,"caption":"Principios"},"image":{"@id":"https:\/\/diarioprincipios.com\/#\/schema\/logo\/image\/"}},{"@type":"Person","@id":"https:\/\/diarioprincipios.com\/#\/schema\/person\/436d5a1fd41a5e250e23ff5a6a7cb080","name":"Hern\u00e1n L\u00f3pez","image":{"@type":"ImageObject","inLanguage":"es","@id":"https:\/\/diarioprincipios.com\/wp-content\/litespeed\/avatar\/11ddfe5610ff3bd100522525b2571f48.jpg?ver=1777048341","url":"https:\/\/diarioprincipios.com\/wp-content\/litespeed\/avatar\/11ddfe5610ff3bd100522525b2571f48.jpg?ver=1777048341","contentUrl":"https:\/\/diarioprincipios.com\/wp-content\/litespeed\/avatar\/11ddfe5610ff3bd100522525b2571f48.jpg?ver=1777048341","caption":"Hern\u00e1n L\u00f3pez"},"url":"https:\/\/diarioprincipios.com\/index.php\/author\/hernan\/"}]}},"jetpack_featured_media_url":"https:\/\/diarioprincipios.com\/wp-content\/uploads\/2022\/08\/SE-GRADUARON-MAS-DE-460-ESTUDIANTES-DEL-PROGRAMA-FINES-2-4-1.jpg","_links":{"self":[{"href":"https:\/\/diarioprincipios.com\/index.php\/wp-json\/wp\/v2\/posts\/14380","targetHints":{"allow":["GET"]}}],"collection":[{"href":"https:\/\/diarioprincipios.com\/index.php\/wp-json\/wp\/v2\/posts"}],"about":[{"href":"https:\/\/diarioprincipios.com\/index.php\/wp-json\/wp\/v2\/types\/post"}],"author":[{"embeddable":true,"href":"https:\/\/diarioprincipios.com\/index.php\/wp-json\/wp\/v2\/users\/2"}],"replies":[{"embeddable":true,"href":"https:\/\/diarioprincipios.com\/index.php\/wp-json\/wp\/v2\/comments?post=14380"}],"version-history":[{"count":1,"href":"https:\/\/diarioprincipios.com\/index.php\/wp-json\/wp\/v2\/posts\/14380\/revisions"}],"predecessor-version":[{"id":14385,"href":"https:\/\/diarioprincipios.com\/index.php\/wp-json\/wp\/v2\/posts\/14380\/revisions\/14385"}],"wp:featuredmedia":[{"embeddable":true,"href":"https:\/\/diarioprincipios.com\/index.php\/wp-json\/wp\/v2\/media\/14383"}],"wp:attachment":[{"href":"https:\/\/diarioprincipios.com\/index.php\/wp-json\/wp\/v2\/media?parent=14380"}],"wp:term":[{"taxonomy":"category","embeddable":true,"href":"https:\/\/diarioprincipios.com\/index.php\/wp-json\/wp\/v2\/categories?post=14380"},{"taxonomy":"post_tag","embeddable":true,"href":"https:\/\/diarioprincipios.com\/index.php\/wp-json\/wp\/v2\/tags?post=14380"}],"curies":[{"name":"wp","href":"https:\/\/api.w.org\/{rel}","templated":true}]}}