{"id":14278,"date":"2022-08-11T14:28:46","date_gmt":"2022-08-11T17:28:46","guid":{"rendered":"http:\/\/diarioprincipios.com\/?p=14278"},"modified":"2022-08-11T14:40:28","modified_gmt":"2022-08-11T17:40:28","slug":"continua-la-recuperacion-y-embellecimiento-de-espacios-publicos","status":"publish","type":"post","link":"https:\/\/diarioprincipios.com\/index.php\/2022\/08\/11\/continua-la-recuperacion-y-embellecimiento-de-espacios-publicos\/","title":{"rendered":"Contin\u00faa la recuperaci\u00f3n y embellecimiento de Espacios P\u00fablicos"},"content":{"rendered":"\n<p><strong>En una emotiva jornada, el intendente Juan Jos\u00e9 Mussi visit\u00f3 dos espacios que se pusieron en valor en los barrios G\u00fcemes (Plaza Los Abuelos) y Ori\u00f3n (Plaza Padre Daniel de la Sierra). All\u00ed se inauguraron los juegos nuevos, una estaci\u00f3n aer\u00f3bica, los trabajos de pintura y parquizaci\u00f3n; y en la Plaza del barrio Ori\u00f3n se coloc\u00f3 una placa en homenaje al Padre de la Sierra.<\/strong><\/p>\n\n\n\n<p>La Plaza Los Abuelos (Av. de Los Autonomistas y 113, barrio G\u00fcemes) era un punto de arrojo de residuos. Ante la falta de un espacio p\u00fablico en la zona, el vecino y agente de la Secretar\u00eda de Alumbrado P\u00fablico, Diego M\u00e9ndez, comenz\u00f3 a recuperarlo. Luego, con la colaboraci\u00f3n de la Municipalidad -trav\u00e9s de las Secretar\u00edas de Gobierno y de Servicios P\u00fablicos-, se sum\u00f3 la iluminaci\u00f3n led, juegos y aparatos de gimnasia.&nbsp;<\/p>\n\n\n\n<p>\u201cEsta es una alegr\u00eda\u201d, expres\u00f3 Mussi y agradeci\u00f3 a los vecinos \u00abque se pusieron esta tarea al hombro, que transformaron un basural en una placita para el barrio. Y cuentan con nosotros, con los compa\u00f1eros municipales. Aqu\u00ed tienen un lugar los chicos para divertirse y conocerse. Les pido que no aflojen, estamos orgullosos de Berazategui. Los convoco a cuidar la placita\u201d.<\/p>\n\n\n\n<figure class=\"wp-block-image size-large\"><img loading=\"lazy\" decoding=\"async\" width=\"1024\" height=\"683\" src=\"https:\/\/diarioprincipios.com\/wp-content\/uploads\/2022\/08\/CONTINUA-LA-RECUPERACION-Y-EMBELLECIMIENTO-DE-ESPACIOS-PUBLICOS-1-1-1024x683.jpg\" alt=\"\" class=\"wp-image-14279\" srcset=\"https:\/\/diarioprincipios.com\/wp-content\/uploads\/2022\/08\/CONTINUA-LA-RECUPERACION-Y-EMBELLECIMIENTO-DE-ESPACIOS-PUBLICOS-1-1-1024x683.jpg 1024w, https:\/\/diarioprincipios.com\/wp-content\/uploads\/2022\/08\/CONTINUA-LA-RECUPERACION-Y-EMBELLECIMIENTO-DE-ESPACIOS-PUBLICOS-1-1-300x200.jpg 300w, https:\/\/diarioprincipios.com\/wp-content\/uploads\/2022\/08\/CONTINUA-LA-RECUPERACION-Y-EMBELLECIMIENTO-DE-ESPACIOS-PUBLICOS-1-1-768x512.jpg 768w, https:\/\/diarioprincipios.com\/wp-content\/uploads\/2022\/08\/CONTINUA-LA-RECUPERACION-Y-EMBELLECIMIENTO-DE-ESPACIOS-PUBLICOS-1-1-1536x1024.jpg 1536w, https:\/\/diarioprincipios.com\/wp-content\/uploads\/2022\/08\/CONTINUA-LA-RECUPERACION-Y-EMBELLECIMIENTO-DE-ESPACIOS-PUBLICOS-1-1.jpg 1920w\" sizes=\"auto, (max-width: 1024px) 100vw, 1024px\" \/><\/figure>\n\n\n\n<p>Seguidamente, Juan Jos\u00e9 Mussi visit\u00f3 la Plaza Padre Daniel de la Sierra (21 A y 114, Barrio Ori\u00f3n). All\u00ed se colocaron juegos y equipos para ejercicios, se realizaron trabajos de pintura, reparaci\u00f3n de juegos y parquizaci\u00f3n. Adem\u00e1s, se descubri\u00f3 una placa conmemorativa con el nombre del Padre Daniel de la Sierra.<\/p>\n\n\n\n<p>\u201cTuve la suerte de conocer al Padre Daniel\u201d, manifest\u00f3 Mussi. Y continu\u00f3: \u201cEra imposible no hacerse amigo de \u00e9l porque luchaba por la gente, por su barrio, permanentemente. \u00c9l hizo camino al andar, \u00e9l cre\u00f3 la bicicleteada, estaba siempre haciendo cosas por los dem\u00e1s. Por eso le pusimos su nombre a la Plaza y la dejamos en condiciones para que los chicos la disfruten. El mejor homenaje a Daniel es que la cuiden. Celebro haberme encontrado con los vecinos y vecinas. Tenemos que estar m\u00e1s unidos que nunca\u201d.<\/p>\n\n\n\n<p>Participaron en ambos encuentros, integrantes del Gabinete municipal, concejales, consejeros escolares, referentes del barrio, vecinos y vecinas.<\/p>\n","protected":false},"excerpt":{"rendered":"<p>En una emotiva jornada, el intendente Juan Jos\u00e9 Mussi visit\u00f3 dos espacios que se pusieron en valor en los barrios G\u00fcemes (Plaza Los Abuelos) y Ori\u00f3n (Plaza Padre Daniel de la Sierra). All\u00ed se inauguraron los juegos nuevos, una estaci\u00f3n aer\u00f3bica, los trabajos de pintura y parquizaci\u00f3n; y en la Plaza del barrio Ori\u00f3n se&#8230;<\/p>\n","protected":false},"author":2,"featured_media":14280,"comment_status":"open","ping_status":"open","sticky":false,"template":"","format":"standard","meta":{"footnotes":""},"categories":[3],"tags":[],"class_list":["post-14278","post","type-post","status-publish","format-standard","has-post-thumbnail","hentry","category-berazategui"],"featured_image_src":"https:\/\/diarioprincipios.com\/wp-content\/uploads\/2022\/08\/CONTINUA-LA-RECUPERACION-Y-EMBELLECIMIENTO-DE-ESPACIOS-PUBLICOS-2-1-1024x683.jpg","blog_images":{"medium":"https:\/\/diarioprincipios.com\/wp-content\/uploads\/2022\/08\/CONTINUA-LA-RECUPERACION-Y-EMBELLECIMIENTO-DE-ESPACIOS-PUBLICOS-2-1-300x200.jpg","large":"https:\/\/diarioprincipios.com\/wp-content\/uploads\/2022\/08\/CONTINUA-LA-RECUPERACION-Y-EMBELLECIMIENTO-DE-ESPACIOS-PUBLICOS-2-1-1024x683.jpg"},"ams_acf":[],"yoast_head":"<!-- This site is optimized with the Yoast SEO plugin v27.3 - https:\/\/yoast.com\/product\/yoast-seo-wordpress\/ -->\n<title>Contin\u00faa la recuperaci\u00f3n y embellecimiento de Espacios P\u00fablicos - Principios<\/title>\n<meta name=\"robots\" content=\"index, follow, max-snippet:-1, max-image-preview:large, max-video-preview:-1\" \/>\n<link rel=\"canonical\" href=\"https:\/\/diarioprincipios.com\/index.php\/2022\/08\/11\/continua-la-recuperacion-y-embellecimiento-de-espacios-publicos\/\" \/>\n<meta property=\"og:locale\" content=\"es_ES\" \/>\n<meta property=\"og:type\" content=\"article\" \/>\n<meta property=\"og:title\" content=\"Contin\u00faa la recuperaci\u00f3n y embellecimiento de Espacios P\u00fablicos - Principios\" \/>\n<meta property=\"og:description\" content=\"En una emotiva jornada, el intendente Juan Jos\u00e9 Mussi visit\u00f3 dos espacios que se pusieron en valor en los barrios G\u00fcemes (Plaza Los Abuelos) y Ori\u00f3n (Plaza Padre Daniel de la Sierra). All\u00ed se inauguraron los juegos nuevos, una estaci\u00f3n aer\u00f3bica, los trabajos de pintura y parquizaci\u00f3n; y en la Plaza del barrio Ori\u00f3n se...\" \/>\n<meta property=\"og:url\" content=\"https:\/\/diarioprincipios.com\/index.php\/2022\/08\/11\/continua-la-recuperacion-y-embellecimiento-de-espacios-publicos\/\" \/>\n<meta property=\"og:site_name\" content=\"Principios\" \/>\n<meta property=\"article:published_time\" content=\"2022-08-11T17:28:46+00:00\" \/>\n<meta property=\"article:modified_time\" content=\"2022-08-11T17:40:28+00:00\" \/>\n<meta property=\"og:image\" content=\"https:\/\/diarioprincipios.com\/wp-content\/uploads\/2022\/08\/CONTINUA-LA-RECUPERACION-Y-EMBELLECIMIENTO-DE-ESPACIOS-PUBLICOS-2-1.jpg\" \/>\n\t<meta property=\"og:image:width\" content=\"1920\" \/>\n\t<meta property=\"og:image:height\" content=\"1280\" \/>\n\t<meta property=\"og:image:type\" content=\"image\/jpeg\" \/>\n<meta name=\"author\" content=\"Hern\u00e1n L\u00f3pez\" \/>\n<meta name=\"twitter:card\" content=\"summary_large_image\" \/>\n<meta name=\"twitter:label1\" content=\"Escrito por\" \/>\n\t<meta name=\"twitter:data1\" content=\"Hern\u00e1n L\u00f3pez\" \/>\n\t<meta name=\"twitter:label2\" content=\"Tiempo de lectura\" \/>\n\t<meta name=\"twitter:data2\" content=\"2 minutos\" \/>\n<script type=\"application\/ld+json\" class=\"yoast-schema-graph\">{\"@context\":\"https:\\\/\\\/schema.org\",\"@graph\":[{\"@type\":\"Article\",\"@id\":\"https:\\\/\\\/diarioprincipios.com\\\/index.php\\\/2022\\\/08\\\/11\\\/continua-la-recuperacion-y-embellecimiento-de-espacios-publicos\\\/#article\",\"isPartOf\":{\"@id\":\"https:\\\/\\\/diarioprincipios.com\\\/index.php\\\/2022\\\/08\\\/11\\\/continua-la-recuperacion-y-embellecimiento-de-espacios-publicos\\\/\"},\"author\":{\"name\":\"Hern\u00e1n L\u00f3pez\",\"@id\":\"https:\\\/\\\/diarioprincipios.com\\\/#\\\/schema\\\/person\\\/436d5a1fd41a5e250e23ff5a6a7cb080\"},\"headline\":\"Contin\u00faa la recuperaci\u00f3n y embellecimiento de Espacios P\u00fablicos\",\"datePublished\":\"2022-08-11T17:28:46+00:00\",\"dateModified\":\"2022-08-11T17:40:28+00:00\",\"mainEntityOfPage\":{\"@id\":\"https:\\\/\\\/diarioprincipios.com\\\/index.php\\\/2022\\\/08\\\/11\\\/continua-la-recuperacion-y-embellecimiento-de-espacios-publicos\\\/\"},\"wordCount\":386,\"commentCount\":0,\"publisher\":{\"@id\":\"https:\\\/\\\/diarioprincipios.com\\\/#organization\"},\"image\":{\"@id\":\"https:\\\/\\\/diarioprincipios.com\\\/index.php\\\/2022\\\/08\\\/11\\\/continua-la-recuperacion-y-embellecimiento-de-espacios-publicos\\\/#primaryimage\"},\"thumbnailUrl\":\"https:\\\/\\\/diarioprincipios.com\\\/wp-content\\\/uploads\\\/2022\\\/08\\\/CONTINUA-LA-RECUPERACION-Y-EMBELLECIMIENTO-DE-ESPACIOS-PUBLICOS-2-1.jpg\",\"articleSection\":[\"Berazategui\"],\"inLanguage\":\"es\",\"potentialAction\":[{\"@type\":\"CommentAction\",\"name\":\"Comment\",\"target\":[\"https:\\\/\\\/diarioprincipios.com\\\/index.php\\\/2022\\\/08\\\/11\\\/continua-la-recuperacion-y-embellecimiento-de-espacios-publicos\\\/#respond\"]}]},{\"@type\":\"WebPage\",\"@id\":\"https:\\\/\\\/diarioprincipios.com\\\/index.php\\\/2022\\\/08\\\/11\\\/continua-la-recuperacion-y-embellecimiento-de-espacios-publicos\\\/\",\"url\":\"https:\\\/\\\/diarioprincipios.com\\\/index.php\\\/2022\\\/08\\\/11\\\/continua-la-recuperacion-y-embellecimiento-de-espacios-publicos\\\/\",\"name\":\"Contin\u00faa la recuperaci\u00f3n y embellecimiento de Espacios P\u00fablicos - Principios\",\"isPartOf\":{\"@id\":\"https:\\\/\\\/diarioprincipios.com\\\/#website\"},\"primaryImageOfPage\":{\"@id\":\"https:\\\/\\\/diarioprincipios.com\\\/index.php\\\/2022\\\/08\\\/11\\\/continua-la-recuperacion-y-embellecimiento-de-espacios-publicos\\\/#primaryimage\"},\"image\":{\"@id\":\"https:\\\/\\\/diarioprincipios.com\\\/index.php\\\/2022\\\/08\\\/11\\\/continua-la-recuperacion-y-embellecimiento-de-espacios-publicos\\\/#primaryimage\"},\"thumbnailUrl\":\"https:\\\/\\\/diarioprincipios.com\\\/wp-content\\\/uploads\\\/2022\\\/08\\\/CONTINUA-LA-RECUPERACION-Y-EMBELLECIMIENTO-DE-ESPACIOS-PUBLICOS-2-1.jpg\",\"datePublished\":\"2022-08-11T17:28:46+00:00\",\"dateModified\":\"2022-08-11T17:40:28+00:00\",\"breadcrumb\":{\"@id\":\"https:\\\/\\\/diarioprincipios.com\\\/index.php\\\/2022\\\/08\\\/11\\\/continua-la-recuperacion-y-embellecimiento-de-espacios-publicos\\\/#breadcrumb\"},\"inLanguage\":\"es\",\"potentialAction\":[{\"@type\":\"ReadAction\",\"target\":[\"https:\\\/\\\/diarioprincipios.com\\\/index.php\\\/2022\\\/08\\\/11\\\/continua-la-recuperacion-y-embellecimiento-de-espacios-publicos\\\/\"]}]},{\"@type\":\"ImageObject\",\"inLanguage\":\"es\",\"@id\":\"https:\\\/\\\/diarioprincipios.com\\\/index.php\\\/2022\\\/08\\\/11\\\/continua-la-recuperacion-y-embellecimiento-de-espacios-publicos\\\/#primaryimage\",\"url\":\"https:\\\/\\\/diarioprincipios.com\\\/wp-content\\\/uploads\\\/2022\\\/08\\\/CONTINUA-LA-RECUPERACION-Y-EMBELLECIMIENTO-DE-ESPACIOS-PUBLICOS-2-1.jpg\",\"contentUrl\":\"https:\\\/\\\/diarioprincipios.com\\\/wp-content\\\/uploads\\\/2022\\\/08\\\/CONTINUA-LA-RECUPERACION-Y-EMBELLECIMIENTO-DE-ESPACIOS-PUBLICOS-2-1.jpg\",\"width\":1920,\"height\":1280},{\"@type\":\"BreadcrumbList\",\"@id\":\"https:\\\/\\\/diarioprincipios.com\\\/index.php\\\/2022\\\/08\\\/11\\\/continua-la-recuperacion-y-embellecimiento-de-espacios-publicos\\\/#breadcrumb\",\"itemListElement\":[{\"@type\":\"ListItem\",\"position\":1,\"name\":\"Portada\",\"item\":\"https:\\\/\\\/diarioprincipios.com\\\/\"},{\"@type\":\"ListItem\",\"position\":2,\"name\":\"Contin\u00faa la recuperaci\u00f3n y embellecimiento de Espacios P\u00fablicos\"}]},{\"@type\":\"WebSite\",\"@id\":\"https:\\\/\\\/diarioprincipios.com\\\/#website\",\"url\":\"https:\\\/\\\/diarioprincipios.com\\\/\",\"name\":\"Principios\",\"description\":\"Principios Diario\",\"publisher\":{\"@id\":\"https:\\\/\\\/diarioprincipios.com\\\/#organization\"},\"potentialAction\":[{\"@type\":\"SearchAction\",\"target\":{\"@type\":\"EntryPoint\",\"urlTemplate\":\"https:\\\/\\\/diarioprincipios.com\\\/?s={search_term_string}\"},\"query-input\":{\"@type\":\"PropertyValueSpecification\",\"valueRequired\":true,\"valueName\":\"search_term_string\"}}],\"inLanguage\":\"es\"},{\"@type\":\"Organization\",\"@id\":\"https:\\\/\\\/diarioprincipios.com\\\/#organization\",\"name\":\"Principios\",\"url\":\"https:\\\/\\\/diarioprincipios.com\\\/\",\"logo\":{\"@type\":\"ImageObject\",\"inLanguage\":\"es\",\"@id\":\"https:\\\/\\\/diarioprincipios.com\\\/#\\\/schema\\\/logo\\\/image\\\/\",\"url\":\"https:\\\/\\\/diarioprincipios.com\\\/wp-content\\\/uploads\\\/2024\\\/04\\\/cropped-www.diarioprincipios.com_-1.png\",\"contentUrl\":\"https:\\\/\\\/diarioprincipios.com\\\/wp-content\\\/uploads\\\/2024\\\/04\\\/cropped-www.diarioprincipios.com_-1.png\",\"width\":5325,\"height\":1454,\"caption\":\"Principios\"},\"image\":{\"@id\":\"https:\\\/\\\/diarioprincipios.com\\\/#\\\/schema\\\/logo\\\/image\\\/\"}},{\"@type\":\"Person\",\"@id\":\"https:\\\/\\\/diarioprincipios.com\\\/#\\\/schema\\\/person\\\/436d5a1fd41a5e250e23ff5a6a7cb080\",\"name\":\"Hern\u00e1n L\u00f3pez\",\"image\":{\"@type\":\"ImageObject\",\"inLanguage\":\"es\",\"@id\":\"https:\\\/\\\/diarioprincipios.com\\\/wp-content\\\/litespeed\\\/avatar\\\/11ddfe5610ff3bd100522525b2571f48.jpg?ver=1777048341\",\"url\":\"https:\\\/\\\/diarioprincipios.com\\\/wp-content\\\/litespeed\\\/avatar\\\/11ddfe5610ff3bd100522525b2571f48.jpg?ver=1777048341\",\"contentUrl\":\"https:\\\/\\\/diarioprincipios.com\\\/wp-content\\\/litespeed\\\/avatar\\\/11ddfe5610ff3bd100522525b2571f48.jpg?ver=1777048341\",\"caption\":\"Hern\u00e1n L\u00f3pez\"},\"url\":\"https:\\\/\\\/diarioprincipios.com\\\/index.php\\\/author\\\/hernan\\\/\"}]}<\/script>\n<!-- \/ Yoast SEO plugin. -->","yoast_head_json":{"title":"Contin\u00faa la recuperaci\u00f3n y embellecimiento de Espacios P\u00fablicos - Principios","robots":{"index":"index","follow":"follow","max-snippet":"max-snippet:-1","max-image-preview":"max-image-preview:large","max-video-preview":"max-video-preview:-1"},"canonical":"https:\/\/diarioprincipios.com\/index.php\/2022\/08\/11\/continua-la-recuperacion-y-embellecimiento-de-espacios-publicos\/","og_locale":"es_ES","og_type":"article","og_title":"Contin\u00faa la recuperaci\u00f3n y embellecimiento de Espacios P\u00fablicos - Principios","og_description":"En una emotiva jornada, el intendente Juan Jos\u00e9 Mussi visit\u00f3 dos espacios que se pusieron en valor en los barrios G\u00fcemes (Plaza Los Abuelos) y Ori\u00f3n (Plaza Padre Daniel de la Sierra). All\u00ed se inauguraron los juegos nuevos, una estaci\u00f3n aer\u00f3bica, los trabajos de pintura y parquizaci\u00f3n; y en la Plaza del barrio Ori\u00f3n se...","og_url":"https:\/\/diarioprincipios.com\/index.php\/2022\/08\/11\/continua-la-recuperacion-y-embellecimiento-de-espacios-publicos\/","og_site_name":"Principios","article_published_time":"2022-08-11T17:28:46+00:00","article_modified_time":"2022-08-11T17:40:28+00:00","og_image":[{"width":1920,"height":1280,"url":"https:\/\/diarioprincipios.com\/wp-content\/uploads\/2022\/08\/CONTINUA-LA-RECUPERACION-Y-EMBELLECIMIENTO-DE-ESPACIOS-PUBLICOS-2-1.jpg","type":"image\/jpeg"}],"author":"Hern\u00e1n L\u00f3pez","twitter_card":"summary_large_image","twitter_misc":{"Escrito por":"Hern\u00e1n L\u00f3pez","Tiempo de lectura":"2 minutos"},"schema":{"@context":"https:\/\/schema.org","@graph":[{"@type":"Article","@id":"https:\/\/diarioprincipios.com\/index.php\/2022\/08\/11\/continua-la-recuperacion-y-embellecimiento-de-espacios-publicos\/#article","isPartOf":{"@id":"https:\/\/diarioprincipios.com\/index.php\/2022\/08\/11\/continua-la-recuperacion-y-embellecimiento-de-espacios-publicos\/"},"author":{"name":"Hern\u00e1n L\u00f3pez","@id":"https:\/\/diarioprincipios.com\/#\/schema\/person\/436d5a1fd41a5e250e23ff5a6a7cb080"},"headline":"Contin\u00faa la recuperaci\u00f3n y embellecimiento de Espacios P\u00fablicos","datePublished":"2022-08-11T17:28:46+00:00","dateModified":"2022-08-11T17:40:28+00:00","mainEntityOfPage":{"@id":"https:\/\/diarioprincipios.com\/index.php\/2022\/08\/11\/continua-la-recuperacion-y-embellecimiento-de-espacios-publicos\/"},"wordCount":386,"commentCount":0,"publisher":{"@id":"https:\/\/diarioprincipios.com\/#organization"},"image":{"@id":"https:\/\/diarioprincipios.com\/index.php\/2022\/08\/11\/continua-la-recuperacion-y-embellecimiento-de-espacios-publicos\/#primaryimage"},"thumbnailUrl":"https:\/\/diarioprincipios.com\/wp-content\/uploads\/2022\/08\/CONTINUA-LA-RECUPERACION-Y-EMBELLECIMIENTO-DE-ESPACIOS-PUBLICOS-2-1.jpg","articleSection":["Berazategui"],"inLanguage":"es","potentialAction":[{"@type":"CommentAction","name":"Comment","target":["https:\/\/diarioprincipios.com\/index.php\/2022\/08\/11\/continua-la-recuperacion-y-embellecimiento-de-espacios-publicos\/#respond"]}]},{"@type":"WebPage","@id":"https:\/\/diarioprincipios.com\/index.php\/2022\/08\/11\/continua-la-recuperacion-y-embellecimiento-de-espacios-publicos\/","url":"https:\/\/diarioprincipios.com\/index.php\/2022\/08\/11\/continua-la-recuperacion-y-embellecimiento-de-espacios-publicos\/","name":"Contin\u00faa la recuperaci\u00f3n y embellecimiento de Espacios P\u00fablicos - Principios","isPartOf":{"@id":"https:\/\/diarioprincipios.com\/#website"},"primaryImageOfPage":{"@id":"https:\/\/diarioprincipios.com\/index.php\/2022\/08\/11\/continua-la-recuperacion-y-embellecimiento-de-espacios-publicos\/#primaryimage"},"image":{"@id":"https:\/\/diarioprincipios.com\/index.php\/2022\/08\/11\/continua-la-recuperacion-y-embellecimiento-de-espacios-publicos\/#primaryimage"},"thumbnailUrl":"https:\/\/diarioprincipios.com\/wp-content\/uploads\/2022\/08\/CONTINUA-LA-RECUPERACION-Y-EMBELLECIMIENTO-DE-ESPACIOS-PUBLICOS-2-1.jpg","datePublished":"2022-08-11T17:28:46+00:00","dateModified":"2022-08-11T17:40:28+00:00","breadcrumb":{"@id":"https:\/\/diarioprincipios.com\/index.php\/2022\/08\/11\/continua-la-recuperacion-y-embellecimiento-de-espacios-publicos\/#breadcrumb"},"inLanguage":"es","potentialAction":[{"@type":"ReadAction","target":["https:\/\/diarioprincipios.com\/index.php\/2022\/08\/11\/continua-la-recuperacion-y-embellecimiento-de-espacios-publicos\/"]}]},{"@type":"ImageObject","inLanguage":"es","@id":"https:\/\/diarioprincipios.com\/index.php\/2022\/08\/11\/continua-la-recuperacion-y-embellecimiento-de-espacios-publicos\/#primaryimage","url":"https:\/\/diarioprincipios.com\/wp-content\/uploads\/2022\/08\/CONTINUA-LA-RECUPERACION-Y-EMBELLECIMIENTO-DE-ESPACIOS-PUBLICOS-2-1.jpg","contentUrl":"https:\/\/diarioprincipios.com\/wp-content\/uploads\/2022\/08\/CONTINUA-LA-RECUPERACION-Y-EMBELLECIMIENTO-DE-ESPACIOS-PUBLICOS-2-1.jpg","width":1920,"height":1280},{"@type":"BreadcrumbList","@id":"https:\/\/diarioprincipios.com\/index.php\/2022\/08\/11\/continua-la-recuperacion-y-embellecimiento-de-espacios-publicos\/#breadcrumb","itemListElement":[{"@type":"ListItem","position":1,"name":"Portada","item":"https:\/\/diarioprincipios.com\/"},{"@type":"ListItem","position":2,"name":"Contin\u00faa la recuperaci\u00f3n y embellecimiento de Espacios P\u00fablicos"}]},{"@type":"WebSite","@id":"https:\/\/diarioprincipios.com\/#website","url":"https:\/\/diarioprincipios.com\/","name":"Principios","description":"Principios Diario","publisher":{"@id":"https:\/\/diarioprincipios.com\/#organization"},"potentialAction":[{"@type":"SearchAction","target":{"@type":"EntryPoint","urlTemplate":"https:\/\/diarioprincipios.com\/?s={search_term_string}"},"query-input":{"@type":"PropertyValueSpecification","valueRequired":true,"valueName":"search_term_string"}}],"inLanguage":"es"},{"@type":"Organization","@id":"https:\/\/diarioprincipios.com\/#organization","name":"Principios","url":"https:\/\/diarioprincipios.com\/","logo":{"@type":"ImageObject","inLanguage":"es","@id":"https:\/\/diarioprincipios.com\/#\/schema\/logo\/image\/","url":"https:\/\/diarioprincipios.com\/wp-content\/uploads\/2024\/04\/cropped-www.diarioprincipios.com_-1.png","contentUrl":"https:\/\/diarioprincipios.com\/wp-content\/uploads\/2024\/04\/cropped-www.diarioprincipios.com_-1.png","width":5325,"height":1454,"caption":"Principios"},"image":{"@id":"https:\/\/diarioprincipios.com\/#\/schema\/logo\/image\/"}},{"@type":"Person","@id":"https:\/\/diarioprincipios.com\/#\/schema\/person\/436d5a1fd41a5e250e23ff5a6a7cb080","name":"Hern\u00e1n L\u00f3pez","image":{"@type":"ImageObject","inLanguage":"es","@id":"https:\/\/diarioprincipios.com\/wp-content\/litespeed\/avatar\/11ddfe5610ff3bd100522525b2571f48.jpg?ver=1777048341","url":"https:\/\/diarioprincipios.com\/wp-content\/litespeed\/avatar\/11ddfe5610ff3bd100522525b2571f48.jpg?ver=1777048341","contentUrl":"https:\/\/diarioprincipios.com\/wp-content\/litespeed\/avatar\/11ddfe5610ff3bd100522525b2571f48.jpg?ver=1777048341","caption":"Hern\u00e1n L\u00f3pez"},"url":"https:\/\/diarioprincipios.com\/index.php\/author\/hernan\/"}]}},"jetpack_featured_media_url":"https:\/\/diarioprincipios.com\/wp-content\/uploads\/2022\/08\/CONTINUA-LA-RECUPERACION-Y-EMBELLECIMIENTO-DE-ESPACIOS-PUBLICOS-2-1.jpg","_links":{"self":[{"href":"https:\/\/diarioprincipios.com\/index.php\/wp-json\/wp\/v2\/posts\/14278","targetHints":{"allow":["GET"]}}],"collection":[{"href":"https:\/\/diarioprincipios.com\/index.php\/wp-json\/wp\/v2\/posts"}],"about":[{"href":"https:\/\/diarioprincipios.com\/index.php\/wp-json\/wp\/v2\/types\/post"}],"author":[{"embeddable":true,"href":"https:\/\/diarioprincipios.com\/index.php\/wp-json\/wp\/v2\/users\/2"}],"replies":[{"embeddable":true,"href":"https:\/\/diarioprincipios.com\/index.php\/wp-json\/wp\/v2\/comments?post=14278"}],"version-history":[{"count":1,"href":"https:\/\/diarioprincipios.com\/index.php\/wp-json\/wp\/v2\/posts\/14278\/revisions"}],"predecessor-version":[{"id":14281,"href":"https:\/\/diarioprincipios.com\/index.php\/wp-json\/wp\/v2\/posts\/14278\/revisions\/14281"}],"wp:featuredmedia":[{"embeddable":true,"href":"https:\/\/diarioprincipios.com\/index.php\/wp-json\/wp\/v2\/media\/14280"}],"wp:attachment":[{"href":"https:\/\/diarioprincipios.com\/index.php\/wp-json\/wp\/v2\/media?parent=14278"}],"wp:term":[{"taxonomy":"category","embeddable":true,"href":"https:\/\/diarioprincipios.com\/index.php\/wp-json\/wp\/v2\/categories?post=14278"},{"taxonomy":"post_tag","embeddable":true,"href":"https:\/\/diarioprincipios.com\/index.php\/wp-json\/wp\/v2\/tags?post=14278"}],"curies":[{"name":"wp","href":"https:\/\/api.w.org\/{rel}","templated":true}]}}