{"id":13982,"date":"2022-07-08T14:55:30","date_gmt":"2022-07-08T17:55:30","guid":{"rendered":"http:\/\/diarioprincipios.com\/?p=13982"},"modified":"2022-07-28T17:08:54","modified_gmt":"2022-07-28T20:08:54","slug":"arranco-la-segunda-etapa-de-obras-en-la-sede-del-stmb","status":"publish","type":"post","link":"https:\/\/diarioprincipios.com\/index.php\/2022\/07\/08\/arranco-la-segunda-etapa-de-obras-en-la-sede-del-stmb\/","title":{"rendered":"Arranc\u00f3 la segunda etapa de obras en la sede del STMB"},"content":{"rendered":"\n<p>D\u00edas atr\u00e1s arranc\u00f3 la segunda etapa de obras en la sede del Sindicato de Trabajadores Municipales de Berazategui, ubicada en calle 151 esquina 18 A.<\/p>\n\n\n\n<p>En la p\u00e1gina oficial del gremio informaron que \u00abcontin\u00faa a muy buen ritmo la puesta en valor de la casa de los municipales berazateguenses, por eso avanzamos\u00a0con las obras de la segunda etapa. Seguimos trabajando para lograr el objetivo de brindarle a nuestros afiliados mayores comodidades, afectando recursos propios para tener una sede completamente renovada\u00bb.<\/p>\n\n\n\n<figure class=\"wp-block-image size-full\"><img loading=\"lazy\" decoding=\"async\" width=\"940\" height=\"788\" src=\"https:\/\/diarioprincipios.com\/wp-content\/uploads\/2022\/07\/3-3.jpg\" alt=\"\" class=\"wp-image-13983\" srcset=\"https:\/\/diarioprincipios.com\/wp-content\/uploads\/2022\/07\/3-3.jpg 940w, https:\/\/diarioprincipios.com\/wp-content\/uploads\/2022\/07\/3-3-300x251.jpg 300w, https:\/\/diarioprincipios.com\/wp-content\/uploads\/2022\/07\/3-3-768x644.jpg 768w\" sizes=\"auto, (max-width: 940px) 100vw, 940px\" \/><\/figure>\n\n\n\n<p>En una recorrida por la sede Principios fue testigo del r\u00e1pido avance y dialog\u00f3 con el secretario general del gremio, Gabriel Carril Campusano, quien destac\u00f3 que \u00abluego de haber concluido la primera etapa sobre la esquina de 18A que los afiliados ya est\u00e1n disfrutando, ahora comenzamos con esta segunda parte, para as\u00ed dejar concluida toda la planta baja\u00bb. Destac\u00f3 que \u00abla idea es tener un espacio funcional brindando mayor comodidad al afiliado, hemos planificado todo minuciosamente y ahorramos con mucho esfuerzo en la gesti\u00f3n los recursos como para abordar esta estapa sin sobresaltos, somos orgullosamente municipales y queremos darle lo mejor a nuestros compa\u00f1eros\u00bb. Desde el gremio adelantaron que la idea es en lo posible llegar con esta segunda etapa concluida para el mes de noviembre, donde los municipales esperan celebrar su d\u00eda con estas flamantes obras.<\/p>\n","protected":false},"excerpt":{"rendered":"<p>D\u00edas atr\u00e1s arranc\u00f3 la segunda etapa de obras en la sede del Sindicato de Trabajadores Municipales de Berazategui, ubicada en calle 151 esquina 18 A. En la p\u00e1gina oficial del gremio informaron que \u00abcontin\u00faa a muy buen ritmo la puesta en valor de la casa de los municipales berazateguenses, por eso avanzamos\u00a0con las obras de&#8230;<\/p>\n","protected":false},"author":2,"featured_media":13984,"comment_status":"open","ping_status":"open","sticky":false,"template":"","format":"standard","meta":{"footnotes":""},"categories":[3],"tags":[],"class_list":["post-13982","post","type-post","status-publish","format-standard","has-post-thumbnail","hentry","category-berazategui"],"featured_image_src":"https:\/\/diarioprincipios.com\/wp-content\/uploads\/2022\/07\/2-4.jpg","blog_images":{"medium":"https:\/\/diarioprincipios.com\/wp-content\/uploads\/2022\/07\/2-4-300x251.jpg","large":"https:\/\/diarioprincipios.com\/wp-content\/uploads\/2022\/07\/2-4.jpg"},"ams_acf":[],"yoast_head":"<!-- This site is optimized with the Yoast SEO plugin v27.3 - https:\/\/yoast.com\/product\/yoast-seo-wordpress\/ -->\n<title>Arranc\u00f3 la segunda etapa de obras en la sede del STMB - Principios<\/title>\n<meta name=\"robots\" content=\"index, follow, max-snippet:-1, max-image-preview:large, max-video-preview:-1\" \/>\n<link rel=\"canonical\" href=\"https:\/\/diarioprincipios.com\/index.php\/2022\/07\/08\/arranco-la-segunda-etapa-de-obras-en-la-sede-del-stmb\/\" \/>\n<meta property=\"og:locale\" content=\"es_ES\" \/>\n<meta property=\"og:type\" content=\"article\" \/>\n<meta property=\"og:title\" content=\"Arranc\u00f3 la segunda etapa de obras en la sede del STMB - Principios\" \/>\n<meta property=\"og:description\" content=\"D\u00edas atr\u00e1s arranc\u00f3 la segunda etapa de obras en la sede del Sindicato de Trabajadores Municipales de Berazategui, ubicada en calle 151 esquina 18 A. En la p\u00e1gina oficial del gremio informaron que \u00abcontin\u00faa a muy buen ritmo la puesta en valor de la casa de los municipales berazateguenses, por eso avanzamos\u00a0con las obras de...\" \/>\n<meta property=\"og:url\" content=\"https:\/\/diarioprincipios.com\/index.php\/2022\/07\/08\/arranco-la-segunda-etapa-de-obras-en-la-sede-del-stmb\/\" \/>\n<meta property=\"og:site_name\" content=\"Principios\" \/>\n<meta property=\"article:published_time\" content=\"2022-07-08T17:55:30+00:00\" \/>\n<meta property=\"article:modified_time\" content=\"2022-07-28T20:08:54+00:00\" \/>\n<meta property=\"og:image\" content=\"https:\/\/diarioprincipios.com\/wp-content\/uploads\/2022\/07\/2-4.jpg\" \/>\n\t<meta property=\"og:image:width\" content=\"940\" \/>\n\t<meta property=\"og:image:height\" content=\"788\" \/>\n\t<meta property=\"og:image:type\" content=\"image\/jpeg\" \/>\n<meta name=\"author\" content=\"Hern\u00e1n L\u00f3pez\" \/>\n<meta name=\"twitter:card\" content=\"summary_large_image\" \/>\n<meta name=\"twitter:label1\" content=\"Escrito por\" \/>\n\t<meta name=\"twitter:data1\" content=\"Hern\u00e1n L\u00f3pez\" \/>\n\t<meta name=\"twitter:label2\" content=\"Tiempo de lectura\" \/>\n\t<meta name=\"twitter:data2\" content=\"2 minutos\" \/>\n<script type=\"application\/ld+json\" class=\"yoast-schema-graph\">{\"@context\":\"https:\\\/\\\/schema.org\",\"@graph\":[{\"@type\":\"Article\",\"@id\":\"https:\\\/\\\/diarioprincipios.com\\\/index.php\\\/2022\\\/07\\\/08\\\/arranco-la-segunda-etapa-de-obras-en-la-sede-del-stmb\\\/#article\",\"isPartOf\":{\"@id\":\"https:\\\/\\\/diarioprincipios.com\\\/index.php\\\/2022\\\/07\\\/08\\\/arranco-la-segunda-etapa-de-obras-en-la-sede-del-stmb\\\/\"},\"author\":{\"name\":\"Hern\u00e1n L\u00f3pez\",\"@id\":\"https:\\\/\\\/diarioprincipios.com\\\/#\\\/schema\\\/person\\\/436d5a1fd41a5e250e23ff5a6a7cb080\"},\"headline\":\"Arranc\u00f3 la segunda etapa de obras en la sede del STMB\",\"datePublished\":\"2022-07-08T17:55:30+00:00\",\"dateModified\":\"2022-07-28T20:08:54+00:00\",\"mainEntityOfPage\":{\"@id\":\"https:\\\/\\\/diarioprincipios.com\\\/index.php\\\/2022\\\/07\\\/08\\\/arranco-la-segunda-etapa-de-obras-en-la-sede-del-stmb\\\/\"},\"wordCount\":236,\"commentCount\":0,\"publisher\":{\"@id\":\"https:\\\/\\\/diarioprincipios.com\\\/#organization\"},\"image\":{\"@id\":\"https:\\\/\\\/diarioprincipios.com\\\/index.php\\\/2022\\\/07\\\/08\\\/arranco-la-segunda-etapa-de-obras-en-la-sede-del-stmb\\\/#primaryimage\"},\"thumbnailUrl\":\"https:\\\/\\\/diarioprincipios.com\\\/wp-content\\\/uploads\\\/2022\\\/07\\\/2-4.jpg\",\"articleSection\":[\"Berazategui\"],\"inLanguage\":\"es\",\"potentialAction\":[{\"@type\":\"CommentAction\",\"name\":\"Comment\",\"target\":[\"https:\\\/\\\/diarioprincipios.com\\\/index.php\\\/2022\\\/07\\\/08\\\/arranco-la-segunda-etapa-de-obras-en-la-sede-del-stmb\\\/#respond\"]}]},{\"@type\":\"WebPage\",\"@id\":\"https:\\\/\\\/diarioprincipios.com\\\/index.php\\\/2022\\\/07\\\/08\\\/arranco-la-segunda-etapa-de-obras-en-la-sede-del-stmb\\\/\",\"url\":\"https:\\\/\\\/diarioprincipios.com\\\/index.php\\\/2022\\\/07\\\/08\\\/arranco-la-segunda-etapa-de-obras-en-la-sede-del-stmb\\\/\",\"name\":\"Arranc\u00f3 la segunda etapa de obras en la sede del STMB - Principios\",\"isPartOf\":{\"@id\":\"https:\\\/\\\/diarioprincipios.com\\\/#website\"},\"primaryImageOfPage\":{\"@id\":\"https:\\\/\\\/diarioprincipios.com\\\/index.php\\\/2022\\\/07\\\/08\\\/arranco-la-segunda-etapa-de-obras-en-la-sede-del-stmb\\\/#primaryimage\"},\"image\":{\"@id\":\"https:\\\/\\\/diarioprincipios.com\\\/index.php\\\/2022\\\/07\\\/08\\\/arranco-la-segunda-etapa-de-obras-en-la-sede-del-stmb\\\/#primaryimage\"},\"thumbnailUrl\":\"https:\\\/\\\/diarioprincipios.com\\\/wp-content\\\/uploads\\\/2022\\\/07\\\/2-4.jpg\",\"datePublished\":\"2022-07-08T17:55:30+00:00\",\"dateModified\":\"2022-07-28T20:08:54+00:00\",\"breadcrumb\":{\"@id\":\"https:\\\/\\\/diarioprincipios.com\\\/index.php\\\/2022\\\/07\\\/08\\\/arranco-la-segunda-etapa-de-obras-en-la-sede-del-stmb\\\/#breadcrumb\"},\"inLanguage\":\"es\",\"potentialAction\":[{\"@type\":\"ReadAction\",\"target\":[\"https:\\\/\\\/diarioprincipios.com\\\/index.php\\\/2022\\\/07\\\/08\\\/arranco-la-segunda-etapa-de-obras-en-la-sede-del-stmb\\\/\"]}]},{\"@type\":\"ImageObject\",\"inLanguage\":\"es\",\"@id\":\"https:\\\/\\\/diarioprincipios.com\\\/index.php\\\/2022\\\/07\\\/08\\\/arranco-la-segunda-etapa-de-obras-en-la-sede-del-stmb\\\/#primaryimage\",\"url\":\"https:\\\/\\\/diarioprincipios.com\\\/wp-content\\\/uploads\\\/2022\\\/07\\\/2-4.jpg\",\"contentUrl\":\"https:\\\/\\\/diarioprincipios.com\\\/wp-content\\\/uploads\\\/2022\\\/07\\\/2-4.jpg\",\"width\":940,\"height\":788},{\"@type\":\"BreadcrumbList\",\"@id\":\"https:\\\/\\\/diarioprincipios.com\\\/index.php\\\/2022\\\/07\\\/08\\\/arranco-la-segunda-etapa-de-obras-en-la-sede-del-stmb\\\/#breadcrumb\",\"itemListElement\":[{\"@type\":\"ListItem\",\"position\":1,\"name\":\"Portada\",\"item\":\"https:\\\/\\\/diarioprincipios.com\\\/\"},{\"@type\":\"ListItem\",\"position\":2,\"name\":\"Arranc\u00f3 la segunda etapa de obras en la sede del STMB\"}]},{\"@type\":\"WebSite\",\"@id\":\"https:\\\/\\\/diarioprincipios.com\\\/#website\",\"url\":\"https:\\\/\\\/diarioprincipios.com\\\/\",\"name\":\"Principios\",\"description\":\"Principios Diario\",\"publisher\":{\"@id\":\"https:\\\/\\\/diarioprincipios.com\\\/#organization\"},\"potentialAction\":[{\"@type\":\"SearchAction\",\"target\":{\"@type\":\"EntryPoint\",\"urlTemplate\":\"https:\\\/\\\/diarioprincipios.com\\\/?s={search_term_string}\"},\"query-input\":{\"@type\":\"PropertyValueSpecification\",\"valueRequired\":true,\"valueName\":\"search_term_string\"}}],\"inLanguage\":\"es\"},{\"@type\":\"Organization\",\"@id\":\"https:\\\/\\\/diarioprincipios.com\\\/#organization\",\"name\":\"Principios\",\"url\":\"https:\\\/\\\/diarioprincipios.com\\\/\",\"logo\":{\"@type\":\"ImageObject\",\"inLanguage\":\"es\",\"@id\":\"https:\\\/\\\/diarioprincipios.com\\\/#\\\/schema\\\/logo\\\/image\\\/\",\"url\":\"https:\\\/\\\/diarioprincipios.com\\\/wp-content\\\/uploads\\\/2024\\\/04\\\/cropped-www.diarioprincipios.com_-1.png\",\"contentUrl\":\"https:\\\/\\\/diarioprincipios.com\\\/wp-content\\\/uploads\\\/2024\\\/04\\\/cropped-www.diarioprincipios.com_-1.png\",\"width\":5325,\"height\":1454,\"caption\":\"Principios\"},\"image\":{\"@id\":\"https:\\\/\\\/diarioprincipios.com\\\/#\\\/schema\\\/logo\\\/image\\\/\"}},{\"@type\":\"Person\",\"@id\":\"https:\\\/\\\/diarioprincipios.com\\\/#\\\/schema\\\/person\\\/436d5a1fd41a5e250e23ff5a6a7cb080\",\"name\":\"Hern\u00e1n L\u00f3pez\",\"image\":{\"@type\":\"ImageObject\",\"inLanguage\":\"es\",\"@id\":\"https:\\\/\\\/diarioprincipios.com\\\/wp-content\\\/litespeed\\\/avatar\\\/11ddfe5610ff3bd100522525b2571f48.jpg?ver=1777048341\",\"url\":\"https:\\\/\\\/diarioprincipios.com\\\/wp-content\\\/litespeed\\\/avatar\\\/11ddfe5610ff3bd100522525b2571f48.jpg?ver=1777048341\",\"contentUrl\":\"https:\\\/\\\/diarioprincipios.com\\\/wp-content\\\/litespeed\\\/avatar\\\/11ddfe5610ff3bd100522525b2571f48.jpg?ver=1777048341\",\"caption\":\"Hern\u00e1n L\u00f3pez\"},\"url\":\"https:\\\/\\\/diarioprincipios.com\\\/index.php\\\/author\\\/hernan\\\/\"}]}<\/script>\n<!-- \/ Yoast SEO plugin. -->","yoast_head_json":{"title":"Arranc\u00f3 la segunda etapa de obras en la sede del STMB - Principios","robots":{"index":"index","follow":"follow","max-snippet":"max-snippet:-1","max-image-preview":"max-image-preview:large","max-video-preview":"max-video-preview:-1"},"canonical":"https:\/\/diarioprincipios.com\/index.php\/2022\/07\/08\/arranco-la-segunda-etapa-de-obras-en-la-sede-del-stmb\/","og_locale":"es_ES","og_type":"article","og_title":"Arranc\u00f3 la segunda etapa de obras en la sede del STMB - Principios","og_description":"D\u00edas atr\u00e1s arranc\u00f3 la segunda etapa de obras en la sede del Sindicato de Trabajadores Municipales de Berazategui, ubicada en calle 151 esquina 18 A. En la p\u00e1gina oficial del gremio informaron que \u00abcontin\u00faa a muy buen ritmo la puesta en valor de la casa de los municipales berazateguenses, por eso avanzamos\u00a0con las obras de...","og_url":"https:\/\/diarioprincipios.com\/index.php\/2022\/07\/08\/arranco-la-segunda-etapa-de-obras-en-la-sede-del-stmb\/","og_site_name":"Principios","article_published_time":"2022-07-08T17:55:30+00:00","article_modified_time":"2022-07-28T20:08:54+00:00","og_image":[{"width":940,"height":788,"url":"https:\/\/diarioprincipios.com\/wp-content\/uploads\/2022\/07\/2-4.jpg","type":"image\/jpeg"}],"author":"Hern\u00e1n L\u00f3pez","twitter_card":"summary_large_image","twitter_misc":{"Escrito por":"Hern\u00e1n L\u00f3pez","Tiempo de lectura":"2 minutos"},"schema":{"@context":"https:\/\/schema.org","@graph":[{"@type":"Article","@id":"https:\/\/diarioprincipios.com\/index.php\/2022\/07\/08\/arranco-la-segunda-etapa-de-obras-en-la-sede-del-stmb\/#article","isPartOf":{"@id":"https:\/\/diarioprincipios.com\/index.php\/2022\/07\/08\/arranco-la-segunda-etapa-de-obras-en-la-sede-del-stmb\/"},"author":{"name":"Hern\u00e1n L\u00f3pez","@id":"https:\/\/diarioprincipios.com\/#\/schema\/person\/436d5a1fd41a5e250e23ff5a6a7cb080"},"headline":"Arranc\u00f3 la segunda etapa de obras en la sede del STMB","datePublished":"2022-07-08T17:55:30+00:00","dateModified":"2022-07-28T20:08:54+00:00","mainEntityOfPage":{"@id":"https:\/\/diarioprincipios.com\/index.php\/2022\/07\/08\/arranco-la-segunda-etapa-de-obras-en-la-sede-del-stmb\/"},"wordCount":236,"commentCount":0,"publisher":{"@id":"https:\/\/diarioprincipios.com\/#organization"},"image":{"@id":"https:\/\/diarioprincipios.com\/index.php\/2022\/07\/08\/arranco-la-segunda-etapa-de-obras-en-la-sede-del-stmb\/#primaryimage"},"thumbnailUrl":"https:\/\/diarioprincipios.com\/wp-content\/uploads\/2022\/07\/2-4.jpg","articleSection":["Berazategui"],"inLanguage":"es","potentialAction":[{"@type":"CommentAction","name":"Comment","target":["https:\/\/diarioprincipios.com\/index.php\/2022\/07\/08\/arranco-la-segunda-etapa-de-obras-en-la-sede-del-stmb\/#respond"]}]},{"@type":"WebPage","@id":"https:\/\/diarioprincipios.com\/index.php\/2022\/07\/08\/arranco-la-segunda-etapa-de-obras-en-la-sede-del-stmb\/","url":"https:\/\/diarioprincipios.com\/index.php\/2022\/07\/08\/arranco-la-segunda-etapa-de-obras-en-la-sede-del-stmb\/","name":"Arranc\u00f3 la segunda etapa de obras en la sede del STMB - Principios","isPartOf":{"@id":"https:\/\/diarioprincipios.com\/#website"},"primaryImageOfPage":{"@id":"https:\/\/diarioprincipios.com\/index.php\/2022\/07\/08\/arranco-la-segunda-etapa-de-obras-en-la-sede-del-stmb\/#primaryimage"},"image":{"@id":"https:\/\/diarioprincipios.com\/index.php\/2022\/07\/08\/arranco-la-segunda-etapa-de-obras-en-la-sede-del-stmb\/#primaryimage"},"thumbnailUrl":"https:\/\/diarioprincipios.com\/wp-content\/uploads\/2022\/07\/2-4.jpg","datePublished":"2022-07-08T17:55:30+00:00","dateModified":"2022-07-28T20:08:54+00:00","breadcrumb":{"@id":"https:\/\/diarioprincipios.com\/index.php\/2022\/07\/08\/arranco-la-segunda-etapa-de-obras-en-la-sede-del-stmb\/#breadcrumb"},"inLanguage":"es","potentialAction":[{"@type":"ReadAction","target":["https:\/\/diarioprincipios.com\/index.php\/2022\/07\/08\/arranco-la-segunda-etapa-de-obras-en-la-sede-del-stmb\/"]}]},{"@type":"ImageObject","inLanguage":"es","@id":"https:\/\/diarioprincipios.com\/index.php\/2022\/07\/08\/arranco-la-segunda-etapa-de-obras-en-la-sede-del-stmb\/#primaryimage","url":"https:\/\/diarioprincipios.com\/wp-content\/uploads\/2022\/07\/2-4.jpg","contentUrl":"https:\/\/diarioprincipios.com\/wp-content\/uploads\/2022\/07\/2-4.jpg","width":940,"height":788},{"@type":"BreadcrumbList","@id":"https:\/\/diarioprincipios.com\/index.php\/2022\/07\/08\/arranco-la-segunda-etapa-de-obras-en-la-sede-del-stmb\/#breadcrumb","itemListElement":[{"@type":"ListItem","position":1,"name":"Portada","item":"https:\/\/diarioprincipios.com\/"},{"@type":"ListItem","position":2,"name":"Arranc\u00f3 la segunda etapa de obras en la sede del STMB"}]},{"@type":"WebSite","@id":"https:\/\/diarioprincipios.com\/#website","url":"https:\/\/diarioprincipios.com\/","name":"Principios","description":"Principios Diario","publisher":{"@id":"https:\/\/diarioprincipios.com\/#organization"},"potentialAction":[{"@type":"SearchAction","target":{"@type":"EntryPoint","urlTemplate":"https:\/\/diarioprincipios.com\/?s={search_term_string}"},"query-input":{"@type":"PropertyValueSpecification","valueRequired":true,"valueName":"search_term_string"}}],"inLanguage":"es"},{"@type":"Organization","@id":"https:\/\/diarioprincipios.com\/#organization","name":"Principios","url":"https:\/\/diarioprincipios.com\/","logo":{"@type":"ImageObject","inLanguage":"es","@id":"https:\/\/diarioprincipios.com\/#\/schema\/logo\/image\/","url":"https:\/\/diarioprincipios.com\/wp-content\/uploads\/2024\/04\/cropped-www.diarioprincipios.com_-1.png","contentUrl":"https:\/\/diarioprincipios.com\/wp-content\/uploads\/2024\/04\/cropped-www.diarioprincipios.com_-1.png","width":5325,"height":1454,"caption":"Principios"},"image":{"@id":"https:\/\/diarioprincipios.com\/#\/schema\/logo\/image\/"}},{"@type":"Person","@id":"https:\/\/diarioprincipios.com\/#\/schema\/person\/436d5a1fd41a5e250e23ff5a6a7cb080","name":"Hern\u00e1n L\u00f3pez","image":{"@type":"ImageObject","inLanguage":"es","@id":"https:\/\/diarioprincipios.com\/wp-content\/litespeed\/avatar\/11ddfe5610ff3bd100522525b2571f48.jpg?ver=1777048341","url":"https:\/\/diarioprincipios.com\/wp-content\/litespeed\/avatar\/11ddfe5610ff3bd100522525b2571f48.jpg?ver=1777048341","contentUrl":"https:\/\/diarioprincipios.com\/wp-content\/litespeed\/avatar\/11ddfe5610ff3bd100522525b2571f48.jpg?ver=1777048341","caption":"Hern\u00e1n L\u00f3pez"},"url":"https:\/\/diarioprincipios.com\/index.php\/author\/hernan\/"}]}},"jetpack_featured_media_url":"https:\/\/diarioprincipios.com\/wp-content\/uploads\/2022\/07\/2-4.jpg","_links":{"self":[{"href":"https:\/\/diarioprincipios.com\/index.php\/wp-json\/wp\/v2\/posts\/13982","targetHints":{"allow":["GET"]}}],"collection":[{"href":"https:\/\/diarioprincipios.com\/index.php\/wp-json\/wp\/v2\/posts"}],"about":[{"href":"https:\/\/diarioprincipios.com\/index.php\/wp-json\/wp\/v2\/types\/post"}],"author":[{"embeddable":true,"href":"https:\/\/diarioprincipios.com\/index.php\/wp-json\/wp\/v2\/users\/2"}],"replies":[{"embeddable":true,"href":"https:\/\/diarioprincipios.com\/index.php\/wp-json\/wp\/v2\/comments?post=13982"}],"version-history":[{"count":1,"href":"https:\/\/diarioprincipios.com\/index.php\/wp-json\/wp\/v2\/posts\/13982\/revisions"}],"predecessor-version":[{"id":13985,"href":"https:\/\/diarioprincipios.com\/index.php\/wp-json\/wp\/v2\/posts\/13982\/revisions\/13985"}],"wp:featuredmedia":[{"embeddable":true,"href":"https:\/\/diarioprincipios.com\/index.php\/wp-json\/wp\/v2\/media\/13984"}],"wp:attachment":[{"href":"https:\/\/diarioprincipios.com\/index.php\/wp-json\/wp\/v2\/media?parent=13982"}],"wp:term":[{"taxonomy":"category","embeddable":true,"href":"https:\/\/diarioprincipios.com\/index.php\/wp-json\/wp\/v2\/categories?post=13982"},{"taxonomy":"post_tag","embeddable":true,"href":"https:\/\/diarioprincipios.com\/index.php\/wp-json\/wp\/v2\/tags?post=13982"}],"curies":[{"name":"wp","href":"https:\/\/api.w.org\/{rel}","templated":true}]}}