{"id":13908,"date":"2022-06-30T22:52:00","date_gmt":"2022-07-01T01:52:00","guid":{"rendered":"http:\/\/diarioprincipios.com\/?p=13908"},"modified":"2022-06-30T23:27:08","modified_gmt":"2022-07-01T02:27:08","slug":"mar-del-plata-vuelve-a-convocar-a-celia-cabrera","status":"publish","type":"post","link":"https:\/\/diarioprincipios.com\/index.php\/2022\/06\/30\/mar-del-plata-vuelve-a-convocar-a-celia-cabrera\/","title":{"rendered":"Mar Del Plata vuelve a convocar a Celia Cabrera"},"content":{"rendered":"\n<p>Luego de distinguirla en el mes de febrero, volvieron a convocar desde Mar Del Plata a Celia Cabrera, concejal y presidenta de la Asociaci\u00f3n de Voley Capital Nacional del Vidrio, para que coordine las actividades de Newcom (Adaptaci\u00f3n del Voley donde la pelota no se golpea sino que se atrapa y se lanza) en la temporada de verano 2023.<\/p>\n\n\n\n<p>Las actividades que se desarrollar\u00e1n en el Polideportivo Villa Marista de CAMET son F\u00fatbol Infantil, F\u00fatbol Promocional, Voley Formativas, Voley Inferiores, Voley Mayores y Newcom, esper\u00e1ndose la participaci\u00f3n de m\u00e1s de 1500 deportistas.<\/p>\n\n\n\n<p>Las inscripciones comenzaron el 1\u00b0 de junio y se extienden hasta el 31 de Julio de 2022 y la presidente de la Asociaci\u00f3n de Voley coordinar\u00e1 el \u00e1rea de Newcom en las categor\u00edas +50 mixto +60 mixto y +50 femenino.<\/p>\n\n\n\n<figure class=\"wp-block-image size-large\"><img loading=\"lazy\" decoding=\"async\" width=\"616\" height=\"1024\" src=\"https:\/\/diarioprincipios.com\/wp-content\/uploads\/2022\/06\/IMG-20220630-WA0053-616x1024.jpg\" alt=\"\" class=\"wp-image-13909\" srcset=\"https:\/\/diarioprincipios.com\/wp-content\/uploads\/2022\/06\/IMG-20220630-WA0053-616x1024.jpg 616w, https:\/\/diarioprincipios.com\/wp-content\/uploads\/2022\/06\/IMG-20220630-WA0053-180x300.jpg 180w, https:\/\/diarioprincipios.com\/wp-content\/uploads\/2022\/06\/IMG-20220630-WA0053.jpg 666w\" sizes=\"auto, (max-width: 616px) 100vw, 616px\" \/><\/figure>\n\n\n\n<p>Consultada por Principios, Celia Cabrera destac\u00f3 que \u00abpara mi es un gran honor que me hayan convocado para coordinar las actividades de Newcom, ya en febrero me hab\u00edan galardonado con una distinci\u00f3n pero esto es una alegr\u00eda mayor, porque nos dan la confianza para trabajar en lo que m\u00e1s nos gusta\u00bb.<\/p>\n\n\n\n<p>Tras agradecer a los organizadores, remarc\u00f3 que \u00abestaremos viajando con todo nuestro equipo de trabajo, del cual estoy cada dia mas orgullosa, porque hacemos las cosas con pasi\u00f3n, responsabilidad y mucho amor, y los resultados est\u00e1n a la vista\u00bb.<\/p>\n\n\n\n<p>Este importante evento, que recorrer\u00e1 varios puntos del pa\u00eds a lo largo del a\u00f1o, es organizado por la Asociaci\u00f3n Civil \u00abAhora los Ni\u00f1os\u00bb, con el deporte como bandera y la Uni\u00f3n Amigos del Voley.<\/p>\n\n\n\n<p>EL QUINQUELA SER\u00c1 SEDE EN JULIO<\/p>\n\n\n\n<p>El&nbsp; 17 de julio se realizar\u00e1 un evento grande de Newcom en el gimnasio del Colegio Privado Quinquela Mart\u00cdn de R\u00e1nelagh,&nbsp; vienen equipos de Mar del Plata , San Vicente, Castelli, Ranchos, Chascom\u00fas, 3 de Febrero, Avellaneda, San Fernando, Ramallo, General Belgrano, Varela y Quilmes.<\/p>\n\n\n\n<p>Por supuesto habr\u00e1 representantes de Berazategui como&nbsp; Municipalidad, SOIVA y Los Morgan.<\/p>\n\n\n\n<p>\u00abUn total de 27 equipos de la Provincia de Buenos Aires participar\u00e1n de esta&nbsp; Copa Confraternidad 2022, de la que tomaremos parte como Asociaci\u00f3n de Voley, ya que el deporte nos une como bandera\u00bb, destac\u00f3 Celia Cabrera quien aprovech\u00f3 para agradecer \u00abel apoyo constante del intendente Juan Jos\u00e9 Mussi y el secretario general de los vidrieron Horacio Valdez quienes nos facilitan la tarea y est\u00e1n siempre a disposici\u00f3n\u00bb.<\/p>\n\n\n\n<p>Finalmente dijo que \u00abnuestra actividad no tiene techo, cont\u00e1mos con&nbsp; un hermoso grupo de trabajo que tiene muchas ganas de crecer y seguir haciendo grande al Voley en todo Berazategui y en cada lugar que nos inviten\u00bb.<\/p>\n","protected":false},"excerpt":{"rendered":"<p>Luego de distinguirla en el mes de febrero, volvieron a convocar desde Mar Del Plata a Celia Cabrera, concejal y presidenta de la Asociaci\u00f3n de Voley Capital Nacional del Vidrio, para que coordine las actividades de Newcom (Adaptaci\u00f3n del Voley donde la pelota no se golpea sino que se atrapa y se lanza) en la&#8230;<\/p>\n","protected":false},"author":2,"featured_media":13912,"comment_status":"open","ping_status":"open","sticky":false,"template":"","format":"standard","meta":{"footnotes":""},"categories":[6],"tags":[],"class_list":["post-13908","post","type-post","status-publish","format-standard","has-post-thumbnail","hentry","category-deportes"],"featured_image_src":"https:\/\/diarioprincipios.com\/wp-content\/uploads\/2022\/06\/IMG-20220218-WA0064-1024x576.jpg","blog_images":{"medium":"https:\/\/diarioprincipios.com\/wp-content\/uploads\/2022\/06\/IMG-20220218-WA0064-300x169.jpg","large":"https:\/\/diarioprincipios.com\/wp-content\/uploads\/2022\/06\/IMG-20220218-WA0064-1024x576.jpg"},"ams_acf":[],"yoast_head":"<!-- This site is optimized with the Yoast SEO plugin v27.3 - https:\/\/yoast.com\/product\/yoast-seo-wordpress\/ -->\n<title>Mar Del Plata vuelve a convocar a Celia Cabrera - Principios<\/title>\n<meta name=\"robots\" content=\"index, follow, max-snippet:-1, max-image-preview:large, max-video-preview:-1\" \/>\n<link rel=\"canonical\" href=\"https:\/\/diarioprincipios.com\/index.php\/2022\/06\/30\/mar-del-plata-vuelve-a-convocar-a-celia-cabrera\/\" \/>\n<meta property=\"og:locale\" content=\"es_ES\" \/>\n<meta property=\"og:type\" content=\"article\" \/>\n<meta property=\"og:title\" content=\"Mar Del Plata vuelve a convocar a Celia Cabrera - Principios\" \/>\n<meta property=\"og:description\" content=\"Luego de distinguirla en el mes de febrero, volvieron a convocar desde Mar Del Plata a Celia Cabrera, concejal y presidenta de la Asociaci\u00f3n de Voley Capital Nacional del Vidrio, para que coordine las actividades de Newcom (Adaptaci\u00f3n del Voley donde la pelota no se golpea sino que se atrapa y se lanza) en la...\" \/>\n<meta property=\"og:url\" content=\"https:\/\/diarioprincipios.com\/index.php\/2022\/06\/30\/mar-del-plata-vuelve-a-convocar-a-celia-cabrera\/\" \/>\n<meta property=\"og:site_name\" content=\"Principios\" \/>\n<meta property=\"article:published_time\" content=\"2022-07-01T01:52:00+00:00\" \/>\n<meta property=\"article:modified_time\" content=\"2022-07-01T02:27:08+00:00\" \/>\n<meta property=\"og:image\" content=\"https:\/\/diarioprincipios.com\/wp-content\/uploads\/2022\/06\/IMG-20220218-WA0064.jpg\" \/>\n\t<meta property=\"og:image:width\" content=\"1600\" \/>\n\t<meta property=\"og:image:height\" content=\"900\" \/>\n\t<meta property=\"og:image:type\" content=\"image\/jpeg\" \/>\n<meta name=\"author\" content=\"Hern\u00e1n L\u00f3pez\" \/>\n<meta name=\"twitter:card\" content=\"summary_large_image\" \/>\n<meta name=\"twitter:label1\" content=\"Escrito por\" \/>\n\t<meta name=\"twitter:data1\" content=\"Hern\u00e1n L\u00f3pez\" \/>\n\t<meta name=\"twitter:label2\" content=\"Tiempo de lectura\" \/>\n\t<meta name=\"twitter:data2\" content=\"3 minutos\" \/>\n<script type=\"application\/ld+json\" class=\"yoast-schema-graph\">{\"@context\":\"https:\\\/\\\/schema.org\",\"@graph\":[{\"@type\":\"Article\",\"@id\":\"https:\\\/\\\/diarioprincipios.com\\\/index.php\\\/2022\\\/06\\\/30\\\/mar-del-plata-vuelve-a-convocar-a-celia-cabrera\\\/#article\",\"isPartOf\":{\"@id\":\"https:\\\/\\\/diarioprincipios.com\\\/index.php\\\/2022\\\/06\\\/30\\\/mar-del-plata-vuelve-a-convocar-a-celia-cabrera\\\/\"},\"author\":{\"name\":\"Hern\u00e1n L\u00f3pez\",\"@id\":\"https:\\\/\\\/diarioprincipios.com\\\/#\\\/schema\\\/person\\\/436d5a1fd41a5e250e23ff5a6a7cb080\"},\"headline\":\"Mar Del Plata vuelve a convocar a Celia Cabrera\",\"datePublished\":\"2022-07-01T01:52:00+00:00\",\"dateModified\":\"2022-07-01T02:27:08+00:00\",\"mainEntityOfPage\":{\"@id\":\"https:\\\/\\\/diarioprincipios.com\\\/index.php\\\/2022\\\/06\\\/30\\\/mar-del-plata-vuelve-a-convocar-a-celia-cabrera\\\/\"},\"wordCount\":454,\"commentCount\":0,\"publisher\":{\"@id\":\"https:\\\/\\\/diarioprincipios.com\\\/#organization\"},\"image\":{\"@id\":\"https:\\\/\\\/diarioprincipios.com\\\/index.php\\\/2022\\\/06\\\/30\\\/mar-del-plata-vuelve-a-convocar-a-celia-cabrera\\\/#primaryimage\"},\"thumbnailUrl\":\"https:\\\/\\\/diarioprincipios.com\\\/wp-content\\\/uploads\\\/2022\\\/06\\\/IMG-20220218-WA0064.jpg\",\"articleSection\":[\"Deportes\"],\"inLanguage\":\"es\",\"potentialAction\":[{\"@type\":\"CommentAction\",\"name\":\"Comment\",\"target\":[\"https:\\\/\\\/diarioprincipios.com\\\/index.php\\\/2022\\\/06\\\/30\\\/mar-del-plata-vuelve-a-convocar-a-celia-cabrera\\\/#respond\"]}]},{\"@type\":\"WebPage\",\"@id\":\"https:\\\/\\\/diarioprincipios.com\\\/index.php\\\/2022\\\/06\\\/30\\\/mar-del-plata-vuelve-a-convocar-a-celia-cabrera\\\/\",\"url\":\"https:\\\/\\\/diarioprincipios.com\\\/index.php\\\/2022\\\/06\\\/30\\\/mar-del-plata-vuelve-a-convocar-a-celia-cabrera\\\/\",\"name\":\"Mar Del Plata vuelve a convocar a Celia Cabrera - Principios\",\"isPartOf\":{\"@id\":\"https:\\\/\\\/diarioprincipios.com\\\/#website\"},\"primaryImageOfPage\":{\"@id\":\"https:\\\/\\\/diarioprincipios.com\\\/index.php\\\/2022\\\/06\\\/30\\\/mar-del-plata-vuelve-a-convocar-a-celia-cabrera\\\/#primaryimage\"},\"image\":{\"@id\":\"https:\\\/\\\/diarioprincipios.com\\\/index.php\\\/2022\\\/06\\\/30\\\/mar-del-plata-vuelve-a-convocar-a-celia-cabrera\\\/#primaryimage\"},\"thumbnailUrl\":\"https:\\\/\\\/diarioprincipios.com\\\/wp-content\\\/uploads\\\/2022\\\/06\\\/IMG-20220218-WA0064.jpg\",\"datePublished\":\"2022-07-01T01:52:00+00:00\",\"dateModified\":\"2022-07-01T02:27:08+00:00\",\"breadcrumb\":{\"@id\":\"https:\\\/\\\/diarioprincipios.com\\\/index.php\\\/2022\\\/06\\\/30\\\/mar-del-plata-vuelve-a-convocar-a-celia-cabrera\\\/#breadcrumb\"},\"inLanguage\":\"es\",\"potentialAction\":[{\"@type\":\"ReadAction\",\"target\":[\"https:\\\/\\\/diarioprincipios.com\\\/index.php\\\/2022\\\/06\\\/30\\\/mar-del-plata-vuelve-a-convocar-a-celia-cabrera\\\/\"]}]},{\"@type\":\"ImageObject\",\"inLanguage\":\"es\",\"@id\":\"https:\\\/\\\/diarioprincipios.com\\\/index.php\\\/2022\\\/06\\\/30\\\/mar-del-plata-vuelve-a-convocar-a-celia-cabrera\\\/#primaryimage\",\"url\":\"https:\\\/\\\/diarioprincipios.com\\\/wp-content\\\/uploads\\\/2022\\\/06\\\/IMG-20220218-WA0064.jpg\",\"contentUrl\":\"https:\\\/\\\/diarioprincipios.com\\\/wp-content\\\/uploads\\\/2022\\\/06\\\/IMG-20220218-WA0064.jpg\",\"width\":1600,\"height\":900},{\"@type\":\"BreadcrumbList\",\"@id\":\"https:\\\/\\\/diarioprincipios.com\\\/index.php\\\/2022\\\/06\\\/30\\\/mar-del-plata-vuelve-a-convocar-a-celia-cabrera\\\/#breadcrumb\",\"itemListElement\":[{\"@type\":\"ListItem\",\"position\":1,\"name\":\"Portada\",\"item\":\"https:\\\/\\\/diarioprincipios.com\\\/\"},{\"@type\":\"ListItem\",\"position\":2,\"name\":\"Mar Del Plata vuelve a convocar a Celia Cabrera\"}]},{\"@type\":\"WebSite\",\"@id\":\"https:\\\/\\\/diarioprincipios.com\\\/#website\",\"url\":\"https:\\\/\\\/diarioprincipios.com\\\/\",\"name\":\"Principios\",\"description\":\"Principios Diario\",\"publisher\":{\"@id\":\"https:\\\/\\\/diarioprincipios.com\\\/#organization\"},\"potentialAction\":[{\"@type\":\"SearchAction\",\"target\":{\"@type\":\"EntryPoint\",\"urlTemplate\":\"https:\\\/\\\/diarioprincipios.com\\\/?s={search_term_string}\"},\"query-input\":{\"@type\":\"PropertyValueSpecification\",\"valueRequired\":true,\"valueName\":\"search_term_string\"}}],\"inLanguage\":\"es\"},{\"@type\":\"Organization\",\"@id\":\"https:\\\/\\\/diarioprincipios.com\\\/#organization\",\"name\":\"Principios\",\"url\":\"https:\\\/\\\/diarioprincipios.com\\\/\",\"logo\":{\"@type\":\"ImageObject\",\"inLanguage\":\"es\",\"@id\":\"https:\\\/\\\/diarioprincipios.com\\\/#\\\/schema\\\/logo\\\/image\\\/\",\"url\":\"https:\\\/\\\/diarioprincipios.com\\\/wp-content\\\/uploads\\\/2024\\\/04\\\/cropped-www.diarioprincipios.com_-1.png\",\"contentUrl\":\"https:\\\/\\\/diarioprincipios.com\\\/wp-content\\\/uploads\\\/2024\\\/04\\\/cropped-www.diarioprincipios.com_-1.png\",\"width\":5325,\"height\":1454,\"caption\":\"Principios\"},\"image\":{\"@id\":\"https:\\\/\\\/diarioprincipios.com\\\/#\\\/schema\\\/logo\\\/image\\\/\"}},{\"@type\":\"Person\",\"@id\":\"https:\\\/\\\/diarioprincipios.com\\\/#\\\/schema\\\/person\\\/436d5a1fd41a5e250e23ff5a6a7cb080\",\"name\":\"Hern\u00e1n L\u00f3pez\",\"image\":{\"@type\":\"ImageObject\",\"inLanguage\":\"es\",\"@id\":\"https:\\\/\\\/diarioprincipios.com\\\/wp-content\\\/litespeed\\\/avatar\\\/11ddfe5610ff3bd100522525b2571f48.jpg?ver=1777048341\",\"url\":\"https:\\\/\\\/diarioprincipios.com\\\/wp-content\\\/litespeed\\\/avatar\\\/11ddfe5610ff3bd100522525b2571f48.jpg?ver=1777048341\",\"contentUrl\":\"https:\\\/\\\/diarioprincipios.com\\\/wp-content\\\/litespeed\\\/avatar\\\/11ddfe5610ff3bd100522525b2571f48.jpg?ver=1777048341\",\"caption\":\"Hern\u00e1n L\u00f3pez\"},\"url\":\"https:\\\/\\\/diarioprincipios.com\\\/index.php\\\/author\\\/hernan\\\/\"}]}<\/script>\n<!-- \/ Yoast SEO plugin. -->","yoast_head_json":{"title":"Mar Del Plata vuelve a convocar a Celia Cabrera - Principios","robots":{"index":"index","follow":"follow","max-snippet":"max-snippet:-1","max-image-preview":"max-image-preview:large","max-video-preview":"max-video-preview:-1"},"canonical":"https:\/\/diarioprincipios.com\/index.php\/2022\/06\/30\/mar-del-plata-vuelve-a-convocar-a-celia-cabrera\/","og_locale":"es_ES","og_type":"article","og_title":"Mar Del Plata vuelve a convocar a Celia Cabrera - Principios","og_description":"Luego de distinguirla en el mes de febrero, volvieron a convocar desde Mar Del Plata a Celia Cabrera, concejal y presidenta de la Asociaci\u00f3n de Voley Capital Nacional del Vidrio, para que coordine las actividades de Newcom (Adaptaci\u00f3n del Voley donde la pelota no se golpea sino que se atrapa y se lanza) en la...","og_url":"https:\/\/diarioprincipios.com\/index.php\/2022\/06\/30\/mar-del-plata-vuelve-a-convocar-a-celia-cabrera\/","og_site_name":"Principios","article_published_time":"2022-07-01T01:52:00+00:00","article_modified_time":"2022-07-01T02:27:08+00:00","og_image":[{"width":1600,"height":900,"url":"https:\/\/diarioprincipios.com\/wp-content\/uploads\/2022\/06\/IMG-20220218-WA0064.jpg","type":"image\/jpeg"}],"author":"Hern\u00e1n L\u00f3pez","twitter_card":"summary_large_image","twitter_misc":{"Escrito por":"Hern\u00e1n L\u00f3pez","Tiempo de lectura":"3 minutos"},"schema":{"@context":"https:\/\/schema.org","@graph":[{"@type":"Article","@id":"https:\/\/diarioprincipios.com\/index.php\/2022\/06\/30\/mar-del-plata-vuelve-a-convocar-a-celia-cabrera\/#article","isPartOf":{"@id":"https:\/\/diarioprincipios.com\/index.php\/2022\/06\/30\/mar-del-plata-vuelve-a-convocar-a-celia-cabrera\/"},"author":{"name":"Hern\u00e1n L\u00f3pez","@id":"https:\/\/diarioprincipios.com\/#\/schema\/person\/436d5a1fd41a5e250e23ff5a6a7cb080"},"headline":"Mar Del Plata vuelve a convocar a Celia Cabrera","datePublished":"2022-07-01T01:52:00+00:00","dateModified":"2022-07-01T02:27:08+00:00","mainEntityOfPage":{"@id":"https:\/\/diarioprincipios.com\/index.php\/2022\/06\/30\/mar-del-plata-vuelve-a-convocar-a-celia-cabrera\/"},"wordCount":454,"commentCount":0,"publisher":{"@id":"https:\/\/diarioprincipios.com\/#organization"},"image":{"@id":"https:\/\/diarioprincipios.com\/index.php\/2022\/06\/30\/mar-del-plata-vuelve-a-convocar-a-celia-cabrera\/#primaryimage"},"thumbnailUrl":"https:\/\/diarioprincipios.com\/wp-content\/uploads\/2022\/06\/IMG-20220218-WA0064.jpg","articleSection":["Deportes"],"inLanguage":"es","potentialAction":[{"@type":"CommentAction","name":"Comment","target":["https:\/\/diarioprincipios.com\/index.php\/2022\/06\/30\/mar-del-plata-vuelve-a-convocar-a-celia-cabrera\/#respond"]}]},{"@type":"WebPage","@id":"https:\/\/diarioprincipios.com\/index.php\/2022\/06\/30\/mar-del-plata-vuelve-a-convocar-a-celia-cabrera\/","url":"https:\/\/diarioprincipios.com\/index.php\/2022\/06\/30\/mar-del-plata-vuelve-a-convocar-a-celia-cabrera\/","name":"Mar Del Plata vuelve a convocar a Celia Cabrera - Principios","isPartOf":{"@id":"https:\/\/diarioprincipios.com\/#website"},"primaryImageOfPage":{"@id":"https:\/\/diarioprincipios.com\/index.php\/2022\/06\/30\/mar-del-plata-vuelve-a-convocar-a-celia-cabrera\/#primaryimage"},"image":{"@id":"https:\/\/diarioprincipios.com\/index.php\/2022\/06\/30\/mar-del-plata-vuelve-a-convocar-a-celia-cabrera\/#primaryimage"},"thumbnailUrl":"https:\/\/diarioprincipios.com\/wp-content\/uploads\/2022\/06\/IMG-20220218-WA0064.jpg","datePublished":"2022-07-01T01:52:00+00:00","dateModified":"2022-07-01T02:27:08+00:00","breadcrumb":{"@id":"https:\/\/diarioprincipios.com\/index.php\/2022\/06\/30\/mar-del-plata-vuelve-a-convocar-a-celia-cabrera\/#breadcrumb"},"inLanguage":"es","potentialAction":[{"@type":"ReadAction","target":["https:\/\/diarioprincipios.com\/index.php\/2022\/06\/30\/mar-del-plata-vuelve-a-convocar-a-celia-cabrera\/"]}]},{"@type":"ImageObject","inLanguage":"es","@id":"https:\/\/diarioprincipios.com\/index.php\/2022\/06\/30\/mar-del-plata-vuelve-a-convocar-a-celia-cabrera\/#primaryimage","url":"https:\/\/diarioprincipios.com\/wp-content\/uploads\/2022\/06\/IMG-20220218-WA0064.jpg","contentUrl":"https:\/\/diarioprincipios.com\/wp-content\/uploads\/2022\/06\/IMG-20220218-WA0064.jpg","width":1600,"height":900},{"@type":"BreadcrumbList","@id":"https:\/\/diarioprincipios.com\/index.php\/2022\/06\/30\/mar-del-plata-vuelve-a-convocar-a-celia-cabrera\/#breadcrumb","itemListElement":[{"@type":"ListItem","position":1,"name":"Portada","item":"https:\/\/diarioprincipios.com\/"},{"@type":"ListItem","position":2,"name":"Mar Del Plata vuelve a convocar a Celia Cabrera"}]},{"@type":"WebSite","@id":"https:\/\/diarioprincipios.com\/#website","url":"https:\/\/diarioprincipios.com\/","name":"Principios","description":"Principios Diario","publisher":{"@id":"https:\/\/diarioprincipios.com\/#organization"},"potentialAction":[{"@type":"SearchAction","target":{"@type":"EntryPoint","urlTemplate":"https:\/\/diarioprincipios.com\/?s={search_term_string}"},"query-input":{"@type":"PropertyValueSpecification","valueRequired":true,"valueName":"search_term_string"}}],"inLanguage":"es"},{"@type":"Organization","@id":"https:\/\/diarioprincipios.com\/#organization","name":"Principios","url":"https:\/\/diarioprincipios.com\/","logo":{"@type":"ImageObject","inLanguage":"es","@id":"https:\/\/diarioprincipios.com\/#\/schema\/logo\/image\/","url":"https:\/\/diarioprincipios.com\/wp-content\/uploads\/2024\/04\/cropped-www.diarioprincipios.com_-1.png","contentUrl":"https:\/\/diarioprincipios.com\/wp-content\/uploads\/2024\/04\/cropped-www.diarioprincipios.com_-1.png","width":5325,"height":1454,"caption":"Principios"},"image":{"@id":"https:\/\/diarioprincipios.com\/#\/schema\/logo\/image\/"}},{"@type":"Person","@id":"https:\/\/diarioprincipios.com\/#\/schema\/person\/436d5a1fd41a5e250e23ff5a6a7cb080","name":"Hern\u00e1n L\u00f3pez","image":{"@type":"ImageObject","inLanguage":"es","@id":"https:\/\/diarioprincipios.com\/wp-content\/litespeed\/avatar\/11ddfe5610ff3bd100522525b2571f48.jpg?ver=1777048341","url":"https:\/\/diarioprincipios.com\/wp-content\/litespeed\/avatar\/11ddfe5610ff3bd100522525b2571f48.jpg?ver=1777048341","contentUrl":"https:\/\/diarioprincipios.com\/wp-content\/litespeed\/avatar\/11ddfe5610ff3bd100522525b2571f48.jpg?ver=1777048341","caption":"Hern\u00e1n L\u00f3pez"},"url":"https:\/\/diarioprincipios.com\/index.php\/author\/hernan\/"}]}},"jetpack_featured_media_url":"https:\/\/diarioprincipios.com\/wp-content\/uploads\/2022\/06\/IMG-20220218-WA0064.jpg","_links":{"self":[{"href":"https:\/\/diarioprincipios.com\/index.php\/wp-json\/wp\/v2\/posts\/13908","targetHints":{"allow":["GET"]}}],"collection":[{"href":"https:\/\/diarioprincipios.com\/index.php\/wp-json\/wp\/v2\/posts"}],"about":[{"href":"https:\/\/diarioprincipios.com\/index.php\/wp-json\/wp\/v2\/types\/post"}],"author":[{"embeddable":true,"href":"https:\/\/diarioprincipios.com\/index.php\/wp-json\/wp\/v2\/users\/2"}],"replies":[{"embeddable":true,"href":"https:\/\/diarioprincipios.com\/index.php\/wp-json\/wp\/v2\/comments?post=13908"}],"version-history":[{"count":2,"href":"https:\/\/diarioprincipios.com\/index.php\/wp-json\/wp\/v2\/posts\/13908\/revisions"}],"predecessor-version":[{"id":13913,"href":"https:\/\/diarioprincipios.com\/index.php\/wp-json\/wp\/v2\/posts\/13908\/revisions\/13913"}],"wp:featuredmedia":[{"embeddable":true,"href":"https:\/\/diarioprincipios.com\/index.php\/wp-json\/wp\/v2\/media\/13912"}],"wp:attachment":[{"href":"https:\/\/diarioprincipios.com\/index.php\/wp-json\/wp\/v2\/media?parent=13908"}],"wp:term":[{"taxonomy":"category","embeddable":true,"href":"https:\/\/diarioprincipios.com\/index.php\/wp-json\/wp\/v2\/categories?post=13908"},{"taxonomy":"post_tag","embeddable":true,"href":"https:\/\/diarioprincipios.com\/index.php\/wp-json\/wp\/v2\/tags?post=13908"}],"curies":[{"name":"wp","href":"https:\/\/api.w.org\/{rel}","templated":true}]}}