{"id":13882,"date":"2022-06-27T16:09:43","date_gmt":"2022-06-27T19:09:43","guid":{"rendered":"http:\/\/diarioprincipios.com\/?p=13882"},"modified":"2022-06-27T16:09:50","modified_gmt":"2022-06-27T19:09:50","slug":"berazategui-celebrara-el-dia-de-la-independencia-con-un-desfile-tradicionalista","status":"publish","type":"post","link":"https:\/\/diarioprincipios.com\/index.php\/2022\/06\/27\/berazategui-celebrara-el-dia-de-la-independencia-con-un-desfile-tradicionalista\/","title":{"rendered":"Berazategui celebrar\u00e1 el D\u00eda de la Independencia con un Desfile Tradicionalista"},"content":{"rendered":"\n<p><strong>Con acceso libre y gratuito, los vecinos y vecinas de Berazategui podr\u00e1n celebrar los 206 a\u00f1os de Independencia argentina con una gran fiesta que tendr\u00e1 distintas atracciones.<\/strong><\/p>\n\n\n\n<p>El s\u00e1bado 9 de julio, en Av. 14 entre Av. Vergara y 133, a partir de las 11.00, agrupaciones y Centros tradicionalistas berazateguenses encabezar\u00e1n un desfile tradicionalista. Adem\u00e1s, habr\u00e1 espect\u00e1culos musicales a trav\u00e9s de una pe\u00f1a folcl\u00f3rica.<\/p>\n\n\n\n<p>Asimismo, se invita a los berazateguenses a participar del evento con su equipo de mate para disfrutar de cosas ricas, dulces y saladas, que ofrecer\u00e1n los stands de comidas t\u00edpicas a cargo de los ballets folcl\u00f3ricos del distrito.<\/p>\n\n\n\n<p>El evento se suspende en caso de lluvia.<\/p>\n","protected":false},"excerpt":{"rendered":"<p>Con acceso libre y gratuito, los vecinos y vecinas de Berazategui podr\u00e1n celebrar los 206 a\u00f1os de Independencia argentina con una gran fiesta que tendr\u00e1 distintas atracciones. El s\u00e1bado 9 de julio, en Av. 14 entre Av. Vergara y 133, a partir de las 11.00, agrupaciones y Centros tradicionalistas berazateguenses encabezar\u00e1n un desfile tradicionalista. Adem\u00e1s,&#8230;<\/p>\n","protected":false},"author":2,"featured_media":13883,"comment_status":"open","ping_status":"open","sticky":false,"template":"","format":"standard","meta":{"footnotes":""},"categories":[3],"tags":[],"class_list":["post-13882","post","type-post","status-publish","format-standard","has-post-thumbnail","hentry","category-berazategui"],"featured_image_src":"https:\/\/diarioprincipios.com\/wp-content\/uploads\/2022\/06\/BERAZATEGUI-CELEBRA-EL-DIA-DE-LA-INDEPENDENCIA-CON-UN-DESFILE-TRADICIONALISTA-4-1024x731.jpg","blog_images":{"medium":"https:\/\/diarioprincipios.com\/wp-content\/uploads\/2022\/06\/BERAZATEGUI-CELEBRA-EL-DIA-DE-LA-INDEPENDENCIA-CON-UN-DESFILE-TRADICIONALISTA-4-300x214.jpg","large":"https:\/\/diarioprincipios.com\/wp-content\/uploads\/2022\/06\/BERAZATEGUI-CELEBRA-EL-DIA-DE-LA-INDEPENDENCIA-CON-UN-DESFILE-TRADICIONALISTA-4-1024x731.jpg"},"ams_acf":[],"yoast_head":"<!-- This site is optimized with the Yoast SEO plugin v27.3 - https:\/\/yoast.com\/product\/yoast-seo-wordpress\/ -->\n<title>Berazategui celebrar\u00e1 el D\u00eda de la Independencia con un Desfile Tradicionalista - Principios<\/title>\n<meta name=\"robots\" content=\"index, follow, max-snippet:-1, max-image-preview:large, max-video-preview:-1\" \/>\n<link rel=\"canonical\" href=\"https:\/\/diarioprincipios.com\/index.php\/2022\/06\/27\/berazategui-celebrara-el-dia-de-la-independencia-con-un-desfile-tradicionalista\/\" \/>\n<meta property=\"og:locale\" content=\"es_ES\" \/>\n<meta property=\"og:type\" content=\"article\" \/>\n<meta property=\"og:title\" content=\"Berazategui celebrar\u00e1 el D\u00eda de la Independencia con un Desfile Tradicionalista - Principios\" \/>\n<meta property=\"og:description\" content=\"Con acceso libre y gratuito, los vecinos y vecinas de Berazategui podr\u00e1n celebrar los 206 a\u00f1os de Independencia argentina con una gran fiesta que tendr\u00e1 distintas atracciones. El s\u00e1bado 9 de julio, en Av. 14 entre Av. Vergara y 133, a partir de las 11.00, agrupaciones y Centros tradicionalistas berazateguenses encabezar\u00e1n un desfile tradicionalista. Adem\u00e1s,...\" \/>\n<meta property=\"og:url\" content=\"https:\/\/diarioprincipios.com\/index.php\/2022\/06\/27\/berazategui-celebrara-el-dia-de-la-independencia-con-un-desfile-tradicionalista\/\" \/>\n<meta property=\"og:site_name\" content=\"Principios\" \/>\n<meta property=\"article:published_time\" content=\"2022-06-27T19:09:43+00:00\" \/>\n<meta property=\"article:modified_time\" content=\"2022-06-27T19:09:50+00:00\" \/>\n<meta property=\"og:image\" content=\"https:\/\/diarioprincipios.com\/wp-content\/uploads\/2022\/06\/BERAZATEGUI-CELEBRA-EL-DIA-DE-LA-INDEPENDENCIA-CON-UN-DESFILE-TRADICIONALISTA-4.jpg\" \/>\n\t<meta property=\"og:image:width\" content=\"1920\" \/>\n\t<meta property=\"og:image:height\" content=\"1371\" \/>\n\t<meta property=\"og:image:type\" content=\"image\/jpeg\" \/>\n<meta name=\"author\" content=\"Hern\u00e1n L\u00f3pez\" \/>\n<meta name=\"twitter:card\" content=\"summary_large_image\" \/>\n<meta name=\"twitter:label1\" content=\"Escrito por\" \/>\n\t<meta name=\"twitter:data1\" content=\"Hern\u00e1n L\u00f3pez\" \/>\n\t<meta name=\"twitter:label2\" content=\"Tiempo de lectura\" \/>\n\t<meta name=\"twitter:data2\" content=\"1 minuto\" \/>\n<script type=\"application\/ld+json\" class=\"yoast-schema-graph\">{\"@context\":\"https:\\\/\\\/schema.org\",\"@graph\":[{\"@type\":\"Article\",\"@id\":\"https:\\\/\\\/diarioprincipios.com\\\/index.php\\\/2022\\\/06\\\/27\\\/berazategui-celebrara-el-dia-de-la-independencia-con-un-desfile-tradicionalista\\\/#article\",\"isPartOf\":{\"@id\":\"https:\\\/\\\/diarioprincipios.com\\\/index.php\\\/2022\\\/06\\\/27\\\/berazategui-celebrara-el-dia-de-la-independencia-con-un-desfile-tradicionalista\\\/\"},\"author\":{\"name\":\"Hern\u00e1n L\u00f3pez\",\"@id\":\"https:\\\/\\\/diarioprincipios.com\\\/#\\\/schema\\\/person\\\/436d5a1fd41a5e250e23ff5a6a7cb080\"},\"headline\":\"Berazategui celebrar\u00e1 el D\u00eda de la Independencia con un Desfile Tradicionalista\",\"datePublished\":\"2022-06-27T19:09:43+00:00\",\"dateModified\":\"2022-06-27T19:09:50+00:00\",\"mainEntityOfPage\":{\"@id\":\"https:\\\/\\\/diarioprincipios.com\\\/index.php\\\/2022\\\/06\\\/27\\\/berazategui-celebrara-el-dia-de-la-independencia-con-un-desfile-tradicionalista\\\/\"},\"wordCount\":129,\"commentCount\":0,\"publisher\":{\"@id\":\"https:\\\/\\\/diarioprincipios.com\\\/#organization\"},\"image\":{\"@id\":\"https:\\\/\\\/diarioprincipios.com\\\/index.php\\\/2022\\\/06\\\/27\\\/berazategui-celebrara-el-dia-de-la-independencia-con-un-desfile-tradicionalista\\\/#primaryimage\"},\"thumbnailUrl\":\"https:\\\/\\\/diarioprincipios.com\\\/wp-content\\\/uploads\\\/2022\\\/06\\\/BERAZATEGUI-CELEBRA-EL-DIA-DE-LA-INDEPENDENCIA-CON-UN-DESFILE-TRADICIONALISTA-4.jpg\",\"articleSection\":[\"Berazategui\"],\"inLanguage\":\"es\",\"potentialAction\":[{\"@type\":\"CommentAction\",\"name\":\"Comment\",\"target\":[\"https:\\\/\\\/diarioprincipios.com\\\/index.php\\\/2022\\\/06\\\/27\\\/berazategui-celebrara-el-dia-de-la-independencia-con-un-desfile-tradicionalista\\\/#respond\"]}]},{\"@type\":\"WebPage\",\"@id\":\"https:\\\/\\\/diarioprincipios.com\\\/index.php\\\/2022\\\/06\\\/27\\\/berazategui-celebrara-el-dia-de-la-independencia-con-un-desfile-tradicionalista\\\/\",\"url\":\"https:\\\/\\\/diarioprincipios.com\\\/index.php\\\/2022\\\/06\\\/27\\\/berazategui-celebrara-el-dia-de-la-independencia-con-un-desfile-tradicionalista\\\/\",\"name\":\"Berazategui celebrar\u00e1 el D\u00eda de la Independencia con un Desfile Tradicionalista - Principios\",\"isPartOf\":{\"@id\":\"https:\\\/\\\/diarioprincipios.com\\\/#website\"},\"primaryImageOfPage\":{\"@id\":\"https:\\\/\\\/diarioprincipios.com\\\/index.php\\\/2022\\\/06\\\/27\\\/berazategui-celebrara-el-dia-de-la-independencia-con-un-desfile-tradicionalista\\\/#primaryimage\"},\"image\":{\"@id\":\"https:\\\/\\\/diarioprincipios.com\\\/index.php\\\/2022\\\/06\\\/27\\\/berazategui-celebrara-el-dia-de-la-independencia-con-un-desfile-tradicionalista\\\/#primaryimage\"},\"thumbnailUrl\":\"https:\\\/\\\/diarioprincipios.com\\\/wp-content\\\/uploads\\\/2022\\\/06\\\/BERAZATEGUI-CELEBRA-EL-DIA-DE-LA-INDEPENDENCIA-CON-UN-DESFILE-TRADICIONALISTA-4.jpg\",\"datePublished\":\"2022-06-27T19:09:43+00:00\",\"dateModified\":\"2022-06-27T19:09:50+00:00\",\"breadcrumb\":{\"@id\":\"https:\\\/\\\/diarioprincipios.com\\\/index.php\\\/2022\\\/06\\\/27\\\/berazategui-celebrara-el-dia-de-la-independencia-con-un-desfile-tradicionalista\\\/#breadcrumb\"},\"inLanguage\":\"es\",\"potentialAction\":[{\"@type\":\"ReadAction\",\"target\":[\"https:\\\/\\\/diarioprincipios.com\\\/index.php\\\/2022\\\/06\\\/27\\\/berazategui-celebrara-el-dia-de-la-independencia-con-un-desfile-tradicionalista\\\/\"]}]},{\"@type\":\"ImageObject\",\"inLanguage\":\"es\",\"@id\":\"https:\\\/\\\/diarioprincipios.com\\\/index.php\\\/2022\\\/06\\\/27\\\/berazategui-celebrara-el-dia-de-la-independencia-con-un-desfile-tradicionalista\\\/#primaryimage\",\"url\":\"https:\\\/\\\/diarioprincipios.com\\\/wp-content\\\/uploads\\\/2022\\\/06\\\/BERAZATEGUI-CELEBRA-EL-DIA-DE-LA-INDEPENDENCIA-CON-UN-DESFILE-TRADICIONALISTA-4.jpg\",\"contentUrl\":\"https:\\\/\\\/diarioprincipios.com\\\/wp-content\\\/uploads\\\/2022\\\/06\\\/BERAZATEGUI-CELEBRA-EL-DIA-DE-LA-INDEPENDENCIA-CON-UN-DESFILE-TRADICIONALISTA-4.jpg\",\"width\":1920,\"height\":1371},{\"@type\":\"BreadcrumbList\",\"@id\":\"https:\\\/\\\/diarioprincipios.com\\\/index.php\\\/2022\\\/06\\\/27\\\/berazategui-celebrara-el-dia-de-la-independencia-con-un-desfile-tradicionalista\\\/#breadcrumb\",\"itemListElement\":[{\"@type\":\"ListItem\",\"position\":1,\"name\":\"Portada\",\"item\":\"https:\\\/\\\/diarioprincipios.com\\\/\"},{\"@type\":\"ListItem\",\"position\":2,\"name\":\"Berazategui celebrar\u00e1 el D\u00eda de la Independencia con un Desfile Tradicionalista\"}]},{\"@type\":\"WebSite\",\"@id\":\"https:\\\/\\\/diarioprincipios.com\\\/#website\",\"url\":\"https:\\\/\\\/diarioprincipios.com\\\/\",\"name\":\"Principios\",\"description\":\"Principios Diario\",\"publisher\":{\"@id\":\"https:\\\/\\\/diarioprincipios.com\\\/#organization\"},\"potentialAction\":[{\"@type\":\"SearchAction\",\"target\":{\"@type\":\"EntryPoint\",\"urlTemplate\":\"https:\\\/\\\/diarioprincipios.com\\\/?s={search_term_string}\"},\"query-input\":{\"@type\":\"PropertyValueSpecification\",\"valueRequired\":true,\"valueName\":\"search_term_string\"}}],\"inLanguage\":\"es\"},{\"@type\":\"Organization\",\"@id\":\"https:\\\/\\\/diarioprincipios.com\\\/#organization\",\"name\":\"Principios\",\"url\":\"https:\\\/\\\/diarioprincipios.com\\\/\",\"logo\":{\"@type\":\"ImageObject\",\"inLanguage\":\"es\",\"@id\":\"https:\\\/\\\/diarioprincipios.com\\\/#\\\/schema\\\/logo\\\/image\\\/\",\"url\":\"https:\\\/\\\/diarioprincipios.com\\\/wp-content\\\/uploads\\\/2024\\\/04\\\/cropped-www.diarioprincipios.com_-1.png\",\"contentUrl\":\"https:\\\/\\\/diarioprincipios.com\\\/wp-content\\\/uploads\\\/2024\\\/04\\\/cropped-www.diarioprincipios.com_-1.png\",\"width\":5325,\"height\":1454,\"caption\":\"Principios\"},\"image\":{\"@id\":\"https:\\\/\\\/diarioprincipios.com\\\/#\\\/schema\\\/logo\\\/image\\\/\"}},{\"@type\":\"Person\",\"@id\":\"https:\\\/\\\/diarioprincipios.com\\\/#\\\/schema\\\/person\\\/436d5a1fd41a5e250e23ff5a6a7cb080\",\"name\":\"Hern\u00e1n L\u00f3pez\",\"image\":{\"@type\":\"ImageObject\",\"inLanguage\":\"es\",\"@id\":\"https:\\\/\\\/diarioprincipios.com\\\/wp-content\\\/litespeed\\\/avatar\\\/11ddfe5610ff3bd100522525b2571f48.jpg?ver=1777048341\",\"url\":\"https:\\\/\\\/diarioprincipios.com\\\/wp-content\\\/litespeed\\\/avatar\\\/11ddfe5610ff3bd100522525b2571f48.jpg?ver=1777048341\",\"contentUrl\":\"https:\\\/\\\/diarioprincipios.com\\\/wp-content\\\/litespeed\\\/avatar\\\/11ddfe5610ff3bd100522525b2571f48.jpg?ver=1777048341\",\"caption\":\"Hern\u00e1n L\u00f3pez\"},\"url\":\"https:\\\/\\\/diarioprincipios.com\\\/index.php\\\/author\\\/hernan\\\/\"}]}<\/script>\n<!-- \/ Yoast SEO plugin. -->","yoast_head_json":{"title":"Berazategui celebrar\u00e1 el D\u00eda de la Independencia con un Desfile Tradicionalista - Principios","robots":{"index":"index","follow":"follow","max-snippet":"max-snippet:-1","max-image-preview":"max-image-preview:large","max-video-preview":"max-video-preview:-1"},"canonical":"https:\/\/diarioprincipios.com\/index.php\/2022\/06\/27\/berazategui-celebrara-el-dia-de-la-independencia-con-un-desfile-tradicionalista\/","og_locale":"es_ES","og_type":"article","og_title":"Berazategui celebrar\u00e1 el D\u00eda de la Independencia con un Desfile Tradicionalista - Principios","og_description":"Con acceso libre y gratuito, los vecinos y vecinas de Berazategui podr\u00e1n celebrar los 206 a\u00f1os de Independencia argentina con una gran fiesta que tendr\u00e1 distintas atracciones. El s\u00e1bado 9 de julio, en Av. 14 entre Av. Vergara y 133, a partir de las 11.00, agrupaciones y Centros tradicionalistas berazateguenses encabezar\u00e1n un desfile tradicionalista. Adem\u00e1s,...","og_url":"https:\/\/diarioprincipios.com\/index.php\/2022\/06\/27\/berazategui-celebrara-el-dia-de-la-independencia-con-un-desfile-tradicionalista\/","og_site_name":"Principios","article_published_time":"2022-06-27T19:09:43+00:00","article_modified_time":"2022-06-27T19:09:50+00:00","og_image":[{"width":1920,"height":1371,"url":"https:\/\/diarioprincipios.com\/wp-content\/uploads\/2022\/06\/BERAZATEGUI-CELEBRA-EL-DIA-DE-LA-INDEPENDENCIA-CON-UN-DESFILE-TRADICIONALISTA-4.jpg","type":"image\/jpeg"}],"author":"Hern\u00e1n L\u00f3pez","twitter_card":"summary_large_image","twitter_misc":{"Escrito por":"Hern\u00e1n L\u00f3pez","Tiempo de lectura":"1 minuto"},"schema":{"@context":"https:\/\/schema.org","@graph":[{"@type":"Article","@id":"https:\/\/diarioprincipios.com\/index.php\/2022\/06\/27\/berazategui-celebrara-el-dia-de-la-independencia-con-un-desfile-tradicionalista\/#article","isPartOf":{"@id":"https:\/\/diarioprincipios.com\/index.php\/2022\/06\/27\/berazategui-celebrara-el-dia-de-la-independencia-con-un-desfile-tradicionalista\/"},"author":{"name":"Hern\u00e1n L\u00f3pez","@id":"https:\/\/diarioprincipios.com\/#\/schema\/person\/436d5a1fd41a5e250e23ff5a6a7cb080"},"headline":"Berazategui celebrar\u00e1 el D\u00eda de la Independencia con un Desfile Tradicionalista","datePublished":"2022-06-27T19:09:43+00:00","dateModified":"2022-06-27T19:09:50+00:00","mainEntityOfPage":{"@id":"https:\/\/diarioprincipios.com\/index.php\/2022\/06\/27\/berazategui-celebrara-el-dia-de-la-independencia-con-un-desfile-tradicionalista\/"},"wordCount":129,"commentCount":0,"publisher":{"@id":"https:\/\/diarioprincipios.com\/#organization"},"image":{"@id":"https:\/\/diarioprincipios.com\/index.php\/2022\/06\/27\/berazategui-celebrara-el-dia-de-la-independencia-con-un-desfile-tradicionalista\/#primaryimage"},"thumbnailUrl":"https:\/\/diarioprincipios.com\/wp-content\/uploads\/2022\/06\/BERAZATEGUI-CELEBRA-EL-DIA-DE-LA-INDEPENDENCIA-CON-UN-DESFILE-TRADICIONALISTA-4.jpg","articleSection":["Berazategui"],"inLanguage":"es","potentialAction":[{"@type":"CommentAction","name":"Comment","target":["https:\/\/diarioprincipios.com\/index.php\/2022\/06\/27\/berazategui-celebrara-el-dia-de-la-independencia-con-un-desfile-tradicionalista\/#respond"]}]},{"@type":"WebPage","@id":"https:\/\/diarioprincipios.com\/index.php\/2022\/06\/27\/berazategui-celebrara-el-dia-de-la-independencia-con-un-desfile-tradicionalista\/","url":"https:\/\/diarioprincipios.com\/index.php\/2022\/06\/27\/berazategui-celebrara-el-dia-de-la-independencia-con-un-desfile-tradicionalista\/","name":"Berazategui celebrar\u00e1 el D\u00eda de la Independencia con un Desfile Tradicionalista - Principios","isPartOf":{"@id":"https:\/\/diarioprincipios.com\/#website"},"primaryImageOfPage":{"@id":"https:\/\/diarioprincipios.com\/index.php\/2022\/06\/27\/berazategui-celebrara-el-dia-de-la-independencia-con-un-desfile-tradicionalista\/#primaryimage"},"image":{"@id":"https:\/\/diarioprincipios.com\/index.php\/2022\/06\/27\/berazategui-celebrara-el-dia-de-la-independencia-con-un-desfile-tradicionalista\/#primaryimage"},"thumbnailUrl":"https:\/\/diarioprincipios.com\/wp-content\/uploads\/2022\/06\/BERAZATEGUI-CELEBRA-EL-DIA-DE-LA-INDEPENDENCIA-CON-UN-DESFILE-TRADICIONALISTA-4.jpg","datePublished":"2022-06-27T19:09:43+00:00","dateModified":"2022-06-27T19:09:50+00:00","breadcrumb":{"@id":"https:\/\/diarioprincipios.com\/index.php\/2022\/06\/27\/berazategui-celebrara-el-dia-de-la-independencia-con-un-desfile-tradicionalista\/#breadcrumb"},"inLanguage":"es","potentialAction":[{"@type":"ReadAction","target":["https:\/\/diarioprincipios.com\/index.php\/2022\/06\/27\/berazategui-celebrara-el-dia-de-la-independencia-con-un-desfile-tradicionalista\/"]}]},{"@type":"ImageObject","inLanguage":"es","@id":"https:\/\/diarioprincipios.com\/index.php\/2022\/06\/27\/berazategui-celebrara-el-dia-de-la-independencia-con-un-desfile-tradicionalista\/#primaryimage","url":"https:\/\/diarioprincipios.com\/wp-content\/uploads\/2022\/06\/BERAZATEGUI-CELEBRA-EL-DIA-DE-LA-INDEPENDENCIA-CON-UN-DESFILE-TRADICIONALISTA-4.jpg","contentUrl":"https:\/\/diarioprincipios.com\/wp-content\/uploads\/2022\/06\/BERAZATEGUI-CELEBRA-EL-DIA-DE-LA-INDEPENDENCIA-CON-UN-DESFILE-TRADICIONALISTA-4.jpg","width":1920,"height":1371},{"@type":"BreadcrumbList","@id":"https:\/\/diarioprincipios.com\/index.php\/2022\/06\/27\/berazategui-celebrara-el-dia-de-la-independencia-con-un-desfile-tradicionalista\/#breadcrumb","itemListElement":[{"@type":"ListItem","position":1,"name":"Portada","item":"https:\/\/diarioprincipios.com\/"},{"@type":"ListItem","position":2,"name":"Berazategui celebrar\u00e1 el D\u00eda de la Independencia con un Desfile Tradicionalista"}]},{"@type":"WebSite","@id":"https:\/\/diarioprincipios.com\/#website","url":"https:\/\/diarioprincipios.com\/","name":"Principios","description":"Principios Diario","publisher":{"@id":"https:\/\/diarioprincipios.com\/#organization"},"potentialAction":[{"@type":"SearchAction","target":{"@type":"EntryPoint","urlTemplate":"https:\/\/diarioprincipios.com\/?s={search_term_string}"},"query-input":{"@type":"PropertyValueSpecification","valueRequired":true,"valueName":"search_term_string"}}],"inLanguage":"es"},{"@type":"Organization","@id":"https:\/\/diarioprincipios.com\/#organization","name":"Principios","url":"https:\/\/diarioprincipios.com\/","logo":{"@type":"ImageObject","inLanguage":"es","@id":"https:\/\/diarioprincipios.com\/#\/schema\/logo\/image\/","url":"https:\/\/diarioprincipios.com\/wp-content\/uploads\/2024\/04\/cropped-www.diarioprincipios.com_-1.png","contentUrl":"https:\/\/diarioprincipios.com\/wp-content\/uploads\/2024\/04\/cropped-www.diarioprincipios.com_-1.png","width":5325,"height":1454,"caption":"Principios"},"image":{"@id":"https:\/\/diarioprincipios.com\/#\/schema\/logo\/image\/"}},{"@type":"Person","@id":"https:\/\/diarioprincipios.com\/#\/schema\/person\/436d5a1fd41a5e250e23ff5a6a7cb080","name":"Hern\u00e1n L\u00f3pez","image":{"@type":"ImageObject","inLanguage":"es","@id":"https:\/\/diarioprincipios.com\/wp-content\/litespeed\/avatar\/11ddfe5610ff3bd100522525b2571f48.jpg?ver=1777048341","url":"https:\/\/diarioprincipios.com\/wp-content\/litespeed\/avatar\/11ddfe5610ff3bd100522525b2571f48.jpg?ver=1777048341","contentUrl":"https:\/\/diarioprincipios.com\/wp-content\/litespeed\/avatar\/11ddfe5610ff3bd100522525b2571f48.jpg?ver=1777048341","caption":"Hern\u00e1n L\u00f3pez"},"url":"https:\/\/diarioprincipios.com\/index.php\/author\/hernan\/"}]}},"jetpack_featured_media_url":"https:\/\/diarioprincipios.com\/wp-content\/uploads\/2022\/06\/BERAZATEGUI-CELEBRA-EL-DIA-DE-LA-INDEPENDENCIA-CON-UN-DESFILE-TRADICIONALISTA-4.jpg","_links":{"self":[{"href":"https:\/\/diarioprincipios.com\/index.php\/wp-json\/wp\/v2\/posts\/13882","targetHints":{"allow":["GET"]}}],"collection":[{"href":"https:\/\/diarioprincipios.com\/index.php\/wp-json\/wp\/v2\/posts"}],"about":[{"href":"https:\/\/diarioprincipios.com\/index.php\/wp-json\/wp\/v2\/types\/post"}],"author":[{"embeddable":true,"href":"https:\/\/diarioprincipios.com\/index.php\/wp-json\/wp\/v2\/users\/2"}],"replies":[{"embeddable":true,"href":"https:\/\/diarioprincipios.com\/index.php\/wp-json\/wp\/v2\/comments?post=13882"}],"version-history":[{"count":1,"href":"https:\/\/diarioprincipios.com\/index.php\/wp-json\/wp\/v2\/posts\/13882\/revisions"}],"predecessor-version":[{"id":13884,"href":"https:\/\/diarioprincipios.com\/index.php\/wp-json\/wp\/v2\/posts\/13882\/revisions\/13884"}],"wp:featuredmedia":[{"embeddable":true,"href":"https:\/\/diarioprincipios.com\/index.php\/wp-json\/wp\/v2\/media\/13883"}],"wp:attachment":[{"href":"https:\/\/diarioprincipios.com\/index.php\/wp-json\/wp\/v2\/media?parent=13882"}],"wp:term":[{"taxonomy":"category","embeddable":true,"href":"https:\/\/diarioprincipios.com\/index.php\/wp-json\/wp\/v2\/categories?post=13882"},{"taxonomy":"post_tag","embeddable":true,"href":"https:\/\/diarioprincipios.com\/index.php\/wp-json\/wp\/v2\/tags?post=13882"}],"curies":[{"name":"wp","href":"https:\/\/api.w.org\/{rel}","templated":true}]}}