{"id":13874,"date":"2022-06-27T15:49:27","date_gmt":"2022-06-27T18:49:27","guid":{"rendered":"http:\/\/diarioprincipios.com\/?p=13874"},"modified":"2022-06-27T15:55:35","modified_gmt":"2022-06-27T18:55:35","slug":"avanza-construccion-del-centro-de-desarrollo-infantil-de-ezpeleta","status":"publish","type":"post","link":"https:\/\/diarioprincipios.com\/index.php\/2022\/06\/27\/avanza-construccion-del-centro-de-desarrollo-infantil-de-ezpeleta\/","title":{"rendered":"Avanza construcci\u00f3n del Centro de Desarrollo Infantil de Ezpeleta"},"content":{"rendered":"\n<p>El Municipio de Quilmes inform\u00f3 que avanzan las obras de la construcci\u00f3n del Centro de Desarrollo Infantil (CDI) de Ezpeleta Este, que est\u00e1 ubicado en la calle R\u00edo Iguaz\u00fa y Ant\u00e1rtida Argentina. Este es uno de los cinco CDI que se edificar\u00e1n en el distrito, junto con el de Quilmes Centro y el de Bernal Oeste, que son los que est\u00e1n en obra, y la dos sedes m\u00e1s que est\u00e1n proyectadas, una en San Francisco Solano y otra en el barrio Santo Domingo, de Bernal.<\/p>\n\n\n\n<p>Tal como lo expres\u00f3 la intendenta de Quilmes, Mayra Mendoza, en su discurso en la apertura de sesiones ordinarias 2022 del HCD local, \u201clos CDI ser\u00e1n una herramienta de enorme importancia para que las familias puedan enviar a sus ni\u00f1os de 45 d\u00edas a 4 a\u00f1os, fortaleciendo su cuidado, estimulaci\u00f3n y crecimiento. Pero tambi\u00e9n ser\u00e1n una ayuda, sobre todo, para las madres, que son quienes cargan mayoritariamente con las tareas de cuidado\u201d.<\/p>\n\n\n\n<p>La obra del CDI de Ezpeleta, de 220m2, tiene un avance del 40 por ciento y actualmente se est\u00e1 trabajando con los tabiques exteriores, como as\u00ed tambi\u00e9n en la parte de herrer\u00eda, la p\u00e9rgola de acceso, las rejas y p\u00e9rgolas en los patios, y en alba\u00f1iler\u00eda. Estos centros tienen como objetivo que los ni\u00f1os y ni\u00f1as de 45 d\u00edas a 4 a\u00f1os de edad de las diferentes localidades accedan a estos espacios de educaci\u00f3n, cuidado y de promoci\u00f3n de derechos que brindar\u00e1n asistencia nutricional, estimulaci\u00f3n temprana y psicomotricidad a 48 ni\u00f1os y ni\u00f1as por turno.<\/p>\n\n\n\n<p>Esta iniciativa se inscribe dentro de un plan del Ministerio de Obras P\u00fablicas de la Naci\u00f3n, en conjunto con la cartera nacional de Desarrollo Social, con el fin de reducir las brechas existentes de pobreza, g\u00e9nero, inequidades territoriales y accesos a espacios de cuidado. A ra\u00edz de dichos motivos se plante\u00f3 la creaci\u00f3n de los CDI, para equiparar las posibilidades de los mismos y mejorar su desarrollo en los primeros a\u00f1os de vida.<\/p>\n\n\n\n<p>En la misma l\u00ednea, contin\u00faan las tareas en el CDI de Quilmes Centro, ubicado en la esquina del Palacio Municipal, en Alberdi y Paz; y en el CDI de Bernal Oeste, sito en la calle Cabo Ra\u00fal Sessa y San Marcos, en las inmediaciones de la Unidad de Pronta Atenci\u00f3n (UPA) N\u00b0 17.<\/p>\n\n\n\n<p>Estos sitios forman parte de los 300 Centros de Desarrollo Infantil que se construir\u00e1n en el pa\u00eds por decisi\u00f3n del Gobierno Nacional, e incluir\u00e1n a 28.800 chicos y chicas de 45 d\u00edas a 4 a\u00f1os de edad.<\/p>\n","protected":false},"excerpt":{"rendered":"<p>El Municipio de Quilmes inform\u00f3 que avanzan las obras de la construcci\u00f3n del Centro de Desarrollo Infantil (CDI) de Ezpeleta Este, que est\u00e1 ubicado en la calle R\u00edo Iguaz\u00fa y Ant\u00e1rtida Argentina. Este es uno de los cinco CDI que se edificar\u00e1n en el distrito, junto con el de Quilmes Centro y el de Bernal&#8230;<\/p>\n","protected":false},"author":2,"featured_media":13875,"comment_status":"open","ping_status":"open","sticky":false,"template":"","format":"standard","meta":{"footnotes":""},"categories":[4],"tags":[],"class_list":["post-13874","post","type-post","status-publish","format-standard","has-post-thumbnail","hentry","category-quilmes"],"featured_image_src":"https:\/\/diarioprincipios.com\/wp-content\/uploads\/2022\/06\/cdi-4.jpg","blog_images":{"medium":"https:\/\/diarioprincipios.com\/wp-content\/uploads\/2022\/06\/cdi-4-300x200.jpg","large":"https:\/\/diarioprincipios.com\/wp-content\/uploads\/2022\/06\/cdi-4.jpg"},"ams_acf":[],"yoast_head":"<!-- This site is optimized with the Yoast SEO plugin v27.3 - https:\/\/yoast.com\/product\/yoast-seo-wordpress\/ -->\n<title>Avanza construcci\u00f3n del Centro de Desarrollo Infantil de Ezpeleta - Principios<\/title>\n<meta name=\"robots\" content=\"index, follow, max-snippet:-1, max-image-preview:large, max-video-preview:-1\" \/>\n<link rel=\"canonical\" href=\"https:\/\/diarioprincipios.com\/index.php\/2022\/06\/27\/avanza-construccion-del-centro-de-desarrollo-infantil-de-ezpeleta\/\" \/>\n<meta property=\"og:locale\" content=\"es_ES\" \/>\n<meta property=\"og:type\" content=\"article\" \/>\n<meta property=\"og:title\" content=\"Avanza construcci\u00f3n del Centro de Desarrollo Infantil de Ezpeleta - Principios\" \/>\n<meta property=\"og:description\" content=\"El Municipio de Quilmes inform\u00f3 que avanzan las obras de la construcci\u00f3n del Centro de Desarrollo Infantil (CDI) de Ezpeleta Este, que est\u00e1 ubicado en la calle R\u00edo Iguaz\u00fa y Ant\u00e1rtida Argentina. Este es uno de los cinco CDI que se edificar\u00e1n en el distrito, junto con el de Quilmes Centro y el de Bernal...\" \/>\n<meta property=\"og:url\" content=\"https:\/\/diarioprincipios.com\/index.php\/2022\/06\/27\/avanza-construccion-del-centro-de-desarrollo-infantil-de-ezpeleta\/\" \/>\n<meta property=\"og:site_name\" content=\"Principios\" \/>\n<meta property=\"article:published_time\" content=\"2022-06-27T18:49:27+00:00\" \/>\n<meta property=\"article:modified_time\" content=\"2022-06-27T18:55:35+00:00\" \/>\n<meta property=\"og:image\" content=\"https:\/\/diarioprincipios.com\/wp-content\/uploads\/2022\/06\/cdi-4.jpg\" \/>\n\t<meta property=\"og:image:width\" content=\"800\" \/>\n\t<meta property=\"og:image:height\" content=\"533\" \/>\n\t<meta property=\"og:image:type\" content=\"image\/jpeg\" \/>\n<meta name=\"author\" content=\"Hern\u00e1n L\u00f3pez\" \/>\n<meta name=\"twitter:card\" content=\"summary_large_image\" \/>\n<meta name=\"twitter:label1\" content=\"Escrito por\" \/>\n\t<meta name=\"twitter:data1\" content=\"Hern\u00e1n L\u00f3pez\" \/>\n\t<meta name=\"twitter:label2\" content=\"Tiempo de lectura\" \/>\n\t<meta name=\"twitter:data2\" content=\"2 minutos\" \/>\n<script type=\"application\/ld+json\" class=\"yoast-schema-graph\">{\"@context\":\"https:\\\/\\\/schema.org\",\"@graph\":[{\"@type\":\"Article\",\"@id\":\"https:\\\/\\\/diarioprincipios.com\\\/index.php\\\/2022\\\/06\\\/27\\\/avanza-construccion-del-centro-de-desarrollo-infantil-de-ezpeleta\\\/#article\",\"isPartOf\":{\"@id\":\"https:\\\/\\\/diarioprincipios.com\\\/index.php\\\/2022\\\/06\\\/27\\\/avanza-construccion-del-centro-de-desarrollo-infantil-de-ezpeleta\\\/\"},\"author\":{\"name\":\"Hern\u00e1n L\u00f3pez\",\"@id\":\"https:\\\/\\\/diarioprincipios.com\\\/#\\\/schema\\\/person\\\/436d5a1fd41a5e250e23ff5a6a7cb080\"},\"headline\":\"Avanza construcci\u00f3n del Centro de Desarrollo Infantil de Ezpeleta\",\"datePublished\":\"2022-06-27T18:49:27+00:00\",\"dateModified\":\"2022-06-27T18:55:35+00:00\",\"mainEntityOfPage\":{\"@id\":\"https:\\\/\\\/diarioprincipios.com\\\/index.php\\\/2022\\\/06\\\/27\\\/avanza-construccion-del-centro-de-desarrollo-infantil-de-ezpeleta\\\/\"},\"wordCount\":459,\"commentCount\":0,\"publisher\":{\"@id\":\"https:\\\/\\\/diarioprincipios.com\\\/#organization\"},\"image\":{\"@id\":\"https:\\\/\\\/diarioprincipios.com\\\/index.php\\\/2022\\\/06\\\/27\\\/avanza-construccion-del-centro-de-desarrollo-infantil-de-ezpeleta\\\/#primaryimage\"},\"thumbnailUrl\":\"https:\\\/\\\/diarioprincipios.com\\\/wp-content\\\/uploads\\\/2022\\\/06\\\/cdi-4.jpg\",\"articleSection\":[\"Quilmes\"],\"inLanguage\":\"es\",\"potentialAction\":[{\"@type\":\"CommentAction\",\"name\":\"Comment\",\"target\":[\"https:\\\/\\\/diarioprincipios.com\\\/index.php\\\/2022\\\/06\\\/27\\\/avanza-construccion-del-centro-de-desarrollo-infantil-de-ezpeleta\\\/#respond\"]}]},{\"@type\":\"WebPage\",\"@id\":\"https:\\\/\\\/diarioprincipios.com\\\/index.php\\\/2022\\\/06\\\/27\\\/avanza-construccion-del-centro-de-desarrollo-infantil-de-ezpeleta\\\/\",\"url\":\"https:\\\/\\\/diarioprincipios.com\\\/index.php\\\/2022\\\/06\\\/27\\\/avanza-construccion-del-centro-de-desarrollo-infantil-de-ezpeleta\\\/\",\"name\":\"Avanza construcci\u00f3n del Centro de Desarrollo Infantil de Ezpeleta - Principios\",\"isPartOf\":{\"@id\":\"https:\\\/\\\/diarioprincipios.com\\\/#website\"},\"primaryImageOfPage\":{\"@id\":\"https:\\\/\\\/diarioprincipios.com\\\/index.php\\\/2022\\\/06\\\/27\\\/avanza-construccion-del-centro-de-desarrollo-infantil-de-ezpeleta\\\/#primaryimage\"},\"image\":{\"@id\":\"https:\\\/\\\/diarioprincipios.com\\\/index.php\\\/2022\\\/06\\\/27\\\/avanza-construccion-del-centro-de-desarrollo-infantil-de-ezpeleta\\\/#primaryimage\"},\"thumbnailUrl\":\"https:\\\/\\\/diarioprincipios.com\\\/wp-content\\\/uploads\\\/2022\\\/06\\\/cdi-4.jpg\",\"datePublished\":\"2022-06-27T18:49:27+00:00\",\"dateModified\":\"2022-06-27T18:55:35+00:00\",\"breadcrumb\":{\"@id\":\"https:\\\/\\\/diarioprincipios.com\\\/index.php\\\/2022\\\/06\\\/27\\\/avanza-construccion-del-centro-de-desarrollo-infantil-de-ezpeleta\\\/#breadcrumb\"},\"inLanguage\":\"es\",\"potentialAction\":[{\"@type\":\"ReadAction\",\"target\":[\"https:\\\/\\\/diarioprincipios.com\\\/index.php\\\/2022\\\/06\\\/27\\\/avanza-construccion-del-centro-de-desarrollo-infantil-de-ezpeleta\\\/\"]}]},{\"@type\":\"ImageObject\",\"inLanguage\":\"es\",\"@id\":\"https:\\\/\\\/diarioprincipios.com\\\/index.php\\\/2022\\\/06\\\/27\\\/avanza-construccion-del-centro-de-desarrollo-infantil-de-ezpeleta\\\/#primaryimage\",\"url\":\"https:\\\/\\\/diarioprincipios.com\\\/wp-content\\\/uploads\\\/2022\\\/06\\\/cdi-4.jpg\",\"contentUrl\":\"https:\\\/\\\/diarioprincipios.com\\\/wp-content\\\/uploads\\\/2022\\\/06\\\/cdi-4.jpg\",\"width\":800,\"height\":533},{\"@type\":\"BreadcrumbList\",\"@id\":\"https:\\\/\\\/diarioprincipios.com\\\/index.php\\\/2022\\\/06\\\/27\\\/avanza-construccion-del-centro-de-desarrollo-infantil-de-ezpeleta\\\/#breadcrumb\",\"itemListElement\":[{\"@type\":\"ListItem\",\"position\":1,\"name\":\"Portada\",\"item\":\"https:\\\/\\\/diarioprincipios.com\\\/\"},{\"@type\":\"ListItem\",\"position\":2,\"name\":\"Avanza construcci\u00f3n del Centro de Desarrollo Infantil de Ezpeleta\"}]},{\"@type\":\"WebSite\",\"@id\":\"https:\\\/\\\/diarioprincipios.com\\\/#website\",\"url\":\"https:\\\/\\\/diarioprincipios.com\\\/\",\"name\":\"Principios\",\"description\":\"Principios Diario\",\"publisher\":{\"@id\":\"https:\\\/\\\/diarioprincipios.com\\\/#organization\"},\"potentialAction\":[{\"@type\":\"SearchAction\",\"target\":{\"@type\":\"EntryPoint\",\"urlTemplate\":\"https:\\\/\\\/diarioprincipios.com\\\/?s={search_term_string}\"},\"query-input\":{\"@type\":\"PropertyValueSpecification\",\"valueRequired\":true,\"valueName\":\"search_term_string\"}}],\"inLanguage\":\"es\"},{\"@type\":\"Organization\",\"@id\":\"https:\\\/\\\/diarioprincipios.com\\\/#organization\",\"name\":\"Principios\",\"url\":\"https:\\\/\\\/diarioprincipios.com\\\/\",\"logo\":{\"@type\":\"ImageObject\",\"inLanguage\":\"es\",\"@id\":\"https:\\\/\\\/diarioprincipios.com\\\/#\\\/schema\\\/logo\\\/image\\\/\",\"url\":\"https:\\\/\\\/diarioprincipios.com\\\/wp-content\\\/uploads\\\/2024\\\/04\\\/cropped-www.diarioprincipios.com_-1.png\",\"contentUrl\":\"https:\\\/\\\/diarioprincipios.com\\\/wp-content\\\/uploads\\\/2024\\\/04\\\/cropped-www.diarioprincipios.com_-1.png\",\"width\":5325,\"height\":1454,\"caption\":\"Principios\"},\"image\":{\"@id\":\"https:\\\/\\\/diarioprincipios.com\\\/#\\\/schema\\\/logo\\\/image\\\/\"}},{\"@type\":\"Person\",\"@id\":\"https:\\\/\\\/diarioprincipios.com\\\/#\\\/schema\\\/person\\\/436d5a1fd41a5e250e23ff5a6a7cb080\",\"name\":\"Hern\u00e1n L\u00f3pez\",\"image\":{\"@type\":\"ImageObject\",\"inLanguage\":\"es\",\"@id\":\"https:\\\/\\\/diarioprincipios.com\\\/wp-content\\\/litespeed\\\/avatar\\\/11ddfe5610ff3bd100522525b2571f48.jpg?ver=1777048341\",\"url\":\"https:\\\/\\\/diarioprincipios.com\\\/wp-content\\\/litespeed\\\/avatar\\\/11ddfe5610ff3bd100522525b2571f48.jpg?ver=1777048341\",\"contentUrl\":\"https:\\\/\\\/diarioprincipios.com\\\/wp-content\\\/litespeed\\\/avatar\\\/11ddfe5610ff3bd100522525b2571f48.jpg?ver=1777048341\",\"caption\":\"Hern\u00e1n L\u00f3pez\"},\"url\":\"https:\\\/\\\/diarioprincipios.com\\\/index.php\\\/author\\\/hernan\\\/\"}]}<\/script>\n<!-- \/ Yoast SEO plugin. -->","yoast_head_json":{"title":"Avanza construcci\u00f3n del Centro de Desarrollo Infantil de Ezpeleta - Principios","robots":{"index":"index","follow":"follow","max-snippet":"max-snippet:-1","max-image-preview":"max-image-preview:large","max-video-preview":"max-video-preview:-1"},"canonical":"https:\/\/diarioprincipios.com\/index.php\/2022\/06\/27\/avanza-construccion-del-centro-de-desarrollo-infantil-de-ezpeleta\/","og_locale":"es_ES","og_type":"article","og_title":"Avanza construcci\u00f3n del Centro de Desarrollo Infantil de Ezpeleta - Principios","og_description":"El Municipio de Quilmes inform\u00f3 que avanzan las obras de la construcci\u00f3n del Centro de Desarrollo Infantil (CDI) de Ezpeleta Este, que est\u00e1 ubicado en la calle R\u00edo Iguaz\u00fa y Ant\u00e1rtida Argentina. Este es uno de los cinco CDI que se edificar\u00e1n en el distrito, junto con el de Quilmes Centro y el de Bernal...","og_url":"https:\/\/diarioprincipios.com\/index.php\/2022\/06\/27\/avanza-construccion-del-centro-de-desarrollo-infantil-de-ezpeleta\/","og_site_name":"Principios","article_published_time":"2022-06-27T18:49:27+00:00","article_modified_time":"2022-06-27T18:55:35+00:00","og_image":[{"width":800,"height":533,"url":"https:\/\/diarioprincipios.com\/wp-content\/uploads\/2022\/06\/cdi-4.jpg","type":"image\/jpeg"}],"author":"Hern\u00e1n L\u00f3pez","twitter_card":"summary_large_image","twitter_misc":{"Escrito por":"Hern\u00e1n L\u00f3pez","Tiempo de lectura":"2 minutos"},"schema":{"@context":"https:\/\/schema.org","@graph":[{"@type":"Article","@id":"https:\/\/diarioprincipios.com\/index.php\/2022\/06\/27\/avanza-construccion-del-centro-de-desarrollo-infantil-de-ezpeleta\/#article","isPartOf":{"@id":"https:\/\/diarioprincipios.com\/index.php\/2022\/06\/27\/avanza-construccion-del-centro-de-desarrollo-infantil-de-ezpeleta\/"},"author":{"name":"Hern\u00e1n L\u00f3pez","@id":"https:\/\/diarioprincipios.com\/#\/schema\/person\/436d5a1fd41a5e250e23ff5a6a7cb080"},"headline":"Avanza construcci\u00f3n del Centro de Desarrollo Infantil de Ezpeleta","datePublished":"2022-06-27T18:49:27+00:00","dateModified":"2022-06-27T18:55:35+00:00","mainEntityOfPage":{"@id":"https:\/\/diarioprincipios.com\/index.php\/2022\/06\/27\/avanza-construccion-del-centro-de-desarrollo-infantil-de-ezpeleta\/"},"wordCount":459,"commentCount":0,"publisher":{"@id":"https:\/\/diarioprincipios.com\/#organization"},"image":{"@id":"https:\/\/diarioprincipios.com\/index.php\/2022\/06\/27\/avanza-construccion-del-centro-de-desarrollo-infantil-de-ezpeleta\/#primaryimage"},"thumbnailUrl":"https:\/\/diarioprincipios.com\/wp-content\/uploads\/2022\/06\/cdi-4.jpg","articleSection":["Quilmes"],"inLanguage":"es","potentialAction":[{"@type":"CommentAction","name":"Comment","target":["https:\/\/diarioprincipios.com\/index.php\/2022\/06\/27\/avanza-construccion-del-centro-de-desarrollo-infantil-de-ezpeleta\/#respond"]}]},{"@type":"WebPage","@id":"https:\/\/diarioprincipios.com\/index.php\/2022\/06\/27\/avanza-construccion-del-centro-de-desarrollo-infantil-de-ezpeleta\/","url":"https:\/\/diarioprincipios.com\/index.php\/2022\/06\/27\/avanza-construccion-del-centro-de-desarrollo-infantil-de-ezpeleta\/","name":"Avanza construcci\u00f3n del Centro de Desarrollo Infantil de Ezpeleta - Principios","isPartOf":{"@id":"https:\/\/diarioprincipios.com\/#website"},"primaryImageOfPage":{"@id":"https:\/\/diarioprincipios.com\/index.php\/2022\/06\/27\/avanza-construccion-del-centro-de-desarrollo-infantil-de-ezpeleta\/#primaryimage"},"image":{"@id":"https:\/\/diarioprincipios.com\/index.php\/2022\/06\/27\/avanza-construccion-del-centro-de-desarrollo-infantil-de-ezpeleta\/#primaryimage"},"thumbnailUrl":"https:\/\/diarioprincipios.com\/wp-content\/uploads\/2022\/06\/cdi-4.jpg","datePublished":"2022-06-27T18:49:27+00:00","dateModified":"2022-06-27T18:55:35+00:00","breadcrumb":{"@id":"https:\/\/diarioprincipios.com\/index.php\/2022\/06\/27\/avanza-construccion-del-centro-de-desarrollo-infantil-de-ezpeleta\/#breadcrumb"},"inLanguage":"es","potentialAction":[{"@type":"ReadAction","target":["https:\/\/diarioprincipios.com\/index.php\/2022\/06\/27\/avanza-construccion-del-centro-de-desarrollo-infantil-de-ezpeleta\/"]}]},{"@type":"ImageObject","inLanguage":"es","@id":"https:\/\/diarioprincipios.com\/index.php\/2022\/06\/27\/avanza-construccion-del-centro-de-desarrollo-infantil-de-ezpeleta\/#primaryimage","url":"https:\/\/diarioprincipios.com\/wp-content\/uploads\/2022\/06\/cdi-4.jpg","contentUrl":"https:\/\/diarioprincipios.com\/wp-content\/uploads\/2022\/06\/cdi-4.jpg","width":800,"height":533},{"@type":"BreadcrumbList","@id":"https:\/\/diarioprincipios.com\/index.php\/2022\/06\/27\/avanza-construccion-del-centro-de-desarrollo-infantil-de-ezpeleta\/#breadcrumb","itemListElement":[{"@type":"ListItem","position":1,"name":"Portada","item":"https:\/\/diarioprincipios.com\/"},{"@type":"ListItem","position":2,"name":"Avanza construcci\u00f3n del Centro de Desarrollo Infantil de Ezpeleta"}]},{"@type":"WebSite","@id":"https:\/\/diarioprincipios.com\/#website","url":"https:\/\/diarioprincipios.com\/","name":"Principios","description":"Principios Diario","publisher":{"@id":"https:\/\/diarioprincipios.com\/#organization"},"potentialAction":[{"@type":"SearchAction","target":{"@type":"EntryPoint","urlTemplate":"https:\/\/diarioprincipios.com\/?s={search_term_string}"},"query-input":{"@type":"PropertyValueSpecification","valueRequired":true,"valueName":"search_term_string"}}],"inLanguage":"es"},{"@type":"Organization","@id":"https:\/\/diarioprincipios.com\/#organization","name":"Principios","url":"https:\/\/diarioprincipios.com\/","logo":{"@type":"ImageObject","inLanguage":"es","@id":"https:\/\/diarioprincipios.com\/#\/schema\/logo\/image\/","url":"https:\/\/diarioprincipios.com\/wp-content\/uploads\/2024\/04\/cropped-www.diarioprincipios.com_-1.png","contentUrl":"https:\/\/diarioprincipios.com\/wp-content\/uploads\/2024\/04\/cropped-www.diarioprincipios.com_-1.png","width":5325,"height":1454,"caption":"Principios"},"image":{"@id":"https:\/\/diarioprincipios.com\/#\/schema\/logo\/image\/"}},{"@type":"Person","@id":"https:\/\/diarioprincipios.com\/#\/schema\/person\/436d5a1fd41a5e250e23ff5a6a7cb080","name":"Hern\u00e1n L\u00f3pez","image":{"@type":"ImageObject","inLanguage":"es","@id":"https:\/\/diarioprincipios.com\/wp-content\/litespeed\/avatar\/11ddfe5610ff3bd100522525b2571f48.jpg?ver=1777048341","url":"https:\/\/diarioprincipios.com\/wp-content\/litespeed\/avatar\/11ddfe5610ff3bd100522525b2571f48.jpg?ver=1777048341","contentUrl":"https:\/\/diarioprincipios.com\/wp-content\/litespeed\/avatar\/11ddfe5610ff3bd100522525b2571f48.jpg?ver=1777048341","caption":"Hern\u00e1n L\u00f3pez"},"url":"https:\/\/diarioprincipios.com\/index.php\/author\/hernan\/"}]}},"jetpack_featured_media_url":"https:\/\/diarioprincipios.com\/wp-content\/uploads\/2022\/06\/cdi-4.jpg","_links":{"self":[{"href":"https:\/\/diarioprincipios.com\/index.php\/wp-json\/wp\/v2\/posts\/13874","targetHints":{"allow":["GET"]}}],"collection":[{"href":"https:\/\/diarioprincipios.com\/index.php\/wp-json\/wp\/v2\/posts"}],"about":[{"href":"https:\/\/diarioprincipios.com\/index.php\/wp-json\/wp\/v2\/types\/post"}],"author":[{"embeddable":true,"href":"https:\/\/diarioprincipios.com\/index.php\/wp-json\/wp\/v2\/users\/2"}],"replies":[{"embeddable":true,"href":"https:\/\/diarioprincipios.com\/index.php\/wp-json\/wp\/v2\/comments?post=13874"}],"version-history":[{"count":2,"href":"https:\/\/diarioprincipios.com\/index.php\/wp-json\/wp\/v2\/posts\/13874\/revisions"}],"predecessor-version":[{"id":13878,"href":"https:\/\/diarioprincipios.com\/index.php\/wp-json\/wp\/v2\/posts\/13874\/revisions\/13878"}],"wp:featuredmedia":[{"embeddable":true,"href":"https:\/\/diarioprincipios.com\/index.php\/wp-json\/wp\/v2\/media\/13875"}],"wp:attachment":[{"href":"https:\/\/diarioprincipios.com\/index.php\/wp-json\/wp\/v2\/media?parent=13874"}],"wp:term":[{"taxonomy":"category","embeddable":true,"href":"https:\/\/diarioprincipios.com\/index.php\/wp-json\/wp\/v2\/categories?post=13874"},{"taxonomy":"post_tag","embeddable":true,"href":"https:\/\/diarioprincipios.com\/index.php\/wp-json\/wp\/v2\/tags?post=13874"}],"curies":[{"name":"wp","href":"https:\/\/api.w.org\/{rel}","templated":true}]}}