{"id":13862,"date":"2022-06-21T19:07:41","date_gmt":"2022-06-21T22:07:41","guid":{"rendered":"http:\/\/diarioprincipios.com\/?p=13862"},"modified":"2022-06-21T19:07:44","modified_gmt":"2022-06-21T22:07:44","slug":"mussi-volvio-a-denunciar-a-edesur-s-a","status":"publish","type":"post","link":"https:\/\/diarioprincipios.com\/index.php\/2022\/06\/21\/mussi-volvio-a-denunciar-a-edesur-s-a\/","title":{"rendered":"Mussi volvi\u00f3 a denunciar a Edesur S.A."},"content":{"rendered":"\n<p><strong>El intendente de Berazategui, Juan Jos\u00e9 Mussi, volvi\u00f3 a denunciar a EDESUR SA debido a los miles de reclamos realizados por usuarios del distrito, disconformes con el servicio deficiente que presta la empresa privada de distribuci\u00f3n de energ\u00eda el\u00e9ctrica.<\/strong><\/p>\n\n\n\n<p>Berazategui padece doblemente la falta de energ\u00eda el\u00e9ctrica, porque adem\u00e1s de los problemas ya conocidos, provoca tambi\u00e9n la paralizaci\u00f3n de los pozos de agua, afectando el normal suministro.<\/p>\n\n\n\n<p>En la carta documento, el Jefe comunal expres\u00f3: \u201cEl servicio de suministro de energ\u00eda el\u00e9ctrica reviste car\u00e1cter imprescindible para el desenvolvimiento de la vida de cualquier vecino en condiciones m\u00ednimamente confortables. Carecer de tal servicio conlleva en s\u00ed mismo un menoscabo de la dignidad humana\u201d.<\/p>\n\n\n\n<p>Y agreg\u00f3: \u201cD\u00eda a d\u00eda se inician reclamos, expedientes y causas generadas por denuncias de usuarios y consumidores ante la Oficina Municipal de Informaci\u00f3n al Consumidor, debido a las irregularidades que los vecinos vienen sufriendo a lo largo de estos \u00faltimos dos a\u00f1os\u201d.<\/p>\n\n\n\n<p>Entre las razones m\u00e1s comunes por las cuales los vecinos de Berazategui realizan reclamos, Mussi enumer\u00f3: cortes e interrupciones de servicio, alteraciones de tensi\u00f3n, artefactos da\u00f1ados, objeci\u00f3n de consumo y exceso de facturaci\u00f3n. Esto la convierte en la empresa m\u00e1s denunciada de Berazategui.<\/p>\n\n\n\n<p>Mussi finaliz\u00f3 la carta documento intimando a EDESUR SA al inmediato restablecimiento, regularizaci\u00f3n y normalizaci\u00f3n del servicio que presta, instando a la provisi\u00f3n efectiva de electricidad en la red p\u00fablica y privada, de manera constante y continua en todo el partido de Berazategui, bajo apercibimiento de iniciar nuevas acciones judiciales.<\/p>\n","protected":false},"excerpt":{"rendered":"<p>El intendente de Berazategui, Juan Jos\u00e9 Mussi, volvi\u00f3 a denunciar a EDESUR SA debido a los miles de reclamos realizados por usuarios del distrito, disconformes con el servicio deficiente que presta la empresa privada de distribuci\u00f3n de energ\u00eda el\u00e9ctrica. Berazategui padece doblemente la falta de energ\u00eda el\u00e9ctrica, porque adem\u00e1s de los problemas ya conocidos, provoca&#8230;<\/p>\n","protected":false},"author":2,"featured_media":13863,"comment_status":"open","ping_status":"open","sticky":false,"template":"","format":"standard","meta":{"footnotes":""},"categories":[3],"tags":[],"class_list":["post-13862","post","type-post","status-publish","format-standard","has-post-thumbnail","hentry","category-berazategui"],"featured_image_src":"https:\/\/diarioprincipios.com\/wp-content\/uploads\/2022\/06\/MUSSI-VOLVIO-A-DENUNCIAR-A-EDESUR-SA-1024x682.jpg","blog_images":{"medium":"https:\/\/diarioprincipios.com\/wp-content\/uploads\/2022\/06\/MUSSI-VOLVIO-A-DENUNCIAR-A-EDESUR-SA-300x200.jpg","large":"https:\/\/diarioprincipios.com\/wp-content\/uploads\/2022\/06\/MUSSI-VOLVIO-A-DENUNCIAR-A-EDESUR-SA-1024x682.jpg"},"ams_acf":[],"yoast_head":"<!-- This site is optimized with the Yoast SEO plugin v27.3 - https:\/\/yoast.com\/product\/yoast-seo-wordpress\/ -->\n<title>Mussi volvi\u00f3 a denunciar a Edesur S.A. - Principios<\/title>\n<meta name=\"robots\" content=\"index, follow, max-snippet:-1, max-image-preview:large, max-video-preview:-1\" \/>\n<link rel=\"canonical\" href=\"https:\/\/diarioprincipios.com\/index.php\/2022\/06\/21\/mussi-volvio-a-denunciar-a-edesur-s-a\/\" \/>\n<meta property=\"og:locale\" content=\"es_ES\" \/>\n<meta property=\"og:type\" content=\"article\" \/>\n<meta property=\"og:title\" content=\"Mussi volvi\u00f3 a denunciar a Edesur S.A. - Principios\" \/>\n<meta property=\"og:description\" content=\"El intendente de Berazategui, Juan Jos\u00e9 Mussi, volvi\u00f3 a denunciar a EDESUR SA debido a los miles de reclamos realizados por usuarios del distrito, disconformes con el servicio deficiente que presta la empresa privada de distribuci\u00f3n de energ\u00eda el\u00e9ctrica. Berazategui padece doblemente la falta de energ\u00eda el\u00e9ctrica, porque adem\u00e1s de los problemas ya conocidos, provoca...\" \/>\n<meta property=\"og:url\" content=\"https:\/\/diarioprincipios.com\/index.php\/2022\/06\/21\/mussi-volvio-a-denunciar-a-edesur-s-a\/\" \/>\n<meta property=\"og:site_name\" content=\"Principios\" \/>\n<meta property=\"article:published_time\" content=\"2022-06-21T22:07:41+00:00\" \/>\n<meta property=\"article:modified_time\" content=\"2022-06-21T22:07:44+00:00\" \/>\n<meta property=\"og:image\" content=\"https:\/\/diarioprincipios.com\/wp-content\/uploads\/2022\/06\/MUSSI-VOLVIO-A-DENUNCIAR-A-EDESUR-SA.jpg\" \/>\n\t<meta property=\"og:image:width\" content=\"1280\" \/>\n\t<meta property=\"og:image:height\" content=\"853\" \/>\n\t<meta property=\"og:image:type\" content=\"image\/jpeg\" \/>\n<meta name=\"author\" content=\"Hern\u00e1n L\u00f3pez\" \/>\n<meta name=\"twitter:card\" content=\"summary_large_image\" \/>\n<meta name=\"twitter:label1\" content=\"Escrito por\" \/>\n\t<meta name=\"twitter:data1\" content=\"Hern\u00e1n L\u00f3pez\" \/>\n\t<meta name=\"twitter:label2\" content=\"Tiempo de lectura\" \/>\n\t<meta name=\"twitter:data2\" content=\"2 minutos\" \/>\n<script type=\"application\/ld+json\" class=\"yoast-schema-graph\">{\"@context\":\"https:\\\/\\\/schema.org\",\"@graph\":[{\"@type\":\"Article\",\"@id\":\"https:\\\/\\\/diarioprincipios.com\\\/index.php\\\/2022\\\/06\\\/21\\\/mussi-volvio-a-denunciar-a-edesur-s-a\\\/#article\",\"isPartOf\":{\"@id\":\"https:\\\/\\\/diarioprincipios.com\\\/index.php\\\/2022\\\/06\\\/21\\\/mussi-volvio-a-denunciar-a-edesur-s-a\\\/\"},\"author\":{\"name\":\"Hern\u00e1n L\u00f3pez\",\"@id\":\"https:\\\/\\\/diarioprincipios.com\\\/#\\\/schema\\\/person\\\/436d5a1fd41a5e250e23ff5a6a7cb080\"},\"headline\":\"Mussi volvi\u00f3 a denunciar a Edesur S.A.\",\"datePublished\":\"2022-06-21T22:07:41+00:00\",\"dateModified\":\"2022-06-21T22:07:44+00:00\",\"mainEntityOfPage\":{\"@id\":\"https:\\\/\\\/diarioprincipios.com\\\/index.php\\\/2022\\\/06\\\/21\\\/mussi-volvio-a-denunciar-a-edesur-s-a\\\/\"},\"wordCount\":282,\"commentCount\":0,\"publisher\":{\"@id\":\"https:\\\/\\\/diarioprincipios.com\\\/#organization\"},\"image\":{\"@id\":\"https:\\\/\\\/diarioprincipios.com\\\/index.php\\\/2022\\\/06\\\/21\\\/mussi-volvio-a-denunciar-a-edesur-s-a\\\/#primaryimage\"},\"thumbnailUrl\":\"https:\\\/\\\/diarioprincipios.com\\\/wp-content\\\/uploads\\\/2022\\\/06\\\/MUSSI-VOLVIO-A-DENUNCIAR-A-EDESUR-SA.jpg\",\"articleSection\":[\"Berazategui\"],\"inLanguage\":\"es\",\"potentialAction\":[{\"@type\":\"CommentAction\",\"name\":\"Comment\",\"target\":[\"https:\\\/\\\/diarioprincipios.com\\\/index.php\\\/2022\\\/06\\\/21\\\/mussi-volvio-a-denunciar-a-edesur-s-a\\\/#respond\"]}]},{\"@type\":\"WebPage\",\"@id\":\"https:\\\/\\\/diarioprincipios.com\\\/index.php\\\/2022\\\/06\\\/21\\\/mussi-volvio-a-denunciar-a-edesur-s-a\\\/\",\"url\":\"https:\\\/\\\/diarioprincipios.com\\\/index.php\\\/2022\\\/06\\\/21\\\/mussi-volvio-a-denunciar-a-edesur-s-a\\\/\",\"name\":\"Mussi volvi\u00f3 a denunciar a Edesur S.A. - Principios\",\"isPartOf\":{\"@id\":\"https:\\\/\\\/diarioprincipios.com\\\/#website\"},\"primaryImageOfPage\":{\"@id\":\"https:\\\/\\\/diarioprincipios.com\\\/index.php\\\/2022\\\/06\\\/21\\\/mussi-volvio-a-denunciar-a-edesur-s-a\\\/#primaryimage\"},\"image\":{\"@id\":\"https:\\\/\\\/diarioprincipios.com\\\/index.php\\\/2022\\\/06\\\/21\\\/mussi-volvio-a-denunciar-a-edesur-s-a\\\/#primaryimage\"},\"thumbnailUrl\":\"https:\\\/\\\/diarioprincipios.com\\\/wp-content\\\/uploads\\\/2022\\\/06\\\/MUSSI-VOLVIO-A-DENUNCIAR-A-EDESUR-SA.jpg\",\"datePublished\":\"2022-06-21T22:07:41+00:00\",\"dateModified\":\"2022-06-21T22:07:44+00:00\",\"breadcrumb\":{\"@id\":\"https:\\\/\\\/diarioprincipios.com\\\/index.php\\\/2022\\\/06\\\/21\\\/mussi-volvio-a-denunciar-a-edesur-s-a\\\/#breadcrumb\"},\"inLanguage\":\"es\",\"potentialAction\":[{\"@type\":\"ReadAction\",\"target\":[\"https:\\\/\\\/diarioprincipios.com\\\/index.php\\\/2022\\\/06\\\/21\\\/mussi-volvio-a-denunciar-a-edesur-s-a\\\/\"]}]},{\"@type\":\"ImageObject\",\"inLanguage\":\"es\",\"@id\":\"https:\\\/\\\/diarioprincipios.com\\\/index.php\\\/2022\\\/06\\\/21\\\/mussi-volvio-a-denunciar-a-edesur-s-a\\\/#primaryimage\",\"url\":\"https:\\\/\\\/diarioprincipios.com\\\/wp-content\\\/uploads\\\/2022\\\/06\\\/MUSSI-VOLVIO-A-DENUNCIAR-A-EDESUR-SA.jpg\",\"contentUrl\":\"https:\\\/\\\/diarioprincipios.com\\\/wp-content\\\/uploads\\\/2022\\\/06\\\/MUSSI-VOLVIO-A-DENUNCIAR-A-EDESUR-SA.jpg\",\"width\":1280,\"height\":853},{\"@type\":\"BreadcrumbList\",\"@id\":\"https:\\\/\\\/diarioprincipios.com\\\/index.php\\\/2022\\\/06\\\/21\\\/mussi-volvio-a-denunciar-a-edesur-s-a\\\/#breadcrumb\",\"itemListElement\":[{\"@type\":\"ListItem\",\"position\":1,\"name\":\"Portada\",\"item\":\"https:\\\/\\\/diarioprincipios.com\\\/\"},{\"@type\":\"ListItem\",\"position\":2,\"name\":\"Mussi volvi\u00f3 a denunciar a Edesur S.A.\"}]},{\"@type\":\"WebSite\",\"@id\":\"https:\\\/\\\/diarioprincipios.com\\\/#website\",\"url\":\"https:\\\/\\\/diarioprincipios.com\\\/\",\"name\":\"Principios\",\"description\":\"Principios Diario\",\"publisher\":{\"@id\":\"https:\\\/\\\/diarioprincipios.com\\\/#organization\"},\"potentialAction\":[{\"@type\":\"SearchAction\",\"target\":{\"@type\":\"EntryPoint\",\"urlTemplate\":\"https:\\\/\\\/diarioprincipios.com\\\/?s={search_term_string}\"},\"query-input\":{\"@type\":\"PropertyValueSpecification\",\"valueRequired\":true,\"valueName\":\"search_term_string\"}}],\"inLanguage\":\"es\"},{\"@type\":\"Organization\",\"@id\":\"https:\\\/\\\/diarioprincipios.com\\\/#organization\",\"name\":\"Principios\",\"url\":\"https:\\\/\\\/diarioprincipios.com\\\/\",\"logo\":{\"@type\":\"ImageObject\",\"inLanguage\":\"es\",\"@id\":\"https:\\\/\\\/diarioprincipios.com\\\/#\\\/schema\\\/logo\\\/image\\\/\",\"url\":\"https:\\\/\\\/diarioprincipios.com\\\/wp-content\\\/uploads\\\/2024\\\/04\\\/cropped-www.diarioprincipios.com_-1.png\",\"contentUrl\":\"https:\\\/\\\/diarioprincipios.com\\\/wp-content\\\/uploads\\\/2024\\\/04\\\/cropped-www.diarioprincipios.com_-1.png\",\"width\":5325,\"height\":1454,\"caption\":\"Principios\"},\"image\":{\"@id\":\"https:\\\/\\\/diarioprincipios.com\\\/#\\\/schema\\\/logo\\\/image\\\/\"}},{\"@type\":\"Person\",\"@id\":\"https:\\\/\\\/diarioprincipios.com\\\/#\\\/schema\\\/person\\\/436d5a1fd41a5e250e23ff5a6a7cb080\",\"name\":\"Hern\u00e1n L\u00f3pez\",\"image\":{\"@type\":\"ImageObject\",\"inLanguage\":\"es\",\"@id\":\"https:\\\/\\\/diarioprincipios.com\\\/wp-content\\\/litespeed\\\/avatar\\\/11ddfe5610ff3bd100522525b2571f48.jpg?ver=1777048341\",\"url\":\"https:\\\/\\\/diarioprincipios.com\\\/wp-content\\\/litespeed\\\/avatar\\\/11ddfe5610ff3bd100522525b2571f48.jpg?ver=1777048341\",\"contentUrl\":\"https:\\\/\\\/diarioprincipios.com\\\/wp-content\\\/litespeed\\\/avatar\\\/11ddfe5610ff3bd100522525b2571f48.jpg?ver=1777048341\",\"caption\":\"Hern\u00e1n L\u00f3pez\"},\"url\":\"https:\\\/\\\/diarioprincipios.com\\\/index.php\\\/author\\\/hernan\\\/\"}]}<\/script>\n<!-- \/ Yoast SEO plugin. -->","yoast_head_json":{"title":"Mussi volvi\u00f3 a denunciar a Edesur S.A. - Principios","robots":{"index":"index","follow":"follow","max-snippet":"max-snippet:-1","max-image-preview":"max-image-preview:large","max-video-preview":"max-video-preview:-1"},"canonical":"https:\/\/diarioprincipios.com\/index.php\/2022\/06\/21\/mussi-volvio-a-denunciar-a-edesur-s-a\/","og_locale":"es_ES","og_type":"article","og_title":"Mussi volvi\u00f3 a denunciar a Edesur S.A. - Principios","og_description":"El intendente de Berazategui, Juan Jos\u00e9 Mussi, volvi\u00f3 a denunciar a EDESUR SA debido a los miles de reclamos realizados por usuarios del distrito, disconformes con el servicio deficiente que presta la empresa privada de distribuci\u00f3n de energ\u00eda el\u00e9ctrica. Berazategui padece doblemente la falta de energ\u00eda el\u00e9ctrica, porque adem\u00e1s de los problemas ya conocidos, provoca...","og_url":"https:\/\/diarioprincipios.com\/index.php\/2022\/06\/21\/mussi-volvio-a-denunciar-a-edesur-s-a\/","og_site_name":"Principios","article_published_time":"2022-06-21T22:07:41+00:00","article_modified_time":"2022-06-21T22:07:44+00:00","og_image":[{"width":1280,"height":853,"url":"https:\/\/diarioprincipios.com\/wp-content\/uploads\/2022\/06\/MUSSI-VOLVIO-A-DENUNCIAR-A-EDESUR-SA.jpg","type":"image\/jpeg"}],"author":"Hern\u00e1n L\u00f3pez","twitter_card":"summary_large_image","twitter_misc":{"Escrito por":"Hern\u00e1n L\u00f3pez","Tiempo de lectura":"2 minutos"},"schema":{"@context":"https:\/\/schema.org","@graph":[{"@type":"Article","@id":"https:\/\/diarioprincipios.com\/index.php\/2022\/06\/21\/mussi-volvio-a-denunciar-a-edesur-s-a\/#article","isPartOf":{"@id":"https:\/\/diarioprincipios.com\/index.php\/2022\/06\/21\/mussi-volvio-a-denunciar-a-edesur-s-a\/"},"author":{"name":"Hern\u00e1n L\u00f3pez","@id":"https:\/\/diarioprincipios.com\/#\/schema\/person\/436d5a1fd41a5e250e23ff5a6a7cb080"},"headline":"Mussi volvi\u00f3 a denunciar a Edesur S.A.","datePublished":"2022-06-21T22:07:41+00:00","dateModified":"2022-06-21T22:07:44+00:00","mainEntityOfPage":{"@id":"https:\/\/diarioprincipios.com\/index.php\/2022\/06\/21\/mussi-volvio-a-denunciar-a-edesur-s-a\/"},"wordCount":282,"commentCount":0,"publisher":{"@id":"https:\/\/diarioprincipios.com\/#organization"},"image":{"@id":"https:\/\/diarioprincipios.com\/index.php\/2022\/06\/21\/mussi-volvio-a-denunciar-a-edesur-s-a\/#primaryimage"},"thumbnailUrl":"https:\/\/diarioprincipios.com\/wp-content\/uploads\/2022\/06\/MUSSI-VOLVIO-A-DENUNCIAR-A-EDESUR-SA.jpg","articleSection":["Berazategui"],"inLanguage":"es","potentialAction":[{"@type":"CommentAction","name":"Comment","target":["https:\/\/diarioprincipios.com\/index.php\/2022\/06\/21\/mussi-volvio-a-denunciar-a-edesur-s-a\/#respond"]}]},{"@type":"WebPage","@id":"https:\/\/diarioprincipios.com\/index.php\/2022\/06\/21\/mussi-volvio-a-denunciar-a-edesur-s-a\/","url":"https:\/\/diarioprincipios.com\/index.php\/2022\/06\/21\/mussi-volvio-a-denunciar-a-edesur-s-a\/","name":"Mussi volvi\u00f3 a denunciar a Edesur S.A. - Principios","isPartOf":{"@id":"https:\/\/diarioprincipios.com\/#website"},"primaryImageOfPage":{"@id":"https:\/\/diarioprincipios.com\/index.php\/2022\/06\/21\/mussi-volvio-a-denunciar-a-edesur-s-a\/#primaryimage"},"image":{"@id":"https:\/\/diarioprincipios.com\/index.php\/2022\/06\/21\/mussi-volvio-a-denunciar-a-edesur-s-a\/#primaryimage"},"thumbnailUrl":"https:\/\/diarioprincipios.com\/wp-content\/uploads\/2022\/06\/MUSSI-VOLVIO-A-DENUNCIAR-A-EDESUR-SA.jpg","datePublished":"2022-06-21T22:07:41+00:00","dateModified":"2022-06-21T22:07:44+00:00","breadcrumb":{"@id":"https:\/\/diarioprincipios.com\/index.php\/2022\/06\/21\/mussi-volvio-a-denunciar-a-edesur-s-a\/#breadcrumb"},"inLanguage":"es","potentialAction":[{"@type":"ReadAction","target":["https:\/\/diarioprincipios.com\/index.php\/2022\/06\/21\/mussi-volvio-a-denunciar-a-edesur-s-a\/"]}]},{"@type":"ImageObject","inLanguage":"es","@id":"https:\/\/diarioprincipios.com\/index.php\/2022\/06\/21\/mussi-volvio-a-denunciar-a-edesur-s-a\/#primaryimage","url":"https:\/\/diarioprincipios.com\/wp-content\/uploads\/2022\/06\/MUSSI-VOLVIO-A-DENUNCIAR-A-EDESUR-SA.jpg","contentUrl":"https:\/\/diarioprincipios.com\/wp-content\/uploads\/2022\/06\/MUSSI-VOLVIO-A-DENUNCIAR-A-EDESUR-SA.jpg","width":1280,"height":853},{"@type":"BreadcrumbList","@id":"https:\/\/diarioprincipios.com\/index.php\/2022\/06\/21\/mussi-volvio-a-denunciar-a-edesur-s-a\/#breadcrumb","itemListElement":[{"@type":"ListItem","position":1,"name":"Portada","item":"https:\/\/diarioprincipios.com\/"},{"@type":"ListItem","position":2,"name":"Mussi volvi\u00f3 a denunciar a Edesur S.A."}]},{"@type":"WebSite","@id":"https:\/\/diarioprincipios.com\/#website","url":"https:\/\/diarioprincipios.com\/","name":"Principios","description":"Principios Diario","publisher":{"@id":"https:\/\/diarioprincipios.com\/#organization"},"potentialAction":[{"@type":"SearchAction","target":{"@type":"EntryPoint","urlTemplate":"https:\/\/diarioprincipios.com\/?s={search_term_string}"},"query-input":{"@type":"PropertyValueSpecification","valueRequired":true,"valueName":"search_term_string"}}],"inLanguage":"es"},{"@type":"Organization","@id":"https:\/\/diarioprincipios.com\/#organization","name":"Principios","url":"https:\/\/diarioprincipios.com\/","logo":{"@type":"ImageObject","inLanguage":"es","@id":"https:\/\/diarioprincipios.com\/#\/schema\/logo\/image\/","url":"https:\/\/diarioprincipios.com\/wp-content\/uploads\/2024\/04\/cropped-www.diarioprincipios.com_-1.png","contentUrl":"https:\/\/diarioprincipios.com\/wp-content\/uploads\/2024\/04\/cropped-www.diarioprincipios.com_-1.png","width":5325,"height":1454,"caption":"Principios"},"image":{"@id":"https:\/\/diarioprincipios.com\/#\/schema\/logo\/image\/"}},{"@type":"Person","@id":"https:\/\/diarioprincipios.com\/#\/schema\/person\/436d5a1fd41a5e250e23ff5a6a7cb080","name":"Hern\u00e1n L\u00f3pez","image":{"@type":"ImageObject","inLanguage":"es","@id":"https:\/\/diarioprincipios.com\/wp-content\/litespeed\/avatar\/11ddfe5610ff3bd100522525b2571f48.jpg?ver=1777048341","url":"https:\/\/diarioprincipios.com\/wp-content\/litespeed\/avatar\/11ddfe5610ff3bd100522525b2571f48.jpg?ver=1777048341","contentUrl":"https:\/\/diarioprincipios.com\/wp-content\/litespeed\/avatar\/11ddfe5610ff3bd100522525b2571f48.jpg?ver=1777048341","caption":"Hern\u00e1n L\u00f3pez"},"url":"https:\/\/diarioprincipios.com\/index.php\/author\/hernan\/"}]}},"jetpack_featured_media_url":"https:\/\/diarioprincipios.com\/wp-content\/uploads\/2022\/06\/MUSSI-VOLVIO-A-DENUNCIAR-A-EDESUR-SA.jpg","_links":{"self":[{"href":"https:\/\/diarioprincipios.com\/index.php\/wp-json\/wp\/v2\/posts\/13862","targetHints":{"allow":["GET"]}}],"collection":[{"href":"https:\/\/diarioprincipios.com\/index.php\/wp-json\/wp\/v2\/posts"}],"about":[{"href":"https:\/\/diarioprincipios.com\/index.php\/wp-json\/wp\/v2\/types\/post"}],"author":[{"embeddable":true,"href":"https:\/\/diarioprincipios.com\/index.php\/wp-json\/wp\/v2\/users\/2"}],"replies":[{"embeddable":true,"href":"https:\/\/diarioprincipios.com\/index.php\/wp-json\/wp\/v2\/comments?post=13862"}],"version-history":[{"count":1,"href":"https:\/\/diarioprincipios.com\/index.php\/wp-json\/wp\/v2\/posts\/13862\/revisions"}],"predecessor-version":[{"id":13864,"href":"https:\/\/diarioprincipios.com\/index.php\/wp-json\/wp\/v2\/posts\/13862\/revisions\/13864"}],"wp:featuredmedia":[{"embeddable":true,"href":"https:\/\/diarioprincipios.com\/index.php\/wp-json\/wp\/v2\/media\/13863"}],"wp:attachment":[{"href":"https:\/\/diarioprincipios.com\/index.php\/wp-json\/wp\/v2\/media?parent=13862"}],"wp:term":[{"taxonomy":"category","embeddable":true,"href":"https:\/\/diarioprincipios.com\/index.php\/wp-json\/wp\/v2\/categories?post=13862"},{"taxonomy":"post_tag","embeddable":true,"href":"https:\/\/diarioprincipios.com\/index.php\/wp-json\/wp\/v2\/tags?post=13862"}],"curies":[{"name":"wp","href":"https:\/\/api.w.org\/{rel}","templated":true}]}}