{"id":1386,"date":"2020-05-10T23:18:57","date_gmt":"2020-05-10T23:18:57","guid":{"rendered":"http:\/\/diarioprincipios.com\/?p=1386"},"modified":"2020-05-10T23:18:58","modified_gmt":"2020-05-10T23:18:58","slug":"quilmes-pone-en-funcionamiento-mas-camaras-de-vigilancia","status":"publish","type":"post","link":"https:\/\/diarioprincipios.com\/index.php\/2020\/05\/10\/quilmes-pone-en-funcionamiento-mas-camaras-de-vigilancia\/","title":{"rendered":"Quilmes pone en funcionamiento m\u00e1s c\u00e1maras de vigilancia"},"content":{"rendered":"\n<p>El Municipio de Quilmes se encuentra trabajando en el mejoramiento del sistema de c\u00e1maras de seguridad existente en el distrito. Cuando asumi\u00f3 su gesti\u00f3n la intendenta Mayra Mendoza, se encontraban fuera de funcionamiento m\u00e1s de la mitad de las 685 c\u00e1maras instaladas, as\u00ed como tambi\u00e9n los dispositivos de grabaci\u00f3n y almacenamiento.<\/p>\n\n\n\n<p>En vistas de fortalecer el sistema de prevenci\u00f3n del delito, desde el 10 de diciembre el Gobierno Municipal, a trav\u00e9s de la Secretar\u00eda de Seguridad y Ordenamiento Urbano, viene trabajando en dotar de mayor tecnolog\u00eda al Centro de Emergencias Quilmes (CEQ) y poner en funcionamiento las c\u00e1maras que se encontraban inactivas. <\/p>\n\n\n\n<p>En tal sentido, el secretario de Seguridad y Ordenamiento Urbano del Municipio, Gaspar De St\u00e9fano, expres\u00f3: \u201cestamos realizando un dedicado trabajo en sinton\u00eda con la situaci\u00f3n en la que encontramos la seguridad en el distrito. Frente a menos de la mitad de c\u00e1maras que funcionaban en diciembre, en las pr\u00f3ximas semanas estaremos llegando al 100% de las 685 c\u00e1maras activas, as\u00ed como tambi\u00e9n sus respectivos sistemas de almacenamiento\u201d.<\/p>\n\n\n\n<p>Tambi\u00e9n se planifica adquirir nuevas c\u00e1maras para duplicar la cantidad actualmente instalada de modo tal de poder cubrir la totalidad de los lugares estrat\u00e9gicos a lo largo del territorio del distrito. Al respecto, De St\u00e9fano afirm\u00f3 que \u201cestamos analizando distintas propuestas para la colocaci\u00f3n de nuevas c\u00e1maras de \u00faltima tecnolog\u00eda para hacer de Quilmes una ciudad m\u00e1s segura\u201d.<\/p>\n","protected":false},"excerpt":{"rendered":"<p>El Municipio de Quilmes se encuentra trabajando en el mejoramiento del sistema de c\u00e1maras de seguridad existente en el distrito. Cuando asumi\u00f3 su gesti\u00f3n la intendenta Mayra Mendoza, se encontraban fuera de funcionamiento m\u00e1s de la mitad de las 685 c\u00e1maras instaladas, as\u00ed como tambi\u00e9n los dispositivos de grabaci\u00f3n y almacenamiento. En vistas de fortalecer&#8230;<\/p>\n","protected":false},"author":2,"featured_media":1387,"comment_status":"open","ping_status":"open","sticky":false,"template":"","format":"standard","meta":{"footnotes":""},"categories":[4],"tags":[],"class_list":["post-1386","post","type-post","status-publish","format-standard","has-post-thumbnail","hentry","category-quilmes"],"featured_image_src":"https:\/\/diarioprincipios.com\/wp-content\/uploads\/2020\/05\/M\u00c1S-C\u00c1MARAS-PARA-QUILMES-576x1024.jpeg","blog_images":{"medium":"https:\/\/diarioprincipios.com\/wp-content\/uploads\/2020\/05\/M\u00c1S-C\u00c1MARAS-PARA-QUILMES-169x300.jpeg","large":"https:\/\/diarioprincipios.com\/wp-content\/uploads\/2020\/05\/M\u00c1S-C\u00c1MARAS-PARA-QUILMES-576x1024.jpeg"},"ams_acf":[],"yoast_head":"<!-- This site is optimized with the Yoast SEO plugin v27.3 - https:\/\/yoast.com\/product\/yoast-seo-wordpress\/ -->\n<title>Quilmes pone en funcionamiento m\u00e1s c\u00e1maras de vigilancia - Principios<\/title>\n<meta name=\"robots\" content=\"index, follow, max-snippet:-1, max-image-preview:large, max-video-preview:-1\" \/>\n<link rel=\"canonical\" href=\"https:\/\/diarioprincipios.com\/index.php\/2020\/05\/10\/quilmes-pone-en-funcionamiento-mas-camaras-de-vigilancia\/\" \/>\n<meta property=\"og:locale\" content=\"es_ES\" \/>\n<meta property=\"og:type\" content=\"article\" \/>\n<meta property=\"og:title\" content=\"Quilmes pone en funcionamiento m\u00e1s c\u00e1maras de vigilancia - Principios\" \/>\n<meta property=\"og:description\" content=\"El Municipio de Quilmes se encuentra trabajando en el mejoramiento del sistema de c\u00e1maras de seguridad existente en el distrito. Cuando asumi\u00f3 su gesti\u00f3n la intendenta Mayra Mendoza, se encontraban fuera de funcionamiento m\u00e1s de la mitad de las 685 c\u00e1maras instaladas, as\u00ed como tambi\u00e9n los dispositivos de grabaci\u00f3n y almacenamiento. En vistas de fortalecer...\" \/>\n<meta property=\"og:url\" content=\"https:\/\/diarioprincipios.com\/index.php\/2020\/05\/10\/quilmes-pone-en-funcionamiento-mas-camaras-de-vigilancia\/\" \/>\n<meta property=\"og:site_name\" content=\"Principios\" \/>\n<meta property=\"article:published_time\" content=\"2020-05-10T23:18:57+00:00\" \/>\n<meta property=\"article:modified_time\" content=\"2020-05-10T23:18:58+00:00\" \/>\n<meta property=\"og:image\" content=\"https:\/\/diarioprincipios.com\/wp-content\/uploads\/2020\/05\/M\u00c1S-C\u00c1MARAS-PARA-QUILMES.jpeg\" \/>\n\t<meta property=\"og:image:width\" content=\"581\" \/>\n\t<meta property=\"og:image:height\" content=\"1032\" \/>\n\t<meta property=\"og:image:type\" content=\"image\/jpeg\" \/>\n<meta name=\"author\" content=\"Hern\u00e1n L\u00f3pez\" \/>\n<meta name=\"twitter:card\" content=\"summary_large_image\" \/>\n<meta name=\"twitter:label1\" content=\"Escrito por\" \/>\n\t<meta name=\"twitter:data1\" content=\"Hern\u00e1n L\u00f3pez\" \/>\n\t<meta name=\"twitter:label2\" content=\"Tiempo de lectura\" \/>\n\t<meta name=\"twitter:data2\" content=\"1 minuto\" \/>\n<script type=\"application\/ld+json\" class=\"yoast-schema-graph\">{\"@context\":\"https:\\\/\\\/schema.org\",\"@graph\":[{\"@type\":\"Article\",\"@id\":\"https:\\\/\\\/diarioprincipios.com\\\/index.php\\\/2020\\\/05\\\/10\\\/quilmes-pone-en-funcionamiento-mas-camaras-de-vigilancia\\\/#article\",\"isPartOf\":{\"@id\":\"https:\\\/\\\/diarioprincipios.com\\\/index.php\\\/2020\\\/05\\\/10\\\/quilmes-pone-en-funcionamiento-mas-camaras-de-vigilancia\\\/\"},\"author\":{\"name\":\"Hern\u00e1n L\u00f3pez\",\"@id\":\"https:\\\/\\\/diarioprincipios.com\\\/#\\\/schema\\\/person\\\/436d5a1fd41a5e250e23ff5a6a7cb080\"},\"headline\":\"Quilmes pone en funcionamiento m\u00e1s c\u00e1maras de vigilancia\",\"datePublished\":\"2020-05-10T23:18:57+00:00\",\"dateModified\":\"2020-05-10T23:18:58+00:00\",\"mainEntityOfPage\":{\"@id\":\"https:\\\/\\\/diarioprincipios.com\\\/index.php\\\/2020\\\/05\\\/10\\\/quilmes-pone-en-funcionamiento-mas-camaras-de-vigilancia\\\/\"},\"wordCount\":260,\"commentCount\":0,\"publisher\":{\"@id\":\"https:\\\/\\\/diarioprincipios.com\\\/#organization\"},\"image\":{\"@id\":\"https:\\\/\\\/diarioprincipios.com\\\/index.php\\\/2020\\\/05\\\/10\\\/quilmes-pone-en-funcionamiento-mas-camaras-de-vigilancia\\\/#primaryimage\"},\"thumbnailUrl\":\"https:\\\/\\\/diarioprincipios.com\\\/wp-content\\\/uploads\\\/2020\\\/05\\\/M\u00c1S-C\u00c1MARAS-PARA-QUILMES.jpeg\",\"articleSection\":[\"Quilmes\"],\"inLanguage\":\"es\",\"potentialAction\":[{\"@type\":\"CommentAction\",\"name\":\"Comment\",\"target\":[\"https:\\\/\\\/diarioprincipios.com\\\/index.php\\\/2020\\\/05\\\/10\\\/quilmes-pone-en-funcionamiento-mas-camaras-de-vigilancia\\\/#respond\"]}]},{\"@type\":\"WebPage\",\"@id\":\"https:\\\/\\\/diarioprincipios.com\\\/index.php\\\/2020\\\/05\\\/10\\\/quilmes-pone-en-funcionamiento-mas-camaras-de-vigilancia\\\/\",\"url\":\"https:\\\/\\\/diarioprincipios.com\\\/index.php\\\/2020\\\/05\\\/10\\\/quilmes-pone-en-funcionamiento-mas-camaras-de-vigilancia\\\/\",\"name\":\"Quilmes pone en funcionamiento m\u00e1s c\u00e1maras de vigilancia - Principios\",\"isPartOf\":{\"@id\":\"https:\\\/\\\/diarioprincipios.com\\\/#website\"},\"primaryImageOfPage\":{\"@id\":\"https:\\\/\\\/diarioprincipios.com\\\/index.php\\\/2020\\\/05\\\/10\\\/quilmes-pone-en-funcionamiento-mas-camaras-de-vigilancia\\\/#primaryimage\"},\"image\":{\"@id\":\"https:\\\/\\\/diarioprincipios.com\\\/index.php\\\/2020\\\/05\\\/10\\\/quilmes-pone-en-funcionamiento-mas-camaras-de-vigilancia\\\/#primaryimage\"},\"thumbnailUrl\":\"https:\\\/\\\/diarioprincipios.com\\\/wp-content\\\/uploads\\\/2020\\\/05\\\/M\u00c1S-C\u00c1MARAS-PARA-QUILMES.jpeg\",\"datePublished\":\"2020-05-10T23:18:57+00:00\",\"dateModified\":\"2020-05-10T23:18:58+00:00\",\"breadcrumb\":{\"@id\":\"https:\\\/\\\/diarioprincipios.com\\\/index.php\\\/2020\\\/05\\\/10\\\/quilmes-pone-en-funcionamiento-mas-camaras-de-vigilancia\\\/#breadcrumb\"},\"inLanguage\":\"es\",\"potentialAction\":[{\"@type\":\"ReadAction\",\"target\":[\"https:\\\/\\\/diarioprincipios.com\\\/index.php\\\/2020\\\/05\\\/10\\\/quilmes-pone-en-funcionamiento-mas-camaras-de-vigilancia\\\/\"]}]},{\"@type\":\"ImageObject\",\"inLanguage\":\"es\",\"@id\":\"https:\\\/\\\/diarioprincipios.com\\\/index.php\\\/2020\\\/05\\\/10\\\/quilmes-pone-en-funcionamiento-mas-camaras-de-vigilancia\\\/#primaryimage\",\"url\":\"https:\\\/\\\/diarioprincipios.com\\\/wp-content\\\/uploads\\\/2020\\\/05\\\/M\u00c1S-C\u00c1MARAS-PARA-QUILMES.jpeg\",\"contentUrl\":\"https:\\\/\\\/diarioprincipios.com\\\/wp-content\\\/uploads\\\/2020\\\/05\\\/M\u00c1S-C\u00c1MARAS-PARA-QUILMES.jpeg\",\"width\":581,\"height\":1032},{\"@type\":\"BreadcrumbList\",\"@id\":\"https:\\\/\\\/diarioprincipios.com\\\/index.php\\\/2020\\\/05\\\/10\\\/quilmes-pone-en-funcionamiento-mas-camaras-de-vigilancia\\\/#breadcrumb\",\"itemListElement\":[{\"@type\":\"ListItem\",\"position\":1,\"name\":\"Portada\",\"item\":\"https:\\\/\\\/diarioprincipios.com\\\/\"},{\"@type\":\"ListItem\",\"position\":2,\"name\":\"Quilmes pone en funcionamiento m\u00e1s c\u00e1maras de vigilancia\"}]},{\"@type\":\"WebSite\",\"@id\":\"https:\\\/\\\/diarioprincipios.com\\\/#website\",\"url\":\"https:\\\/\\\/diarioprincipios.com\\\/\",\"name\":\"Principios\",\"description\":\"Principios Diario\",\"publisher\":{\"@id\":\"https:\\\/\\\/diarioprincipios.com\\\/#organization\"},\"potentialAction\":[{\"@type\":\"SearchAction\",\"target\":{\"@type\":\"EntryPoint\",\"urlTemplate\":\"https:\\\/\\\/diarioprincipios.com\\\/?s={search_term_string}\"},\"query-input\":{\"@type\":\"PropertyValueSpecification\",\"valueRequired\":true,\"valueName\":\"search_term_string\"}}],\"inLanguage\":\"es\"},{\"@type\":\"Organization\",\"@id\":\"https:\\\/\\\/diarioprincipios.com\\\/#organization\",\"name\":\"Principios\",\"url\":\"https:\\\/\\\/diarioprincipios.com\\\/\",\"logo\":{\"@type\":\"ImageObject\",\"inLanguage\":\"es\",\"@id\":\"https:\\\/\\\/diarioprincipios.com\\\/#\\\/schema\\\/logo\\\/image\\\/\",\"url\":\"https:\\\/\\\/diarioprincipios.com\\\/wp-content\\\/uploads\\\/2024\\\/04\\\/cropped-www.diarioprincipios.com_-1.png\",\"contentUrl\":\"https:\\\/\\\/diarioprincipios.com\\\/wp-content\\\/uploads\\\/2024\\\/04\\\/cropped-www.diarioprincipios.com_-1.png\",\"width\":5325,\"height\":1454,\"caption\":\"Principios\"},\"image\":{\"@id\":\"https:\\\/\\\/diarioprincipios.com\\\/#\\\/schema\\\/logo\\\/image\\\/\"}},{\"@type\":\"Person\",\"@id\":\"https:\\\/\\\/diarioprincipios.com\\\/#\\\/schema\\\/person\\\/436d5a1fd41a5e250e23ff5a6a7cb080\",\"name\":\"Hern\u00e1n L\u00f3pez\",\"image\":{\"@type\":\"ImageObject\",\"inLanguage\":\"es\",\"@id\":\"https:\\\/\\\/diarioprincipios.com\\\/wp-content\\\/litespeed\\\/avatar\\\/11ddfe5610ff3bd100522525b2571f48.jpg?ver=1777048341\",\"url\":\"https:\\\/\\\/diarioprincipios.com\\\/wp-content\\\/litespeed\\\/avatar\\\/11ddfe5610ff3bd100522525b2571f48.jpg?ver=1777048341\",\"contentUrl\":\"https:\\\/\\\/diarioprincipios.com\\\/wp-content\\\/litespeed\\\/avatar\\\/11ddfe5610ff3bd100522525b2571f48.jpg?ver=1777048341\",\"caption\":\"Hern\u00e1n L\u00f3pez\"},\"url\":\"https:\\\/\\\/diarioprincipios.com\\\/index.php\\\/author\\\/hernan\\\/\"}]}<\/script>\n<!-- \/ Yoast SEO plugin. -->","yoast_head_json":{"title":"Quilmes pone en funcionamiento m\u00e1s c\u00e1maras de vigilancia - Principios","robots":{"index":"index","follow":"follow","max-snippet":"max-snippet:-1","max-image-preview":"max-image-preview:large","max-video-preview":"max-video-preview:-1"},"canonical":"https:\/\/diarioprincipios.com\/index.php\/2020\/05\/10\/quilmes-pone-en-funcionamiento-mas-camaras-de-vigilancia\/","og_locale":"es_ES","og_type":"article","og_title":"Quilmes pone en funcionamiento m\u00e1s c\u00e1maras de vigilancia - Principios","og_description":"El Municipio de Quilmes se encuentra trabajando en el mejoramiento del sistema de c\u00e1maras de seguridad existente en el distrito. Cuando asumi\u00f3 su gesti\u00f3n la intendenta Mayra Mendoza, se encontraban fuera de funcionamiento m\u00e1s de la mitad de las 685 c\u00e1maras instaladas, as\u00ed como tambi\u00e9n los dispositivos de grabaci\u00f3n y almacenamiento. En vistas de fortalecer...","og_url":"https:\/\/diarioprincipios.com\/index.php\/2020\/05\/10\/quilmes-pone-en-funcionamiento-mas-camaras-de-vigilancia\/","og_site_name":"Principios","article_published_time":"2020-05-10T23:18:57+00:00","article_modified_time":"2020-05-10T23:18:58+00:00","og_image":[{"width":581,"height":1032,"url":"https:\/\/diarioprincipios.com\/wp-content\/uploads\/2020\/05\/M\u00c1S-C\u00c1MARAS-PARA-QUILMES.jpeg","type":"image\/jpeg"}],"author":"Hern\u00e1n L\u00f3pez","twitter_card":"summary_large_image","twitter_misc":{"Escrito por":"Hern\u00e1n L\u00f3pez","Tiempo de lectura":"1 minuto"},"schema":{"@context":"https:\/\/schema.org","@graph":[{"@type":"Article","@id":"https:\/\/diarioprincipios.com\/index.php\/2020\/05\/10\/quilmes-pone-en-funcionamiento-mas-camaras-de-vigilancia\/#article","isPartOf":{"@id":"https:\/\/diarioprincipios.com\/index.php\/2020\/05\/10\/quilmes-pone-en-funcionamiento-mas-camaras-de-vigilancia\/"},"author":{"name":"Hern\u00e1n L\u00f3pez","@id":"https:\/\/diarioprincipios.com\/#\/schema\/person\/436d5a1fd41a5e250e23ff5a6a7cb080"},"headline":"Quilmes pone en funcionamiento m\u00e1s c\u00e1maras de vigilancia","datePublished":"2020-05-10T23:18:57+00:00","dateModified":"2020-05-10T23:18:58+00:00","mainEntityOfPage":{"@id":"https:\/\/diarioprincipios.com\/index.php\/2020\/05\/10\/quilmes-pone-en-funcionamiento-mas-camaras-de-vigilancia\/"},"wordCount":260,"commentCount":0,"publisher":{"@id":"https:\/\/diarioprincipios.com\/#organization"},"image":{"@id":"https:\/\/diarioprincipios.com\/index.php\/2020\/05\/10\/quilmes-pone-en-funcionamiento-mas-camaras-de-vigilancia\/#primaryimage"},"thumbnailUrl":"https:\/\/diarioprincipios.com\/wp-content\/uploads\/2020\/05\/M\u00c1S-C\u00c1MARAS-PARA-QUILMES.jpeg","articleSection":["Quilmes"],"inLanguage":"es","potentialAction":[{"@type":"CommentAction","name":"Comment","target":["https:\/\/diarioprincipios.com\/index.php\/2020\/05\/10\/quilmes-pone-en-funcionamiento-mas-camaras-de-vigilancia\/#respond"]}]},{"@type":"WebPage","@id":"https:\/\/diarioprincipios.com\/index.php\/2020\/05\/10\/quilmes-pone-en-funcionamiento-mas-camaras-de-vigilancia\/","url":"https:\/\/diarioprincipios.com\/index.php\/2020\/05\/10\/quilmes-pone-en-funcionamiento-mas-camaras-de-vigilancia\/","name":"Quilmes pone en funcionamiento m\u00e1s c\u00e1maras de vigilancia - Principios","isPartOf":{"@id":"https:\/\/diarioprincipios.com\/#website"},"primaryImageOfPage":{"@id":"https:\/\/diarioprincipios.com\/index.php\/2020\/05\/10\/quilmes-pone-en-funcionamiento-mas-camaras-de-vigilancia\/#primaryimage"},"image":{"@id":"https:\/\/diarioprincipios.com\/index.php\/2020\/05\/10\/quilmes-pone-en-funcionamiento-mas-camaras-de-vigilancia\/#primaryimage"},"thumbnailUrl":"https:\/\/diarioprincipios.com\/wp-content\/uploads\/2020\/05\/M\u00c1S-C\u00c1MARAS-PARA-QUILMES.jpeg","datePublished":"2020-05-10T23:18:57+00:00","dateModified":"2020-05-10T23:18:58+00:00","breadcrumb":{"@id":"https:\/\/diarioprincipios.com\/index.php\/2020\/05\/10\/quilmes-pone-en-funcionamiento-mas-camaras-de-vigilancia\/#breadcrumb"},"inLanguage":"es","potentialAction":[{"@type":"ReadAction","target":["https:\/\/diarioprincipios.com\/index.php\/2020\/05\/10\/quilmes-pone-en-funcionamiento-mas-camaras-de-vigilancia\/"]}]},{"@type":"ImageObject","inLanguage":"es","@id":"https:\/\/diarioprincipios.com\/index.php\/2020\/05\/10\/quilmes-pone-en-funcionamiento-mas-camaras-de-vigilancia\/#primaryimage","url":"https:\/\/diarioprincipios.com\/wp-content\/uploads\/2020\/05\/M\u00c1S-C\u00c1MARAS-PARA-QUILMES.jpeg","contentUrl":"https:\/\/diarioprincipios.com\/wp-content\/uploads\/2020\/05\/M\u00c1S-C\u00c1MARAS-PARA-QUILMES.jpeg","width":581,"height":1032},{"@type":"BreadcrumbList","@id":"https:\/\/diarioprincipios.com\/index.php\/2020\/05\/10\/quilmes-pone-en-funcionamiento-mas-camaras-de-vigilancia\/#breadcrumb","itemListElement":[{"@type":"ListItem","position":1,"name":"Portada","item":"https:\/\/diarioprincipios.com\/"},{"@type":"ListItem","position":2,"name":"Quilmes pone en funcionamiento m\u00e1s c\u00e1maras de vigilancia"}]},{"@type":"WebSite","@id":"https:\/\/diarioprincipios.com\/#website","url":"https:\/\/diarioprincipios.com\/","name":"Principios","description":"Principios Diario","publisher":{"@id":"https:\/\/diarioprincipios.com\/#organization"},"potentialAction":[{"@type":"SearchAction","target":{"@type":"EntryPoint","urlTemplate":"https:\/\/diarioprincipios.com\/?s={search_term_string}"},"query-input":{"@type":"PropertyValueSpecification","valueRequired":true,"valueName":"search_term_string"}}],"inLanguage":"es"},{"@type":"Organization","@id":"https:\/\/diarioprincipios.com\/#organization","name":"Principios","url":"https:\/\/diarioprincipios.com\/","logo":{"@type":"ImageObject","inLanguage":"es","@id":"https:\/\/diarioprincipios.com\/#\/schema\/logo\/image\/","url":"https:\/\/diarioprincipios.com\/wp-content\/uploads\/2024\/04\/cropped-www.diarioprincipios.com_-1.png","contentUrl":"https:\/\/diarioprincipios.com\/wp-content\/uploads\/2024\/04\/cropped-www.diarioprincipios.com_-1.png","width":5325,"height":1454,"caption":"Principios"},"image":{"@id":"https:\/\/diarioprincipios.com\/#\/schema\/logo\/image\/"}},{"@type":"Person","@id":"https:\/\/diarioprincipios.com\/#\/schema\/person\/436d5a1fd41a5e250e23ff5a6a7cb080","name":"Hern\u00e1n L\u00f3pez","image":{"@type":"ImageObject","inLanguage":"es","@id":"https:\/\/diarioprincipios.com\/wp-content\/litespeed\/avatar\/11ddfe5610ff3bd100522525b2571f48.jpg?ver=1777048341","url":"https:\/\/diarioprincipios.com\/wp-content\/litespeed\/avatar\/11ddfe5610ff3bd100522525b2571f48.jpg?ver=1777048341","contentUrl":"https:\/\/diarioprincipios.com\/wp-content\/litespeed\/avatar\/11ddfe5610ff3bd100522525b2571f48.jpg?ver=1777048341","caption":"Hern\u00e1n L\u00f3pez"},"url":"https:\/\/diarioprincipios.com\/index.php\/author\/hernan\/"}]}},"jetpack_featured_media_url":"https:\/\/diarioprincipios.com\/wp-content\/uploads\/2020\/05\/M\u00c1S-C\u00c1MARAS-PARA-QUILMES.jpeg","_links":{"self":[{"href":"https:\/\/diarioprincipios.com\/index.php\/wp-json\/wp\/v2\/posts\/1386","targetHints":{"allow":["GET"]}}],"collection":[{"href":"https:\/\/diarioprincipios.com\/index.php\/wp-json\/wp\/v2\/posts"}],"about":[{"href":"https:\/\/diarioprincipios.com\/index.php\/wp-json\/wp\/v2\/types\/post"}],"author":[{"embeddable":true,"href":"https:\/\/diarioprincipios.com\/index.php\/wp-json\/wp\/v2\/users\/2"}],"replies":[{"embeddable":true,"href":"https:\/\/diarioprincipios.com\/index.php\/wp-json\/wp\/v2\/comments?post=1386"}],"version-history":[{"count":1,"href":"https:\/\/diarioprincipios.com\/index.php\/wp-json\/wp\/v2\/posts\/1386\/revisions"}],"predecessor-version":[{"id":1388,"href":"https:\/\/diarioprincipios.com\/index.php\/wp-json\/wp\/v2\/posts\/1386\/revisions\/1388"}],"wp:featuredmedia":[{"embeddable":true,"href":"https:\/\/diarioprincipios.com\/index.php\/wp-json\/wp\/v2\/media\/1387"}],"wp:attachment":[{"href":"https:\/\/diarioprincipios.com\/index.php\/wp-json\/wp\/v2\/media?parent=1386"}],"wp:term":[{"taxonomy":"category","embeddable":true,"href":"https:\/\/diarioprincipios.com\/index.php\/wp-json\/wp\/v2\/categories?post=1386"},{"taxonomy":"post_tag","embeddable":true,"href":"https:\/\/diarioprincipios.com\/index.php\/wp-json\/wp\/v2\/tags?post=1386"}],"curies":[{"name":"wp","href":"https:\/\/api.w.org\/{rel}","templated":true}]}}