{"id":13852,"date":"2022-06-21T13:50:35","date_gmt":"2022-06-21T16:50:35","guid":{"rendered":"http:\/\/diarioprincipios.com\/?p=13852"},"modified":"2022-06-21T13:50:43","modified_gmt":"2022-06-21T16:50:43","slug":"cristina-fernandez-de-kirchner-encabezo-un-acto-multitudinario-en-avellaneda","status":"publish","type":"post","link":"https:\/\/diarioprincipios.com\/index.php\/2022\/06\/21\/cristina-fernandez-de-kirchner-encabezo-un-acto-multitudinario-en-avellaneda\/","title":{"rendered":"Cristina Fern\u00e1ndez de Kirchner encabez\u00f3 un acto multitudinario en Avellaneda\u00a0"},"content":{"rendered":"\n<p><\/p>\n\n\n\n<p>La Vicepresidenta particip\u00f3 de un plenario de delegados de la CTA de los Trabajadores, con motivo de la celebraci\u00f3n del D\u00eda de la Bandera.&nbsp;<\/p>\n\n\n\n<p>La vicepresidenta de la Naci\u00f3n Cristina Fern\u00e1ndez encabez\u00f3 el plenario de delegados de la Central\u00a0de Trabajadores de la Argentina (CTA) bajo la consigna\u00a0\u00ab20 de Junio. La vigencia de Belgrano. Estado, mercado y precios: producci\u00f3n, trabajo y pol\u00edtica social en una Argentina bimonetaria\u00bb, que se realiz\u00f3 en el Parque Municipal La Estaci\u00f3n de Avellaneda.\u00a0<\/p>\n\n\n\n<figure class=\"wp-block-image size-large\"><img loading=\"lazy\" decoding=\"async\" width=\"1024\" height=\"681\" src=\"https:\/\/diarioprincipios.com\/wp-content\/uploads\/2022\/06\/4-1-1024x681.jpg\" alt=\"\" class=\"wp-image-13853\" srcset=\"https:\/\/diarioprincipios.com\/wp-content\/uploads\/2022\/06\/4-1-1024x681.jpg 1024w, https:\/\/diarioprincipios.com\/wp-content\/uploads\/2022\/06\/4-1-300x199.jpg 300w, https:\/\/diarioprincipios.com\/wp-content\/uploads\/2022\/06\/4-1-768x511.jpg 768w, https:\/\/diarioprincipios.com\/wp-content\/uploads\/2022\/06\/4-1.jpg 1283w\" sizes=\"auto, (max-width: 1024px) 100vw, 1024px\" \/><\/figure>\n\n\n\n<p>En compa\u00f1\u00eda del secretario general de la CTA y diputado del Frente de Todos,&nbsp;Hugo Yasky, y el ministro de Desarrollo Territorial y H\u00e1bitat, Jorge Ferraresi, Cristina se dirigi\u00f3 ante un auditorio colmado de militantes, funcionarios, vecinos y vecinas. \u00abPara nosotros Avellaneda es una de las tantas casas que tenemos en la provincia de Buenos Aires\u00bb, comenz\u00f3 diciendo, al tiempo que destac\u00f3 la figura de Manuel Belgrano. &nbsp;<\/p>\n\n\n\n<p>\u00abNo se puede actuar en el presente sin el conocimiento del pasado y sin la imaginaci\u00f3n y la estrategia del futuro. De eso se trata la militancia, la construcci\u00f3n y la estrategia pol\u00edtica\u00bb, sigui\u00f3 CFK. M\u00e1s adelante, resalt\u00f3 que \u201cel Estado es imprescindible. La reducci\u00f3n al m\u00ednimo del estado es solamente un ejercicio que sirve para quedar bien\u201d.\u00a0<\/p>\n\n\n\n<figure class=\"wp-block-image size-full\"><img loading=\"lazy\" decoding=\"async\" width=\"960\" height=\"540\" src=\"https:\/\/diarioprincipios.com\/wp-content\/uploads\/2022\/06\/7-1.jpg\" alt=\"\" class=\"wp-image-13854\" srcset=\"https:\/\/diarioprincipios.com\/wp-content\/uploads\/2022\/06\/7-1.jpg 960w, https:\/\/diarioprincipios.com\/wp-content\/uploads\/2022\/06\/7-1-300x169.jpg 300w, https:\/\/diarioprincipios.com\/wp-content\/uploads\/2022\/06\/7-1-768x432.jpg 768w\" sizes=\"auto, (max-width: 960px) 100vw, 960px\" \/><\/figure>\n\n\n\n<p>Por otro lado, subray\u00f3 la gesti\u00f3n del ministro Ferraresi al frente del Municipio de Avellaneda y pidi\u00f3 que el resto del gabinete nacional pueda tomar su ejemplo de trabajo. Adem\u00e1s, confirm\u00f3: \u201cLa unidad del Frente de Todos nunca estuvo ni estar\u00e1 en discusi\u00f3n\u201d, y comparti\u00f3 ante la multitud: \u201cNo me interesa quedar bien con ning\u00fan funcionario sino con los argentinos que nos votaron\u201d. \u201cNo olvidemos de d\u00f3nde venimos y por qu\u00e9 ganamos. Confiemos en nuestra fuerza y en nuestras ideas. Tenemos que hablar con la gente para construir un pa\u00eds mejor\u201d, sigui\u00f3.&nbsp;<\/p>\n\n\n\n<p>Antes, el ministro Ferraresi hab\u00eda hecho un repaso por su gesti\u00f3n como intendente de Avellaneda. Entonces se\u00f1al\u00f3: \u201cSabiendo d\u00f3nde recaudar, podemos como Estado mejorar el reparto de esos recursos\u201d.\u00a0En ese sentido destac\u00f3 la independencia econ\u00f3mica de la comuna para lograr justicia social.\u00a0\u201cCon nuestro Gobierno la vivienda es un derecho\u201d, confirm\u00f3.\u00a0<\/p>\n\n\n\n<figure class=\"wp-block-image size-large\"><img loading=\"lazy\" decoding=\"async\" width=\"1024\" height=\"681\" src=\"https:\/\/diarioprincipios.com\/wp-content\/uploads\/2022\/06\/5-1-1024x681.jpg\" alt=\"\" class=\"wp-image-13855\" srcset=\"https:\/\/diarioprincipios.com\/wp-content\/uploads\/2022\/06\/5-1-1024x681.jpg 1024w, https:\/\/diarioprincipios.com\/wp-content\/uploads\/2022\/06\/5-1-300x200.jpg 300w, https:\/\/diarioprincipios.com\/wp-content\/uploads\/2022\/06\/5-1-768x511.jpg 768w, https:\/\/diarioprincipios.com\/wp-content\/uploads\/2022\/06\/5-1-1536x1021.jpg 1536w, https:\/\/diarioprincipios.com\/wp-content\/uploads\/2022\/06\/5-1.jpg 1600w\" sizes=\"auto, (max-width: 1024px) 100vw, 1024px\" \/><\/figure>\n\n\n\n<p>Luego, Ferraresi comparti\u00f3 que \u00abuna de las cosas que tenemos que hacer es construir la conciencia de clase\u00bb y dar \u00abla batalla cultural\u00bb. Seguidamente, retom\u00f3 las palabras del ex presidente N\u00e9stor Kirchner: \u00abLo importante no es ganar las elecciones, sino mantener las convicciones\u201d, y enfatiz\u00f3 que \u00ablo importante son las convicciones pero hay que ganar las elecciones con convicci\u00f3n\u00bb.&nbsp;<\/p>\n\n\n\n<p>Por su parte, Hugo Yasky consider\u00f3 que \u201ceste es un d\u00eda muy importante para lxs trabajadorxs\u201d, y llam\u00f3 a \u201cseguir profundizando este proyecto de sacar a este pa\u00eds del pantano en el que nos metieron\u201d. \u201cTenemos que construir una fortaleza que nos permita enfrentar las pol\u00edticas de especulaci\u00f3n financiera\u201d, sigui\u00f3. \u201cSomos parte del Frente de Todos, por eso reivindicamos a Cristina Kirchner como la figura pol\u00edtica argentina m\u00e1s importante de estos \u00faltimos a\u00f1os\u00bb. &nbsp;<\/p>\n\n\n\n<p>Del acto participaron el gobernador bonaerense, Axel Kicillof; el intendente de Avellaneda, Alejo Chornobroff; la jefa de Gabinete, Magdalena Sierra; el presidente del HCD, Hugo Barrueco; lxs jefes comunales de La Matanza, Fernando Espinoza, de Quilmes, Mayra Mendoza, de Ensenada, Mario Secco; los ministros&nbsp;de Cultura, Trist\u00e1n Bauer, y de Defensa, Jorge Taiana;&nbsp;el secretario de Derechos Humanos de La Naci\u00f3n, Horacio&nbsp;Pietragalla; lxs dirigentes sindicalistas Roberto Baradel, Sonia Alessio, Alejandra Dar\u00edn; tambi\u00e9n Daniel Goll\u00e1n, Mariano Recalde, Andr\u00e9s \u00abel Cuervo\u00bb Larroque, Victoria Donda, Itai Hagman, Leopoldo Moreau, Ofelia Fern\u00e1ndez; representantes de la CGT, Pablo Moyano, Sergio Palazzo y V\u00edctor Santamar\u00eda, entre otros.<\/p>\n","protected":false},"excerpt":{"rendered":"<p>La Vicepresidenta particip\u00f3 de un plenario de delegados de la CTA de los Trabajadores, con motivo de la celebraci\u00f3n del D\u00eda de la Bandera.&nbsp; La vicepresidenta de la Naci\u00f3n Cristina Fern\u00e1ndez encabez\u00f3 el plenario de delegados de la Central\u00a0de Trabajadores de la Argentina (CTA) bajo la consigna\u00a0\u00ab20 de Junio. La vigencia de Belgrano. Estado, mercado&#8230;<\/p>\n","protected":false},"author":2,"featured_media":13856,"comment_status":"open","ping_status":"open","sticky":false,"template":"","format":"standard","meta":{"footnotes":""},"categories":[5],"tags":[],"class_list":["post-13852","post","type-post","status-publish","format-standard","has-post-thumbnail","hentry","category-avellaneda"],"featured_image_src":"https:\/\/diarioprincipios.com\/wp-content\/uploads\/2022\/06\/1-3-1024x681.jpg","blog_images":{"medium":"https:\/\/diarioprincipios.com\/wp-content\/uploads\/2022\/06\/1-3-300x199.jpg","large":"https:\/\/diarioprincipios.com\/wp-content\/uploads\/2022\/06\/1-3-1024x681.jpg"},"ams_acf":[],"yoast_head":"<!-- This site is optimized with the Yoast SEO plugin v27.3 - https:\/\/yoast.com\/product\/yoast-seo-wordpress\/ -->\n<title>Cristina Fern\u00e1ndez de Kirchner encabez\u00f3 un acto multitudinario en Avellaneda\u00a0 - Principios<\/title>\n<meta name=\"robots\" content=\"index, follow, max-snippet:-1, max-image-preview:large, max-video-preview:-1\" \/>\n<link rel=\"canonical\" href=\"https:\/\/diarioprincipios.com\/index.php\/2022\/06\/21\/cristina-fernandez-de-kirchner-encabezo-un-acto-multitudinario-en-avellaneda\/\" \/>\n<meta property=\"og:locale\" content=\"es_ES\" \/>\n<meta property=\"og:type\" content=\"article\" \/>\n<meta property=\"og:title\" content=\"Cristina Fern\u00e1ndez de Kirchner encabez\u00f3 un acto multitudinario en Avellaneda\u00a0 - Principios\" \/>\n<meta property=\"og:description\" content=\"La Vicepresidenta particip\u00f3 de un plenario de delegados de la CTA de los Trabajadores, con motivo de la celebraci\u00f3n del D\u00eda de la Bandera.&nbsp; La vicepresidenta de la Naci\u00f3n Cristina Fern\u00e1ndez encabez\u00f3 el plenario de delegados de la Central\u00a0de Trabajadores de la Argentina (CTA) bajo la consigna\u00a0\u00ab20 de Junio. La vigencia de Belgrano. Estado, mercado...\" \/>\n<meta property=\"og:url\" content=\"https:\/\/diarioprincipios.com\/index.php\/2022\/06\/21\/cristina-fernandez-de-kirchner-encabezo-un-acto-multitudinario-en-avellaneda\/\" \/>\n<meta property=\"og:site_name\" content=\"Principios\" \/>\n<meta property=\"article:published_time\" content=\"2022-06-21T16:50:35+00:00\" \/>\n<meta property=\"article:modified_time\" content=\"2022-06-21T16:50:43+00:00\" \/>\n<meta property=\"og:image\" content=\"https:\/\/diarioprincipios.com\/wp-content\/uploads\/2022\/06\/1-3.jpg\" \/>\n\t<meta property=\"og:image:width\" content=\"1080\" \/>\n\t<meta property=\"og:image:height\" content=\"718\" \/>\n\t<meta property=\"og:image:type\" content=\"image\/jpeg\" \/>\n<meta name=\"author\" content=\"Hern\u00e1n L\u00f3pez\" \/>\n<meta name=\"twitter:card\" content=\"summary_large_image\" \/>\n<meta name=\"twitter:label1\" content=\"Escrito por\" \/>\n\t<meta name=\"twitter:data1\" content=\"Hern\u00e1n L\u00f3pez\" \/>\n\t<meta name=\"twitter:label2\" content=\"Tiempo de lectura\" \/>\n\t<meta name=\"twitter:data2\" content=\"4 minutos\" \/>\n<script type=\"application\/ld+json\" class=\"yoast-schema-graph\">{\"@context\":\"https:\\\/\\\/schema.org\",\"@graph\":[{\"@type\":\"Article\",\"@id\":\"https:\\\/\\\/diarioprincipios.com\\\/index.php\\\/2022\\\/06\\\/21\\\/cristina-fernandez-de-kirchner-encabezo-un-acto-multitudinario-en-avellaneda\\\/#article\",\"isPartOf\":{\"@id\":\"https:\\\/\\\/diarioprincipios.com\\\/index.php\\\/2022\\\/06\\\/21\\\/cristina-fernandez-de-kirchner-encabezo-un-acto-multitudinario-en-avellaneda\\\/\"},\"author\":{\"name\":\"Hern\u00e1n L\u00f3pez\",\"@id\":\"https:\\\/\\\/diarioprincipios.com\\\/#\\\/schema\\\/person\\\/436d5a1fd41a5e250e23ff5a6a7cb080\"},\"headline\":\"Cristina Fern\u00e1ndez de Kirchner encabez\u00f3 un acto multitudinario en Avellaneda\u00a0\",\"datePublished\":\"2022-06-21T16:50:35+00:00\",\"dateModified\":\"2022-06-21T16:50:43+00:00\",\"mainEntityOfPage\":{\"@id\":\"https:\\\/\\\/diarioprincipios.com\\\/index.php\\\/2022\\\/06\\\/21\\\/cristina-fernandez-de-kirchner-encabezo-un-acto-multitudinario-en-avellaneda\\\/\"},\"wordCount\":645,\"commentCount\":0,\"publisher\":{\"@id\":\"https:\\\/\\\/diarioprincipios.com\\\/#organization\"},\"image\":{\"@id\":\"https:\\\/\\\/diarioprincipios.com\\\/index.php\\\/2022\\\/06\\\/21\\\/cristina-fernandez-de-kirchner-encabezo-un-acto-multitudinario-en-avellaneda\\\/#primaryimage\"},\"thumbnailUrl\":\"https:\\\/\\\/diarioprincipios.com\\\/wp-content\\\/uploads\\\/2022\\\/06\\\/1-3.jpg\",\"articleSection\":[\"Avellaneda\"],\"inLanguage\":\"es\",\"potentialAction\":[{\"@type\":\"CommentAction\",\"name\":\"Comment\",\"target\":[\"https:\\\/\\\/diarioprincipios.com\\\/index.php\\\/2022\\\/06\\\/21\\\/cristina-fernandez-de-kirchner-encabezo-un-acto-multitudinario-en-avellaneda\\\/#respond\"]}]},{\"@type\":\"WebPage\",\"@id\":\"https:\\\/\\\/diarioprincipios.com\\\/index.php\\\/2022\\\/06\\\/21\\\/cristina-fernandez-de-kirchner-encabezo-un-acto-multitudinario-en-avellaneda\\\/\",\"url\":\"https:\\\/\\\/diarioprincipios.com\\\/index.php\\\/2022\\\/06\\\/21\\\/cristina-fernandez-de-kirchner-encabezo-un-acto-multitudinario-en-avellaneda\\\/\",\"name\":\"Cristina Fern\u00e1ndez de Kirchner encabez\u00f3 un acto multitudinario en Avellaneda\u00a0 - Principios\",\"isPartOf\":{\"@id\":\"https:\\\/\\\/diarioprincipios.com\\\/#website\"},\"primaryImageOfPage\":{\"@id\":\"https:\\\/\\\/diarioprincipios.com\\\/index.php\\\/2022\\\/06\\\/21\\\/cristina-fernandez-de-kirchner-encabezo-un-acto-multitudinario-en-avellaneda\\\/#primaryimage\"},\"image\":{\"@id\":\"https:\\\/\\\/diarioprincipios.com\\\/index.php\\\/2022\\\/06\\\/21\\\/cristina-fernandez-de-kirchner-encabezo-un-acto-multitudinario-en-avellaneda\\\/#primaryimage\"},\"thumbnailUrl\":\"https:\\\/\\\/diarioprincipios.com\\\/wp-content\\\/uploads\\\/2022\\\/06\\\/1-3.jpg\",\"datePublished\":\"2022-06-21T16:50:35+00:00\",\"dateModified\":\"2022-06-21T16:50:43+00:00\",\"breadcrumb\":{\"@id\":\"https:\\\/\\\/diarioprincipios.com\\\/index.php\\\/2022\\\/06\\\/21\\\/cristina-fernandez-de-kirchner-encabezo-un-acto-multitudinario-en-avellaneda\\\/#breadcrumb\"},\"inLanguage\":\"es\",\"potentialAction\":[{\"@type\":\"ReadAction\",\"target\":[\"https:\\\/\\\/diarioprincipios.com\\\/index.php\\\/2022\\\/06\\\/21\\\/cristina-fernandez-de-kirchner-encabezo-un-acto-multitudinario-en-avellaneda\\\/\"]}]},{\"@type\":\"ImageObject\",\"inLanguage\":\"es\",\"@id\":\"https:\\\/\\\/diarioprincipios.com\\\/index.php\\\/2022\\\/06\\\/21\\\/cristina-fernandez-de-kirchner-encabezo-un-acto-multitudinario-en-avellaneda\\\/#primaryimage\",\"url\":\"https:\\\/\\\/diarioprincipios.com\\\/wp-content\\\/uploads\\\/2022\\\/06\\\/1-3.jpg\",\"contentUrl\":\"https:\\\/\\\/diarioprincipios.com\\\/wp-content\\\/uploads\\\/2022\\\/06\\\/1-3.jpg\",\"width\":1080,\"height\":718},{\"@type\":\"BreadcrumbList\",\"@id\":\"https:\\\/\\\/diarioprincipios.com\\\/index.php\\\/2022\\\/06\\\/21\\\/cristina-fernandez-de-kirchner-encabezo-un-acto-multitudinario-en-avellaneda\\\/#breadcrumb\",\"itemListElement\":[{\"@type\":\"ListItem\",\"position\":1,\"name\":\"Portada\",\"item\":\"https:\\\/\\\/diarioprincipios.com\\\/\"},{\"@type\":\"ListItem\",\"position\":2,\"name\":\"Cristina Fern\u00e1ndez de Kirchner encabez\u00f3 un acto multitudinario en Avellaneda\u00a0\"}]},{\"@type\":\"WebSite\",\"@id\":\"https:\\\/\\\/diarioprincipios.com\\\/#website\",\"url\":\"https:\\\/\\\/diarioprincipios.com\\\/\",\"name\":\"Principios\",\"description\":\"Principios Diario\",\"publisher\":{\"@id\":\"https:\\\/\\\/diarioprincipios.com\\\/#organization\"},\"potentialAction\":[{\"@type\":\"SearchAction\",\"target\":{\"@type\":\"EntryPoint\",\"urlTemplate\":\"https:\\\/\\\/diarioprincipios.com\\\/?s={search_term_string}\"},\"query-input\":{\"@type\":\"PropertyValueSpecification\",\"valueRequired\":true,\"valueName\":\"search_term_string\"}}],\"inLanguage\":\"es\"},{\"@type\":\"Organization\",\"@id\":\"https:\\\/\\\/diarioprincipios.com\\\/#organization\",\"name\":\"Principios\",\"url\":\"https:\\\/\\\/diarioprincipios.com\\\/\",\"logo\":{\"@type\":\"ImageObject\",\"inLanguage\":\"es\",\"@id\":\"https:\\\/\\\/diarioprincipios.com\\\/#\\\/schema\\\/logo\\\/image\\\/\",\"url\":\"https:\\\/\\\/diarioprincipios.com\\\/wp-content\\\/uploads\\\/2024\\\/04\\\/cropped-www.diarioprincipios.com_-1.png\",\"contentUrl\":\"https:\\\/\\\/diarioprincipios.com\\\/wp-content\\\/uploads\\\/2024\\\/04\\\/cropped-www.diarioprincipios.com_-1.png\",\"width\":5325,\"height\":1454,\"caption\":\"Principios\"},\"image\":{\"@id\":\"https:\\\/\\\/diarioprincipios.com\\\/#\\\/schema\\\/logo\\\/image\\\/\"}},{\"@type\":\"Person\",\"@id\":\"https:\\\/\\\/diarioprincipios.com\\\/#\\\/schema\\\/person\\\/436d5a1fd41a5e250e23ff5a6a7cb080\",\"name\":\"Hern\u00e1n L\u00f3pez\",\"image\":{\"@type\":\"ImageObject\",\"inLanguage\":\"es\",\"@id\":\"https:\\\/\\\/diarioprincipios.com\\\/wp-content\\\/litespeed\\\/avatar\\\/11ddfe5610ff3bd100522525b2571f48.jpg?ver=1777048341\",\"url\":\"https:\\\/\\\/diarioprincipios.com\\\/wp-content\\\/litespeed\\\/avatar\\\/11ddfe5610ff3bd100522525b2571f48.jpg?ver=1777048341\",\"contentUrl\":\"https:\\\/\\\/diarioprincipios.com\\\/wp-content\\\/litespeed\\\/avatar\\\/11ddfe5610ff3bd100522525b2571f48.jpg?ver=1777048341\",\"caption\":\"Hern\u00e1n L\u00f3pez\"},\"url\":\"https:\\\/\\\/diarioprincipios.com\\\/index.php\\\/author\\\/hernan\\\/\"}]}<\/script>\n<!-- \/ Yoast SEO plugin. -->","yoast_head_json":{"title":"Cristina Fern\u00e1ndez de Kirchner encabez\u00f3 un acto multitudinario en Avellaneda\u00a0 - Principios","robots":{"index":"index","follow":"follow","max-snippet":"max-snippet:-1","max-image-preview":"max-image-preview:large","max-video-preview":"max-video-preview:-1"},"canonical":"https:\/\/diarioprincipios.com\/index.php\/2022\/06\/21\/cristina-fernandez-de-kirchner-encabezo-un-acto-multitudinario-en-avellaneda\/","og_locale":"es_ES","og_type":"article","og_title":"Cristina Fern\u00e1ndez de Kirchner encabez\u00f3 un acto multitudinario en Avellaneda\u00a0 - Principios","og_description":"La Vicepresidenta particip\u00f3 de un plenario de delegados de la CTA de los Trabajadores, con motivo de la celebraci\u00f3n del D\u00eda de la Bandera.&nbsp; La vicepresidenta de la Naci\u00f3n Cristina Fern\u00e1ndez encabez\u00f3 el plenario de delegados de la Central\u00a0de Trabajadores de la Argentina (CTA) bajo la consigna\u00a0\u00ab20 de Junio. La vigencia de Belgrano. Estado, mercado...","og_url":"https:\/\/diarioprincipios.com\/index.php\/2022\/06\/21\/cristina-fernandez-de-kirchner-encabezo-un-acto-multitudinario-en-avellaneda\/","og_site_name":"Principios","article_published_time":"2022-06-21T16:50:35+00:00","article_modified_time":"2022-06-21T16:50:43+00:00","og_image":[{"width":1080,"height":718,"url":"https:\/\/diarioprincipios.com\/wp-content\/uploads\/2022\/06\/1-3.jpg","type":"image\/jpeg"}],"author":"Hern\u00e1n L\u00f3pez","twitter_card":"summary_large_image","twitter_misc":{"Escrito por":"Hern\u00e1n L\u00f3pez","Tiempo de lectura":"4 minutos"},"schema":{"@context":"https:\/\/schema.org","@graph":[{"@type":"Article","@id":"https:\/\/diarioprincipios.com\/index.php\/2022\/06\/21\/cristina-fernandez-de-kirchner-encabezo-un-acto-multitudinario-en-avellaneda\/#article","isPartOf":{"@id":"https:\/\/diarioprincipios.com\/index.php\/2022\/06\/21\/cristina-fernandez-de-kirchner-encabezo-un-acto-multitudinario-en-avellaneda\/"},"author":{"name":"Hern\u00e1n L\u00f3pez","@id":"https:\/\/diarioprincipios.com\/#\/schema\/person\/436d5a1fd41a5e250e23ff5a6a7cb080"},"headline":"Cristina Fern\u00e1ndez de Kirchner encabez\u00f3 un acto multitudinario en Avellaneda\u00a0","datePublished":"2022-06-21T16:50:35+00:00","dateModified":"2022-06-21T16:50:43+00:00","mainEntityOfPage":{"@id":"https:\/\/diarioprincipios.com\/index.php\/2022\/06\/21\/cristina-fernandez-de-kirchner-encabezo-un-acto-multitudinario-en-avellaneda\/"},"wordCount":645,"commentCount":0,"publisher":{"@id":"https:\/\/diarioprincipios.com\/#organization"},"image":{"@id":"https:\/\/diarioprincipios.com\/index.php\/2022\/06\/21\/cristina-fernandez-de-kirchner-encabezo-un-acto-multitudinario-en-avellaneda\/#primaryimage"},"thumbnailUrl":"https:\/\/diarioprincipios.com\/wp-content\/uploads\/2022\/06\/1-3.jpg","articleSection":["Avellaneda"],"inLanguage":"es","potentialAction":[{"@type":"CommentAction","name":"Comment","target":["https:\/\/diarioprincipios.com\/index.php\/2022\/06\/21\/cristina-fernandez-de-kirchner-encabezo-un-acto-multitudinario-en-avellaneda\/#respond"]}]},{"@type":"WebPage","@id":"https:\/\/diarioprincipios.com\/index.php\/2022\/06\/21\/cristina-fernandez-de-kirchner-encabezo-un-acto-multitudinario-en-avellaneda\/","url":"https:\/\/diarioprincipios.com\/index.php\/2022\/06\/21\/cristina-fernandez-de-kirchner-encabezo-un-acto-multitudinario-en-avellaneda\/","name":"Cristina Fern\u00e1ndez de Kirchner encabez\u00f3 un acto multitudinario en Avellaneda\u00a0 - Principios","isPartOf":{"@id":"https:\/\/diarioprincipios.com\/#website"},"primaryImageOfPage":{"@id":"https:\/\/diarioprincipios.com\/index.php\/2022\/06\/21\/cristina-fernandez-de-kirchner-encabezo-un-acto-multitudinario-en-avellaneda\/#primaryimage"},"image":{"@id":"https:\/\/diarioprincipios.com\/index.php\/2022\/06\/21\/cristina-fernandez-de-kirchner-encabezo-un-acto-multitudinario-en-avellaneda\/#primaryimage"},"thumbnailUrl":"https:\/\/diarioprincipios.com\/wp-content\/uploads\/2022\/06\/1-3.jpg","datePublished":"2022-06-21T16:50:35+00:00","dateModified":"2022-06-21T16:50:43+00:00","breadcrumb":{"@id":"https:\/\/diarioprincipios.com\/index.php\/2022\/06\/21\/cristina-fernandez-de-kirchner-encabezo-un-acto-multitudinario-en-avellaneda\/#breadcrumb"},"inLanguage":"es","potentialAction":[{"@type":"ReadAction","target":["https:\/\/diarioprincipios.com\/index.php\/2022\/06\/21\/cristina-fernandez-de-kirchner-encabezo-un-acto-multitudinario-en-avellaneda\/"]}]},{"@type":"ImageObject","inLanguage":"es","@id":"https:\/\/diarioprincipios.com\/index.php\/2022\/06\/21\/cristina-fernandez-de-kirchner-encabezo-un-acto-multitudinario-en-avellaneda\/#primaryimage","url":"https:\/\/diarioprincipios.com\/wp-content\/uploads\/2022\/06\/1-3.jpg","contentUrl":"https:\/\/diarioprincipios.com\/wp-content\/uploads\/2022\/06\/1-3.jpg","width":1080,"height":718},{"@type":"BreadcrumbList","@id":"https:\/\/diarioprincipios.com\/index.php\/2022\/06\/21\/cristina-fernandez-de-kirchner-encabezo-un-acto-multitudinario-en-avellaneda\/#breadcrumb","itemListElement":[{"@type":"ListItem","position":1,"name":"Portada","item":"https:\/\/diarioprincipios.com\/"},{"@type":"ListItem","position":2,"name":"Cristina Fern\u00e1ndez de Kirchner encabez\u00f3 un acto multitudinario en Avellaneda\u00a0"}]},{"@type":"WebSite","@id":"https:\/\/diarioprincipios.com\/#website","url":"https:\/\/diarioprincipios.com\/","name":"Principios","description":"Principios Diario","publisher":{"@id":"https:\/\/diarioprincipios.com\/#organization"},"potentialAction":[{"@type":"SearchAction","target":{"@type":"EntryPoint","urlTemplate":"https:\/\/diarioprincipios.com\/?s={search_term_string}"},"query-input":{"@type":"PropertyValueSpecification","valueRequired":true,"valueName":"search_term_string"}}],"inLanguage":"es"},{"@type":"Organization","@id":"https:\/\/diarioprincipios.com\/#organization","name":"Principios","url":"https:\/\/diarioprincipios.com\/","logo":{"@type":"ImageObject","inLanguage":"es","@id":"https:\/\/diarioprincipios.com\/#\/schema\/logo\/image\/","url":"https:\/\/diarioprincipios.com\/wp-content\/uploads\/2024\/04\/cropped-www.diarioprincipios.com_-1.png","contentUrl":"https:\/\/diarioprincipios.com\/wp-content\/uploads\/2024\/04\/cropped-www.diarioprincipios.com_-1.png","width":5325,"height":1454,"caption":"Principios"},"image":{"@id":"https:\/\/diarioprincipios.com\/#\/schema\/logo\/image\/"}},{"@type":"Person","@id":"https:\/\/diarioprincipios.com\/#\/schema\/person\/436d5a1fd41a5e250e23ff5a6a7cb080","name":"Hern\u00e1n L\u00f3pez","image":{"@type":"ImageObject","inLanguage":"es","@id":"https:\/\/diarioprincipios.com\/wp-content\/litespeed\/avatar\/11ddfe5610ff3bd100522525b2571f48.jpg?ver=1777048341","url":"https:\/\/diarioprincipios.com\/wp-content\/litespeed\/avatar\/11ddfe5610ff3bd100522525b2571f48.jpg?ver=1777048341","contentUrl":"https:\/\/diarioprincipios.com\/wp-content\/litespeed\/avatar\/11ddfe5610ff3bd100522525b2571f48.jpg?ver=1777048341","caption":"Hern\u00e1n L\u00f3pez"},"url":"https:\/\/diarioprincipios.com\/index.php\/author\/hernan\/"}]}},"jetpack_featured_media_url":"https:\/\/diarioprincipios.com\/wp-content\/uploads\/2022\/06\/1-3.jpg","_links":{"self":[{"href":"https:\/\/diarioprincipios.com\/index.php\/wp-json\/wp\/v2\/posts\/13852","targetHints":{"allow":["GET"]}}],"collection":[{"href":"https:\/\/diarioprincipios.com\/index.php\/wp-json\/wp\/v2\/posts"}],"about":[{"href":"https:\/\/diarioprincipios.com\/index.php\/wp-json\/wp\/v2\/types\/post"}],"author":[{"embeddable":true,"href":"https:\/\/diarioprincipios.com\/index.php\/wp-json\/wp\/v2\/users\/2"}],"replies":[{"embeddable":true,"href":"https:\/\/diarioprincipios.com\/index.php\/wp-json\/wp\/v2\/comments?post=13852"}],"version-history":[{"count":1,"href":"https:\/\/diarioprincipios.com\/index.php\/wp-json\/wp\/v2\/posts\/13852\/revisions"}],"predecessor-version":[{"id":13857,"href":"https:\/\/diarioprincipios.com\/index.php\/wp-json\/wp\/v2\/posts\/13852\/revisions\/13857"}],"wp:featuredmedia":[{"embeddable":true,"href":"https:\/\/diarioprincipios.com\/index.php\/wp-json\/wp\/v2\/media\/13856"}],"wp:attachment":[{"href":"https:\/\/diarioprincipios.com\/index.php\/wp-json\/wp\/v2\/media?parent=13852"}],"wp:term":[{"taxonomy":"category","embeddable":true,"href":"https:\/\/diarioprincipios.com\/index.php\/wp-json\/wp\/v2\/categories?post=13852"},{"taxonomy":"post_tag","embeddable":true,"href":"https:\/\/diarioprincipios.com\/index.php\/wp-json\/wp\/v2\/tags?post=13852"}],"curies":[{"name":"wp","href":"https:\/\/api.w.org\/{rel}","templated":true}]}}