{"id":13847,"date":"2022-06-18T20:18:53","date_gmt":"2022-06-18T23:18:53","guid":{"rendered":"http:\/\/diarioprincipios.com\/?p=13847"},"modified":"2022-06-18T20:18:59","modified_gmt":"2022-06-18T23:18:59","slug":"avanza-la-puesta-en-valor-de-la-cisterna-del-parque-pereyra","status":"publish","type":"post","link":"https:\/\/diarioprincipios.com\/index.php\/2022\/06\/18\/avanza-la-puesta-en-valor-de-la-cisterna-del-parque-pereyra\/","title":{"rendered":"Avanza la puesta en valor de la cisterna del Parque Pereyra"},"content":{"rendered":"\n<p><strong>Se encuentra en la etapa inicial la puesta en valor de la cisterna de bombeo de agua ubicada en el Parque Pereyra. Se renovar\u00e1n todas las bombas, motores el\u00e9ctricos y tableros de control de la llegada y distribuci\u00f3n del agua del acueducto.<br><\/strong><br>La obra, gestionada por el intendente Juan Jos\u00e9 Mussi, es financiada por el Gobierno nacional -a trav\u00e9s del Ente Nacional de Obras H\u00eddricas de Saneamiento (ENOHSA)- y tiene como objetivo mejorar la distribuci\u00f3n de agua en los barrios.<\/p>\n\n\n\n<p>Al respecto, Sergio Faccenda -secretario de Servicios P\u00fablicos del Municipio- afirm\u00f3: \u201cEstamos renovando todas las instalaciones, del tanque en altura como as\u00ed tambi\u00e9n de la cisterna general y las ca\u00f1er\u00edas de salida de la estaci\u00f3n. La obra se encuentra en los inicios\u201d.<\/p>\n\n\n\n<p>\u00abDe esta manera -continu\u00f3 el funcionario- planificamos la restauraci\u00f3n y refuncionalizaci\u00f3n del tanque, que era uno de los elementos de la cisterna que responde al acueducto Pereyra y que estaba fuera de servicio\u201d. &nbsp; &nbsp; &nbsp; &nbsp; &nbsp; &nbsp; &nbsp; &nbsp; &nbsp; &nbsp; &nbsp; &nbsp; &nbsp; &nbsp; &nbsp; &nbsp; &nbsp; &nbsp; &nbsp; &nbsp;<\/p>\n\n\n\n<p>Asimismo, Faccenda explic\u00f3: \u201cHoy estamos haciendo una interconexi\u00f3n entre los acueductos de El Pato y Pereyra, lo que permitir\u00e1 distribuir el agua en funci\u00f3n de la demanda\u201d.<\/p>\n\n\n\n<p>Desde la cisterna de bombeo del Parque Pereyra parte el agua hacia la ciudad. A trav\u00e9s de plantas de rebombeo se llega a cada hogar de Berazategui. Actualmente, con esta cisterna se expenden m\u00e1s de 1 mill\u00f3n 300 mil litros de agua por hora y eso permite balancear la distribuci\u00f3n en funci\u00f3n de la demanda de los acueductos<\/p>\n","protected":false},"excerpt":{"rendered":"<p>Se encuentra en la etapa inicial la puesta en valor de la cisterna de bombeo de agua ubicada en el Parque Pereyra. Se renovar\u00e1n todas las bombas, motores el\u00e9ctricos y tableros de control de la llegada y distribuci\u00f3n del agua del acueducto.La obra, gestionada por el intendente Juan Jos\u00e9 Mussi, es financiada por el Gobierno&#8230;<\/p>\n","protected":false},"author":2,"featured_media":13848,"comment_status":"open","ping_status":"open","sticky":false,"template":"","format":"standard","meta":{"footnotes":""},"categories":[3],"tags":[],"class_list":["post-13847","post","type-post","status-publish","format-standard","has-post-thumbnail","hentry","category-berazategui"],"featured_image_src":"https:\/\/diarioprincipios.com\/wp-content\/uploads\/2022\/06\/AVANZA-LA-PUESTA-EN-VALOR-DE-LA-CISTERNA-DE-PARQUE-PEREYRA1-1-1024x682.jpg","blog_images":{"medium":"https:\/\/diarioprincipios.com\/wp-content\/uploads\/2022\/06\/AVANZA-LA-PUESTA-EN-VALOR-DE-LA-CISTERNA-DE-PARQUE-PEREYRA1-1-300x200.jpg","large":"https:\/\/diarioprincipios.com\/wp-content\/uploads\/2022\/06\/AVANZA-LA-PUESTA-EN-VALOR-DE-LA-CISTERNA-DE-PARQUE-PEREYRA1-1-1024x682.jpg"},"ams_acf":[],"yoast_head":"<!-- This site is optimized with the Yoast SEO plugin v27.3 - https:\/\/yoast.com\/product\/yoast-seo-wordpress\/ -->\n<title>Avanza la puesta en valor de la cisterna del Parque Pereyra - Principios<\/title>\n<meta name=\"robots\" content=\"index, follow, max-snippet:-1, max-image-preview:large, max-video-preview:-1\" \/>\n<link rel=\"canonical\" href=\"https:\/\/diarioprincipios.com\/index.php\/2022\/06\/18\/avanza-la-puesta-en-valor-de-la-cisterna-del-parque-pereyra\/\" \/>\n<meta property=\"og:locale\" content=\"es_ES\" \/>\n<meta property=\"og:type\" content=\"article\" \/>\n<meta property=\"og:title\" content=\"Avanza la puesta en valor de la cisterna del Parque Pereyra - Principios\" \/>\n<meta property=\"og:description\" content=\"Se encuentra en la etapa inicial la puesta en valor de la cisterna de bombeo de agua ubicada en el Parque Pereyra. Se renovar\u00e1n todas las bombas, motores el\u00e9ctricos y tableros de control de la llegada y distribuci\u00f3n del agua del acueducto.La obra, gestionada por el intendente Juan Jos\u00e9 Mussi, es financiada por el Gobierno...\" \/>\n<meta property=\"og:url\" content=\"https:\/\/diarioprincipios.com\/index.php\/2022\/06\/18\/avanza-la-puesta-en-valor-de-la-cisterna-del-parque-pereyra\/\" \/>\n<meta property=\"og:site_name\" content=\"Principios\" \/>\n<meta property=\"article:published_time\" content=\"2022-06-18T23:18:53+00:00\" \/>\n<meta property=\"article:modified_time\" content=\"2022-06-18T23:18:59+00:00\" \/>\n<meta property=\"og:image\" content=\"https:\/\/diarioprincipios.com\/wp-content\/uploads\/2022\/06\/AVANZA-LA-PUESTA-EN-VALOR-DE-LA-CISTERNA-DE-PARQUE-PEREYRA1-1.jpg\" \/>\n\t<meta property=\"og:image:width\" content=\"1280\" \/>\n\t<meta property=\"og:image:height\" content=\"853\" \/>\n\t<meta property=\"og:image:type\" content=\"image\/jpeg\" \/>\n<meta name=\"author\" content=\"Hern\u00e1n L\u00f3pez\" \/>\n<meta name=\"twitter:card\" content=\"summary_large_image\" \/>\n<meta name=\"twitter:label1\" content=\"Escrito por\" \/>\n\t<meta name=\"twitter:data1\" content=\"Hern\u00e1n L\u00f3pez\" \/>\n\t<meta name=\"twitter:label2\" content=\"Tiempo de lectura\" \/>\n\t<meta name=\"twitter:data2\" content=\"2 minutos\" \/>\n<script type=\"application\/ld+json\" class=\"yoast-schema-graph\">{\"@context\":\"https:\\\/\\\/schema.org\",\"@graph\":[{\"@type\":\"Article\",\"@id\":\"https:\\\/\\\/diarioprincipios.com\\\/index.php\\\/2022\\\/06\\\/18\\\/avanza-la-puesta-en-valor-de-la-cisterna-del-parque-pereyra\\\/#article\",\"isPartOf\":{\"@id\":\"https:\\\/\\\/diarioprincipios.com\\\/index.php\\\/2022\\\/06\\\/18\\\/avanza-la-puesta-en-valor-de-la-cisterna-del-parque-pereyra\\\/\"},\"author\":{\"name\":\"Hern\u00e1n L\u00f3pez\",\"@id\":\"https:\\\/\\\/diarioprincipios.com\\\/#\\\/schema\\\/person\\\/436d5a1fd41a5e250e23ff5a6a7cb080\"},\"headline\":\"Avanza la puesta en valor de la cisterna del Parque Pereyra\",\"datePublished\":\"2022-06-18T23:18:53+00:00\",\"dateModified\":\"2022-06-18T23:18:59+00:00\",\"mainEntityOfPage\":{\"@id\":\"https:\\\/\\\/diarioprincipios.com\\\/index.php\\\/2022\\\/06\\\/18\\\/avanza-la-puesta-en-valor-de-la-cisterna-del-parque-pereyra\\\/\"},\"wordCount\":290,\"commentCount\":0,\"publisher\":{\"@id\":\"https:\\\/\\\/diarioprincipios.com\\\/#organization\"},\"image\":{\"@id\":\"https:\\\/\\\/diarioprincipios.com\\\/index.php\\\/2022\\\/06\\\/18\\\/avanza-la-puesta-en-valor-de-la-cisterna-del-parque-pereyra\\\/#primaryimage\"},\"thumbnailUrl\":\"https:\\\/\\\/diarioprincipios.com\\\/wp-content\\\/uploads\\\/2022\\\/06\\\/AVANZA-LA-PUESTA-EN-VALOR-DE-LA-CISTERNA-DE-PARQUE-PEREYRA1-1.jpg\",\"articleSection\":[\"Berazategui\"],\"inLanguage\":\"es\",\"potentialAction\":[{\"@type\":\"CommentAction\",\"name\":\"Comment\",\"target\":[\"https:\\\/\\\/diarioprincipios.com\\\/index.php\\\/2022\\\/06\\\/18\\\/avanza-la-puesta-en-valor-de-la-cisterna-del-parque-pereyra\\\/#respond\"]}]},{\"@type\":\"WebPage\",\"@id\":\"https:\\\/\\\/diarioprincipios.com\\\/index.php\\\/2022\\\/06\\\/18\\\/avanza-la-puesta-en-valor-de-la-cisterna-del-parque-pereyra\\\/\",\"url\":\"https:\\\/\\\/diarioprincipios.com\\\/index.php\\\/2022\\\/06\\\/18\\\/avanza-la-puesta-en-valor-de-la-cisterna-del-parque-pereyra\\\/\",\"name\":\"Avanza la puesta en valor de la cisterna del Parque Pereyra - Principios\",\"isPartOf\":{\"@id\":\"https:\\\/\\\/diarioprincipios.com\\\/#website\"},\"primaryImageOfPage\":{\"@id\":\"https:\\\/\\\/diarioprincipios.com\\\/index.php\\\/2022\\\/06\\\/18\\\/avanza-la-puesta-en-valor-de-la-cisterna-del-parque-pereyra\\\/#primaryimage\"},\"image\":{\"@id\":\"https:\\\/\\\/diarioprincipios.com\\\/index.php\\\/2022\\\/06\\\/18\\\/avanza-la-puesta-en-valor-de-la-cisterna-del-parque-pereyra\\\/#primaryimage\"},\"thumbnailUrl\":\"https:\\\/\\\/diarioprincipios.com\\\/wp-content\\\/uploads\\\/2022\\\/06\\\/AVANZA-LA-PUESTA-EN-VALOR-DE-LA-CISTERNA-DE-PARQUE-PEREYRA1-1.jpg\",\"datePublished\":\"2022-06-18T23:18:53+00:00\",\"dateModified\":\"2022-06-18T23:18:59+00:00\",\"breadcrumb\":{\"@id\":\"https:\\\/\\\/diarioprincipios.com\\\/index.php\\\/2022\\\/06\\\/18\\\/avanza-la-puesta-en-valor-de-la-cisterna-del-parque-pereyra\\\/#breadcrumb\"},\"inLanguage\":\"es\",\"potentialAction\":[{\"@type\":\"ReadAction\",\"target\":[\"https:\\\/\\\/diarioprincipios.com\\\/index.php\\\/2022\\\/06\\\/18\\\/avanza-la-puesta-en-valor-de-la-cisterna-del-parque-pereyra\\\/\"]}]},{\"@type\":\"ImageObject\",\"inLanguage\":\"es\",\"@id\":\"https:\\\/\\\/diarioprincipios.com\\\/index.php\\\/2022\\\/06\\\/18\\\/avanza-la-puesta-en-valor-de-la-cisterna-del-parque-pereyra\\\/#primaryimage\",\"url\":\"https:\\\/\\\/diarioprincipios.com\\\/wp-content\\\/uploads\\\/2022\\\/06\\\/AVANZA-LA-PUESTA-EN-VALOR-DE-LA-CISTERNA-DE-PARQUE-PEREYRA1-1.jpg\",\"contentUrl\":\"https:\\\/\\\/diarioprincipios.com\\\/wp-content\\\/uploads\\\/2022\\\/06\\\/AVANZA-LA-PUESTA-EN-VALOR-DE-LA-CISTERNA-DE-PARQUE-PEREYRA1-1.jpg\",\"width\":1280,\"height\":853},{\"@type\":\"BreadcrumbList\",\"@id\":\"https:\\\/\\\/diarioprincipios.com\\\/index.php\\\/2022\\\/06\\\/18\\\/avanza-la-puesta-en-valor-de-la-cisterna-del-parque-pereyra\\\/#breadcrumb\",\"itemListElement\":[{\"@type\":\"ListItem\",\"position\":1,\"name\":\"Portada\",\"item\":\"https:\\\/\\\/diarioprincipios.com\\\/\"},{\"@type\":\"ListItem\",\"position\":2,\"name\":\"Avanza la puesta en valor de la cisterna del Parque Pereyra\"}]},{\"@type\":\"WebSite\",\"@id\":\"https:\\\/\\\/diarioprincipios.com\\\/#website\",\"url\":\"https:\\\/\\\/diarioprincipios.com\\\/\",\"name\":\"Principios\",\"description\":\"Principios Diario\",\"publisher\":{\"@id\":\"https:\\\/\\\/diarioprincipios.com\\\/#organization\"},\"potentialAction\":[{\"@type\":\"SearchAction\",\"target\":{\"@type\":\"EntryPoint\",\"urlTemplate\":\"https:\\\/\\\/diarioprincipios.com\\\/?s={search_term_string}\"},\"query-input\":{\"@type\":\"PropertyValueSpecification\",\"valueRequired\":true,\"valueName\":\"search_term_string\"}}],\"inLanguage\":\"es\"},{\"@type\":\"Organization\",\"@id\":\"https:\\\/\\\/diarioprincipios.com\\\/#organization\",\"name\":\"Principios\",\"url\":\"https:\\\/\\\/diarioprincipios.com\\\/\",\"logo\":{\"@type\":\"ImageObject\",\"inLanguage\":\"es\",\"@id\":\"https:\\\/\\\/diarioprincipios.com\\\/#\\\/schema\\\/logo\\\/image\\\/\",\"url\":\"https:\\\/\\\/diarioprincipios.com\\\/wp-content\\\/uploads\\\/2024\\\/04\\\/cropped-www.diarioprincipios.com_-1.png\",\"contentUrl\":\"https:\\\/\\\/diarioprincipios.com\\\/wp-content\\\/uploads\\\/2024\\\/04\\\/cropped-www.diarioprincipios.com_-1.png\",\"width\":5325,\"height\":1454,\"caption\":\"Principios\"},\"image\":{\"@id\":\"https:\\\/\\\/diarioprincipios.com\\\/#\\\/schema\\\/logo\\\/image\\\/\"}},{\"@type\":\"Person\",\"@id\":\"https:\\\/\\\/diarioprincipios.com\\\/#\\\/schema\\\/person\\\/436d5a1fd41a5e250e23ff5a6a7cb080\",\"name\":\"Hern\u00e1n L\u00f3pez\",\"image\":{\"@type\":\"ImageObject\",\"inLanguage\":\"es\",\"@id\":\"https:\\\/\\\/diarioprincipios.com\\\/wp-content\\\/litespeed\\\/avatar\\\/11ddfe5610ff3bd100522525b2571f48.jpg?ver=1777048341\",\"url\":\"https:\\\/\\\/diarioprincipios.com\\\/wp-content\\\/litespeed\\\/avatar\\\/11ddfe5610ff3bd100522525b2571f48.jpg?ver=1777048341\",\"contentUrl\":\"https:\\\/\\\/diarioprincipios.com\\\/wp-content\\\/litespeed\\\/avatar\\\/11ddfe5610ff3bd100522525b2571f48.jpg?ver=1777048341\",\"caption\":\"Hern\u00e1n L\u00f3pez\"},\"url\":\"https:\\\/\\\/diarioprincipios.com\\\/index.php\\\/author\\\/hernan\\\/\"}]}<\/script>\n<!-- \/ Yoast SEO plugin. -->","yoast_head_json":{"title":"Avanza la puesta en valor de la cisterna del Parque Pereyra - Principios","robots":{"index":"index","follow":"follow","max-snippet":"max-snippet:-1","max-image-preview":"max-image-preview:large","max-video-preview":"max-video-preview:-1"},"canonical":"https:\/\/diarioprincipios.com\/index.php\/2022\/06\/18\/avanza-la-puesta-en-valor-de-la-cisterna-del-parque-pereyra\/","og_locale":"es_ES","og_type":"article","og_title":"Avanza la puesta en valor de la cisterna del Parque Pereyra - Principios","og_description":"Se encuentra en la etapa inicial la puesta en valor de la cisterna de bombeo de agua ubicada en el Parque Pereyra. Se renovar\u00e1n todas las bombas, motores el\u00e9ctricos y tableros de control de la llegada y distribuci\u00f3n del agua del acueducto.La obra, gestionada por el intendente Juan Jos\u00e9 Mussi, es financiada por el Gobierno...","og_url":"https:\/\/diarioprincipios.com\/index.php\/2022\/06\/18\/avanza-la-puesta-en-valor-de-la-cisterna-del-parque-pereyra\/","og_site_name":"Principios","article_published_time":"2022-06-18T23:18:53+00:00","article_modified_time":"2022-06-18T23:18:59+00:00","og_image":[{"width":1280,"height":853,"url":"https:\/\/diarioprincipios.com\/wp-content\/uploads\/2022\/06\/AVANZA-LA-PUESTA-EN-VALOR-DE-LA-CISTERNA-DE-PARQUE-PEREYRA1-1.jpg","type":"image\/jpeg"}],"author":"Hern\u00e1n L\u00f3pez","twitter_card":"summary_large_image","twitter_misc":{"Escrito por":"Hern\u00e1n L\u00f3pez","Tiempo de lectura":"2 minutos"},"schema":{"@context":"https:\/\/schema.org","@graph":[{"@type":"Article","@id":"https:\/\/diarioprincipios.com\/index.php\/2022\/06\/18\/avanza-la-puesta-en-valor-de-la-cisterna-del-parque-pereyra\/#article","isPartOf":{"@id":"https:\/\/diarioprincipios.com\/index.php\/2022\/06\/18\/avanza-la-puesta-en-valor-de-la-cisterna-del-parque-pereyra\/"},"author":{"name":"Hern\u00e1n L\u00f3pez","@id":"https:\/\/diarioprincipios.com\/#\/schema\/person\/436d5a1fd41a5e250e23ff5a6a7cb080"},"headline":"Avanza la puesta en valor de la cisterna del Parque Pereyra","datePublished":"2022-06-18T23:18:53+00:00","dateModified":"2022-06-18T23:18:59+00:00","mainEntityOfPage":{"@id":"https:\/\/diarioprincipios.com\/index.php\/2022\/06\/18\/avanza-la-puesta-en-valor-de-la-cisterna-del-parque-pereyra\/"},"wordCount":290,"commentCount":0,"publisher":{"@id":"https:\/\/diarioprincipios.com\/#organization"},"image":{"@id":"https:\/\/diarioprincipios.com\/index.php\/2022\/06\/18\/avanza-la-puesta-en-valor-de-la-cisterna-del-parque-pereyra\/#primaryimage"},"thumbnailUrl":"https:\/\/diarioprincipios.com\/wp-content\/uploads\/2022\/06\/AVANZA-LA-PUESTA-EN-VALOR-DE-LA-CISTERNA-DE-PARQUE-PEREYRA1-1.jpg","articleSection":["Berazategui"],"inLanguage":"es","potentialAction":[{"@type":"CommentAction","name":"Comment","target":["https:\/\/diarioprincipios.com\/index.php\/2022\/06\/18\/avanza-la-puesta-en-valor-de-la-cisterna-del-parque-pereyra\/#respond"]}]},{"@type":"WebPage","@id":"https:\/\/diarioprincipios.com\/index.php\/2022\/06\/18\/avanza-la-puesta-en-valor-de-la-cisterna-del-parque-pereyra\/","url":"https:\/\/diarioprincipios.com\/index.php\/2022\/06\/18\/avanza-la-puesta-en-valor-de-la-cisterna-del-parque-pereyra\/","name":"Avanza la puesta en valor de la cisterna del Parque Pereyra - Principios","isPartOf":{"@id":"https:\/\/diarioprincipios.com\/#website"},"primaryImageOfPage":{"@id":"https:\/\/diarioprincipios.com\/index.php\/2022\/06\/18\/avanza-la-puesta-en-valor-de-la-cisterna-del-parque-pereyra\/#primaryimage"},"image":{"@id":"https:\/\/diarioprincipios.com\/index.php\/2022\/06\/18\/avanza-la-puesta-en-valor-de-la-cisterna-del-parque-pereyra\/#primaryimage"},"thumbnailUrl":"https:\/\/diarioprincipios.com\/wp-content\/uploads\/2022\/06\/AVANZA-LA-PUESTA-EN-VALOR-DE-LA-CISTERNA-DE-PARQUE-PEREYRA1-1.jpg","datePublished":"2022-06-18T23:18:53+00:00","dateModified":"2022-06-18T23:18:59+00:00","breadcrumb":{"@id":"https:\/\/diarioprincipios.com\/index.php\/2022\/06\/18\/avanza-la-puesta-en-valor-de-la-cisterna-del-parque-pereyra\/#breadcrumb"},"inLanguage":"es","potentialAction":[{"@type":"ReadAction","target":["https:\/\/diarioprincipios.com\/index.php\/2022\/06\/18\/avanza-la-puesta-en-valor-de-la-cisterna-del-parque-pereyra\/"]}]},{"@type":"ImageObject","inLanguage":"es","@id":"https:\/\/diarioprincipios.com\/index.php\/2022\/06\/18\/avanza-la-puesta-en-valor-de-la-cisterna-del-parque-pereyra\/#primaryimage","url":"https:\/\/diarioprincipios.com\/wp-content\/uploads\/2022\/06\/AVANZA-LA-PUESTA-EN-VALOR-DE-LA-CISTERNA-DE-PARQUE-PEREYRA1-1.jpg","contentUrl":"https:\/\/diarioprincipios.com\/wp-content\/uploads\/2022\/06\/AVANZA-LA-PUESTA-EN-VALOR-DE-LA-CISTERNA-DE-PARQUE-PEREYRA1-1.jpg","width":1280,"height":853},{"@type":"BreadcrumbList","@id":"https:\/\/diarioprincipios.com\/index.php\/2022\/06\/18\/avanza-la-puesta-en-valor-de-la-cisterna-del-parque-pereyra\/#breadcrumb","itemListElement":[{"@type":"ListItem","position":1,"name":"Portada","item":"https:\/\/diarioprincipios.com\/"},{"@type":"ListItem","position":2,"name":"Avanza la puesta en valor de la cisterna del Parque Pereyra"}]},{"@type":"WebSite","@id":"https:\/\/diarioprincipios.com\/#website","url":"https:\/\/diarioprincipios.com\/","name":"Principios","description":"Principios Diario","publisher":{"@id":"https:\/\/diarioprincipios.com\/#organization"},"potentialAction":[{"@type":"SearchAction","target":{"@type":"EntryPoint","urlTemplate":"https:\/\/diarioprincipios.com\/?s={search_term_string}"},"query-input":{"@type":"PropertyValueSpecification","valueRequired":true,"valueName":"search_term_string"}}],"inLanguage":"es"},{"@type":"Organization","@id":"https:\/\/diarioprincipios.com\/#organization","name":"Principios","url":"https:\/\/diarioprincipios.com\/","logo":{"@type":"ImageObject","inLanguage":"es","@id":"https:\/\/diarioprincipios.com\/#\/schema\/logo\/image\/","url":"https:\/\/diarioprincipios.com\/wp-content\/uploads\/2024\/04\/cropped-www.diarioprincipios.com_-1.png","contentUrl":"https:\/\/diarioprincipios.com\/wp-content\/uploads\/2024\/04\/cropped-www.diarioprincipios.com_-1.png","width":5325,"height":1454,"caption":"Principios"},"image":{"@id":"https:\/\/diarioprincipios.com\/#\/schema\/logo\/image\/"}},{"@type":"Person","@id":"https:\/\/diarioprincipios.com\/#\/schema\/person\/436d5a1fd41a5e250e23ff5a6a7cb080","name":"Hern\u00e1n L\u00f3pez","image":{"@type":"ImageObject","inLanguage":"es","@id":"https:\/\/diarioprincipios.com\/wp-content\/litespeed\/avatar\/11ddfe5610ff3bd100522525b2571f48.jpg?ver=1777048341","url":"https:\/\/diarioprincipios.com\/wp-content\/litespeed\/avatar\/11ddfe5610ff3bd100522525b2571f48.jpg?ver=1777048341","contentUrl":"https:\/\/diarioprincipios.com\/wp-content\/litespeed\/avatar\/11ddfe5610ff3bd100522525b2571f48.jpg?ver=1777048341","caption":"Hern\u00e1n L\u00f3pez"},"url":"https:\/\/diarioprincipios.com\/index.php\/author\/hernan\/"}]}},"jetpack_featured_media_url":"https:\/\/diarioprincipios.com\/wp-content\/uploads\/2022\/06\/AVANZA-LA-PUESTA-EN-VALOR-DE-LA-CISTERNA-DE-PARQUE-PEREYRA1-1.jpg","_links":{"self":[{"href":"https:\/\/diarioprincipios.com\/index.php\/wp-json\/wp\/v2\/posts\/13847","targetHints":{"allow":["GET"]}}],"collection":[{"href":"https:\/\/diarioprincipios.com\/index.php\/wp-json\/wp\/v2\/posts"}],"about":[{"href":"https:\/\/diarioprincipios.com\/index.php\/wp-json\/wp\/v2\/types\/post"}],"author":[{"embeddable":true,"href":"https:\/\/diarioprincipios.com\/index.php\/wp-json\/wp\/v2\/users\/2"}],"replies":[{"embeddable":true,"href":"https:\/\/diarioprincipios.com\/index.php\/wp-json\/wp\/v2\/comments?post=13847"}],"version-history":[{"count":1,"href":"https:\/\/diarioprincipios.com\/index.php\/wp-json\/wp\/v2\/posts\/13847\/revisions"}],"predecessor-version":[{"id":13849,"href":"https:\/\/diarioprincipios.com\/index.php\/wp-json\/wp\/v2\/posts\/13847\/revisions\/13849"}],"wp:featuredmedia":[{"embeddable":true,"href":"https:\/\/diarioprincipios.com\/index.php\/wp-json\/wp\/v2\/media\/13848"}],"wp:attachment":[{"href":"https:\/\/diarioprincipios.com\/index.php\/wp-json\/wp\/v2\/media?parent=13847"}],"wp:term":[{"taxonomy":"category","embeddable":true,"href":"https:\/\/diarioprincipios.com\/index.php\/wp-json\/wp\/v2\/categories?post=13847"},{"taxonomy":"post_tag","embeddable":true,"href":"https:\/\/diarioprincipios.com\/index.php\/wp-json\/wp\/v2\/tags?post=13847"}],"curies":[{"name":"wp","href":"https:\/\/api.w.org\/{rel}","templated":true}]}}