{"id":13844,"date":"2022-06-18T19:49:29","date_gmt":"2022-06-18T22:49:29","guid":{"rendered":"http:\/\/diarioprincipios.com\/?p=13844"},"modified":"2022-06-18T19:49:33","modified_gmt":"2022-06-18T22:49:33","slug":"operativo-de-limpieza-en-inmediaciones-de-las-vias-en-quilmes-y-ezpeleta","status":"publish","type":"post","link":"https:\/\/diarioprincipios.com\/index.php\/2022\/06\/18\/operativo-de-limpieza-en-inmediaciones-de-las-vias-en-quilmes-y-ezpeleta\/","title":{"rendered":"Operativo de Limpieza en inmediaciones de las v\u00edas en Quilmes y Ezpeleta"},"content":{"rendered":"\n<p>El Municipio de Quilmes en conjunto con Trenes Argentinos dio inicio este s\u00e1bado a un importante operativo de limpieza en Quilmes Sur y Ezpeleta, m\u00e1s precisamente en el radio comprendido por las avenidas Centenario e Hip\u00f3lito Yrigoyen entre Primera Junta y Florencio Varela, que continuar\u00e1 a lo largo de los pr\u00f3ximos d\u00edas.<\/p>\n\n\n\n<p>En cuesti\u00f3n, se llev\u00f3 adelante una limpieza integral de la zona interna de las v\u00edas del ferrocarril General Roca, y tambi\u00e9n &nbsp;de la externa, sobre las avenidas Centenario e Hip\u00f3lito Yrigoyen.<\/p>\n\n\n\n<p>All\u00ed se efectuaron tareas de desmalezamiento y barrido, pintura de cordones, y levantamiento de ramas y de mont\u00edculos de tierra y escombros.<\/p>\n\n\n\n<p>Durante las pr\u00f3ximas jornadas, los trabajos proseguir\u00e1n en los lugares faltantes haciendo hincapi\u00e9, principalmente, en la limpieza y recolecci\u00f3n de ramas.<\/p>\n\n\n\n<p>Participaron de la jornada, adem\u00e1s de personal de Trenes Argentinos, que estuvo representado por el subgerente de RR.HH. de la L\u00ednea Roca, Mat\u00edas Bide, trabajadores y trabajadoras de diferentes Secretar\u00edas comunales, entre las que se encuentran la de Gesti\u00f3n Integral de Residuos S\u00f3lidos Urbanos (GIRSU), a cargo de Roberto Gaudio; Servicios P\u00fablicos, Sebasti\u00e1n Garc\u00eda; Ambiente y Desarrollo Sostenible, Eva Mieri; Seguridad y Ordenamiento Urbano, Gaspar De St\u00e9fano; Agencia de Fiscalizaci\u00f3n y Control Comunal, Mar\u00eda Alejandra Cordeiro, y la Base Operativa de Ezpeleta, que tiene como titular a Carlos Marcial.<\/p>\n","protected":false},"excerpt":{"rendered":"<p>El Municipio de Quilmes en conjunto con Trenes Argentinos dio inicio este s\u00e1bado a un importante operativo de limpieza en Quilmes Sur y Ezpeleta, m\u00e1s precisamente en el radio comprendido por las avenidas Centenario e Hip\u00f3lito Yrigoyen entre Primera Junta y Florencio Varela, que continuar\u00e1 a lo largo de los pr\u00f3ximos d\u00edas. En cuesti\u00f3n, se&#8230;<\/p>\n","protected":false},"author":2,"featured_media":13845,"comment_status":"open","ping_status":"open","sticky":false,"template":"","format":"standard","meta":{"footnotes":""},"categories":[4],"tags":[],"class_list":["post-13844","post","type-post","status-publish","format-standard","has-post-thumbnail","hentry","category-quilmes"],"featured_image_src":"https:\/\/diarioprincipios.com\/wp-content\/uploads\/2022\/06\/Screenshot_20220618-194601_Yahoo-Mail-1024x684.jpg","blog_images":{"medium":"https:\/\/diarioprincipios.com\/wp-content\/uploads\/2022\/06\/Screenshot_20220618-194601_Yahoo-Mail-300x200.jpg","large":"https:\/\/diarioprincipios.com\/wp-content\/uploads\/2022\/06\/Screenshot_20220618-194601_Yahoo-Mail-1024x684.jpg"},"ams_acf":[],"yoast_head":"<!-- This site is optimized with the Yoast SEO plugin v27.3 - https:\/\/yoast.com\/product\/yoast-seo-wordpress\/ -->\n<title>Operativo de Limpieza en inmediaciones de las v\u00edas en Quilmes y Ezpeleta - Principios<\/title>\n<meta name=\"robots\" content=\"index, follow, max-snippet:-1, max-image-preview:large, max-video-preview:-1\" \/>\n<link rel=\"canonical\" href=\"https:\/\/diarioprincipios.com\/index.php\/2022\/06\/18\/operativo-de-limpieza-en-inmediaciones-de-las-vias-en-quilmes-y-ezpeleta\/\" \/>\n<meta property=\"og:locale\" content=\"es_ES\" \/>\n<meta property=\"og:type\" content=\"article\" \/>\n<meta property=\"og:title\" content=\"Operativo de Limpieza en inmediaciones de las v\u00edas en Quilmes y Ezpeleta - Principios\" \/>\n<meta property=\"og:description\" content=\"El Municipio de Quilmes en conjunto con Trenes Argentinos dio inicio este s\u00e1bado a un importante operativo de limpieza en Quilmes Sur y Ezpeleta, m\u00e1s precisamente en el radio comprendido por las avenidas Centenario e Hip\u00f3lito Yrigoyen entre Primera Junta y Florencio Varela, que continuar\u00e1 a lo largo de los pr\u00f3ximos d\u00edas. En cuesti\u00f3n, se...\" \/>\n<meta property=\"og:url\" content=\"https:\/\/diarioprincipios.com\/index.php\/2022\/06\/18\/operativo-de-limpieza-en-inmediaciones-de-las-vias-en-quilmes-y-ezpeleta\/\" \/>\n<meta property=\"og:site_name\" content=\"Principios\" \/>\n<meta property=\"article:published_time\" content=\"2022-06-18T22:49:29+00:00\" \/>\n<meta property=\"article:modified_time\" content=\"2022-06-18T22:49:33+00:00\" \/>\n<meta property=\"og:image\" content=\"https:\/\/diarioprincipios.com\/wp-content\/uploads\/2022\/06\/Screenshot_20220618-194601_Yahoo-Mail.jpg\" \/>\n\t<meta property=\"og:image:width\" content=\"1078\" \/>\n\t<meta property=\"og:image:height\" content=\"720\" \/>\n\t<meta property=\"og:image:type\" content=\"image\/jpeg\" \/>\n<meta name=\"author\" content=\"Hern\u00e1n L\u00f3pez\" \/>\n<meta name=\"twitter:card\" content=\"summary_large_image\" \/>\n<meta name=\"twitter:label1\" content=\"Escrito por\" \/>\n\t<meta name=\"twitter:data1\" content=\"Hern\u00e1n L\u00f3pez\" \/>\n\t<meta name=\"twitter:label2\" content=\"Tiempo de lectura\" \/>\n\t<meta name=\"twitter:data2\" content=\"1 minuto\" \/>\n<script type=\"application\/ld+json\" class=\"yoast-schema-graph\">{\"@context\":\"https:\\\/\\\/schema.org\",\"@graph\":[{\"@type\":\"Article\",\"@id\":\"https:\\\/\\\/diarioprincipios.com\\\/index.php\\\/2022\\\/06\\\/18\\\/operativo-de-limpieza-en-inmediaciones-de-las-vias-en-quilmes-y-ezpeleta\\\/#article\",\"isPartOf\":{\"@id\":\"https:\\\/\\\/diarioprincipios.com\\\/index.php\\\/2022\\\/06\\\/18\\\/operativo-de-limpieza-en-inmediaciones-de-las-vias-en-quilmes-y-ezpeleta\\\/\"},\"author\":{\"name\":\"Hern\u00e1n L\u00f3pez\",\"@id\":\"https:\\\/\\\/diarioprincipios.com\\\/#\\\/schema\\\/person\\\/436d5a1fd41a5e250e23ff5a6a7cb080\"},\"headline\":\"Operativo de Limpieza en inmediaciones de las v\u00edas en Quilmes y Ezpeleta\",\"datePublished\":\"2022-06-18T22:49:29+00:00\",\"dateModified\":\"2022-06-18T22:49:33+00:00\",\"mainEntityOfPage\":{\"@id\":\"https:\\\/\\\/diarioprincipios.com\\\/index.php\\\/2022\\\/06\\\/18\\\/operativo-de-limpieza-en-inmediaciones-de-las-vias-en-quilmes-y-ezpeleta\\\/\"},\"wordCount\":255,\"commentCount\":0,\"publisher\":{\"@id\":\"https:\\\/\\\/diarioprincipios.com\\\/#organization\"},\"image\":{\"@id\":\"https:\\\/\\\/diarioprincipios.com\\\/index.php\\\/2022\\\/06\\\/18\\\/operativo-de-limpieza-en-inmediaciones-de-las-vias-en-quilmes-y-ezpeleta\\\/#primaryimage\"},\"thumbnailUrl\":\"https:\\\/\\\/diarioprincipios.com\\\/wp-content\\\/uploads\\\/2022\\\/06\\\/Screenshot_20220618-194601_Yahoo-Mail.jpg\",\"articleSection\":[\"Quilmes\"],\"inLanguage\":\"es\",\"potentialAction\":[{\"@type\":\"CommentAction\",\"name\":\"Comment\",\"target\":[\"https:\\\/\\\/diarioprincipios.com\\\/index.php\\\/2022\\\/06\\\/18\\\/operativo-de-limpieza-en-inmediaciones-de-las-vias-en-quilmes-y-ezpeleta\\\/#respond\"]}]},{\"@type\":\"WebPage\",\"@id\":\"https:\\\/\\\/diarioprincipios.com\\\/index.php\\\/2022\\\/06\\\/18\\\/operativo-de-limpieza-en-inmediaciones-de-las-vias-en-quilmes-y-ezpeleta\\\/\",\"url\":\"https:\\\/\\\/diarioprincipios.com\\\/index.php\\\/2022\\\/06\\\/18\\\/operativo-de-limpieza-en-inmediaciones-de-las-vias-en-quilmes-y-ezpeleta\\\/\",\"name\":\"Operativo de Limpieza en inmediaciones de las v\u00edas en Quilmes y Ezpeleta - Principios\",\"isPartOf\":{\"@id\":\"https:\\\/\\\/diarioprincipios.com\\\/#website\"},\"primaryImageOfPage\":{\"@id\":\"https:\\\/\\\/diarioprincipios.com\\\/index.php\\\/2022\\\/06\\\/18\\\/operativo-de-limpieza-en-inmediaciones-de-las-vias-en-quilmes-y-ezpeleta\\\/#primaryimage\"},\"image\":{\"@id\":\"https:\\\/\\\/diarioprincipios.com\\\/index.php\\\/2022\\\/06\\\/18\\\/operativo-de-limpieza-en-inmediaciones-de-las-vias-en-quilmes-y-ezpeleta\\\/#primaryimage\"},\"thumbnailUrl\":\"https:\\\/\\\/diarioprincipios.com\\\/wp-content\\\/uploads\\\/2022\\\/06\\\/Screenshot_20220618-194601_Yahoo-Mail.jpg\",\"datePublished\":\"2022-06-18T22:49:29+00:00\",\"dateModified\":\"2022-06-18T22:49:33+00:00\",\"breadcrumb\":{\"@id\":\"https:\\\/\\\/diarioprincipios.com\\\/index.php\\\/2022\\\/06\\\/18\\\/operativo-de-limpieza-en-inmediaciones-de-las-vias-en-quilmes-y-ezpeleta\\\/#breadcrumb\"},\"inLanguage\":\"es\",\"potentialAction\":[{\"@type\":\"ReadAction\",\"target\":[\"https:\\\/\\\/diarioprincipios.com\\\/index.php\\\/2022\\\/06\\\/18\\\/operativo-de-limpieza-en-inmediaciones-de-las-vias-en-quilmes-y-ezpeleta\\\/\"]}]},{\"@type\":\"ImageObject\",\"inLanguage\":\"es\",\"@id\":\"https:\\\/\\\/diarioprincipios.com\\\/index.php\\\/2022\\\/06\\\/18\\\/operativo-de-limpieza-en-inmediaciones-de-las-vias-en-quilmes-y-ezpeleta\\\/#primaryimage\",\"url\":\"https:\\\/\\\/diarioprincipios.com\\\/wp-content\\\/uploads\\\/2022\\\/06\\\/Screenshot_20220618-194601_Yahoo-Mail.jpg\",\"contentUrl\":\"https:\\\/\\\/diarioprincipios.com\\\/wp-content\\\/uploads\\\/2022\\\/06\\\/Screenshot_20220618-194601_Yahoo-Mail.jpg\",\"width\":1078,\"height\":720},{\"@type\":\"BreadcrumbList\",\"@id\":\"https:\\\/\\\/diarioprincipios.com\\\/index.php\\\/2022\\\/06\\\/18\\\/operativo-de-limpieza-en-inmediaciones-de-las-vias-en-quilmes-y-ezpeleta\\\/#breadcrumb\",\"itemListElement\":[{\"@type\":\"ListItem\",\"position\":1,\"name\":\"Portada\",\"item\":\"https:\\\/\\\/diarioprincipios.com\\\/\"},{\"@type\":\"ListItem\",\"position\":2,\"name\":\"Operativo de Limpieza en inmediaciones de las v\u00edas en Quilmes y Ezpeleta\"}]},{\"@type\":\"WebSite\",\"@id\":\"https:\\\/\\\/diarioprincipios.com\\\/#website\",\"url\":\"https:\\\/\\\/diarioprincipios.com\\\/\",\"name\":\"Principios\",\"description\":\"Principios Diario\",\"publisher\":{\"@id\":\"https:\\\/\\\/diarioprincipios.com\\\/#organization\"},\"potentialAction\":[{\"@type\":\"SearchAction\",\"target\":{\"@type\":\"EntryPoint\",\"urlTemplate\":\"https:\\\/\\\/diarioprincipios.com\\\/?s={search_term_string}\"},\"query-input\":{\"@type\":\"PropertyValueSpecification\",\"valueRequired\":true,\"valueName\":\"search_term_string\"}}],\"inLanguage\":\"es\"},{\"@type\":\"Organization\",\"@id\":\"https:\\\/\\\/diarioprincipios.com\\\/#organization\",\"name\":\"Principios\",\"url\":\"https:\\\/\\\/diarioprincipios.com\\\/\",\"logo\":{\"@type\":\"ImageObject\",\"inLanguage\":\"es\",\"@id\":\"https:\\\/\\\/diarioprincipios.com\\\/#\\\/schema\\\/logo\\\/image\\\/\",\"url\":\"https:\\\/\\\/diarioprincipios.com\\\/wp-content\\\/uploads\\\/2024\\\/04\\\/cropped-www.diarioprincipios.com_-1.png\",\"contentUrl\":\"https:\\\/\\\/diarioprincipios.com\\\/wp-content\\\/uploads\\\/2024\\\/04\\\/cropped-www.diarioprincipios.com_-1.png\",\"width\":5325,\"height\":1454,\"caption\":\"Principios\"},\"image\":{\"@id\":\"https:\\\/\\\/diarioprincipios.com\\\/#\\\/schema\\\/logo\\\/image\\\/\"}},{\"@type\":\"Person\",\"@id\":\"https:\\\/\\\/diarioprincipios.com\\\/#\\\/schema\\\/person\\\/436d5a1fd41a5e250e23ff5a6a7cb080\",\"name\":\"Hern\u00e1n L\u00f3pez\",\"image\":{\"@type\":\"ImageObject\",\"inLanguage\":\"es\",\"@id\":\"https:\\\/\\\/diarioprincipios.com\\\/wp-content\\\/litespeed\\\/avatar\\\/11ddfe5610ff3bd100522525b2571f48.jpg?ver=1777048341\",\"url\":\"https:\\\/\\\/diarioprincipios.com\\\/wp-content\\\/litespeed\\\/avatar\\\/11ddfe5610ff3bd100522525b2571f48.jpg?ver=1777048341\",\"contentUrl\":\"https:\\\/\\\/diarioprincipios.com\\\/wp-content\\\/litespeed\\\/avatar\\\/11ddfe5610ff3bd100522525b2571f48.jpg?ver=1777048341\",\"caption\":\"Hern\u00e1n L\u00f3pez\"},\"url\":\"https:\\\/\\\/diarioprincipios.com\\\/index.php\\\/author\\\/hernan\\\/\"}]}<\/script>\n<!-- \/ Yoast SEO plugin. -->","yoast_head_json":{"title":"Operativo de Limpieza en inmediaciones de las v\u00edas en Quilmes y Ezpeleta - Principios","robots":{"index":"index","follow":"follow","max-snippet":"max-snippet:-1","max-image-preview":"max-image-preview:large","max-video-preview":"max-video-preview:-1"},"canonical":"https:\/\/diarioprincipios.com\/index.php\/2022\/06\/18\/operativo-de-limpieza-en-inmediaciones-de-las-vias-en-quilmes-y-ezpeleta\/","og_locale":"es_ES","og_type":"article","og_title":"Operativo de Limpieza en inmediaciones de las v\u00edas en Quilmes y Ezpeleta - Principios","og_description":"El Municipio de Quilmes en conjunto con Trenes Argentinos dio inicio este s\u00e1bado a un importante operativo de limpieza en Quilmes Sur y Ezpeleta, m\u00e1s precisamente en el radio comprendido por las avenidas Centenario e Hip\u00f3lito Yrigoyen entre Primera Junta y Florencio Varela, que continuar\u00e1 a lo largo de los pr\u00f3ximos d\u00edas. En cuesti\u00f3n, se...","og_url":"https:\/\/diarioprincipios.com\/index.php\/2022\/06\/18\/operativo-de-limpieza-en-inmediaciones-de-las-vias-en-quilmes-y-ezpeleta\/","og_site_name":"Principios","article_published_time":"2022-06-18T22:49:29+00:00","article_modified_time":"2022-06-18T22:49:33+00:00","og_image":[{"width":1078,"height":720,"url":"https:\/\/diarioprincipios.com\/wp-content\/uploads\/2022\/06\/Screenshot_20220618-194601_Yahoo-Mail.jpg","type":"image\/jpeg"}],"author":"Hern\u00e1n L\u00f3pez","twitter_card":"summary_large_image","twitter_misc":{"Escrito por":"Hern\u00e1n L\u00f3pez","Tiempo de lectura":"1 minuto"},"schema":{"@context":"https:\/\/schema.org","@graph":[{"@type":"Article","@id":"https:\/\/diarioprincipios.com\/index.php\/2022\/06\/18\/operativo-de-limpieza-en-inmediaciones-de-las-vias-en-quilmes-y-ezpeleta\/#article","isPartOf":{"@id":"https:\/\/diarioprincipios.com\/index.php\/2022\/06\/18\/operativo-de-limpieza-en-inmediaciones-de-las-vias-en-quilmes-y-ezpeleta\/"},"author":{"name":"Hern\u00e1n L\u00f3pez","@id":"https:\/\/diarioprincipios.com\/#\/schema\/person\/436d5a1fd41a5e250e23ff5a6a7cb080"},"headline":"Operativo de Limpieza en inmediaciones de las v\u00edas en Quilmes y Ezpeleta","datePublished":"2022-06-18T22:49:29+00:00","dateModified":"2022-06-18T22:49:33+00:00","mainEntityOfPage":{"@id":"https:\/\/diarioprincipios.com\/index.php\/2022\/06\/18\/operativo-de-limpieza-en-inmediaciones-de-las-vias-en-quilmes-y-ezpeleta\/"},"wordCount":255,"commentCount":0,"publisher":{"@id":"https:\/\/diarioprincipios.com\/#organization"},"image":{"@id":"https:\/\/diarioprincipios.com\/index.php\/2022\/06\/18\/operativo-de-limpieza-en-inmediaciones-de-las-vias-en-quilmes-y-ezpeleta\/#primaryimage"},"thumbnailUrl":"https:\/\/diarioprincipios.com\/wp-content\/uploads\/2022\/06\/Screenshot_20220618-194601_Yahoo-Mail.jpg","articleSection":["Quilmes"],"inLanguage":"es","potentialAction":[{"@type":"CommentAction","name":"Comment","target":["https:\/\/diarioprincipios.com\/index.php\/2022\/06\/18\/operativo-de-limpieza-en-inmediaciones-de-las-vias-en-quilmes-y-ezpeleta\/#respond"]}]},{"@type":"WebPage","@id":"https:\/\/diarioprincipios.com\/index.php\/2022\/06\/18\/operativo-de-limpieza-en-inmediaciones-de-las-vias-en-quilmes-y-ezpeleta\/","url":"https:\/\/diarioprincipios.com\/index.php\/2022\/06\/18\/operativo-de-limpieza-en-inmediaciones-de-las-vias-en-quilmes-y-ezpeleta\/","name":"Operativo de Limpieza en inmediaciones de las v\u00edas en Quilmes y Ezpeleta - Principios","isPartOf":{"@id":"https:\/\/diarioprincipios.com\/#website"},"primaryImageOfPage":{"@id":"https:\/\/diarioprincipios.com\/index.php\/2022\/06\/18\/operativo-de-limpieza-en-inmediaciones-de-las-vias-en-quilmes-y-ezpeleta\/#primaryimage"},"image":{"@id":"https:\/\/diarioprincipios.com\/index.php\/2022\/06\/18\/operativo-de-limpieza-en-inmediaciones-de-las-vias-en-quilmes-y-ezpeleta\/#primaryimage"},"thumbnailUrl":"https:\/\/diarioprincipios.com\/wp-content\/uploads\/2022\/06\/Screenshot_20220618-194601_Yahoo-Mail.jpg","datePublished":"2022-06-18T22:49:29+00:00","dateModified":"2022-06-18T22:49:33+00:00","breadcrumb":{"@id":"https:\/\/diarioprincipios.com\/index.php\/2022\/06\/18\/operativo-de-limpieza-en-inmediaciones-de-las-vias-en-quilmes-y-ezpeleta\/#breadcrumb"},"inLanguage":"es","potentialAction":[{"@type":"ReadAction","target":["https:\/\/diarioprincipios.com\/index.php\/2022\/06\/18\/operativo-de-limpieza-en-inmediaciones-de-las-vias-en-quilmes-y-ezpeleta\/"]}]},{"@type":"ImageObject","inLanguage":"es","@id":"https:\/\/diarioprincipios.com\/index.php\/2022\/06\/18\/operativo-de-limpieza-en-inmediaciones-de-las-vias-en-quilmes-y-ezpeleta\/#primaryimage","url":"https:\/\/diarioprincipios.com\/wp-content\/uploads\/2022\/06\/Screenshot_20220618-194601_Yahoo-Mail.jpg","contentUrl":"https:\/\/diarioprincipios.com\/wp-content\/uploads\/2022\/06\/Screenshot_20220618-194601_Yahoo-Mail.jpg","width":1078,"height":720},{"@type":"BreadcrumbList","@id":"https:\/\/diarioprincipios.com\/index.php\/2022\/06\/18\/operativo-de-limpieza-en-inmediaciones-de-las-vias-en-quilmes-y-ezpeleta\/#breadcrumb","itemListElement":[{"@type":"ListItem","position":1,"name":"Portada","item":"https:\/\/diarioprincipios.com\/"},{"@type":"ListItem","position":2,"name":"Operativo de Limpieza en inmediaciones de las v\u00edas en Quilmes y Ezpeleta"}]},{"@type":"WebSite","@id":"https:\/\/diarioprincipios.com\/#website","url":"https:\/\/diarioprincipios.com\/","name":"Principios","description":"Principios Diario","publisher":{"@id":"https:\/\/diarioprincipios.com\/#organization"},"potentialAction":[{"@type":"SearchAction","target":{"@type":"EntryPoint","urlTemplate":"https:\/\/diarioprincipios.com\/?s={search_term_string}"},"query-input":{"@type":"PropertyValueSpecification","valueRequired":true,"valueName":"search_term_string"}}],"inLanguage":"es"},{"@type":"Organization","@id":"https:\/\/diarioprincipios.com\/#organization","name":"Principios","url":"https:\/\/diarioprincipios.com\/","logo":{"@type":"ImageObject","inLanguage":"es","@id":"https:\/\/diarioprincipios.com\/#\/schema\/logo\/image\/","url":"https:\/\/diarioprincipios.com\/wp-content\/uploads\/2024\/04\/cropped-www.diarioprincipios.com_-1.png","contentUrl":"https:\/\/diarioprincipios.com\/wp-content\/uploads\/2024\/04\/cropped-www.diarioprincipios.com_-1.png","width":5325,"height":1454,"caption":"Principios"},"image":{"@id":"https:\/\/diarioprincipios.com\/#\/schema\/logo\/image\/"}},{"@type":"Person","@id":"https:\/\/diarioprincipios.com\/#\/schema\/person\/436d5a1fd41a5e250e23ff5a6a7cb080","name":"Hern\u00e1n L\u00f3pez","image":{"@type":"ImageObject","inLanguage":"es","@id":"https:\/\/diarioprincipios.com\/wp-content\/litespeed\/avatar\/11ddfe5610ff3bd100522525b2571f48.jpg?ver=1777048341","url":"https:\/\/diarioprincipios.com\/wp-content\/litespeed\/avatar\/11ddfe5610ff3bd100522525b2571f48.jpg?ver=1777048341","contentUrl":"https:\/\/diarioprincipios.com\/wp-content\/litespeed\/avatar\/11ddfe5610ff3bd100522525b2571f48.jpg?ver=1777048341","caption":"Hern\u00e1n L\u00f3pez"},"url":"https:\/\/diarioprincipios.com\/index.php\/author\/hernan\/"}]}},"jetpack_featured_media_url":"https:\/\/diarioprincipios.com\/wp-content\/uploads\/2022\/06\/Screenshot_20220618-194601_Yahoo-Mail.jpg","_links":{"self":[{"href":"https:\/\/diarioprincipios.com\/index.php\/wp-json\/wp\/v2\/posts\/13844","targetHints":{"allow":["GET"]}}],"collection":[{"href":"https:\/\/diarioprincipios.com\/index.php\/wp-json\/wp\/v2\/posts"}],"about":[{"href":"https:\/\/diarioprincipios.com\/index.php\/wp-json\/wp\/v2\/types\/post"}],"author":[{"embeddable":true,"href":"https:\/\/diarioprincipios.com\/index.php\/wp-json\/wp\/v2\/users\/2"}],"replies":[{"embeddable":true,"href":"https:\/\/diarioprincipios.com\/index.php\/wp-json\/wp\/v2\/comments?post=13844"}],"version-history":[{"count":1,"href":"https:\/\/diarioprincipios.com\/index.php\/wp-json\/wp\/v2\/posts\/13844\/revisions"}],"predecessor-version":[{"id":13846,"href":"https:\/\/diarioprincipios.com\/index.php\/wp-json\/wp\/v2\/posts\/13844\/revisions\/13846"}],"wp:featuredmedia":[{"embeddable":true,"href":"https:\/\/diarioprincipios.com\/index.php\/wp-json\/wp\/v2\/media\/13845"}],"wp:attachment":[{"href":"https:\/\/diarioprincipios.com\/index.php\/wp-json\/wp\/v2\/media?parent=13844"}],"wp:term":[{"taxonomy":"category","embeddable":true,"href":"https:\/\/diarioprincipios.com\/index.php\/wp-json\/wp\/v2\/categories?post=13844"},{"taxonomy":"post_tag","embeddable":true,"href":"https:\/\/diarioprincipios.com\/index.php\/wp-json\/wp\/v2\/tags?post=13844"}],"curies":[{"name":"wp","href":"https:\/\/api.w.org\/{rel}","templated":true}]}}