{"id":1383,"date":"2020-05-10T23:10:41","date_gmt":"2020-05-10T23:10:41","guid":{"rendered":"http:\/\/diarioprincipios.com\/?p=1383"},"modified":"2020-05-10T23:10:43","modified_gmt":"2020-05-10T23:10:43","slug":"mas-de-600-fabricas-de-todo-el-pais-volveran-a-producir-con-protocolos-de-prevencion-de-contagios","status":"publish","type":"post","link":"https:\/\/diarioprincipios.com\/index.php\/2020\/05\/10\/mas-de-600-fabricas-de-todo-el-pais-volveran-a-producir-con-protocolos-de-prevencion-de-contagios\/","title":{"rendered":"M\u00e1s de 600 f\u00e1bricas de todo el pa\u00eds volver\u00e1n a producir con protocolos de prevenci\u00f3n de contagios"},"content":{"rendered":"\n<p>M\u00e1s de 600 f\u00e1bricas que ten\u00edan suspendida su actividad desde hace m\u00e1s de 50 d\u00edas, porque no pertenec\u00edan a los rubros considerados esenciales cuando se decret\u00f3 el aislamiento social, preventivo y obligatorio, volver\u00e1n a producir en los pr\u00f3ximos d\u00edas, inform\u00f3 esta tarde el Ministerio de Desarrollo Productivo.<\/p>\n\n\n\n<p>Entre las ramas industriales que retomar\u00e1n su actividad -seg\u00fan el protocolo aprobado- se encuentran la automotriz y autopartes, fabricaci\u00f3n de motos y neum\u00e1ticos, electrodom\u00e9sticos, textil, calzado e indumentaria; adem\u00e1s de sectores como la metal\u00fargica, tabaco, gr\u00e1fica, de la madera, juguetes, farmac\u00e9utica, qu\u00edmica y petroqu\u00edmica, entre otros.<\/p>\n\n\n\n<p>Estos protocolos incluyen el traslado del personal sin uso del transporte p\u00fablico (en veh\u00edculos provistos por la compa\u00f1\u00eda, autos propios o movilidad individual), control de s\u00edntomas de Covid-19, estrictas medidas de distanciamiento social, provisi\u00f3n de material preventivo (barbijos, alcohol en gel, etc) y plan de acci\u00f3n ante la aparici\u00f3n de casos sospechosos.<\/p>\n\n\n\n<p>Los protocolos pueden variar seg\u00fan el rubro pero todos tienen ese denominador com\u00fan.<\/p>\n\n\n\n<p>Las f\u00e1bricas que ya tienen aprobada su reapertura para los pr\u00f3ximos d\u00edas son m\u00e1s de 640 y se encuentran en todo el pa\u00eds, pero especialmente en las provincias de Buenos Aires, C\u00f3rdoba, Santa Fe y Entre R\u00edos. M\u00e1s de 550 de las autorizadas en esta primera etapa son PyMEs de menos de 150 trabajadores y casi la mitad no supera los 10 empleados.<\/p>\n\n\n\n<p>Algunos ejemplos de las compa\u00f1\u00edas que volver\u00e1n a producir dentro de la industria automotriz y autopartes son Toyota Argentina en la provincia de Buenos Aires; Volkwagen Argentina, en sus plantas de Buenos Aires y C\u00f3rdoba; Scania Argentina que en su filial de Tucum\u00e1n- donde emplea a aproximadamente 500 trabajadores- o la autopartista multinacional Mahle en Santa Fe, que tiene casi 700 empleados. Las empresas de este sector dise\u00f1aron un protocolo sanitario junto al gremio SMATA.<\/p>\n\n\n\n<p>Entre las empresas de la industria textil que reabrir\u00e1n sus puertas se encuentran Puma Sport Argentina y Ricoltex, integrante del Grupo Ritex en la provincia de La Rioja, quienes emplean a 350 y 900 trabajadores respectivamente; y Alpargatas en Tucum\u00e1n que da trabajo a m\u00e1s de 700 personas.<\/p>\n\n\n\n<p>Dentro de la rama metal\u00fargica retoma la actividad la fabricante de ollas, sartenes y productos elaborados en metal Essen Aluminio SA, que posee su f\u00e1brica en el Parque Industrial La Victoria de Santa Fe y da trabajo a 285 personas. Tambi\u00e9n reabrir\u00e1 en Entre R\u00edos Johnson Acero su planta industrial de la ciudad de Paran\u00e1 con m\u00e1s de 400 empleados.<\/p>\n\n\n\n<p>En cuanto a la producci\u00f3n de electr\u00f3nica y electrodom\u00e9sticos, Alladio SA, empresa productora de lavarropas y secarropas ingresa a la lista de f\u00e1bricas que obtiene el permiso para retomar actividad y dar\u00e1 tareas en esta etapa al 60% de sus 1.000 trabajadores.<\/p>\n\n\n\n<p>Otra empresa que comenzar\u00e1 con su producci\u00f3n es la fabricante de calefones Orbis en la zona norte de Buenos Aires con 175 de sus 550 trabajadores.<\/p>\n\n\n\n<p>Estas empresas que no pertenec\u00edan a los rubros considerados esenciales cuando se decret\u00f3 el aislamiento social, preventivo y obligatorio, volver\u00e1n a producir en los pr\u00f3ximos d\u00edas.<\/p>\n","protected":false},"excerpt":{"rendered":"<p>M\u00e1s de 600 f\u00e1bricas que ten\u00edan suspendida su actividad desde hace m\u00e1s de 50 d\u00edas, porque no pertenec\u00edan a los rubros considerados esenciales cuando se decret\u00f3 el aislamiento social, preventivo y obligatorio, volver\u00e1n a producir en los pr\u00f3ximos d\u00edas, inform\u00f3 esta tarde el Ministerio de Desarrollo Productivo. Entre las ramas industriales que retomar\u00e1n su actividad&#8230;<\/p>\n","protected":false},"author":2,"featured_media":1384,"comment_status":"open","ping_status":"open","sticky":false,"template":"","format":"standard","meta":{"footnotes":""},"categories":[10],"tags":[],"class_list":["post-1383","post","type-post","status-publish","format-standard","has-post-thumbnail","hentry","category-nacion"],"featured_image_src":"https:\/\/diarioprincipios.com\/wp-content\/uploads\/2020\/05\/favru-1024x576.jpg","blog_images":{"medium":"https:\/\/diarioprincipios.com\/wp-content\/uploads\/2020\/05\/favru-300x169.jpg","large":"https:\/\/diarioprincipios.com\/wp-content\/uploads\/2020\/05\/favru-1024x576.jpg"},"ams_acf":[],"yoast_head":"<!-- This site is optimized with the Yoast SEO plugin v27.3 - https:\/\/yoast.com\/product\/yoast-seo-wordpress\/ -->\n<title>M\u00e1s de 600 f\u00e1bricas de todo el pa\u00eds volver\u00e1n a producir con protocolos de prevenci\u00f3n de contagios - Principios<\/title>\n<meta name=\"robots\" content=\"index, follow, max-snippet:-1, max-image-preview:large, max-video-preview:-1\" \/>\n<link rel=\"canonical\" href=\"https:\/\/diarioprincipios.com\/index.php\/2020\/05\/10\/mas-de-600-fabricas-de-todo-el-pais-volveran-a-producir-con-protocolos-de-prevencion-de-contagios\/\" \/>\n<meta property=\"og:locale\" content=\"es_ES\" \/>\n<meta property=\"og:type\" content=\"article\" \/>\n<meta property=\"og:title\" content=\"M\u00e1s de 600 f\u00e1bricas de todo el pa\u00eds volver\u00e1n a producir con protocolos de prevenci\u00f3n de contagios - Principios\" \/>\n<meta property=\"og:description\" content=\"M\u00e1s de 600 f\u00e1bricas que ten\u00edan suspendida su actividad desde hace m\u00e1s de 50 d\u00edas, porque no pertenec\u00edan a los rubros considerados esenciales cuando se decret\u00f3 el aislamiento social, preventivo y obligatorio, volver\u00e1n a producir en los pr\u00f3ximos d\u00edas, inform\u00f3 esta tarde el Ministerio de Desarrollo Productivo. Entre las ramas industriales que retomar\u00e1n su actividad...\" \/>\n<meta property=\"og:url\" content=\"https:\/\/diarioprincipios.com\/index.php\/2020\/05\/10\/mas-de-600-fabricas-de-todo-el-pais-volveran-a-producir-con-protocolos-de-prevencion-de-contagios\/\" \/>\n<meta property=\"og:site_name\" content=\"Principios\" \/>\n<meta property=\"article:published_time\" content=\"2020-05-10T23:10:41+00:00\" \/>\n<meta property=\"article:modified_time\" content=\"2020-05-10T23:10:43+00:00\" \/>\n<meta property=\"og:image\" content=\"https:\/\/diarioprincipios.com\/wp-content\/uploads\/2020\/05\/favru.jpg\" \/>\n\t<meta property=\"og:image:width\" content=\"1690\" \/>\n\t<meta property=\"og:image:height\" content=\"950\" \/>\n\t<meta property=\"og:image:type\" content=\"image\/jpeg\" \/>\n<meta name=\"author\" content=\"Hern\u00e1n L\u00f3pez\" \/>\n<meta name=\"twitter:card\" content=\"summary_large_image\" \/>\n<meta name=\"twitter:label1\" content=\"Escrito por\" \/>\n\t<meta name=\"twitter:data1\" content=\"Hern\u00e1n L\u00f3pez\" \/>\n\t<meta name=\"twitter:label2\" content=\"Tiempo de lectura\" \/>\n\t<meta name=\"twitter:data2\" content=\"3 minutos\" \/>\n<script type=\"application\/ld+json\" class=\"yoast-schema-graph\">{\"@context\":\"https:\\\/\\\/schema.org\",\"@graph\":[{\"@type\":\"Article\",\"@id\":\"https:\\\/\\\/diarioprincipios.com\\\/index.php\\\/2020\\\/05\\\/10\\\/mas-de-600-fabricas-de-todo-el-pais-volveran-a-producir-con-protocolos-de-prevencion-de-contagios\\\/#article\",\"isPartOf\":{\"@id\":\"https:\\\/\\\/diarioprincipios.com\\\/index.php\\\/2020\\\/05\\\/10\\\/mas-de-600-fabricas-de-todo-el-pais-volveran-a-producir-con-protocolos-de-prevencion-de-contagios\\\/\"},\"author\":{\"name\":\"Hern\u00e1n L\u00f3pez\",\"@id\":\"https:\\\/\\\/diarioprincipios.com\\\/#\\\/schema\\\/person\\\/436d5a1fd41a5e250e23ff5a6a7cb080\"},\"headline\":\"M\u00e1s de 600 f\u00e1bricas de todo el pa\u00eds volver\u00e1n a producir con protocolos de prevenci\u00f3n de contagios\",\"datePublished\":\"2020-05-10T23:10:41+00:00\",\"dateModified\":\"2020-05-10T23:10:43+00:00\",\"mainEntityOfPage\":{\"@id\":\"https:\\\/\\\/diarioprincipios.com\\\/index.php\\\/2020\\\/05\\\/10\\\/mas-de-600-fabricas-de-todo-el-pais-volveran-a-producir-con-protocolos-de-prevencion-de-contagios\\\/\"},\"wordCount\":561,\"commentCount\":0,\"publisher\":{\"@id\":\"https:\\\/\\\/diarioprincipios.com\\\/#organization\"},\"image\":{\"@id\":\"https:\\\/\\\/diarioprincipios.com\\\/index.php\\\/2020\\\/05\\\/10\\\/mas-de-600-fabricas-de-todo-el-pais-volveran-a-producir-con-protocolos-de-prevencion-de-contagios\\\/#primaryimage\"},\"thumbnailUrl\":\"https:\\\/\\\/diarioprincipios.com\\\/wp-content\\\/uploads\\\/2020\\\/05\\\/favru.jpg\",\"articleSection\":[\"Naci\u00f3n\"],\"inLanguage\":\"es\",\"potentialAction\":[{\"@type\":\"CommentAction\",\"name\":\"Comment\",\"target\":[\"https:\\\/\\\/diarioprincipios.com\\\/index.php\\\/2020\\\/05\\\/10\\\/mas-de-600-fabricas-de-todo-el-pais-volveran-a-producir-con-protocolos-de-prevencion-de-contagios\\\/#respond\"]}]},{\"@type\":\"WebPage\",\"@id\":\"https:\\\/\\\/diarioprincipios.com\\\/index.php\\\/2020\\\/05\\\/10\\\/mas-de-600-fabricas-de-todo-el-pais-volveran-a-producir-con-protocolos-de-prevencion-de-contagios\\\/\",\"url\":\"https:\\\/\\\/diarioprincipios.com\\\/index.php\\\/2020\\\/05\\\/10\\\/mas-de-600-fabricas-de-todo-el-pais-volveran-a-producir-con-protocolos-de-prevencion-de-contagios\\\/\",\"name\":\"M\u00e1s de 600 f\u00e1bricas de todo el pa\u00eds volver\u00e1n a producir con protocolos de prevenci\u00f3n de contagios - Principios\",\"isPartOf\":{\"@id\":\"https:\\\/\\\/diarioprincipios.com\\\/#website\"},\"primaryImageOfPage\":{\"@id\":\"https:\\\/\\\/diarioprincipios.com\\\/index.php\\\/2020\\\/05\\\/10\\\/mas-de-600-fabricas-de-todo-el-pais-volveran-a-producir-con-protocolos-de-prevencion-de-contagios\\\/#primaryimage\"},\"image\":{\"@id\":\"https:\\\/\\\/diarioprincipios.com\\\/index.php\\\/2020\\\/05\\\/10\\\/mas-de-600-fabricas-de-todo-el-pais-volveran-a-producir-con-protocolos-de-prevencion-de-contagios\\\/#primaryimage\"},\"thumbnailUrl\":\"https:\\\/\\\/diarioprincipios.com\\\/wp-content\\\/uploads\\\/2020\\\/05\\\/favru.jpg\",\"datePublished\":\"2020-05-10T23:10:41+00:00\",\"dateModified\":\"2020-05-10T23:10:43+00:00\",\"breadcrumb\":{\"@id\":\"https:\\\/\\\/diarioprincipios.com\\\/index.php\\\/2020\\\/05\\\/10\\\/mas-de-600-fabricas-de-todo-el-pais-volveran-a-producir-con-protocolos-de-prevencion-de-contagios\\\/#breadcrumb\"},\"inLanguage\":\"es\",\"potentialAction\":[{\"@type\":\"ReadAction\",\"target\":[\"https:\\\/\\\/diarioprincipios.com\\\/index.php\\\/2020\\\/05\\\/10\\\/mas-de-600-fabricas-de-todo-el-pais-volveran-a-producir-con-protocolos-de-prevencion-de-contagios\\\/\"]}]},{\"@type\":\"ImageObject\",\"inLanguage\":\"es\",\"@id\":\"https:\\\/\\\/diarioprincipios.com\\\/index.php\\\/2020\\\/05\\\/10\\\/mas-de-600-fabricas-de-todo-el-pais-volveran-a-producir-con-protocolos-de-prevencion-de-contagios\\\/#primaryimage\",\"url\":\"https:\\\/\\\/diarioprincipios.com\\\/wp-content\\\/uploads\\\/2020\\\/05\\\/favru.jpg\",\"contentUrl\":\"https:\\\/\\\/diarioprincipios.com\\\/wp-content\\\/uploads\\\/2020\\\/05\\\/favru.jpg\",\"width\":1690,\"height\":950},{\"@type\":\"BreadcrumbList\",\"@id\":\"https:\\\/\\\/diarioprincipios.com\\\/index.php\\\/2020\\\/05\\\/10\\\/mas-de-600-fabricas-de-todo-el-pais-volveran-a-producir-con-protocolos-de-prevencion-de-contagios\\\/#breadcrumb\",\"itemListElement\":[{\"@type\":\"ListItem\",\"position\":1,\"name\":\"Portada\",\"item\":\"https:\\\/\\\/diarioprincipios.com\\\/\"},{\"@type\":\"ListItem\",\"position\":2,\"name\":\"M\u00e1s de 600 f\u00e1bricas de todo el pa\u00eds volver\u00e1n a producir con protocolos de prevenci\u00f3n de contagios\"}]},{\"@type\":\"WebSite\",\"@id\":\"https:\\\/\\\/diarioprincipios.com\\\/#website\",\"url\":\"https:\\\/\\\/diarioprincipios.com\\\/\",\"name\":\"Principios\",\"description\":\"Principios Diario\",\"publisher\":{\"@id\":\"https:\\\/\\\/diarioprincipios.com\\\/#organization\"},\"potentialAction\":[{\"@type\":\"SearchAction\",\"target\":{\"@type\":\"EntryPoint\",\"urlTemplate\":\"https:\\\/\\\/diarioprincipios.com\\\/?s={search_term_string}\"},\"query-input\":{\"@type\":\"PropertyValueSpecification\",\"valueRequired\":true,\"valueName\":\"search_term_string\"}}],\"inLanguage\":\"es\"},{\"@type\":\"Organization\",\"@id\":\"https:\\\/\\\/diarioprincipios.com\\\/#organization\",\"name\":\"Principios\",\"url\":\"https:\\\/\\\/diarioprincipios.com\\\/\",\"logo\":{\"@type\":\"ImageObject\",\"inLanguage\":\"es\",\"@id\":\"https:\\\/\\\/diarioprincipios.com\\\/#\\\/schema\\\/logo\\\/image\\\/\",\"url\":\"https:\\\/\\\/diarioprincipios.com\\\/wp-content\\\/uploads\\\/2024\\\/04\\\/cropped-www.diarioprincipios.com_-1.png\",\"contentUrl\":\"https:\\\/\\\/diarioprincipios.com\\\/wp-content\\\/uploads\\\/2024\\\/04\\\/cropped-www.diarioprincipios.com_-1.png\",\"width\":5325,\"height\":1454,\"caption\":\"Principios\"},\"image\":{\"@id\":\"https:\\\/\\\/diarioprincipios.com\\\/#\\\/schema\\\/logo\\\/image\\\/\"}},{\"@type\":\"Person\",\"@id\":\"https:\\\/\\\/diarioprincipios.com\\\/#\\\/schema\\\/person\\\/436d5a1fd41a5e250e23ff5a6a7cb080\",\"name\":\"Hern\u00e1n L\u00f3pez\",\"image\":{\"@type\":\"ImageObject\",\"inLanguage\":\"es\",\"@id\":\"https:\\\/\\\/diarioprincipios.com\\\/wp-content\\\/litespeed\\\/avatar\\\/11ddfe5610ff3bd100522525b2571f48.jpg?ver=1777048341\",\"url\":\"https:\\\/\\\/diarioprincipios.com\\\/wp-content\\\/litespeed\\\/avatar\\\/11ddfe5610ff3bd100522525b2571f48.jpg?ver=1777048341\",\"contentUrl\":\"https:\\\/\\\/diarioprincipios.com\\\/wp-content\\\/litespeed\\\/avatar\\\/11ddfe5610ff3bd100522525b2571f48.jpg?ver=1777048341\",\"caption\":\"Hern\u00e1n L\u00f3pez\"},\"url\":\"https:\\\/\\\/diarioprincipios.com\\\/index.php\\\/author\\\/hernan\\\/\"}]}<\/script>\n<!-- \/ Yoast SEO plugin. -->","yoast_head_json":{"title":"M\u00e1s de 600 f\u00e1bricas de todo el pa\u00eds volver\u00e1n a producir con protocolos de prevenci\u00f3n de contagios - Principios","robots":{"index":"index","follow":"follow","max-snippet":"max-snippet:-1","max-image-preview":"max-image-preview:large","max-video-preview":"max-video-preview:-1"},"canonical":"https:\/\/diarioprincipios.com\/index.php\/2020\/05\/10\/mas-de-600-fabricas-de-todo-el-pais-volveran-a-producir-con-protocolos-de-prevencion-de-contagios\/","og_locale":"es_ES","og_type":"article","og_title":"M\u00e1s de 600 f\u00e1bricas de todo el pa\u00eds volver\u00e1n a producir con protocolos de prevenci\u00f3n de contagios - Principios","og_description":"M\u00e1s de 600 f\u00e1bricas que ten\u00edan suspendida su actividad desde hace m\u00e1s de 50 d\u00edas, porque no pertenec\u00edan a los rubros considerados esenciales cuando se decret\u00f3 el aislamiento social, preventivo y obligatorio, volver\u00e1n a producir en los pr\u00f3ximos d\u00edas, inform\u00f3 esta tarde el Ministerio de Desarrollo Productivo. Entre las ramas industriales que retomar\u00e1n su actividad...","og_url":"https:\/\/diarioprincipios.com\/index.php\/2020\/05\/10\/mas-de-600-fabricas-de-todo-el-pais-volveran-a-producir-con-protocolos-de-prevencion-de-contagios\/","og_site_name":"Principios","article_published_time":"2020-05-10T23:10:41+00:00","article_modified_time":"2020-05-10T23:10:43+00:00","og_image":[{"width":1690,"height":950,"url":"https:\/\/diarioprincipios.com\/wp-content\/uploads\/2020\/05\/favru.jpg","type":"image\/jpeg"}],"author":"Hern\u00e1n L\u00f3pez","twitter_card":"summary_large_image","twitter_misc":{"Escrito por":"Hern\u00e1n L\u00f3pez","Tiempo de lectura":"3 minutos"},"schema":{"@context":"https:\/\/schema.org","@graph":[{"@type":"Article","@id":"https:\/\/diarioprincipios.com\/index.php\/2020\/05\/10\/mas-de-600-fabricas-de-todo-el-pais-volveran-a-producir-con-protocolos-de-prevencion-de-contagios\/#article","isPartOf":{"@id":"https:\/\/diarioprincipios.com\/index.php\/2020\/05\/10\/mas-de-600-fabricas-de-todo-el-pais-volveran-a-producir-con-protocolos-de-prevencion-de-contagios\/"},"author":{"name":"Hern\u00e1n L\u00f3pez","@id":"https:\/\/diarioprincipios.com\/#\/schema\/person\/436d5a1fd41a5e250e23ff5a6a7cb080"},"headline":"M\u00e1s de 600 f\u00e1bricas de todo el pa\u00eds volver\u00e1n a producir con protocolos de prevenci\u00f3n de contagios","datePublished":"2020-05-10T23:10:41+00:00","dateModified":"2020-05-10T23:10:43+00:00","mainEntityOfPage":{"@id":"https:\/\/diarioprincipios.com\/index.php\/2020\/05\/10\/mas-de-600-fabricas-de-todo-el-pais-volveran-a-producir-con-protocolos-de-prevencion-de-contagios\/"},"wordCount":561,"commentCount":0,"publisher":{"@id":"https:\/\/diarioprincipios.com\/#organization"},"image":{"@id":"https:\/\/diarioprincipios.com\/index.php\/2020\/05\/10\/mas-de-600-fabricas-de-todo-el-pais-volveran-a-producir-con-protocolos-de-prevencion-de-contagios\/#primaryimage"},"thumbnailUrl":"https:\/\/diarioprincipios.com\/wp-content\/uploads\/2020\/05\/favru.jpg","articleSection":["Naci\u00f3n"],"inLanguage":"es","potentialAction":[{"@type":"CommentAction","name":"Comment","target":["https:\/\/diarioprincipios.com\/index.php\/2020\/05\/10\/mas-de-600-fabricas-de-todo-el-pais-volveran-a-producir-con-protocolos-de-prevencion-de-contagios\/#respond"]}]},{"@type":"WebPage","@id":"https:\/\/diarioprincipios.com\/index.php\/2020\/05\/10\/mas-de-600-fabricas-de-todo-el-pais-volveran-a-producir-con-protocolos-de-prevencion-de-contagios\/","url":"https:\/\/diarioprincipios.com\/index.php\/2020\/05\/10\/mas-de-600-fabricas-de-todo-el-pais-volveran-a-producir-con-protocolos-de-prevencion-de-contagios\/","name":"M\u00e1s de 600 f\u00e1bricas de todo el pa\u00eds volver\u00e1n a producir con protocolos de prevenci\u00f3n de contagios - Principios","isPartOf":{"@id":"https:\/\/diarioprincipios.com\/#website"},"primaryImageOfPage":{"@id":"https:\/\/diarioprincipios.com\/index.php\/2020\/05\/10\/mas-de-600-fabricas-de-todo-el-pais-volveran-a-producir-con-protocolos-de-prevencion-de-contagios\/#primaryimage"},"image":{"@id":"https:\/\/diarioprincipios.com\/index.php\/2020\/05\/10\/mas-de-600-fabricas-de-todo-el-pais-volveran-a-producir-con-protocolos-de-prevencion-de-contagios\/#primaryimage"},"thumbnailUrl":"https:\/\/diarioprincipios.com\/wp-content\/uploads\/2020\/05\/favru.jpg","datePublished":"2020-05-10T23:10:41+00:00","dateModified":"2020-05-10T23:10:43+00:00","breadcrumb":{"@id":"https:\/\/diarioprincipios.com\/index.php\/2020\/05\/10\/mas-de-600-fabricas-de-todo-el-pais-volveran-a-producir-con-protocolos-de-prevencion-de-contagios\/#breadcrumb"},"inLanguage":"es","potentialAction":[{"@type":"ReadAction","target":["https:\/\/diarioprincipios.com\/index.php\/2020\/05\/10\/mas-de-600-fabricas-de-todo-el-pais-volveran-a-producir-con-protocolos-de-prevencion-de-contagios\/"]}]},{"@type":"ImageObject","inLanguage":"es","@id":"https:\/\/diarioprincipios.com\/index.php\/2020\/05\/10\/mas-de-600-fabricas-de-todo-el-pais-volveran-a-producir-con-protocolos-de-prevencion-de-contagios\/#primaryimage","url":"https:\/\/diarioprincipios.com\/wp-content\/uploads\/2020\/05\/favru.jpg","contentUrl":"https:\/\/diarioprincipios.com\/wp-content\/uploads\/2020\/05\/favru.jpg","width":1690,"height":950},{"@type":"BreadcrumbList","@id":"https:\/\/diarioprincipios.com\/index.php\/2020\/05\/10\/mas-de-600-fabricas-de-todo-el-pais-volveran-a-producir-con-protocolos-de-prevencion-de-contagios\/#breadcrumb","itemListElement":[{"@type":"ListItem","position":1,"name":"Portada","item":"https:\/\/diarioprincipios.com\/"},{"@type":"ListItem","position":2,"name":"M\u00e1s de 600 f\u00e1bricas de todo el pa\u00eds volver\u00e1n a producir con protocolos de prevenci\u00f3n de contagios"}]},{"@type":"WebSite","@id":"https:\/\/diarioprincipios.com\/#website","url":"https:\/\/diarioprincipios.com\/","name":"Principios","description":"Principios Diario","publisher":{"@id":"https:\/\/diarioprincipios.com\/#organization"},"potentialAction":[{"@type":"SearchAction","target":{"@type":"EntryPoint","urlTemplate":"https:\/\/diarioprincipios.com\/?s={search_term_string}"},"query-input":{"@type":"PropertyValueSpecification","valueRequired":true,"valueName":"search_term_string"}}],"inLanguage":"es"},{"@type":"Organization","@id":"https:\/\/diarioprincipios.com\/#organization","name":"Principios","url":"https:\/\/diarioprincipios.com\/","logo":{"@type":"ImageObject","inLanguage":"es","@id":"https:\/\/diarioprincipios.com\/#\/schema\/logo\/image\/","url":"https:\/\/diarioprincipios.com\/wp-content\/uploads\/2024\/04\/cropped-www.diarioprincipios.com_-1.png","contentUrl":"https:\/\/diarioprincipios.com\/wp-content\/uploads\/2024\/04\/cropped-www.diarioprincipios.com_-1.png","width":5325,"height":1454,"caption":"Principios"},"image":{"@id":"https:\/\/diarioprincipios.com\/#\/schema\/logo\/image\/"}},{"@type":"Person","@id":"https:\/\/diarioprincipios.com\/#\/schema\/person\/436d5a1fd41a5e250e23ff5a6a7cb080","name":"Hern\u00e1n L\u00f3pez","image":{"@type":"ImageObject","inLanguage":"es","@id":"https:\/\/diarioprincipios.com\/wp-content\/litespeed\/avatar\/11ddfe5610ff3bd100522525b2571f48.jpg?ver=1777048341","url":"https:\/\/diarioprincipios.com\/wp-content\/litespeed\/avatar\/11ddfe5610ff3bd100522525b2571f48.jpg?ver=1777048341","contentUrl":"https:\/\/diarioprincipios.com\/wp-content\/litespeed\/avatar\/11ddfe5610ff3bd100522525b2571f48.jpg?ver=1777048341","caption":"Hern\u00e1n L\u00f3pez"},"url":"https:\/\/diarioprincipios.com\/index.php\/author\/hernan\/"}]}},"jetpack_featured_media_url":"https:\/\/diarioprincipios.com\/wp-content\/uploads\/2020\/05\/favru.jpg","_links":{"self":[{"href":"https:\/\/diarioprincipios.com\/index.php\/wp-json\/wp\/v2\/posts\/1383","targetHints":{"allow":["GET"]}}],"collection":[{"href":"https:\/\/diarioprincipios.com\/index.php\/wp-json\/wp\/v2\/posts"}],"about":[{"href":"https:\/\/diarioprincipios.com\/index.php\/wp-json\/wp\/v2\/types\/post"}],"author":[{"embeddable":true,"href":"https:\/\/diarioprincipios.com\/index.php\/wp-json\/wp\/v2\/users\/2"}],"replies":[{"embeddable":true,"href":"https:\/\/diarioprincipios.com\/index.php\/wp-json\/wp\/v2\/comments?post=1383"}],"version-history":[{"count":1,"href":"https:\/\/diarioprincipios.com\/index.php\/wp-json\/wp\/v2\/posts\/1383\/revisions"}],"predecessor-version":[{"id":1385,"href":"https:\/\/diarioprincipios.com\/index.php\/wp-json\/wp\/v2\/posts\/1383\/revisions\/1385"}],"wp:featuredmedia":[{"embeddable":true,"href":"https:\/\/diarioprincipios.com\/index.php\/wp-json\/wp\/v2\/media\/1384"}],"wp:attachment":[{"href":"https:\/\/diarioprincipios.com\/index.php\/wp-json\/wp\/v2\/media?parent=1383"}],"wp:term":[{"taxonomy":"category","embeddable":true,"href":"https:\/\/diarioprincipios.com\/index.php\/wp-json\/wp\/v2\/categories?post=1383"},{"taxonomy":"post_tag","embeddable":true,"href":"https:\/\/diarioprincipios.com\/index.php\/wp-json\/wp\/v2\/tags?post=1383"}],"curies":[{"name":"wp","href":"https:\/\/api.w.org\/{rel}","templated":true}]}}