{"id":13754,"date":"2022-06-07T17:35:34","date_gmt":"2022-06-07T20:35:34","guid":{"rendered":"http:\/\/diarioprincipios.com\/?p=13754"},"modified":"2022-06-07T17:35:36","modified_gmt":"2022-06-07T20:35:36","slug":"entregaron-insumos-y-equipamiento-a-escuelas-orientadas-en-el-arte","status":"publish","type":"post","link":"https:\/\/diarioprincipios.com\/index.php\/2022\/06\/07\/entregaron-insumos-y-equipamiento-a-escuelas-orientadas-en-el-arte\/","title":{"rendered":"Entregaron Insumos y Equipamiento a Escuelas orientadas en el Arte"},"content":{"rendered":"\n<p><strong>En un acto encabezado por el intendente Juan Jos\u00e9 Mussi, 11 instituciones educativas de nivel secundario con orientaci\u00f3n en Artes Visuales, M\u00fasica y Teatro, recibieron insumos y equipamiento. Estos aportes posibilitar\u00e1n el enriquecimiento de sus pr\u00e1cticas art\u00edsticas y la mejora de la calidad pedag\u00f3gica.<\/strong><\/p>\n\n\n\n<p>\u201cSiempre es un motivo de alegr\u00eda realizar estos actos de entrega de elementos para escuelas de Berazategui\u201d, destac\u00f3 el intendente Mussi. Y expres\u00f3: \u201cCreo que todos los adolescentes que siguen las orientaciones relacionadas con el arte, tienen la necesidad de decir lo que sienten y trasladarlo a la cotidianeidad. Por ejemplo, cuando vemos a un chico tocando la guitarra o actuando en una obra de teatro, nos despierta algo diferente en nuestro interior. Eso es muy lindo y merece ser apoyado\u201d.<\/p>\n\n\n\n<p>Berazategui cuenta con 54 escuelas secundarias, de las cuales 11 tienen orientaci\u00f3n en arte. En el encuentro, 5 Secundarias con orientaci\u00f3n en Artes Visuales -N\u00b0 7, N\u00b0 19, N\u00b0 30, N\u00b0 42 y N\u00b0 49- recibieron potes de t\u00e9mperas de colores, pinceles, esp\u00e1tulas y paletas de pintor. En tanto, 4 con orientaci\u00f3n en M\u00fasica -N\u00b0 31, N\u00b0 32, N\u00b0 38 y N\u00b0 41- fueron destinatarias de un piano el\u00e9ctrico, una consola de audio, un bajo el\u00e9ctrico, un caj\u00f3n de percusi\u00f3n, guitarras, una pandereta, un tambor, una flauta, pies para teclados, bafles y micr\u00f3fonos, entre otros insumos. Asimismo, a 2 con orientaci\u00f3n en Teatro -N\u00b0 46 y N\u00b0 52- se les hizo entrega de micr\u00f3fonos, cables para micr\u00f3fonos, un mixer de audio y bafles.<\/p>\n\n\n\n<p>En tanto, el secretario de Cultura y Educaci\u00f3n de la Municipalidad, Federico L\u00f3pez, afirm\u00f3: \u201cEste acto es un reflejo de la sinergia de trabajo que compartimos entre todos. Y ac\u00e1 vemos el resultado: la posibilidad de brindar herramientas que apuntan a mejorar la calidad educativa\u201d.<\/p>\n\n\n\n<p>Seguidamente, la inspectora de Art\u00edstica, Roxana Salvi, coment\u00f3: \u201cLes agradezco a Juan Jos\u00e9 Mussi y Federico L\u00f3pez por apoyarnos con esta gran necesidad que ten\u00edamos en el distrito respecto a las escuelas orientadas. Soy una fiel creyente de que el arte transforma realidades y abre nuevos caminos\u201d.<\/p>\n\n\n\n<p>Finalmente, Samira Zapata -estudiante de la Secundaria N\u00b0 38- realiz\u00f3 un emotivo cierre para la ceremonia, interpretando la canci\u00f3n Tu sin m\u00ed, con uno de los instrumentos que recibi\u00f3 la instituci\u00f3n.<\/p>\n\n\n\n<p>Durante el ciclo lectivo actual, estas escuelas nuevamente participar\u00e1n en el cl\u00e1sico festival organizado por la Municipalidad: Bera Rock; en el encuentro Berazategui hace teatro y en la muestra distrital de las Escuelas orientadas en Artes Visuales, en el marco de la Semana de las Artes, en el Museo del Golf.<\/p>\n\n\n\n<p>Asistieron al encuentro: las y los secretarios municipales, concejales, integrantes del Honorable Consejo Escolar (HCE), docentes y directivos de las escuelas beneficiarias.<\/p>\n","protected":false},"excerpt":{"rendered":"<p>En un acto encabezado por el intendente Juan Jos\u00e9 Mussi, 11 instituciones educativas de nivel secundario con orientaci\u00f3n en Artes Visuales, M\u00fasica y Teatro, recibieron insumos y equipamiento. Estos aportes posibilitar\u00e1n el enriquecimiento de sus pr\u00e1cticas art\u00edsticas y la mejora de la calidad pedag\u00f3gica. \u201cSiempre es un motivo de alegr\u00eda realizar estos actos de entrega&#8230;<\/p>\n","protected":false},"author":2,"featured_media":13755,"comment_status":"open","ping_status":"open","sticky":false,"template":"","format":"standard","meta":{"footnotes":""},"categories":[3],"tags":[],"class_list":["post-13754","post","type-post","status-publish","format-standard","has-post-thumbnail","hentry","category-berazategui"],"featured_image_src":"https:\/\/diarioprincipios.com\/wp-content\/uploads\/2022\/06\/ENTREGARON-INSUMOS-Y-EQUIPAMIENTO-A-ESCUELAS-ORIENTADAS-EN-ARTE-1-1024x683.jpg","blog_images":{"medium":"https:\/\/diarioprincipios.com\/wp-content\/uploads\/2022\/06\/ENTREGARON-INSUMOS-Y-EQUIPAMIENTO-A-ESCUELAS-ORIENTADAS-EN-ARTE-1-300x200.jpg","large":"https:\/\/diarioprincipios.com\/wp-content\/uploads\/2022\/06\/ENTREGARON-INSUMOS-Y-EQUIPAMIENTO-A-ESCUELAS-ORIENTADAS-EN-ARTE-1-1024x683.jpg"},"ams_acf":[],"yoast_head":"<!-- This site is optimized with the Yoast SEO plugin v27.3 - https:\/\/yoast.com\/product\/yoast-seo-wordpress\/ -->\n<title>Entregaron Insumos y Equipamiento a Escuelas orientadas en el Arte - Principios<\/title>\n<meta name=\"robots\" content=\"index, follow, max-snippet:-1, max-image-preview:large, max-video-preview:-1\" \/>\n<link rel=\"canonical\" href=\"https:\/\/diarioprincipios.com\/index.php\/2022\/06\/07\/entregaron-insumos-y-equipamiento-a-escuelas-orientadas-en-el-arte\/\" \/>\n<meta property=\"og:locale\" content=\"es_ES\" \/>\n<meta property=\"og:type\" content=\"article\" \/>\n<meta property=\"og:title\" content=\"Entregaron Insumos y Equipamiento a Escuelas orientadas en el Arte - Principios\" \/>\n<meta property=\"og:description\" content=\"En un acto encabezado por el intendente Juan Jos\u00e9 Mussi, 11 instituciones educativas de nivel secundario con orientaci\u00f3n en Artes Visuales, M\u00fasica y Teatro, recibieron insumos y equipamiento. Estos aportes posibilitar\u00e1n el enriquecimiento de sus pr\u00e1cticas art\u00edsticas y la mejora de la calidad pedag\u00f3gica. \u201cSiempre es un motivo de alegr\u00eda realizar estos actos de entrega...\" \/>\n<meta property=\"og:url\" content=\"https:\/\/diarioprincipios.com\/index.php\/2022\/06\/07\/entregaron-insumos-y-equipamiento-a-escuelas-orientadas-en-el-arte\/\" \/>\n<meta property=\"og:site_name\" content=\"Principios\" \/>\n<meta property=\"article:published_time\" content=\"2022-06-07T20:35:34+00:00\" \/>\n<meta property=\"article:modified_time\" content=\"2022-06-07T20:35:36+00:00\" \/>\n<meta property=\"og:image\" content=\"https:\/\/diarioprincipios.com\/wp-content\/uploads\/2022\/06\/ENTREGARON-INSUMOS-Y-EQUIPAMIENTO-A-ESCUELAS-ORIENTADAS-EN-ARTE-1.jpg\" \/>\n\t<meta property=\"og:image:width\" content=\"1920\" \/>\n\t<meta property=\"og:image:height\" content=\"1280\" \/>\n\t<meta property=\"og:image:type\" content=\"image\/jpeg\" \/>\n<meta name=\"author\" content=\"Hern\u00e1n L\u00f3pez\" \/>\n<meta name=\"twitter:card\" content=\"summary_large_image\" \/>\n<meta name=\"twitter:label1\" content=\"Escrito por\" \/>\n\t<meta name=\"twitter:data1\" content=\"Hern\u00e1n L\u00f3pez\" \/>\n\t<meta name=\"twitter:label2\" content=\"Tiempo de lectura\" \/>\n\t<meta name=\"twitter:data2\" content=\"3 minutos\" \/>\n<script type=\"application\/ld+json\" class=\"yoast-schema-graph\">{\"@context\":\"https:\\\/\\\/schema.org\",\"@graph\":[{\"@type\":\"Article\",\"@id\":\"https:\\\/\\\/diarioprincipios.com\\\/index.php\\\/2022\\\/06\\\/07\\\/entregaron-insumos-y-equipamiento-a-escuelas-orientadas-en-el-arte\\\/#article\",\"isPartOf\":{\"@id\":\"https:\\\/\\\/diarioprincipios.com\\\/index.php\\\/2022\\\/06\\\/07\\\/entregaron-insumos-y-equipamiento-a-escuelas-orientadas-en-el-arte\\\/\"},\"author\":{\"name\":\"Hern\u00e1n L\u00f3pez\",\"@id\":\"https:\\\/\\\/diarioprincipios.com\\\/#\\\/schema\\\/person\\\/436d5a1fd41a5e250e23ff5a6a7cb080\"},\"headline\":\"Entregaron Insumos y Equipamiento a Escuelas orientadas en el Arte\",\"datePublished\":\"2022-06-07T20:35:34+00:00\",\"dateModified\":\"2022-06-07T20:35:36+00:00\",\"mainEntityOfPage\":{\"@id\":\"https:\\\/\\\/diarioprincipios.com\\\/index.php\\\/2022\\\/06\\\/07\\\/entregaron-insumos-y-equipamiento-a-escuelas-orientadas-en-el-arte\\\/\"},\"wordCount\":470,\"commentCount\":0,\"publisher\":{\"@id\":\"https:\\\/\\\/diarioprincipios.com\\\/#organization\"},\"image\":{\"@id\":\"https:\\\/\\\/diarioprincipios.com\\\/index.php\\\/2022\\\/06\\\/07\\\/entregaron-insumos-y-equipamiento-a-escuelas-orientadas-en-el-arte\\\/#primaryimage\"},\"thumbnailUrl\":\"https:\\\/\\\/diarioprincipios.com\\\/wp-content\\\/uploads\\\/2022\\\/06\\\/ENTREGARON-INSUMOS-Y-EQUIPAMIENTO-A-ESCUELAS-ORIENTADAS-EN-ARTE-1.jpg\",\"articleSection\":[\"Berazategui\"],\"inLanguage\":\"es\",\"potentialAction\":[{\"@type\":\"CommentAction\",\"name\":\"Comment\",\"target\":[\"https:\\\/\\\/diarioprincipios.com\\\/index.php\\\/2022\\\/06\\\/07\\\/entregaron-insumos-y-equipamiento-a-escuelas-orientadas-en-el-arte\\\/#respond\"]}]},{\"@type\":\"WebPage\",\"@id\":\"https:\\\/\\\/diarioprincipios.com\\\/index.php\\\/2022\\\/06\\\/07\\\/entregaron-insumos-y-equipamiento-a-escuelas-orientadas-en-el-arte\\\/\",\"url\":\"https:\\\/\\\/diarioprincipios.com\\\/index.php\\\/2022\\\/06\\\/07\\\/entregaron-insumos-y-equipamiento-a-escuelas-orientadas-en-el-arte\\\/\",\"name\":\"Entregaron Insumos y Equipamiento a Escuelas orientadas en el Arte - Principios\",\"isPartOf\":{\"@id\":\"https:\\\/\\\/diarioprincipios.com\\\/#website\"},\"primaryImageOfPage\":{\"@id\":\"https:\\\/\\\/diarioprincipios.com\\\/index.php\\\/2022\\\/06\\\/07\\\/entregaron-insumos-y-equipamiento-a-escuelas-orientadas-en-el-arte\\\/#primaryimage\"},\"image\":{\"@id\":\"https:\\\/\\\/diarioprincipios.com\\\/index.php\\\/2022\\\/06\\\/07\\\/entregaron-insumos-y-equipamiento-a-escuelas-orientadas-en-el-arte\\\/#primaryimage\"},\"thumbnailUrl\":\"https:\\\/\\\/diarioprincipios.com\\\/wp-content\\\/uploads\\\/2022\\\/06\\\/ENTREGARON-INSUMOS-Y-EQUIPAMIENTO-A-ESCUELAS-ORIENTADAS-EN-ARTE-1.jpg\",\"datePublished\":\"2022-06-07T20:35:34+00:00\",\"dateModified\":\"2022-06-07T20:35:36+00:00\",\"breadcrumb\":{\"@id\":\"https:\\\/\\\/diarioprincipios.com\\\/index.php\\\/2022\\\/06\\\/07\\\/entregaron-insumos-y-equipamiento-a-escuelas-orientadas-en-el-arte\\\/#breadcrumb\"},\"inLanguage\":\"es\",\"potentialAction\":[{\"@type\":\"ReadAction\",\"target\":[\"https:\\\/\\\/diarioprincipios.com\\\/index.php\\\/2022\\\/06\\\/07\\\/entregaron-insumos-y-equipamiento-a-escuelas-orientadas-en-el-arte\\\/\"]}]},{\"@type\":\"ImageObject\",\"inLanguage\":\"es\",\"@id\":\"https:\\\/\\\/diarioprincipios.com\\\/index.php\\\/2022\\\/06\\\/07\\\/entregaron-insumos-y-equipamiento-a-escuelas-orientadas-en-el-arte\\\/#primaryimage\",\"url\":\"https:\\\/\\\/diarioprincipios.com\\\/wp-content\\\/uploads\\\/2022\\\/06\\\/ENTREGARON-INSUMOS-Y-EQUIPAMIENTO-A-ESCUELAS-ORIENTADAS-EN-ARTE-1.jpg\",\"contentUrl\":\"https:\\\/\\\/diarioprincipios.com\\\/wp-content\\\/uploads\\\/2022\\\/06\\\/ENTREGARON-INSUMOS-Y-EQUIPAMIENTO-A-ESCUELAS-ORIENTADAS-EN-ARTE-1.jpg\",\"width\":1920,\"height\":1280},{\"@type\":\"BreadcrumbList\",\"@id\":\"https:\\\/\\\/diarioprincipios.com\\\/index.php\\\/2022\\\/06\\\/07\\\/entregaron-insumos-y-equipamiento-a-escuelas-orientadas-en-el-arte\\\/#breadcrumb\",\"itemListElement\":[{\"@type\":\"ListItem\",\"position\":1,\"name\":\"Portada\",\"item\":\"https:\\\/\\\/diarioprincipios.com\\\/\"},{\"@type\":\"ListItem\",\"position\":2,\"name\":\"Entregaron Insumos y Equipamiento a Escuelas orientadas en el Arte\"}]},{\"@type\":\"WebSite\",\"@id\":\"https:\\\/\\\/diarioprincipios.com\\\/#website\",\"url\":\"https:\\\/\\\/diarioprincipios.com\\\/\",\"name\":\"Principios\",\"description\":\"Principios Diario\",\"publisher\":{\"@id\":\"https:\\\/\\\/diarioprincipios.com\\\/#organization\"},\"potentialAction\":[{\"@type\":\"SearchAction\",\"target\":{\"@type\":\"EntryPoint\",\"urlTemplate\":\"https:\\\/\\\/diarioprincipios.com\\\/?s={search_term_string}\"},\"query-input\":{\"@type\":\"PropertyValueSpecification\",\"valueRequired\":true,\"valueName\":\"search_term_string\"}}],\"inLanguage\":\"es\"},{\"@type\":\"Organization\",\"@id\":\"https:\\\/\\\/diarioprincipios.com\\\/#organization\",\"name\":\"Principios\",\"url\":\"https:\\\/\\\/diarioprincipios.com\\\/\",\"logo\":{\"@type\":\"ImageObject\",\"inLanguage\":\"es\",\"@id\":\"https:\\\/\\\/diarioprincipios.com\\\/#\\\/schema\\\/logo\\\/image\\\/\",\"url\":\"https:\\\/\\\/diarioprincipios.com\\\/wp-content\\\/uploads\\\/2024\\\/04\\\/cropped-www.diarioprincipios.com_-1.png\",\"contentUrl\":\"https:\\\/\\\/diarioprincipios.com\\\/wp-content\\\/uploads\\\/2024\\\/04\\\/cropped-www.diarioprincipios.com_-1.png\",\"width\":5325,\"height\":1454,\"caption\":\"Principios\"},\"image\":{\"@id\":\"https:\\\/\\\/diarioprincipios.com\\\/#\\\/schema\\\/logo\\\/image\\\/\"}},{\"@type\":\"Person\",\"@id\":\"https:\\\/\\\/diarioprincipios.com\\\/#\\\/schema\\\/person\\\/436d5a1fd41a5e250e23ff5a6a7cb080\",\"name\":\"Hern\u00e1n L\u00f3pez\",\"image\":{\"@type\":\"ImageObject\",\"inLanguage\":\"es\",\"@id\":\"https:\\\/\\\/diarioprincipios.com\\\/wp-content\\\/litespeed\\\/avatar\\\/11ddfe5610ff3bd100522525b2571f48.jpg?ver=1777048341\",\"url\":\"https:\\\/\\\/diarioprincipios.com\\\/wp-content\\\/litespeed\\\/avatar\\\/11ddfe5610ff3bd100522525b2571f48.jpg?ver=1777048341\",\"contentUrl\":\"https:\\\/\\\/diarioprincipios.com\\\/wp-content\\\/litespeed\\\/avatar\\\/11ddfe5610ff3bd100522525b2571f48.jpg?ver=1777048341\",\"caption\":\"Hern\u00e1n L\u00f3pez\"},\"url\":\"https:\\\/\\\/diarioprincipios.com\\\/index.php\\\/author\\\/hernan\\\/\"}]}<\/script>\n<!-- \/ Yoast SEO plugin. -->","yoast_head_json":{"title":"Entregaron Insumos y Equipamiento a Escuelas orientadas en el Arte - Principios","robots":{"index":"index","follow":"follow","max-snippet":"max-snippet:-1","max-image-preview":"max-image-preview:large","max-video-preview":"max-video-preview:-1"},"canonical":"https:\/\/diarioprincipios.com\/index.php\/2022\/06\/07\/entregaron-insumos-y-equipamiento-a-escuelas-orientadas-en-el-arte\/","og_locale":"es_ES","og_type":"article","og_title":"Entregaron Insumos y Equipamiento a Escuelas orientadas en el Arte - Principios","og_description":"En un acto encabezado por el intendente Juan Jos\u00e9 Mussi, 11 instituciones educativas de nivel secundario con orientaci\u00f3n en Artes Visuales, M\u00fasica y Teatro, recibieron insumos y equipamiento. Estos aportes posibilitar\u00e1n el enriquecimiento de sus pr\u00e1cticas art\u00edsticas y la mejora de la calidad pedag\u00f3gica. \u201cSiempre es un motivo de alegr\u00eda realizar estos actos de entrega...","og_url":"https:\/\/diarioprincipios.com\/index.php\/2022\/06\/07\/entregaron-insumos-y-equipamiento-a-escuelas-orientadas-en-el-arte\/","og_site_name":"Principios","article_published_time":"2022-06-07T20:35:34+00:00","article_modified_time":"2022-06-07T20:35:36+00:00","og_image":[{"width":1920,"height":1280,"url":"https:\/\/diarioprincipios.com\/wp-content\/uploads\/2022\/06\/ENTREGARON-INSUMOS-Y-EQUIPAMIENTO-A-ESCUELAS-ORIENTADAS-EN-ARTE-1.jpg","type":"image\/jpeg"}],"author":"Hern\u00e1n L\u00f3pez","twitter_card":"summary_large_image","twitter_misc":{"Escrito por":"Hern\u00e1n L\u00f3pez","Tiempo de lectura":"3 minutos"},"schema":{"@context":"https:\/\/schema.org","@graph":[{"@type":"Article","@id":"https:\/\/diarioprincipios.com\/index.php\/2022\/06\/07\/entregaron-insumos-y-equipamiento-a-escuelas-orientadas-en-el-arte\/#article","isPartOf":{"@id":"https:\/\/diarioprincipios.com\/index.php\/2022\/06\/07\/entregaron-insumos-y-equipamiento-a-escuelas-orientadas-en-el-arte\/"},"author":{"name":"Hern\u00e1n L\u00f3pez","@id":"https:\/\/diarioprincipios.com\/#\/schema\/person\/436d5a1fd41a5e250e23ff5a6a7cb080"},"headline":"Entregaron Insumos y Equipamiento a Escuelas orientadas en el Arte","datePublished":"2022-06-07T20:35:34+00:00","dateModified":"2022-06-07T20:35:36+00:00","mainEntityOfPage":{"@id":"https:\/\/diarioprincipios.com\/index.php\/2022\/06\/07\/entregaron-insumos-y-equipamiento-a-escuelas-orientadas-en-el-arte\/"},"wordCount":470,"commentCount":0,"publisher":{"@id":"https:\/\/diarioprincipios.com\/#organization"},"image":{"@id":"https:\/\/diarioprincipios.com\/index.php\/2022\/06\/07\/entregaron-insumos-y-equipamiento-a-escuelas-orientadas-en-el-arte\/#primaryimage"},"thumbnailUrl":"https:\/\/diarioprincipios.com\/wp-content\/uploads\/2022\/06\/ENTREGARON-INSUMOS-Y-EQUIPAMIENTO-A-ESCUELAS-ORIENTADAS-EN-ARTE-1.jpg","articleSection":["Berazategui"],"inLanguage":"es","potentialAction":[{"@type":"CommentAction","name":"Comment","target":["https:\/\/diarioprincipios.com\/index.php\/2022\/06\/07\/entregaron-insumos-y-equipamiento-a-escuelas-orientadas-en-el-arte\/#respond"]}]},{"@type":"WebPage","@id":"https:\/\/diarioprincipios.com\/index.php\/2022\/06\/07\/entregaron-insumos-y-equipamiento-a-escuelas-orientadas-en-el-arte\/","url":"https:\/\/diarioprincipios.com\/index.php\/2022\/06\/07\/entregaron-insumos-y-equipamiento-a-escuelas-orientadas-en-el-arte\/","name":"Entregaron Insumos y Equipamiento a Escuelas orientadas en el Arte - Principios","isPartOf":{"@id":"https:\/\/diarioprincipios.com\/#website"},"primaryImageOfPage":{"@id":"https:\/\/diarioprincipios.com\/index.php\/2022\/06\/07\/entregaron-insumos-y-equipamiento-a-escuelas-orientadas-en-el-arte\/#primaryimage"},"image":{"@id":"https:\/\/diarioprincipios.com\/index.php\/2022\/06\/07\/entregaron-insumos-y-equipamiento-a-escuelas-orientadas-en-el-arte\/#primaryimage"},"thumbnailUrl":"https:\/\/diarioprincipios.com\/wp-content\/uploads\/2022\/06\/ENTREGARON-INSUMOS-Y-EQUIPAMIENTO-A-ESCUELAS-ORIENTADAS-EN-ARTE-1.jpg","datePublished":"2022-06-07T20:35:34+00:00","dateModified":"2022-06-07T20:35:36+00:00","breadcrumb":{"@id":"https:\/\/diarioprincipios.com\/index.php\/2022\/06\/07\/entregaron-insumos-y-equipamiento-a-escuelas-orientadas-en-el-arte\/#breadcrumb"},"inLanguage":"es","potentialAction":[{"@type":"ReadAction","target":["https:\/\/diarioprincipios.com\/index.php\/2022\/06\/07\/entregaron-insumos-y-equipamiento-a-escuelas-orientadas-en-el-arte\/"]}]},{"@type":"ImageObject","inLanguage":"es","@id":"https:\/\/diarioprincipios.com\/index.php\/2022\/06\/07\/entregaron-insumos-y-equipamiento-a-escuelas-orientadas-en-el-arte\/#primaryimage","url":"https:\/\/diarioprincipios.com\/wp-content\/uploads\/2022\/06\/ENTREGARON-INSUMOS-Y-EQUIPAMIENTO-A-ESCUELAS-ORIENTADAS-EN-ARTE-1.jpg","contentUrl":"https:\/\/diarioprincipios.com\/wp-content\/uploads\/2022\/06\/ENTREGARON-INSUMOS-Y-EQUIPAMIENTO-A-ESCUELAS-ORIENTADAS-EN-ARTE-1.jpg","width":1920,"height":1280},{"@type":"BreadcrumbList","@id":"https:\/\/diarioprincipios.com\/index.php\/2022\/06\/07\/entregaron-insumos-y-equipamiento-a-escuelas-orientadas-en-el-arte\/#breadcrumb","itemListElement":[{"@type":"ListItem","position":1,"name":"Portada","item":"https:\/\/diarioprincipios.com\/"},{"@type":"ListItem","position":2,"name":"Entregaron Insumos y Equipamiento a Escuelas orientadas en el Arte"}]},{"@type":"WebSite","@id":"https:\/\/diarioprincipios.com\/#website","url":"https:\/\/diarioprincipios.com\/","name":"Principios","description":"Principios Diario","publisher":{"@id":"https:\/\/diarioprincipios.com\/#organization"},"potentialAction":[{"@type":"SearchAction","target":{"@type":"EntryPoint","urlTemplate":"https:\/\/diarioprincipios.com\/?s={search_term_string}"},"query-input":{"@type":"PropertyValueSpecification","valueRequired":true,"valueName":"search_term_string"}}],"inLanguage":"es"},{"@type":"Organization","@id":"https:\/\/diarioprincipios.com\/#organization","name":"Principios","url":"https:\/\/diarioprincipios.com\/","logo":{"@type":"ImageObject","inLanguage":"es","@id":"https:\/\/diarioprincipios.com\/#\/schema\/logo\/image\/","url":"https:\/\/diarioprincipios.com\/wp-content\/uploads\/2024\/04\/cropped-www.diarioprincipios.com_-1.png","contentUrl":"https:\/\/diarioprincipios.com\/wp-content\/uploads\/2024\/04\/cropped-www.diarioprincipios.com_-1.png","width":5325,"height":1454,"caption":"Principios"},"image":{"@id":"https:\/\/diarioprincipios.com\/#\/schema\/logo\/image\/"}},{"@type":"Person","@id":"https:\/\/diarioprincipios.com\/#\/schema\/person\/436d5a1fd41a5e250e23ff5a6a7cb080","name":"Hern\u00e1n L\u00f3pez","image":{"@type":"ImageObject","inLanguage":"es","@id":"https:\/\/diarioprincipios.com\/wp-content\/litespeed\/avatar\/11ddfe5610ff3bd100522525b2571f48.jpg?ver=1777048341","url":"https:\/\/diarioprincipios.com\/wp-content\/litespeed\/avatar\/11ddfe5610ff3bd100522525b2571f48.jpg?ver=1777048341","contentUrl":"https:\/\/diarioprincipios.com\/wp-content\/litespeed\/avatar\/11ddfe5610ff3bd100522525b2571f48.jpg?ver=1777048341","caption":"Hern\u00e1n L\u00f3pez"},"url":"https:\/\/diarioprincipios.com\/index.php\/author\/hernan\/"}]}},"jetpack_featured_media_url":"https:\/\/diarioprincipios.com\/wp-content\/uploads\/2022\/06\/ENTREGARON-INSUMOS-Y-EQUIPAMIENTO-A-ESCUELAS-ORIENTADAS-EN-ARTE-1.jpg","_links":{"self":[{"href":"https:\/\/diarioprincipios.com\/index.php\/wp-json\/wp\/v2\/posts\/13754","targetHints":{"allow":["GET"]}}],"collection":[{"href":"https:\/\/diarioprincipios.com\/index.php\/wp-json\/wp\/v2\/posts"}],"about":[{"href":"https:\/\/diarioprincipios.com\/index.php\/wp-json\/wp\/v2\/types\/post"}],"author":[{"embeddable":true,"href":"https:\/\/diarioprincipios.com\/index.php\/wp-json\/wp\/v2\/users\/2"}],"replies":[{"embeddable":true,"href":"https:\/\/diarioprincipios.com\/index.php\/wp-json\/wp\/v2\/comments?post=13754"}],"version-history":[{"count":1,"href":"https:\/\/diarioprincipios.com\/index.php\/wp-json\/wp\/v2\/posts\/13754\/revisions"}],"predecessor-version":[{"id":13756,"href":"https:\/\/diarioprincipios.com\/index.php\/wp-json\/wp\/v2\/posts\/13754\/revisions\/13756"}],"wp:featuredmedia":[{"embeddable":true,"href":"https:\/\/diarioprincipios.com\/index.php\/wp-json\/wp\/v2\/media\/13755"}],"wp:attachment":[{"href":"https:\/\/diarioprincipios.com\/index.php\/wp-json\/wp\/v2\/media?parent=13754"}],"wp:term":[{"taxonomy":"category","embeddable":true,"href":"https:\/\/diarioprincipios.com\/index.php\/wp-json\/wp\/v2\/categories?post=13754"},{"taxonomy":"post_tag","embeddable":true,"href":"https:\/\/diarioprincipios.com\/index.php\/wp-json\/wp\/v2\/tags?post=13754"}],"curies":[{"name":"wp","href":"https:\/\/api.w.org\/{rel}","templated":true}]}}