{"id":13648,"date":"2022-05-23T18:08:25","date_gmt":"2022-05-23T21:08:25","guid":{"rendered":"http:\/\/diarioprincipios.com\/?p=13648"},"modified":"2022-05-23T18:08:34","modified_gmt":"2022-05-23T21:08:34","slug":"se-viene-la-33-prueba-atletica-10k-dia-del-vidriero","status":"publish","type":"post","link":"https:\/\/diarioprincipios.com\/index.php\/2022\/05\/23\/se-viene-la-33-prueba-atletica-10k-dia-del-vidriero\/","title":{"rendered":"Se viene la 33\u00b0 Prueba Atl\u00e9tica 10K Dia del Vidriero"},"content":{"rendered":"\n<p><strong>El 11 de junio se realizar\u00e1 la 33\u00ba edici\u00f3n de la emblem\u00e1tica Prueba Atl\u00e9tica 10K D\u00eda del Vidriero. Organizada por la Municipalidad de Berazategui, en esta oportunidad llevar\u00e1 el nombre de Saverio Terminiello, en homenaje a su creador y principal impulsor (fallecido recientemente). Las inscripciones son gratuitas y comenzar\u00e1n el 27 de mayo.<\/strong><\/p>\n\n\n\n<p>Maximiliano Arocena, integrante de la Direcci\u00f3n de Deportes de la Secretar\u00eda de Desarrollo Social y Comunitario, Recreaci\u00f3n, Turismo y Deportes, expres\u00f3 al respecto: \u201cEs emocionante poder retomar este evento tradicional, ya que el \u00faltimo se realiz\u00f3 en 2019 con 4700 inscriptos y no se pudo continuar a causa de la pandemia de coronavirus. La inscripci\u00f3n este a\u00f1o ser\u00e1 online, a trav\u00e9s de la web&nbsp;<a href=\"http:\/\/berazategui.gob.ar\/\" target=\"_blank\" rel=\"noreferrer noopener\">Berazategui.gob.ar<\/a>, desde el 27 de mayo a las 13.00 hasta el 8 de junio a las 19.00\u201d.<\/p>\n\n\n\n\n\n<p>Adem\u00e1s, Arocena adelant\u00f3: \u201cLos participantes recibir\u00e1n su kit en el Club Municipal Ducilo (calle 5 y 151). La carrera se realizar\u00e1 el s\u00e1bado 11 de junio, a las 16.00, desde la avenida 14 y 142. El recorrido fue modificado en virtud de la obra de repavimentaci\u00f3n y ensanche de Camino General Belgrano que se est\u00e1 concretando en Berazategui con fondos nacionales, de modo que el nuevo circuito ser\u00e1 certificado por un \u00e1rbitro de la Federaci\u00f3n Atl\u00e9tica Metropolitana (FAM)\u201d.<\/p>\n\n\n\n<p>La Prueba Atl\u00e9tica 10K D\u00eda del Vidriero es un evento tradicional en Berazategui y \u201cuno de los m\u00e1s importantes en deportes, una carrera de renombre a nivel nacional en la que participan atletas locales, de todo el pa\u00eds e internacionales. Es gratuita y est\u00e1 abierta a la participaci\u00f3n de toda la familia, con 9 categor\u00edas de hombres y de mujeres, y para personas con discapacidad\u201d, asegur\u00f3 Arocena. Y concluy\u00f3: \u201cEsta nueva edici\u00f3n llevar\u00e1 el nombre de Saverio Terminiello en homenaje a su persona, como creador de la carrera junto a Juan Jos\u00e9 Mussi. Invitamos a todos los vecinos y vecinas a participar\u201d.<\/p>\n","protected":false},"excerpt":{"rendered":"<p>El 11 de junio se realizar\u00e1 la 33\u00ba edici\u00f3n de la emblem\u00e1tica Prueba Atl\u00e9tica 10K D\u00eda del Vidriero. Organizada por la Municipalidad de Berazategui, en esta oportunidad llevar\u00e1 el nombre de Saverio Terminiello, en homenaje a su creador y principal impulsor (fallecido recientemente). Las inscripciones son gratuitas y comenzar\u00e1n el 27 de mayo. Maximiliano Arocena,&#8230;<\/p>\n","protected":false},"author":2,"featured_media":13651,"comment_status":"open","ping_status":"open","sticky":false,"template":"","format":"standard","meta":{"footnotes":""},"categories":[3],"tags":[],"class_list":["post-13648","post","type-post","status-publish","format-standard","has-post-thumbnail","hentry","category-berazategui"],"featured_image_src":"https:\/\/diarioprincipios.com\/wp-content\/uploads\/2022\/05\/SE-VIENE-LA-33o-PRUEBA-ATLETICA-10K-DIA-DEL-VIDRIERO1-2-1024x682.jpg","blog_images":{"medium":"https:\/\/diarioprincipios.com\/wp-content\/uploads\/2022\/05\/SE-VIENE-LA-33o-PRUEBA-ATLETICA-10K-DIA-DEL-VIDRIERO1-2-300x200.jpg","large":"https:\/\/diarioprincipios.com\/wp-content\/uploads\/2022\/05\/SE-VIENE-LA-33o-PRUEBA-ATLETICA-10K-DIA-DEL-VIDRIERO1-2-1024x682.jpg"},"ams_acf":[],"yoast_head":"<!-- This site is optimized with the Yoast SEO plugin v27.3 - https:\/\/yoast.com\/product\/yoast-seo-wordpress\/ -->\n<title>Se viene la 33\u00b0 Prueba Atl\u00e9tica 10K Dia del Vidriero - Principios<\/title>\n<meta name=\"robots\" content=\"index, follow, max-snippet:-1, max-image-preview:large, max-video-preview:-1\" \/>\n<link rel=\"canonical\" href=\"https:\/\/diarioprincipios.com\/index.php\/2022\/05\/23\/se-viene-la-33-prueba-atletica-10k-dia-del-vidriero\/\" \/>\n<meta property=\"og:locale\" content=\"es_ES\" \/>\n<meta property=\"og:type\" content=\"article\" \/>\n<meta property=\"og:title\" content=\"Se viene la 33\u00b0 Prueba Atl\u00e9tica 10K Dia del Vidriero - Principios\" \/>\n<meta property=\"og:description\" content=\"El 11 de junio se realizar\u00e1 la 33\u00ba edici\u00f3n de la emblem\u00e1tica Prueba Atl\u00e9tica 10K D\u00eda del Vidriero. Organizada por la Municipalidad de Berazategui, en esta oportunidad llevar\u00e1 el nombre de Saverio Terminiello, en homenaje a su creador y principal impulsor (fallecido recientemente). Las inscripciones son gratuitas y comenzar\u00e1n el 27 de mayo. Maximiliano Arocena,...\" \/>\n<meta property=\"og:url\" content=\"https:\/\/diarioprincipios.com\/index.php\/2022\/05\/23\/se-viene-la-33-prueba-atletica-10k-dia-del-vidriero\/\" \/>\n<meta property=\"og:site_name\" content=\"Principios\" \/>\n<meta property=\"article:published_time\" content=\"2022-05-23T21:08:25+00:00\" \/>\n<meta property=\"article:modified_time\" content=\"2022-05-23T21:08:34+00:00\" \/>\n<meta property=\"og:image\" content=\"https:\/\/diarioprincipios.com\/wp-content\/uploads\/2022\/05\/SE-VIENE-LA-33o-PRUEBA-ATLETICA-10K-DIA-DEL-VIDRIERO1-2.jpg\" \/>\n\t<meta property=\"og:image:width\" content=\"1280\" \/>\n\t<meta property=\"og:image:height\" content=\"853\" \/>\n\t<meta property=\"og:image:type\" content=\"image\/jpeg\" \/>\n<meta name=\"author\" content=\"Hern\u00e1n L\u00f3pez\" \/>\n<meta name=\"twitter:card\" content=\"summary_large_image\" \/>\n<meta name=\"twitter:label1\" content=\"Escrito por\" \/>\n\t<meta name=\"twitter:data1\" content=\"Hern\u00e1n L\u00f3pez\" \/>\n\t<meta name=\"twitter:label2\" content=\"Tiempo de lectura\" \/>\n\t<meta name=\"twitter:data2\" content=\"2 minutos\" \/>\n<script type=\"application\/ld+json\" class=\"yoast-schema-graph\">{\"@context\":\"https:\\\/\\\/schema.org\",\"@graph\":[{\"@type\":\"Article\",\"@id\":\"https:\\\/\\\/diarioprincipios.com\\\/index.php\\\/2022\\\/05\\\/23\\\/se-viene-la-33-prueba-atletica-10k-dia-del-vidriero\\\/#article\",\"isPartOf\":{\"@id\":\"https:\\\/\\\/diarioprincipios.com\\\/index.php\\\/2022\\\/05\\\/23\\\/se-viene-la-33-prueba-atletica-10k-dia-del-vidriero\\\/\"},\"author\":{\"name\":\"Hern\u00e1n L\u00f3pez\",\"@id\":\"https:\\\/\\\/diarioprincipios.com\\\/#\\\/schema\\\/person\\\/436d5a1fd41a5e250e23ff5a6a7cb080\"},\"headline\":\"Se viene la 33\u00b0 Prueba Atl\u00e9tica 10K Dia del Vidriero\",\"datePublished\":\"2022-05-23T21:08:25+00:00\",\"dateModified\":\"2022-05-23T21:08:34+00:00\",\"mainEntityOfPage\":{\"@id\":\"https:\\\/\\\/diarioprincipios.com\\\/index.php\\\/2022\\\/05\\\/23\\\/se-viene-la-33-prueba-atletica-10k-dia-del-vidriero\\\/\"},\"wordCount\":335,\"commentCount\":0,\"publisher\":{\"@id\":\"https:\\\/\\\/diarioprincipios.com\\\/#organization\"},\"image\":{\"@id\":\"https:\\\/\\\/diarioprincipios.com\\\/index.php\\\/2022\\\/05\\\/23\\\/se-viene-la-33-prueba-atletica-10k-dia-del-vidriero\\\/#primaryimage\"},\"thumbnailUrl\":\"https:\\\/\\\/diarioprincipios.com\\\/wp-content\\\/uploads\\\/2022\\\/05\\\/SE-VIENE-LA-33o-PRUEBA-ATLETICA-10K-DIA-DEL-VIDRIERO1-2.jpg\",\"articleSection\":[\"Berazategui\"],\"inLanguage\":\"es\",\"potentialAction\":[{\"@type\":\"CommentAction\",\"name\":\"Comment\",\"target\":[\"https:\\\/\\\/diarioprincipios.com\\\/index.php\\\/2022\\\/05\\\/23\\\/se-viene-la-33-prueba-atletica-10k-dia-del-vidriero\\\/#respond\"]}]},{\"@type\":\"WebPage\",\"@id\":\"https:\\\/\\\/diarioprincipios.com\\\/index.php\\\/2022\\\/05\\\/23\\\/se-viene-la-33-prueba-atletica-10k-dia-del-vidriero\\\/\",\"url\":\"https:\\\/\\\/diarioprincipios.com\\\/index.php\\\/2022\\\/05\\\/23\\\/se-viene-la-33-prueba-atletica-10k-dia-del-vidriero\\\/\",\"name\":\"Se viene la 33\u00b0 Prueba Atl\u00e9tica 10K Dia del Vidriero - Principios\",\"isPartOf\":{\"@id\":\"https:\\\/\\\/diarioprincipios.com\\\/#website\"},\"primaryImageOfPage\":{\"@id\":\"https:\\\/\\\/diarioprincipios.com\\\/index.php\\\/2022\\\/05\\\/23\\\/se-viene-la-33-prueba-atletica-10k-dia-del-vidriero\\\/#primaryimage\"},\"image\":{\"@id\":\"https:\\\/\\\/diarioprincipios.com\\\/index.php\\\/2022\\\/05\\\/23\\\/se-viene-la-33-prueba-atletica-10k-dia-del-vidriero\\\/#primaryimage\"},\"thumbnailUrl\":\"https:\\\/\\\/diarioprincipios.com\\\/wp-content\\\/uploads\\\/2022\\\/05\\\/SE-VIENE-LA-33o-PRUEBA-ATLETICA-10K-DIA-DEL-VIDRIERO1-2.jpg\",\"datePublished\":\"2022-05-23T21:08:25+00:00\",\"dateModified\":\"2022-05-23T21:08:34+00:00\",\"breadcrumb\":{\"@id\":\"https:\\\/\\\/diarioprincipios.com\\\/index.php\\\/2022\\\/05\\\/23\\\/se-viene-la-33-prueba-atletica-10k-dia-del-vidriero\\\/#breadcrumb\"},\"inLanguage\":\"es\",\"potentialAction\":[{\"@type\":\"ReadAction\",\"target\":[\"https:\\\/\\\/diarioprincipios.com\\\/index.php\\\/2022\\\/05\\\/23\\\/se-viene-la-33-prueba-atletica-10k-dia-del-vidriero\\\/\"]}]},{\"@type\":\"ImageObject\",\"inLanguage\":\"es\",\"@id\":\"https:\\\/\\\/diarioprincipios.com\\\/index.php\\\/2022\\\/05\\\/23\\\/se-viene-la-33-prueba-atletica-10k-dia-del-vidriero\\\/#primaryimage\",\"url\":\"https:\\\/\\\/diarioprincipios.com\\\/wp-content\\\/uploads\\\/2022\\\/05\\\/SE-VIENE-LA-33o-PRUEBA-ATLETICA-10K-DIA-DEL-VIDRIERO1-2.jpg\",\"contentUrl\":\"https:\\\/\\\/diarioprincipios.com\\\/wp-content\\\/uploads\\\/2022\\\/05\\\/SE-VIENE-LA-33o-PRUEBA-ATLETICA-10K-DIA-DEL-VIDRIERO1-2.jpg\",\"width\":1280,\"height\":853},{\"@type\":\"BreadcrumbList\",\"@id\":\"https:\\\/\\\/diarioprincipios.com\\\/index.php\\\/2022\\\/05\\\/23\\\/se-viene-la-33-prueba-atletica-10k-dia-del-vidriero\\\/#breadcrumb\",\"itemListElement\":[{\"@type\":\"ListItem\",\"position\":1,\"name\":\"Portada\",\"item\":\"https:\\\/\\\/diarioprincipios.com\\\/\"},{\"@type\":\"ListItem\",\"position\":2,\"name\":\"Se viene la 33\u00b0 Prueba Atl\u00e9tica 10K Dia del Vidriero\"}]},{\"@type\":\"WebSite\",\"@id\":\"https:\\\/\\\/diarioprincipios.com\\\/#website\",\"url\":\"https:\\\/\\\/diarioprincipios.com\\\/\",\"name\":\"Principios\",\"description\":\"Principios Diario\",\"publisher\":{\"@id\":\"https:\\\/\\\/diarioprincipios.com\\\/#organization\"},\"potentialAction\":[{\"@type\":\"SearchAction\",\"target\":{\"@type\":\"EntryPoint\",\"urlTemplate\":\"https:\\\/\\\/diarioprincipios.com\\\/?s={search_term_string}\"},\"query-input\":{\"@type\":\"PropertyValueSpecification\",\"valueRequired\":true,\"valueName\":\"search_term_string\"}}],\"inLanguage\":\"es\"},{\"@type\":\"Organization\",\"@id\":\"https:\\\/\\\/diarioprincipios.com\\\/#organization\",\"name\":\"Principios\",\"url\":\"https:\\\/\\\/diarioprincipios.com\\\/\",\"logo\":{\"@type\":\"ImageObject\",\"inLanguage\":\"es\",\"@id\":\"https:\\\/\\\/diarioprincipios.com\\\/#\\\/schema\\\/logo\\\/image\\\/\",\"url\":\"https:\\\/\\\/diarioprincipios.com\\\/wp-content\\\/uploads\\\/2024\\\/04\\\/cropped-www.diarioprincipios.com_-1.png\",\"contentUrl\":\"https:\\\/\\\/diarioprincipios.com\\\/wp-content\\\/uploads\\\/2024\\\/04\\\/cropped-www.diarioprincipios.com_-1.png\",\"width\":5325,\"height\":1454,\"caption\":\"Principios\"},\"image\":{\"@id\":\"https:\\\/\\\/diarioprincipios.com\\\/#\\\/schema\\\/logo\\\/image\\\/\"}},{\"@type\":\"Person\",\"@id\":\"https:\\\/\\\/diarioprincipios.com\\\/#\\\/schema\\\/person\\\/436d5a1fd41a5e250e23ff5a6a7cb080\",\"name\":\"Hern\u00e1n L\u00f3pez\",\"image\":{\"@type\":\"ImageObject\",\"inLanguage\":\"es\",\"@id\":\"https:\\\/\\\/diarioprincipios.com\\\/wp-content\\\/litespeed\\\/avatar\\\/11ddfe5610ff3bd100522525b2571f48.jpg?ver=1777048341\",\"url\":\"https:\\\/\\\/diarioprincipios.com\\\/wp-content\\\/litespeed\\\/avatar\\\/11ddfe5610ff3bd100522525b2571f48.jpg?ver=1777048341\",\"contentUrl\":\"https:\\\/\\\/diarioprincipios.com\\\/wp-content\\\/litespeed\\\/avatar\\\/11ddfe5610ff3bd100522525b2571f48.jpg?ver=1777048341\",\"caption\":\"Hern\u00e1n L\u00f3pez\"},\"url\":\"https:\\\/\\\/diarioprincipios.com\\\/index.php\\\/author\\\/hernan\\\/\"}]}<\/script>\n<!-- \/ Yoast SEO plugin. -->","yoast_head_json":{"title":"Se viene la 33\u00b0 Prueba Atl\u00e9tica 10K Dia del Vidriero - Principios","robots":{"index":"index","follow":"follow","max-snippet":"max-snippet:-1","max-image-preview":"max-image-preview:large","max-video-preview":"max-video-preview:-1"},"canonical":"https:\/\/diarioprincipios.com\/index.php\/2022\/05\/23\/se-viene-la-33-prueba-atletica-10k-dia-del-vidriero\/","og_locale":"es_ES","og_type":"article","og_title":"Se viene la 33\u00b0 Prueba Atl\u00e9tica 10K Dia del Vidriero - Principios","og_description":"El 11 de junio se realizar\u00e1 la 33\u00ba edici\u00f3n de la emblem\u00e1tica Prueba Atl\u00e9tica 10K D\u00eda del Vidriero. Organizada por la Municipalidad de Berazategui, en esta oportunidad llevar\u00e1 el nombre de Saverio Terminiello, en homenaje a su creador y principal impulsor (fallecido recientemente). Las inscripciones son gratuitas y comenzar\u00e1n el 27 de mayo. Maximiliano Arocena,...","og_url":"https:\/\/diarioprincipios.com\/index.php\/2022\/05\/23\/se-viene-la-33-prueba-atletica-10k-dia-del-vidriero\/","og_site_name":"Principios","article_published_time":"2022-05-23T21:08:25+00:00","article_modified_time":"2022-05-23T21:08:34+00:00","og_image":[{"width":1280,"height":853,"url":"https:\/\/diarioprincipios.com\/wp-content\/uploads\/2022\/05\/SE-VIENE-LA-33o-PRUEBA-ATLETICA-10K-DIA-DEL-VIDRIERO1-2.jpg","type":"image\/jpeg"}],"author":"Hern\u00e1n L\u00f3pez","twitter_card":"summary_large_image","twitter_misc":{"Escrito por":"Hern\u00e1n L\u00f3pez","Tiempo de lectura":"2 minutos"},"schema":{"@context":"https:\/\/schema.org","@graph":[{"@type":"Article","@id":"https:\/\/diarioprincipios.com\/index.php\/2022\/05\/23\/se-viene-la-33-prueba-atletica-10k-dia-del-vidriero\/#article","isPartOf":{"@id":"https:\/\/diarioprincipios.com\/index.php\/2022\/05\/23\/se-viene-la-33-prueba-atletica-10k-dia-del-vidriero\/"},"author":{"name":"Hern\u00e1n L\u00f3pez","@id":"https:\/\/diarioprincipios.com\/#\/schema\/person\/436d5a1fd41a5e250e23ff5a6a7cb080"},"headline":"Se viene la 33\u00b0 Prueba Atl\u00e9tica 10K Dia del Vidriero","datePublished":"2022-05-23T21:08:25+00:00","dateModified":"2022-05-23T21:08:34+00:00","mainEntityOfPage":{"@id":"https:\/\/diarioprincipios.com\/index.php\/2022\/05\/23\/se-viene-la-33-prueba-atletica-10k-dia-del-vidriero\/"},"wordCount":335,"commentCount":0,"publisher":{"@id":"https:\/\/diarioprincipios.com\/#organization"},"image":{"@id":"https:\/\/diarioprincipios.com\/index.php\/2022\/05\/23\/se-viene-la-33-prueba-atletica-10k-dia-del-vidriero\/#primaryimage"},"thumbnailUrl":"https:\/\/diarioprincipios.com\/wp-content\/uploads\/2022\/05\/SE-VIENE-LA-33o-PRUEBA-ATLETICA-10K-DIA-DEL-VIDRIERO1-2.jpg","articleSection":["Berazategui"],"inLanguage":"es","potentialAction":[{"@type":"CommentAction","name":"Comment","target":["https:\/\/diarioprincipios.com\/index.php\/2022\/05\/23\/se-viene-la-33-prueba-atletica-10k-dia-del-vidriero\/#respond"]}]},{"@type":"WebPage","@id":"https:\/\/diarioprincipios.com\/index.php\/2022\/05\/23\/se-viene-la-33-prueba-atletica-10k-dia-del-vidriero\/","url":"https:\/\/diarioprincipios.com\/index.php\/2022\/05\/23\/se-viene-la-33-prueba-atletica-10k-dia-del-vidriero\/","name":"Se viene la 33\u00b0 Prueba Atl\u00e9tica 10K Dia del Vidriero - Principios","isPartOf":{"@id":"https:\/\/diarioprincipios.com\/#website"},"primaryImageOfPage":{"@id":"https:\/\/diarioprincipios.com\/index.php\/2022\/05\/23\/se-viene-la-33-prueba-atletica-10k-dia-del-vidriero\/#primaryimage"},"image":{"@id":"https:\/\/diarioprincipios.com\/index.php\/2022\/05\/23\/se-viene-la-33-prueba-atletica-10k-dia-del-vidriero\/#primaryimage"},"thumbnailUrl":"https:\/\/diarioprincipios.com\/wp-content\/uploads\/2022\/05\/SE-VIENE-LA-33o-PRUEBA-ATLETICA-10K-DIA-DEL-VIDRIERO1-2.jpg","datePublished":"2022-05-23T21:08:25+00:00","dateModified":"2022-05-23T21:08:34+00:00","breadcrumb":{"@id":"https:\/\/diarioprincipios.com\/index.php\/2022\/05\/23\/se-viene-la-33-prueba-atletica-10k-dia-del-vidriero\/#breadcrumb"},"inLanguage":"es","potentialAction":[{"@type":"ReadAction","target":["https:\/\/diarioprincipios.com\/index.php\/2022\/05\/23\/se-viene-la-33-prueba-atletica-10k-dia-del-vidriero\/"]}]},{"@type":"ImageObject","inLanguage":"es","@id":"https:\/\/diarioprincipios.com\/index.php\/2022\/05\/23\/se-viene-la-33-prueba-atletica-10k-dia-del-vidriero\/#primaryimage","url":"https:\/\/diarioprincipios.com\/wp-content\/uploads\/2022\/05\/SE-VIENE-LA-33o-PRUEBA-ATLETICA-10K-DIA-DEL-VIDRIERO1-2.jpg","contentUrl":"https:\/\/diarioprincipios.com\/wp-content\/uploads\/2022\/05\/SE-VIENE-LA-33o-PRUEBA-ATLETICA-10K-DIA-DEL-VIDRIERO1-2.jpg","width":1280,"height":853},{"@type":"BreadcrumbList","@id":"https:\/\/diarioprincipios.com\/index.php\/2022\/05\/23\/se-viene-la-33-prueba-atletica-10k-dia-del-vidriero\/#breadcrumb","itemListElement":[{"@type":"ListItem","position":1,"name":"Portada","item":"https:\/\/diarioprincipios.com\/"},{"@type":"ListItem","position":2,"name":"Se viene la 33\u00b0 Prueba Atl\u00e9tica 10K Dia del Vidriero"}]},{"@type":"WebSite","@id":"https:\/\/diarioprincipios.com\/#website","url":"https:\/\/diarioprincipios.com\/","name":"Principios","description":"Principios Diario","publisher":{"@id":"https:\/\/diarioprincipios.com\/#organization"},"potentialAction":[{"@type":"SearchAction","target":{"@type":"EntryPoint","urlTemplate":"https:\/\/diarioprincipios.com\/?s={search_term_string}"},"query-input":{"@type":"PropertyValueSpecification","valueRequired":true,"valueName":"search_term_string"}}],"inLanguage":"es"},{"@type":"Organization","@id":"https:\/\/diarioprincipios.com\/#organization","name":"Principios","url":"https:\/\/diarioprincipios.com\/","logo":{"@type":"ImageObject","inLanguage":"es","@id":"https:\/\/diarioprincipios.com\/#\/schema\/logo\/image\/","url":"https:\/\/diarioprincipios.com\/wp-content\/uploads\/2024\/04\/cropped-www.diarioprincipios.com_-1.png","contentUrl":"https:\/\/diarioprincipios.com\/wp-content\/uploads\/2024\/04\/cropped-www.diarioprincipios.com_-1.png","width":5325,"height":1454,"caption":"Principios"},"image":{"@id":"https:\/\/diarioprincipios.com\/#\/schema\/logo\/image\/"}},{"@type":"Person","@id":"https:\/\/diarioprincipios.com\/#\/schema\/person\/436d5a1fd41a5e250e23ff5a6a7cb080","name":"Hern\u00e1n L\u00f3pez","image":{"@type":"ImageObject","inLanguage":"es","@id":"https:\/\/diarioprincipios.com\/wp-content\/litespeed\/avatar\/11ddfe5610ff3bd100522525b2571f48.jpg?ver=1777048341","url":"https:\/\/diarioprincipios.com\/wp-content\/litespeed\/avatar\/11ddfe5610ff3bd100522525b2571f48.jpg?ver=1777048341","contentUrl":"https:\/\/diarioprincipios.com\/wp-content\/litespeed\/avatar\/11ddfe5610ff3bd100522525b2571f48.jpg?ver=1777048341","caption":"Hern\u00e1n L\u00f3pez"},"url":"https:\/\/diarioprincipios.com\/index.php\/author\/hernan\/"}]}},"jetpack_featured_media_url":"https:\/\/diarioprincipios.com\/wp-content\/uploads\/2022\/05\/SE-VIENE-LA-33o-PRUEBA-ATLETICA-10K-DIA-DEL-VIDRIERO1-2.jpg","_links":{"self":[{"href":"https:\/\/diarioprincipios.com\/index.php\/wp-json\/wp\/v2\/posts\/13648","targetHints":{"allow":["GET"]}}],"collection":[{"href":"https:\/\/diarioprincipios.com\/index.php\/wp-json\/wp\/v2\/posts"}],"about":[{"href":"https:\/\/diarioprincipios.com\/index.php\/wp-json\/wp\/v2\/types\/post"}],"author":[{"embeddable":true,"href":"https:\/\/diarioprincipios.com\/index.php\/wp-json\/wp\/v2\/users\/2"}],"replies":[{"embeddable":true,"href":"https:\/\/diarioprincipios.com\/index.php\/wp-json\/wp\/v2\/comments?post=13648"}],"version-history":[{"count":1,"href":"https:\/\/diarioprincipios.com\/index.php\/wp-json\/wp\/v2\/posts\/13648\/revisions"}],"predecessor-version":[{"id":13652,"href":"https:\/\/diarioprincipios.com\/index.php\/wp-json\/wp\/v2\/posts\/13648\/revisions\/13652"}],"wp:featuredmedia":[{"embeddable":true,"href":"https:\/\/diarioprincipios.com\/index.php\/wp-json\/wp\/v2\/media\/13651"}],"wp:attachment":[{"href":"https:\/\/diarioprincipios.com\/index.php\/wp-json\/wp\/v2\/media?parent=13648"}],"wp:term":[{"taxonomy":"category","embeddable":true,"href":"https:\/\/diarioprincipios.com\/index.php\/wp-json\/wp\/v2\/categories?post=13648"},{"taxonomy":"post_tag","embeddable":true,"href":"https:\/\/diarioprincipios.com\/index.php\/wp-json\/wp\/v2\/tags?post=13648"}],"curies":[{"name":"wp","href":"https:\/\/api.w.org\/{rel}","templated":true}]}}