{"id":1362,"date":"2020-05-08T17:44:48","date_gmt":"2020-05-08T17:44:48","guid":{"rendered":"http:\/\/diarioprincipios.com\/?p=1362"},"modified":"2020-05-08T17:44:51","modified_gmt":"2020-05-08T17:44:51","slug":"ferraresi-se-reunio-con-la-titular-de-pami-luana-volnovich-y-luego-visitaron-policlinico-de-la-uom","status":"publish","type":"post","link":"https:\/\/diarioprincipios.com\/index.php\/2020\/05\/08\/ferraresi-se-reunio-con-la-titular-de-pami-luana-volnovich-y-luego-visitaron-policlinico-de-la-uom\/","title":{"rendered":"Ferraresi se reuni\u00f3 con la titular de PAMI, Luana Volnovich y luego visitaron Policlinico de la UOM"},"content":{"rendered":"\n<p>Tuvieron un encuentro de trabajo en el Palacio Municipal y luego visitaron el policl\u00ednico local de la Uni\u00f3n Obrera Metal\u00fargica.<\/p>\n\n\n\n<p>El intendente de Avellaneda, Jorge Ferraresi, mantuvo esta ma\u00f1ana una reuni\u00f3n de trabajo con la directora ejecutiva de PAMI, Luana Volnovich.<\/p>\n\n\n\n<p>En la misma se convers\u00f3 sobre las diferentes acciones que se llevan a cabo en nuestra ciudad, para fortalecer la atenci\u00f3n y la prestaci\u00f3n de servicios destinados a lxs adultxs mayores, en el marco de la crisis sanitaria desatada por el COVID-19.<\/p>\n\n\n\n<p>De dicha reuni\u00f3n tambi\u00e9n participaron el senador provincial Emmanuel Gonz\u00e1lez Santalla; la secretaria de Salud, Virginia Alga\u00f1araz; el titular del PAMI Avellaneda, Oscar Fari\u00f1a; y la de PAMI Wilde, Sabrina Crisp\u00edn.<\/p>\n\n\n\n<p>Posteriormente los funcionarios visitaron el Policl\u00ednico Regional Avellaneda de la UOM, en donde recorrieron sus flamantes instalaciones junto a las autoridades del mismo y el secretario regional del gremio, Armando Leyes. All\u00ed se construyeron 6 nuevos quir\u00f3fanos y se instalaron 100 camas de internaci\u00f3n, como refuerzo para atender esta pandemia.<\/p>\n\n\n\n<p>En Avellaneda, el municipio trabaja desde el inicio de esta crisis de forma articulada con todos los centros hospitalarios, tanto p\u00fablico como privados, para estar listos en caso de tener que enfrentar un posible pico de contagios.\u00a0<\/p>\n","protected":false},"excerpt":{"rendered":"<p>Tuvieron un encuentro de trabajo en el Palacio Municipal y luego visitaron el policl\u00ednico local de la Uni\u00f3n Obrera Metal\u00fargica. El intendente de Avellaneda, Jorge Ferraresi, mantuvo esta ma\u00f1ana una reuni\u00f3n de trabajo con la directora ejecutiva de PAMI, Luana Volnovich. En la misma se convers\u00f3 sobre las diferentes acciones que se llevan a cabo&#8230;<\/p>\n","protected":false},"author":2,"featured_media":1363,"comment_status":"open","ping_status":"open","sticky":false,"template":"","format":"standard","meta":{"footnotes":""},"categories":[5],"tags":[],"class_list":["post-1362","post","type-post","status-publish","format-standard","has-post-thumbnail","hentry","category-avellaneda"],"featured_image_src":"https:\/\/diarioprincipios.com\/wp-content\/uploads\/2020\/05\/b61fa7a9-80af-4d15-acf5-322e8273696c-1024x683.jpg","blog_images":{"medium":"https:\/\/diarioprincipios.com\/wp-content\/uploads\/2020\/05\/b61fa7a9-80af-4d15-acf5-322e8273696c-300x200.jpg","large":"https:\/\/diarioprincipios.com\/wp-content\/uploads\/2020\/05\/b61fa7a9-80af-4d15-acf5-322e8273696c-1024x683.jpg"},"ams_acf":[],"yoast_head":"<!-- This site is optimized with the Yoast SEO plugin v27.3 - https:\/\/yoast.com\/product\/yoast-seo-wordpress\/ -->\n<title>Ferraresi se reuni\u00f3 con la titular de PAMI, Luana Volnovich y luego visitaron Policlinico de la UOM - Principios<\/title>\n<meta name=\"robots\" content=\"index, follow, max-snippet:-1, max-image-preview:large, max-video-preview:-1\" \/>\n<link rel=\"canonical\" href=\"https:\/\/diarioprincipios.com\/index.php\/2020\/05\/08\/ferraresi-se-reunio-con-la-titular-de-pami-luana-volnovich-y-luego-visitaron-policlinico-de-la-uom\/\" \/>\n<meta property=\"og:locale\" content=\"es_ES\" \/>\n<meta property=\"og:type\" content=\"article\" \/>\n<meta property=\"og:title\" content=\"Ferraresi se reuni\u00f3 con la titular de PAMI, Luana Volnovich y luego visitaron Policlinico de la UOM - Principios\" \/>\n<meta property=\"og:description\" content=\"Tuvieron un encuentro de trabajo en el Palacio Municipal y luego visitaron el policl\u00ednico local de la Uni\u00f3n Obrera Metal\u00fargica. El intendente de Avellaneda, Jorge Ferraresi, mantuvo esta ma\u00f1ana una reuni\u00f3n de trabajo con la directora ejecutiva de PAMI, Luana Volnovich. En la misma se convers\u00f3 sobre las diferentes acciones que se llevan a cabo...\" \/>\n<meta property=\"og:url\" content=\"https:\/\/diarioprincipios.com\/index.php\/2020\/05\/08\/ferraresi-se-reunio-con-la-titular-de-pami-luana-volnovich-y-luego-visitaron-policlinico-de-la-uom\/\" \/>\n<meta property=\"og:site_name\" content=\"Principios\" \/>\n<meta property=\"article:published_time\" content=\"2020-05-08T17:44:48+00:00\" \/>\n<meta property=\"article:modified_time\" content=\"2020-05-08T17:44:51+00:00\" \/>\n<meta property=\"og:image\" content=\"https:\/\/diarioprincipios.com\/wp-content\/uploads\/2020\/05\/b61fa7a9-80af-4d15-acf5-322e8273696c.jpg\" \/>\n\t<meta property=\"og:image:width\" content=\"1116\" \/>\n\t<meta property=\"og:image:height\" content=\"744\" \/>\n\t<meta property=\"og:image:type\" content=\"image\/jpeg\" \/>\n<meta name=\"author\" content=\"Hern\u00e1n L\u00f3pez\" \/>\n<meta name=\"twitter:card\" content=\"summary_large_image\" \/>\n<meta name=\"twitter:label1\" content=\"Escrito por\" \/>\n\t<meta name=\"twitter:data1\" content=\"Hern\u00e1n L\u00f3pez\" \/>\n\t<meta name=\"twitter:label2\" content=\"Tiempo de lectura\" \/>\n\t<meta name=\"twitter:data2\" content=\"1 minuto\" \/>\n<script type=\"application\/ld+json\" class=\"yoast-schema-graph\">{\"@context\":\"https:\\\/\\\/schema.org\",\"@graph\":[{\"@type\":\"Article\",\"@id\":\"https:\\\/\\\/diarioprincipios.com\\\/index.php\\\/2020\\\/05\\\/08\\\/ferraresi-se-reunio-con-la-titular-de-pami-luana-volnovich-y-luego-visitaron-policlinico-de-la-uom\\\/#article\",\"isPartOf\":{\"@id\":\"https:\\\/\\\/diarioprincipios.com\\\/index.php\\\/2020\\\/05\\\/08\\\/ferraresi-se-reunio-con-la-titular-de-pami-luana-volnovich-y-luego-visitaron-policlinico-de-la-uom\\\/\"},\"author\":{\"name\":\"Hern\u00e1n L\u00f3pez\",\"@id\":\"https:\\\/\\\/diarioprincipios.com\\\/#\\\/schema\\\/person\\\/436d5a1fd41a5e250e23ff5a6a7cb080\"},\"headline\":\"Ferraresi se reuni\u00f3 con la titular de PAMI, Luana Volnovich y luego visitaron Policlinico de la UOM\",\"datePublished\":\"2020-05-08T17:44:48+00:00\",\"dateModified\":\"2020-05-08T17:44:51+00:00\",\"mainEntityOfPage\":{\"@id\":\"https:\\\/\\\/diarioprincipios.com\\\/index.php\\\/2020\\\/05\\\/08\\\/ferraresi-se-reunio-con-la-titular-de-pami-luana-volnovich-y-luego-visitaron-policlinico-de-la-uom\\\/\"},\"wordCount\":233,\"commentCount\":0,\"publisher\":{\"@id\":\"https:\\\/\\\/diarioprincipios.com\\\/#organization\"},\"image\":{\"@id\":\"https:\\\/\\\/diarioprincipios.com\\\/index.php\\\/2020\\\/05\\\/08\\\/ferraresi-se-reunio-con-la-titular-de-pami-luana-volnovich-y-luego-visitaron-policlinico-de-la-uom\\\/#primaryimage\"},\"thumbnailUrl\":\"https:\\\/\\\/diarioprincipios.com\\\/wp-content\\\/uploads\\\/2020\\\/05\\\/b61fa7a9-80af-4d15-acf5-322e8273696c.jpg\",\"articleSection\":[\"Avellaneda\"],\"inLanguage\":\"es\",\"potentialAction\":[{\"@type\":\"CommentAction\",\"name\":\"Comment\",\"target\":[\"https:\\\/\\\/diarioprincipios.com\\\/index.php\\\/2020\\\/05\\\/08\\\/ferraresi-se-reunio-con-la-titular-de-pami-luana-volnovich-y-luego-visitaron-policlinico-de-la-uom\\\/#respond\"]}]},{\"@type\":\"WebPage\",\"@id\":\"https:\\\/\\\/diarioprincipios.com\\\/index.php\\\/2020\\\/05\\\/08\\\/ferraresi-se-reunio-con-la-titular-de-pami-luana-volnovich-y-luego-visitaron-policlinico-de-la-uom\\\/\",\"url\":\"https:\\\/\\\/diarioprincipios.com\\\/index.php\\\/2020\\\/05\\\/08\\\/ferraresi-se-reunio-con-la-titular-de-pami-luana-volnovich-y-luego-visitaron-policlinico-de-la-uom\\\/\",\"name\":\"Ferraresi se reuni\u00f3 con la titular de PAMI, Luana Volnovich y luego visitaron Policlinico de la UOM - Principios\",\"isPartOf\":{\"@id\":\"https:\\\/\\\/diarioprincipios.com\\\/#website\"},\"primaryImageOfPage\":{\"@id\":\"https:\\\/\\\/diarioprincipios.com\\\/index.php\\\/2020\\\/05\\\/08\\\/ferraresi-se-reunio-con-la-titular-de-pami-luana-volnovich-y-luego-visitaron-policlinico-de-la-uom\\\/#primaryimage\"},\"image\":{\"@id\":\"https:\\\/\\\/diarioprincipios.com\\\/index.php\\\/2020\\\/05\\\/08\\\/ferraresi-se-reunio-con-la-titular-de-pami-luana-volnovich-y-luego-visitaron-policlinico-de-la-uom\\\/#primaryimage\"},\"thumbnailUrl\":\"https:\\\/\\\/diarioprincipios.com\\\/wp-content\\\/uploads\\\/2020\\\/05\\\/b61fa7a9-80af-4d15-acf5-322e8273696c.jpg\",\"datePublished\":\"2020-05-08T17:44:48+00:00\",\"dateModified\":\"2020-05-08T17:44:51+00:00\",\"breadcrumb\":{\"@id\":\"https:\\\/\\\/diarioprincipios.com\\\/index.php\\\/2020\\\/05\\\/08\\\/ferraresi-se-reunio-con-la-titular-de-pami-luana-volnovich-y-luego-visitaron-policlinico-de-la-uom\\\/#breadcrumb\"},\"inLanguage\":\"es\",\"potentialAction\":[{\"@type\":\"ReadAction\",\"target\":[\"https:\\\/\\\/diarioprincipios.com\\\/index.php\\\/2020\\\/05\\\/08\\\/ferraresi-se-reunio-con-la-titular-de-pami-luana-volnovich-y-luego-visitaron-policlinico-de-la-uom\\\/\"]}]},{\"@type\":\"ImageObject\",\"inLanguage\":\"es\",\"@id\":\"https:\\\/\\\/diarioprincipios.com\\\/index.php\\\/2020\\\/05\\\/08\\\/ferraresi-se-reunio-con-la-titular-de-pami-luana-volnovich-y-luego-visitaron-policlinico-de-la-uom\\\/#primaryimage\",\"url\":\"https:\\\/\\\/diarioprincipios.com\\\/wp-content\\\/uploads\\\/2020\\\/05\\\/b61fa7a9-80af-4d15-acf5-322e8273696c.jpg\",\"contentUrl\":\"https:\\\/\\\/diarioprincipios.com\\\/wp-content\\\/uploads\\\/2020\\\/05\\\/b61fa7a9-80af-4d15-acf5-322e8273696c.jpg\",\"width\":1116,\"height\":744},{\"@type\":\"BreadcrumbList\",\"@id\":\"https:\\\/\\\/diarioprincipios.com\\\/index.php\\\/2020\\\/05\\\/08\\\/ferraresi-se-reunio-con-la-titular-de-pami-luana-volnovich-y-luego-visitaron-policlinico-de-la-uom\\\/#breadcrumb\",\"itemListElement\":[{\"@type\":\"ListItem\",\"position\":1,\"name\":\"Portada\",\"item\":\"https:\\\/\\\/diarioprincipios.com\\\/\"},{\"@type\":\"ListItem\",\"position\":2,\"name\":\"Ferraresi se reuni\u00f3 con la titular de PAMI, Luana Volnovich y luego visitaron Policlinico de la UOM\"}]},{\"@type\":\"WebSite\",\"@id\":\"https:\\\/\\\/diarioprincipios.com\\\/#website\",\"url\":\"https:\\\/\\\/diarioprincipios.com\\\/\",\"name\":\"Principios\",\"description\":\"Principios Diario\",\"publisher\":{\"@id\":\"https:\\\/\\\/diarioprincipios.com\\\/#organization\"},\"potentialAction\":[{\"@type\":\"SearchAction\",\"target\":{\"@type\":\"EntryPoint\",\"urlTemplate\":\"https:\\\/\\\/diarioprincipios.com\\\/?s={search_term_string}\"},\"query-input\":{\"@type\":\"PropertyValueSpecification\",\"valueRequired\":true,\"valueName\":\"search_term_string\"}}],\"inLanguage\":\"es\"},{\"@type\":\"Organization\",\"@id\":\"https:\\\/\\\/diarioprincipios.com\\\/#organization\",\"name\":\"Principios\",\"url\":\"https:\\\/\\\/diarioprincipios.com\\\/\",\"logo\":{\"@type\":\"ImageObject\",\"inLanguage\":\"es\",\"@id\":\"https:\\\/\\\/diarioprincipios.com\\\/#\\\/schema\\\/logo\\\/image\\\/\",\"url\":\"https:\\\/\\\/diarioprincipios.com\\\/wp-content\\\/uploads\\\/2024\\\/04\\\/cropped-www.diarioprincipios.com_-1.png\",\"contentUrl\":\"https:\\\/\\\/diarioprincipios.com\\\/wp-content\\\/uploads\\\/2024\\\/04\\\/cropped-www.diarioprincipios.com_-1.png\",\"width\":5325,\"height\":1454,\"caption\":\"Principios\"},\"image\":{\"@id\":\"https:\\\/\\\/diarioprincipios.com\\\/#\\\/schema\\\/logo\\\/image\\\/\"}},{\"@type\":\"Person\",\"@id\":\"https:\\\/\\\/diarioprincipios.com\\\/#\\\/schema\\\/person\\\/436d5a1fd41a5e250e23ff5a6a7cb080\",\"name\":\"Hern\u00e1n L\u00f3pez\",\"image\":{\"@type\":\"ImageObject\",\"inLanguage\":\"es\",\"@id\":\"https:\\\/\\\/diarioprincipios.com\\\/wp-content\\\/litespeed\\\/avatar\\\/11ddfe5610ff3bd100522525b2571f48.jpg?ver=1777653193\",\"url\":\"https:\\\/\\\/diarioprincipios.com\\\/wp-content\\\/litespeed\\\/avatar\\\/11ddfe5610ff3bd100522525b2571f48.jpg?ver=1777653193\",\"contentUrl\":\"https:\\\/\\\/diarioprincipios.com\\\/wp-content\\\/litespeed\\\/avatar\\\/11ddfe5610ff3bd100522525b2571f48.jpg?ver=1777653193\",\"caption\":\"Hern\u00e1n L\u00f3pez\"},\"url\":\"https:\\\/\\\/diarioprincipios.com\\\/index.php\\\/author\\\/hernan\\\/\"}]}<\/script>\n<!-- \/ Yoast SEO plugin. -->","yoast_head_json":{"title":"Ferraresi se reuni\u00f3 con la titular de PAMI, Luana Volnovich y luego visitaron Policlinico de la UOM - Principios","robots":{"index":"index","follow":"follow","max-snippet":"max-snippet:-1","max-image-preview":"max-image-preview:large","max-video-preview":"max-video-preview:-1"},"canonical":"https:\/\/diarioprincipios.com\/index.php\/2020\/05\/08\/ferraresi-se-reunio-con-la-titular-de-pami-luana-volnovich-y-luego-visitaron-policlinico-de-la-uom\/","og_locale":"es_ES","og_type":"article","og_title":"Ferraresi se reuni\u00f3 con la titular de PAMI, Luana Volnovich y luego visitaron Policlinico de la UOM - Principios","og_description":"Tuvieron un encuentro de trabajo en el Palacio Municipal y luego visitaron el policl\u00ednico local de la Uni\u00f3n Obrera Metal\u00fargica. El intendente de Avellaneda, Jorge Ferraresi, mantuvo esta ma\u00f1ana una reuni\u00f3n de trabajo con la directora ejecutiva de PAMI, Luana Volnovich. En la misma se convers\u00f3 sobre las diferentes acciones que se llevan a cabo...","og_url":"https:\/\/diarioprincipios.com\/index.php\/2020\/05\/08\/ferraresi-se-reunio-con-la-titular-de-pami-luana-volnovich-y-luego-visitaron-policlinico-de-la-uom\/","og_site_name":"Principios","article_published_time":"2020-05-08T17:44:48+00:00","article_modified_time":"2020-05-08T17:44:51+00:00","og_image":[{"width":1116,"height":744,"url":"https:\/\/diarioprincipios.com\/wp-content\/uploads\/2020\/05\/b61fa7a9-80af-4d15-acf5-322e8273696c.jpg","type":"image\/jpeg"}],"author":"Hern\u00e1n L\u00f3pez","twitter_card":"summary_large_image","twitter_misc":{"Escrito por":"Hern\u00e1n L\u00f3pez","Tiempo de lectura":"1 minuto"},"schema":{"@context":"https:\/\/schema.org","@graph":[{"@type":"Article","@id":"https:\/\/diarioprincipios.com\/index.php\/2020\/05\/08\/ferraresi-se-reunio-con-la-titular-de-pami-luana-volnovich-y-luego-visitaron-policlinico-de-la-uom\/#article","isPartOf":{"@id":"https:\/\/diarioprincipios.com\/index.php\/2020\/05\/08\/ferraresi-se-reunio-con-la-titular-de-pami-luana-volnovich-y-luego-visitaron-policlinico-de-la-uom\/"},"author":{"name":"Hern\u00e1n L\u00f3pez","@id":"https:\/\/diarioprincipios.com\/#\/schema\/person\/436d5a1fd41a5e250e23ff5a6a7cb080"},"headline":"Ferraresi se reuni\u00f3 con la titular de PAMI, Luana Volnovich y luego visitaron Policlinico de la UOM","datePublished":"2020-05-08T17:44:48+00:00","dateModified":"2020-05-08T17:44:51+00:00","mainEntityOfPage":{"@id":"https:\/\/diarioprincipios.com\/index.php\/2020\/05\/08\/ferraresi-se-reunio-con-la-titular-de-pami-luana-volnovich-y-luego-visitaron-policlinico-de-la-uom\/"},"wordCount":233,"commentCount":0,"publisher":{"@id":"https:\/\/diarioprincipios.com\/#organization"},"image":{"@id":"https:\/\/diarioprincipios.com\/index.php\/2020\/05\/08\/ferraresi-se-reunio-con-la-titular-de-pami-luana-volnovich-y-luego-visitaron-policlinico-de-la-uom\/#primaryimage"},"thumbnailUrl":"https:\/\/diarioprincipios.com\/wp-content\/uploads\/2020\/05\/b61fa7a9-80af-4d15-acf5-322e8273696c.jpg","articleSection":["Avellaneda"],"inLanguage":"es","potentialAction":[{"@type":"CommentAction","name":"Comment","target":["https:\/\/diarioprincipios.com\/index.php\/2020\/05\/08\/ferraresi-se-reunio-con-la-titular-de-pami-luana-volnovich-y-luego-visitaron-policlinico-de-la-uom\/#respond"]}]},{"@type":"WebPage","@id":"https:\/\/diarioprincipios.com\/index.php\/2020\/05\/08\/ferraresi-se-reunio-con-la-titular-de-pami-luana-volnovich-y-luego-visitaron-policlinico-de-la-uom\/","url":"https:\/\/diarioprincipios.com\/index.php\/2020\/05\/08\/ferraresi-se-reunio-con-la-titular-de-pami-luana-volnovich-y-luego-visitaron-policlinico-de-la-uom\/","name":"Ferraresi se reuni\u00f3 con la titular de PAMI, Luana Volnovich y luego visitaron Policlinico de la UOM - Principios","isPartOf":{"@id":"https:\/\/diarioprincipios.com\/#website"},"primaryImageOfPage":{"@id":"https:\/\/diarioprincipios.com\/index.php\/2020\/05\/08\/ferraresi-se-reunio-con-la-titular-de-pami-luana-volnovich-y-luego-visitaron-policlinico-de-la-uom\/#primaryimage"},"image":{"@id":"https:\/\/diarioprincipios.com\/index.php\/2020\/05\/08\/ferraresi-se-reunio-con-la-titular-de-pami-luana-volnovich-y-luego-visitaron-policlinico-de-la-uom\/#primaryimage"},"thumbnailUrl":"https:\/\/diarioprincipios.com\/wp-content\/uploads\/2020\/05\/b61fa7a9-80af-4d15-acf5-322e8273696c.jpg","datePublished":"2020-05-08T17:44:48+00:00","dateModified":"2020-05-08T17:44:51+00:00","breadcrumb":{"@id":"https:\/\/diarioprincipios.com\/index.php\/2020\/05\/08\/ferraresi-se-reunio-con-la-titular-de-pami-luana-volnovich-y-luego-visitaron-policlinico-de-la-uom\/#breadcrumb"},"inLanguage":"es","potentialAction":[{"@type":"ReadAction","target":["https:\/\/diarioprincipios.com\/index.php\/2020\/05\/08\/ferraresi-se-reunio-con-la-titular-de-pami-luana-volnovich-y-luego-visitaron-policlinico-de-la-uom\/"]}]},{"@type":"ImageObject","inLanguage":"es","@id":"https:\/\/diarioprincipios.com\/index.php\/2020\/05\/08\/ferraresi-se-reunio-con-la-titular-de-pami-luana-volnovich-y-luego-visitaron-policlinico-de-la-uom\/#primaryimage","url":"https:\/\/diarioprincipios.com\/wp-content\/uploads\/2020\/05\/b61fa7a9-80af-4d15-acf5-322e8273696c.jpg","contentUrl":"https:\/\/diarioprincipios.com\/wp-content\/uploads\/2020\/05\/b61fa7a9-80af-4d15-acf5-322e8273696c.jpg","width":1116,"height":744},{"@type":"BreadcrumbList","@id":"https:\/\/diarioprincipios.com\/index.php\/2020\/05\/08\/ferraresi-se-reunio-con-la-titular-de-pami-luana-volnovich-y-luego-visitaron-policlinico-de-la-uom\/#breadcrumb","itemListElement":[{"@type":"ListItem","position":1,"name":"Portada","item":"https:\/\/diarioprincipios.com\/"},{"@type":"ListItem","position":2,"name":"Ferraresi se reuni\u00f3 con la titular de PAMI, Luana Volnovich y luego visitaron Policlinico de la UOM"}]},{"@type":"WebSite","@id":"https:\/\/diarioprincipios.com\/#website","url":"https:\/\/diarioprincipios.com\/","name":"Principios","description":"Principios Diario","publisher":{"@id":"https:\/\/diarioprincipios.com\/#organization"},"potentialAction":[{"@type":"SearchAction","target":{"@type":"EntryPoint","urlTemplate":"https:\/\/diarioprincipios.com\/?s={search_term_string}"},"query-input":{"@type":"PropertyValueSpecification","valueRequired":true,"valueName":"search_term_string"}}],"inLanguage":"es"},{"@type":"Organization","@id":"https:\/\/diarioprincipios.com\/#organization","name":"Principios","url":"https:\/\/diarioprincipios.com\/","logo":{"@type":"ImageObject","inLanguage":"es","@id":"https:\/\/diarioprincipios.com\/#\/schema\/logo\/image\/","url":"https:\/\/diarioprincipios.com\/wp-content\/uploads\/2024\/04\/cropped-www.diarioprincipios.com_-1.png","contentUrl":"https:\/\/diarioprincipios.com\/wp-content\/uploads\/2024\/04\/cropped-www.diarioprincipios.com_-1.png","width":5325,"height":1454,"caption":"Principios"},"image":{"@id":"https:\/\/diarioprincipios.com\/#\/schema\/logo\/image\/"}},{"@type":"Person","@id":"https:\/\/diarioprincipios.com\/#\/schema\/person\/436d5a1fd41a5e250e23ff5a6a7cb080","name":"Hern\u00e1n L\u00f3pez","image":{"@type":"ImageObject","inLanguage":"es","@id":"https:\/\/diarioprincipios.com\/wp-content\/litespeed\/avatar\/11ddfe5610ff3bd100522525b2571f48.jpg?ver=1777653193","url":"https:\/\/diarioprincipios.com\/wp-content\/litespeed\/avatar\/11ddfe5610ff3bd100522525b2571f48.jpg?ver=1777653193","contentUrl":"https:\/\/diarioprincipios.com\/wp-content\/litespeed\/avatar\/11ddfe5610ff3bd100522525b2571f48.jpg?ver=1777653193","caption":"Hern\u00e1n L\u00f3pez"},"url":"https:\/\/diarioprincipios.com\/index.php\/author\/hernan\/"}]}},"jetpack_featured_media_url":"https:\/\/diarioprincipios.com\/wp-content\/uploads\/2020\/05\/b61fa7a9-80af-4d15-acf5-322e8273696c.jpg","_links":{"self":[{"href":"https:\/\/diarioprincipios.com\/index.php\/wp-json\/wp\/v2\/posts\/1362","targetHints":{"allow":["GET"]}}],"collection":[{"href":"https:\/\/diarioprincipios.com\/index.php\/wp-json\/wp\/v2\/posts"}],"about":[{"href":"https:\/\/diarioprincipios.com\/index.php\/wp-json\/wp\/v2\/types\/post"}],"author":[{"embeddable":true,"href":"https:\/\/diarioprincipios.com\/index.php\/wp-json\/wp\/v2\/users\/2"}],"replies":[{"embeddable":true,"href":"https:\/\/diarioprincipios.com\/index.php\/wp-json\/wp\/v2\/comments?post=1362"}],"version-history":[{"count":1,"href":"https:\/\/diarioprincipios.com\/index.php\/wp-json\/wp\/v2\/posts\/1362\/revisions"}],"predecessor-version":[{"id":1364,"href":"https:\/\/diarioprincipios.com\/index.php\/wp-json\/wp\/v2\/posts\/1362\/revisions\/1364"}],"wp:featuredmedia":[{"embeddable":true,"href":"https:\/\/diarioprincipios.com\/index.php\/wp-json\/wp\/v2\/media\/1363"}],"wp:attachment":[{"href":"https:\/\/diarioprincipios.com\/index.php\/wp-json\/wp\/v2\/media?parent=1362"}],"wp:term":[{"taxonomy":"category","embeddable":true,"href":"https:\/\/diarioprincipios.com\/index.php\/wp-json\/wp\/v2\/categories?post=1362"},{"taxonomy":"post_tag","embeddable":true,"href":"https:\/\/diarioprincipios.com\/index.php\/wp-json\/wp\/v2\/tags?post=1362"}],"curies":[{"name":"wp","href":"https:\/\/api.w.org\/{rel}","templated":true}]}}