{"id":1349,"date":"2020-05-07T23:29:05","date_gmt":"2020-05-07T23:29:05","guid":{"rendered":"http:\/\/diarioprincipios.com\/?p=1349"},"modified":"2020-05-07T23:29:06","modified_gmt":"2020-05-07T23:29:06","slug":"hoy-se-confirmaron-dos-nuevos-casos-de-coronavirus-en-berazategui","status":"publish","type":"post","link":"https:\/\/diarioprincipios.com\/index.php\/2020\/05\/07\/hoy-se-confirmaron-dos-nuevos-casos-de-coronavirus-en-berazategui\/","title":{"rendered":"Hoy se confirmaron dos nuevos casos de Coronavirus en Berazategui"},"content":{"rendered":"\n<p>Hace instantes, a trav\u00e9s de sus redes sociales, el Intendente de Berazategui, doctor Juan Jos\u00e9 Mussi, confirm\u00f3 dos nuevos casos de Coronavirus en la ciudad.<\/p>\n\n\n\n<p>\u00abEn el d\u00eda de hoy se confirmaron dos nuevos casos de #Coronavirus en #Berazategui. Uno de ellos, es una joven de 35 a\u00f1os que, seg\u00fan los estudios preliminares, el contagio fue por contacto estrecho con otro paciente ya positivo de #Covid19. El otro caso es una vecina de 38 a\u00f1os, a quien se le hizo el hisopado siendo asintom\u00e1tica y dio positivo. A pesar de no presentar s\u00edntomas, el protocolo de acci\u00f3n es el mismo y se la mantiene aislada. A\u00fan se estudia la forma en la que contrajo la enfermedad, aunque no se descarta que haya sido producto de contacto estrecho por personal de Salud\u00bb, explic\u00f3 Mussi.<br>Destac\u00f3 luego que \u00ablas dos se encuentran estables y sus entornos est\u00e1n siendo evaluados\u00bb.<\/p>\n\n\n\n<p>Por el momento, en Berazategui se registran:<\/p>\n\n\n\n<p>\ud83d\udccd36 casos positivos confirmados.<br>\ud83d\udccd3 pacientes fallecidos.<br>\ud83d\udccd9 pacientes dados de alta.<br>\ud83d\udccd24 pacientes internados.<\/p>\n\n\n\n<p>Finalmente, el Intendente reiter\u00f3 su llamado a la ciudadania: \u00abLes pido, nuevamente, que por favor respeten el #AislamientoObligatorio y, si salen por un caso excepcional, utilicen #Tapaboca, esto es el mejor remedio contra el virus. #QuedateEnCasa #QuedateEnTuCasa #CuidarteEsCuidarnos\u00bb.<\/p>\n","protected":false},"excerpt":{"rendered":"<p>Hace instantes, a trav\u00e9s de sus redes sociales, el Intendente de Berazategui, doctor Juan Jos\u00e9 Mussi, confirm\u00f3 dos nuevos casos de Coronavirus en la ciudad. \u00abEn el d\u00eda de hoy se confirmaron dos nuevos casos de #Coronavirus en #Berazategui. Uno de ellos, es una joven de 35 a\u00f1os que, seg\u00fan los estudios preliminares, el contagio&#8230;<\/p>\n","protected":false},"author":2,"featured_media":561,"comment_status":"open","ping_status":"open","sticky":false,"template":"","format":"standard","meta":{"footnotes":""},"categories":[3],"tags":[],"class_list":["post-1349","post","type-post","status-publish","format-standard","has-post-thumbnail","hentry","category-berazategui"],"featured_image_src":"https:\/\/diarioprincipios.com\/wp-content\/uploads\/2020\/03\/covid2-1024x576.jpg","blog_images":{"medium":"https:\/\/diarioprincipios.com\/wp-content\/uploads\/2020\/03\/covid2-300x169.jpg","large":"https:\/\/diarioprincipios.com\/wp-content\/uploads\/2020\/03\/covid2-1024x576.jpg"},"ams_acf":[],"yoast_head":"<!-- This site is optimized with the Yoast SEO plugin v27.3 - https:\/\/yoast.com\/product\/yoast-seo-wordpress\/ -->\n<title>Hoy se confirmaron dos nuevos casos de Coronavirus en Berazategui - Principios<\/title>\n<meta name=\"robots\" content=\"index, follow, max-snippet:-1, max-image-preview:large, max-video-preview:-1\" \/>\n<link rel=\"canonical\" href=\"https:\/\/diarioprincipios.com\/index.php\/2020\/05\/07\/hoy-se-confirmaron-dos-nuevos-casos-de-coronavirus-en-berazategui\/\" \/>\n<meta property=\"og:locale\" content=\"es_ES\" \/>\n<meta property=\"og:type\" content=\"article\" \/>\n<meta property=\"og:title\" content=\"Hoy se confirmaron dos nuevos casos de Coronavirus en Berazategui - Principios\" \/>\n<meta property=\"og:description\" content=\"Hace instantes, a trav\u00e9s de sus redes sociales, el Intendente de Berazategui, doctor Juan Jos\u00e9 Mussi, confirm\u00f3 dos nuevos casos de Coronavirus en la ciudad. \u00abEn el d\u00eda de hoy se confirmaron dos nuevos casos de #Coronavirus en #Berazategui. Uno de ellos, es una joven de 35 a\u00f1os que, seg\u00fan los estudios preliminares, el contagio...\" \/>\n<meta property=\"og:url\" content=\"https:\/\/diarioprincipios.com\/index.php\/2020\/05\/07\/hoy-se-confirmaron-dos-nuevos-casos-de-coronavirus-en-berazategui\/\" \/>\n<meta property=\"og:site_name\" content=\"Principios\" \/>\n<meta property=\"article:published_time\" content=\"2020-05-07T23:29:05+00:00\" \/>\n<meta property=\"article:modified_time\" content=\"2020-05-07T23:29:06+00:00\" \/>\n<meta property=\"og:image\" content=\"https:\/\/diarioprincipios.com\/wp-content\/uploads\/2020\/03\/covid2.jpg\" \/>\n\t<meta property=\"og:image:width\" content=\"1280\" \/>\n\t<meta property=\"og:image:height\" content=\"720\" \/>\n\t<meta property=\"og:image:type\" content=\"image\/jpeg\" \/>\n<meta name=\"author\" content=\"Hern\u00e1n L\u00f3pez\" \/>\n<meta name=\"twitter:card\" content=\"summary_large_image\" \/>\n<meta name=\"twitter:label1\" content=\"Escrito por\" \/>\n\t<meta name=\"twitter:data1\" content=\"Hern\u00e1n L\u00f3pez\" \/>\n\t<meta name=\"twitter:label2\" content=\"Tiempo de lectura\" \/>\n\t<meta name=\"twitter:data2\" content=\"1 minuto\" \/>\n<script type=\"application\/ld+json\" class=\"yoast-schema-graph\">{\"@context\":\"https:\\\/\\\/schema.org\",\"@graph\":[{\"@type\":\"Article\",\"@id\":\"https:\\\/\\\/diarioprincipios.com\\\/index.php\\\/2020\\\/05\\\/07\\\/hoy-se-confirmaron-dos-nuevos-casos-de-coronavirus-en-berazategui\\\/#article\",\"isPartOf\":{\"@id\":\"https:\\\/\\\/diarioprincipios.com\\\/index.php\\\/2020\\\/05\\\/07\\\/hoy-se-confirmaron-dos-nuevos-casos-de-coronavirus-en-berazategui\\\/\"},\"author\":{\"name\":\"Hern\u00e1n L\u00f3pez\",\"@id\":\"https:\\\/\\\/diarioprincipios.com\\\/#\\\/schema\\\/person\\\/436d5a1fd41a5e250e23ff5a6a7cb080\"},\"headline\":\"Hoy se confirmaron dos nuevos casos de Coronavirus en Berazategui\",\"datePublished\":\"2020-05-07T23:29:05+00:00\",\"dateModified\":\"2020-05-07T23:29:06+00:00\",\"mainEntityOfPage\":{\"@id\":\"https:\\\/\\\/diarioprincipios.com\\\/index.php\\\/2020\\\/05\\\/07\\\/hoy-se-confirmaron-dos-nuevos-casos-de-coronavirus-en-berazategui\\\/\"},\"wordCount\":221,\"commentCount\":0,\"publisher\":{\"@id\":\"https:\\\/\\\/diarioprincipios.com\\\/#organization\"},\"image\":{\"@id\":\"https:\\\/\\\/diarioprincipios.com\\\/index.php\\\/2020\\\/05\\\/07\\\/hoy-se-confirmaron-dos-nuevos-casos-de-coronavirus-en-berazategui\\\/#primaryimage\"},\"thumbnailUrl\":\"https:\\\/\\\/diarioprincipios.com\\\/wp-content\\\/uploads\\\/2020\\\/03\\\/covid2.jpg\",\"articleSection\":[\"Berazategui\"],\"inLanguage\":\"es\",\"potentialAction\":[{\"@type\":\"CommentAction\",\"name\":\"Comment\",\"target\":[\"https:\\\/\\\/diarioprincipios.com\\\/index.php\\\/2020\\\/05\\\/07\\\/hoy-se-confirmaron-dos-nuevos-casos-de-coronavirus-en-berazategui\\\/#respond\"]}]},{\"@type\":\"WebPage\",\"@id\":\"https:\\\/\\\/diarioprincipios.com\\\/index.php\\\/2020\\\/05\\\/07\\\/hoy-se-confirmaron-dos-nuevos-casos-de-coronavirus-en-berazategui\\\/\",\"url\":\"https:\\\/\\\/diarioprincipios.com\\\/index.php\\\/2020\\\/05\\\/07\\\/hoy-se-confirmaron-dos-nuevos-casos-de-coronavirus-en-berazategui\\\/\",\"name\":\"Hoy se confirmaron dos nuevos casos de Coronavirus en Berazategui - Principios\",\"isPartOf\":{\"@id\":\"https:\\\/\\\/diarioprincipios.com\\\/#website\"},\"primaryImageOfPage\":{\"@id\":\"https:\\\/\\\/diarioprincipios.com\\\/index.php\\\/2020\\\/05\\\/07\\\/hoy-se-confirmaron-dos-nuevos-casos-de-coronavirus-en-berazategui\\\/#primaryimage\"},\"image\":{\"@id\":\"https:\\\/\\\/diarioprincipios.com\\\/index.php\\\/2020\\\/05\\\/07\\\/hoy-se-confirmaron-dos-nuevos-casos-de-coronavirus-en-berazategui\\\/#primaryimage\"},\"thumbnailUrl\":\"https:\\\/\\\/diarioprincipios.com\\\/wp-content\\\/uploads\\\/2020\\\/03\\\/covid2.jpg\",\"datePublished\":\"2020-05-07T23:29:05+00:00\",\"dateModified\":\"2020-05-07T23:29:06+00:00\",\"breadcrumb\":{\"@id\":\"https:\\\/\\\/diarioprincipios.com\\\/index.php\\\/2020\\\/05\\\/07\\\/hoy-se-confirmaron-dos-nuevos-casos-de-coronavirus-en-berazategui\\\/#breadcrumb\"},\"inLanguage\":\"es\",\"potentialAction\":[{\"@type\":\"ReadAction\",\"target\":[\"https:\\\/\\\/diarioprincipios.com\\\/index.php\\\/2020\\\/05\\\/07\\\/hoy-se-confirmaron-dos-nuevos-casos-de-coronavirus-en-berazategui\\\/\"]}]},{\"@type\":\"ImageObject\",\"inLanguage\":\"es\",\"@id\":\"https:\\\/\\\/diarioprincipios.com\\\/index.php\\\/2020\\\/05\\\/07\\\/hoy-se-confirmaron-dos-nuevos-casos-de-coronavirus-en-berazategui\\\/#primaryimage\",\"url\":\"https:\\\/\\\/diarioprincipios.com\\\/wp-content\\\/uploads\\\/2020\\\/03\\\/covid2.jpg\",\"contentUrl\":\"https:\\\/\\\/diarioprincipios.com\\\/wp-content\\\/uploads\\\/2020\\\/03\\\/covid2.jpg\",\"width\":1280,\"height\":720},{\"@type\":\"BreadcrumbList\",\"@id\":\"https:\\\/\\\/diarioprincipios.com\\\/index.php\\\/2020\\\/05\\\/07\\\/hoy-se-confirmaron-dos-nuevos-casos-de-coronavirus-en-berazategui\\\/#breadcrumb\",\"itemListElement\":[{\"@type\":\"ListItem\",\"position\":1,\"name\":\"Portada\",\"item\":\"https:\\\/\\\/diarioprincipios.com\\\/\"},{\"@type\":\"ListItem\",\"position\":2,\"name\":\"Hoy se confirmaron dos nuevos casos de Coronavirus en Berazategui\"}]},{\"@type\":\"WebSite\",\"@id\":\"https:\\\/\\\/diarioprincipios.com\\\/#website\",\"url\":\"https:\\\/\\\/diarioprincipios.com\\\/\",\"name\":\"Principios\",\"description\":\"Principios Diario\",\"publisher\":{\"@id\":\"https:\\\/\\\/diarioprincipios.com\\\/#organization\"},\"potentialAction\":[{\"@type\":\"SearchAction\",\"target\":{\"@type\":\"EntryPoint\",\"urlTemplate\":\"https:\\\/\\\/diarioprincipios.com\\\/?s={search_term_string}\"},\"query-input\":{\"@type\":\"PropertyValueSpecification\",\"valueRequired\":true,\"valueName\":\"search_term_string\"}}],\"inLanguage\":\"es\"},{\"@type\":\"Organization\",\"@id\":\"https:\\\/\\\/diarioprincipios.com\\\/#organization\",\"name\":\"Principios\",\"url\":\"https:\\\/\\\/diarioprincipios.com\\\/\",\"logo\":{\"@type\":\"ImageObject\",\"inLanguage\":\"es\",\"@id\":\"https:\\\/\\\/diarioprincipios.com\\\/#\\\/schema\\\/logo\\\/image\\\/\",\"url\":\"https:\\\/\\\/diarioprincipios.com\\\/wp-content\\\/uploads\\\/2024\\\/04\\\/cropped-www.diarioprincipios.com_-1.png\",\"contentUrl\":\"https:\\\/\\\/diarioprincipios.com\\\/wp-content\\\/uploads\\\/2024\\\/04\\\/cropped-www.diarioprincipios.com_-1.png\",\"width\":5325,\"height\":1454,\"caption\":\"Principios\"},\"image\":{\"@id\":\"https:\\\/\\\/diarioprincipios.com\\\/#\\\/schema\\\/logo\\\/image\\\/\"}},{\"@type\":\"Person\",\"@id\":\"https:\\\/\\\/diarioprincipios.com\\\/#\\\/schema\\\/person\\\/436d5a1fd41a5e250e23ff5a6a7cb080\",\"name\":\"Hern\u00e1n L\u00f3pez\",\"image\":{\"@type\":\"ImageObject\",\"inLanguage\":\"es\",\"@id\":\"https:\\\/\\\/diarioprincipios.com\\\/wp-content\\\/litespeed\\\/avatar\\\/11ddfe5610ff3bd100522525b2571f48.jpg?ver=1777048341\",\"url\":\"https:\\\/\\\/diarioprincipios.com\\\/wp-content\\\/litespeed\\\/avatar\\\/11ddfe5610ff3bd100522525b2571f48.jpg?ver=1777048341\",\"contentUrl\":\"https:\\\/\\\/diarioprincipios.com\\\/wp-content\\\/litespeed\\\/avatar\\\/11ddfe5610ff3bd100522525b2571f48.jpg?ver=1777048341\",\"caption\":\"Hern\u00e1n L\u00f3pez\"},\"url\":\"https:\\\/\\\/diarioprincipios.com\\\/index.php\\\/author\\\/hernan\\\/\"}]}<\/script>\n<!-- \/ Yoast SEO plugin. -->","yoast_head_json":{"title":"Hoy se confirmaron dos nuevos casos de Coronavirus en Berazategui - Principios","robots":{"index":"index","follow":"follow","max-snippet":"max-snippet:-1","max-image-preview":"max-image-preview:large","max-video-preview":"max-video-preview:-1"},"canonical":"https:\/\/diarioprincipios.com\/index.php\/2020\/05\/07\/hoy-se-confirmaron-dos-nuevos-casos-de-coronavirus-en-berazategui\/","og_locale":"es_ES","og_type":"article","og_title":"Hoy se confirmaron dos nuevos casos de Coronavirus en Berazategui - Principios","og_description":"Hace instantes, a trav\u00e9s de sus redes sociales, el Intendente de Berazategui, doctor Juan Jos\u00e9 Mussi, confirm\u00f3 dos nuevos casos de Coronavirus en la ciudad. \u00abEn el d\u00eda de hoy se confirmaron dos nuevos casos de #Coronavirus en #Berazategui. Uno de ellos, es una joven de 35 a\u00f1os que, seg\u00fan los estudios preliminares, el contagio...","og_url":"https:\/\/diarioprincipios.com\/index.php\/2020\/05\/07\/hoy-se-confirmaron-dos-nuevos-casos-de-coronavirus-en-berazategui\/","og_site_name":"Principios","article_published_time":"2020-05-07T23:29:05+00:00","article_modified_time":"2020-05-07T23:29:06+00:00","og_image":[{"width":1280,"height":720,"url":"https:\/\/diarioprincipios.com\/wp-content\/uploads\/2020\/03\/covid2.jpg","type":"image\/jpeg"}],"author":"Hern\u00e1n L\u00f3pez","twitter_card":"summary_large_image","twitter_misc":{"Escrito por":"Hern\u00e1n L\u00f3pez","Tiempo de lectura":"1 minuto"},"schema":{"@context":"https:\/\/schema.org","@graph":[{"@type":"Article","@id":"https:\/\/diarioprincipios.com\/index.php\/2020\/05\/07\/hoy-se-confirmaron-dos-nuevos-casos-de-coronavirus-en-berazategui\/#article","isPartOf":{"@id":"https:\/\/diarioprincipios.com\/index.php\/2020\/05\/07\/hoy-se-confirmaron-dos-nuevos-casos-de-coronavirus-en-berazategui\/"},"author":{"name":"Hern\u00e1n L\u00f3pez","@id":"https:\/\/diarioprincipios.com\/#\/schema\/person\/436d5a1fd41a5e250e23ff5a6a7cb080"},"headline":"Hoy se confirmaron dos nuevos casos de Coronavirus en Berazategui","datePublished":"2020-05-07T23:29:05+00:00","dateModified":"2020-05-07T23:29:06+00:00","mainEntityOfPage":{"@id":"https:\/\/diarioprincipios.com\/index.php\/2020\/05\/07\/hoy-se-confirmaron-dos-nuevos-casos-de-coronavirus-en-berazategui\/"},"wordCount":221,"commentCount":0,"publisher":{"@id":"https:\/\/diarioprincipios.com\/#organization"},"image":{"@id":"https:\/\/diarioprincipios.com\/index.php\/2020\/05\/07\/hoy-se-confirmaron-dos-nuevos-casos-de-coronavirus-en-berazategui\/#primaryimage"},"thumbnailUrl":"https:\/\/diarioprincipios.com\/wp-content\/uploads\/2020\/03\/covid2.jpg","articleSection":["Berazategui"],"inLanguage":"es","potentialAction":[{"@type":"CommentAction","name":"Comment","target":["https:\/\/diarioprincipios.com\/index.php\/2020\/05\/07\/hoy-se-confirmaron-dos-nuevos-casos-de-coronavirus-en-berazategui\/#respond"]}]},{"@type":"WebPage","@id":"https:\/\/diarioprincipios.com\/index.php\/2020\/05\/07\/hoy-se-confirmaron-dos-nuevos-casos-de-coronavirus-en-berazategui\/","url":"https:\/\/diarioprincipios.com\/index.php\/2020\/05\/07\/hoy-se-confirmaron-dos-nuevos-casos-de-coronavirus-en-berazategui\/","name":"Hoy se confirmaron dos nuevos casos de Coronavirus en Berazategui - Principios","isPartOf":{"@id":"https:\/\/diarioprincipios.com\/#website"},"primaryImageOfPage":{"@id":"https:\/\/diarioprincipios.com\/index.php\/2020\/05\/07\/hoy-se-confirmaron-dos-nuevos-casos-de-coronavirus-en-berazategui\/#primaryimage"},"image":{"@id":"https:\/\/diarioprincipios.com\/index.php\/2020\/05\/07\/hoy-se-confirmaron-dos-nuevos-casos-de-coronavirus-en-berazategui\/#primaryimage"},"thumbnailUrl":"https:\/\/diarioprincipios.com\/wp-content\/uploads\/2020\/03\/covid2.jpg","datePublished":"2020-05-07T23:29:05+00:00","dateModified":"2020-05-07T23:29:06+00:00","breadcrumb":{"@id":"https:\/\/diarioprincipios.com\/index.php\/2020\/05\/07\/hoy-se-confirmaron-dos-nuevos-casos-de-coronavirus-en-berazategui\/#breadcrumb"},"inLanguage":"es","potentialAction":[{"@type":"ReadAction","target":["https:\/\/diarioprincipios.com\/index.php\/2020\/05\/07\/hoy-se-confirmaron-dos-nuevos-casos-de-coronavirus-en-berazategui\/"]}]},{"@type":"ImageObject","inLanguage":"es","@id":"https:\/\/diarioprincipios.com\/index.php\/2020\/05\/07\/hoy-se-confirmaron-dos-nuevos-casos-de-coronavirus-en-berazategui\/#primaryimage","url":"https:\/\/diarioprincipios.com\/wp-content\/uploads\/2020\/03\/covid2.jpg","contentUrl":"https:\/\/diarioprincipios.com\/wp-content\/uploads\/2020\/03\/covid2.jpg","width":1280,"height":720},{"@type":"BreadcrumbList","@id":"https:\/\/diarioprincipios.com\/index.php\/2020\/05\/07\/hoy-se-confirmaron-dos-nuevos-casos-de-coronavirus-en-berazategui\/#breadcrumb","itemListElement":[{"@type":"ListItem","position":1,"name":"Portada","item":"https:\/\/diarioprincipios.com\/"},{"@type":"ListItem","position":2,"name":"Hoy se confirmaron dos nuevos casos de Coronavirus en Berazategui"}]},{"@type":"WebSite","@id":"https:\/\/diarioprincipios.com\/#website","url":"https:\/\/diarioprincipios.com\/","name":"Principios","description":"Principios Diario","publisher":{"@id":"https:\/\/diarioprincipios.com\/#organization"},"potentialAction":[{"@type":"SearchAction","target":{"@type":"EntryPoint","urlTemplate":"https:\/\/diarioprincipios.com\/?s={search_term_string}"},"query-input":{"@type":"PropertyValueSpecification","valueRequired":true,"valueName":"search_term_string"}}],"inLanguage":"es"},{"@type":"Organization","@id":"https:\/\/diarioprincipios.com\/#organization","name":"Principios","url":"https:\/\/diarioprincipios.com\/","logo":{"@type":"ImageObject","inLanguage":"es","@id":"https:\/\/diarioprincipios.com\/#\/schema\/logo\/image\/","url":"https:\/\/diarioprincipios.com\/wp-content\/uploads\/2024\/04\/cropped-www.diarioprincipios.com_-1.png","contentUrl":"https:\/\/diarioprincipios.com\/wp-content\/uploads\/2024\/04\/cropped-www.diarioprincipios.com_-1.png","width":5325,"height":1454,"caption":"Principios"},"image":{"@id":"https:\/\/diarioprincipios.com\/#\/schema\/logo\/image\/"}},{"@type":"Person","@id":"https:\/\/diarioprincipios.com\/#\/schema\/person\/436d5a1fd41a5e250e23ff5a6a7cb080","name":"Hern\u00e1n L\u00f3pez","image":{"@type":"ImageObject","inLanguage":"es","@id":"https:\/\/diarioprincipios.com\/wp-content\/litespeed\/avatar\/11ddfe5610ff3bd100522525b2571f48.jpg?ver=1777048341","url":"https:\/\/diarioprincipios.com\/wp-content\/litespeed\/avatar\/11ddfe5610ff3bd100522525b2571f48.jpg?ver=1777048341","contentUrl":"https:\/\/diarioprincipios.com\/wp-content\/litespeed\/avatar\/11ddfe5610ff3bd100522525b2571f48.jpg?ver=1777048341","caption":"Hern\u00e1n L\u00f3pez"},"url":"https:\/\/diarioprincipios.com\/index.php\/author\/hernan\/"}]}},"jetpack_featured_media_url":"https:\/\/diarioprincipios.com\/wp-content\/uploads\/2020\/03\/covid2.jpg","_links":{"self":[{"href":"https:\/\/diarioprincipios.com\/index.php\/wp-json\/wp\/v2\/posts\/1349","targetHints":{"allow":["GET"]}}],"collection":[{"href":"https:\/\/diarioprincipios.com\/index.php\/wp-json\/wp\/v2\/posts"}],"about":[{"href":"https:\/\/diarioprincipios.com\/index.php\/wp-json\/wp\/v2\/types\/post"}],"author":[{"embeddable":true,"href":"https:\/\/diarioprincipios.com\/index.php\/wp-json\/wp\/v2\/users\/2"}],"replies":[{"embeddable":true,"href":"https:\/\/diarioprincipios.com\/index.php\/wp-json\/wp\/v2\/comments?post=1349"}],"version-history":[{"count":1,"href":"https:\/\/diarioprincipios.com\/index.php\/wp-json\/wp\/v2\/posts\/1349\/revisions"}],"predecessor-version":[{"id":1350,"href":"https:\/\/diarioprincipios.com\/index.php\/wp-json\/wp\/v2\/posts\/1349\/revisions\/1350"}],"wp:featuredmedia":[{"embeddable":true,"href":"https:\/\/diarioprincipios.com\/index.php\/wp-json\/wp\/v2\/media\/561"}],"wp:attachment":[{"href":"https:\/\/diarioprincipios.com\/index.php\/wp-json\/wp\/v2\/media?parent=1349"}],"wp:term":[{"taxonomy":"category","embeddable":true,"href":"https:\/\/diarioprincipios.com\/index.php\/wp-json\/wp\/v2\/categories?post=1349"},{"taxonomy":"post_tag","embeddable":true,"href":"https:\/\/diarioprincipios.com\/index.php\/wp-json\/wp\/v2\/tags?post=1349"}],"curies":[{"name":"wp","href":"https:\/\/api.w.org\/{rel}","templated":true}]}}