{"id":13446,"date":"2022-04-26T07:47:47","date_gmt":"2022-04-26T10:47:47","guid":{"rendered":"http:\/\/diarioprincipios.com\/?p=13446"},"modified":"2022-04-26T07:47:54","modified_gmt":"2022-04-26T10:47:54","slug":"la-asociacion-de-voley-continua-apostando-a-la-capacitacion","status":"publish","type":"post","link":"https:\/\/diarioprincipios.com\/index.php\/2022\/04\/26\/la-asociacion-de-voley-continua-apostando-a-la-capacitacion\/","title":{"rendered":"La Asociaci\u00f3n de Voley contin\u00faa apostando a la capacitaci\u00f3n"},"content":{"rendered":"\n<p>La Asociaci\u00f3n de Voley Capital Nacional del Vidrio, que preside la concejal de Berazategui Celia Cabrera, contin\u00faa con su ciclo de capacitaciones.<br>Esta vez fue el turno de los \u00e1rbitros quienes desempe\u00f1an un papel muy importante impartiendo justicia en los encuentros.<\/p>\n\n\n\n<figure class=\"wp-block-image size-large\"><img loading=\"lazy\" decoding=\"async\" width=\"1024\" height=\"768\" src=\"https:\/\/diarioprincipios.com\/wp-content\/uploads\/2022\/04\/IMG-20220422-WA0101-1024x768.jpg\" alt=\"\" class=\"wp-image-13447\" srcset=\"https:\/\/diarioprincipios.com\/wp-content\/uploads\/2022\/04\/IMG-20220422-WA0101-1024x768.jpg 1024w, https:\/\/diarioprincipios.com\/wp-content\/uploads\/2022\/04\/IMG-20220422-WA0101-300x225.jpg 300w, https:\/\/diarioprincipios.com\/wp-content\/uploads\/2022\/04\/IMG-20220422-WA0101-768x576.jpg 768w, https:\/\/diarioprincipios.com\/wp-content\/uploads\/2022\/04\/IMG-20220422-WA0101.jpg 1040w\" sizes=\"auto, (max-width: 1024px) 100vw, 1024px\" \/><\/figure>\n\n\n\n<p><br>El te\u00f3rico del Curso de \u00c1rbitros se evalu\u00f3 en la sede del Sindicato del Vidrio, en tanto que las partes pr\u00e1cticas se realizaron en la cancha de Los Ciruelos, en calle 4 y 129.<br>\u00abAgradecemos a Toribio por cedernos el espacio, tambi\u00e9n al compa\u00f1ero Abraham por la cancha El Sol de 3 y 139 y a Eduardo Gil de la Sociedad de Fomento San Pedro de calle 12 A y 107\u00bb, destac\u00f3 Cabrera.<\/p>\n\n\n\n<figure class=\"wp-block-image size-large\"><img loading=\"lazy\" decoding=\"async\" width=\"768\" height=\"1024\" src=\"https:\/\/diarioprincipios.com\/wp-content\/uploads\/2022\/04\/IMG-20220425-WA0021-768x1024.jpg\" alt=\"\" class=\"wp-image-13448\" srcset=\"https:\/\/diarioprincipios.com\/wp-content\/uploads\/2022\/04\/IMG-20220425-WA0021-768x1024.jpg 768w, https:\/\/diarioprincipios.com\/wp-content\/uploads\/2022\/04\/IMG-20220425-WA0021-225x300.jpg 225w, https:\/\/diarioprincipios.com\/wp-content\/uploads\/2022\/04\/IMG-20220425-WA0021.jpg 780w\" sizes=\"auto, (max-width: 768px) 100vw, 768px\" \/><\/figure>\n\n\n\n<p><br>En estas canchas se evaluaron a los futuros arbitros.<br>Tambi\u00e9n desde la Asociaci\u00f3n de Voley agradecieron la colaboraci\u00f3n de los equipos para partidos amistosos de: SOIVA , Primavera , Ciruelos , Pueblo Nuevo , San Pedro y a sus delegados.<\/p>\n\n\n\n<figure class=\"wp-block-image size-large\"><img loading=\"lazy\" decoding=\"async\" width=\"1024\" height=\"768\" src=\"https:\/\/diarioprincipios.com\/wp-content\/uploads\/2022\/04\/IMG-20220425-WA0020-1024x768.jpg\" alt=\"\" class=\"wp-image-13449\" srcset=\"https:\/\/diarioprincipios.com\/wp-content\/uploads\/2022\/04\/IMG-20220425-WA0020-1024x768.jpg 1024w, https:\/\/diarioprincipios.com\/wp-content\/uploads\/2022\/04\/IMG-20220425-WA0020-300x225.jpg 300w, https:\/\/diarioprincipios.com\/wp-content\/uploads\/2022\/04\/IMG-20220425-WA0020-768x576.jpg 768w, https:\/\/diarioprincipios.com\/wp-content\/uploads\/2022\/04\/IMG-20220425-WA0020.jpg 1040w\" sizes=\"auto, (max-width: 1024px) 100vw, 1024px\" \/><\/figure>\n\n\n\n<p><br>Celia Cabrera reiter\u00f3 tambi\u00e9n su agradecimiento \u00aba Horacio Valdez, m\u00e1ximo dirigente vidriero y al Intendente Dr. Juan Jos\u00e9 Mussi, quienes siempre est\u00e1n para apoyarnos y facilitarnos el trabajo\u00bb.<\/p>\n\n\n\n<figure class=\"wp-block-image size-large\"><img loading=\"lazy\" decoding=\"async\" width=\"1024\" height=\"768\" src=\"https:\/\/diarioprincipios.com\/wp-content\/uploads\/2022\/04\/IMG-20220425-WA0016-1024x768.jpg\" alt=\"\" class=\"wp-image-13450\" srcset=\"https:\/\/diarioprincipios.com\/wp-content\/uploads\/2022\/04\/IMG-20220425-WA0016-1024x768.jpg 1024w, https:\/\/diarioprincipios.com\/wp-content\/uploads\/2022\/04\/IMG-20220425-WA0016-300x225.jpg 300w, https:\/\/diarioprincipios.com\/wp-content\/uploads\/2022\/04\/IMG-20220425-WA0016-768x576.jpg 768w, https:\/\/diarioprincipios.com\/wp-content\/uploads\/2022\/04\/IMG-20220425-WA0016.jpg 1040w\" sizes=\"auto, (max-width: 1024px) 100vw, 1024px\" \/><\/figure>\n\n\n\n<p><br>Finalmente destac\u00f3 que \u00bb las capacitaciones que llevamos adelante est\u00e1n dirigidas mayormente a gente j\u00f3ven y apuntan a darles a trav\u00e9s de la actividad deportiva una salida laboral algo muy importante en nuestros tiempos\u00bb.<\/p>\n","protected":false},"excerpt":{"rendered":"<p>La Asociaci\u00f3n de Voley Capital Nacional del Vidrio, que preside la concejal de Berazategui Celia Cabrera, contin\u00faa con su ciclo de capacitaciones.Esta vez fue el turno de los \u00e1rbitros quienes desempe\u00f1an un papel muy importante impartiendo justicia en los encuentros. El te\u00f3rico del Curso de \u00c1rbitros se evalu\u00f3 en la sede del Sindicato del Vidrio,&#8230;<\/p>\n","protected":false},"author":2,"featured_media":13451,"comment_status":"open","ping_status":"open","sticky":false,"template":"","format":"standard","meta":{"footnotes":""},"categories":[6],"tags":[],"class_list":["post-13446","post","type-post","status-publish","format-standard","has-post-thumbnail","hentry","category-deportes"],"featured_image_src":"https:\/\/diarioprincipios.com\/wp-content\/uploads\/2022\/04\/IMG-20220422-WA0090-1024x768.jpg","blog_images":{"medium":"https:\/\/diarioprincipios.com\/wp-content\/uploads\/2022\/04\/IMG-20220422-WA0090-300x225.jpg","large":"https:\/\/diarioprincipios.com\/wp-content\/uploads\/2022\/04\/IMG-20220422-WA0090-1024x768.jpg"},"ams_acf":[],"yoast_head":"<!-- This site is optimized with the Yoast SEO plugin v27.3 - https:\/\/yoast.com\/product\/yoast-seo-wordpress\/ -->\n<title>La Asociaci\u00f3n de Voley contin\u00faa apostando a la capacitaci\u00f3n - Principios<\/title>\n<meta name=\"robots\" content=\"index, follow, max-snippet:-1, max-image-preview:large, max-video-preview:-1\" \/>\n<link rel=\"canonical\" href=\"https:\/\/diarioprincipios.com\/index.php\/2022\/04\/26\/la-asociacion-de-voley-continua-apostando-a-la-capacitacion\/\" \/>\n<meta property=\"og:locale\" content=\"es_ES\" \/>\n<meta property=\"og:type\" content=\"article\" \/>\n<meta property=\"og:title\" content=\"La Asociaci\u00f3n de Voley contin\u00faa apostando a la capacitaci\u00f3n - Principios\" \/>\n<meta property=\"og:description\" content=\"La Asociaci\u00f3n de Voley Capital Nacional del Vidrio, que preside la concejal de Berazategui Celia Cabrera, contin\u00faa con su ciclo de capacitaciones.Esta vez fue el turno de los \u00e1rbitros quienes desempe\u00f1an un papel muy importante impartiendo justicia en los encuentros. El te\u00f3rico del Curso de \u00c1rbitros se evalu\u00f3 en la sede del Sindicato del Vidrio,...\" \/>\n<meta property=\"og:url\" content=\"https:\/\/diarioprincipios.com\/index.php\/2022\/04\/26\/la-asociacion-de-voley-continua-apostando-a-la-capacitacion\/\" \/>\n<meta property=\"og:site_name\" content=\"Principios\" \/>\n<meta property=\"article:published_time\" content=\"2022-04-26T10:47:47+00:00\" \/>\n<meta property=\"article:modified_time\" content=\"2022-04-26T10:47:54+00:00\" \/>\n<meta property=\"og:image\" content=\"https:\/\/diarioprincipios.com\/wp-content\/uploads\/2022\/04\/IMG-20220422-WA0090.jpg\" \/>\n\t<meta property=\"og:image:width\" content=\"1600\" \/>\n\t<meta property=\"og:image:height\" content=\"1200\" \/>\n\t<meta property=\"og:image:type\" content=\"image\/jpeg\" \/>\n<meta name=\"author\" content=\"Hern\u00e1n L\u00f3pez\" \/>\n<meta name=\"twitter:card\" content=\"summary_large_image\" \/>\n<meta name=\"twitter:label1\" content=\"Escrito por\" \/>\n\t<meta name=\"twitter:data1\" content=\"Hern\u00e1n L\u00f3pez\" \/>\n\t<meta name=\"twitter:label2\" content=\"Tiempo de lectura\" \/>\n\t<meta name=\"twitter:data2\" content=\"2 minutos\" \/>\n<script type=\"application\/ld+json\" class=\"yoast-schema-graph\">{\"@context\":\"https:\\\/\\\/schema.org\",\"@graph\":[{\"@type\":\"Article\",\"@id\":\"https:\\\/\\\/diarioprincipios.com\\\/index.php\\\/2022\\\/04\\\/26\\\/la-asociacion-de-voley-continua-apostando-a-la-capacitacion\\\/#article\",\"isPartOf\":{\"@id\":\"https:\\\/\\\/diarioprincipios.com\\\/index.php\\\/2022\\\/04\\\/26\\\/la-asociacion-de-voley-continua-apostando-a-la-capacitacion\\\/\"},\"author\":{\"name\":\"Hern\u00e1n L\u00f3pez\",\"@id\":\"https:\\\/\\\/diarioprincipios.com\\\/#\\\/schema\\\/person\\\/436d5a1fd41a5e250e23ff5a6a7cb080\"},\"headline\":\"La Asociaci\u00f3n de Voley contin\u00faa apostando a la capacitaci\u00f3n\",\"datePublished\":\"2022-04-26T10:47:47+00:00\",\"dateModified\":\"2022-04-26T10:47:54+00:00\",\"mainEntityOfPage\":{\"@id\":\"https:\\\/\\\/diarioprincipios.com\\\/index.php\\\/2022\\\/04\\\/26\\\/la-asociacion-de-voley-continua-apostando-a-la-capacitacion\\\/\"},\"wordCount\":233,\"commentCount\":0,\"publisher\":{\"@id\":\"https:\\\/\\\/diarioprincipios.com\\\/#organization\"},\"image\":{\"@id\":\"https:\\\/\\\/diarioprincipios.com\\\/index.php\\\/2022\\\/04\\\/26\\\/la-asociacion-de-voley-continua-apostando-a-la-capacitacion\\\/#primaryimage\"},\"thumbnailUrl\":\"https:\\\/\\\/diarioprincipios.com\\\/wp-content\\\/uploads\\\/2022\\\/04\\\/IMG-20220422-WA0090.jpg\",\"articleSection\":[\"Deportes\"],\"inLanguage\":\"es\",\"potentialAction\":[{\"@type\":\"CommentAction\",\"name\":\"Comment\",\"target\":[\"https:\\\/\\\/diarioprincipios.com\\\/index.php\\\/2022\\\/04\\\/26\\\/la-asociacion-de-voley-continua-apostando-a-la-capacitacion\\\/#respond\"]}]},{\"@type\":\"WebPage\",\"@id\":\"https:\\\/\\\/diarioprincipios.com\\\/index.php\\\/2022\\\/04\\\/26\\\/la-asociacion-de-voley-continua-apostando-a-la-capacitacion\\\/\",\"url\":\"https:\\\/\\\/diarioprincipios.com\\\/index.php\\\/2022\\\/04\\\/26\\\/la-asociacion-de-voley-continua-apostando-a-la-capacitacion\\\/\",\"name\":\"La Asociaci\u00f3n de Voley contin\u00faa apostando a la capacitaci\u00f3n - Principios\",\"isPartOf\":{\"@id\":\"https:\\\/\\\/diarioprincipios.com\\\/#website\"},\"primaryImageOfPage\":{\"@id\":\"https:\\\/\\\/diarioprincipios.com\\\/index.php\\\/2022\\\/04\\\/26\\\/la-asociacion-de-voley-continua-apostando-a-la-capacitacion\\\/#primaryimage\"},\"image\":{\"@id\":\"https:\\\/\\\/diarioprincipios.com\\\/index.php\\\/2022\\\/04\\\/26\\\/la-asociacion-de-voley-continua-apostando-a-la-capacitacion\\\/#primaryimage\"},\"thumbnailUrl\":\"https:\\\/\\\/diarioprincipios.com\\\/wp-content\\\/uploads\\\/2022\\\/04\\\/IMG-20220422-WA0090.jpg\",\"datePublished\":\"2022-04-26T10:47:47+00:00\",\"dateModified\":\"2022-04-26T10:47:54+00:00\",\"breadcrumb\":{\"@id\":\"https:\\\/\\\/diarioprincipios.com\\\/index.php\\\/2022\\\/04\\\/26\\\/la-asociacion-de-voley-continua-apostando-a-la-capacitacion\\\/#breadcrumb\"},\"inLanguage\":\"es\",\"potentialAction\":[{\"@type\":\"ReadAction\",\"target\":[\"https:\\\/\\\/diarioprincipios.com\\\/index.php\\\/2022\\\/04\\\/26\\\/la-asociacion-de-voley-continua-apostando-a-la-capacitacion\\\/\"]}]},{\"@type\":\"ImageObject\",\"inLanguage\":\"es\",\"@id\":\"https:\\\/\\\/diarioprincipios.com\\\/index.php\\\/2022\\\/04\\\/26\\\/la-asociacion-de-voley-continua-apostando-a-la-capacitacion\\\/#primaryimage\",\"url\":\"https:\\\/\\\/diarioprincipios.com\\\/wp-content\\\/uploads\\\/2022\\\/04\\\/IMG-20220422-WA0090.jpg\",\"contentUrl\":\"https:\\\/\\\/diarioprincipios.com\\\/wp-content\\\/uploads\\\/2022\\\/04\\\/IMG-20220422-WA0090.jpg\",\"width\":1600,\"height\":1200},{\"@type\":\"BreadcrumbList\",\"@id\":\"https:\\\/\\\/diarioprincipios.com\\\/index.php\\\/2022\\\/04\\\/26\\\/la-asociacion-de-voley-continua-apostando-a-la-capacitacion\\\/#breadcrumb\",\"itemListElement\":[{\"@type\":\"ListItem\",\"position\":1,\"name\":\"Portada\",\"item\":\"https:\\\/\\\/diarioprincipios.com\\\/\"},{\"@type\":\"ListItem\",\"position\":2,\"name\":\"La Asociaci\u00f3n de Voley contin\u00faa apostando a la capacitaci\u00f3n\"}]},{\"@type\":\"WebSite\",\"@id\":\"https:\\\/\\\/diarioprincipios.com\\\/#website\",\"url\":\"https:\\\/\\\/diarioprincipios.com\\\/\",\"name\":\"Principios\",\"description\":\"Principios Diario\",\"publisher\":{\"@id\":\"https:\\\/\\\/diarioprincipios.com\\\/#organization\"},\"potentialAction\":[{\"@type\":\"SearchAction\",\"target\":{\"@type\":\"EntryPoint\",\"urlTemplate\":\"https:\\\/\\\/diarioprincipios.com\\\/?s={search_term_string}\"},\"query-input\":{\"@type\":\"PropertyValueSpecification\",\"valueRequired\":true,\"valueName\":\"search_term_string\"}}],\"inLanguage\":\"es\"},{\"@type\":\"Organization\",\"@id\":\"https:\\\/\\\/diarioprincipios.com\\\/#organization\",\"name\":\"Principios\",\"url\":\"https:\\\/\\\/diarioprincipios.com\\\/\",\"logo\":{\"@type\":\"ImageObject\",\"inLanguage\":\"es\",\"@id\":\"https:\\\/\\\/diarioprincipios.com\\\/#\\\/schema\\\/logo\\\/image\\\/\",\"url\":\"https:\\\/\\\/diarioprincipios.com\\\/wp-content\\\/uploads\\\/2024\\\/04\\\/cropped-www.diarioprincipios.com_-1.png\",\"contentUrl\":\"https:\\\/\\\/diarioprincipios.com\\\/wp-content\\\/uploads\\\/2024\\\/04\\\/cropped-www.diarioprincipios.com_-1.png\",\"width\":5325,\"height\":1454,\"caption\":\"Principios\"},\"image\":{\"@id\":\"https:\\\/\\\/diarioprincipios.com\\\/#\\\/schema\\\/logo\\\/image\\\/\"}},{\"@type\":\"Person\",\"@id\":\"https:\\\/\\\/diarioprincipios.com\\\/#\\\/schema\\\/person\\\/436d5a1fd41a5e250e23ff5a6a7cb080\",\"name\":\"Hern\u00e1n L\u00f3pez\",\"image\":{\"@type\":\"ImageObject\",\"inLanguage\":\"es\",\"@id\":\"https:\\\/\\\/diarioprincipios.com\\\/wp-content\\\/litespeed\\\/avatar\\\/11ddfe5610ff3bd100522525b2571f48.jpg?ver=1777048341\",\"url\":\"https:\\\/\\\/diarioprincipios.com\\\/wp-content\\\/litespeed\\\/avatar\\\/11ddfe5610ff3bd100522525b2571f48.jpg?ver=1777048341\",\"contentUrl\":\"https:\\\/\\\/diarioprincipios.com\\\/wp-content\\\/litespeed\\\/avatar\\\/11ddfe5610ff3bd100522525b2571f48.jpg?ver=1777048341\",\"caption\":\"Hern\u00e1n L\u00f3pez\"},\"url\":\"https:\\\/\\\/diarioprincipios.com\\\/index.php\\\/author\\\/hernan\\\/\"}]}<\/script>\n<!-- \/ Yoast SEO plugin. -->","yoast_head_json":{"title":"La Asociaci\u00f3n de Voley contin\u00faa apostando a la capacitaci\u00f3n - Principios","robots":{"index":"index","follow":"follow","max-snippet":"max-snippet:-1","max-image-preview":"max-image-preview:large","max-video-preview":"max-video-preview:-1"},"canonical":"https:\/\/diarioprincipios.com\/index.php\/2022\/04\/26\/la-asociacion-de-voley-continua-apostando-a-la-capacitacion\/","og_locale":"es_ES","og_type":"article","og_title":"La Asociaci\u00f3n de Voley contin\u00faa apostando a la capacitaci\u00f3n - Principios","og_description":"La Asociaci\u00f3n de Voley Capital Nacional del Vidrio, que preside la concejal de Berazategui Celia Cabrera, contin\u00faa con su ciclo de capacitaciones.Esta vez fue el turno de los \u00e1rbitros quienes desempe\u00f1an un papel muy importante impartiendo justicia en los encuentros. El te\u00f3rico del Curso de \u00c1rbitros se evalu\u00f3 en la sede del Sindicato del Vidrio,...","og_url":"https:\/\/diarioprincipios.com\/index.php\/2022\/04\/26\/la-asociacion-de-voley-continua-apostando-a-la-capacitacion\/","og_site_name":"Principios","article_published_time":"2022-04-26T10:47:47+00:00","article_modified_time":"2022-04-26T10:47:54+00:00","og_image":[{"width":1600,"height":1200,"url":"https:\/\/diarioprincipios.com\/wp-content\/uploads\/2022\/04\/IMG-20220422-WA0090.jpg","type":"image\/jpeg"}],"author":"Hern\u00e1n L\u00f3pez","twitter_card":"summary_large_image","twitter_misc":{"Escrito por":"Hern\u00e1n L\u00f3pez","Tiempo de lectura":"2 minutos"},"schema":{"@context":"https:\/\/schema.org","@graph":[{"@type":"Article","@id":"https:\/\/diarioprincipios.com\/index.php\/2022\/04\/26\/la-asociacion-de-voley-continua-apostando-a-la-capacitacion\/#article","isPartOf":{"@id":"https:\/\/diarioprincipios.com\/index.php\/2022\/04\/26\/la-asociacion-de-voley-continua-apostando-a-la-capacitacion\/"},"author":{"name":"Hern\u00e1n L\u00f3pez","@id":"https:\/\/diarioprincipios.com\/#\/schema\/person\/436d5a1fd41a5e250e23ff5a6a7cb080"},"headline":"La Asociaci\u00f3n de Voley contin\u00faa apostando a la capacitaci\u00f3n","datePublished":"2022-04-26T10:47:47+00:00","dateModified":"2022-04-26T10:47:54+00:00","mainEntityOfPage":{"@id":"https:\/\/diarioprincipios.com\/index.php\/2022\/04\/26\/la-asociacion-de-voley-continua-apostando-a-la-capacitacion\/"},"wordCount":233,"commentCount":0,"publisher":{"@id":"https:\/\/diarioprincipios.com\/#organization"},"image":{"@id":"https:\/\/diarioprincipios.com\/index.php\/2022\/04\/26\/la-asociacion-de-voley-continua-apostando-a-la-capacitacion\/#primaryimage"},"thumbnailUrl":"https:\/\/diarioprincipios.com\/wp-content\/uploads\/2022\/04\/IMG-20220422-WA0090.jpg","articleSection":["Deportes"],"inLanguage":"es","potentialAction":[{"@type":"CommentAction","name":"Comment","target":["https:\/\/diarioprincipios.com\/index.php\/2022\/04\/26\/la-asociacion-de-voley-continua-apostando-a-la-capacitacion\/#respond"]}]},{"@type":"WebPage","@id":"https:\/\/diarioprincipios.com\/index.php\/2022\/04\/26\/la-asociacion-de-voley-continua-apostando-a-la-capacitacion\/","url":"https:\/\/diarioprincipios.com\/index.php\/2022\/04\/26\/la-asociacion-de-voley-continua-apostando-a-la-capacitacion\/","name":"La Asociaci\u00f3n de Voley contin\u00faa apostando a la capacitaci\u00f3n - Principios","isPartOf":{"@id":"https:\/\/diarioprincipios.com\/#website"},"primaryImageOfPage":{"@id":"https:\/\/diarioprincipios.com\/index.php\/2022\/04\/26\/la-asociacion-de-voley-continua-apostando-a-la-capacitacion\/#primaryimage"},"image":{"@id":"https:\/\/diarioprincipios.com\/index.php\/2022\/04\/26\/la-asociacion-de-voley-continua-apostando-a-la-capacitacion\/#primaryimage"},"thumbnailUrl":"https:\/\/diarioprincipios.com\/wp-content\/uploads\/2022\/04\/IMG-20220422-WA0090.jpg","datePublished":"2022-04-26T10:47:47+00:00","dateModified":"2022-04-26T10:47:54+00:00","breadcrumb":{"@id":"https:\/\/diarioprincipios.com\/index.php\/2022\/04\/26\/la-asociacion-de-voley-continua-apostando-a-la-capacitacion\/#breadcrumb"},"inLanguage":"es","potentialAction":[{"@type":"ReadAction","target":["https:\/\/diarioprincipios.com\/index.php\/2022\/04\/26\/la-asociacion-de-voley-continua-apostando-a-la-capacitacion\/"]}]},{"@type":"ImageObject","inLanguage":"es","@id":"https:\/\/diarioprincipios.com\/index.php\/2022\/04\/26\/la-asociacion-de-voley-continua-apostando-a-la-capacitacion\/#primaryimage","url":"https:\/\/diarioprincipios.com\/wp-content\/uploads\/2022\/04\/IMG-20220422-WA0090.jpg","contentUrl":"https:\/\/diarioprincipios.com\/wp-content\/uploads\/2022\/04\/IMG-20220422-WA0090.jpg","width":1600,"height":1200},{"@type":"BreadcrumbList","@id":"https:\/\/diarioprincipios.com\/index.php\/2022\/04\/26\/la-asociacion-de-voley-continua-apostando-a-la-capacitacion\/#breadcrumb","itemListElement":[{"@type":"ListItem","position":1,"name":"Portada","item":"https:\/\/diarioprincipios.com\/"},{"@type":"ListItem","position":2,"name":"La Asociaci\u00f3n de Voley contin\u00faa apostando a la capacitaci\u00f3n"}]},{"@type":"WebSite","@id":"https:\/\/diarioprincipios.com\/#website","url":"https:\/\/diarioprincipios.com\/","name":"Principios","description":"Principios Diario","publisher":{"@id":"https:\/\/diarioprincipios.com\/#organization"},"potentialAction":[{"@type":"SearchAction","target":{"@type":"EntryPoint","urlTemplate":"https:\/\/diarioprincipios.com\/?s={search_term_string}"},"query-input":{"@type":"PropertyValueSpecification","valueRequired":true,"valueName":"search_term_string"}}],"inLanguage":"es"},{"@type":"Organization","@id":"https:\/\/diarioprincipios.com\/#organization","name":"Principios","url":"https:\/\/diarioprincipios.com\/","logo":{"@type":"ImageObject","inLanguage":"es","@id":"https:\/\/diarioprincipios.com\/#\/schema\/logo\/image\/","url":"https:\/\/diarioprincipios.com\/wp-content\/uploads\/2024\/04\/cropped-www.diarioprincipios.com_-1.png","contentUrl":"https:\/\/diarioprincipios.com\/wp-content\/uploads\/2024\/04\/cropped-www.diarioprincipios.com_-1.png","width":5325,"height":1454,"caption":"Principios"},"image":{"@id":"https:\/\/diarioprincipios.com\/#\/schema\/logo\/image\/"}},{"@type":"Person","@id":"https:\/\/diarioprincipios.com\/#\/schema\/person\/436d5a1fd41a5e250e23ff5a6a7cb080","name":"Hern\u00e1n L\u00f3pez","image":{"@type":"ImageObject","inLanguage":"es","@id":"https:\/\/diarioprincipios.com\/wp-content\/litespeed\/avatar\/11ddfe5610ff3bd100522525b2571f48.jpg?ver=1777048341","url":"https:\/\/diarioprincipios.com\/wp-content\/litespeed\/avatar\/11ddfe5610ff3bd100522525b2571f48.jpg?ver=1777048341","contentUrl":"https:\/\/diarioprincipios.com\/wp-content\/litespeed\/avatar\/11ddfe5610ff3bd100522525b2571f48.jpg?ver=1777048341","caption":"Hern\u00e1n L\u00f3pez"},"url":"https:\/\/diarioprincipios.com\/index.php\/author\/hernan\/"}]}},"jetpack_featured_media_url":"https:\/\/diarioprincipios.com\/wp-content\/uploads\/2022\/04\/IMG-20220422-WA0090.jpg","_links":{"self":[{"href":"https:\/\/diarioprincipios.com\/index.php\/wp-json\/wp\/v2\/posts\/13446","targetHints":{"allow":["GET"]}}],"collection":[{"href":"https:\/\/diarioprincipios.com\/index.php\/wp-json\/wp\/v2\/posts"}],"about":[{"href":"https:\/\/diarioprincipios.com\/index.php\/wp-json\/wp\/v2\/types\/post"}],"author":[{"embeddable":true,"href":"https:\/\/diarioprincipios.com\/index.php\/wp-json\/wp\/v2\/users\/2"}],"replies":[{"embeddable":true,"href":"https:\/\/diarioprincipios.com\/index.php\/wp-json\/wp\/v2\/comments?post=13446"}],"version-history":[{"count":1,"href":"https:\/\/diarioprincipios.com\/index.php\/wp-json\/wp\/v2\/posts\/13446\/revisions"}],"predecessor-version":[{"id":13452,"href":"https:\/\/diarioprincipios.com\/index.php\/wp-json\/wp\/v2\/posts\/13446\/revisions\/13452"}],"wp:featuredmedia":[{"embeddable":true,"href":"https:\/\/diarioprincipios.com\/index.php\/wp-json\/wp\/v2\/media\/13451"}],"wp:attachment":[{"href":"https:\/\/diarioprincipios.com\/index.php\/wp-json\/wp\/v2\/media?parent=13446"}],"wp:term":[{"taxonomy":"category","embeddable":true,"href":"https:\/\/diarioprincipios.com\/index.php\/wp-json\/wp\/v2\/categories?post=13446"},{"taxonomy":"post_tag","embeddable":true,"href":"https:\/\/diarioprincipios.com\/index.php\/wp-json\/wp\/v2\/tags?post=13446"}],"curies":[{"name":"wp","href":"https:\/\/api.w.org\/{rel}","templated":true}]}}