{"id":13440,"date":"2022-04-25T11:23:23","date_gmt":"2022-04-25T14:23:23","guid":{"rendered":"http:\/\/diarioprincipios.com\/?p=13440"},"modified":"2022-04-25T11:23:30","modified_gmt":"2022-04-25T14:23:30","slug":"roberto-mata-rodriguez-encabezo-encuentro-con-jubilados-de-comercio-en-el-camping-del-rio","status":"publish","type":"post","link":"https:\/\/diarioprincipios.com\/index.php\/2022\/04\/25\/roberto-mata-rodriguez-encabezo-encuentro-con-jubilados-de-comercio-en-el-camping-del-rio\/","title":{"rendered":"Roberto \u00abMata\u00bb Rodriguez\u00a0 encabez\u00f3 encuentro con Jubilados de Comercio en el Camping del Rio"},"content":{"rendered":"\n<p><strong><br>En un maravilloso domingo de sol, jubilados mercantiles participaron de un almuerzo organizado por el Centro de Empleados de Comercio de Quilmes  que cont\u00f3 con la presencia de su secretario general, Roberto Mata Rodriguez.<\/strong><\/p>\n\n\n\n<p><strong>\u00abEstamos felices de poder ir retomando estos encuentros tras la pandemia, de poder charlar con nuestros compa\u00f1eros jubilados, compartir un almuerzo y tambi\u00e9n mostrarles todo lo que venimos haciendo en este Camping ubicado a orillas del Rio de la Plata entre Quilmes y Bernal\u00bb, se\u00f1al\u00f3 Rodriguez.<\/strong><\/p>\n\n\n\n<figure class=\"wp-block-image size-large\"><img loading=\"lazy\" decoding=\"async\" width=\"1024\" height=\"683\" src=\"https:\/\/diarioprincipios.com\/wp-content\/uploads\/2022\/04\/IMG-20220425-WA0005-1024x683.jpg\" alt=\"\" class=\"wp-image-13441\" srcset=\"https:\/\/diarioprincipios.com\/wp-content\/uploads\/2022\/04\/IMG-20220425-WA0005-1024x683.jpg 1024w, https:\/\/diarioprincipios.com\/wp-content\/uploads\/2022\/04\/IMG-20220425-WA0005-300x200.jpg 300w, https:\/\/diarioprincipios.com\/wp-content\/uploads\/2022\/04\/IMG-20220425-WA0005-768x512.jpg 768w, https:\/\/diarioprincipios.com\/wp-content\/uploads\/2022\/04\/IMG-20220425-WA0005.jpg 1068w\" sizes=\"auto, (max-width: 1024px) 100vw, 1024px\" \/><\/figure>\n\n\n\n<p><strong>Seguidamente, el \u00abMata\u00bb destac\u00f3 que \u00abrealizamos muchas obras, tanto aqu\u00ed como en el Camp\u00edng de El Pato, el Club El Porvenir y cada una de nuestras sedes, pero hay que seguir haciendo, por eso seguimos proyectando y trabajando\u00bb.<\/strong><\/p>\n\n\n\n<p><strong>En ese sentido adelanto que \u00aben Mayo estaremos comenzando con las obras en  la sede de Florencio Varela\u00a0 y en Junio queremos empezar con la tareas en el predio que hemos conseguido en El Pato, son tierras del ferrocarril que nos cedieron y en las cuales vamos a contruir un Polideportivo con una cancha de 11, m\u00e1s tres chicas de cesped sintetico, vestuarios, iluminaci\u00f3n y  estacionamiento, seguimos apostando al desarrollo y el crecimento\u00bb.<\/strong><\/p>\n\n\n\n<figure class=\"wp-block-image size-large\"><img loading=\"lazy\" decoding=\"async\" width=\"1024\" height=\"683\" src=\"https:\/\/diarioprincipios.com\/wp-content\/uploads\/2022\/04\/IMG-20220425-WA0001-1024x683.jpg\" alt=\"\" class=\"wp-image-13442\" srcset=\"https:\/\/diarioprincipios.com\/wp-content\/uploads\/2022\/04\/IMG-20220425-WA0001-1024x683.jpg 1024w, https:\/\/diarioprincipios.com\/wp-content\/uploads\/2022\/04\/IMG-20220425-WA0001-300x200.jpg 300w, https:\/\/diarioprincipios.com\/wp-content\/uploads\/2022\/04\/IMG-20220425-WA0001-768x512.jpg 768w, https:\/\/diarioprincipios.com\/wp-content\/uploads\/2022\/04\/IMG-20220425-WA0001.jpg 1068w\" sizes=\"auto, (max-width: 1024px) 100vw, 1024px\" \/><\/figure>\n\n\n\n<p><strong>Tras adelantar que \u00ab\u00e9ste probablemente ser\u00e1 mi \u00faltimo mandato al frente del gremio\u00bb, Rodriguez destac\u00f3 que \u00abhemos conseguido un Sindicato que sea grande en la gesti\u00f3n, con 2 Camping, 3 Hoteles, y sedes en toda la regi\u00f3n, adem\u00e1s administramos un Club como El Porvenir de Quilmes que hoy recibe unas 500 personas por dia que pueden disfrutar de las actividades\u00bb.<\/strong><\/p>\n\n\n\n<p><strong>Consultado sobre el acuerdo logrado recientemente por el sector, que ronda el 60% en 7 cuotas, \u00abMata\u00bb Rodriguez fue cauto al destacar que \u00absabemos que no alcanza y que seguramente habr\u00e1 que reabrir paritarias, pero queremos esperar la letra chica para dar bien nuestra opinion\u00bb.<\/strong><\/p>\n\n\n\n<figure class=\"wp-block-image size-large\"><img loading=\"lazy\" decoding=\"async\" width=\"1024\" height=\"683\" src=\"https:\/\/diarioprincipios.com\/wp-content\/uploads\/2022\/04\/IMG-20220425-WA0000-1024x683.jpg\" alt=\"\" class=\"wp-image-13443\" srcset=\"https:\/\/diarioprincipios.com\/wp-content\/uploads\/2022\/04\/IMG-20220425-WA0000-1024x683.jpg 1024w, https:\/\/diarioprincipios.com\/wp-content\/uploads\/2022\/04\/IMG-20220425-WA0000-300x200.jpg 300w, https:\/\/diarioprincipios.com\/wp-content\/uploads\/2022\/04\/IMG-20220425-WA0000-768x512.jpg 768w, https:\/\/diarioprincipios.com\/wp-content\/uploads\/2022\/04\/IMG-20220425-WA0000.jpg 1068w\" sizes=\"auto, (max-width: 1024px) 100vw, 1024px\" \/><\/figure>\n\n\n\n<p><strong>Finalmente agradeci\u00f3 a su comisi\u00f3n directiva y a los intendetes de la reguion por el apoyo, \u00abcuando nos juntamos los que queremos que las cosas se hagan bien, las cosas se hacen bien\u00bb, cerr\u00f3.<\/strong><\/p>\n","protected":false},"excerpt":{"rendered":"<p>En un maravilloso domingo de sol, jubilados mercantiles participaron de un almuerzo organizado por el Centro de Empleados de Comercio de Quilmes que cont\u00f3 con la presencia de su secretario general, Roberto Mata Rodriguez. \u00abEstamos felices de poder ir retomando estos encuentros tras la pandemia, de poder charlar con nuestros compa\u00f1eros jubilados, compartir un almuerzo&#8230;<\/p>\n","protected":false},"author":2,"featured_media":13444,"comment_status":"open","ping_status":"open","sticky":false,"template":"","format":"standard","meta":{"footnotes":""},"categories":[4],"tags":[],"class_list":["post-13440","post","type-post","status-publish","format-standard","has-post-thumbnail","hentry","category-quilmes"],"featured_image_src":"https:\/\/diarioprincipios.com\/wp-content\/uploads\/2022\/04\/IMG-20220425-WA0011-1024x683.jpg","blog_images":{"medium":"https:\/\/diarioprincipios.com\/wp-content\/uploads\/2022\/04\/IMG-20220425-WA0011-300x200.jpg","large":"https:\/\/diarioprincipios.com\/wp-content\/uploads\/2022\/04\/IMG-20220425-WA0011-1024x683.jpg"},"ams_acf":[],"yoast_head":"<!-- This site is optimized with the Yoast SEO plugin v27.3 - https:\/\/yoast.com\/product\/yoast-seo-wordpress\/ -->\n<title>Roberto &quot;Mata&quot; Rodriguez\u00a0 encabez\u00f3 encuentro con Jubilados de Comercio en el Camping del Rio - Principios<\/title>\n<meta name=\"robots\" content=\"index, follow, max-snippet:-1, max-image-preview:large, max-video-preview:-1\" \/>\n<link rel=\"canonical\" href=\"https:\/\/diarioprincipios.com\/index.php\/2022\/04\/25\/roberto-mata-rodriguez-encabezo-encuentro-con-jubilados-de-comercio-en-el-camping-del-rio\/\" \/>\n<meta property=\"og:locale\" content=\"es_ES\" \/>\n<meta property=\"og:type\" content=\"article\" \/>\n<meta property=\"og:title\" content=\"Roberto &quot;Mata&quot; Rodriguez\u00a0 encabez\u00f3 encuentro con Jubilados de Comercio en el Camping del Rio - Principios\" \/>\n<meta property=\"og:description\" content=\"En un maravilloso domingo de sol, jubilados mercantiles participaron de un almuerzo organizado por el Centro de Empleados de Comercio de Quilmes que cont\u00f3 con la presencia de su secretario general, Roberto Mata Rodriguez. \u00abEstamos felices de poder ir retomando estos encuentros tras la pandemia, de poder charlar con nuestros compa\u00f1eros jubilados, compartir un almuerzo...\" \/>\n<meta property=\"og:url\" content=\"https:\/\/diarioprincipios.com\/index.php\/2022\/04\/25\/roberto-mata-rodriguez-encabezo-encuentro-con-jubilados-de-comercio-en-el-camping-del-rio\/\" \/>\n<meta property=\"og:site_name\" content=\"Principios\" \/>\n<meta property=\"article:published_time\" content=\"2022-04-25T14:23:23+00:00\" \/>\n<meta property=\"article:modified_time\" content=\"2022-04-25T14:23:30+00:00\" \/>\n<meta property=\"og:image\" content=\"https:\/\/diarioprincipios.com\/wp-content\/uploads\/2022\/04\/IMG-20220425-WA0011.jpg\" \/>\n\t<meta property=\"og:image:width\" content=\"1068\" \/>\n\t<meta property=\"og:image:height\" content=\"712\" \/>\n\t<meta property=\"og:image:type\" content=\"image\/jpeg\" \/>\n<meta name=\"author\" content=\"Hern\u00e1n L\u00f3pez\" \/>\n<meta name=\"twitter:card\" content=\"summary_large_image\" \/>\n<meta name=\"twitter:label1\" content=\"Escrito por\" \/>\n\t<meta name=\"twitter:data1\" content=\"Hern\u00e1n L\u00f3pez\" \/>\n\t<meta name=\"twitter:label2\" content=\"Tiempo de lectura\" \/>\n\t<meta name=\"twitter:data2\" content=\"3 minutos\" \/>\n<script type=\"application\/ld+json\" class=\"yoast-schema-graph\">{\"@context\":\"https:\\\/\\\/schema.org\",\"@graph\":[{\"@type\":\"Article\",\"@id\":\"https:\\\/\\\/diarioprincipios.com\\\/index.php\\\/2022\\\/04\\\/25\\\/roberto-mata-rodriguez-encabezo-encuentro-con-jubilados-de-comercio-en-el-camping-del-rio\\\/#article\",\"isPartOf\":{\"@id\":\"https:\\\/\\\/diarioprincipios.com\\\/index.php\\\/2022\\\/04\\\/25\\\/roberto-mata-rodriguez-encabezo-encuentro-con-jubilados-de-comercio-en-el-camping-del-rio\\\/\"},\"author\":{\"name\":\"Hern\u00e1n L\u00f3pez\",\"@id\":\"https:\\\/\\\/diarioprincipios.com\\\/#\\\/schema\\\/person\\\/436d5a1fd41a5e250e23ff5a6a7cb080\"},\"headline\":\"Roberto \u00abMata\u00bb Rodriguez\u00a0 encabez\u00f3 encuentro con Jubilados de Comercio en el Camping del Rio\",\"datePublished\":\"2022-04-25T14:23:23+00:00\",\"dateModified\":\"2022-04-25T14:23:30+00:00\",\"mainEntityOfPage\":{\"@id\":\"https:\\\/\\\/diarioprincipios.com\\\/index.php\\\/2022\\\/04\\\/25\\\/roberto-mata-rodriguez-encabezo-encuentro-con-jubilados-de-comercio-en-el-camping-del-rio\\\/\"},\"wordCount\":348,\"commentCount\":0,\"publisher\":{\"@id\":\"https:\\\/\\\/diarioprincipios.com\\\/#organization\"},\"image\":{\"@id\":\"https:\\\/\\\/diarioprincipios.com\\\/index.php\\\/2022\\\/04\\\/25\\\/roberto-mata-rodriguez-encabezo-encuentro-con-jubilados-de-comercio-en-el-camping-del-rio\\\/#primaryimage\"},\"thumbnailUrl\":\"https:\\\/\\\/diarioprincipios.com\\\/wp-content\\\/uploads\\\/2022\\\/04\\\/IMG-20220425-WA0011.jpg\",\"articleSection\":[\"Quilmes\"],\"inLanguage\":\"es\",\"potentialAction\":[{\"@type\":\"CommentAction\",\"name\":\"Comment\",\"target\":[\"https:\\\/\\\/diarioprincipios.com\\\/index.php\\\/2022\\\/04\\\/25\\\/roberto-mata-rodriguez-encabezo-encuentro-con-jubilados-de-comercio-en-el-camping-del-rio\\\/#respond\"]}]},{\"@type\":\"WebPage\",\"@id\":\"https:\\\/\\\/diarioprincipios.com\\\/index.php\\\/2022\\\/04\\\/25\\\/roberto-mata-rodriguez-encabezo-encuentro-con-jubilados-de-comercio-en-el-camping-del-rio\\\/\",\"url\":\"https:\\\/\\\/diarioprincipios.com\\\/index.php\\\/2022\\\/04\\\/25\\\/roberto-mata-rodriguez-encabezo-encuentro-con-jubilados-de-comercio-en-el-camping-del-rio\\\/\",\"name\":\"Roberto \\\"Mata\\\" Rodriguez\u00a0 encabez\u00f3 encuentro con Jubilados de Comercio en el Camping del Rio - Principios\",\"isPartOf\":{\"@id\":\"https:\\\/\\\/diarioprincipios.com\\\/#website\"},\"primaryImageOfPage\":{\"@id\":\"https:\\\/\\\/diarioprincipios.com\\\/index.php\\\/2022\\\/04\\\/25\\\/roberto-mata-rodriguez-encabezo-encuentro-con-jubilados-de-comercio-en-el-camping-del-rio\\\/#primaryimage\"},\"image\":{\"@id\":\"https:\\\/\\\/diarioprincipios.com\\\/index.php\\\/2022\\\/04\\\/25\\\/roberto-mata-rodriguez-encabezo-encuentro-con-jubilados-de-comercio-en-el-camping-del-rio\\\/#primaryimage\"},\"thumbnailUrl\":\"https:\\\/\\\/diarioprincipios.com\\\/wp-content\\\/uploads\\\/2022\\\/04\\\/IMG-20220425-WA0011.jpg\",\"datePublished\":\"2022-04-25T14:23:23+00:00\",\"dateModified\":\"2022-04-25T14:23:30+00:00\",\"breadcrumb\":{\"@id\":\"https:\\\/\\\/diarioprincipios.com\\\/index.php\\\/2022\\\/04\\\/25\\\/roberto-mata-rodriguez-encabezo-encuentro-con-jubilados-de-comercio-en-el-camping-del-rio\\\/#breadcrumb\"},\"inLanguage\":\"es\",\"potentialAction\":[{\"@type\":\"ReadAction\",\"target\":[\"https:\\\/\\\/diarioprincipios.com\\\/index.php\\\/2022\\\/04\\\/25\\\/roberto-mata-rodriguez-encabezo-encuentro-con-jubilados-de-comercio-en-el-camping-del-rio\\\/\"]}]},{\"@type\":\"ImageObject\",\"inLanguage\":\"es\",\"@id\":\"https:\\\/\\\/diarioprincipios.com\\\/index.php\\\/2022\\\/04\\\/25\\\/roberto-mata-rodriguez-encabezo-encuentro-con-jubilados-de-comercio-en-el-camping-del-rio\\\/#primaryimage\",\"url\":\"https:\\\/\\\/diarioprincipios.com\\\/wp-content\\\/uploads\\\/2022\\\/04\\\/IMG-20220425-WA0011.jpg\",\"contentUrl\":\"https:\\\/\\\/diarioprincipios.com\\\/wp-content\\\/uploads\\\/2022\\\/04\\\/IMG-20220425-WA0011.jpg\",\"width\":1068,\"height\":712},{\"@type\":\"BreadcrumbList\",\"@id\":\"https:\\\/\\\/diarioprincipios.com\\\/index.php\\\/2022\\\/04\\\/25\\\/roberto-mata-rodriguez-encabezo-encuentro-con-jubilados-de-comercio-en-el-camping-del-rio\\\/#breadcrumb\",\"itemListElement\":[{\"@type\":\"ListItem\",\"position\":1,\"name\":\"Portada\",\"item\":\"https:\\\/\\\/diarioprincipios.com\\\/\"},{\"@type\":\"ListItem\",\"position\":2,\"name\":\"Roberto \u00abMata\u00bb Rodriguez\u00a0 encabez\u00f3 encuentro con Jubilados de Comercio en el Camping del Rio\"}]},{\"@type\":\"WebSite\",\"@id\":\"https:\\\/\\\/diarioprincipios.com\\\/#website\",\"url\":\"https:\\\/\\\/diarioprincipios.com\\\/\",\"name\":\"Principios\",\"description\":\"Principios Diario\",\"publisher\":{\"@id\":\"https:\\\/\\\/diarioprincipios.com\\\/#organization\"},\"potentialAction\":[{\"@type\":\"SearchAction\",\"target\":{\"@type\":\"EntryPoint\",\"urlTemplate\":\"https:\\\/\\\/diarioprincipios.com\\\/?s={search_term_string}\"},\"query-input\":{\"@type\":\"PropertyValueSpecification\",\"valueRequired\":true,\"valueName\":\"search_term_string\"}}],\"inLanguage\":\"es\"},{\"@type\":\"Organization\",\"@id\":\"https:\\\/\\\/diarioprincipios.com\\\/#organization\",\"name\":\"Principios\",\"url\":\"https:\\\/\\\/diarioprincipios.com\\\/\",\"logo\":{\"@type\":\"ImageObject\",\"inLanguage\":\"es\",\"@id\":\"https:\\\/\\\/diarioprincipios.com\\\/#\\\/schema\\\/logo\\\/image\\\/\",\"url\":\"https:\\\/\\\/diarioprincipios.com\\\/wp-content\\\/uploads\\\/2024\\\/04\\\/cropped-www.diarioprincipios.com_-1.png\",\"contentUrl\":\"https:\\\/\\\/diarioprincipios.com\\\/wp-content\\\/uploads\\\/2024\\\/04\\\/cropped-www.diarioprincipios.com_-1.png\",\"width\":5325,\"height\":1454,\"caption\":\"Principios\"},\"image\":{\"@id\":\"https:\\\/\\\/diarioprincipios.com\\\/#\\\/schema\\\/logo\\\/image\\\/\"}},{\"@type\":\"Person\",\"@id\":\"https:\\\/\\\/diarioprincipios.com\\\/#\\\/schema\\\/person\\\/436d5a1fd41a5e250e23ff5a6a7cb080\",\"name\":\"Hern\u00e1n L\u00f3pez\",\"image\":{\"@type\":\"ImageObject\",\"inLanguage\":\"es\",\"@id\":\"https:\\\/\\\/diarioprincipios.com\\\/wp-content\\\/litespeed\\\/avatar\\\/11ddfe5610ff3bd100522525b2571f48.jpg?ver=1777048341\",\"url\":\"https:\\\/\\\/diarioprincipios.com\\\/wp-content\\\/litespeed\\\/avatar\\\/11ddfe5610ff3bd100522525b2571f48.jpg?ver=1777048341\",\"contentUrl\":\"https:\\\/\\\/diarioprincipios.com\\\/wp-content\\\/litespeed\\\/avatar\\\/11ddfe5610ff3bd100522525b2571f48.jpg?ver=1777048341\",\"caption\":\"Hern\u00e1n L\u00f3pez\"},\"url\":\"https:\\\/\\\/diarioprincipios.com\\\/index.php\\\/author\\\/hernan\\\/\"}]}<\/script>\n<!-- \/ Yoast SEO plugin. -->","yoast_head_json":{"title":"Roberto \"Mata\" Rodriguez\u00a0 encabez\u00f3 encuentro con Jubilados de Comercio en el Camping del Rio - Principios","robots":{"index":"index","follow":"follow","max-snippet":"max-snippet:-1","max-image-preview":"max-image-preview:large","max-video-preview":"max-video-preview:-1"},"canonical":"https:\/\/diarioprincipios.com\/index.php\/2022\/04\/25\/roberto-mata-rodriguez-encabezo-encuentro-con-jubilados-de-comercio-en-el-camping-del-rio\/","og_locale":"es_ES","og_type":"article","og_title":"Roberto \"Mata\" Rodriguez\u00a0 encabez\u00f3 encuentro con Jubilados de Comercio en el Camping del Rio - Principios","og_description":"En un maravilloso domingo de sol, jubilados mercantiles participaron de un almuerzo organizado por el Centro de Empleados de Comercio de Quilmes que cont\u00f3 con la presencia de su secretario general, Roberto Mata Rodriguez. \u00abEstamos felices de poder ir retomando estos encuentros tras la pandemia, de poder charlar con nuestros compa\u00f1eros jubilados, compartir un almuerzo...","og_url":"https:\/\/diarioprincipios.com\/index.php\/2022\/04\/25\/roberto-mata-rodriguez-encabezo-encuentro-con-jubilados-de-comercio-en-el-camping-del-rio\/","og_site_name":"Principios","article_published_time":"2022-04-25T14:23:23+00:00","article_modified_time":"2022-04-25T14:23:30+00:00","og_image":[{"width":1068,"height":712,"url":"https:\/\/diarioprincipios.com\/wp-content\/uploads\/2022\/04\/IMG-20220425-WA0011.jpg","type":"image\/jpeg"}],"author":"Hern\u00e1n L\u00f3pez","twitter_card":"summary_large_image","twitter_misc":{"Escrito por":"Hern\u00e1n L\u00f3pez","Tiempo de lectura":"3 minutos"},"schema":{"@context":"https:\/\/schema.org","@graph":[{"@type":"Article","@id":"https:\/\/diarioprincipios.com\/index.php\/2022\/04\/25\/roberto-mata-rodriguez-encabezo-encuentro-con-jubilados-de-comercio-en-el-camping-del-rio\/#article","isPartOf":{"@id":"https:\/\/diarioprincipios.com\/index.php\/2022\/04\/25\/roberto-mata-rodriguez-encabezo-encuentro-con-jubilados-de-comercio-en-el-camping-del-rio\/"},"author":{"name":"Hern\u00e1n L\u00f3pez","@id":"https:\/\/diarioprincipios.com\/#\/schema\/person\/436d5a1fd41a5e250e23ff5a6a7cb080"},"headline":"Roberto \u00abMata\u00bb Rodriguez\u00a0 encabez\u00f3 encuentro con Jubilados de Comercio en el Camping del Rio","datePublished":"2022-04-25T14:23:23+00:00","dateModified":"2022-04-25T14:23:30+00:00","mainEntityOfPage":{"@id":"https:\/\/diarioprincipios.com\/index.php\/2022\/04\/25\/roberto-mata-rodriguez-encabezo-encuentro-con-jubilados-de-comercio-en-el-camping-del-rio\/"},"wordCount":348,"commentCount":0,"publisher":{"@id":"https:\/\/diarioprincipios.com\/#organization"},"image":{"@id":"https:\/\/diarioprincipios.com\/index.php\/2022\/04\/25\/roberto-mata-rodriguez-encabezo-encuentro-con-jubilados-de-comercio-en-el-camping-del-rio\/#primaryimage"},"thumbnailUrl":"https:\/\/diarioprincipios.com\/wp-content\/uploads\/2022\/04\/IMG-20220425-WA0011.jpg","articleSection":["Quilmes"],"inLanguage":"es","potentialAction":[{"@type":"CommentAction","name":"Comment","target":["https:\/\/diarioprincipios.com\/index.php\/2022\/04\/25\/roberto-mata-rodriguez-encabezo-encuentro-con-jubilados-de-comercio-en-el-camping-del-rio\/#respond"]}]},{"@type":"WebPage","@id":"https:\/\/diarioprincipios.com\/index.php\/2022\/04\/25\/roberto-mata-rodriguez-encabezo-encuentro-con-jubilados-de-comercio-en-el-camping-del-rio\/","url":"https:\/\/diarioprincipios.com\/index.php\/2022\/04\/25\/roberto-mata-rodriguez-encabezo-encuentro-con-jubilados-de-comercio-en-el-camping-del-rio\/","name":"Roberto \"Mata\" Rodriguez\u00a0 encabez\u00f3 encuentro con Jubilados de Comercio en el Camping del Rio - Principios","isPartOf":{"@id":"https:\/\/diarioprincipios.com\/#website"},"primaryImageOfPage":{"@id":"https:\/\/diarioprincipios.com\/index.php\/2022\/04\/25\/roberto-mata-rodriguez-encabezo-encuentro-con-jubilados-de-comercio-en-el-camping-del-rio\/#primaryimage"},"image":{"@id":"https:\/\/diarioprincipios.com\/index.php\/2022\/04\/25\/roberto-mata-rodriguez-encabezo-encuentro-con-jubilados-de-comercio-en-el-camping-del-rio\/#primaryimage"},"thumbnailUrl":"https:\/\/diarioprincipios.com\/wp-content\/uploads\/2022\/04\/IMG-20220425-WA0011.jpg","datePublished":"2022-04-25T14:23:23+00:00","dateModified":"2022-04-25T14:23:30+00:00","breadcrumb":{"@id":"https:\/\/diarioprincipios.com\/index.php\/2022\/04\/25\/roberto-mata-rodriguez-encabezo-encuentro-con-jubilados-de-comercio-en-el-camping-del-rio\/#breadcrumb"},"inLanguage":"es","potentialAction":[{"@type":"ReadAction","target":["https:\/\/diarioprincipios.com\/index.php\/2022\/04\/25\/roberto-mata-rodriguez-encabezo-encuentro-con-jubilados-de-comercio-en-el-camping-del-rio\/"]}]},{"@type":"ImageObject","inLanguage":"es","@id":"https:\/\/diarioprincipios.com\/index.php\/2022\/04\/25\/roberto-mata-rodriguez-encabezo-encuentro-con-jubilados-de-comercio-en-el-camping-del-rio\/#primaryimage","url":"https:\/\/diarioprincipios.com\/wp-content\/uploads\/2022\/04\/IMG-20220425-WA0011.jpg","contentUrl":"https:\/\/diarioprincipios.com\/wp-content\/uploads\/2022\/04\/IMG-20220425-WA0011.jpg","width":1068,"height":712},{"@type":"BreadcrumbList","@id":"https:\/\/diarioprincipios.com\/index.php\/2022\/04\/25\/roberto-mata-rodriguez-encabezo-encuentro-con-jubilados-de-comercio-en-el-camping-del-rio\/#breadcrumb","itemListElement":[{"@type":"ListItem","position":1,"name":"Portada","item":"https:\/\/diarioprincipios.com\/"},{"@type":"ListItem","position":2,"name":"Roberto \u00abMata\u00bb Rodriguez\u00a0 encabez\u00f3 encuentro con Jubilados de Comercio en el Camping del Rio"}]},{"@type":"WebSite","@id":"https:\/\/diarioprincipios.com\/#website","url":"https:\/\/diarioprincipios.com\/","name":"Principios","description":"Principios Diario","publisher":{"@id":"https:\/\/diarioprincipios.com\/#organization"},"potentialAction":[{"@type":"SearchAction","target":{"@type":"EntryPoint","urlTemplate":"https:\/\/diarioprincipios.com\/?s={search_term_string}"},"query-input":{"@type":"PropertyValueSpecification","valueRequired":true,"valueName":"search_term_string"}}],"inLanguage":"es"},{"@type":"Organization","@id":"https:\/\/diarioprincipios.com\/#organization","name":"Principios","url":"https:\/\/diarioprincipios.com\/","logo":{"@type":"ImageObject","inLanguage":"es","@id":"https:\/\/diarioprincipios.com\/#\/schema\/logo\/image\/","url":"https:\/\/diarioprincipios.com\/wp-content\/uploads\/2024\/04\/cropped-www.diarioprincipios.com_-1.png","contentUrl":"https:\/\/diarioprincipios.com\/wp-content\/uploads\/2024\/04\/cropped-www.diarioprincipios.com_-1.png","width":5325,"height":1454,"caption":"Principios"},"image":{"@id":"https:\/\/diarioprincipios.com\/#\/schema\/logo\/image\/"}},{"@type":"Person","@id":"https:\/\/diarioprincipios.com\/#\/schema\/person\/436d5a1fd41a5e250e23ff5a6a7cb080","name":"Hern\u00e1n L\u00f3pez","image":{"@type":"ImageObject","inLanguage":"es","@id":"https:\/\/diarioprincipios.com\/wp-content\/litespeed\/avatar\/11ddfe5610ff3bd100522525b2571f48.jpg?ver=1777048341","url":"https:\/\/diarioprincipios.com\/wp-content\/litespeed\/avatar\/11ddfe5610ff3bd100522525b2571f48.jpg?ver=1777048341","contentUrl":"https:\/\/diarioprincipios.com\/wp-content\/litespeed\/avatar\/11ddfe5610ff3bd100522525b2571f48.jpg?ver=1777048341","caption":"Hern\u00e1n L\u00f3pez"},"url":"https:\/\/diarioprincipios.com\/index.php\/author\/hernan\/"}]}},"jetpack_featured_media_url":"https:\/\/diarioprincipios.com\/wp-content\/uploads\/2022\/04\/IMG-20220425-WA0011.jpg","_links":{"self":[{"href":"https:\/\/diarioprincipios.com\/index.php\/wp-json\/wp\/v2\/posts\/13440","targetHints":{"allow":["GET"]}}],"collection":[{"href":"https:\/\/diarioprincipios.com\/index.php\/wp-json\/wp\/v2\/posts"}],"about":[{"href":"https:\/\/diarioprincipios.com\/index.php\/wp-json\/wp\/v2\/types\/post"}],"author":[{"embeddable":true,"href":"https:\/\/diarioprincipios.com\/index.php\/wp-json\/wp\/v2\/users\/2"}],"replies":[{"embeddable":true,"href":"https:\/\/diarioprincipios.com\/index.php\/wp-json\/wp\/v2\/comments?post=13440"}],"version-history":[{"count":1,"href":"https:\/\/diarioprincipios.com\/index.php\/wp-json\/wp\/v2\/posts\/13440\/revisions"}],"predecessor-version":[{"id":13445,"href":"https:\/\/diarioprincipios.com\/index.php\/wp-json\/wp\/v2\/posts\/13440\/revisions\/13445"}],"wp:featuredmedia":[{"embeddable":true,"href":"https:\/\/diarioprincipios.com\/index.php\/wp-json\/wp\/v2\/media\/13444"}],"wp:attachment":[{"href":"https:\/\/diarioprincipios.com\/index.php\/wp-json\/wp\/v2\/media?parent=13440"}],"wp:term":[{"taxonomy":"category","embeddable":true,"href":"https:\/\/diarioprincipios.com\/index.php\/wp-json\/wp\/v2\/categories?post=13440"},{"taxonomy":"post_tag","embeddable":true,"href":"https:\/\/diarioprincipios.com\/index.php\/wp-json\/wp\/v2\/tags?post=13440"}],"curies":[{"name":"wp","href":"https:\/\/api.w.org\/{rel}","templated":true}]}}