{"id":13435,"date":"2022-04-25T09:42:14","date_gmt":"2022-04-25T12:42:14","guid":{"rendered":"http:\/\/diarioprincipios.com\/?p=13435"},"modified":"2022-04-25T09:42:22","modified_gmt":"2022-04-25T12:42:22","slug":"la-provincia-cedio-tierras-a-berazategui-para-el-futuro-centro-civico-de-el-pato","status":"publish","type":"post","link":"https:\/\/diarioprincipios.com\/index.php\/2022\/04\/25\/la-provincia-cedio-tierras-a-berazategui-para-el-futuro-centro-civico-de-el-pato\/","title":{"rendered":"La Provincia cedi\u00f3 tierras a Berazategui para el futuro Centro C\u00edvico de El Pato"},"content":{"rendered":"\n<p><strong>El ministro de Hacienda y Finanzas de la provincia de Buenos Aires, Pablo L\u00f3pez; y el intendente de Berazategui, Juan Jos\u00e9 Mussi, firmaron el acta de cesi\u00f3n de terrenos para la construcci\u00f3n del futuro Centro C\u00edvico de El Pato. Tras la r\u00fabrica del documento realizada en el Edificio Municipal, las autoridades visitaron el lugar donde se llevar\u00e1 adelante la obra (calle 518 &#8211; colectora Ruta 2 &#8211; calle 611). All\u00ed fueron recibidos por representantes de instituciones junto a vecinos y vecinas de la zona.<\/strong><\/p>\n\n\n\n<p>\u201cEs una enorme satisfacci\u00f3n estar en Berazategui, en una clara muestra de lo que nos transmite siempre nuestro gobernador, Axel Kicillof, a la hora de definir los objetivos de nuestra gesti\u00f3n: el Estado Presente. Una consigna que se traduce en hechos concretos y que tiene que ver con estar a disposici\u00f3n de todos aquellos que lo necesitan, como en esta ocasi\u00f3n el gobierno municipal, para poner en marcha una acci\u00f3n que implica acercar el Estado a la gente\u201d, expres\u00f3 Pablo L\u00f3pez.<\/p>\n\n\n\n<figure class=\"wp-block-image size-large\"><img loading=\"lazy\" decoding=\"async\" width=\"1024\" height=\"760\" src=\"https:\/\/diarioprincipios.com\/wp-content\/uploads\/2022\/04\/BERAZATEGUI-LA-PROVINCIA-CEDIO-TIERRAS-PARA-EL-FUTURO-CENTRO-CIVICO-DE-EL-PATO-1-1024x760.jpg\" alt=\"\" class=\"wp-image-13436\" srcset=\"https:\/\/diarioprincipios.com\/wp-content\/uploads\/2022\/04\/BERAZATEGUI-LA-PROVINCIA-CEDIO-TIERRAS-PARA-EL-FUTURO-CENTRO-CIVICO-DE-EL-PATO-1-1024x760.jpg 1024w, https:\/\/diarioprincipios.com\/wp-content\/uploads\/2022\/04\/BERAZATEGUI-LA-PROVINCIA-CEDIO-TIERRAS-PARA-EL-FUTURO-CENTRO-CIVICO-DE-EL-PATO-1-300x223.jpg 300w, https:\/\/diarioprincipios.com\/wp-content\/uploads\/2022\/04\/BERAZATEGUI-LA-PROVINCIA-CEDIO-TIERRAS-PARA-EL-FUTURO-CENTRO-CIVICO-DE-EL-PATO-1-768x570.jpg 768w, https:\/\/diarioprincipios.com\/wp-content\/uploads\/2022\/04\/BERAZATEGUI-LA-PROVINCIA-CEDIO-TIERRAS-PARA-EL-FUTURO-CENTRO-CIVICO-DE-EL-PATO-1-1536x1140.jpg 1536w, https:\/\/diarioprincipios.com\/wp-content\/uploads\/2022\/04\/BERAZATEGUI-LA-PROVINCIA-CEDIO-TIERRAS-PARA-EL-FUTURO-CENTRO-CIVICO-DE-EL-PATO-1.jpg 1920w\" sizes=\"auto, (max-width: 1024px) 100vw, 1024px\" \/><\/figure>\n\n\n\n<p>Adem\u00e1s, el Ministro bonaerense resalt\u00f3: \u201cEsta es una demostraci\u00f3n de la forma que tenemos de trabajar, en permanente coordinaci\u00f3n entre los diferentes niveles de gobierno y tirando todos para el mismo lado\u2026 con el gobierno nacional aportando lo suyo para que pueda llevarse adelante este proyecto, el gobierno provincial consiguiendo las tierras para su concreci\u00f3n y toda la gesti\u00f3n desarrollada por el gobierno municipal para mejorarles la calidad de vida a sus vecinos\u201d.<\/p>\n\n\n\n<p>Mussi, en tanto, se\u00f1al\u00f3: \u201cEste es el comienzo de un sue\u00f1o que tenemos con los vecinos de El Pato: la construcci\u00f3n del Centro C\u00edvico, que congregar\u00e1 varios servicios, que embellecer\u00e1 el lugar y donde los vecinos podr\u00e1n reencontrarse. Va a ser un espacio muy especial, no solo para la gente grande sino tambi\u00e9n para los chicos, que son los que se merecen que todos nosotros estemos peleando por la concreci\u00f3n de todas estas cosas\u201d.<\/p>\n\n\n\n<figure class=\"wp-block-image size-large\"><img loading=\"lazy\" decoding=\"async\" width=\"1024\" height=\"683\" src=\"https:\/\/diarioprincipios.com\/wp-content\/uploads\/2022\/04\/BERAZATEGUI-LA-PROVINCIA-CEDIO-TIERRAS-PARA-EL-FUTURO-CENTRO-CIVICO-DE-EL-PATO-3-1024x683.jpg\" alt=\"\" class=\"wp-image-13437\" srcset=\"https:\/\/diarioprincipios.com\/wp-content\/uploads\/2022\/04\/BERAZATEGUI-LA-PROVINCIA-CEDIO-TIERRAS-PARA-EL-FUTURO-CENTRO-CIVICO-DE-EL-PATO-3-1024x683.jpg 1024w, https:\/\/diarioprincipios.com\/wp-content\/uploads\/2022\/04\/BERAZATEGUI-LA-PROVINCIA-CEDIO-TIERRAS-PARA-EL-FUTURO-CENTRO-CIVICO-DE-EL-PATO-3-300x200.jpg 300w, https:\/\/diarioprincipios.com\/wp-content\/uploads\/2022\/04\/BERAZATEGUI-LA-PROVINCIA-CEDIO-TIERRAS-PARA-EL-FUTURO-CENTRO-CIVICO-DE-EL-PATO-3-768x512.jpg 768w, https:\/\/diarioprincipios.com\/wp-content\/uploads\/2022\/04\/BERAZATEGUI-LA-PROVINCIA-CEDIO-TIERRAS-PARA-EL-FUTURO-CENTRO-CIVICO-DE-EL-PATO-3-1536x1024.jpg 1536w, https:\/\/diarioprincipios.com\/wp-content\/uploads\/2022\/04\/BERAZATEGUI-LA-PROVINCIA-CEDIO-TIERRAS-PARA-EL-FUTURO-CENTRO-CIVICO-DE-EL-PATO-3.jpg 1920w\" sizes=\"auto, (max-width: 1024px) 100vw, 1024px\" \/><\/figure>\n\n\n\n<p>\u201cPero para que esta obra pueda comenzar a hacerse realidad -explic\u00f3- no existen las casualidades sino las causalidades: Nosotros hab\u00edamos planificado todo esto pero necesit\u00e1bamos los recursos, que finalmente nos aportar\u00e1 el Ministerio de Obras P\u00fablicas de la Naci\u00f3n, por voluntad del presidente Alberto Fern\u00e1ndez; y tambi\u00e9n nos hac\u00eda falta el espacio para su construcci\u00f3n, as\u00ed que habl\u00e9 con el Gobernador y ahora ya hemos firmado la cesi\u00f3n de estos terrenos de la provincia de Buenos Aires al Municipio de Berazategui\u201d, celebr\u00f3 el Jefe comunal. Y remarc\u00f3: \u201cEsto sucede cuando hay gente que tiene voluntad de resolver las cosas\u201d.<\/p>\n\n\n\n<p>Tambi\u00e9n estuvieron presentes el jefe de Gabinete del Ministerio de Hacienda y Finanzas bonaerense, Facundo Bocco; la subsecretaria T\u00e9cnica, Administrativa y Legal de la Provincia, Anal\u00eda Tello; y los secretarios municipales de Desarrollo Social y Comunitario, Recreaci\u00f3n, Turismo y Deportes, Mar\u00eda Laura Lacava; de Cultura y Educaci\u00f3n, Federico L\u00f3pez; de Servicios P\u00fablicos, Sergio Faccenda; y de Control Urbano, Marcelo Sieczka; as\u00ed como el director ejecutivo del Programa Berazategui 2050, Hugo Guerrieri; el presidente del Concejo Deliberante, Marcelo Romio; la titular de la Agencia de Tierras y H\u00e1bitat, Luc\u00eda Vega; el director de Proyectos Urban\u00edsticos y Patrimoniales, Eduardo Puszczyky; y la delegada del Centro Agr\u00edcola El Pato, Irma Bauche.<\/p>\n","protected":false},"excerpt":{"rendered":"<p>El ministro de Hacienda y Finanzas de la provincia de Buenos Aires, Pablo L\u00f3pez; y el intendente de Berazategui, Juan Jos\u00e9 Mussi, firmaron el acta de cesi\u00f3n de terrenos para la construcci\u00f3n del futuro Centro C\u00edvico de El Pato. Tras la r\u00fabrica del documento realizada en el Edificio Municipal, las autoridades visitaron el lugar donde&#8230;<\/p>\n","protected":false},"author":2,"featured_media":13438,"comment_status":"open","ping_status":"open","sticky":false,"template":"","format":"standard","meta":{"footnotes":""},"categories":[3],"tags":[],"class_list":["post-13435","post","type-post","status-publish","format-standard","has-post-thumbnail","hentry","category-berazategui"],"featured_image_src":"https:\/\/diarioprincipios.com\/wp-content\/uploads\/2022\/04\/BERAZATEGUI-LA-PROVINCIA-CEDIO-TIERRAS-PARA-EL-FUTURO-CENTRO-CIVICO-DE-EL-PATO-2-1024x683.jpg","blog_images":{"medium":"https:\/\/diarioprincipios.com\/wp-content\/uploads\/2022\/04\/BERAZATEGUI-LA-PROVINCIA-CEDIO-TIERRAS-PARA-EL-FUTURO-CENTRO-CIVICO-DE-EL-PATO-2-300x200.jpg","large":"https:\/\/diarioprincipios.com\/wp-content\/uploads\/2022\/04\/BERAZATEGUI-LA-PROVINCIA-CEDIO-TIERRAS-PARA-EL-FUTURO-CENTRO-CIVICO-DE-EL-PATO-2-1024x683.jpg"},"ams_acf":[],"yoast_head":"<!-- This site is optimized with the Yoast SEO plugin v27.3 - https:\/\/yoast.com\/product\/yoast-seo-wordpress\/ -->\n<title>La Provincia cedi\u00f3 tierras a Berazategui para el futuro Centro C\u00edvico de El Pato - Principios<\/title>\n<meta name=\"robots\" content=\"index, follow, max-snippet:-1, max-image-preview:large, max-video-preview:-1\" \/>\n<link rel=\"canonical\" href=\"https:\/\/diarioprincipios.com\/index.php\/2022\/04\/25\/la-provincia-cedio-tierras-a-berazategui-para-el-futuro-centro-civico-de-el-pato\/\" \/>\n<meta property=\"og:locale\" content=\"es_ES\" \/>\n<meta property=\"og:type\" content=\"article\" \/>\n<meta property=\"og:title\" content=\"La Provincia cedi\u00f3 tierras a Berazategui para el futuro Centro C\u00edvico de El Pato - Principios\" \/>\n<meta property=\"og:description\" content=\"El ministro de Hacienda y Finanzas de la provincia de Buenos Aires, Pablo L\u00f3pez; y el intendente de Berazategui, Juan Jos\u00e9 Mussi, firmaron el acta de cesi\u00f3n de terrenos para la construcci\u00f3n del futuro Centro C\u00edvico de El Pato. Tras la r\u00fabrica del documento realizada en el Edificio Municipal, las autoridades visitaron el lugar donde...\" \/>\n<meta property=\"og:url\" content=\"https:\/\/diarioprincipios.com\/index.php\/2022\/04\/25\/la-provincia-cedio-tierras-a-berazategui-para-el-futuro-centro-civico-de-el-pato\/\" \/>\n<meta property=\"og:site_name\" content=\"Principios\" \/>\n<meta property=\"article:published_time\" content=\"2022-04-25T12:42:14+00:00\" \/>\n<meta property=\"article:modified_time\" content=\"2022-04-25T12:42:22+00:00\" \/>\n<meta property=\"og:image\" content=\"https:\/\/diarioprincipios.com\/wp-content\/uploads\/2022\/04\/BERAZATEGUI-LA-PROVINCIA-CEDIO-TIERRAS-PARA-EL-FUTURO-CENTRO-CIVICO-DE-EL-PATO-2.jpg\" \/>\n\t<meta property=\"og:image:width\" content=\"1920\" \/>\n\t<meta property=\"og:image:height\" content=\"1280\" \/>\n\t<meta property=\"og:image:type\" content=\"image\/jpeg\" \/>\n<meta name=\"author\" content=\"Hern\u00e1n L\u00f3pez\" \/>\n<meta name=\"twitter:card\" content=\"summary_large_image\" \/>\n<meta name=\"twitter:label1\" content=\"Escrito por\" \/>\n\t<meta name=\"twitter:data1\" content=\"Hern\u00e1n L\u00f3pez\" \/>\n\t<meta name=\"twitter:label2\" content=\"Tiempo de lectura\" \/>\n\t<meta name=\"twitter:data2\" content=\"3 minutos\" \/>\n<script type=\"application\/ld+json\" class=\"yoast-schema-graph\">{\"@context\":\"https:\\\/\\\/schema.org\",\"@graph\":[{\"@type\":\"Article\",\"@id\":\"https:\\\/\\\/diarioprincipios.com\\\/index.php\\\/2022\\\/04\\\/25\\\/la-provincia-cedio-tierras-a-berazategui-para-el-futuro-centro-civico-de-el-pato\\\/#article\",\"isPartOf\":{\"@id\":\"https:\\\/\\\/diarioprincipios.com\\\/index.php\\\/2022\\\/04\\\/25\\\/la-provincia-cedio-tierras-a-berazategui-para-el-futuro-centro-civico-de-el-pato\\\/\"},\"author\":{\"name\":\"Hern\u00e1n L\u00f3pez\",\"@id\":\"https:\\\/\\\/diarioprincipios.com\\\/#\\\/schema\\\/person\\\/436d5a1fd41a5e250e23ff5a6a7cb080\"},\"headline\":\"La Provincia cedi\u00f3 tierras a Berazategui para el futuro Centro C\u00edvico de El Pato\",\"datePublished\":\"2022-04-25T12:42:14+00:00\",\"dateModified\":\"2022-04-25T12:42:22+00:00\",\"mainEntityOfPage\":{\"@id\":\"https:\\\/\\\/diarioprincipios.com\\\/index.php\\\/2022\\\/04\\\/25\\\/la-provincia-cedio-tierras-a-berazategui-para-el-futuro-centro-civico-de-el-pato\\\/\"},\"wordCount\":575,\"commentCount\":0,\"publisher\":{\"@id\":\"https:\\\/\\\/diarioprincipios.com\\\/#organization\"},\"image\":{\"@id\":\"https:\\\/\\\/diarioprincipios.com\\\/index.php\\\/2022\\\/04\\\/25\\\/la-provincia-cedio-tierras-a-berazategui-para-el-futuro-centro-civico-de-el-pato\\\/#primaryimage\"},\"thumbnailUrl\":\"https:\\\/\\\/diarioprincipios.com\\\/wp-content\\\/uploads\\\/2022\\\/04\\\/BERAZATEGUI-LA-PROVINCIA-CEDIO-TIERRAS-PARA-EL-FUTURO-CENTRO-CIVICO-DE-EL-PATO-2.jpg\",\"articleSection\":[\"Berazategui\"],\"inLanguage\":\"es\",\"potentialAction\":[{\"@type\":\"CommentAction\",\"name\":\"Comment\",\"target\":[\"https:\\\/\\\/diarioprincipios.com\\\/index.php\\\/2022\\\/04\\\/25\\\/la-provincia-cedio-tierras-a-berazategui-para-el-futuro-centro-civico-de-el-pato\\\/#respond\"]}]},{\"@type\":\"WebPage\",\"@id\":\"https:\\\/\\\/diarioprincipios.com\\\/index.php\\\/2022\\\/04\\\/25\\\/la-provincia-cedio-tierras-a-berazategui-para-el-futuro-centro-civico-de-el-pato\\\/\",\"url\":\"https:\\\/\\\/diarioprincipios.com\\\/index.php\\\/2022\\\/04\\\/25\\\/la-provincia-cedio-tierras-a-berazategui-para-el-futuro-centro-civico-de-el-pato\\\/\",\"name\":\"La Provincia cedi\u00f3 tierras a Berazategui para el futuro Centro C\u00edvico de El Pato - Principios\",\"isPartOf\":{\"@id\":\"https:\\\/\\\/diarioprincipios.com\\\/#website\"},\"primaryImageOfPage\":{\"@id\":\"https:\\\/\\\/diarioprincipios.com\\\/index.php\\\/2022\\\/04\\\/25\\\/la-provincia-cedio-tierras-a-berazategui-para-el-futuro-centro-civico-de-el-pato\\\/#primaryimage\"},\"image\":{\"@id\":\"https:\\\/\\\/diarioprincipios.com\\\/index.php\\\/2022\\\/04\\\/25\\\/la-provincia-cedio-tierras-a-berazategui-para-el-futuro-centro-civico-de-el-pato\\\/#primaryimage\"},\"thumbnailUrl\":\"https:\\\/\\\/diarioprincipios.com\\\/wp-content\\\/uploads\\\/2022\\\/04\\\/BERAZATEGUI-LA-PROVINCIA-CEDIO-TIERRAS-PARA-EL-FUTURO-CENTRO-CIVICO-DE-EL-PATO-2.jpg\",\"datePublished\":\"2022-04-25T12:42:14+00:00\",\"dateModified\":\"2022-04-25T12:42:22+00:00\",\"breadcrumb\":{\"@id\":\"https:\\\/\\\/diarioprincipios.com\\\/index.php\\\/2022\\\/04\\\/25\\\/la-provincia-cedio-tierras-a-berazategui-para-el-futuro-centro-civico-de-el-pato\\\/#breadcrumb\"},\"inLanguage\":\"es\",\"potentialAction\":[{\"@type\":\"ReadAction\",\"target\":[\"https:\\\/\\\/diarioprincipios.com\\\/index.php\\\/2022\\\/04\\\/25\\\/la-provincia-cedio-tierras-a-berazategui-para-el-futuro-centro-civico-de-el-pato\\\/\"]}]},{\"@type\":\"ImageObject\",\"inLanguage\":\"es\",\"@id\":\"https:\\\/\\\/diarioprincipios.com\\\/index.php\\\/2022\\\/04\\\/25\\\/la-provincia-cedio-tierras-a-berazategui-para-el-futuro-centro-civico-de-el-pato\\\/#primaryimage\",\"url\":\"https:\\\/\\\/diarioprincipios.com\\\/wp-content\\\/uploads\\\/2022\\\/04\\\/BERAZATEGUI-LA-PROVINCIA-CEDIO-TIERRAS-PARA-EL-FUTURO-CENTRO-CIVICO-DE-EL-PATO-2.jpg\",\"contentUrl\":\"https:\\\/\\\/diarioprincipios.com\\\/wp-content\\\/uploads\\\/2022\\\/04\\\/BERAZATEGUI-LA-PROVINCIA-CEDIO-TIERRAS-PARA-EL-FUTURO-CENTRO-CIVICO-DE-EL-PATO-2.jpg\",\"width\":1920,\"height\":1280},{\"@type\":\"BreadcrumbList\",\"@id\":\"https:\\\/\\\/diarioprincipios.com\\\/index.php\\\/2022\\\/04\\\/25\\\/la-provincia-cedio-tierras-a-berazategui-para-el-futuro-centro-civico-de-el-pato\\\/#breadcrumb\",\"itemListElement\":[{\"@type\":\"ListItem\",\"position\":1,\"name\":\"Portada\",\"item\":\"https:\\\/\\\/diarioprincipios.com\\\/\"},{\"@type\":\"ListItem\",\"position\":2,\"name\":\"La Provincia cedi\u00f3 tierras a Berazategui para el futuro Centro C\u00edvico de El Pato\"}]},{\"@type\":\"WebSite\",\"@id\":\"https:\\\/\\\/diarioprincipios.com\\\/#website\",\"url\":\"https:\\\/\\\/diarioprincipios.com\\\/\",\"name\":\"Principios\",\"description\":\"Principios Diario\",\"publisher\":{\"@id\":\"https:\\\/\\\/diarioprincipios.com\\\/#organization\"},\"potentialAction\":[{\"@type\":\"SearchAction\",\"target\":{\"@type\":\"EntryPoint\",\"urlTemplate\":\"https:\\\/\\\/diarioprincipios.com\\\/?s={search_term_string}\"},\"query-input\":{\"@type\":\"PropertyValueSpecification\",\"valueRequired\":true,\"valueName\":\"search_term_string\"}}],\"inLanguage\":\"es\"},{\"@type\":\"Organization\",\"@id\":\"https:\\\/\\\/diarioprincipios.com\\\/#organization\",\"name\":\"Principios\",\"url\":\"https:\\\/\\\/diarioprincipios.com\\\/\",\"logo\":{\"@type\":\"ImageObject\",\"inLanguage\":\"es\",\"@id\":\"https:\\\/\\\/diarioprincipios.com\\\/#\\\/schema\\\/logo\\\/image\\\/\",\"url\":\"https:\\\/\\\/diarioprincipios.com\\\/wp-content\\\/uploads\\\/2024\\\/04\\\/cropped-www.diarioprincipios.com_-1.png\",\"contentUrl\":\"https:\\\/\\\/diarioprincipios.com\\\/wp-content\\\/uploads\\\/2024\\\/04\\\/cropped-www.diarioprincipios.com_-1.png\",\"width\":5325,\"height\":1454,\"caption\":\"Principios\"},\"image\":{\"@id\":\"https:\\\/\\\/diarioprincipios.com\\\/#\\\/schema\\\/logo\\\/image\\\/\"}},{\"@type\":\"Person\",\"@id\":\"https:\\\/\\\/diarioprincipios.com\\\/#\\\/schema\\\/person\\\/436d5a1fd41a5e250e23ff5a6a7cb080\",\"name\":\"Hern\u00e1n L\u00f3pez\",\"image\":{\"@type\":\"ImageObject\",\"inLanguage\":\"es\",\"@id\":\"https:\\\/\\\/diarioprincipios.com\\\/wp-content\\\/litespeed\\\/avatar\\\/11ddfe5610ff3bd100522525b2571f48.jpg?ver=1777048341\",\"url\":\"https:\\\/\\\/diarioprincipios.com\\\/wp-content\\\/litespeed\\\/avatar\\\/11ddfe5610ff3bd100522525b2571f48.jpg?ver=1777048341\",\"contentUrl\":\"https:\\\/\\\/diarioprincipios.com\\\/wp-content\\\/litespeed\\\/avatar\\\/11ddfe5610ff3bd100522525b2571f48.jpg?ver=1777048341\",\"caption\":\"Hern\u00e1n L\u00f3pez\"},\"url\":\"https:\\\/\\\/diarioprincipios.com\\\/index.php\\\/author\\\/hernan\\\/\"}]}<\/script>\n<!-- \/ Yoast SEO plugin. -->","yoast_head_json":{"title":"La Provincia cedi\u00f3 tierras a Berazategui para el futuro Centro C\u00edvico de El Pato - Principios","robots":{"index":"index","follow":"follow","max-snippet":"max-snippet:-1","max-image-preview":"max-image-preview:large","max-video-preview":"max-video-preview:-1"},"canonical":"https:\/\/diarioprincipios.com\/index.php\/2022\/04\/25\/la-provincia-cedio-tierras-a-berazategui-para-el-futuro-centro-civico-de-el-pato\/","og_locale":"es_ES","og_type":"article","og_title":"La Provincia cedi\u00f3 tierras a Berazategui para el futuro Centro C\u00edvico de El Pato - Principios","og_description":"El ministro de Hacienda y Finanzas de la provincia de Buenos Aires, Pablo L\u00f3pez; y el intendente de Berazategui, Juan Jos\u00e9 Mussi, firmaron el acta de cesi\u00f3n de terrenos para la construcci\u00f3n del futuro Centro C\u00edvico de El Pato. Tras la r\u00fabrica del documento realizada en el Edificio Municipal, las autoridades visitaron el lugar donde...","og_url":"https:\/\/diarioprincipios.com\/index.php\/2022\/04\/25\/la-provincia-cedio-tierras-a-berazategui-para-el-futuro-centro-civico-de-el-pato\/","og_site_name":"Principios","article_published_time":"2022-04-25T12:42:14+00:00","article_modified_time":"2022-04-25T12:42:22+00:00","og_image":[{"width":1920,"height":1280,"url":"https:\/\/diarioprincipios.com\/wp-content\/uploads\/2022\/04\/BERAZATEGUI-LA-PROVINCIA-CEDIO-TIERRAS-PARA-EL-FUTURO-CENTRO-CIVICO-DE-EL-PATO-2.jpg","type":"image\/jpeg"}],"author":"Hern\u00e1n L\u00f3pez","twitter_card":"summary_large_image","twitter_misc":{"Escrito por":"Hern\u00e1n L\u00f3pez","Tiempo de lectura":"3 minutos"},"schema":{"@context":"https:\/\/schema.org","@graph":[{"@type":"Article","@id":"https:\/\/diarioprincipios.com\/index.php\/2022\/04\/25\/la-provincia-cedio-tierras-a-berazategui-para-el-futuro-centro-civico-de-el-pato\/#article","isPartOf":{"@id":"https:\/\/diarioprincipios.com\/index.php\/2022\/04\/25\/la-provincia-cedio-tierras-a-berazategui-para-el-futuro-centro-civico-de-el-pato\/"},"author":{"name":"Hern\u00e1n L\u00f3pez","@id":"https:\/\/diarioprincipios.com\/#\/schema\/person\/436d5a1fd41a5e250e23ff5a6a7cb080"},"headline":"La Provincia cedi\u00f3 tierras a Berazategui para el futuro Centro C\u00edvico de El Pato","datePublished":"2022-04-25T12:42:14+00:00","dateModified":"2022-04-25T12:42:22+00:00","mainEntityOfPage":{"@id":"https:\/\/diarioprincipios.com\/index.php\/2022\/04\/25\/la-provincia-cedio-tierras-a-berazategui-para-el-futuro-centro-civico-de-el-pato\/"},"wordCount":575,"commentCount":0,"publisher":{"@id":"https:\/\/diarioprincipios.com\/#organization"},"image":{"@id":"https:\/\/diarioprincipios.com\/index.php\/2022\/04\/25\/la-provincia-cedio-tierras-a-berazategui-para-el-futuro-centro-civico-de-el-pato\/#primaryimage"},"thumbnailUrl":"https:\/\/diarioprincipios.com\/wp-content\/uploads\/2022\/04\/BERAZATEGUI-LA-PROVINCIA-CEDIO-TIERRAS-PARA-EL-FUTURO-CENTRO-CIVICO-DE-EL-PATO-2.jpg","articleSection":["Berazategui"],"inLanguage":"es","potentialAction":[{"@type":"CommentAction","name":"Comment","target":["https:\/\/diarioprincipios.com\/index.php\/2022\/04\/25\/la-provincia-cedio-tierras-a-berazategui-para-el-futuro-centro-civico-de-el-pato\/#respond"]}]},{"@type":"WebPage","@id":"https:\/\/diarioprincipios.com\/index.php\/2022\/04\/25\/la-provincia-cedio-tierras-a-berazategui-para-el-futuro-centro-civico-de-el-pato\/","url":"https:\/\/diarioprincipios.com\/index.php\/2022\/04\/25\/la-provincia-cedio-tierras-a-berazategui-para-el-futuro-centro-civico-de-el-pato\/","name":"La Provincia cedi\u00f3 tierras a Berazategui para el futuro Centro C\u00edvico de El Pato - Principios","isPartOf":{"@id":"https:\/\/diarioprincipios.com\/#website"},"primaryImageOfPage":{"@id":"https:\/\/diarioprincipios.com\/index.php\/2022\/04\/25\/la-provincia-cedio-tierras-a-berazategui-para-el-futuro-centro-civico-de-el-pato\/#primaryimage"},"image":{"@id":"https:\/\/diarioprincipios.com\/index.php\/2022\/04\/25\/la-provincia-cedio-tierras-a-berazategui-para-el-futuro-centro-civico-de-el-pato\/#primaryimage"},"thumbnailUrl":"https:\/\/diarioprincipios.com\/wp-content\/uploads\/2022\/04\/BERAZATEGUI-LA-PROVINCIA-CEDIO-TIERRAS-PARA-EL-FUTURO-CENTRO-CIVICO-DE-EL-PATO-2.jpg","datePublished":"2022-04-25T12:42:14+00:00","dateModified":"2022-04-25T12:42:22+00:00","breadcrumb":{"@id":"https:\/\/diarioprincipios.com\/index.php\/2022\/04\/25\/la-provincia-cedio-tierras-a-berazategui-para-el-futuro-centro-civico-de-el-pato\/#breadcrumb"},"inLanguage":"es","potentialAction":[{"@type":"ReadAction","target":["https:\/\/diarioprincipios.com\/index.php\/2022\/04\/25\/la-provincia-cedio-tierras-a-berazategui-para-el-futuro-centro-civico-de-el-pato\/"]}]},{"@type":"ImageObject","inLanguage":"es","@id":"https:\/\/diarioprincipios.com\/index.php\/2022\/04\/25\/la-provincia-cedio-tierras-a-berazategui-para-el-futuro-centro-civico-de-el-pato\/#primaryimage","url":"https:\/\/diarioprincipios.com\/wp-content\/uploads\/2022\/04\/BERAZATEGUI-LA-PROVINCIA-CEDIO-TIERRAS-PARA-EL-FUTURO-CENTRO-CIVICO-DE-EL-PATO-2.jpg","contentUrl":"https:\/\/diarioprincipios.com\/wp-content\/uploads\/2022\/04\/BERAZATEGUI-LA-PROVINCIA-CEDIO-TIERRAS-PARA-EL-FUTURO-CENTRO-CIVICO-DE-EL-PATO-2.jpg","width":1920,"height":1280},{"@type":"BreadcrumbList","@id":"https:\/\/diarioprincipios.com\/index.php\/2022\/04\/25\/la-provincia-cedio-tierras-a-berazategui-para-el-futuro-centro-civico-de-el-pato\/#breadcrumb","itemListElement":[{"@type":"ListItem","position":1,"name":"Portada","item":"https:\/\/diarioprincipios.com\/"},{"@type":"ListItem","position":2,"name":"La Provincia cedi\u00f3 tierras a Berazategui para el futuro Centro C\u00edvico de El Pato"}]},{"@type":"WebSite","@id":"https:\/\/diarioprincipios.com\/#website","url":"https:\/\/diarioprincipios.com\/","name":"Principios","description":"Principios Diario","publisher":{"@id":"https:\/\/diarioprincipios.com\/#organization"},"potentialAction":[{"@type":"SearchAction","target":{"@type":"EntryPoint","urlTemplate":"https:\/\/diarioprincipios.com\/?s={search_term_string}"},"query-input":{"@type":"PropertyValueSpecification","valueRequired":true,"valueName":"search_term_string"}}],"inLanguage":"es"},{"@type":"Organization","@id":"https:\/\/diarioprincipios.com\/#organization","name":"Principios","url":"https:\/\/diarioprincipios.com\/","logo":{"@type":"ImageObject","inLanguage":"es","@id":"https:\/\/diarioprincipios.com\/#\/schema\/logo\/image\/","url":"https:\/\/diarioprincipios.com\/wp-content\/uploads\/2024\/04\/cropped-www.diarioprincipios.com_-1.png","contentUrl":"https:\/\/diarioprincipios.com\/wp-content\/uploads\/2024\/04\/cropped-www.diarioprincipios.com_-1.png","width":5325,"height":1454,"caption":"Principios"},"image":{"@id":"https:\/\/diarioprincipios.com\/#\/schema\/logo\/image\/"}},{"@type":"Person","@id":"https:\/\/diarioprincipios.com\/#\/schema\/person\/436d5a1fd41a5e250e23ff5a6a7cb080","name":"Hern\u00e1n L\u00f3pez","image":{"@type":"ImageObject","inLanguage":"es","@id":"https:\/\/diarioprincipios.com\/wp-content\/litespeed\/avatar\/11ddfe5610ff3bd100522525b2571f48.jpg?ver=1777048341","url":"https:\/\/diarioprincipios.com\/wp-content\/litespeed\/avatar\/11ddfe5610ff3bd100522525b2571f48.jpg?ver=1777048341","contentUrl":"https:\/\/diarioprincipios.com\/wp-content\/litespeed\/avatar\/11ddfe5610ff3bd100522525b2571f48.jpg?ver=1777048341","caption":"Hern\u00e1n L\u00f3pez"},"url":"https:\/\/diarioprincipios.com\/index.php\/author\/hernan\/"}]}},"jetpack_featured_media_url":"https:\/\/diarioprincipios.com\/wp-content\/uploads\/2022\/04\/BERAZATEGUI-LA-PROVINCIA-CEDIO-TIERRAS-PARA-EL-FUTURO-CENTRO-CIVICO-DE-EL-PATO-2.jpg","_links":{"self":[{"href":"https:\/\/diarioprincipios.com\/index.php\/wp-json\/wp\/v2\/posts\/13435","targetHints":{"allow":["GET"]}}],"collection":[{"href":"https:\/\/diarioprincipios.com\/index.php\/wp-json\/wp\/v2\/posts"}],"about":[{"href":"https:\/\/diarioprincipios.com\/index.php\/wp-json\/wp\/v2\/types\/post"}],"author":[{"embeddable":true,"href":"https:\/\/diarioprincipios.com\/index.php\/wp-json\/wp\/v2\/users\/2"}],"replies":[{"embeddable":true,"href":"https:\/\/diarioprincipios.com\/index.php\/wp-json\/wp\/v2\/comments?post=13435"}],"version-history":[{"count":1,"href":"https:\/\/diarioprincipios.com\/index.php\/wp-json\/wp\/v2\/posts\/13435\/revisions"}],"predecessor-version":[{"id":13439,"href":"https:\/\/diarioprincipios.com\/index.php\/wp-json\/wp\/v2\/posts\/13435\/revisions\/13439"}],"wp:featuredmedia":[{"embeddable":true,"href":"https:\/\/diarioprincipios.com\/index.php\/wp-json\/wp\/v2\/media\/13438"}],"wp:attachment":[{"href":"https:\/\/diarioprincipios.com\/index.php\/wp-json\/wp\/v2\/media?parent=13435"}],"wp:term":[{"taxonomy":"category","embeddable":true,"href":"https:\/\/diarioprincipios.com\/index.php\/wp-json\/wp\/v2\/categories?post=13435"},{"taxonomy":"post_tag","embeddable":true,"href":"https:\/\/diarioprincipios.com\/index.php\/wp-json\/wp\/v2\/tags?post=13435"}],"curies":[{"name":"wp","href":"https:\/\/api.w.org\/{rel}","templated":true}]}}