{"id":13432,"date":"2022-04-25T09:38:13","date_gmt":"2022-04-25T12:38:13","guid":{"rendered":"http:\/\/diarioprincipios.com\/?p=13432"},"modified":"2022-04-25T09:38:16","modified_gmt":"2022-04-25T12:38:16","slug":"la-union-nacional-de-clubes-de-barrio-entrego-una-placa-homenaje-al-centro-de-veteranos-de-guerra-de-quilmes","status":"publish","type":"post","link":"https:\/\/diarioprincipios.com\/index.php\/2022\/04\/25\/la-union-nacional-de-clubes-de-barrio-entrego-una-placa-homenaje-al-centro-de-veteranos-de-guerra-de-quilmes\/","title":{"rendered":"La Uni\u00f3n Nacional de Clubes de Barrio entreg\u00f3 una placa homenaje al Centro de Veteranos de Guerra de Quilmes"},"content":{"rendered":"\n<p><em>La comisi\u00f3n directiva de la filial Quilmes de la Uni\u00f3n Nacional de Clubes de Barrio (UNCB) fue recibida este viernes por las m\u00e1ximas autoridades del Centro de Veteranos de guerra de Quilmes en su sede de Quilmes oeste, como parte de las actividades conmemorativas de los 40 a\u00f1os del inicio de conflicto b\u00e9lico del Atl\u00e1ntico Sur que se cumplieron el 2 de abril pasado.<\/em><\/p>\n\n\n\n<p>\u201cMantener viva la memoria de los h\u00e9roes de Malvinas es un deber de todo argentinx y todxs aquellxs que defendemos la soberan\u00eda y los derechos de las islas Malvinas\u201d, asegur\u00f3 Indycki.<\/p>\n\n\n\n<p>La UNCB estuvo representada por el presidente de la filial Quilmes y responsable de la Provincia de Buenos Aires, Diego Indycki, quien estuvo acompa\u00f1ado por el presidente de la filial Almirante Brown y responsable de la Tercera Secci\u00f3n, Gustavo Corbal\u00e1n, y dirigentes de la filial Quilmes de la UNCB.<\/p>\n\n\n\n<p>Por el Centro de Veteranos de Quilmes, estuvieron presentes Jorge Irigoitia (presidente), Ariel Gonz\u00e1lez (jefe de departamento de Veteranos de guerra del municipio de Quilmes), Miguel Cerruti (pro tesorero) y H\u00e9ctor Nazaralet (vocal 1ro).<\/p>\n\n\n\n<p>Tras una recorrida por las instalaciones del museo, los veteranos compartieron sus historias vividas durante la guerra, mientras que la UNCB realiz\u00f3 la entrega de una placa de reconocimiento al cumplirse 40 a\u00f1os del inicio de la guerra.<\/p>\n\n\n\n<p>HONOR Y GLORIA A LOS H\u00c9ROES DE MALVINAS!!<\/p>\n","protected":false},"excerpt":{"rendered":"<p>La comisi\u00f3n directiva de la filial Quilmes de la Uni\u00f3n Nacional de Clubes de Barrio (UNCB) fue recibida este viernes por las m\u00e1ximas autoridades del Centro de Veteranos de guerra de Quilmes en su sede de Quilmes oeste, como parte de las actividades conmemorativas de los 40 a\u00f1os del inicio de conflicto b\u00e9lico del Atl\u00e1ntico&#8230;<\/p>\n","protected":false},"author":2,"featured_media":13433,"comment_status":"open","ping_status":"open","sticky":false,"template":"","format":"standard","meta":{"footnotes":""},"categories":[4],"tags":[],"class_list":["post-13432","post","type-post","status-publish","format-standard","has-post-thumbnail","hentry","category-quilmes"],"featured_image_src":"https:\/\/diarioprincipios.com\/wp-content\/uploads\/2022\/04\/veteranos-3-1024x1024.jpg","blog_images":{"medium":"https:\/\/diarioprincipios.com\/wp-content\/uploads\/2022\/04\/veteranos-3-300x300.jpg","large":"https:\/\/diarioprincipios.com\/wp-content\/uploads\/2022\/04\/veteranos-3-1024x1024.jpg"},"ams_acf":[],"yoast_head":"<!-- This site is optimized with the Yoast SEO plugin v27.3 - https:\/\/yoast.com\/product\/yoast-seo-wordpress\/ -->\n<title>La Uni\u00f3n Nacional de Clubes de Barrio entreg\u00f3 una placa homenaje al Centro de Veteranos de Guerra de Quilmes - Principios<\/title>\n<meta name=\"robots\" content=\"index, follow, max-snippet:-1, max-image-preview:large, max-video-preview:-1\" \/>\n<link rel=\"canonical\" href=\"https:\/\/diarioprincipios.com\/index.php\/2022\/04\/25\/la-union-nacional-de-clubes-de-barrio-entrego-una-placa-homenaje-al-centro-de-veteranos-de-guerra-de-quilmes\/\" \/>\n<meta property=\"og:locale\" content=\"es_ES\" \/>\n<meta property=\"og:type\" content=\"article\" \/>\n<meta property=\"og:title\" content=\"La Uni\u00f3n Nacional de Clubes de Barrio entreg\u00f3 una placa homenaje al Centro de Veteranos de Guerra de Quilmes - Principios\" \/>\n<meta property=\"og:description\" content=\"La comisi\u00f3n directiva de la filial Quilmes de la Uni\u00f3n Nacional de Clubes de Barrio (UNCB) fue recibida este viernes por las m\u00e1ximas autoridades del Centro de Veteranos de guerra de Quilmes en su sede de Quilmes oeste, como parte de las actividades conmemorativas de los 40 a\u00f1os del inicio de conflicto b\u00e9lico del Atl\u00e1ntico...\" \/>\n<meta property=\"og:url\" content=\"https:\/\/diarioprincipios.com\/index.php\/2022\/04\/25\/la-union-nacional-de-clubes-de-barrio-entrego-una-placa-homenaje-al-centro-de-veteranos-de-guerra-de-quilmes\/\" \/>\n<meta property=\"og:site_name\" content=\"Principios\" \/>\n<meta property=\"article:published_time\" content=\"2022-04-25T12:38:13+00:00\" \/>\n<meta property=\"article:modified_time\" content=\"2022-04-25T12:38:16+00:00\" \/>\n<meta property=\"og:image\" content=\"https:\/\/diarioprincipios.com\/wp-content\/uploads\/2022\/04\/veteranos-3.jpg\" \/>\n\t<meta property=\"og:image:width\" content=\"1080\" \/>\n\t<meta property=\"og:image:height\" content=\"1080\" \/>\n\t<meta property=\"og:image:type\" content=\"image\/jpeg\" \/>\n<meta name=\"author\" content=\"Hern\u00e1n L\u00f3pez\" \/>\n<meta name=\"twitter:card\" content=\"summary_large_image\" \/>\n<meta name=\"twitter:label1\" content=\"Escrito por\" \/>\n\t<meta name=\"twitter:data1\" content=\"Hern\u00e1n L\u00f3pez\" \/>\n\t<meta name=\"twitter:label2\" content=\"Tiempo de lectura\" \/>\n\t<meta name=\"twitter:data2\" content=\"2 minutos\" \/>\n<script type=\"application\/ld+json\" class=\"yoast-schema-graph\">{\"@context\":\"https:\\\/\\\/schema.org\",\"@graph\":[{\"@type\":\"Article\",\"@id\":\"https:\\\/\\\/diarioprincipios.com\\\/index.php\\\/2022\\\/04\\\/25\\\/la-union-nacional-de-clubes-de-barrio-entrego-una-placa-homenaje-al-centro-de-veteranos-de-guerra-de-quilmes\\\/#article\",\"isPartOf\":{\"@id\":\"https:\\\/\\\/diarioprincipios.com\\\/index.php\\\/2022\\\/04\\\/25\\\/la-union-nacional-de-clubes-de-barrio-entrego-una-placa-homenaje-al-centro-de-veteranos-de-guerra-de-quilmes\\\/\"},\"author\":{\"name\":\"Hern\u00e1n L\u00f3pez\",\"@id\":\"https:\\\/\\\/diarioprincipios.com\\\/#\\\/schema\\\/person\\\/436d5a1fd41a5e250e23ff5a6a7cb080\"},\"headline\":\"La Uni\u00f3n Nacional de Clubes de Barrio entreg\u00f3 una placa homenaje al Centro de Veteranos de Guerra de Quilmes\",\"datePublished\":\"2022-04-25T12:38:13+00:00\",\"dateModified\":\"2022-04-25T12:38:16+00:00\",\"mainEntityOfPage\":{\"@id\":\"https:\\\/\\\/diarioprincipios.com\\\/index.php\\\/2022\\\/04\\\/25\\\/la-union-nacional-de-clubes-de-barrio-entrego-una-placa-homenaje-al-centro-de-veteranos-de-guerra-de-quilmes\\\/\"},\"wordCount\":256,\"commentCount\":0,\"publisher\":{\"@id\":\"https:\\\/\\\/diarioprincipios.com\\\/#organization\"},\"image\":{\"@id\":\"https:\\\/\\\/diarioprincipios.com\\\/index.php\\\/2022\\\/04\\\/25\\\/la-union-nacional-de-clubes-de-barrio-entrego-una-placa-homenaje-al-centro-de-veteranos-de-guerra-de-quilmes\\\/#primaryimage\"},\"thumbnailUrl\":\"https:\\\/\\\/diarioprincipios.com\\\/wp-content\\\/uploads\\\/2022\\\/04\\\/veteranos-3.jpg\",\"articleSection\":[\"Quilmes\"],\"inLanguage\":\"es\",\"potentialAction\":[{\"@type\":\"CommentAction\",\"name\":\"Comment\",\"target\":[\"https:\\\/\\\/diarioprincipios.com\\\/index.php\\\/2022\\\/04\\\/25\\\/la-union-nacional-de-clubes-de-barrio-entrego-una-placa-homenaje-al-centro-de-veteranos-de-guerra-de-quilmes\\\/#respond\"]}]},{\"@type\":\"WebPage\",\"@id\":\"https:\\\/\\\/diarioprincipios.com\\\/index.php\\\/2022\\\/04\\\/25\\\/la-union-nacional-de-clubes-de-barrio-entrego-una-placa-homenaje-al-centro-de-veteranos-de-guerra-de-quilmes\\\/\",\"url\":\"https:\\\/\\\/diarioprincipios.com\\\/index.php\\\/2022\\\/04\\\/25\\\/la-union-nacional-de-clubes-de-barrio-entrego-una-placa-homenaje-al-centro-de-veteranos-de-guerra-de-quilmes\\\/\",\"name\":\"La Uni\u00f3n Nacional de Clubes de Barrio entreg\u00f3 una placa homenaje al Centro de Veteranos de Guerra de Quilmes - Principios\",\"isPartOf\":{\"@id\":\"https:\\\/\\\/diarioprincipios.com\\\/#website\"},\"primaryImageOfPage\":{\"@id\":\"https:\\\/\\\/diarioprincipios.com\\\/index.php\\\/2022\\\/04\\\/25\\\/la-union-nacional-de-clubes-de-barrio-entrego-una-placa-homenaje-al-centro-de-veteranos-de-guerra-de-quilmes\\\/#primaryimage\"},\"image\":{\"@id\":\"https:\\\/\\\/diarioprincipios.com\\\/index.php\\\/2022\\\/04\\\/25\\\/la-union-nacional-de-clubes-de-barrio-entrego-una-placa-homenaje-al-centro-de-veteranos-de-guerra-de-quilmes\\\/#primaryimage\"},\"thumbnailUrl\":\"https:\\\/\\\/diarioprincipios.com\\\/wp-content\\\/uploads\\\/2022\\\/04\\\/veteranos-3.jpg\",\"datePublished\":\"2022-04-25T12:38:13+00:00\",\"dateModified\":\"2022-04-25T12:38:16+00:00\",\"breadcrumb\":{\"@id\":\"https:\\\/\\\/diarioprincipios.com\\\/index.php\\\/2022\\\/04\\\/25\\\/la-union-nacional-de-clubes-de-barrio-entrego-una-placa-homenaje-al-centro-de-veteranos-de-guerra-de-quilmes\\\/#breadcrumb\"},\"inLanguage\":\"es\",\"potentialAction\":[{\"@type\":\"ReadAction\",\"target\":[\"https:\\\/\\\/diarioprincipios.com\\\/index.php\\\/2022\\\/04\\\/25\\\/la-union-nacional-de-clubes-de-barrio-entrego-una-placa-homenaje-al-centro-de-veteranos-de-guerra-de-quilmes\\\/\"]}]},{\"@type\":\"ImageObject\",\"inLanguage\":\"es\",\"@id\":\"https:\\\/\\\/diarioprincipios.com\\\/index.php\\\/2022\\\/04\\\/25\\\/la-union-nacional-de-clubes-de-barrio-entrego-una-placa-homenaje-al-centro-de-veteranos-de-guerra-de-quilmes\\\/#primaryimage\",\"url\":\"https:\\\/\\\/diarioprincipios.com\\\/wp-content\\\/uploads\\\/2022\\\/04\\\/veteranos-3.jpg\",\"contentUrl\":\"https:\\\/\\\/diarioprincipios.com\\\/wp-content\\\/uploads\\\/2022\\\/04\\\/veteranos-3.jpg\",\"width\":1080,\"height\":1080},{\"@type\":\"BreadcrumbList\",\"@id\":\"https:\\\/\\\/diarioprincipios.com\\\/index.php\\\/2022\\\/04\\\/25\\\/la-union-nacional-de-clubes-de-barrio-entrego-una-placa-homenaje-al-centro-de-veteranos-de-guerra-de-quilmes\\\/#breadcrumb\",\"itemListElement\":[{\"@type\":\"ListItem\",\"position\":1,\"name\":\"Portada\",\"item\":\"https:\\\/\\\/diarioprincipios.com\\\/\"},{\"@type\":\"ListItem\",\"position\":2,\"name\":\"La Uni\u00f3n Nacional de Clubes de Barrio entreg\u00f3 una placa homenaje al Centro de Veteranos de Guerra de Quilmes\"}]},{\"@type\":\"WebSite\",\"@id\":\"https:\\\/\\\/diarioprincipios.com\\\/#website\",\"url\":\"https:\\\/\\\/diarioprincipios.com\\\/\",\"name\":\"Principios\",\"description\":\"Principios Diario\",\"publisher\":{\"@id\":\"https:\\\/\\\/diarioprincipios.com\\\/#organization\"},\"potentialAction\":[{\"@type\":\"SearchAction\",\"target\":{\"@type\":\"EntryPoint\",\"urlTemplate\":\"https:\\\/\\\/diarioprincipios.com\\\/?s={search_term_string}\"},\"query-input\":{\"@type\":\"PropertyValueSpecification\",\"valueRequired\":true,\"valueName\":\"search_term_string\"}}],\"inLanguage\":\"es\"},{\"@type\":\"Organization\",\"@id\":\"https:\\\/\\\/diarioprincipios.com\\\/#organization\",\"name\":\"Principios\",\"url\":\"https:\\\/\\\/diarioprincipios.com\\\/\",\"logo\":{\"@type\":\"ImageObject\",\"inLanguage\":\"es\",\"@id\":\"https:\\\/\\\/diarioprincipios.com\\\/#\\\/schema\\\/logo\\\/image\\\/\",\"url\":\"https:\\\/\\\/diarioprincipios.com\\\/wp-content\\\/uploads\\\/2024\\\/04\\\/cropped-www.diarioprincipios.com_-1.png\",\"contentUrl\":\"https:\\\/\\\/diarioprincipios.com\\\/wp-content\\\/uploads\\\/2024\\\/04\\\/cropped-www.diarioprincipios.com_-1.png\",\"width\":5325,\"height\":1454,\"caption\":\"Principios\"},\"image\":{\"@id\":\"https:\\\/\\\/diarioprincipios.com\\\/#\\\/schema\\\/logo\\\/image\\\/\"}},{\"@type\":\"Person\",\"@id\":\"https:\\\/\\\/diarioprincipios.com\\\/#\\\/schema\\\/person\\\/436d5a1fd41a5e250e23ff5a6a7cb080\",\"name\":\"Hern\u00e1n L\u00f3pez\",\"image\":{\"@type\":\"ImageObject\",\"inLanguage\":\"es\",\"@id\":\"https:\\\/\\\/diarioprincipios.com\\\/wp-content\\\/litespeed\\\/avatar\\\/11ddfe5610ff3bd100522525b2571f48.jpg?ver=1777048341\",\"url\":\"https:\\\/\\\/diarioprincipios.com\\\/wp-content\\\/litespeed\\\/avatar\\\/11ddfe5610ff3bd100522525b2571f48.jpg?ver=1777048341\",\"contentUrl\":\"https:\\\/\\\/diarioprincipios.com\\\/wp-content\\\/litespeed\\\/avatar\\\/11ddfe5610ff3bd100522525b2571f48.jpg?ver=1777048341\",\"caption\":\"Hern\u00e1n L\u00f3pez\"},\"url\":\"https:\\\/\\\/diarioprincipios.com\\\/index.php\\\/author\\\/hernan\\\/\"}]}<\/script>\n<!-- \/ Yoast SEO plugin. -->","yoast_head_json":{"title":"La Uni\u00f3n Nacional de Clubes de Barrio entreg\u00f3 una placa homenaje al Centro de Veteranos de Guerra de Quilmes - Principios","robots":{"index":"index","follow":"follow","max-snippet":"max-snippet:-1","max-image-preview":"max-image-preview:large","max-video-preview":"max-video-preview:-1"},"canonical":"https:\/\/diarioprincipios.com\/index.php\/2022\/04\/25\/la-union-nacional-de-clubes-de-barrio-entrego-una-placa-homenaje-al-centro-de-veteranos-de-guerra-de-quilmes\/","og_locale":"es_ES","og_type":"article","og_title":"La Uni\u00f3n Nacional de Clubes de Barrio entreg\u00f3 una placa homenaje al Centro de Veteranos de Guerra de Quilmes - Principios","og_description":"La comisi\u00f3n directiva de la filial Quilmes de la Uni\u00f3n Nacional de Clubes de Barrio (UNCB) fue recibida este viernes por las m\u00e1ximas autoridades del Centro de Veteranos de guerra de Quilmes en su sede de Quilmes oeste, como parte de las actividades conmemorativas de los 40 a\u00f1os del inicio de conflicto b\u00e9lico del Atl\u00e1ntico...","og_url":"https:\/\/diarioprincipios.com\/index.php\/2022\/04\/25\/la-union-nacional-de-clubes-de-barrio-entrego-una-placa-homenaje-al-centro-de-veteranos-de-guerra-de-quilmes\/","og_site_name":"Principios","article_published_time":"2022-04-25T12:38:13+00:00","article_modified_time":"2022-04-25T12:38:16+00:00","og_image":[{"width":1080,"height":1080,"url":"https:\/\/diarioprincipios.com\/wp-content\/uploads\/2022\/04\/veteranos-3.jpg","type":"image\/jpeg"}],"author":"Hern\u00e1n L\u00f3pez","twitter_card":"summary_large_image","twitter_misc":{"Escrito por":"Hern\u00e1n L\u00f3pez","Tiempo de lectura":"2 minutos"},"schema":{"@context":"https:\/\/schema.org","@graph":[{"@type":"Article","@id":"https:\/\/diarioprincipios.com\/index.php\/2022\/04\/25\/la-union-nacional-de-clubes-de-barrio-entrego-una-placa-homenaje-al-centro-de-veteranos-de-guerra-de-quilmes\/#article","isPartOf":{"@id":"https:\/\/diarioprincipios.com\/index.php\/2022\/04\/25\/la-union-nacional-de-clubes-de-barrio-entrego-una-placa-homenaje-al-centro-de-veteranos-de-guerra-de-quilmes\/"},"author":{"name":"Hern\u00e1n L\u00f3pez","@id":"https:\/\/diarioprincipios.com\/#\/schema\/person\/436d5a1fd41a5e250e23ff5a6a7cb080"},"headline":"La Uni\u00f3n Nacional de Clubes de Barrio entreg\u00f3 una placa homenaje al Centro de Veteranos de Guerra de Quilmes","datePublished":"2022-04-25T12:38:13+00:00","dateModified":"2022-04-25T12:38:16+00:00","mainEntityOfPage":{"@id":"https:\/\/diarioprincipios.com\/index.php\/2022\/04\/25\/la-union-nacional-de-clubes-de-barrio-entrego-una-placa-homenaje-al-centro-de-veteranos-de-guerra-de-quilmes\/"},"wordCount":256,"commentCount":0,"publisher":{"@id":"https:\/\/diarioprincipios.com\/#organization"},"image":{"@id":"https:\/\/diarioprincipios.com\/index.php\/2022\/04\/25\/la-union-nacional-de-clubes-de-barrio-entrego-una-placa-homenaje-al-centro-de-veteranos-de-guerra-de-quilmes\/#primaryimage"},"thumbnailUrl":"https:\/\/diarioprincipios.com\/wp-content\/uploads\/2022\/04\/veteranos-3.jpg","articleSection":["Quilmes"],"inLanguage":"es","potentialAction":[{"@type":"CommentAction","name":"Comment","target":["https:\/\/diarioprincipios.com\/index.php\/2022\/04\/25\/la-union-nacional-de-clubes-de-barrio-entrego-una-placa-homenaje-al-centro-de-veteranos-de-guerra-de-quilmes\/#respond"]}]},{"@type":"WebPage","@id":"https:\/\/diarioprincipios.com\/index.php\/2022\/04\/25\/la-union-nacional-de-clubes-de-barrio-entrego-una-placa-homenaje-al-centro-de-veteranos-de-guerra-de-quilmes\/","url":"https:\/\/diarioprincipios.com\/index.php\/2022\/04\/25\/la-union-nacional-de-clubes-de-barrio-entrego-una-placa-homenaje-al-centro-de-veteranos-de-guerra-de-quilmes\/","name":"La Uni\u00f3n Nacional de Clubes de Barrio entreg\u00f3 una placa homenaje al Centro de Veteranos de Guerra de Quilmes - Principios","isPartOf":{"@id":"https:\/\/diarioprincipios.com\/#website"},"primaryImageOfPage":{"@id":"https:\/\/diarioprincipios.com\/index.php\/2022\/04\/25\/la-union-nacional-de-clubes-de-barrio-entrego-una-placa-homenaje-al-centro-de-veteranos-de-guerra-de-quilmes\/#primaryimage"},"image":{"@id":"https:\/\/diarioprincipios.com\/index.php\/2022\/04\/25\/la-union-nacional-de-clubes-de-barrio-entrego-una-placa-homenaje-al-centro-de-veteranos-de-guerra-de-quilmes\/#primaryimage"},"thumbnailUrl":"https:\/\/diarioprincipios.com\/wp-content\/uploads\/2022\/04\/veteranos-3.jpg","datePublished":"2022-04-25T12:38:13+00:00","dateModified":"2022-04-25T12:38:16+00:00","breadcrumb":{"@id":"https:\/\/diarioprincipios.com\/index.php\/2022\/04\/25\/la-union-nacional-de-clubes-de-barrio-entrego-una-placa-homenaje-al-centro-de-veteranos-de-guerra-de-quilmes\/#breadcrumb"},"inLanguage":"es","potentialAction":[{"@type":"ReadAction","target":["https:\/\/diarioprincipios.com\/index.php\/2022\/04\/25\/la-union-nacional-de-clubes-de-barrio-entrego-una-placa-homenaje-al-centro-de-veteranos-de-guerra-de-quilmes\/"]}]},{"@type":"ImageObject","inLanguage":"es","@id":"https:\/\/diarioprincipios.com\/index.php\/2022\/04\/25\/la-union-nacional-de-clubes-de-barrio-entrego-una-placa-homenaje-al-centro-de-veteranos-de-guerra-de-quilmes\/#primaryimage","url":"https:\/\/diarioprincipios.com\/wp-content\/uploads\/2022\/04\/veteranos-3.jpg","contentUrl":"https:\/\/diarioprincipios.com\/wp-content\/uploads\/2022\/04\/veteranos-3.jpg","width":1080,"height":1080},{"@type":"BreadcrumbList","@id":"https:\/\/diarioprincipios.com\/index.php\/2022\/04\/25\/la-union-nacional-de-clubes-de-barrio-entrego-una-placa-homenaje-al-centro-de-veteranos-de-guerra-de-quilmes\/#breadcrumb","itemListElement":[{"@type":"ListItem","position":1,"name":"Portada","item":"https:\/\/diarioprincipios.com\/"},{"@type":"ListItem","position":2,"name":"La Uni\u00f3n Nacional de Clubes de Barrio entreg\u00f3 una placa homenaje al Centro de Veteranos de Guerra de Quilmes"}]},{"@type":"WebSite","@id":"https:\/\/diarioprincipios.com\/#website","url":"https:\/\/diarioprincipios.com\/","name":"Principios","description":"Principios Diario","publisher":{"@id":"https:\/\/diarioprincipios.com\/#organization"},"potentialAction":[{"@type":"SearchAction","target":{"@type":"EntryPoint","urlTemplate":"https:\/\/diarioprincipios.com\/?s={search_term_string}"},"query-input":{"@type":"PropertyValueSpecification","valueRequired":true,"valueName":"search_term_string"}}],"inLanguage":"es"},{"@type":"Organization","@id":"https:\/\/diarioprincipios.com\/#organization","name":"Principios","url":"https:\/\/diarioprincipios.com\/","logo":{"@type":"ImageObject","inLanguage":"es","@id":"https:\/\/diarioprincipios.com\/#\/schema\/logo\/image\/","url":"https:\/\/diarioprincipios.com\/wp-content\/uploads\/2024\/04\/cropped-www.diarioprincipios.com_-1.png","contentUrl":"https:\/\/diarioprincipios.com\/wp-content\/uploads\/2024\/04\/cropped-www.diarioprincipios.com_-1.png","width":5325,"height":1454,"caption":"Principios"},"image":{"@id":"https:\/\/diarioprincipios.com\/#\/schema\/logo\/image\/"}},{"@type":"Person","@id":"https:\/\/diarioprincipios.com\/#\/schema\/person\/436d5a1fd41a5e250e23ff5a6a7cb080","name":"Hern\u00e1n L\u00f3pez","image":{"@type":"ImageObject","inLanguage":"es","@id":"https:\/\/diarioprincipios.com\/wp-content\/litespeed\/avatar\/11ddfe5610ff3bd100522525b2571f48.jpg?ver=1777048341","url":"https:\/\/diarioprincipios.com\/wp-content\/litespeed\/avatar\/11ddfe5610ff3bd100522525b2571f48.jpg?ver=1777048341","contentUrl":"https:\/\/diarioprincipios.com\/wp-content\/litespeed\/avatar\/11ddfe5610ff3bd100522525b2571f48.jpg?ver=1777048341","caption":"Hern\u00e1n L\u00f3pez"},"url":"https:\/\/diarioprincipios.com\/index.php\/author\/hernan\/"}]}},"jetpack_featured_media_url":"https:\/\/diarioprincipios.com\/wp-content\/uploads\/2022\/04\/veteranos-3.jpg","_links":{"self":[{"href":"https:\/\/diarioprincipios.com\/index.php\/wp-json\/wp\/v2\/posts\/13432","targetHints":{"allow":["GET"]}}],"collection":[{"href":"https:\/\/diarioprincipios.com\/index.php\/wp-json\/wp\/v2\/posts"}],"about":[{"href":"https:\/\/diarioprincipios.com\/index.php\/wp-json\/wp\/v2\/types\/post"}],"author":[{"embeddable":true,"href":"https:\/\/diarioprincipios.com\/index.php\/wp-json\/wp\/v2\/users\/2"}],"replies":[{"embeddable":true,"href":"https:\/\/diarioprincipios.com\/index.php\/wp-json\/wp\/v2\/comments?post=13432"}],"version-history":[{"count":1,"href":"https:\/\/diarioprincipios.com\/index.php\/wp-json\/wp\/v2\/posts\/13432\/revisions"}],"predecessor-version":[{"id":13434,"href":"https:\/\/diarioprincipios.com\/index.php\/wp-json\/wp\/v2\/posts\/13432\/revisions\/13434"}],"wp:featuredmedia":[{"embeddable":true,"href":"https:\/\/diarioprincipios.com\/index.php\/wp-json\/wp\/v2\/media\/13433"}],"wp:attachment":[{"href":"https:\/\/diarioprincipios.com\/index.php\/wp-json\/wp\/v2\/media?parent=13432"}],"wp:term":[{"taxonomy":"category","embeddable":true,"href":"https:\/\/diarioprincipios.com\/index.php\/wp-json\/wp\/v2\/categories?post=13432"},{"taxonomy":"post_tag","embeddable":true,"href":"https:\/\/diarioprincipios.com\/index.php\/wp-json\/wp\/v2\/tags?post=13432"}],"curies":[{"name":"wp","href":"https:\/\/api.w.org\/{rel}","templated":true}]}}