{"id":13412,"date":"2022-04-21T09:56:17","date_gmt":"2022-04-21T12:56:17","guid":{"rendered":"http:\/\/diarioprincipios.com\/?p=13412"},"modified":"2022-04-21T09:56:24","modified_gmt":"2022-04-21T12:56:24","slug":"magdalena-sierra-inauguro-el-nuevo-ramal-de-la-linea-570","status":"publish","type":"post","link":"https:\/\/diarioprincipios.com\/index.php\/2022\/04\/21\/magdalena-sierra-inauguro-el-nuevo-ramal-de-la-linea-570\/","title":{"rendered":"Magdalena Sierra inaugur\u00f3 el nuevo ramal de la l\u00ednea 570"},"content":{"rendered":"\n<p>Junto a autoridades de la empresa Tom\u00e1s Guido y vecinxs del barrio de La Saladita particip\u00f3 del estreno de este recorrido que permitir\u00e1 unir el Barrio Gr\u00e1fico con el Alto Avellaneda.<\/p>\n\n\n\n<p>La jefa de gabinete local, Magdalena Sierra, estuvo presente en el barrio de Sarand\u00ed, donde se inaugur\u00f3 el flamante ramal 2 de la l\u00ednea 570.<\/p>\n\n\n\n<figure class=\"wp-block-image size-large\"><img loading=\"lazy\" decoding=\"async\" width=\"1024\" height=\"683\" src=\"https:\/\/diarioprincipios.com\/wp-content\/uploads\/2022\/04\/FQ0TKWqXEAIbcKj-1024x683.jpg\" alt=\"\" class=\"wp-image-13413\" srcset=\"https:\/\/diarioprincipios.com\/wp-content\/uploads\/2022\/04\/FQ0TKWqXEAIbcKj-1024x683.jpg 1024w, https:\/\/diarioprincipios.com\/wp-content\/uploads\/2022\/04\/FQ0TKWqXEAIbcKj-300x200.jpg 300w, https:\/\/diarioprincipios.com\/wp-content\/uploads\/2022\/04\/FQ0TKWqXEAIbcKj-768x512.jpg 768w, https:\/\/diarioprincipios.com\/wp-content\/uploads\/2022\/04\/FQ0TKWqXEAIbcKj-1536x1024.jpg 1536w, https:\/\/diarioprincipios.com\/wp-content\/uploads\/2022\/04\/FQ0TKWqXEAIbcKj.jpg 1600w\" sizes=\"auto, (max-width: 1024px) 100vw, 1024px\" \/><\/figure>\n\n\n\n<p>Este nuevo recorrido se logr\u00f3 gracias al trabajo conjunto de la comunidad, el Estado municipal y la empresa Gral. Tom\u00e1s Guido, para lograr que miles de vecinxs tengan acceso y derecho a un transporte p\u00fablico en su barrio.<\/p>\n\n\n\n<p>Estuvieron presentes la\u00a0Secretaria de Desarrollo Territorial de Avellaneda, M\u00f3nica Ghirelli, el Director de Licencias de conducir, German Santagada y autoridades de la empresa de transportes.<\/p>\n\n\n\n<figure class=\"wp-block-image size-large\"><img loading=\"lazy\" decoding=\"async\" width=\"1024\" height=\"683\" src=\"https:\/\/diarioprincipios.com\/wp-content\/uploads\/2022\/04\/FQ0TK-LXoAAoTrJ-1024x683.jpg\" alt=\"\" class=\"wp-image-13414\" srcset=\"https:\/\/diarioprincipios.com\/wp-content\/uploads\/2022\/04\/FQ0TK-LXoAAoTrJ-1024x683.jpg 1024w, https:\/\/diarioprincipios.com\/wp-content\/uploads\/2022\/04\/FQ0TK-LXoAAoTrJ-300x200.jpg 300w, https:\/\/diarioprincipios.com\/wp-content\/uploads\/2022\/04\/FQ0TK-LXoAAoTrJ-768x512.jpg 768w, https:\/\/diarioprincipios.com\/wp-content\/uploads\/2022\/04\/FQ0TK-LXoAAoTrJ-1536x1024.jpg 1536w, https:\/\/diarioprincipios.com\/wp-content\/uploads\/2022\/04\/FQ0TK-LXoAAoTrJ.jpg 1600w\" sizes=\"auto, (max-width: 1024px) 100vw, 1024px\" \/><\/figure>\n\n\n\n<p>El recorrido del nuevo ramal es el siguiente. Ida: Barrio Gr\u00e1fico \u2013 Alto Avellaneda<\/p>\n\n\n\n<p>Las Flores \u2013 Guamin\u00ed \u2013 Caviglia \u2013 Pino \u2013 Las Flores \u2013 San Nicol\u00e1s \u2013 Bah\u00eda Blanca \u2013 Baradero \u2013 Washington \u2013 Tres Arroyos \u2013 Nicaragua \u2013 Puente Carlos Gardel Sarand\u00ed \u2013 Cucha Cucha \u2013 Edison \u2013 Agrelo \u2013 Arribe\u00f1os \u2013 Estrada \u2013 Escalada \u2013 Independencia \u2013 Dorrego \u2013 Anatole France \u2013 C. Larralde \u2013 G\u00fcemes.<\/p>\n\n\n\n<p>Vuelta: Alto Avellaneda \u2013 Barrio Gr\u00e1fico<\/p>\n\n\n\n<p>G\u00fcemes \u2013 Provincial \u2013 Pit\u00e1goras \u2013 G\u00fcemes \u2013 C. Larralde \u2013 O\u2019Higgins \u2013 Solier &#8211; O\u2019Higgins \u2013Mujeres Argentinas \u2013 Craig \u2013 Agrelo \u2013 G\u00e9nova \u2013 Escalada \u2013 Edison \u2013 Puente Carlos Gardel Sarand\u00ed \u2013 Nicaragua \u2013 Tres Arroyos \u2013 Washington \u2013 Baradero \u2013 Lomas de Zamora \u2013 Merlo \u2013 Las Flores \u2013 Guamin\u00ed \u2013 Caviglia \u2013 Pino \u2013 Las Flores \u2013 Robles.<\/p>\n","protected":false},"excerpt":{"rendered":"<p>Junto a autoridades de la empresa Tom\u00e1s Guido y vecinxs del barrio de La Saladita particip\u00f3 del estreno de este recorrido que permitir\u00e1 unir el Barrio Gr\u00e1fico con el Alto Avellaneda. La jefa de gabinete local, Magdalena Sierra, estuvo presente en el barrio de Sarand\u00ed, donde se inaugur\u00f3 el flamante ramal 2 de la l\u00ednea&#8230;<\/p>\n","protected":false},"author":2,"featured_media":13415,"comment_status":"open","ping_status":"open","sticky":false,"template":"","format":"standard","meta":{"footnotes":""},"categories":[5],"tags":[],"class_list":["post-13412","post","type-post","status-publish","format-standard","has-post-thumbnail","hentry","category-avellaneda"],"featured_image_src":"https:\/\/diarioprincipios.com\/wp-content\/uploads\/2022\/04\/FQ0TJxOXMAA35FJ-1024x683.jpg","blog_images":{"medium":"https:\/\/diarioprincipios.com\/wp-content\/uploads\/2022\/04\/FQ0TJxOXMAA35FJ-300x200.jpg","large":"https:\/\/diarioprincipios.com\/wp-content\/uploads\/2022\/04\/FQ0TJxOXMAA35FJ-1024x683.jpg"},"ams_acf":[],"yoast_head":"<!-- This site is optimized with the Yoast SEO plugin v27.3 - https:\/\/yoast.com\/product\/yoast-seo-wordpress\/ -->\n<title>Magdalena Sierra inaugur\u00f3 el nuevo ramal de la l\u00ednea 570 - Principios<\/title>\n<meta name=\"robots\" content=\"index, follow, max-snippet:-1, max-image-preview:large, max-video-preview:-1\" \/>\n<link rel=\"canonical\" href=\"https:\/\/diarioprincipios.com\/index.php\/2022\/04\/21\/magdalena-sierra-inauguro-el-nuevo-ramal-de-la-linea-570\/\" \/>\n<meta property=\"og:locale\" content=\"es_ES\" \/>\n<meta property=\"og:type\" content=\"article\" \/>\n<meta property=\"og:title\" content=\"Magdalena Sierra inaugur\u00f3 el nuevo ramal de la l\u00ednea 570 - Principios\" \/>\n<meta property=\"og:description\" content=\"Junto a autoridades de la empresa Tom\u00e1s Guido y vecinxs del barrio de La Saladita particip\u00f3 del estreno de este recorrido que permitir\u00e1 unir el Barrio Gr\u00e1fico con el Alto Avellaneda. La jefa de gabinete local, Magdalena Sierra, estuvo presente en el barrio de Sarand\u00ed, donde se inaugur\u00f3 el flamante ramal 2 de la l\u00ednea...\" \/>\n<meta property=\"og:url\" content=\"https:\/\/diarioprincipios.com\/index.php\/2022\/04\/21\/magdalena-sierra-inauguro-el-nuevo-ramal-de-la-linea-570\/\" \/>\n<meta property=\"og:site_name\" content=\"Principios\" \/>\n<meta property=\"article:published_time\" content=\"2022-04-21T12:56:17+00:00\" \/>\n<meta property=\"article:modified_time\" content=\"2022-04-21T12:56:24+00:00\" \/>\n<meta property=\"og:image\" content=\"https:\/\/diarioprincipios.com\/wp-content\/uploads\/2022\/04\/FQ0TJxOXMAA35FJ.jpg\" \/>\n\t<meta property=\"og:image:width\" content=\"1600\" \/>\n\t<meta property=\"og:image:height\" content=\"1067\" \/>\n\t<meta property=\"og:image:type\" content=\"image\/jpeg\" \/>\n<meta name=\"author\" content=\"Hern\u00e1n L\u00f3pez\" \/>\n<meta name=\"twitter:card\" content=\"summary_large_image\" \/>\n<meta name=\"twitter:label1\" content=\"Escrito por\" \/>\n\t<meta name=\"twitter:data1\" content=\"Hern\u00e1n L\u00f3pez\" \/>\n\t<meta name=\"twitter:label2\" content=\"Tiempo de lectura\" \/>\n\t<meta name=\"twitter:data2\" content=\"2 minutos\" \/>\n<script type=\"application\/ld+json\" class=\"yoast-schema-graph\">{\"@context\":\"https:\\\/\\\/schema.org\",\"@graph\":[{\"@type\":\"Article\",\"@id\":\"https:\\\/\\\/diarioprincipios.com\\\/index.php\\\/2022\\\/04\\\/21\\\/magdalena-sierra-inauguro-el-nuevo-ramal-de-la-linea-570\\\/#article\",\"isPartOf\":{\"@id\":\"https:\\\/\\\/diarioprincipios.com\\\/index.php\\\/2022\\\/04\\\/21\\\/magdalena-sierra-inauguro-el-nuevo-ramal-de-la-linea-570\\\/\"},\"author\":{\"name\":\"Hern\u00e1n L\u00f3pez\",\"@id\":\"https:\\\/\\\/diarioprincipios.com\\\/#\\\/schema\\\/person\\\/436d5a1fd41a5e250e23ff5a6a7cb080\"},\"headline\":\"Magdalena Sierra inaugur\u00f3 el nuevo ramal de la l\u00ednea 570\",\"datePublished\":\"2022-04-21T12:56:17+00:00\",\"dateModified\":\"2022-04-21T12:56:24+00:00\",\"mainEntityOfPage\":{\"@id\":\"https:\\\/\\\/diarioprincipios.com\\\/index.php\\\/2022\\\/04\\\/21\\\/magdalena-sierra-inauguro-el-nuevo-ramal-de-la-linea-570\\\/\"},\"wordCount\":236,\"commentCount\":0,\"publisher\":{\"@id\":\"https:\\\/\\\/diarioprincipios.com\\\/#organization\"},\"image\":{\"@id\":\"https:\\\/\\\/diarioprincipios.com\\\/index.php\\\/2022\\\/04\\\/21\\\/magdalena-sierra-inauguro-el-nuevo-ramal-de-la-linea-570\\\/#primaryimage\"},\"thumbnailUrl\":\"https:\\\/\\\/diarioprincipios.com\\\/wp-content\\\/uploads\\\/2022\\\/04\\\/FQ0TJxOXMAA35FJ.jpg\",\"articleSection\":[\"Avellaneda\"],\"inLanguage\":\"es\",\"potentialAction\":[{\"@type\":\"CommentAction\",\"name\":\"Comment\",\"target\":[\"https:\\\/\\\/diarioprincipios.com\\\/index.php\\\/2022\\\/04\\\/21\\\/magdalena-sierra-inauguro-el-nuevo-ramal-de-la-linea-570\\\/#respond\"]}]},{\"@type\":\"WebPage\",\"@id\":\"https:\\\/\\\/diarioprincipios.com\\\/index.php\\\/2022\\\/04\\\/21\\\/magdalena-sierra-inauguro-el-nuevo-ramal-de-la-linea-570\\\/\",\"url\":\"https:\\\/\\\/diarioprincipios.com\\\/index.php\\\/2022\\\/04\\\/21\\\/magdalena-sierra-inauguro-el-nuevo-ramal-de-la-linea-570\\\/\",\"name\":\"Magdalena Sierra inaugur\u00f3 el nuevo ramal de la l\u00ednea 570 - Principios\",\"isPartOf\":{\"@id\":\"https:\\\/\\\/diarioprincipios.com\\\/#website\"},\"primaryImageOfPage\":{\"@id\":\"https:\\\/\\\/diarioprincipios.com\\\/index.php\\\/2022\\\/04\\\/21\\\/magdalena-sierra-inauguro-el-nuevo-ramal-de-la-linea-570\\\/#primaryimage\"},\"image\":{\"@id\":\"https:\\\/\\\/diarioprincipios.com\\\/index.php\\\/2022\\\/04\\\/21\\\/magdalena-sierra-inauguro-el-nuevo-ramal-de-la-linea-570\\\/#primaryimage\"},\"thumbnailUrl\":\"https:\\\/\\\/diarioprincipios.com\\\/wp-content\\\/uploads\\\/2022\\\/04\\\/FQ0TJxOXMAA35FJ.jpg\",\"datePublished\":\"2022-04-21T12:56:17+00:00\",\"dateModified\":\"2022-04-21T12:56:24+00:00\",\"breadcrumb\":{\"@id\":\"https:\\\/\\\/diarioprincipios.com\\\/index.php\\\/2022\\\/04\\\/21\\\/magdalena-sierra-inauguro-el-nuevo-ramal-de-la-linea-570\\\/#breadcrumb\"},\"inLanguage\":\"es\",\"potentialAction\":[{\"@type\":\"ReadAction\",\"target\":[\"https:\\\/\\\/diarioprincipios.com\\\/index.php\\\/2022\\\/04\\\/21\\\/magdalena-sierra-inauguro-el-nuevo-ramal-de-la-linea-570\\\/\"]}]},{\"@type\":\"ImageObject\",\"inLanguage\":\"es\",\"@id\":\"https:\\\/\\\/diarioprincipios.com\\\/index.php\\\/2022\\\/04\\\/21\\\/magdalena-sierra-inauguro-el-nuevo-ramal-de-la-linea-570\\\/#primaryimage\",\"url\":\"https:\\\/\\\/diarioprincipios.com\\\/wp-content\\\/uploads\\\/2022\\\/04\\\/FQ0TJxOXMAA35FJ.jpg\",\"contentUrl\":\"https:\\\/\\\/diarioprincipios.com\\\/wp-content\\\/uploads\\\/2022\\\/04\\\/FQ0TJxOXMAA35FJ.jpg\",\"width\":1600,\"height\":1067},{\"@type\":\"BreadcrumbList\",\"@id\":\"https:\\\/\\\/diarioprincipios.com\\\/index.php\\\/2022\\\/04\\\/21\\\/magdalena-sierra-inauguro-el-nuevo-ramal-de-la-linea-570\\\/#breadcrumb\",\"itemListElement\":[{\"@type\":\"ListItem\",\"position\":1,\"name\":\"Portada\",\"item\":\"https:\\\/\\\/diarioprincipios.com\\\/\"},{\"@type\":\"ListItem\",\"position\":2,\"name\":\"Magdalena Sierra inaugur\u00f3 el nuevo ramal de la l\u00ednea 570\"}]},{\"@type\":\"WebSite\",\"@id\":\"https:\\\/\\\/diarioprincipios.com\\\/#website\",\"url\":\"https:\\\/\\\/diarioprincipios.com\\\/\",\"name\":\"Principios\",\"description\":\"Principios Diario\",\"publisher\":{\"@id\":\"https:\\\/\\\/diarioprincipios.com\\\/#organization\"},\"potentialAction\":[{\"@type\":\"SearchAction\",\"target\":{\"@type\":\"EntryPoint\",\"urlTemplate\":\"https:\\\/\\\/diarioprincipios.com\\\/?s={search_term_string}\"},\"query-input\":{\"@type\":\"PropertyValueSpecification\",\"valueRequired\":true,\"valueName\":\"search_term_string\"}}],\"inLanguage\":\"es\"},{\"@type\":\"Organization\",\"@id\":\"https:\\\/\\\/diarioprincipios.com\\\/#organization\",\"name\":\"Principios\",\"url\":\"https:\\\/\\\/diarioprincipios.com\\\/\",\"logo\":{\"@type\":\"ImageObject\",\"inLanguage\":\"es\",\"@id\":\"https:\\\/\\\/diarioprincipios.com\\\/#\\\/schema\\\/logo\\\/image\\\/\",\"url\":\"https:\\\/\\\/diarioprincipios.com\\\/wp-content\\\/uploads\\\/2024\\\/04\\\/cropped-www.diarioprincipios.com_-1.png\",\"contentUrl\":\"https:\\\/\\\/diarioprincipios.com\\\/wp-content\\\/uploads\\\/2024\\\/04\\\/cropped-www.diarioprincipios.com_-1.png\",\"width\":5325,\"height\":1454,\"caption\":\"Principios\"},\"image\":{\"@id\":\"https:\\\/\\\/diarioprincipios.com\\\/#\\\/schema\\\/logo\\\/image\\\/\"}},{\"@type\":\"Person\",\"@id\":\"https:\\\/\\\/diarioprincipios.com\\\/#\\\/schema\\\/person\\\/436d5a1fd41a5e250e23ff5a6a7cb080\",\"name\":\"Hern\u00e1n L\u00f3pez\",\"image\":{\"@type\":\"ImageObject\",\"inLanguage\":\"es\",\"@id\":\"https:\\\/\\\/diarioprincipios.com\\\/wp-content\\\/litespeed\\\/avatar\\\/11ddfe5610ff3bd100522525b2571f48.jpg?ver=1777048341\",\"url\":\"https:\\\/\\\/diarioprincipios.com\\\/wp-content\\\/litespeed\\\/avatar\\\/11ddfe5610ff3bd100522525b2571f48.jpg?ver=1777048341\",\"contentUrl\":\"https:\\\/\\\/diarioprincipios.com\\\/wp-content\\\/litespeed\\\/avatar\\\/11ddfe5610ff3bd100522525b2571f48.jpg?ver=1777048341\",\"caption\":\"Hern\u00e1n L\u00f3pez\"},\"url\":\"https:\\\/\\\/diarioprincipios.com\\\/index.php\\\/author\\\/hernan\\\/\"}]}<\/script>\n<!-- \/ Yoast SEO plugin. -->","yoast_head_json":{"title":"Magdalena Sierra inaugur\u00f3 el nuevo ramal de la l\u00ednea 570 - Principios","robots":{"index":"index","follow":"follow","max-snippet":"max-snippet:-1","max-image-preview":"max-image-preview:large","max-video-preview":"max-video-preview:-1"},"canonical":"https:\/\/diarioprincipios.com\/index.php\/2022\/04\/21\/magdalena-sierra-inauguro-el-nuevo-ramal-de-la-linea-570\/","og_locale":"es_ES","og_type":"article","og_title":"Magdalena Sierra inaugur\u00f3 el nuevo ramal de la l\u00ednea 570 - Principios","og_description":"Junto a autoridades de la empresa Tom\u00e1s Guido y vecinxs del barrio de La Saladita particip\u00f3 del estreno de este recorrido que permitir\u00e1 unir el Barrio Gr\u00e1fico con el Alto Avellaneda. La jefa de gabinete local, Magdalena Sierra, estuvo presente en el barrio de Sarand\u00ed, donde se inaugur\u00f3 el flamante ramal 2 de la l\u00ednea...","og_url":"https:\/\/diarioprincipios.com\/index.php\/2022\/04\/21\/magdalena-sierra-inauguro-el-nuevo-ramal-de-la-linea-570\/","og_site_name":"Principios","article_published_time":"2022-04-21T12:56:17+00:00","article_modified_time":"2022-04-21T12:56:24+00:00","og_image":[{"width":1600,"height":1067,"url":"https:\/\/diarioprincipios.com\/wp-content\/uploads\/2022\/04\/FQ0TJxOXMAA35FJ.jpg","type":"image\/jpeg"}],"author":"Hern\u00e1n L\u00f3pez","twitter_card":"summary_large_image","twitter_misc":{"Escrito por":"Hern\u00e1n L\u00f3pez","Tiempo de lectura":"2 minutos"},"schema":{"@context":"https:\/\/schema.org","@graph":[{"@type":"Article","@id":"https:\/\/diarioprincipios.com\/index.php\/2022\/04\/21\/magdalena-sierra-inauguro-el-nuevo-ramal-de-la-linea-570\/#article","isPartOf":{"@id":"https:\/\/diarioprincipios.com\/index.php\/2022\/04\/21\/magdalena-sierra-inauguro-el-nuevo-ramal-de-la-linea-570\/"},"author":{"name":"Hern\u00e1n L\u00f3pez","@id":"https:\/\/diarioprincipios.com\/#\/schema\/person\/436d5a1fd41a5e250e23ff5a6a7cb080"},"headline":"Magdalena Sierra inaugur\u00f3 el nuevo ramal de la l\u00ednea 570","datePublished":"2022-04-21T12:56:17+00:00","dateModified":"2022-04-21T12:56:24+00:00","mainEntityOfPage":{"@id":"https:\/\/diarioprincipios.com\/index.php\/2022\/04\/21\/magdalena-sierra-inauguro-el-nuevo-ramal-de-la-linea-570\/"},"wordCount":236,"commentCount":0,"publisher":{"@id":"https:\/\/diarioprincipios.com\/#organization"},"image":{"@id":"https:\/\/diarioprincipios.com\/index.php\/2022\/04\/21\/magdalena-sierra-inauguro-el-nuevo-ramal-de-la-linea-570\/#primaryimage"},"thumbnailUrl":"https:\/\/diarioprincipios.com\/wp-content\/uploads\/2022\/04\/FQ0TJxOXMAA35FJ.jpg","articleSection":["Avellaneda"],"inLanguage":"es","potentialAction":[{"@type":"CommentAction","name":"Comment","target":["https:\/\/diarioprincipios.com\/index.php\/2022\/04\/21\/magdalena-sierra-inauguro-el-nuevo-ramal-de-la-linea-570\/#respond"]}]},{"@type":"WebPage","@id":"https:\/\/diarioprincipios.com\/index.php\/2022\/04\/21\/magdalena-sierra-inauguro-el-nuevo-ramal-de-la-linea-570\/","url":"https:\/\/diarioprincipios.com\/index.php\/2022\/04\/21\/magdalena-sierra-inauguro-el-nuevo-ramal-de-la-linea-570\/","name":"Magdalena Sierra inaugur\u00f3 el nuevo ramal de la l\u00ednea 570 - Principios","isPartOf":{"@id":"https:\/\/diarioprincipios.com\/#website"},"primaryImageOfPage":{"@id":"https:\/\/diarioprincipios.com\/index.php\/2022\/04\/21\/magdalena-sierra-inauguro-el-nuevo-ramal-de-la-linea-570\/#primaryimage"},"image":{"@id":"https:\/\/diarioprincipios.com\/index.php\/2022\/04\/21\/magdalena-sierra-inauguro-el-nuevo-ramal-de-la-linea-570\/#primaryimage"},"thumbnailUrl":"https:\/\/diarioprincipios.com\/wp-content\/uploads\/2022\/04\/FQ0TJxOXMAA35FJ.jpg","datePublished":"2022-04-21T12:56:17+00:00","dateModified":"2022-04-21T12:56:24+00:00","breadcrumb":{"@id":"https:\/\/diarioprincipios.com\/index.php\/2022\/04\/21\/magdalena-sierra-inauguro-el-nuevo-ramal-de-la-linea-570\/#breadcrumb"},"inLanguage":"es","potentialAction":[{"@type":"ReadAction","target":["https:\/\/diarioprincipios.com\/index.php\/2022\/04\/21\/magdalena-sierra-inauguro-el-nuevo-ramal-de-la-linea-570\/"]}]},{"@type":"ImageObject","inLanguage":"es","@id":"https:\/\/diarioprincipios.com\/index.php\/2022\/04\/21\/magdalena-sierra-inauguro-el-nuevo-ramal-de-la-linea-570\/#primaryimage","url":"https:\/\/diarioprincipios.com\/wp-content\/uploads\/2022\/04\/FQ0TJxOXMAA35FJ.jpg","contentUrl":"https:\/\/diarioprincipios.com\/wp-content\/uploads\/2022\/04\/FQ0TJxOXMAA35FJ.jpg","width":1600,"height":1067},{"@type":"BreadcrumbList","@id":"https:\/\/diarioprincipios.com\/index.php\/2022\/04\/21\/magdalena-sierra-inauguro-el-nuevo-ramal-de-la-linea-570\/#breadcrumb","itemListElement":[{"@type":"ListItem","position":1,"name":"Portada","item":"https:\/\/diarioprincipios.com\/"},{"@type":"ListItem","position":2,"name":"Magdalena Sierra inaugur\u00f3 el nuevo ramal de la l\u00ednea 570"}]},{"@type":"WebSite","@id":"https:\/\/diarioprincipios.com\/#website","url":"https:\/\/diarioprincipios.com\/","name":"Principios","description":"Principios Diario","publisher":{"@id":"https:\/\/diarioprincipios.com\/#organization"},"potentialAction":[{"@type":"SearchAction","target":{"@type":"EntryPoint","urlTemplate":"https:\/\/diarioprincipios.com\/?s={search_term_string}"},"query-input":{"@type":"PropertyValueSpecification","valueRequired":true,"valueName":"search_term_string"}}],"inLanguage":"es"},{"@type":"Organization","@id":"https:\/\/diarioprincipios.com\/#organization","name":"Principios","url":"https:\/\/diarioprincipios.com\/","logo":{"@type":"ImageObject","inLanguage":"es","@id":"https:\/\/diarioprincipios.com\/#\/schema\/logo\/image\/","url":"https:\/\/diarioprincipios.com\/wp-content\/uploads\/2024\/04\/cropped-www.diarioprincipios.com_-1.png","contentUrl":"https:\/\/diarioprincipios.com\/wp-content\/uploads\/2024\/04\/cropped-www.diarioprincipios.com_-1.png","width":5325,"height":1454,"caption":"Principios"},"image":{"@id":"https:\/\/diarioprincipios.com\/#\/schema\/logo\/image\/"}},{"@type":"Person","@id":"https:\/\/diarioprincipios.com\/#\/schema\/person\/436d5a1fd41a5e250e23ff5a6a7cb080","name":"Hern\u00e1n L\u00f3pez","image":{"@type":"ImageObject","inLanguage":"es","@id":"https:\/\/diarioprincipios.com\/wp-content\/litespeed\/avatar\/11ddfe5610ff3bd100522525b2571f48.jpg?ver=1777048341","url":"https:\/\/diarioprincipios.com\/wp-content\/litespeed\/avatar\/11ddfe5610ff3bd100522525b2571f48.jpg?ver=1777048341","contentUrl":"https:\/\/diarioprincipios.com\/wp-content\/litespeed\/avatar\/11ddfe5610ff3bd100522525b2571f48.jpg?ver=1777048341","caption":"Hern\u00e1n L\u00f3pez"},"url":"https:\/\/diarioprincipios.com\/index.php\/author\/hernan\/"}]}},"jetpack_featured_media_url":"https:\/\/diarioprincipios.com\/wp-content\/uploads\/2022\/04\/FQ0TJxOXMAA35FJ.jpg","_links":{"self":[{"href":"https:\/\/diarioprincipios.com\/index.php\/wp-json\/wp\/v2\/posts\/13412","targetHints":{"allow":["GET"]}}],"collection":[{"href":"https:\/\/diarioprincipios.com\/index.php\/wp-json\/wp\/v2\/posts"}],"about":[{"href":"https:\/\/diarioprincipios.com\/index.php\/wp-json\/wp\/v2\/types\/post"}],"author":[{"embeddable":true,"href":"https:\/\/diarioprincipios.com\/index.php\/wp-json\/wp\/v2\/users\/2"}],"replies":[{"embeddable":true,"href":"https:\/\/diarioprincipios.com\/index.php\/wp-json\/wp\/v2\/comments?post=13412"}],"version-history":[{"count":1,"href":"https:\/\/diarioprincipios.com\/index.php\/wp-json\/wp\/v2\/posts\/13412\/revisions"}],"predecessor-version":[{"id":13416,"href":"https:\/\/diarioprincipios.com\/index.php\/wp-json\/wp\/v2\/posts\/13412\/revisions\/13416"}],"wp:featuredmedia":[{"embeddable":true,"href":"https:\/\/diarioprincipios.com\/index.php\/wp-json\/wp\/v2\/media\/13415"}],"wp:attachment":[{"href":"https:\/\/diarioprincipios.com\/index.php\/wp-json\/wp\/v2\/media?parent=13412"}],"wp:term":[{"taxonomy":"category","embeddable":true,"href":"https:\/\/diarioprincipios.com\/index.php\/wp-json\/wp\/v2\/categories?post=13412"},{"taxonomy":"post_tag","embeddable":true,"href":"https:\/\/diarioprincipios.com\/index.php\/wp-json\/wp\/v2\/tags?post=13412"}],"curies":[{"name":"wp","href":"https:\/\/api.w.org\/{rel}","templated":true}]}}