{"id":13387,"date":"2022-04-19T13:54:02","date_gmt":"2022-04-19T16:54:02","guid":{"rendered":"http:\/\/diarioprincipios.com\/?p=13387"},"modified":"2022-04-19T13:54:09","modified_gmt":"2022-04-19T16:54:09","slug":"las-obras-en-la-casa-de-la-estacion-de-ranelagh-avanzaron-en-el-85","status":"publish","type":"post","link":"https:\/\/diarioprincipios.com\/index.php\/2022\/04\/19\/las-obras-en-la-casa-de-la-estacion-de-ranelagh-avanzaron-en-el-85\/","title":{"rendered":"Las obras en la Casa de la Estaci\u00f3n de R\u00e1nelagh avanzaron en el 85%"},"content":{"rendered":"\n<p><strong>La Municipalidad de Berazategui, a cargo de Juan Jos\u00e9 Mussi, informa que las obras en la Casa de la Estaci\u00f3n de Ranelagh ya avanzaron en el 85%. Este Complejo Cultural Municipal, ubicado en Av. Sabin entre 362 y 363, estar\u00e1 orientado a las infancias, al cuidado del ambiente y la sustentabilidad.<\/strong><\/p>\n\n\n\n<p>Sobre el avance de las obras, el secretario de Cultura y Educaci\u00f3n, Federico L\u00f3pez, se\u00f1al\u00f3: \u201cEn una primera instancia hicimos un trabajo de recuperaci\u00f3n y puesta en valor de este espacio que tiene m\u00e1s de 100 a\u00f1os. Actualmente se est\u00e1 trabajando en la parte exterior. Estamos muy contentos por el avance de obra, estamos en el 85%, falta muy poquito para terminar y seguramente en los pr\u00f3ximos meses lo vamos a inaugurar junto al intendente Juan Jos\u00e9 Mussi\u201d.<\/p>\n\n\n\n<figure class=\"wp-block-image size-large\"><img loading=\"lazy\" decoding=\"async\" width=\"1024\" height=\"767\" src=\"https:\/\/diarioprincipios.com\/wp-content\/uploads\/2022\/04\/LAS-OBRAS-EN-LA-CASA-DE-LA-ESTACION-DE-RANELAGH-AVANZARON-EN-EL-85-1-1024x767.jpeg\" alt=\"\" class=\"wp-image-13388\" srcset=\"https:\/\/diarioprincipios.com\/wp-content\/uploads\/2022\/04\/LAS-OBRAS-EN-LA-CASA-DE-LA-ESTACION-DE-RANELAGH-AVANZARON-EN-EL-85-1-1024x767.jpeg 1024w, https:\/\/diarioprincipios.com\/wp-content\/uploads\/2022\/04\/LAS-OBRAS-EN-LA-CASA-DE-LA-ESTACION-DE-RANELAGH-AVANZARON-EN-EL-85-1-300x225.jpeg 300w, https:\/\/diarioprincipios.com\/wp-content\/uploads\/2022\/04\/LAS-OBRAS-EN-LA-CASA-DE-LA-ESTACION-DE-RANELAGH-AVANZARON-EN-EL-85-1-768x575.jpeg 768w, https:\/\/diarioprincipios.com\/wp-content\/uploads\/2022\/04\/LAS-OBRAS-EN-LA-CASA-DE-LA-ESTACION-DE-RANELAGH-AVANZARON-EN-EL-85-1.jpeg 1280w\" sizes=\"auto, (max-width: 1024px) 100vw, 1024px\" \/><\/figure>\n\n\n\n<p>Asimismo, explic\u00f3: \u201cEsta casa tiene un gran valor patrimonial, es un punto neur\u00e1lgico de la estaci\u00f3n de Ranelagh. Lo hemos recuperado con todo un sentido de preservaci\u00f3n del patrimonio, la historia e identidad y pens\u00e1ndolo como un lugar recreativo y cultural para las infancias; donde ni\u00f1os y ni\u00f1as disfruten de distintas experiencias sensoriales, l\u00fadicas y auditivas\u201d.<\/p>\n\n\n\n<p>Por \u00faltimo, subray\u00f3: \u201cCon esta obra seguimos con la pol\u00edtica p\u00fablica que tiene el Municipio para recuperar inmuebles patrimoniales. Casi todos los espacios de la Secretar\u00eda de Cultura y Educaci\u00f3n son de valor patrimonial, espacios recuperados y que abrieron sus puertas para que los puedan habitar todos los vecinos y vecinas de Berazategui\u201d.<\/p>\n\n\n\n<p>La Casa de la Estaci\u00f3n de Ranelagh tendr\u00e1 entre sus principales objetivos convertirse en un nuevo Complejo Cultural Municipal centrado en una educaci\u00f3n ambiental l\u00fadica, destinada a los y las infantes para llegar a todos los berazateguenses; generar \u201cpropuestas para las infancias, trabajar distintos sentidos vinculados a la sustentabilidad, al cuidado del ambiente, a lo sensorial, a lo experimental y que ni\u00f1os y ni\u00f1as sean los protagonistas de este espacio\u201d, en una nueva forma de relacionarse con la naturaleza; vincularse con las instituciones locales para potenciar el trabajo desarrollado por el Municipio; y reflexionar sobre la promoci\u00f3n de la preservaci\u00f3n de los espacios p\u00fablicos.<\/p>\n","protected":false},"excerpt":{"rendered":"<p>La Municipalidad de Berazategui, a cargo de Juan Jos\u00e9 Mussi, informa que las obras en la Casa de la Estaci\u00f3n de Ranelagh ya avanzaron en el 85%. Este Complejo Cultural Municipal, ubicado en Av. Sabin entre 362 y 363, estar\u00e1 orientado a las infancias, al cuidado del ambiente y la sustentabilidad. Sobre el avance de&#8230;<\/p>\n","protected":false},"author":2,"featured_media":13389,"comment_status":"open","ping_status":"open","sticky":false,"template":"","format":"standard","meta":{"footnotes":""},"categories":[3],"tags":[],"class_list":["post-13387","post","type-post","status-publish","format-standard","has-post-thumbnail","hentry","category-berazategui"],"featured_image_src":"https:\/\/diarioprincipios.com\/wp-content\/uploads\/2022\/04\/LAS-OBRAS-EN-LA-CASA-DE-LA-ESTACION-DE-RANELAGH-AVANZARON-EN-EL-85-3-1-1024x767.jpeg","blog_images":{"medium":"https:\/\/diarioprincipios.com\/wp-content\/uploads\/2022\/04\/LAS-OBRAS-EN-LA-CASA-DE-LA-ESTACION-DE-RANELAGH-AVANZARON-EN-EL-85-3-1-300x225.jpeg","large":"https:\/\/diarioprincipios.com\/wp-content\/uploads\/2022\/04\/LAS-OBRAS-EN-LA-CASA-DE-LA-ESTACION-DE-RANELAGH-AVANZARON-EN-EL-85-3-1-1024x767.jpeg"},"ams_acf":[],"yoast_head":"<!-- This site is optimized with the Yoast SEO plugin v27.3 - https:\/\/yoast.com\/product\/yoast-seo-wordpress\/ -->\n<title>Las obras en la Casa de la Estaci\u00f3n de R\u00e1nelagh avanzaron en el 85% - Principios<\/title>\n<meta name=\"robots\" content=\"index, follow, max-snippet:-1, max-image-preview:large, max-video-preview:-1\" \/>\n<link rel=\"canonical\" href=\"https:\/\/diarioprincipios.com\/index.php\/2022\/04\/19\/las-obras-en-la-casa-de-la-estacion-de-ranelagh-avanzaron-en-el-85\/\" \/>\n<meta property=\"og:locale\" content=\"es_ES\" \/>\n<meta property=\"og:type\" content=\"article\" \/>\n<meta property=\"og:title\" content=\"Las obras en la Casa de la Estaci\u00f3n de R\u00e1nelagh avanzaron en el 85% - Principios\" \/>\n<meta property=\"og:description\" content=\"La Municipalidad de Berazategui, a cargo de Juan Jos\u00e9 Mussi, informa que las obras en la Casa de la Estaci\u00f3n de Ranelagh ya avanzaron en el 85%. Este Complejo Cultural Municipal, ubicado en Av. Sabin entre 362 y 363, estar\u00e1 orientado a las infancias, al cuidado del ambiente y la sustentabilidad. Sobre el avance de...\" \/>\n<meta property=\"og:url\" content=\"https:\/\/diarioprincipios.com\/index.php\/2022\/04\/19\/las-obras-en-la-casa-de-la-estacion-de-ranelagh-avanzaron-en-el-85\/\" \/>\n<meta property=\"og:site_name\" content=\"Principios\" \/>\n<meta property=\"article:published_time\" content=\"2022-04-19T16:54:02+00:00\" \/>\n<meta property=\"article:modified_time\" content=\"2022-04-19T16:54:09+00:00\" \/>\n<meta property=\"og:image\" content=\"https:\/\/diarioprincipios.com\/wp-content\/uploads\/2022\/04\/LAS-OBRAS-EN-LA-CASA-DE-LA-ESTACION-DE-RANELAGH-AVANZARON-EN-EL-85-3-1.jpeg\" \/>\n\t<meta property=\"og:image:width\" content=\"1280\" \/>\n\t<meta property=\"og:image:height\" content=\"959\" \/>\n\t<meta property=\"og:image:type\" content=\"image\/jpeg\" \/>\n<meta name=\"author\" content=\"Hern\u00e1n L\u00f3pez\" \/>\n<meta name=\"twitter:card\" content=\"summary_large_image\" \/>\n<meta name=\"twitter:label1\" content=\"Escrito por\" \/>\n\t<meta name=\"twitter:data1\" content=\"Hern\u00e1n L\u00f3pez\" \/>\n\t<meta name=\"twitter:label2\" content=\"Tiempo de lectura\" \/>\n\t<meta name=\"twitter:data2\" content=\"2 minutos\" \/>\n<script type=\"application\/ld+json\" class=\"yoast-schema-graph\">{\"@context\":\"https:\\\/\\\/schema.org\",\"@graph\":[{\"@type\":\"Article\",\"@id\":\"https:\\\/\\\/diarioprincipios.com\\\/index.php\\\/2022\\\/04\\\/19\\\/las-obras-en-la-casa-de-la-estacion-de-ranelagh-avanzaron-en-el-85\\\/#article\",\"isPartOf\":{\"@id\":\"https:\\\/\\\/diarioprincipios.com\\\/index.php\\\/2022\\\/04\\\/19\\\/las-obras-en-la-casa-de-la-estacion-de-ranelagh-avanzaron-en-el-85\\\/\"},\"author\":{\"name\":\"Hern\u00e1n L\u00f3pez\",\"@id\":\"https:\\\/\\\/diarioprincipios.com\\\/#\\\/schema\\\/person\\\/436d5a1fd41a5e250e23ff5a6a7cb080\"},\"headline\":\"Las obras en la Casa de la Estaci\u00f3n de R\u00e1nelagh avanzaron en el 85%\",\"datePublished\":\"2022-04-19T16:54:02+00:00\",\"dateModified\":\"2022-04-19T16:54:09+00:00\",\"mainEntityOfPage\":{\"@id\":\"https:\\\/\\\/diarioprincipios.com\\\/index.php\\\/2022\\\/04\\\/19\\\/las-obras-en-la-casa-de-la-estacion-de-ranelagh-avanzaron-en-el-85\\\/\"},\"wordCount\":379,\"commentCount\":0,\"publisher\":{\"@id\":\"https:\\\/\\\/diarioprincipios.com\\\/#organization\"},\"image\":{\"@id\":\"https:\\\/\\\/diarioprincipios.com\\\/index.php\\\/2022\\\/04\\\/19\\\/las-obras-en-la-casa-de-la-estacion-de-ranelagh-avanzaron-en-el-85\\\/#primaryimage\"},\"thumbnailUrl\":\"https:\\\/\\\/diarioprincipios.com\\\/wp-content\\\/uploads\\\/2022\\\/04\\\/LAS-OBRAS-EN-LA-CASA-DE-LA-ESTACION-DE-RANELAGH-AVANZARON-EN-EL-85-3-1.jpeg\",\"articleSection\":[\"Berazategui\"],\"inLanguage\":\"es\",\"potentialAction\":[{\"@type\":\"CommentAction\",\"name\":\"Comment\",\"target\":[\"https:\\\/\\\/diarioprincipios.com\\\/index.php\\\/2022\\\/04\\\/19\\\/las-obras-en-la-casa-de-la-estacion-de-ranelagh-avanzaron-en-el-85\\\/#respond\"]}]},{\"@type\":\"WebPage\",\"@id\":\"https:\\\/\\\/diarioprincipios.com\\\/index.php\\\/2022\\\/04\\\/19\\\/las-obras-en-la-casa-de-la-estacion-de-ranelagh-avanzaron-en-el-85\\\/\",\"url\":\"https:\\\/\\\/diarioprincipios.com\\\/index.php\\\/2022\\\/04\\\/19\\\/las-obras-en-la-casa-de-la-estacion-de-ranelagh-avanzaron-en-el-85\\\/\",\"name\":\"Las obras en la Casa de la Estaci\u00f3n de R\u00e1nelagh avanzaron en el 85% - Principios\",\"isPartOf\":{\"@id\":\"https:\\\/\\\/diarioprincipios.com\\\/#website\"},\"primaryImageOfPage\":{\"@id\":\"https:\\\/\\\/diarioprincipios.com\\\/index.php\\\/2022\\\/04\\\/19\\\/las-obras-en-la-casa-de-la-estacion-de-ranelagh-avanzaron-en-el-85\\\/#primaryimage\"},\"image\":{\"@id\":\"https:\\\/\\\/diarioprincipios.com\\\/index.php\\\/2022\\\/04\\\/19\\\/las-obras-en-la-casa-de-la-estacion-de-ranelagh-avanzaron-en-el-85\\\/#primaryimage\"},\"thumbnailUrl\":\"https:\\\/\\\/diarioprincipios.com\\\/wp-content\\\/uploads\\\/2022\\\/04\\\/LAS-OBRAS-EN-LA-CASA-DE-LA-ESTACION-DE-RANELAGH-AVANZARON-EN-EL-85-3-1.jpeg\",\"datePublished\":\"2022-04-19T16:54:02+00:00\",\"dateModified\":\"2022-04-19T16:54:09+00:00\",\"breadcrumb\":{\"@id\":\"https:\\\/\\\/diarioprincipios.com\\\/index.php\\\/2022\\\/04\\\/19\\\/las-obras-en-la-casa-de-la-estacion-de-ranelagh-avanzaron-en-el-85\\\/#breadcrumb\"},\"inLanguage\":\"es\",\"potentialAction\":[{\"@type\":\"ReadAction\",\"target\":[\"https:\\\/\\\/diarioprincipios.com\\\/index.php\\\/2022\\\/04\\\/19\\\/las-obras-en-la-casa-de-la-estacion-de-ranelagh-avanzaron-en-el-85\\\/\"]}]},{\"@type\":\"ImageObject\",\"inLanguage\":\"es\",\"@id\":\"https:\\\/\\\/diarioprincipios.com\\\/index.php\\\/2022\\\/04\\\/19\\\/las-obras-en-la-casa-de-la-estacion-de-ranelagh-avanzaron-en-el-85\\\/#primaryimage\",\"url\":\"https:\\\/\\\/diarioprincipios.com\\\/wp-content\\\/uploads\\\/2022\\\/04\\\/LAS-OBRAS-EN-LA-CASA-DE-LA-ESTACION-DE-RANELAGH-AVANZARON-EN-EL-85-3-1.jpeg\",\"contentUrl\":\"https:\\\/\\\/diarioprincipios.com\\\/wp-content\\\/uploads\\\/2022\\\/04\\\/LAS-OBRAS-EN-LA-CASA-DE-LA-ESTACION-DE-RANELAGH-AVANZARON-EN-EL-85-3-1.jpeg\",\"width\":1280,\"height\":959},{\"@type\":\"BreadcrumbList\",\"@id\":\"https:\\\/\\\/diarioprincipios.com\\\/index.php\\\/2022\\\/04\\\/19\\\/las-obras-en-la-casa-de-la-estacion-de-ranelagh-avanzaron-en-el-85\\\/#breadcrumb\",\"itemListElement\":[{\"@type\":\"ListItem\",\"position\":1,\"name\":\"Portada\",\"item\":\"https:\\\/\\\/diarioprincipios.com\\\/\"},{\"@type\":\"ListItem\",\"position\":2,\"name\":\"Las obras en la Casa de la Estaci\u00f3n de R\u00e1nelagh avanzaron en el 85%\"}]},{\"@type\":\"WebSite\",\"@id\":\"https:\\\/\\\/diarioprincipios.com\\\/#website\",\"url\":\"https:\\\/\\\/diarioprincipios.com\\\/\",\"name\":\"Principios\",\"description\":\"Principios Diario\",\"publisher\":{\"@id\":\"https:\\\/\\\/diarioprincipios.com\\\/#organization\"},\"potentialAction\":[{\"@type\":\"SearchAction\",\"target\":{\"@type\":\"EntryPoint\",\"urlTemplate\":\"https:\\\/\\\/diarioprincipios.com\\\/?s={search_term_string}\"},\"query-input\":{\"@type\":\"PropertyValueSpecification\",\"valueRequired\":true,\"valueName\":\"search_term_string\"}}],\"inLanguage\":\"es\"},{\"@type\":\"Organization\",\"@id\":\"https:\\\/\\\/diarioprincipios.com\\\/#organization\",\"name\":\"Principios\",\"url\":\"https:\\\/\\\/diarioprincipios.com\\\/\",\"logo\":{\"@type\":\"ImageObject\",\"inLanguage\":\"es\",\"@id\":\"https:\\\/\\\/diarioprincipios.com\\\/#\\\/schema\\\/logo\\\/image\\\/\",\"url\":\"https:\\\/\\\/diarioprincipios.com\\\/wp-content\\\/uploads\\\/2024\\\/04\\\/cropped-www.diarioprincipios.com_-1.png\",\"contentUrl\":\"https:\\\/\\\/diarioprincipios.com\\\/wp-content\\\/uploads\\\/2024\\\/04\\\/cropped-www.diarioprincipios.com_-1.png\",\"width\":5325,\"height\":1454,\"caption\":\"Principios\"},\"image\":{\"@id\":\"https:\\\/\\\/diarioprincipios.com\\\/#\\\/schema\\\/logo\\\/image\\\/\"}},{\"@type\":\"Person\",\"@id\":\"https:\\\/\\\/diarioprincipios.com\\\/#\\\/schema\\\/person\\\/436d5a1fd41a5e250e23ff5a6a7cb080\",\"name\":\"Hern\u00e1n L\u00f3pez\",\"image\":{\"@type\":\"ImageObject\",\"inLanguage\":\"es\",\"@id\":\"https:\\\/\\\/diarioprincipios.com\\\/wp-content\\\/litespeed\\\/avatar\\\/11ddfe5610ff3bd100522525b2571f48.jpg?ver=1777048341\",\"url\":\"https:\\\/\\\/diarioprincipios.com\\\/wp-content\\\/litespeed\\\/avatar\\\/11ddfe5610ff3bd100522525b2571f48.jpg?ver=1777048341\",\"contentUrl\":\"https:\\\/\\\/diarioprincipios.com\\\/wp-content\\\/litespeed\\\/avatar\\\/11ddfe5610ff3bd100522525b2571f48.jpg?ver=1777048341\",\"caption\":\"Hern\u00e1n L\u00f3pez\"},\"url\":\"https:\\\/\\\/diarioprincipios.com\\\/index.php\\\/author\\\/hernan\\\/\"}]}<\/script>\n<!-- \/ Yoast SEO plugin. -->","yoast_head_json":{"title":"Las obras en la Casa de la Estaci\u00f3n de R\u00e1nelagh avanzaron en el 85% - Principios","robots":{"index":"index","follow":"follow","max-snippet":"max-snippet:-1","max-image-preview":"max-image-preview:large","max-video-preview":"max-video-preview:-1"},"canonical":"https:\/\/diarioprincipios.com\/index.php\/2022\/04\/19\/las-obras-en-la-casa-de-la-estacion-de-ranelagh-avanzaron-en-el-85\/","og_locale":"es_ES","og_type":"article","og_title":"Las obras en la Casa de la Estaci\u00f3n de R\u00e1nelagh avanzaron en el 85% - Principios","og_description":"La Municipalidad de Berazategui, a cargo de Juan Jos\u00e9 Mussi, informa que las obras en la Casa de la Estaci\u00f3n de Ranelagh ya avanzaron en el 85%. Este Complejo Cultural Municipal, ubicado en Av. Sabin entre 362 y 363, estar\u00e1 orientado a las infancias, al cuidado del ambiente y la sustentabilidad. Sobre el avance de...","og_url":"https:\/\/diarioprincipios.com\/index.php\/2022\/04\/19\/las-obras-en-la-casa-de-la-estacion-de-ranelagh-avanzaron-en-el-85\/","og_site_name":"Principios","article_published_time":"2022-04-19T16:54:02+00:00","article_modified_time":"2022-04-19T16:54:09+00:00","og_image":[{"width":1280,"height":959,"url":"https:\/\/diarioprincipios.com\/wp-content\/uploads\/2022\/04\/LAS-OBRAS-EN-LA-CASA-DE-LA-ESTACION-DE-RANELAGH-AVANZARON-EN-EL-85-3-1.jpeg","type":"image\/jpeg"}],"author":"Hern\u00e1n L\u00f3pez","twitter_card":"summary_large_image","twitter_misc":{"Escrito por":"Hern\u00e1n L\u00f3pez","Tiempo de lectura":"2 minutos"},"schema":{"@context":"https:\/\/schema.org","@graph":[{"@type":"Article","@id":"https:\/\/diarioprincipios.com\/index.php\/2022\/04\/19\/las-obras-en-la-casa-de-la-estacion-de-ranelagh-avanzaron-en-el-85\/#article","isPartOf":{"@id":"https:\/\/diarioprincipios.com\/index.php\/2022\/04\/19\/las-obras-en-la-casa-de-la-estacion-de-ranelagh-avanzaron-en-el-85\/"},"author":{"name":"Hern\u00e1n L\u00f3pez","@id":"https:\/\/diarioprincipios.com\/#\/schema\/person\/436d5a1fd41a5e250e23ff5a6a7cb080"},"headline":"Las obras en la Casa de la Estaci\u00f3n de R\u00e1nelagh avanzaron en el 85%","datePublished":"2022-04-19T16:54:02+00:00","dateModified":"2022-04-19T16:54:09+00:00","mainEntityOfPage":{"@id":"https:\/\/diarioprincipios.com\/index.php\/2022\/04\/19\/las-obras-en-la-casa-de-la-estacion-de-ranelagh-avanzaron-en-el-85\/"},"wordCount":379,"commentCount":0,"publisher":{"@id":"https:\/\/diarioprincipios.com\/#organization"},"image":{"@id":"https:\/\/diarioprincipios.com\/index.php\/2022\/04\/19\/las-obras-en-la-casa-de-la-estacion-de-ranelagh-avanzaron-en-el-85\/#primaryimage"},"thumbnailUrl":"https:\/\/diarioprincipios.com\/wp-content\/uploads\/2022\/04\/LAS-OBRAS-EN-LA-CASA-DE-LA-ESTACION-DE-RANELAGH-AVANZARON-EN-EL-85-3-1.jpeg","articleSection":["Berazategui"],"inLanguage":"es","potentialAction":[{"@type":"CommentAction","name":"Comment","target":["https:\/\/diarioprincipios.com\/index.php\/2022\/04\/19\/las-obras-en-la-casa-de-la-estacion-de-ranelagh-avanzaron-en-el-85\/#respond"]}]},{"@type":"WebPage","@id":"https:\/\/diarioprincipios.com\/index.php\/2022\/04\/19\/las-obras-en-la-casa-de-la-estacion-de-ranelagh-avanzaron-en-el-85\/","url":"https:\/\/diarioprincipios.com\/index.php\/2022\/04\/19\/las-obras-en-la-casa-de-la-estacion-de-ranelagh-avanzaron-en-el-85\/","name":"Las obras en la Casa de la Estaci\u00f3n de R\u00e1nelagh avanzaron en el 85% - Principios","isPartOf":{"@id":"https:\/\/diarioprincipios.com\/#website"},"primaryImageOfPage":{"@id":"https:\/\/diarioprincipios.com\/index.php\/2022\/04\/19\/las-obras-en-la-casa-de-la-estacion-de-ranelagh-avanzaron-en-el-85\/#primaryimage"},"image":{"@id":"https:\/\/diarioprincipios.com\/index.php\/2022\/04\/19\/las-obras-en-la-casa-de-la-estacion-de-ranelagh-avanzaron-en-el-85\/#primaryimage"},"thumbnailUrl":"https:\/\/diarioprincipios.com\/wp-content\/uploads\/2022\/04\/LAS-OBRAS-EN-LA-CASA-DE-LA-ESTACION-DE-RANELAGH-AVANZARON-EN-EL-85-3-1.jpeg","datePublished":"2022-04-19T16:54:02+00:00","dateModified":"2022-04-19T16:54:09+00:00","breadcrumb":{"@id":"https:\/\/diarioprincipios.com\/index.php\/2022\/04\/19\/las-obras-en-la-casa-de-la-estacion-de-ranelagh-avanzaron-en-el-85\/#breadcrumb"},"inLanguage":"es","potentialAction":[{"@type":"ReadAction","target":["https:\/\/diarioprincipios.com\/index.php\/2022\/04\/19\/las-obras-en-la-casa-de-la-estacion-de-ranelagh-avanzaron-en-el-85\/"]}]},{"@type":"ImageObject","inLanguage":"es","@id":"https:\/\/diarioprincipios.com\/index.php\/2022\/04\/19\/las-obras-en-la-casa-de-la-estacion-de-ranelagh-avanzaron-en-el-85\/#primaryimage","url":"https:\/\/diarioprincipios.com\/wp-content\/uploads\/2022\/04\/LAS-OBRAS-EN-LA-CASA-DE-LA-ESTACION-DE-RANELAGH-AVANZARON-EN-EL-85-3-1.jpeg","contentUrl":"https:\/\/diarioprincipios.com\/wp-content\/uploads\/2022\/04\/LAS-OBRAS-EN-LA-CASA-DE-LA-ESTACION-DE-RANELAGH-AVANZARON-EN-EL-85-3-1.jpeg","width":1280,"height":959},{"@type":"BreadcrumbList","@id":"https:\/\/diarioprincipios.com\/index.php\/2022\/04\/19\/las-obras-en-la-casa-de-la-estacion-de-ranelagh-avanzaron-en-el-85\/#breadcrumb","itemListElement":[{"@type":"ListItem","position":1,"name":"Portada","item":"https:\/\/diarioprincipios.com\/"},{"@type":"ListItem","position":2,"name":"Las obras en la Casa de la Estaci\u00f3n de R\u00e1nelagh avanzaron en el 85%"}]},{"@type":"WebSite","@id":"https:\/\/diarioprincipios.com\/#website","url":"https:\/\/diarioprincipios.com\/","name":"Principios","description":"Principios Diario","publisher":{"@id":"https:\/\/diarioprincipios.com\/#organization"},"potentialAction":[{"@type":"SearchAction","target":{"@type":"EntryPoint","urlTemplate":"https:\/\/diarioprincipios.com\/?s={search_term_string}"},"query-input":{"@type":"PropertyValueSpecification","valueRequired":true,"valueName":"search_term_string"}}],"inLanguage":"es"},{"@type":"Organization","@id":"https:\/\/diarioprincipios.com\/#organization","name":"Principios","url":"https:\/\/diarioprincipios.com\/","logo":{"@type":"ImageObject","inLanguage":"es","@id":"https:\/\/diarioprincipios.com\/#\/schema\/logo\/image\/","url":"https:\/\/diarioprincipios.com\/wp-content\/uploads\/2024\/04\/cropped-www.diarioprincipios.com_-1.png","contentUrl":"https:\/\/diarioprincipios.com\/wp-content\/uploads\/2024\/04\/cropped-www.diarioprincipios.com_-1.png","width":5325,"height":1454,"caption":"Principios"},"image":{"@id":"https:\/\/diarioprincipios.com\/#\/schema\/logo\/image\/"}},{"@type":"Person","@id":"https:\/\/diarioprincipios.com\/#\/schema\/person\/436d5a1fd41a5e250e23ff5a6a7cb080","name":"Hern\u00e1n L\u00f3pez","image":{"@type":"ImageObject","inLanguage":"es","@id":"https:\/\/diarioprincipios.com\/wp-content\/litespeed\/avatar\/11ddfe5610ff3bd100522525b2571f48.jpg?ver=1777048341","url":"https:\/\/diarioprincipios.com\/wp-content\/litespeed\/avatar\/11ddfe5610ff3bd100522525b2571f48.jpg?ver=1777048341","contentUrl":"https:\/\/diarioprincipios.com\/wp-content\/litespeed\/avatar\/11ddfe5610ff3bd100522525b2571f48.jpg?ver=1777048341","caption":"Hern\u00e1n L\u00f3pez"},"url":"https:\/\/diarioprincipios.com\/index.php\/author\/hernan\/"}]}},"jetpack_featured_media_url":"https:\/\/diarioprincipios.com\/wp-content\/uploads\/2022\/04\/LAS-OBRAS-EN-LA-CASA-DE-LA-ESTACION-DE-RANELAGH-AVANZARON-EN-EL-85-3-1.jpeg","_links":{"self":[{"href":"https:\/\/diarioprincipios.com\/index.php\/wp-json\/wp\/v2\/posts\/13387","targetHints":{"allow":["GET"]}}],"collection":[{"href":"https:\/\/diarioprincipios.com\/index.php\/wp-json\/wp\/v2\/posts"}],"about":[{"href":"https:\/\/diarioprincipios.com\/index.php\/wp-json\/wp\/v2\/types\/post"}],"author":[{"embeddable":true,"href":"https:\/\/diarioprincipios.com\/index.php\/wp-json\/wp\/v2\/users\/2"}],"replies":[{"embeddable":true,"href":"https:\/\/diarioprincipios.com\/index.php\/wp-json\/wp\/v2\/comments?post=13387"}],"version-history":[{"count":1,"href":"https:\/\/diarioprincipios.com\/index.php\/wp-json\/wp\/v2\/posts\/13387\/revisions"}],"predecessor-version":[{"id":13390,"href":"https:\/\/diarioprincipios.com\/index.php\/wp-json\/wp\/v2\/posts\/13387\/revisions\/13390"}],"wp:featuredmedia":[{"embeddable":true,"href":"https:\/\/diarioprincipios.com\/index.php\/wp-json\/wp\/v2\/media\/13389"}],"wp:attachment":[{"href":"https:\/\/diarioprincipios.com\/index.php\/wp-json\/wp\/v2\/media?parent=13387"}],"wp:term":[{"taxonomy":"category","embeddable":true,"href":"https:\/\/diarioprincipios.com\/index.php\/wp-json\/wp\/v2\/categories?post=13387"},{"taxonomy":"post_tag","embeddable":true,"href":"https:\/\/diarioprincipios.com\/index.php\/wp-json\/wp\/v2\/tags?post=13387"}],"curies":[{"name":"wp","href":"https:\/\/api.w.org\/{rel}","templated":true}]}}