{"id":13382,"date":"2022-04-18T19:11:27","date_gmt":"2022-04-18T22:11:27","guid":{"rendered":"http:\/\/diarioprincipios.com\/?p=13382"},"modified":"2022-04-18T19:11:34","modified_gmt":"2022-04-18T22:11:34","slug":"jovenes-berazateguenses-participaran-en-europa-de-un-torneo-de-taekwondo-itf-de-primer-nivel","status":"publish","type":"post","link":"https:\/\/diarioprincipios.com\/index.php\/2022\/04\/18\/jovenes-berazateguenses-participaran-en-europa-de-un-torneo-de-taekwondo-itf-de-primer-nivel\/","title":{"rendered":"J\u00f3venes berazateguenses participar\u00e1n en Europa de un Torneo de Taekwondo ITF de primer nivel"},"content":{"rendered":"\n<p>Del 6 al 10 de Junio se disputar\u00e1 en Bulgaria uno de los Torneos de taekwondo m\u00e1s importantes del mundo. Con mucho sacrificio y entrenamiento dos j\u00f3venes hermanos de Berazategui, Pablo y Sasha Kaufmann se preparan para competir junto a la Selecci\u00f3n Argentina en el m\u00e1s alto nivel.<br>En una entrevista concedida por ambos a Principios en el despacho de la concejal Celia Cabrera, quien los viene apoyando para que puedan realizar eventos que les permitan reunir fondos para viajar, los hermanos Kaufmann destacaron que \u00abla Copa Europea es una competencia de alt\u00edsimo nivel, viajamos con la Selecci\u00f3n para competir individual y tambi\u00e9n por equipos, estamos entrenando pr\u00e1cticamente todos los d\u00edas porque queremos llegar bien preparados\u00bb.<\/p>\n\n\n\n<figure class=\"wp-block-image size-large\"><img loading=\"lazy\" decoding=\"async\" width=\"461\" height=\"1024\" src=\"https:\/\/diarioprincipios.com\/wp-content\/uploads\/2022\/04\/20220411_102755-461x1024.jpg\" alt=\"\" class=\"wp-image-13383\" srcset=\"https:\/\/diarioprincipios.com\/wp-content\/uploads\/2022\/04\/20220411_102755-461x1024.jpg 461w, https:\/\/diarioprincipios.com\/wp-content\/uploads\/2022\/04\/20220411_102755-135x300.jpg 135w, https:\/\/diarioprincipios.com\/wp-content\/uploads\/2022\/04\/20220411_102755-768x1705.jpg 768w, https:\/\/diarioprincipios.com\/wp-content\/uploads\/2022\/04\/20220411_102755-692x1536.jpg 692w, https:\/\/diarioprincipios.com\/wp-content\/uploads\/2022\/04\/20220411_102755-922x2048.jpg 922w, https:\/\/diarioprincipios.com\/wp-content\/uploads\/2022\/04\/20220411_102755-scaled.jpg 1153w\" sizes=\"auto, (max-width: 461px) 100vw, 461px\" \/><\/figure>\n\n\n\n<p><br>Sasha (20) a\u00f1adi\u00f3 que \u00abla pandemia complic\u00f3 nuestros planes pero ahora que estamos saliendo estamos muy felices de volver a participar en el m\u00e1s alto nivel, hace poquito particip\u00e9 y logr\u00e9 un segundo puesto en Mar Del Plata en la Copa Argentina y hace un tiempo logr\u00e9 el Subcampeonato en el Mundial de Alemania con la Selecci\u00f3n, la meta es ir por m\u00e1s\u00bb.<br>Su hermano Pablo (17) destac\u00f3 en tanto que \u00abvengo de obtener el primer puesto en mi categor\u00eda en la Copa Argentina, es una gran motivaci\u00f3n para viajar a Europa con las mejores expectativas\u00bb.<\/p>\n\n\n\n<figure class=\"wp-block-image size-large\"><img loading=\"lazy\" decoding=\"async\" width=\"461\" height=\"1024\" src=\"https:\/\/diarioprincipios.com\/wp-content\/uploads\/2022\/04\/20220411_102838-461x1024.jpg\" alt=\"\" class=\"wp-image-13384\" srcset=\"https:\/\/diarioprincipios.com\/wp-content\/uploads\/2022\/04\/20220411_102838-461x1024.jpg 461w, https:\/\/diarioprincipios.com\/wp-content\/uploads\/2022\/04\/20220411_102838-135x300.jpg 135w, https:\/\/diarioprincipios.com\/wp-content\/uploads\/2022\/04\/20220411_102838-768x1705.jpg 768w, https:\/\/diarioprincipios.com\/wp-content\/uploads\/2022\/04\/20220411_102838-692x1536.jpg 692w, https:\/\/diarioprincipios.com\/wp-content\/uploads\/2022\/04\/20220411_102838-922x2048.jpg 922w, https:\/\/diarioprincipios.com\/wp-content\/uploads\/2022\/04\/20220411_102838-scaled.jpg 1153w\" sizes=\"auto, (max-width: 461px) 100vw, 461px\" \/><\/figure>\n\n\n\n<p><br>Ambos coincidieron en resaltar el apoyo de la familia \u00ablo que hacen nuestros padres es muy importante para nosotros, siempre nos acompa\u00f1an y est\u00e1n presentes y pendientes eso es m\u00e1s que importante para estar enfocados\u00bb.<br>M\u00e1s adelante coincidieron en agradecer \u00abel apoyo de Celia Cabrera\u00bb y resaltaron que \u00bb en Argentina desde lo econ\u00f3mico se hace muy dif\u00edcil para nosotros, por eso tenemos que estar organizando eventos o ver la manera de conseguir el respaldo para viajar y participar de los torneos\u00bb.<br>Pablo y Sasha Kaufmann contin\u00faan el legado de su pap\u00e1 que es 2\u00b0 Dan y practica la disciplina, ellos entrenan en Villa Espa\u00f1a con el 8\u00b0 Dan Fausto Mercado y los fines de semana viajan hasta Exaltaci\u00f3n de la Cruz para prepararse junto a la Selecci\u00f3n Argentina.<br>\u00abNuestro objetivo ahora es la Copa Europea, pero compartimos un sue\u00f1o: ser campeones del mundo\u00bb.<\/p>\n","protected":false},"excerpt":{"rendered":"<p>Del 6 al 10 de Junio se disputar\u00e1 en Bulgaria uno de los Torneos de taekwondo m\u00e1s importantes del mundo. Con mucho sacrificio y entrenamiento dos j\u00f3venes hermanos de Berazategui, Pablo y Sasha Kaufmann se preparan para competir junto a la Selecci\u00f3n Argentina en el m\u00e1s alto nivel.En una entrevista concedida por ambos a Principios&#8230;<\/p>\n","protected":false},"author":2,"featured_media":13385,"comment_status":"open","ping_status":"open","sticky":false,"template":"","format":"standard","meta":{"footnotes":""},"categories":[6],"tags":[],"class_list":["post-13382","post","type-post","status-publish","format-standard","has-post-thumbnail","hentry","category-deportes"],"featured_image_src":"https:\/\/diarioprincipios.com\/wp-content\/uploads\/2022\/04\/IMG-20220418-WA0084-768x1024.jpg","blog_images":{"medium":"https:\/\/diarioprincipios.com\/wp-content\/uploads\/2022\/04\/IMG-20220418-WA0084-225x300.jpg","large":"https:\/\/diarioprincipios.com\/wp-content\/uploads\/2022\/04\/IMG-20220418-WA0084-768x1024.jpg"},"ams_acf":[],"yoast_head":"<!-- This site is optimized with the Yoast SEO plugin v27.3 - https:\/\/yoast.com\/product\/yoast-seo-wordpress\/ -->\n<title>J\u00f3venes berazateguenses participar\u00e1n en Europa de un Torneo de Taekwondo ITF de primer nivel - Principios<\/title>\n<meta name=\"robots\" content=\"index, follow, max-snippet:-1, max-image-preview:large, max-video-preview:-1\" \/>\n<link rel=\"canonical\" href=\"https:\/\/diarioprincipios.com\/index.php\/2022\/04\/18\/jovenes-berazateguenses-participaran-en-europa-de-un-torneo-de-taekwondo-itf-de-primer-nivel\/\" \/>\n<meta property=\"og:locale\" content=\"es_ES\" \/>\n<meta property=\"og:type\" content=\"article\" \/>\n<meta property=\"og:title\" content=\"J\u00f3venes berazateguenses participar\u00e1n en Europa de un Torneo de Taekwondo ITF de primer nivel - Principios\" \/>\n<meta property=\"og:description\" content=\"Del 6 al 10 de Junio se disputar\u00e1 en Bulgaria uno de los Torneos de taekwondo m\u00e1s importantes del mundo. Con mucho sacrificio y entrenamiento dos j\u00f3venes hermanos de Berazategui, Pablo y Sasha Kaufmann se preparan para competir junto a la Selecci\u00f3n Argentina en el m\u00e1s alto nivel.En una entrevista concedida por ambos a Principios...\" \/>\n<meta property=\"og:url\" content=\"https:\/\/diarioprincipios.com\/index.php\/2022\/04\/18\/jovenes-berazateguenses-participaran-en-europa-de-un-torneo-de-taekwondo-itf-de-primer-nivel\/\" \/>\n<meta property=\"og:site_name\" content=\"Principios\" \/>\n<meta property=\"article:published_time\" content=\"2022-04-18T22:11:27+00:00\" \/>\n<meta property=\"article:modified_time\" content=\"2022-04-18T22:11:34+00:00\" \/>\n<meta property=\"og:image\" content=\"https:\/\/diarioprincipios.com\/wp-content\/uploads\/2022\/04\/IMG-20220418-WA0084.jpg\" \/>\n\t<meta property=\"og:image:width\" content=\"1200\" \/>\n\t<meta property=\"og:image:height\" content=\"1600\" \/>\n\t<meta property=\"og:image:type\" content=\"image\/jpeg\" \/>\n<meta name=\"author\" content=\"Hern\u00e1n L\u00f3pez\" \/>\n<meta name=\"twitter:card\" content=\"summary_large_image\" \/>\n<meta name=\"twitter:label1\" content=\"Escrito por\" \/>\n\t<meta name=\"twitter:data1\" content=\"Hern\u00e1n L\u00f3pez\" \/>\n\t<meta name=\"twitter:label2\" content=\"Tiempo de lectura\" \/>\n\t<meta name=\"twitter:data2\" content=\"3 minutos\" \/>\n<script type=\"application\/ld+json\" class=\"yoast-schema-graph\">{\"@context\":\"https:\\\/\\\/schema.org\",\"@graph\":[{\"@type\":\"Article\",\"@id\":\"https:\\\/\\\/diarioprincipios.com\\\/index.php\\\/2022\\\/04\\\/18\\\/jovenes-berazateguenses-participaran-en-europa-de-un-torneo-de-taekwondo-itf-de-primer-nivel\\\/#article\",\"isPartOf\":{\"@id\":\"https:\\\/\\\/diarioprincipios.com\\\/index.php\\\/2022\\\/04\\\/18\\\/jovenes-berazateguenses-participaran-en-europa-de-un-torneo-de-taekwondo-itf-de-primer-nivel\\\/\"},\"author\":{\"name\":\"Hern\u00e1n L\u00f3pez\",\"@id\":\"https:\\\/\\\/diarioprincipios.com\\\/#\\\/schema\\\/person\\\/436d5a1fd41a5e250e23ff5a6a7cb080\"},\"headline\":\"J\u00f3venes berazateguenses participar\u00e1n en Europa de un Torneo de Taekwondo ITF de primer nivel\",\"datePublished\":\"2022-04-18T22:11:27+00:00\",\"dateModified\":\"2022-04-18T22:11:34+00:00\",\"mainEntityOfPage\":{\"@id\":\"https:\\\/\\\/diarioprincipios.com\\\/index.php\\\/2022\\\/04\\\/18\\\/jovenes-berazateguenses-participaran-en-europa-de-un-torneo-de-taekwondo-itf-de-primer-nivel\\\/\"},\"wordCount\":391,\"commentCount\":0,\"publisher\":{\"@id\":\"https:\\\/\\\/diarioprincipios.com\\\/#organization\"},\"image\":{\"@id\":\"https:\\\/\\\/diarioprincipios.com\\\/index.php\\\/2022\\\/04\\\/18\\\/jovenes-berazateguenses-participaran-en-europa-de-un-torneo-de-taekwondo-itf-de-primer-nivel\\\/#primaryimage\"},\"thumbnailUrl\":\"https:\\\/\\\/diarioprincipios.com\\\/wp-content\\\/uploads\\\/2022\\\/04\\\/IMG-20220418-WA0084.jpg\",\"articleSection\":[\"Deportes\"],\"inLanguage\":\"es\",\"potentialAction\":[{\"@type\":\"CommentAction\",\"name\":\"Comment\",\"target\":[\"https:\\\/\\\/diarioprincipios.com\\\/index.php\\\/2022\\\/04\\\/18\\\/jovenes-berazateguenses-participaran-en-europa-de-un-torneo-de-taekwondo-itf-de-primer-nivel\\\/#respond\"]}]},{\"@type\":\"WebPage\",\"@id\":\"https:\\\/\\\/diarioprincipios.com\\\/index.php\\\/2022\\\/04\\\/18\\\/jovenes-berazateguenses-participaran-en-europa-de-un-torneo-de-taekwondo-itf-de-primer-nivel\\\/\",\"url\":\"https:\\\/\\\/diarioprincipios.com\\\/index.php\\\/2022\\\/04\\\/18\\\/jovenes-berazateguenses-participaran-en-europa-de-un-torneo-de-taekwondo-itf-de-primer-nivel\\\/\",\"name\":\"J\u00f3venes berazateguenses participar\u00e1n en Europa de un Torneo de Taekwondo ITF de primer nivel - Principios\",\"isPartOf\":{\"@id\":\"https:\\\/\\\/diarioprincipios.com\\\/#website\"},\"primaryImageOfPage\":{\"@id\":\"https:\\\/\\\/diarioprincipios.com\\\/index.php\\\/2022\\\/04\\\/18\\\/jovenes-berazateguenses-participaran-en-europa-de-un-torneo-de-taekwondo-itf-de-primer-nivel\\\/#primaryimage\"},\"image\":{\"@id\":\"https:\\\/\\\/diarioprincipios.com\\\/index.php\\\/2022\\\/04\\\/18\\\/jovenes-berazateguenses-participaran-en-europa-de-un-torneo-de-taekwondo-itf-de-primer-nivel\\\/#primaryimage\"},\"thumbnailUrl\":\"https:\\\/\\\/diarioprincipios.com\\\/wp-content\\\/uploads\\\/2022\\\/04\\\/IMG-20220418-WA0084.jpg\",\"datePublished\":\"2022-04-18T22:11:27+00:00\",\"dateModified\":\"2022-04-18T22:11:34+00:00\",\"breadcrumb\":{\"@id\":\"https:\\\/\\\/diarioprincipios.com\\\/index.php\\\/2022\\\/04\\\/18\\\/jovenes-berazateguenses-participaran-en-europa-de-un-torneo-de-taekwondo-itf-de-primer-nivel\\\/#breadcrumb\"},\"inLanguage\":\"es\",\"potentialAction\":[{\"@type\":\"ReadAction\",\"target\":[\"https:\\\/\\\/diarioprincipios.com\\\/index.php\\\/2022\\\/04\\\/18\\\/jovenes-berazateguenses-participaran-en-europa-de-un-torneo-de-taekwondo-itf-de-primer-nivel\\\/\"]}]},{\"@type\":\"ImageObject\",\"inLanguage\":\"es\",\"@id\":\"https:\\\/\\\/diarioprincipios.com\\\/index.php\\\/2022\\\/04\\\/18\\\/jovenes-berazateguenses-participaran-en-europa-de-un-torneo-de-taekwondo-itf-de-primer-nivel\\\/#primaryimage\",\"url\":\"https:\\\/\\\/diarioprincipios.com\\\/wp-content\\\/uploads\\\/2022\\\/04\\\/IMG-20220418-WA0084.jpg\",\"contentUrl\":\"https:\\\/\\\/diarioprincipios.com\\\/wp-content\\\/uploads\\\/2022\\\/04\\\/IMG-20220418-WA0084.jpg\",\"width\":1200,\"height\":1600},{\"@type\":\"BreadcrumbList\",\"@id\":\"https:\\\/\\\/diarioprincipios.com\\\/index.php\\\/2022\\\/04\\\/18\\\/jovenes-berazateguenses-participaran-en-europa-de-un-torneo-de-taekwondo-itf-de-primer-nivel\\\/#breadcrumb\",\"itemListElement\":[{\"@type\":\"ListItem\",\"position\":1,\"name\":\"Portada\",\"item\":\"https:\\\/\\\/diarioprincipios.com\\\/\"},{\"@type\":\"ListItem\",\"position\":2,\"name\":\"J\u00f3venes berazateguenses participar\u00e1n en Europa de un Torneo de Taekwondo ITF de primer nivel\"}]},{\"@type\":\"WebSite\",\"@id\":\"https:\\\/\\\/diarioprincipios.com\\\/#website\",\"url\":\"https:\\\/\\\/diarioprincipios.com\\\/\",\"name\":\"Principios\",\"description\":\"Principios Diario\",\"publisher\":{\"@id\":\"https:\\\/\\\/diarioprincipios.com\\\/#organization\"},\"potentialAction\":[{\"@type\":\"SearchAction\",\"target\":{\"@type\":\"EntryPoint\",\"urlTemplate\":\"https:\\\/\\\/diarioprincipios.com\\\/?s={search_term_string}\"},\"query-input\":{\"@type\":\"PropertyValueSpecification\",\"valueRequired\":true,\"valueName\":\"search_term_string\"}}],\"inLanguage\":\"es\"},{\"@type\":\"Organization\",\"@id\":\"https:\\\/\\\/diarioprincipios.com\\\/#organization\",\"name\":\"Principios\",\"url\":\"https:\\\/\\\/diarioprincipios.com\\\/\",\"logo\":{\"@type\":\"ImageObject\",\"inLanguage\":\"es\",\"@id\":\"https:\\\/\\\/diarioprincipios.com\\\/#\\\/schema\\\/logo\\\/image\\\/\",\"url\":\"https:\\\/\\\/diarioprincipios.com\\\/wp-content\\\/uploads\\\/2024\\\/04\\\/cropped-www.diarioprincipios.com_-1.png\",\"contentUrl\":\"https:\\\/\\\/diarioprincipios.com\\\/wp-content\\\/uploads\\\/2024\\\/04\\\/cropped-www.diarioprincipios.com_-1.png\",\"width\":5325,\"height\":1454,\"caption\":\"Principios\"},\"image\":{\"@id\":\"https:\\\/\\\/diarioprincipios.com\\\/#\\\/schema\\\/logo\\\/image\\\/\"}},{\"@type\":\"Person\",\"@id\":\"https:\\\/\\\/diarioprincipios.com\\\/#\\\/schema\\\/person\\\/436d5a1fd41a5e250e23ff5a6a7cb080\",\"name\":\"Hern\u00e1n L\u00f3pez\",\"image\":{\"@type\":\"ImageObject\",\"inLanguage\":\"es\",\"@id\":\"https:\\\/\\\/diarioprincipios.com\\\/wp-content\\\/litespeed\\\/avatar\\\/11ddfe5610ff3bd100522525b2571f48.jpg?ver=1777048341\",\"url\":\"https:\\\/\\\/diarioprincipios.com\\\/wp-content\\\/litespeed\\\/avatar\\\/11ddfe5610ff3bd100522525b2571f48.jpg?ver=1777048341\",\"contentUrl\":\"https:\\\/\\\/diarioprincipios.com\\\/wp-content\\\/litespeed\\\/avatar\\\/11ddfe5610ff3bd100522525b2571f48.jpg?ver=1777048341\",\"caption\":\"Hern\u00e1n L\u00f3pez\"},\"url\":\"https:\\\/\\\/diarioprincipios.com\\\/index.php\\\/author\\\/hernan\\\/\"}]}<\/script>\n<!-- \/ Yoast SEO plugin. -->","yoast_head_json":{"title":"J\u00f3venes berazateguenses participar\u00e1n en Europa de un Torneo de Taekwondo ITF de primer nivel - Principios","robots":{"index":"index","follow":"follow","max-snippet":"max-snippet:-1","max-image-preview":"max-image-preview:large","max-video-preview":"max-video-preview:-1"},"canonical":"https:\/\/diarioprincipios.com\/index.php\/2022\/04\/18\/jovenes-berazateguenses-participaran-en-europa-de-un-torneo-de-taekwondo-itf-de-primer-nivel\/","og_locale":"es_ES","og_type":"article","og_title":"J\u00f3venes berazateguenses participar\u00e1n en Europa de un Torneo de Taekwondo ITF de primer nivel - Principios","og_description":"Del 6 al 10 de Junio se disputar\u00e1 en Bulgaria uno de los Torneos de taekwondo m\u00e1s importantes del mundo. Con mucho sacrificio y entrenamiento dos j\u00f3venes hermanos de Berazategui, Pablo y Sasha Kaufmann se preparan para competir junto a la Selecci\u00f3n Argentina en el m\u00e1s alto nivel.En una entrevista concedida por ambos a Principios...","og_url":"https:\/\/diarioprincipios.com\/index.php\/2022\/04\/18\/jovenes-berazateguenses-participaran-en-europa-de-un-torneo-de-taekwondo-itf-de-primer-nivel\/","og_site_name":"Principios","article_published_time":"2022-04-18T22:11:27+00:00","article_modified_time":"2022-04-18T22:11:34+00:00","og_image":[{"width":1200,"height":1600,"url":"https:\/\/diarioprincipios.com\/wp-content\/uploads\/2022\/04\/IMG-20220418-WA0084.jpg","type":"image\/jpeg"}],"author":"Hern\u00e1n L\u00f3pez","twitter_card":"summary_large_image","twitter_misc":{"Escrito por":"Hern\u00e1n L\u00f3pez","Tiempo de lectura":"3 minutos"},"schema":{"@context":"https:\/\/schema.org","@graph":[{"@type":"Article","@id":"https:\/\/diarioprincipios.com\/index.php\/2022\/04\/18\/jovenes-berazateguenses-participaran-en-europa-de-un-torneo-de-taekwondo-itf-de-primer-nivel\/#article","isPartOf":{"@id":"https:\/\/diarioprincipios.com\/index.php\/2022\/04\/18\/jovenes-berazateguenses-participaran-en-europa-de-un-torneo-de-taekwondo-itf-de-primer-nivel\/"},"author":{"name":"Hern\u00e1n L\u00f3pez","@id":"https:\/\/diarioprincipios.com\/#\/schema\/person\/436d5a1fd41a5e250e23ff5a6a7cb080"},"headline":"J\u00f3venes berazateguenses participar\u00e1n en Europa de un Torneo de Taekwondo ITF de primer nivel","datePublished":"2022-04-18T22:11:27+00:00","dateModified":"2022-04-18T22:11:34+00:00","mainEntityOfPage":{"@id":"https:\/\/diarioprincipios.com\/index.php\/2022\/04\/18\/jovenes-berazateguenses-participaran-en-europa-de-un-torneo-de-taekwondo-itf-de-primer-nivel\/"},"wordCount":391,"commentCount":0,"publisher":{"@id":"https:\/\/diarioprincipios.com\/#organization"},"image":{"@id":"https:\/\/diarioprincipios.com\/index.php\/2022\/04\/18\/jovenes-berazateguenses-participaran-en-europa-de-un-torneo-de-taekwondo-itf-de-primer-nivel\/#primaryimage"},"thumbnailUrl":"https:\/\/diarioprincipios.com\/wp-content\/uploads\/2022\/04\/IMG-20220418-WA0084.jpg","articleSection":["Deportes"],"inLanguage":"es","potentialAction":[{"@type":"CommentAction","name":"Comment","target":["https:\/\/diarioprincipios.com\/index.php\/2022\/04\/18\/jovenes-berazateguenses-participaran-en-europa-de-un-torneo-de-taekwondo-itf-de-primer-nivel\/#respond"]}]},{"@type":"WebPage","@id":"https:\/\/diarioprincipios.com\/index.php\/2022\/04\/18\/jovenes-berazateguenses-participaran-en-europa-de-un-torneo-de-taekwondo-itf-de-primer-nivel\/","url":"https:\/\/diarioprincipios.com\/index.php\/2022\/04\/18\/jovenes-berazateguenses-participaran-en-europa-de-un-torneo-de-taekwondo-itf-de-primer-nivel\/","name":"J\u00f3venes berazateguenses participar\u00e1n en Europa de un Torneo de Taekwondo ITF de primer nivel - Principios","isPartOf":{"@id":"https:\/\/diarioprincipios.com\/#website"},"primaryImageOfPage":{"@id":"https:\/\/diarioprincipios.com\/index.php\/2022\/04\/18\/jovenes-berazateguenses-participaran-en-europa-de-un-torneo-de-taekwondo-itf-de-primer-nivel\/#primaryimage"},"image":{"@id":"https:\/\/diarioprincipios.com\/index.php\/2022\/04\/18\/jovenes-berazateguenses-participaran-en-europa-de-un-torneo-de-taekwondo-itf-de-primer-nivel\/#primaryimage"},"thumbnailUrl":"https:\/\/diarioprincipios.com\/wp-content\/uploads\/2022\/04\/IMG-20220418-WA0084.jpg","datePublished":"2022-04-18T22:11:27+00:00","dateModified":"2022-04-18T22:11:34+00:00","breadcrumb":{"@id":"https:\/\/diarioprincipios.com\/index.php\/2022\/04\/18\/jovenes-berazateguenses-participaran-en-europa-de-un-torneo-de-taekwondo-itf-de-primer-nivel\/#breadcrumb"},"inLanguage":"es","potentialAction":[{"@type":"ReadAction","target":["https:\/\/diarioprincipios.com\/index.php\/2022\/04\/18\/jovenes-berazateguenses-participaran-en-europa-de-un-torneo-de-taekwondo-itf-de-primer-nivel\/"]}]},{"@type":"ImageObject","inLanguage":"es","@id":"https:\/\/diarioprincipios.com\/index.php\/2022\/04\/18\/jovenes-berazateguenses-participaran-en-europa-de-un-torneo-de-taekwondo-itf-de-primer-nivel\/#primaryimage","url":"https:\/\/diarioprincipios.com\/wp-content\/uploads\/2022\/04\/IMG-20220418-WA0084.jpg","contentUrl":"https:\/\/diarioprincipios.com\/wp-content\/uploads\/2022\/04\/IMG-20220418-WA0084.jpg","width":1200,"height":1600},{"@type":"BreadcrumbList","@id":"https:\/\/diarioprincipios.com\/index.php\/2022\/04\/18\/jovenes-berazateguenses-participaran-en-europa-de-un-torneo-de-taekwondo-itf-de-primer-nivel\/#breadcrumb","itemListElement":[{"@type":"ListItem","position":1,"name":"Portada","item":"https:\/\/diarioprincipios.com\/"},{"@type":"ListItem","position":2,"name":"J\u00f3venes berazateguenses participar\u00e1n en Europa de un Torneo de Taekwondo ITF de primer nivel"}]},{"@type":"WebSite","@id":"https:\/\/diarioprincipios.com\/#website","url":"https:\/\/diarioprincipios.com\/","name":"Principios","description":"Principios Diario","publisher":{"@id":"https:\/\/diarioprincipios.com\/#organization"},"potentialAction":[{"@type":"SearchAction","target":{"@type":"EntryPoint","urlTemplate":"https:\/\/diarioprincipios.com\/?s={search_term_string}"},"query-input":{"@type":"PropertyValueSpecification","valueRequired":true,"valueName":"search_term_string"}}],"inLanguage":"es"},{"@type":"Organization","@id":"https:\/\/diarioprincipios.com\/#organization","name":"Principios","url":"https:\/\/diarioprincipios.com\/","logo":{"@type":"ImageObject","inLanguage":"es","@id":"https:\/\/diarioprincipios.com\/#\/schema\/logo\/image\/","url":"https:\/\/diarioprincipios.com\/wp-content\/uploads\/2024\/04\/cropped-www.diarioprincipios.com_-1.png","contentUrl":"https:\/\/diarioprincipios.com\/wp-content\/uploads\/2024\/04\/cropped-www.diarioprincipios.com_-1.png","width":5325,"height":1454,"caption":"Principios"},"image":{"@id":"https:\/\/diarioprincipios.com\/#\/schema\/logo\/image\/"}},{"@type":"Person","@id":"https:\/\/diarioprincipios.com\/#\/schema\/person\/436d5a1fd41a5e250e23ff5a6a7cb080","name":"Hern\u00e1n L\u00f3pez","image":{"@type":"ImageObject","inLanguage":"es","@id":"https:\/\/diarioprincipios.com\/wp-content\/litespeed\/avatar\/11ddfe5610ff3bd100522525b2571f48.jpg?ver=1777048341","url":"https:\/\/diarioprincipios.com\/wp-content\/litespeed\/avatar\/11ddfe5610ff3bd100522525b2571f48.jpg?ver=1777048341","contentUrl":"https:\/\/diarioprincipios.com\/wp-content\/litespeed\/avatar\/11ddfe5610ff3bd100522525b2571f48.jpg?ver=1777048341","caption":"Hern\u00e1n L\u00f3pez"},"url":"https:\/\/diarioprincipios.com\/index.php\/author\/hernan\/"}]}},"jetpack_featured_media_url":"https:\/\/diarioprincipios.com\/wp-content\/uploads\/2022\/04\/IMG-20220418-WA0084.jpg","_links":{"self":[{"href":"https:\/\/diarioprincipios.com\/index.php\/wp-json\/wp\/v2\/posts\/13382","targetHints":{"allow":["GET"]}}],"collection":[{"href":"https:\/\/diarioprincipios.com\/index.php\/wp-json\/wp\/v2\/posts"}],"about":[{"href":"https:\/\/diarioprincipios.com\/index.php\/wp-json\/wp\/v2\/types\/post"}],"author":[{"embeddable":true,"href":"https:\/\/diarioprincipios.com\/index.php\/wp-json\/wp\/v2\/users\/2"}],"replies":[{"embeddable":true,"href":"https:\/\/diarioprincipios.com\/index.php\/wp-json\/wp\/v2\/comments?post=13382"}],"version-history":[{"count":1,"href":"https:\/\/diarioprincipios.com\/index.php\/wp-json\/wp\/v2\/posts\/13382\/revisions"}],"predecessor-version":[{"id":13386,"href":"https:\/\/diarioprincipios.com\/index.php\/wp-json\/wp\/v2\/posts\/13382\/revisions\/13386"}],"wp:featuredmedia":[{"embeddable":true,"href":"https:\/\/diarioprincipios.com\/index.php\/wp-json\/wp\/v2\/media\/13385"}],"wp:attachment":[{"href":"https:\/\/diarioprincipios.com\/index.php\/wp-json\/wp\/v2\/media?parent=13382"}],"wp:term":[{"taxonomy":"category","embeddable":true,"href":"https:\/\/diarioprincipios.com\/index.php\/wp-json\/wp\/v2\/categories?post=13382"},{"taxonomy":"post_tag","embeddable":true,"href":"https:\/\/diarioprincipios.com\/index.php\/wp-json\/wp\/v2\/tags?post=13382"}],"curies":[{"name":"wp","href":"https:\/\/api.w.org\/{rel}","templated":true}]}}