{"id":13360,"date":"2022-04-12T20:12:30","date_gmt":"2022-04-12T23:12:30","guid":{"rendered":"http:\/\/diarioprincipios.com\/?p=13360"},"modified":"2022-04-12T20:14:56","modified_gmt":"2022-04-12T23:14:56","slug":"ferraresi-y-mussi-entregaron-nuevos-creditos-para-viviendas-en-berazategui","status":"publish","type":"post","link":"https:\/\/diarioprincipios.com\/index.php\/2022\/04\/12\/ferraresi-y-mussi-entregaron-nuevos-creditos-para-viviendas-en-berazategui\/","title":{"rendered":"Ferraresi y Mussi entregaron nuevos cr\u00e9ditos para viviendas en Berazategui"},"content":{"rendered":"\n<p><strong>En el marco del Programa Casa Propia, el ministro de Desarrollo Territorial y H\u00e1bitat de la Naci\u00f3n, Jorge Ferraresi; y el intendente Juan Jos\u00e9 Mussi entregaron nuevas l\u00edneas de cr\u00e9dito para la construcci\u00f3n de viviendas a 29 familias de Berazategui. Tras la ceremonia realizada en el Edificio Municipal, las autoridades visitaron la obra en construcci\u00f3n de una casa perteneciente a un vecino alcanzado por esta iniciativa. La misma se encuentra ubicada en Av. 7 entre Dardo Rocha y 117 B.<\/strong><\/p>\n\n\n\n<figure class=\"wp-block-image size-large\"><img loading=\"lazy\" decoding=\"async\" width=\"1024\" height=\"683\" src=\"https:\/\/diarioprincipios.com\/wp-content\/uploads\/2022\/04\/FERRARESI-Y-MUSSI-ENTREGARON-NUEVOS-CREDITOS-PARA-VIVIENDAS-EN-BERAZATEGUI-5-1024x683.jpg\" alt=\"\" class=\"wp-image-13361\" srcset=\"https:\/\/diarioprincipios.com\/wp-content\/uploads\/2022\/04\/FERRARESI-Y-MUSSI-ENTREGARON-NUEVOS-CREDITOS-PARA-VIVIENDAS-EN-BERAZATEGUI-5-1024x683.jpg 1024w, https:\/\/diarioprincipios.com\/wp-content\/uploads\/2022\/04\/FERRARESI-Y-MUSSI-ENTREGARON-NUEVOS-CREDITOS-PARA-VIVIENDAS-EN-BERAZATEGUI-5-300x200.jpg 300w, https:\/\/diarioprincipios.com\/wp-content\/uploads\/2022\/04\/FERRARESI-Y-MUSSI-ENTREGARON-NUEVOS-CREDITOS-PARA-VIVIENDAS-EN-BERAZATEGUI-5-768x512.jpg 768w, https:\/\/diarioprincipios.com\/wp-content\/uploads\/2022\/04\/FERRARESI-Y-MUSSI-ENTREGARON-NUEVOS-CREDITOS-PARA-VIVIENDAS-EN-BERAZATEGUI-5-1536x1024.jpg 1536w, https:\/\/diarioprincipios.com\/wp-content\/uploads\/2022\/04\/FERRARESI-Y-MUSSI-ENTREGARON-NUEVOS-CREDITOS-PARA-VIVIENDAS-EN-BERAZATEGUI-5.jpg 1920w\" sizes=\"auto, (max-width: 1024px) 100vw, 1024px\" \/><\/figure>\n\n\n\n<p>\u201cCon propuestas como esta vamos a construir pa\u00eds. Siempre decimos que queremos tener nuestra casa para dej\u00e1rsela a nuestros hijos. Y lo que yo digo es que a nuestros hijos hay que dejarles un pa\u00eds, ese pa\u00eds que a ellos les permita cumplir el mismo sue\u00f1o que cumplen ustedes hoy\u201d, destac\u00f3 Ferraresi. Y a\u00f1adi\u00f3: \u201cEl Dr. Mussi ha hecho y sigue haciendo un trabajo maravilloso. Cuando yo no era Intendente, lo miraba y trataba de aprender. Realmente ama a su pueblo, por eso siempre acompa\u00f1a\u201d.<\/p>\n\n\n\n<figure class=\"wp-block-image size-large\"><img loading=\"lazy\" decoding=\"async\" width=\"1024\" height=\"683\" src=\"https:\/\/diarioprincipios.com\/wp-content\/uploads\/2022\/04\/FB_IMG_1649805239944-1024x683.jpg\" alt=\"\" class=\"wp-image-13366\" srcset=\"https:\/\/diarioprincipios.com\/wp-content\/uploads\/2022\/04\/FB_IMG_1649805239944-1024x683.jpg 1024w, https:\/\/diarioprincipios.com\/wp-content\/uploads\/2022\/04\/FB_IMG_1649805239944-300x200.jpg 300w, https:\/\/diarioprincipios.com\/wp-content\/uploads\/2022\/04\/FB_IMG_1649805239944-768x512.jpg 768w, https:\/\/diarioprincipios.com\/wp-content\/uploads\/2022\/04\/FB_IMG_1649805239944.jpg 1080w\" sizes=\"auto, (max-width: 1024px) 100vw, 1024px\" \/><\/figure>\n\n\n\n<p>Juan Jos\u00e9 Mussi, en tanto, asegur\u00f3: \u201cHay una voluntad del presidente de la Naci\u00f3n, Alberto Fern\u00e1ndez, de solucionar el problema de la vivienda. Y entregar este tipo de cr\u00e9ditos tan accesibles para poder construir el techo propio es fundamental\u201d. Y resalt\u00f3: \u201cQu\u00e9 bueno es tener un Ministro que haya pasado por un Municipio. El compa\u00f1ero Jorge Ferraresi fue intendente de Avellaneda. Entiende a la perfecci\u00f3n lo que significa esto. Y entenderlo a la perfecci\u00f3n trae estos resultados\u201d.<\/p>\n\n\n\n<figure class=\"wp-block-image size-large\"><img loading=\"lazy\" decoding=\"async\" width=\"1024\" height=\"683\" src=\"https:\/\/diarioprincipios.com\/wp-content\/uploads\/2022\/04\/FERRARESI-Y-MUSSI-ENTREGARON-NUEVOS-CREDITOS-PARA-VIVIENDAS-EN-BERAZATEGUI-6-1024x683.jpg\" alt=\"\" class=\"wp-image-13362\" srcset=\"https:\/\/diarioprincipios.com\/wp-content\/uploads\/2022\/04\/FERRARESI-Y-MUSSI-ENTREGARON-NUEVOS-CREDITOS-PARA-VIVIENDAS-EN-BERAZATEGUI-6-1024x683.jpg 1024w, https:\/\/diarioprincipios.com\/wp-content\/uploads\/2022\/04\/FERRARESI-Y-MUSSI-ENTREGARON-NUEVOS-CREDITOS-PARA-VIVIENDAS-EN-BERAZATEGUI-6-300x200.jpg 300w, https:\/\/diarioprincipios.com\/wp-content\/uploads\/2022\/04\/FERRARESI-Y-MUSSI-ENTREGARON-NUEVOS-CREDITOS-PARA-VIVIENDAS-EN-BERAZATEGUI-6-768x512.jpg 768w, https:\/\/diarioprincipios.com\/wp-content\/uploads\/2022\/04\/FERRARESI-Y-MUSSI-ENTREGARON-NUEVOS-CREDITOS-PARA-VIVIENDAS-EN-BERAZATEGUI-6-1536x1024.jpg 1536w, https:\/\/diarioprincipios.com\/wp-content\/uploads\/2022\/04\/FERRARESI-Y-MUSSI-ENTREGARON-NUEVOS-CREDITOS-PARA-VIVIENDAS-EN-BERAZATEGUI-6.jpg 1920w\" sizes=\"auto, (max-width: 1024px) 100vw, 1024px\" \/><\/figure>\n\n\n\n<p>Por su parte, Ra\u00fal Modini -el vecino de Berazategui que recibi\u00f3 en su hogar al Ministro y al Intendente municipal- expres\u00f3 emocionado: \u201cQue vengan a conocer nuestra casa nos llena de orgullo y felicidad. Este es un cr\u00e9dito que, de otra forma, hubiese sido imposible obtener y gracias a eso pudimos construir nuestra casa. Esta posibilidad es un alivio grande para nosotros\u201d.<\/p>\n\n\n\n<figure class=\"wp-block-image size-large\"><img loading=\"lazy\" decoding=\"async\" width=\"1024\" height=\"683\" src=\"https:\/\/diarioprincipios.com\/wp-content\/uploads\/2022\/04\/FERRARESI-Y-MUSSI-ENTREGARON-NUEVOS-CREDITOS-PARA-VIVIENDAS-EN-BERAZATEGUI-4-1024x683.jpg\" alt=\"\" class=\"wp-image-13363\" srcset=\"https:\/\/diarioprincipios.com\/wp-content\/uploads\/2022\/04\/FERRARESI-Y-MUSSI-ENTREGARON-NUEVOS-CREDITOS-PARA-VIVIENDAS-EN-BERAZATEGUI-4-1024x683.jpg 1024w, https:\/\/diarioprincipios.com\/wp-content\/uploads\/2022\/04\/FERRARESI-Y-MUSSI-ENTREGARON-NUEVOS-CREDITOS-PARA-VIVIENDAS-EN-BERAZATEGUI-4-300x200.jpg 300w, https:\/\/diarioprincipios.com\/wp-content\/uploads\/2022\/04\/FERRARESI-Y-MUSSI-ENTREGARON-NUEVOS-CREDITOS-PARA-VIVIENDAS-EN-BERAZATEGUI-4-768x512.jpg 768w, https:\/\/diarioprincipios.com\/wp-content\/uploads\/2022\/04\/FERRARESI-Y-MUSSI-ENTREGARON-NUEVOS-CREDITOS-PARA-VIVIENDAS-EN-BERAZATEGUI-4-1536x1024.jpg 1536w, https:\/\/diarioprincipios.com\/wp-content\/uploads\/2022\/04\/FERRARESI-Y-MUSSI-ENTREGARON-NUEVOS-CREDITOS-PARA-VIVIENDAS-EN-BERAZATEGUI-4.jpg 1920w\" sizes=\"auto, (max-width: 1024px) 100vw, 1024px\" \/><\/figure>\n\n\n\n<p>Tambi\u00e9n participaron del acto: la titular de la Agencia de Tierras y H\u00e1bitat del Municipio, Luc\u00eda Vega; la titular de la Secretar\u00eda Privada, Mar\u00eda Del Carmen Flores; los secretarios de Cultura y Educaci\u00f3n, Federico L\u00f3pez; de Salud P\u00fablica e Higiene, Pablo Costa; de Desarrollo Social y Comunitario, Recreaci\u00f3n, Turismo y Deportes, Mar\u00eda Laura Lacava; de Servicios P\u00fablicos, Sergio Faccenda; de Obras P\u00fablicas, Carlos Balor; de Trabajo, Juan Manuel Parra; de Organizaciones No Gubernamentales, Marcelo Benedetti; de Gobierno, Antonio Amarilla; y de Econom\u00eda, Santiago Castagno; y el presidente del Honorable Concejo Deliberante, Marcelo Romio; adem\u00e1s de funcionarios y concejales.<\/p>\n","protected":false},"excerpt":{"rendered":"<p>En el marco del Programa Casa Propia, el ministro de Desarrollo Territorial y H\u00e1bitat de la Naci\u00f3n, Jorge Ferraresi; y el intendente Juan Jos\u00e9 Mussi entregaron nuevas l\u00edneas de cr\u00e9dito para la construcci\u00f3n de viviendas a 29 familias de Berazategui. Tras la ceremonia realizada en el Edificio Municipal, las autoridades visitaron la obra en construcci\u00f3n&#8230;<\/p>\n","protected":false},"author":2,"featured_media":13364,"comment_status":"open","ping_status":"open","sticky":false,"template":"","format":"standard","meta":{"footnotes":""},"categories":[3],"tags":[],"class_list":["post-13360","post","type-post","status-publish","format-standard","has-post-thumbnail","hentry","category-berazategui"],"featured_image_src":"https:\/\/diarioprincipios.com\/wp-content\/uploads\/2022\/04\/FERRARESI-Y-MUSSI-ENTREGARON-NUEVOS-CREDITOS-PARA-VIVIENDAS-EN-BERAZATEGUI-1-1024x682.jpeg","blog_images":{"medium":"https:\/\/diarioprincipios.com\/wp-content\/uploads\/2022\/04\/FERRARESI-Y-MUSSI-ENTREGARON-NUEVOS-CREDITOS-PARA-VIVIENDAS-EN-BERAZATEGUI-1-300x200.jpeg","large":"https:\/\/diarioprincipios.com\/wp-content\/uploads\/2022\/04\/FERRARESI-Y-MUSSI-ENTREGARON-NUEVOS-CREDITOS-PARA-VIVIENDAS-EN-BERAZATEGUI-1-1024x682.jpeg"},"ams_acf":[],"yoast_head":"<!-- This site is optimized with the Yoast SEO plugin v27.3 - https:\/\/yoast.com\/product\/yoast-seo-wordpress\/ -->\n<title>Ferraresi y Mussi entregaron nuevos cr\u00e9ditos para viviendas en Berazategui - Principios<\/title>\n<meta name=\"robots\" content=\"index, follow, max-snippet:-1, max-image-preview:large, max-video-preview:-1\" \/>\n<link rel=\"canonical\" href=\"https:\/\/diarioprincipios.com\/index.php\/2022\/04\/12\/ferraresi-y-mussi-entregaron-nuevos-creditos-para-viviendas-en-berazategui\/\" \/>\n<meta property=\"og:locale\" content=\"es_ES\" \/>\n<meta property=\"og:type\" content=\"article\" \/>\n<meta property=\"og:title\" content=\"Ferraresi y Mussi entregaron nuevos cr\u00e9ditos para viviendas en Berazategui - Principios\" \/>\n<meta property=\"og:description\" content=\"En el marco del Programa Casa Propia, el ministro de Desarrollo Territorial y H\u00e1bitat de la Naci\u00f3n, Jorge Ferraresi; y el intendente Juan Jos\u00e9 Mussi entregaron nuevas l\u00edneas de cr\u00e9dito para la construcci\u00f3n de viviendas a 29 familias de Berazategui. Tras la ceremonia realizada en el Edificio Municipal, las autoridades visitaron la obra en construcci\u00f3n...\" \/>\n<meta property=\"og:url\" content=\"https:\/\/diarioprincipios.com\/index.php\/2022\/04\/12\/ferraresi-y-mussi-entregaron-nuevos-creditos-para-viviendas-en-berazategui\/\" \/>\n<meta property=\"og:site_name\" content=\"Principios\" \/>\n<meta property=\"article:published_time\" content=\"2022-04-12T23:12:30+00:00\" \/>\n<meta property=\"article:modified_time\" content=\"2022-04-12T23:14:56+00:00\" \/>\n<meta property=\"og:image\" content=\"https:\/\/diarioprincipios.com\/wp-content\/uploads\/2022\/04\/FERRARESI-Y-MUSSI-ENTREGARON-NUEVOS-CREDITOS-PARA-VIVIENDAS-EN-BERAZATEGUI-1.jpeg\" \/>\n\t<meta property=\"og:image:width\" content=\"1280\" \/>\n\t<meta property=\"og:image:height\" content=\"853\" \/>\n\t<meta property=\"og:image:type\" content=\"image\/jpeg\" \/>\n<meta name=\"author\" content=\"Hern\u00e1n L\u00f3pez\" \/>\n<meta name=\"twitter:card\" content=\"summary_large_image\" \/>\n<meta name=\"twitter:label1\" content=\"Escrito por\" \/>\n\t<meta name=\"twitter:data1\" content=\"Hern\u00e1n L\u00f3pez\" \/>\n\t<meta name=\"twitter:label2\" content=\"Tiempo de lectura\" \/>\n\t<meta name=\"twitter:data2\" content=\"3 minutos\" \/>\n<script type=\"application\/ld+json\" class=\"yoast-schema-graph\">{\"@context\":\"https:\\\/\\\/schema.org\",\"@graph\":[{\"@type\":\"Article\",\"@id\":\"https:\\\/\\\/diarioprincipios.com\\\/index.php\\\/2022\\\/04\\\/12\\\/ferraresi-y-mussi-entregaron-nuevos-creditos-para-viviendas-en-berazategui\\\/#article\",\"isPartOf\":{\"@id\":\"https:\\\/\\\/diarioprincipios.com\\\/index.php\\\/2022\\\/04\\\/12\\\/ferraresi-y-mussi-entregaron-nuevos-creditos-para-viviendas-en-berazategui\\\/\"},\"author\":{\"name\":\"Hern\u00e1n L\u00f3pez\",\"@id\":\"https:\\\/\\\/diarioprincipios.com\\\/#\\\/schema\\\/person\\\/436d5a1fd41a5e250e23ff5a6a7cb080\"},\"headline\":\"Ferraresi y Mussi entregaron nuevos cr\u00e9ditos para viviendas en Berazategui\",\"datePublished\":\"2022-04-12T23:12:30+00:00\",\"dateModified\":\"2022-04-12T23:14:56+00:00\",\"mainEntityOfPage\":{\"@id\":\"https:\\\/\\\/diarioprincipios.com\\\/index.php\\\/2022\\\/04\\\/12\\\/ferraresi-y-mussi-entregaron-nuevos-creditos-para-viviendas-en-berazategui\\\/\"},\"wordCount\":445,\"commentCount\":0,\"publisher\":{\"@id\":\"https:\\\/\\\/diarioprincipios.com\\\/#organization\"},\"image\":{\"@id\":\"https:\\\/\\\/diarioprincipios.com\\\/index.php\\\/2022\\\/04\\\/12\\\/ferraresi-y-mussi-entregaron-nuevos-creditos-para-viviendas-en-berazategui\\\/#primaryimage\"},\"thumbnailUrl\":\"https:\\\/\\\/diarioprincipios.com\\\/wp-content\\\/uploads\\\/2022\\\/04\\\/FERRARESI-Y-MUSSI-ENTREGARON-NUEVOS-CREDITOS-PARA-VIVIENDAS-EN-BERAZATEGUI-1.jpeg\",\"articleSection\":[\"Berazategui\"],\"inLanguage\":\"es\",\"potentialAction\":[{\"@type\":\"CommentAction\",\"name\":\"Comment\",\"target\":[\"https:\\\/\\\/diarioprincipios.com\\\/index.php\\\/2022\\\/04\\\/12\\\/ferraresi-y-mussi-entregaron-nuevos-creditos-para-viviendas-en-berazategui\\\/#respond\"]}]},{\"@type\":\"WebPage\",\"@id\":\"https:\\\/\\\/diarioprincipios.com\\\/index.php\\\/2022\\\/04\\\/12\\\/ferraresi-y-mussi-entregaron-nuevos-creditos-para-viviendas-en-berazategui\\\/\",\"url\":\"https:\\\/\\\/diarioprincipios.com\\\/index.php\\\/2022\\\/04\\\/12\\\/ferraresi-y-mussi-entregaron-nuevos-creditos-para-viviendas-en-berazategui\\\/\",\"name\":\"Ferraresi y Mussi entregaron nuevos cr\u00e9ditos para viviendas en Berazategui - Principios\",\"isPartOf\":{\"@id\":\"https:\\\/\\\/diarioprincipios.com\\\/#website\"},\"primaryImageOfPage\":{\"@id\":\"https:\\\/\\\/diarioprincipios.com\\\/index.php\\\/2022\\\/04\\\/12\\\/ferraresi-y-mussi-entregaron-nuevos-creditos-para-viviendas-en-berazategui\\\/#primaryimage\"},\"image\":{\"@id\":\"https:\\\/\\\/diarioprincipios.com\\\/index.php\\\/2022\\\/04\\\/12\\\/ferraresi-y-mussi-entregaron-nuevos-creditos-para-viviendas-en-berazategui\\\/#primaryimage\"},\"thumbnailUrl\":\"https:\\\/\\\/diarioprincipios.com\\\/wp-content\\\/uploads\\\/2022\\\/04\\\/FERRARESI-Y-MUSSI-ENTREGARON-NUEVOS-CREDITOS-PARA-VIVIENDAS-EN-BERAZATEGUI-1.jpeg\",\"datePublished\":\"2022-04-12T23:12:30+00:00\",\"dateModified\":\"2022-04-12T23:14:56+00:00\",\"breadcrumb\":{\"@id\":\"https:\\\/\\\/diarioprincipios.com\\\/index.php\\\/2022\\\/04\\\/12\\\/ferraresi-y-mussi-entregaron-nuevos-creditos-para-viviendas-en-berazategui\\\/#breadcrumb\"},\"inLanguage\":\"es\",\"potentialAction\":[{\"@type\":\"ReadAction\",\"target\":[\"https:\\\/\\\/diarioprincipios.com\\\/index.php\\\/2022\\\/04\\\/12\\\/ferraresi-y-mussi-entregaron-nuevos-creditos-para-viviendas-en-berazategui\\\/\"]}]},{\"@type\":\"ImageObject\",\"inLanguage\":\"es\",\"@id\":\"https:\\\/\\\/diarioprincipios.com\\\/index.php\\\/2022\\\/04\\\/12\\\/ferraresi-y-mussi-entregaron-nuevos-creditos-para-viviendas-en-berazategui\\\/#primaryimage\",\"url\":\"https:\\\/\\\/diarioprincipios.com\\\/wp-content\\\/uploads\\\/2022\\\/04\\\/FERRARESI-Y-MUSSI-ENTREGARON-NUEVOS-CREDITOS-PARA-VIVIENDAS-EN-BERAZATEGUI-1.jpeg\",\"contentUrl\":\"https:\\\/\\\/diarioprincipios.com\\\/wp-content\\\/uploads\\\/2022\\\/04\\\/FERRARESI-Y-MUSSI-ENTREGARON-NUEVOS-CREDITOS-PARA-VIVIENDAS-EN-BERAZATEGUI-1.jpeg\",\"width\":1280,\"height\":853},{\"@type\":\"BreadcrumbList\",\"@id\":\"https:\\\/\\\/diarioprincipios.com\\\/index.php\\\/2022\\\/04\\\/12\\\/ferraresi-y-mussi-entregaron-nuevos-creditos-para-viviendas-en-berazategui\\\/#breadcrumb\",\"itemListElement\":[{\"@type\":\"ListItem\",\"position\":1,\"name\":\"Portada\",\"item\":\"https:\\\/\\\/diarioprincipios.com\\\/\"},{\"@type\":\"ListItem\",\"position\":2,\"name\":\"Ferraresi y Mussi entregaron nuevos cr\u00e9ditos para viviendas en Berazategui\"}]},{\"@type\":\"WebSite\",\"@id\":\"https:\\\/\\\/diarioprincipios.com\\\/#website\",\"url\":\"https:\\\/\\\/diarioprincipios.com\\\/\",\"name\":\"Principios\",\"description\":\"Principios Diario\",\"publisher\":{\"@id\":\"https:\\\/\\\/diarioprincipios.com\\\/#organization\"},\"potentialAction\":[{\"@type\":\"SearchAction\",\"target\":{\"@type\":\"EntryPoint\",\"urlTemplate\":\"https:\\\/\\\/diarioprincipios.com\\\/?s={search_term_string}\"},\"query-input\":{\"@type\":\"PropertyValueSpecification\",\"valueRequired\":true,\"valueName\":\"search_term_string\"}}],\"inLanguage\":\"es\"},{\"@type\":\"Organization\",\"@id\":\"https:\\\/\\\/diarioprincipios.com\\\/#organization\",\"name\":\"Principios\",\"url\":\"https:\\\/\\\/diarioprincipios.com\\\/\",\"logo\":{\"@type\":\"ImageObject\",\"inLanguage\":\"es\",\"@id\":\"https:\\\/\\\/diarioprincipios.com\\\/#\\\/schema\\\/logo\\\/image\\\/\",\"url\":\"https:\\\/\\\/diarioprincipios.com\\\/wp-content\\\/uploads\\\/2024\\\/04\\\/cropped-www.diarioprincipios.com_-1.png\",\"contentUrl\":\"https:\\\/\\\/diarioprincipios.com\\\/wp-content\\\/uploads\\\/2024\\\/04\\\/cropped-www.diarioprincipios.com_-1.png\",\"width\":5325,\"height\":1454,\"caption\":\"Principios\"},\"image\":{\"@id\":\"https:\\\/\\\/diarioprincipios.com\\\/#\\\/schema\\\/logo\\\/image\\\/\"}},{\"@type\":\"Person\",\"@id\":\"https:\\\/\\\/diarioprincipios.com\\\/#\\\/schema\\\/person\\\/436d5a1fd41a5e250e23ff5a6a7cb080\",\"name\":\"Hern\u00e1n L\u00f3pez\",\"image\":{\"@type\":\"ImageObject\",\"inLanguage\":\"es\",\"@id\":\"https:\\\/\\\/diarioprincipios.com\\\/wp-content\\\/litespeed\\\/avatar\\\/11ddfe5610ff3bd100522525b2571f48.jpg?ver=1777048341\",\"url\":\"https:\\\/\\\/diarioprincipios.com\\\/wp-content\\\/litespeed\\\/avatar\\\/11ddfe5610ff3bd100522525b2571f48.jpg?ver=1777048341\",\"contentUrl\":\"https:\\\/\\\/diarioprincipios.com\\\/wp-content\\\/litespeed\\\/avatar\\\/11ddfe5610ff3bd100522525b2571f48.jpg?ver=1777048341\",\"caption\":\"Hern\u00e1n L\u00f3pez\"},\"url\":\"https:\\\/\\\/diarioprincipios.com\\\/index.php\\\/author\\\/hernan\\\/\"}]}<\/script>\n<!-- \/ Yoast SEO plugin. -->","yoast_head_json":{"title":"Ferraresi y Mussi entregaron nuevos cr\u00e9ditos para viviendas en Berazategui - Principios","robots":{"index":"index","follow":"follow","max-snippet":"max-snippet:-1","max-image-preview":"max-image-preview:large","max-video-preview":"max-video-preview:-1"},"canonical":"https:\/\/diarioprincipios.com\/index.php\/2022\/04\/12\/ferraresi-y-mussi-entregaron-nuevos-creditos-para-viviendas-en-berazategui\/","og_locale":"es_ES","og_type":"article","og_title":"Ferraresi y Mussi entregaron nuevos cr\u00e9ditos para viviendas en Berazategui - Principios","og_description":"En el marco del Programa Casa Propia, el ministro de Desarrollo Territorial y H\u00e1bitat de la Naci\u00f3n, Jorge Ferraresi; y el intendente Juan Jos\u00e9 Mussi entregaron nuevas l\u00edneas de cr\u00e9dito para la construcci\u00f3n de viviendas a 29 familias de Berazategui. Tras la ceremonia realizada en el Edificio Municipal, las autoridades visitaron la obra en construcci\u00f3n...","og_url":"https:\/\/diarioprincipios.com\/index.php\/2022\/04\/12\/ferraresi-y-mussi-entregaron-nuevos-creditos-para-viviendas-en-berazategui\/","og_site_name":"Principios","article_published_time":"2022-04-12T23:12:30+00:00","article_modified_time":"2022-04-12T23:14:56+00:00","og_image":[{"width":1280,"height":853,"url":"https:\/\/diarioprincipios.com\/wp-content\/uploads\/2022\/04\/FERRARESI-Y-MUSSI-ENTREGARON-NUEVOS-CREDITOS-PARA-VIVIENDAS-EN-BERAZATEGUI-1.jpeg","type":"image\/jpeg"}],"author":"Hern\u00e1n L\u00f3pez","twitter_card":"summary_large_image","twitter_misc":{"Escrito por":"Hern\u00e1n L\u00f3pez","Tiempo de lectura":"3 minutos"},"schema":{"@context":"https:\/\/schema.org","@graph":[{"@type":"Article","@id":"https:\/\/diarioprincipios.com\/index.php\/2022\/04\/12\/ferraresi-y-mussi-entregaron-nuevos-creditos-para-viviendas-en-berazategui\/#article","isPartOf":{"@id":"https:\/\/diarioprincipios.com\/index.php\/2022\/04\/12\/ferraresi-y-mussi-entregaron-nuevos-creditos-para-viviendas-en-berazategui\/"},"author":{"name":"Hern\u00e1n L\u00f3pez","@id":"https:\/\/diarioprincipios.com\/#\/schema\/person\/436d5a1fd41a5e250e23ff5a6a7cb080"},"headline":"Ferraresi y Mussi entregaron nuevos cr\u00e9ditos para viviendas en Berazategui","datePublished":"2022-04-12T23:12:30+00:00","dateModified":"2022-04-12T23:14:56+00:00","mainEntityOfPage":{"@id":"https:\/\/diarioprincipios.com\/index.php\/2022\/04\/12\/ferraresi-y-mussi-entregaron-nuevos-creditos-para-viviendas-en-berazategui\/"},"wordCount":445,"commentCount":0,"publisher":{"@id":"https:\/\/diarioprincipios.com\/#organization"},"image":{"@id":"https:\/\/diarioprincipios.com\/index.php\/2022\/04\/12\/ferraresi-y-mussi-entregaron-nuevos-creditos-para-viviendas-en-berazategui\/#primaryimage"},"thumbnailUrl":"https:\/\/diarioprincipios.com\/wp-content\/uploads\/2022\/04\/FERRARESI-Y-MUSSI-ENTREGARON-NUEVOS-CREDITOS-PARA-VIVIENDAS-EN-BERAZATEGUI-1.jpeg","articleSection":["Berazategui"],"inLanguage":"es","potentialAction":[{"@type":"CommentAction","name":"Comment","target":["https:\/\/diarioprincipios.com\/index.php\/2022\/04\/12\/ferraresi-y-mussi-entregaron-nuevos-creditos-para-viviendas-en-berazategui\/#respond"]}]},{"@type":"WebPage","@id":"https:\/\/diarioprincipios.com\/index.php\/2022\/04\/12\/ferraresi-y-mussi-entregaron-nuevos-creditos-para-viviendas-en-berazategui\/","url":"https:\/\/diarioprincipios.com\/index.php\/2022\/04\/12\/ferraresi-y-mussi-entregaron-nuevos-creditos-para-viviendas-en-berazategui\/","name":"Ferraresi y Mussi entregaron nuevos cr\u00e9ditos para viviendas en Berazategui - Principios","isPartOf":{"@id":"https:\/\/diarioprincipios.com\/#website"},"primaryImageOfPage":{"@id":"https:\/\/diarioprincipios.com\/index.php\/2022\/04\/12\/ferraresi-y-mussi-entregaron-nuevos-creditos-para-viviendas-en-berazategui\/#primaryimage"},"image":{"@id":"https:\/\/diarioprincipios.com\/index.php\/2022\/04\/12\/ferraresi-y-mussi-entregaron-nuevos-creditos-para-viviendas-en-berazategui\/#primaryimage"},"thumbnailUrl":"https:\/\/diarioprincipios.com\/wp-content\/uploads\/2022\/04\/FERRARESI-Y-MUSSI-ENTREGARON-NUEVOS-CREDITOS-PARA-VIVIENDAS-EN-BERAZATEGUI-1.jpeg","datePublished":"2022-04-12T23:12:30+00:00","dateModified":"2022-04-12T23:14:56+00:00","breadcrumb":{"@id":"https:\/\/diarioprincipios.com\/index.php\/2022\/04\/12\/ferraresi-y-mussi-entregaron-nuevos-creditos-para-viviendas-en-berazategui\/#breadcrumb"},"inLanguage":"es","potentialAction":[{"@type":"ReadAction","target":["https:\/\/diarioprincipios.com\/index.php\/2022\/04\/12\/ferraresi-y-mussi-entregaron-nuevos-creditos-para-viviendas-en-berazategui\/"]}]},{"@type":"ImageObject","inLanguage":"es","@id":"https:\/\/diarioprincipios.com\/index.php\/2022\/04\/12\/ferraresi-y-mussi-entregaron-nuevos-creditos-para-viviendas-en-berazategui\/#primaryimage","url":"https:\/\/diarioprincipios.com\/wp-content\/uploads\/2022\/04\/FERRARESI-Y-MUSSI-ENTREGARON-NUEVOS-CREDITOS-PARA-VIVIENDAS-EN-BERAZATEGUI-1.jpeg","contentUrl":"https:\/\/diarioprincipios.com\/wp-content\/uploads\/2022\/04\/FERRARESI-Y-MUSSI-ENTREGARON-NUEVOS-CREDITOS-PARA-VIVIENDAS-EN-BERAZATEGUI-1.jpeg","width":1280,"height":853},{"@type":"BreadcrumbList","@id":"https:\/\/diarioprincipios.com\/index.php\/2022\/04\/12\/ferraresi-y-mussi-entregaron-nuevos-creditos-para-viviendas-en-berazategui\/#breadcrumb","itemListElement":[{"@type":"ListItem","position":1,"name":"Portada","item":"https:\/\/diarioprincipios.com\/"},{"@type":"ListItem","position":2,"name":"Ferraresi y Mussi entregaron nuevos cr\u00e9ditos para viviendas en Berazategui"}]},{"@type":"WebSite","@id":"https:\/\/diarioprincipios.com\/#website","url":"https:\/\/diarioprincipios.com\/","name":"Principios","description":"Principios Diario","publisher":{"@id":"https:\/\/diarioprincipios.com\/#organization"},"potentialAction":[{"@type":"SearchAction","target":{"@type":"EntryPoint","urlTemplate":"https:\/\/diarioprincipios.com\/?s={search_term_string}"},"query-input":{"@type":"PropertyValueSpecification","valueRequired":true,"valueName":"search_term_string"}}],"inLanguage":"es"},{"@type":"Organization","@id":"https:\/\/diarioprincipios.com\/#organization","name":"Principios","url":"https:\/\/diarioprincipios.com\/","logo":{"@type":"ImageObject","inLanguage":"es","@id":"https:\/\/diarioprincipios.com\/#\/schema\/logo\/image\/","url":"https:\/\/diarioprincipios.com\/wp-content\/uploads\/2024\/04\/cropped-www.diarioprincipios.com_-1.png","contentUrl":"https:\/\/diarioprincipios.com\/wp-content\/uploads\/2024\/04\/cropped-www.diarioprincipios.com_-1.png","width":5325,"height":1454,"caption":"Principios"},"image":{"@id":"https:\/\/diarioprincipios.com\/#\/schema\/logo\/image\/"}},{"@type":"Person","@id":"https:\/\/diarioprincipios.com\/#\/schema\/person\/436d5a1fd41a5e250e23ff5a6a7cb080","name":"Hern\u00e1n L\u00f3pez","image":{"@type":"ImageObject","inLanguage":"es","@id":"https:\/\/diarioprincipios.com\/wp-content\/litespeed\/avatar\/11ddfe5610ff3bd100522525b2571f48.jpg?ver=1777048341","url":"https:\/\/diarioprincipios.com\/wp-content\/litespeed\/avatar\/11ddfe5610ff3bd100522525b2571f48.jpg?ver=1777048341","contentUrl":"https:\/\/diarioprincipios.com\/wp-content\/litespeed\/avatar\/11ddfe5610ff3bd100522525b2571f48.jpg?ver=1777048341","caption":"Hern\u00e1n L\u00f3pez"},"url":"https:\/\/diarioprincipios.com\/index.php\/author\/hernan\/"}]}},"jetpack_featured_media_url":"https:\/\/diarioprincipios.com\/wp-content\/uploads\/2022\/04\/FERRARESI-Y-MUSSI-ENTREGARON-NUEVOS-CREDITOS-PARA-VIVIENDAS-EN-BERAZATEGUI-1.jpeg","_links":{"self":[{"href":"https:\/\/diarioprincipios.com\/index.php\/wp-json\/wp\/v2\/posts\/13360","targetHints":{"allow":["GET"]}}],"collection":[{"href":"https:\/\/diarioprincipios.com\/index.php\/wp-json\/wp\/v2\/posts"}],"about":[{"href":"https:\/\/diarioprincipios.com\/index.php\/wp-json\/wp\/v2\/types\/post"}],"author":[{"embeddable":true,"href":"https:\/\/diarioprincipios.com\/index.php\/wp-json\/wp\/v2\/users\/2"}],"replies":[{"embeddable":true,"href":"https:\/\/diarioprincipios.com\/index.php\/wp-json\/wp\/v2\/comments?post=13360"}],"version-history":[{"count":2,"href":"https:\/\/diarioprincipios.com\/index.php\/wp-json\/wp\/v2\/posts\/13360\/revisions"}],"predecessor-version":[{"id":13367,"href":"https:\/\/diarioprincipios.com\/index.php\/wp-json\/wp\/v2\/posts\/13360\/revisions\/13367"}],"wp:featuredmedia":[{"embeddable":true,"href":"https:\/\/diarioprincipios.com\/index.php\/wp-json\/wp\/v2\/media\/13364"}],"wp:attachment":[{"href":"https:\/\/diarioprincipios.com\/index.php\/wp-json\/wp\/v2\/media?parent=13360"}],"wp:term":[{"taxonomy":"category","embeddable":true,"href":"https:\/\/diarioprincipios.com\/index.php\/wp-json\/wp\/v2\/categories?post=13360"},{"taxonomy":"post_tag","embeddable":true,"href":"https:\/\/diarioprincipios.com\/index.php\/wp-json\/wp\/v2\/tags?post=13360"}],"curies":[{"name":"wp","href":"https:\/\/api.w.org\/{rel}","templated":true}]}}