{"id":13346,"date":"2022-04-11T21:41:45","date_gmt":"2022-04-12T00:41:45","guid":{"rendered":"http:\/\/diarioprincipios.com\/?p=13346"},"modified":"2022-04-11T21:41:47","modified_gmt":"2022-04-12T00:41:47","slug":"mussi-reelecto-como-presidente-del-pj-de-berazategui","status":"publish","type":"post","link":"https:\/\/diarioprincipios.com\/index.php\/2022\/04\/11\/mussi-reelecto-como-presidente-del-pj-de-berazategui\/","title":{"rendered":"Mussi reelecto como Presidente del PJ de Berazategui"},"content":{"rendered":"\n<p><strong>Ante una gran convocatoria de militantes y agrupaciones pol\u00edticas, sociales y sindicales, asumieron las nuevas autoridades del Consejo del Partido Justicialista (PJ) de Berazategui. En el acto encabezado por el presidente del PJ local y congresal de la provincia de Buenos Aires, Juan Jos\u00e9 Mussi, se realiz\u00f3 la presentaci\u00f3n de los 35 nombres que lo acompa\u00f1ar\u00e1n como integrantes del Consejo Distrital y de los otros 20 que se desempe\u00f1ar\u00e1n a su lado como congresales provinciales.<\/strong><\/p>\n\n\n\n<figure class=\"wp-block-image size-large\"><img loading=\"lazy\" decoding=\"async\" width=\"1024\" height=\"683\" src=\"https:\/\/diarioprincipios.com\/wp-content\/uploads\/2022\/04\/MUSSI-REELECTO-COMO-PRESIDENTE-DEL-PJ-DE-BERAZATEGUI-1-1024x683.jpg\" alt=\"\" class=\"wp-image-13347\" srcset=\"https:\/\/diarioprincipios.com\/wp-content\/uploads\/2022\/04\/MUSSI-REELECTO-COMO-PRESIDENTE-DEL-PJ-DE-BERAZATEGUI-1-1024x683.jpg 1024w, https:\/\/diarioprincipios.com\/wp-content\/uploads\/2022\/04\/MUSSI-REELECTO-COMO-PRESIDENTE-DEL-PJ-DE-BERAZATEGUI-1-300x200.jpg 300w, https:\/\/diarioprincipios.com\/wp-content\/uploads\/2022\/04\/MUSSI-REELECTO-COMO-PRESIDENTE-DEL-PJ-DE-BERAZATEGUI-1-768x512.jpg 768w, https:\/\/diarioprincipios.com\/wp-content\/uploads\/2022\/04\/MUSSI-REELECTO-COMO-PRESIDENTE-DEL-PJ-DE-BERAZATEGUI-1-1536x1024.jpg 1536w, https:\/\/diarioprincipios.com\/wp-content\/uploads\/2022\/04\/MUSSI-REELECTO-COMO-PRESIDENTE-DEL-PJ-DE-BERAZATEGUI-1.jpg 1920w\" sizes=\"auto, (max-width: 1024px) 100vw, 1024px\" \/><\/figure>\n\n\n\n<p><br><br>\u201cLes pido a todos y todas que no aflojen, que nosotros nunca nos jubilamos de peronistas. Podemos irnos de un cargo pero jam\u00e1s dejamos de ser peronistas. Aquel que fue valioso y que despu\u00e9s se jubil\u00f3 de peronista, nos fall\u00f3, porque peronista se es hasta que nos saquen con las patitas para adelante\u201d, afirm\u00f3 Juan Jos\u00e9 Mussi. Y agreg\u00f3: \u201cLa Justicia Social tiene que ver con la igualdad de oportunidades entre los seres humanos. No hay otro movimiento en la Rep\u00fablica Argentina que represente eso, por eso compa\u00f1eros les pido que dejemos de mirar el \u00e1rbol y veamos el bosque; y el bosque es el peronismo\u00bb.<\/p>\n\n\n\n<figure class=\"wp-block-image size-large\"><img loading=\"lazy\" decoding=\"async\" width=\"1024\" height=\"683\" src=\"https:\/\/diarioprincipios.com\/wp-content\/uploads\/2022\/04\/MUSSI-REELECTO-COMO-PRESIDENTE-DEL-PJ-DE-BERAZATEGUI-2-1024x683.jpg\" alt=\"\" class=\"wp-image-13348\" srcset=\"https:\/\/diarioprincipios.com\/wp-content\/uploads\/2022\/04\/MUSSI-REELECTO-COMO-PRESIDENTE-DEL-PJ-DE-BERAZATEGUI-2-1024x683.jpg 1024w, https:\/\/diarioprincipios.com\/wp-content\/uploads\/2022\/04\/MUSSI-REELECTO-COMO-PRESIDENTE-DEL-PJ-DE-BERAZATEGUI-2-300x200.jpg 300w, https:\/\/diarioprincipios.com\/wp-content\/uploads\/2022\/04\/MUSSI-REELECTO-COMO-PRESIDENTE-DEL-PJ-DE-BERAZATEGUI-2-768x512.jpg 768w, https:\/\/diarioprincipios.com\/wp-content\/uploads\/2022\/04\/MUSSI-REELECTO-COMO-PRESIDENTE-DEL-PJ-DE-BERAZATEGUI-2-1536x1024.jpg 1536w, https:\/\/diarioprincipios.com\/wp-content\/uploads\/2022\/04\/MUSSI-REELECTO-COMO-PRESIDENTE-DEL-PJ-DE-BERAZATEGUI-2.jpg 1920w\" sizes=\"auto, (max-width: 1024px) 100vw, 1024px\" \/><\/figure>\n\n\n\n<p><br><br>En este sentido, el Presidente del PJ de Berazategui asegur\u00f3: \u201cEn Berazategui estamos demostrando c\u00f3mo somos los peronistas, presentando una sola lista de unidad y sin necesidad de competir. Hac\u00eda mucho que no ve\u00eda a tantos compa\u00f1eros juntos y esta es la mayor alegr\u00eda. Es la demostraci\u00f3n de que estamos vivos y quien apueste por la desaparici\u00f3n del peronismo se equivoca, porque en Berazategui nunca va a desaparecer el peronismo\u00bb.<\/p>\n\n\n\n<p>Asimismo, Mussi destac\u00f3: \u201cEn esta oportunidad las listas est\u00e1n conformadas por el mismo n\u00famero de hombres que de mujeres. Y as\u00ed debe ser porque a lo largo de los a\u00f1os ellas lograron inyectarle al peronismo su gran energ\u00eda y perseverancia que mucho tiene que ver con la sensibilidad social\u00bb.<\/p>\n\n\n\n<figure class=\"wp-block-image size-large\"><img loading=\"lazy\" decoding=\"async\" width=\"1024\" height=\"683\" src=\"https:\/\/diarioprincipios.com\/wp-content\/uploads\/2022\/04\/MUSSI-REELECTO-COMO-PRESIDENTE-DEL-PJ-DE-BERAZATEGUI-5-1024x683.jpg\" alt=\"\" class=\"wp-image-13349\" srcset=\"https:\/\/diarioprincipios.com\/wp-content\/uploads\/2022\/04\/MUSSI-REELECTO-COMO-PRESIDENTE-DEL-PJ-DE-BERAZATEGUI-5-1024x683.jpg 1024w, https:\/\/diarioprincipios.com\/wp-content\/uploads\/2022\/04\/MUSSI-REELECTO-COMO-PRESIDENTE-DEL-PJ-DE-BERAZATEGUI-5-300x200.jpg 300w, https:\/\/diarioprincipios.com\/wp-content\/uploads\/2022\/04\/MUSSI-REELECTO-COMO-PRESIDENTE-DEL-PJ-DE-BERAZATEGUI-5-768x512.jpg 768w, https:\/\/diarioprincipios.com\/wp-content\/uploads\/2022\/04\/MUSSI-REELECTO-COMO-PRESIDENTE-DEL-PJ-DE-BERAZATEGUI-5-1536x1024.jpg 1536w, https:\/\/diarioprincipios.com\/wp-content\/uploads\/2022\/04\/MUSSI-REELECTO-COMO-PRESIDENTE-DEL-PJ-DE-BERAZATEGUI-5.jpg 1920w\" sizes=\"auto, (max-width: 1024px) 100vw, 1024px\" \/><\/figure>\n\n\n\n<p><br><br>Finalmente, concluy\u00f3: \u201cLes pido a todos los peronistas que integran el Consejo del Partido que hagan todo su esfuerzo por la unidad del peronismo. Berazategui debe ser el espacio de confluencia y unidad del peronismo en toda la provincia de Buenos Aires, para que a partir de 2023 el Gobernador y el Presidente sigan siendo peronistas\u201d.<br><br>Durante la ceremonia, se entregaron los correspondientes certificados a cada una de las autoridades del Partido Justicialista de Berazategui. \u201cTengo el honor de ser la Vicepresidenta gracias al Dr. Juan Jos\u00e9 Mussi. Por primera vez este cargo va a ser ocupado por una mujer, as\u00ed que tambi\u00e9n es un honor para todas las compa\u00f1eras\u201d, expres\u00f3 emocionada Andrea Canestro.<\/p>\n\n\n\n<figure class=\"wp-block-image size-large\"><img loading=\"lazy\" decoding=\"async\" width=\"1024\" height=\"683\" src=\"https:\/\/diarioprincipios.com\/wp-content\/uploads\/2022\/04\/MUSSI-REELECTO-COMO-PRESIDENTE-DEL-PJ-DE-BERAZATEGUI-3-1024x683.jpg\" alt=\"\" class=\"wp-image-13350\" srcset=\"https:\/\/diarioprincipios.com\/wp-content\/uploads\/2022\/04\/MUSSI-REELECTO-COMO-PRESIDENTE-DEL-PJ-DE-BERAZATEGUI-3-1024x683.jpg 1024w, https:\/\/diarioprincipios.com\/wp-content\/uploads\/2022\/04\/MUSSI-REELECTO-COMO-PRESIDENTE-DEL-PJ-DE-BERAZATEGUI-3-300x200.jpg 300w, https:\/\/diarioprincipios.com\/wp-content\/uploads\/2022\/04\/MUSSI-REELECTO-COMO-PRESIDENTE-DEL-PJ-DE-BERAZATEGUI-3-768x512.jpg 768w, https:\/\/diarioprincipios.com\/wp-content\/uploads\/2022\/04\/MUSSI-REELECTO-COMO-PRESIDENTE-DEL-PJ-DE-BERAZATEGUI-3-1536x1024.jpg 1536w, https:\/\/diarioprincipios.com\/wp-content\/uploads\/2022\/04\/MUSSI-REELECTO-COMO-PRESIDENTE-DEL-PJ-DE-BERAZATEGUI-3.jpg 1920w\" sizes=\"auto, (max-width: 1024px) 100vw, 1024px\" \/><\/figure>\n\n\n\n<p>El Consejo del Partido Justicialista de Berazategui qued\u00f3 conformado de la siguiente manera:<\/p>\n\n\n\n<p>Presidente: Juan Jos\u00e9 Mussi<br>Vicepresidenta: Andrea Elisabet Canestro<br>Secretar\u00eda General: Hugo Roberto Fern\u00e1ndez<br>Secretar\u00eda Administrativa y de Actas: Ver\u00f3nica Alejandra D\u00edaz<br>Secretar\u00eda de Organizaci\u00f3n: Esteban Arnoldo Ayala<br>Secretar\u00eda de Formaci\u00f3n Pol\u00edtica: Luc\u00eda Magdalena Vega<br>Secretar\u00eda de Desarrollo Humano: Mat\u00edas Teodoro Aguirre<br>Secretar\u00eda de Relaciones: Nieves Mirta Carballal<br>Secretar\u00eda de Finanzas: Leonardo Gustavo Muraco<br>Secretar\u00eda de Cultura y Comunicaci\u00f3n: Cecilia Rold\u00e1n<br>Secretar\u00eda de la Mujer: Jennifer Noro<br>Secretar\u00eda de Asuntos Gremiales: Cristian Juan Rearte<br>Secretar\u00eda de la Juventud: Juan Ignacio Fern\u00e1ndez<br>Secretar\u00eda de Derechos Humanos: Salom\u00e9 Fernanda Pereyra<br>Secretar\u00eda T\u00e9cnico Profesional: Alejandro Islas<br>Secretar\u00eda de Discapacidad: Ana Esp\u00ednola<\/p>\n\n\n\n<p>Vocales titulares: Mario Oca\u00f1o, Mirta Hoyos, Miguel Rold\u00e1n, Francisco Colman, Silvio Galarza, Graciela Cano, Lucas Palmadessa y Erminda Golobardas.<\/p>\n\n\n\n<p>Vocales suplentes: Toribio Bernis Ortigoza, Andrea Cendra, Jos\u00e9 Barrios Escudero, Silvia Zerda, Sergio Paz, Lorena Moreyra, Juan Jos\u00e9 Palavecino, Graciela Rodr\u00edguez, Gustavo Islas, Paola Fleita, Cristian Aldeco y Melany Pi\u00f1eiro.<br>Congresales provinciales del PJ por Berazategui:&nbsp;<br>Titulares: Juan Jos\u00e9 Mussi, Alberto Quarchioni, Beatriz Bree, Antonio Amarilla, Silvia Isea, Omar Acosta, Reyna T\u00e9vez, Facundo Z\u00e1rate, Laura Ram\u00edrez, Andr\u00e9s Nikitiuk, Roc\u00edo T\u00e9vez, Lidia Camilletti y Daniel Alfonso.<\/p>\n\n\n\n<p>Suplentes: Daniel Machuca, Mar\u00eda Cristina Martinini, Rodolfo Castagnetto, Olga Vera, Carlos Vallejo, Selva Ben\u00edtez, Daniel Di Meglio y Mar\u00eda Beatriz Corbelli.<\/p>\n","protected":false},"excerpt":{"rendered":"<p>Ante una gran convocatoria de militantes y agrupaciones pol\u00edticas, sociales y sindicales, asumieron las nuevas autoridades del Consejo del Partido Justicialista (PJ) de Berazategui. En el acto encabezado por el presidente del PJ local y congresal de la provincia de Buenos Aires, Juan Jos\u00e9 Mussi, se realiz\u00f3 la presentaci\u00f3n de los 35 nombres que lo&#8230;<\/p>\n","protected":false},"author":2,"featured_media":13351,"comment_status":"open","ping_status":"open","sticky":false,"template":"","format":"standard","meta":{"footnotes":""},"categories":[3],"tags":[],"class_list":["post-13346","post","type-post","status-publish","format-standard","has-post-thumbnail","hentry","category-berazategui"],"featured_image_src":"https:\/\/diarioprincipios.com\/wp-content\/uploads\/2022\/04\/MUSSI-REELECTO-COMO-PRESIDENTE-DEL-PJ-DE-BERAZATEGUI-4-1024x683.jpg","blog_images":{"medium":"https:\/\/diarioprincipios.com\/wp-content\/uploads\/2022\/04\/MUSSI-REELECTO-COMO-PRESIDENTE-DEL-PJ-DE-BERAZATEGUI-4-300x200.jpg","large":"https:\/\/diarioprincipios.com\/wp-content\/uploads\/2022\/04\/MUSSI-REELECTO-COMO-PRESIDENTE-DEL-PJ-DE-BERAZATEGUI-4-1024x683.jpg"},"ams_acf":[],"yoast_head":"<!-- This site is optimized with the Yoast SEO plugin v27.3 - https:\/\/yoast.com\/product\/yoast-seo-wordpress\/ -->\n<title>Mussi reelecto como Presidente del PJ de Berazategui - Principios<\/title>\n<meta name=\"robots\" content=\"index, follow, max-snippet:-1, max-image-preview:large, max-video-preview:-1\" \/>\n<link rel=\"canonical\" href=\"https:\/\/diarioprincipios.com\/index.php\/2022\/04\/11\/mussi-reelecto-como-presidente-del-pj-de-berazategui\/\" \/>\n<meta property=\"og:locale\" content=\"es_ES\" \/>\n<meta property=\"og:type\" content=\"article\" \/>\n<meta property=\"og:title\" content=\"Mussi reelecto como Presidente del PJ de Berazategui - Principios\" \/>\n<meta property=\"og:description\" content=\"Ante una gran convocatoria de militantes y agrupaciones pol\u00edticas, sociales y sindicales, asumieron las nuevas autoridades del Consejo del Partido Justicialista (PJ) de Berazategui. En el acto encabezado por el presidente del PJ local y congresal de la provincia de Buenos Aires, Juan Jos\u00e9 Mussi, se realiz\u00f3 la presentaci\u00f3n de los 35 nombres que lo...\" \/>\n<meta property=\"og:url\" content=\"https:\/\/diarioprincipios.com\/index.php\/2022\/04\/11\/mussi-reelecto-como-presidente-del-pj-de-berazategui\/\" \/>\n<meta property=\"og:site_name\" content=\"Principios\" \/>\n<meta property=\"article:published_time\" content=\"2022-04-12T00:41:45+00:00\" \/>\n<meta property=\"article:modified_time\" content=\"2022-04-12T00:41:47+00:00\" \/>\n<meta property=\"og:image\" content=\"https:\/\/diarioprincipios.com\/wp-content\/uploads\/2022\/04\/MUSSI-REELECTO-COMO-PRESIDENTE-DEL-PJ-DE-BERAZATEGUI-4.jpg\" \/>\n\t<meta property=\"og:image:width\" content=\"1920\" \/>\n\t<meta property=\"og:image:height\" content=\"1280\" \/>\n\t<meta property=\"og:image:type\" content=\"image\/jpeg\" \/>\n<meta name=\"author\" content=\"Hern\u00e1n L\u00f3pez\" \/>\n<meta name=\"twitter:card\" content=\"summary_large_image\" \/>\n<meta name=\"twitter:label1\" content=\"Escrito por\" \/>\n\t<meta name=\"twitter:data1\" content=\"Hern\u00e1n L\u00f3pez\" \/>\n\t<meta name=\"twitter:label2\" content=\"Tiempo de lectura\" \/>\n\t<meta name=\"twitter:data2\" content=\"4 minutos\" \/>\n<script type=\"application\/ld+json\" class=\"yoast-schema-graph\">{\"@context\":\"https:\\\/\\\/schema.org\",\"@graph\":[{\"@type\":\"Article\",\"@id\":\"https:\\\/\\\/diarioprincipios.com\\\/index.php\\\/2022\\\/04\\\/11\\\/mussi-reelecto-como-presidente-del-pj-de-berazategui\\\/#article\",\"isPartOf\":{\"@id\":\"https:\\\/\\\/diarioprincipios.com\\\/index.php\\\/2022\\\/04\\\/11\\\/mussi-reelecto-como-presidente-del-pj-de-berazategui\\\/\"},\"author\":{\"name\":\"Hern\u00e1n L\u00f3pez\",\"@id\":\"https:\\\/\\\/diarioprincipios.com\\\/#\\\/schema\\\/person\\\/436d5a1fd41a5e250e23ff5a6a7cb080\"},\"headline\":\"Mussi reelecto como Presidente del PJ de Berazategui\",\"datePublished\":\"2022-04-12T00:41:45+00:00\",\"dateModified\":\"2022-04-12T00:41:47+00:00\",\"mainEntityOfPage\":{\"@id\":\"https:\\\/\\\/diarioprincipios.com\\\/index.php\\\/2022\\\/04\\\/11\\\/mussi-reelecto-como-presidente-del-pj-de-berazategui\\\/\"},\"wordCount\":683,\"commentCount\":0,\"publisher\":{\"@id\":\"https:\\\/\\\/diarioprincipios.com\\\/#organization\"},\"image\":{\"@id\":\"https:\\\/\\\/diarioprincipios.com\\\/index.php\\\/2022\\\/04\\\/11\\\/mussi-reelecto-como-presidente-del-pj-de-berazategui\\\/#primaryimage\"},\"thumbnailUrl\":\"https:\\\/\\\/diarioprincipios.com\\\/wp-content\\\/uploads\\\/2022\\\/04\\\/MUSSI-REELECTO-COMO-PRESIDENTE-DEL-PJ-DE-BERAZATEGUI-4.jpg\",\"articleSection\":[\"Berazategui\"],\"inLanguage\":\"es\",\"potentialAction\":[{\"@type\":\"CommentAction\",\"name\":\"Comment\",\"target\":[\"https:\\\/\\\/diarioprincipios.com\\\/index.php\\\/2022\\\/04\\\/11\\\/mussi-reelecto-como-presidente-del-pj-de-berazategui\\\/#respond\"]}]},{\"@type\":\"WebPage\",\"@id\":\"https:\\\/\\\/diarioprincipios.com\\\/index.php\\\/2022\\\/04\\\/11\\\/mussi-reelecto-como-presidente-del-pj-de-berazategui\\\/\",\"url\":\"https:\\\/\\\/diarioprincipios.com\\\/index.php\\\/2022\\\/04\\\/11\\\/mussi-reelecto-como-presidente-del-pj-de-berazategui\\\/\",\"name\":\"Mussi reelecto como Presidente del PJ de Berazategui - Principios\",\"isPartOf\":{\"@id\":\"https:\\\/\\\/diarioprincipios.com\\\/#website\"},\"primaryImageOfPage\":{\"@id\":\"https:\\\/\\\/diarioprincipios.com\\\/index.php\\\/2022\\\/04\\\/11\\\/mussi-reelecto-como-presidente-del-pj-de-berazategui\\\/#primaryimage\"},\"image\":{\"@id\":\"https:\\\/\\\/diarioprincipios.com\\\/index.php\\\/2022\\\/04\\\/11\\\/mussi-reelecto-como-presidente-del-pj-de-berazategui\\\/#primaryimage\"},\"thumbnailUrl\":\"https:\\\/\\\/diarioprincipios.com\\\/wp-content\\\/uploads\\\/2022\\\/04\\\/MUSSI-REELECTO-COMO-PRESIDENTE-DEL-PJ-DE-BERAZATEGUI-4.jpg\",\"datePublished\":\"2022-04-12T00:41:45+00:00\",\"dateModified\":\"2022-04-12T00:41:47+00:00\",\"breadcrumb\":{\"@id\":\"https:\\\/\\\/diarioprincipios.com\\\/index.php\\\/2022\\\/04\\\/11\\\/mussi-reelecto-como-presidente-del-pj-de-berazategui\\\/#breadcrumb\"},\"inLanguage\":\"es\",\"potentialAction\":[{\"@type\":\"ReadAction\",\"target\":[\"https:\\\/\\\/diarioprincipios.com\\\/index.php\\\/2022\\\/04\\\/11\\\/mussi-reelecto-como-presidente-del-pj-de-berazategui\\\/\"]}]},{\"@type\":\"ImageObject\",\"inLanguage\":\"es\",\"@id\":\"https:\\\/\\\/diarioprincipios.com\\\/index.php\\\/2022\\\/04\\\/11\\\/mussi-reelecto-como-presidente-del-pj-de-berazategui\\\/#primaryimage\",\"url\":\"https:\\\/\\\/diarioprincipios.com\\\/wp-content\\\/uploads\\\/2022\\\/04\\\/MUSSI-REELECTO-COMO-PRESIDENTE-DEL-PJ-DE-BERAZATEGUI-4.jpg\",\"contentUrl\":\"https:\\\/\\\/diarioprincipios.com\\\/wp-content\\\/uploads\\\/2022\\\/04\\\/MUSSI-REELECTO-COMO-PRESIDENTE-DEL-PJ-DE-BERAZATEGUI-4.jpg\",\"width\":1920,\"height\":1280},{\"@type\":\"BreadcrumbList\",\"@id\":\"https:\\\/\\\/diarioprincipios.com\\\/index.php\\\/2022\\\/04\\\/11\\\/mussi-reelecto-como-presidente-del-pj-de-berazategui\\\/#breadcrumb\",\"itemListElement\":[{\"@type\":\"ListItem\",\"position\":1,\"name\":\"Portada\",\"item\":\"https:\\\/\\\/diarioprincipios.com\\\/\"},{\"@type\":\"ListItem\",\"position\":2,\"name\":\"Mussi reelecto como Presidente del PJ de Berazategui\"}]},{\"@type\":\"WebSite\",\"@id\":\"https:\\\/\\\/diarioprincipios.com\\\/#website\",\"url\":\"https:\\\/\\\/diarioprincipios.com\\\/\",\"name\":\"Principios\",\"description\":\"Principios Diario\",\"publisher\":{\"@id\":\"https:\\\/\\\/diarioprincipios.com\\\/#organization\"},\"potentialAction\":[{\"@type\":\"SearchAction\",\"target\":{\"@type\":\"EntryPoint\",\"urlTemplate\":\"https:\\\/\\\/diarioprincipios.com\\\/?s={search_term_string}\"},\"query-input\":{\"@type\":\"PropertyValueSpecification\",\"valueRequired\":true,\"valueName\":\"search_term_string\"}}],\"inLanguage\":\"es\"},{\"@type\":\"Organization\",\"@id\":\"https:\\\/\\\/diarioprincipios.com\\\/#organization\",\"name\":\"Principios\",\"url\":\"https:\\\/\\\/diarioprincipios.com\\\/\",\"logo\":{\"@type\":\"ImageObject\",\"inLanguage\":\"es\",\"@id\":\"https:\\\/\\\/diarioprincipios.com\\\/#\\\/schema\\\/logo\\\/image\\\/\",\"url\":\"https:\\\/\\\/diarioprincipios.com\\\/wp-content\\\/uploads\\\/2024\\\/04\\\/cropped-www.diarioprincipios.com_-1.png\",\"contentUrl\":\"https:\\\/\\\/diarioprincipios.com\\\/wp-content\\\/uploads\\\/2024\\\/04\\\/cropped-www.diarioprincipios.com_-1.png\",\"width\":5325,\"height\":1454,\"caption\":\"Principios\"},\"image\":{\"@id\":\"https:\\\/\\\/diarioprincipios.com\\\/#\\\/schema\\\/logo\\\/image\\\/\"}},{\"@type\":\"Person\",\"@id\":\"https:\\\/\\\/diarioprincipios.com\\\/#\\\/schema\\\/person\\\/436d5a1fd41a5e250e23ff5a6a7cb080\",\"name\":\"Hern\u00e1n L\u00f3pez\",\"image\":{\"@type\":\"ImageObject\",\"inLanguage\":\"es\",\"@id\":\"https:\\\/\\\/diarioprincipios.com\\\/wp-content\\\/litespeed\\\/avatar\\\/11ddfe5610ff3bd100522525b2571f48.jpg?ver=1777048341\",\"url\":\"https:\\\/\\\/diarioprincipios.com\\\/wp-content\\\/litespeed\\\/avatar\\\/11ddfe5610ff3bd100522525b2571f48.jpg?ver=1777048341\",\"contentUrl\":\"https:\\\/\\\/diarioprincipios.com\\\/wp-content\\\/litespeed\\\/avatar\\\/11ddfe5610ff3bd100522525b2571f48.jpg?ver=1777048341\",\"caption\":\"Hern\u00e1n L\u00f3pez\"},\"url\":\"https:\\\/\\\/diarioprincipios.com\\\/index.php\\\/author\\\/hernan\\\/\"}]}<\/script>\n<!-- \/ Yoast SEO plugin. -->","yoast_head_json":{"title":"Mussi reelecto como Presidente del PJ de Berazategui - Principios","robots":{"index":"index","follow":"follow","max-snippet":"max-snippet:-1","max-image-preview":"max-image-preview:large","max-video-preview":"max-video-preview:-1"},"canonical":"https:\/\/diarioprincipios.com\/index.php\/2022\/04\/11\/mussi-reelecto-como-presidente-del-pj-de-berazategui\/","og_locale":"es_ES","og_type":"article","og_title":"Mussi reelecto como Presidente del PJ de Berazategui - Principios","og_description":"Ante una gran convocatoria de militantes y agrupaciones pol\u00edticas, sociales y sindicales, asumieron las nuevas autoridades del Consejo del Partido Justicialista (PJ) de Berazategui. En el acto encabezado por el presidente del PJ local y congresal de la provincia de Buenos Aires, Juan Jos\u00e9 Mussi, se realiz\u00f3 la presentaci\u00f3n de los 35 nombres que lo...","og_url":"https:\/\/diarioprincipios.com\/index.php\/2022\/04\/11\/mussi-reelecto-como-presidente-del-pj-de-berazategui\/","og_site_name":"Principios","article_published_time":"2022-04-12T00:41:45+00:00","article_modified_time":"2022-04-12T00:41:47+00:00","og_image":[{"width":1920,"height":1280,"url":"https:\/\/diarioprincipios.com\/wp-content\/uploads\/2022\/04\/MUSSI-REELECTO-COMO-PRESIDENTE-DEL-PJ-DE-BERAZATEGUI-4.jpg","type":"image\/jpeg"}],"author":"Hern\u00e1n L\u00f3pez","twitter_card":"summary_large_image","twitter_misc":{"Escrito por":"Hern\u00e1n L\u00f3pez","Tiempo de lectura":"4 minutos"},"schema":{"@context":"https:\/\/schema.org","@graph":[{"@type":"Article","@id":"https:\/\/diarioprincipios.com\/index.php\/2022\/04\/11\/mussi-reelecto-como-presidente-del-pj-de-berazategui\/#article","isPartOf":{"@id":"https:\/\/diarioprincipios.com\/index.php\/2022\/04\/11\/mussi-reelecto-como-presidente-del-pj-de-berazategui\/"},"author":{"name":"Hern\u00e1n L\u00f3pez","@id":"https:\/\/diarioprincipios.com\/#\/schema\/person\/436d5a1fd41a5e250e23ff5a6a7cb080"},"headline":"Mussi reelecto como Presidente del PJ de Berazategui","datePublished":"2022-04-12T00:41:45+00:00","dateModified":"2022-04-12T00:41:47+00:00","mainEntityOfPage":{"@id":"https:\/\/diarioprincipios.com\/index.php\/2022\/04\/11\/mussi-reelecto-como-presidente-del-pj-de-berazategui\/"},"wordCount":683,"commentCount":0,"publisher":{"@id":"https:\/\/diarioprincipios.com\/#organization"},"image":{"@id":"https:\/\/diarioprincipios.com\/index.php\/2022\/04\/11\/mussi-reelecto-como-presidente-del-pj-de-berazategui\/#primaryimage"},"thumbnailUrl":"https:\/\/diarioprincipios.com\/wp-content\/uploads\/2022\/04\/MUSSI-REELECTO-COMO-PRESIDENTE-DEL-PJ-DE-BERAZATEGUI-4.jpg","articleSection":["Berazategui"],"inLanguage":"es","potentialAction":[{"@type":"CommentAction","name":"Comment","target":["https:\/\/diarioprincipios.com\/index.php\/2022\/04\/11\/mussi-reelecto-como-presidente-del-pj-de-berazategui\/#respond"]}]},{"@type":"WebPage","@id":"https:\/\/diarioprincipios.com\/index.php\/2022\/04\/11\/mussi-reelecto-como-presidente-del-pj-de-berazategui\/","url":"https:\/\/diarioprincipios.com\/index.php\/2022\/04\/11\/mussi-reelecto-como-presidente-del-pj-de-berazategui\/","name":"Mussi reelecto como Presidente del PJ de Berazategui - Principios","isPartOf":{"@id":"https:\/\/diarioprincipios.com\/#website"},"primaryImageOfPage":{"@id":"https:\/\/diarioprincipios.com\/index.php\/2022\/04\/11\/mussi-reelecto-como-presidente-del-pj-de-berazategui\/#primaryimage"},"image":{"@id":"https:\/\/diarioprincipios.com\/index.php\/2022\/04\/11\/mussi-reelecto-como-presidente-del-pj-de-berazategui\/#primaryimage"},"thumbnailUrl":"https:\/\/diarioprincipios.com\/wp-content\/uploads\/2022\/04\/MUSSI-REELECTO-COMO-PRESIDENTE-DEL-PJ-DE-BERAZATEGUI-4.jpg","datePublished":"2022-04-12T00:41:45+00:00","dateModified":"2022-04-12T00:41:47+00:00","breadcrumb":{"@id":"https:\/\/diarioprincipios.com\/index.php\/2022\/04\/11\/mussi-reelecto-como-presidente-del-pj-de-berazategui\/#breadcrumb"},"inLanguage":"es","potentialAction":[{"@type":"ReadAction","target":["https:\/\/diarioprincipios.com\/index.php\/2022\/04\/11\/mussi-reelecto-como-presidente-del-pj-de-berazategui\/"]}]},{"@type":"ImageObject","inLanguage":"es","@id":"https:\/\/diarioprincipios.com\/index.php\/2022\/04\/11\/mussi-reelecto-como-presidente-del-pj-de-berazategui\/#primaryimage","url":"https:\/\/diarioprincipios.com\/wp-content\/uploads\/2022\/04\/MUSSI-REELECTO-COMO-PRESIDENTE-DEL-PJ-DE-BERAZATEGUI-4.jpg","contentUrl":"https:\/\/diarioprincipios.com\/wp-content\/uploads\/2022\/04\/MUSSI-REELECTO-COMO-PRESIDENTE-DEL-PJ-DE-BERAZATEGUI-4.jpg","width":1920,"height":1280},{"@type":"BreadcrumbList","@id":"https:\/\/diarioprincipios.com\/index.php\/2022\/04\/11\/mussi-reelecto-como-presidente-del-pj-de-berazategui\/#breadcrumb","itemListElement":[{"@type":"ListItem","position":1,"name":"Portada","item":"https:\/\/diarioprincipios.com\/"},{"@type":"ListItem","position":2,"name":"Mussi reelecto como Presidente del PJ de Berazategui"}]},{"@type":"WebSite","@id":"https:\/\/diarioprincipios.com\/#website","url":"https:\/\/diarioprincipios.com\/","name":"Principios","description":"Principios Diario","publisher":{"@id":"https:\/\/diarioprincipios.com\/#organization"},"potentialAction":[{"@type":"SearchAction","target":{"@type":"EntryPoint","urlTemplate":"https:\/\/diarioprincipios.com\/?s={search_term_string}"},"query-input":{"@type":"PropertyValueSpecification","valueRequired":true,"valueName":"search_term_string"}}],"inLanguage":"es"},{"@type":"Organization","@id":"https:\/\/diarioprincipios.com\/#organization","name":"Principios","url":"https:\/\/diarioprincipios.com\/","logo":{"@type":"ImageObject","inLanguage":"es","@id":"https:\/\/diarioprincipios.com\/#\/schema\/logo\/image\/","url":"https:\/\/diarioprincipios.com\/wp-content\/uploads\/2024\/04\/cropped-www.diarioprincipios.com_-1.png","contentUrl":"https:\/\/diarioprincipios.com\/wp-content\/uploads\/2024\/04\/cropped-www.diarioprincipios.com_-1.png","width":5325,"height":1454,"caption":"Principios"},"image":{"@id":"https:\/\/diarioprincipios.com\/#\/schema\/logo\/image\/"}},{"@type":"Person","@id":"https:\/\/diarioprincipios.com\/#\/schema\/person\/436d5a1fd41a5e250e23ff5a6a7cb080","name":"Hern\u00e1n L\u00f3pez","image":{"@type":"ImageObject","inLanguage":"es","@id":"https:\/\/diarioprincipios.com\/wp-content\/litespeed\/avatar\/11ddfe5610ff3bd100522525b2571f48.jpg?ver=1777048341","url":"https:\/\/diarioprincipios.com\/wp-content\/litespeed\/avatar\/11ddfe5610ff3bd100522525b2571f48.jpg?ver=1777048341","contentUrl":"https:\/\/diarioprincipios.com\/wp-content\/litespeed\/avatar\/11ddfe5610ff3bd100522525b2571f48.jpg?ver=1777048341","caption":"Hern\u00e1n L\u00f3pez"},"url":"https:\/\/diarioprincipios.com\/index.php\/author\/hernan\/"}]}},"jetpack_featured_media_url":"https:\/\/diarioprincipios.com\/wp-content\/uploads\/2022\/04\/MUSSI-REELECTO-COMO-PRESIDENTE-DEL-PJ-DE-BERAZATEGUI-4.jpg","_links":{"self":[{"href":"https:\/\/diarioprincipios.com\/index.php\/wp-json\/wp\/v2\/posts\/13346","targetHints":{"allow":["GET"]}}],"collection":[{"href":"https:\/\/diarioprincipios.com\/index.php\/wp-json\/wp\/v2\/posts"}],"about":[{"href":"https:\/\/diarioprincipios.com\/index.php\/wp-json\/wp\/v2\/types\/post"}],"author":[{"embeddable":true,"href":"https:\/\/diarioprincipios.com\/index.php\/wp-json\/wp\/v2\/users\/2"}],"replies":[{"embeddable":true,"href":"https:\/\/diarioprincipios.com\/index.php\/wp-json\/wp\/v2\/comments?post=13346"}],"version-history":[{"count":1,"href":"https:\/\/diarioprincipios.com\/index.php\/wp-json\/wp\/v2\/posts\/13346\/revisions"}],"predecessor-version":[{"id":13352,"href":"https:\/\/diarioprincipios.com\/index.php\/wp-json\/wp\/v2\/posts\/13346\/revisions\/13352"}],"wp:featuredmedia":[{"embeddable":true,"href":"https:\/\/diarioprincipios.com\/index.php\/wp-json\/wp\/v2\/media\/13351"}],"wp:attachment":[{"href":"https:\/\/diarioprincipios.com\/index.php\/wp-json\/wp\/v2\/media?parent=13346"}],"wp:term":[{"taxonomy":"category","embeddable":true,"href":"https:\/\/diarioprincipios.com\/index.php\/wp-json\/wp\/v2\/categories?post=13346"},{"taxonomy":"post_tag","embeddable":true,"href":"https:\/\/diarioprincipios.com\/index.php\/wp-json\/wp\/v2\/tags?post=13346"}],"curies":[{"name":"wp","href":"https:\/\/api.w.org\/{rel}","templated":true}]}}