{"id":13340,"date":"2022-04-11T21:29:27","date_gmt":"2022-04-12T00:29:27","guid":{"rendered":"http:\/\/diarioprincipios.com\/?p=13340"},"modified":"2022-04-11T21:29:34","modified_gmt":"2022-04-12T00:29:34","slug":"nuevas-jornadas-de-trabajo-en-escuelas-de-berazategui-2","status":"publish","type":"post","link":"https:\/\/diarioprincipios.com\/index.php\/2022\/04\/11\/nuevas-jornadas-de-trabajo-en-escuelas-de-berazategui-2\/","title":{"rendered":"Nuevas Jornadas de Trabajo en Escuelas de Berazategui"},"content":{"rendered":"\n<p><strong>El s\u00e1bado 9 de abril, consejeros escolares, docentes, padres y beneficiarios del Programa Potenciar Trabajo realizaron jornadas para pintar los establecimientos de las Escuelas Primarias N\u00b0 25 y N\u00b0 41, adem\u00e1s del Jard\u00edn de Infantes N\u00b0 904. El intendente de Berazategui, Juan Jos\u00e9 Mussi, visit\u00f3 cada una de las instituciones para recorrerlas y conversar con sus autoridades.<\/strong><\/p>\n\n\n\n<figure class=\"wp-block-image size-large\"><img loading=\"lazy\" decoding=\"async\" width=\"1024\" height=\"682\" src=\"https:\/\/diarioprincipios.com\/wp-content\/uploads\/2022\/04\/NUEVAS-JORNADAS-DE-TRABAJO-EN-ESCUELAS-DE-BERAZATEGUI-5-1024x682.jpeg\" alt=\"\" class=\"wp-image-13341\" srcset=\"https:\/\/diarioprincipios.com\/wp-content\/uploads\/2022\/04\/NUEVAS-JORNADAS-DE-TRABAJO-EN-ESCUELAS-DE-BERAZATEGUI-5-1024x682.jpeg 1024w, https:\/\/diarioprincipios.com\/wp-content\/uploads\/2022\/04\/NUEVAS-JORNADAS-DE-TRABAJO-EN-ESCUELAS-DE-BERAZATEGUI-5-300x200.jpeg 300w, https:\/\/diarioprincipios.com\/wp-content\/uploads\/2022\/04\/NUEVAS-JORNADAS-DE-TRABAJO-EN-ESCUELAS-DE-BERAZATEGUI-5-768x512.jpeg 768w, https:\/\/diarioprincipios.com\/wp-content\/uploads\/2022\/04\/NUEVAS-JORNADAS-DE-TRABAJO-EN-ESCUELAS-DE-BERAZATEGUI-5.jpeg 1280w\" sizes=\"auto, (max-width: 1024px) 100vw, 1024px\" \/><\/figure>\n\n\n\n<p>Sobre la jornada en la Primaria N\u00b0 41, Sandra Molina -directora del establecimiento- destac\u00f3: \u201cEsto es bell\u00edsimo est\u00e9ticamente para la Escuela pero tambi\u00e9n se trata de crear lazos con el barrio porque estamos todos trabajando por el mismo proyecto: que la Escuela est\u00e9 linda. Estamos muy contentos\u201d.<\/p>\n\n\n\n<p>Por su parte, la directora del Jard\u00edn N\u00b0 904, Marcela Miranda, se\u00f1al\u00f3: \u201cLa nuestra es una instituci\u00f3n muy importante para el barrio, con una gran trayectoria ya que el mes que viene cumplimos 50 a\u00f1os. Hoy asisten ni\u00f1os que son nietos y nietas de ex alumnos as\u00ed que hay un gran sentido de pertenencia\u201d.<\/p>\n\n\n\n<figure class=\"wp-block-image size-large\"><img loading=\"lazy\" decoding=\"async\" width=\"1024\" height=\"683\" src=\"https:\/\/diarioprincipios.com\/wp-content\/uploads\/2022\/04\/NUEVAS-JORNADAS-DE-TRABAJO-EN-ESCUELAS-DE-BERAZATEGUI-7-1024x683.jpg\" alt=\"\" class=\"wp-image-13342\" srcset=\"https:\/\/diarioprincipios.com\/wp-content\/uploads\/2022\/04\/NUEVAS-JORNADAS-DE-TRABAJO-EN-ESCUELAS-DE-BERAZATEGUI-7-1024x683.jpg 1024w, https:\/\/diarioprincipios.com\/wp-content\/uploads\/2022\/04\/NUEVAS-JORNADAS-DE-TRABAJO-EN-ESCUELAS-DE-BERAZATEGUI-7-300x200.jpg 300w, https:\/\/diarioprincipios.com\/wp-content\/uploads\/2022\/04\/NUEVAS-JORNADAS-DE-TRABAJO-EN-ESCUELAS-DE-BERAZATEGUI-7-768x512.jpg 768w, https:\/\/diarioprincipios.com\/wp-content\/uploads\/2022\/04\/NUEVAS-JORNADAS-DE-TRABAJO-EN-ESCUELAS-DE-BERAZATEGUI-7-1536x1024.jpg 1536w, https:\/\/diarioprincipios.com\/wp-content\/uploads\/2022\/04\/NUEVAS-JORNADAS-DE-TRABAJO-EN-ESCUELAS-DE-BERAZATEGUI-7.jpg 1920w\" sizes=\"auto, (max-width: 1024px) 100vw, 1024px\" \/><\/figure>\n\n\n\n<p>Acompa\u00f1aron al Intendente, la titular de la Secretar\u00eda Privada, Mar\u00eda Del Carmen Flores; la secretaria de Desarrollo Social y Comunitario, Recreaci\u00f3n, Turismo y Deportes, Mar\u00eda Laura Lacava; el secretario de Cultura y Educaci\u00f3n, Federico L\u00f3pez; el secretario de Servicios P\u00fablicos, Sergio Faccenda; y el presidente del Consejo Escolar, Fernando Cardozo; entre otras autoridades.<\/p>\n\n\n\n<figure class=\"wp-block-image size-large\"><img loading=\"lazy\" decoding=\"async\" width=\"1024\" height=\"683\" src=\"https:\/\/diarioprincipios.com\/wp-content\/uploads\/2022\/04\/NUEVAS-JORNADAS-DE-TRABAJO-EN-ESCUELAS-DE-BERAZATEGUI-6-1024x683.jpg\" alt=\"\" class=\"wp-image-13343\" srcset=\"https:\/\/diarioprincipios.com\/wp-content\/uploads\/2022\/04\/NUEVAS-JORNADAS-DE-TRABAJO-EN-ESCUELAS-DE-BERAZATEGUI-6-1024x683.jpg 1024w, https:\/\/diarioprincipios.com\/wp-content\/uploads\/2022\/04\/NUEVAS-JORNADAS-DE-TRABAJO-EN-ESCUELAS-DE-BERAZATEGUI-6-300x200.jpg 300w, https:\/\/diarioprincipios.com\/wp-content\/uploads\/2022\/04\/NUEVAS-JORNADAS-DE-TRABAJO-EN-ESCUELAS-DE-BERAZATEGUI-6-768x512.jpg 768w, https:\/\/diarioprincipios.com\/wp-content\/uploads\/2022\/04\/NUEVAS-JORNADAS-DE-TRABAJO-EN-ESCUELAS-DE-BERAZATEGUI-6-1536x1024.jpg 1536w, https:\/\/diarioprincipios.com\/wp-content\/uploads\/2022\/04\/NUEVAS-JORNADAS-DE-TRABAJO-EN-ESCUELAS-DE-BERAZATEGUI-6.jpg 1920w\" sizes=\"auto, (max-width: 1024px) 100vw, 1024px\" \/><\/figure>\n","protected":false},"excerpt":{"rendered":"<p>El s\u00e1bado 9 de abril, consejeros escolares, docentes, padres y beneficiarios del Programa Potenciar Trabajo realizaron jornadas para pintar los establecimientos de las Escuelas Primarias N\u00b0 25 y N\u00b0 41, adem\u00e1s del Jard\u00edn de Infantes N\u00b0 904. El intendente de Berazategui, Juan Jos\u00e9 Mussi, visit\u00f3 cada una de las instituciones para recorrerlas y conversar con&#8230;<\/p>\n","protected":false},"author":2,"featured_media":13344,"comment_status":"open","ping_status":"open","sticky":false,"template":"","format":"standard","meta":{"footnotes":""},"categories":[3],"tags":[],"class_list":["post-13340","post","type-post","status-publish","format-standard","has-post-thumbnail","hentry","category-berazategui"],"featured_image_src":"https:\/\/diarioprincipios.com\/wp-content\/uploads\/2022\/04\/NUEVAS-JORNADAS-DE-TRABAJO-EN-ESCUELAS-DE-BERAZATEGUI-8-1024x682.jpeg","blog_images":{"medium":"https:\/\/diarioprincipios.com\/wp-content\/uploads\/2022\/04\/NUEVAS-JORNADAS-DE-TRABAJO-EN-ESCUELAS-DE-BERAZATEGUI-8-300x200.jpeg","large":"https:\/\/diarioprincipios.com\/wp-content\/uploads\/2022\/04\/NUEVAS-JORNADAS-DE-TRABAJO-EN-ESCUELAS-DE-BERAZATEGUI-8-1024x682.jpeg"},"ams_acf":[],"yoast_head":"<!-- This site is optimized with the Yoast SEO plugin v27.3 - https:\/\/yoast.com\/product\/yoast-seo-wordpress\/ -->\n<title>Nuevas Jornadas de Trabajo en Escuelas de Berazategui - Principios<\/title>\n<meta name=\"robots\" content=\"index, follow, max-snippet:-1, max-image-preview:large, max-video-preview:-1\" \/>\n<link rel=\"canonical\" href=\"https:\/\/diarioprincipios.com\/index.php\/2022\/04\/11\/nuevas-jornadas-de-trabajo-en-escuelas-de-berazategui-2\/\" \/>\n<meta property=\"og:locale\" content=\"es_ES\" \/>\n<meta property=\"og:type\" content=\"article\" \/>\n<meta property=\"og:title\" content=\"Nuevas Jornadas de Trabajo en Escuelas de Berazategui - Principios\" \/>\n<meta property=\"og:description\" content=\"El s\u00e1bado 9 de abril, consejeros escolares, docentes, padres y beneficiarios del Programa Potenciar Trabajo realizaron jornadas para pintar los establecimientos de las Escuelas Primarias N\u00b0 25 y N\u00b0 41, adem\u00e1s del Jard\u00edn de Infantes N\u00b0 904. El intendente de Berazategui, Juan Jos\u00e9 Mussi, visit\u00f3 cada una de las instituciones para recorrerlas y conversar con...\" \/>\n<meta property=\"og:url\" content=\"https:\/\/diarioprincipios.com\/index.php\/2022\/04\/11\/nuevas-jornadas-de-trabajo-en-escuelas-de-berazategui-2\/\" \/>\n<meta property=\"og:site_name\" content=\"Principios\" \/>\n<meta property=\"article:published_time\" content=\"2022-04-12T00:29:27+00:00\" \/>\n<meta property=\"article:modified_time\" content=\"2022-04-12T00:29:34+00:00\" \/>\n<meta property=\"og:image\" content=\"https:\/\/diarioprincipios.com\/wp-content\/uploads\/2022\/04\/NUEVAS-JORNADAS-DE-TRABAJO-EN-ESCUELAS-DE-BERAZATEGUI-8.jpeg\" \/>\n\t<meta property=\"og:image:width\" content=\"1280\" \/>\n\t<meta property=\"og:image:height\" content=\"853\" \/>\n\t<meta property=\"og:image:type\" content=\"image\/jpeg\" \/>\n<meta name=\"author\" content=\"Hern\u00e1n L\u00f3pez\" \/>\n<meta name=\"twitter:card\" content=\"summary_large_image\" \/>\n<meta name=\"twitter:label1\" content=\"Escrito por\" \/>\n\t<meta name=\"twitter:data1\" content=\"Hern\u00e1n L\u00f3pez\" \/>\n\t<meta name=\"twitter:label2\" content=\"Tiempo de lectura\" \/>\n\t<meta name=\"twitter:data2\" content=\"2 minutos\" \/>\n<script type=\"application\/ld+json\" class=\"yoast-schema-graph\">{\"@context\":\"https:\\\/\\\/schema.org\",\"@graph\":[{\"@type\":\"Article\",\"@id\":\"https:\\\/\\\/diarioprincipios.com\\\/index.php\\\/2022\\\/04\\\/11\\\/nuevas-jornadas-de-trabajo-en-escuelas-de-berazategui-2\\\/#article\",\"isPartOf\":{\"@id\":\"https:\\\/\\\/diarioprincipios.com\\\/index.php\\\/2022\\\/04\\\/11\\\/nuevas-jornadas-de-trabajo-en-escuelas-de-berazategui-2\\\/\"},\"author\":{\"name\":\"Hern\u00e1n L\u00f3pez\",\"@id\":\"https:\\\/\\\/diarioprincipios.com\\\/#\\\/schema\\\/person\\\/436d5a1fd41a5e250e23ff5a6a7cb080\"},\"headline\":\"Nuevas Jornadas de Trabajo en Escuelas de Berazategui\",\"datePublished\":\"2022-04-12T00:29:27+00:00\",\"dateModified\":\"2022-04-12T00:29:34+00:00\",\"mainEntityOfPage\":{\"@id\":\"https:\\\/\\\/diarioprincipios.com\\\/index.php\\\/2022\\\/04\\\/11\\\/nuevas-jornadas-de-trabajo-en-escuelas-de-berazategui-2\\\/\"},\"wordCount\":231,\"commentCount\":0,\"publisher\":{\"@id\":\"https:\\\/\\\/diarioprincipios.com\\\/#organization\"},\"image\":{\"@id\":\"https:\\\/\\\/diarioprincipios.com\\\/index.php\\\/2022\\\/04\\\/11\\\/nuevas-jornadas-de-trabajo-en-escuelas-de-berazategui-2\\\/#primaryimage\"},\"thumbnailUrl\":\"https:\\\/\\\/diarioprincipios.com\\\/wp-content\\\/uploads\\\/2022\\\/04\\\/NUEVAS-JORNADAS-DE-TRABAJO-EN-ESCUELAS-DE-BERAZATEGUI-8.jpeg\",\"articleSection\":[\"Berazategui\"],\"inLanguage\":\"es\",\"potentialAction\":[{\"@type\":\"CommentAction\",\"name\":\"Comment\",\"target\":[\"https:\\\/\\\/diarioprincipios.com\\\/index.php\\\/2022\\\/04\\\/11\\\/nuevas-jornadas-de-trabajo-en-escuelas-de-berazategui-2\\\/#respond\"]}]},{\"@type\":\"WebPage\",\"@id\":\"https:\\\/\\\/diarioprincipios.com\\\/index.php\\\/2022\\\/04\\\/11\\\/nuevas-jornadas-de-trabajo-en-escuelas-de-berazategui-2\\\/\",\"url\":\"https:\\\/\\\/diarioprincipios.com\\\/index.php\\\/2022\\\/04\\\/11\\\/nuevas-jornadas-de-trabajo-en-escuelas-de-berazategui-2\\\/\",\"name\":\"Nuevas Jornadas de Trabajo en Escuelas de Berazategui - Principios\",\"isPartOf\":{\"@id\":\"https:\\\/\\\/diarioprincipios.com\\\/#website\"},\"primaryImageOfPage\":{\"@id\":\"https:\\\/\\\/diarioprincipios.com\\\/index.php\\\/2022\\\/04\\\/11\\\/nuevas-jornadas-de-trabajo-en-escuelas-de-berazategui-2\\\/#primaryimage\"},\"image\":{\"@id\":\"https:\\\/\\\/diarioprincipios.com\\\/index.php\\\/2022\\\/04\\\/11\\\/nuevas-jornadas-de-trabajo-en-escuelas-de-berazategui-2\\\/#primaryimage\"},\"thumbnailUrl\":\"https:\\\/\\\/diarioprincipios.com\\\/wp-content\\\/uploads\\\/2022\\\/04\\\/NUEVAS-JORNADAS-DE-TRABAJO-EN-ESCUELAS-DE-BERAZATEGUI-8.jpeg\",\"datePublished\":\"2022-04-12T00:29:27+00:00\",\"dateModified\":\"2022-04-12T00:29:34+00:00\",\"breadcrumb\":{\"@id\":\"https:\\\/\\\/diarioprincipios.com\\\/index.php\\\/2022\\\/04\\\/11\\\/nuevas-jornadas-de-trabajo-en-escuelas-de-berazategui-2\\\/#breadcrumb\"},\"inLanguage\":\"es\",\"potentialAction\":[{\"@type\":\"ReadAction\",\"target\":[\"https:\\\/\\\/diarioprincipios.com\\\/index.php\\\/2022\\\/04\\\/11\\\/nuevas-jornadas-de-trabajo-en-escuelas-de-berazategui-2\\\/\"]}]},{\"@type\":\"ImageObject\",\"inLanguage\":\"es\",\"@id\":\"https:\\\/\\\/diarioprincipios.com\\\/index.php\\\/2022\\\/04\\\/11\\\/nuevas-jornadas-de-trabajo-en-escuelas-de-berazategui-2\\\/#primaryimage\",\"url\":\"https:\\\/\\\/diarioprincipios.com\\\/wp-content\\\/uploads\\\/2022\\\/04\\\/NUEVAS-JORNADAS-DE-TRABAJO-EN-ESCUELAS-DE-BERAZATEGUI-8.jpeg\",\"contentUrl\":\"https:\\\/\\\/diarioprincipios.com\\\/wp-content\\\/uploads\\\/2022\\\/04\\\/NUEVAS-JORNADAS-DE-TRABAJO-EN-ESCUELAS-DE-BERAZATEGUI-8.jpeg\",\"width\":1280,\"height\":853},{\"@type\":\"BreadcrumbList\",\"@id\":\"https:\\\/\\\/diarioprincipios.com\\\/index.php\\\/2022\\\/04\\\/11\\\/nuevas-jornadas-de-trabajo-en-escuelas-de-berazategui-2\\\/#breadcrumb\",\"itemListElement\":[{\"@type\":\"ListItem\",\"position\":1,\"name\":\"Portada\",\"item\":\"https:\\\/\\\/diarioprincipios.com\\\/\"},{\"@type\":\"ListItem\",\"position\":2,\"name\":\"Nuevas Jornadas de Trabajo en Escuelas de Berazategui\"}]},{\"@type\":\"WebSite\",\"@id\":\"https:\\\/\\\/diarioprincipios.com\\\/#website\",\"url\":\"https:\\\/\\\/diarioprincipios.com\\\/\",\"name\":\"Principios\",\"description\":\"Principios Diario\",\"publisher\":{\"@id\":\"https:\\\/\\\/diarioprincipios.com\\\/#organization\"},\"potentialAction\":[{\"@type\":\"SearchAction\",\"target\":{\"@type\":\"EntryPoint\",\"urlTemplate\":\"https:\\\/\\\/diarioprincipios.com\\\/?s={search_term_string}\"},\"query-input\":{\"@type\":\"PropertyValueSpecification\",\"valueRequired\":true,\"valueName\":\"search_term_string\"}}],\"inLanguage\":\"es\"},{\"@type\":\"Organization\",\"@id\":\"https:\\\/\\\/diarioprincipios.com\\\/#organization\",\"name\":\"Principios\",\"url\":\"https:\\\/\\\/diarioprincipios.com\\\/\",\"logo\":{\"@type\":\"ImageObject\",\"inLanguage\":\"es\",\"@id\":\"https:\\\/\\\/diarioprincipios.com\\\/#\\\/schema\\\/logo\\\/image\\\/\",\"url\":\"https:\\\/\\\/diarioprincipios.com\\\/wp-content\\\/uploads\\\/2024\\\/04\\\/cropped-www.diarioprincipios.com_-1.png\",\"contentUrl\":\"https:\\\/\\\/diarioprincipios.com\\\/wp-content\\\/uploads\\\/2024\\\/04\\\/cropped-www.diarioprincipios.com_-1.png\",\"width\":5325,\"height\":1454,\"caption\":\"Principios\"},\"image\":{\"@id\":\"https:\\\/\\\/diarioprincipios.com\\\/#\\\/schema\\\/logo\\\/image\\\/\"}},{\"@type\":\"Person\",\"@id\":\"https:\\\/\\\/diarioprincipios.com\\\/#\\\/schema\\\/person\\\/436d5a1fd41a5e250e23ff5a6a7cb080\",\"name\":\"Hern\u00e1n L\u00f3pez\",\"image\":{\"@type\":\"ImageObject\",\"inLanguage\":\"es\",\"@id\":\"https:\\\/\\\/diarioprincipios.com\\\/wp-content\\\/litespeed\\\/avatar\\\/11ddfe5610ff3bd100522525b2571f48.jpg?ver=1777048341\",\"url\":\"https:\\\/\\\/diarioprincipios.com\\\/wp-content\\\/litespeed\\\/avatar\\\/11ddfe5610ff3bd100522525b2571f48.jpg?ver=1777048341\",\"contentUrl\":\"https:\\\/\\\/diarioprincipios.com\\\/wp-content\\\/litespeed\\\/avatar\\\/11ddfe5610ff3bd100522525b2571f48.jpg?ver=1777048341\",\"caption\":\"Hern\u00e1n L\u00f3pez\"},\"url\":\"https:\\\/\\\/diarioprincipios.com\\\/index.php\\\/author\\\/hernan\\\/\"}]}<\/script>\n<!-- \/ Yoast SEO plugin. -->","yoast_head_json":{"title":"Nuevas Jornadas de Trabajo en Escuelas de Berazategui - Principios","robots":{"index":"index","follow":"follow","max-snippet":"max-snippet:-1","max-image-preview":"max-image-preview:large","max-video-preview":"max-video-preview:-1"},"canonical":"https:\/\/diarioprincipios.com\/index.php\/2022\/04\/11\/nuevas-jornadas-de-trabajo-en-escuelas-de-berazategui-2\/","og_locale":"es_ES","og_type":"article","og_title":"Nuevas Jornadas de Trabajo en Escuelas de Berazategui - Principios","og_description":"El s\u00e1bado 9 de abril, consejeros escolares, docentes, padres y beneficiarios del Programa Potenciar Trabajo realizaron jornadas para pintar los establecimientos de las Escuelas Primarias N\u00b0 25 y N\u00b0 41, adem\u00e1s del Jard\u00edn de Infantes N\u00b0 904. El intendente de Berazategui, Juan Jos\u00e9 Mussi, visit\u00f3 cada una de las instituciones para recorrerlas y conversar con...","og_url":"https:\/\/diarioprincipios.com\/index.php\/2022\/04\/11\/nuevas-jornadas-de-trabajo-en-escuelas-de-berazategui-2\/","og_site_name":"Principios","article_published_time":"2022-04-12T00:29:27+00:00","article_modified_time":"2022-04-12T00:29:34+00:00","og_image":[{"width":1280,"height":853,"url":"https:\/\/diarioprincipios.com\/wp-content\/uploads\/2022\/04\/NUEVAS-JORNADAS-DE-TRABAJO-EN-ESCUELAS-DE-BERAZATEGUI-8.jpeg","type":"image\/jpeg"}],"author":"Hern\u00e1n L\u00f3pez","twitter_card":"summary_large_image","twitter_misc":{"Escrito por":"Hern\u00e1n L\u00f3pez","Tiempo de lectura":"2 minutos"},"schema":{"@context":"https:\/\/schema.org","@graph":[{"@type":"Article","@id":"https:\/\/diarioprincipios.com\/index.php\/2022\/04\/11\/nuevas-jornadas-de-trabajo-en-escuelas-de-berazategui-2\/#article","isPartOf":{"@id":"https:\/\/diarioprincipios.com\/index.php\/2022\/04\/11\/nuevas-jornadas-de-trabajo-en-escuelas-de-berazategui-2\/"},"author":{"name":"Hern\u00e1n L\u00f3pez","@id":"https:\/\/diarioprincipios.com\/#\/schema\/person\/436d5a1fd41a5e250e23ff5a6a7cb080"},"headline":"Nuevas Jornadas de Trabajo en Escuelas de Berazategui","datePublished":"2022-04-12T00:29:27+00:00","dateModified":"2022-04-12T00:29:34+00:00","mainEntityOfPage":{"@id":"https:\/\/diarioprincipios.com\/index.php\/2022\/04\/11\/nuevas-jornadas-de-trabajo-en-escuelas-de-berazategui-2\/"},"wordCount":231,"commentCount":0,"publisher":{"@id":"https:\/\/diarioprincipios.com\/#organization"},"image":{"@id":"https:\/\/diarioprincipios.com\/index.php\/2022\/04\/11\/nuevas-jornadas-de-trabajo-en-escuelas-de-berazategui-2\/#primaryimage"},"thumbnailUrl":"https:\/\/diarioprincipios.com\/wp-content\/uploads\/2022\/04\/NUEVAS-JORNADAS-DE-TRABAJO-EN-ESCUELAS-DE-BERAZATEGUI-8.jpeg","articleSection":["Berazategui"],"inLanguage":"es","potentialAction":[{"@type":"CommentAction","name":"Comment","target":["https:\/\/diarioprincipios.com\/index.php\/2022\/04\/11\/nuevas-jornadas-de-trabajo-en-escuelas-de-berazategui-2\/#respond"]}]},{"@type":"WebPage","@id":"https:\/\/diarioprincipios.com\/index.php\/2022\/04\/11\/nuevas-jornadas-de-trabajo-en-escuelas-de-berazategui-2\/","url":"https:\/\/diarioprincipios.com\/index.php\/2022\/04\/11\/nuevas-jornadas-de-trabajo-en-escuelas-de-berazategui-2\/","name":"Nuevas Jornadas de Trabajo en Escuelas de Berazategui - Principios","isPartOf":{"@id":"https:\/\/diarioprincipios.com\/#website"},"primaryImageOfPage":{"@id":"https:\/\/diarioprincipios.com\/index.php\/2022\/04\/11\/nuevas-jornadas-de-trabajo-en-escuelas-de-berazategui-2\/#primaryimage"},"image":{"@id":"https:\/\/diarioprincipios.com\/index.php\/2022\/04\/11\/nuevas-jornadas-de-trabajo-en-escuelas-de-berazategui-2\/#primaryimage"},"thumbnailUrl":"https:\/\/diarioprincipios.com\/wp-content\/uploads\/2022\/04\/NUEVAS-JORNADAS-DE-TRABAJO-EN-ESCUELAS-DE-BERAZATEGUI-8.jpeg","datePublished":"2022-04-12T00:29:27+00:00","dateModified":"2022-04-12T00:29:34+00:00","breadcrumb":{"@id":"https:\/\/diarioprincipios.com\/index.php\/2022\/04\/11\/nuevas-jornadas-de-trabajo-en-escuelas-de-berazategui-2\/#breadcrumb"},"inLanguage":"es","potentialAction":[{"@type":"ReadAction","target":["https:\/\/diarioprincipios.com\/index.php\/2022\/04\/11\/nuevas-jornadas-de-trabajo-en-escuelas-de-berazategui-2\/"]}]},{"@type":"ImageObject","inLanguage":"es","@id":"https:\/\/diarioprincipios.com\/index.php\/2022\/04\/11\/nuevas-jornadas-de-trabajo-en-escuelas-de-berazategui-2\/#primaryimage","url":"https:\/\/diarioprincipios.com\/wp-content\/uploads\/2022\/04\/NUEVAS-JORNADAS-DE-TRABAJO-EN-ESCUELAS-DE-BERAZATEGUI-8.jpeg","contentUrl":"https:\/\/diarioprincipios.com\/wp-content\/uploads\/2022\/04\/NUEVAS-JORNADAS-DE-TRABAJO-EN-ESCUELAS-DE-BERAZATEGUI-8.jpeg","width":1280,"height":853},{"@type":"BreadcrumbList","@id":"https:\/\/diarioprincipios.com\/index.php\/2022\/04\/11\/nuevas-jornadas-de-trabajo-en-escuelas-de-berazategui-2\/#breadcrumb","itemListElement":[{"@type":"ListItem","position":1,"name":"Portada","item":"https:\/\/diarioprincipios.com\/"},{"@type":"ListItem","position":2,"name":"Nuevas Jornadas de Trabajo en Escuelas de Berazategui"}]},{"@type":"WebSite","@id":"https:\/\/diarioprincipios.com\/#website","url":"https:\/\/diarioprincipios.com\/","name":"Principios","description":"Principios Diario","publisher":{"@id":"https:\/\/diarioprincipios.com\/#organization"},"potentialAction":[{"@type":"SearchAction","target":{"@type":"EntryPoint","urlTemplate":"https:\/\/diarioprincipios.com\/?s={search_term_string}"},"query-input":{"@type":"PropertyValueSpecification","valueRequired":true,"valueName":"search_term_string"}}],"inLanguage":"es"},{"@type":"Organization","@id":"https:\/\/diarioprincipios.com\/#organization","name":"Principios","url":"https:\/\/diarioprincipios.com\/","logo":{"@type":"ImageObject","inLanguage":"es","@id":"https:\/\/diarioprincipios.com\/#\/schema\/logo\/image\/","url":"https:\/\/diarioprincipios.com\/wp-content\/uploads\/2024\/04\/cropped-www.diarioprincipios.com_-1.png","contentUrl":"https:\/\/diarioprincipios.com\/wp-content\/uploads\/2024\/04\/cropped-www.diarioprincipios.com_-1.png","width":5325,"height":1454,"caption":"Principios"},"image":{"@id":"https:\/\/diarioprincipios.com\/#\/schema\/logo\/image\/"}},{"@type":"Person","@id":"https:\/\/diarioprincipios.com\/#\/schema\/person\/436d5a1fd41a5e250e23ff5a6a7cb080","name":"Hern\u00e1n L\u00f3pez","image":{"@type":"ImageObject","inLanguage":"es","@id":"https:\/\/diarioprincipios.com\/wp-content\/litespeed\/avatar\/11ddfe5610ff3bd100522525b2571f48.jpg?ver=1777048341","url":"https:\/\/diarioprincipios.com\/wp-content\/litespeed\/avatar\/11ddfe5610ff3bd100522525b2571f48.jpg?ver=1777048341","contentUrl":"https:\/\/diarioprincipios.com\/wp-content\/litespeed\/avatar\/11ddfe5610ff3bd100522525b2571f48.jpg?ver=1777048341","caption":"Hern\u00e1n L\u00f3pez"},"url":"https:\/\/diarioprincipios.com\/index.php\/author\/hernan\/"}]}},"jetpack_featured_media_url":"https:\/\/diarioprincipios.com\/wp-content\/uploads\/2022\/04\/NUEVAS-JORNADAS-DE-TRABAJO-EN-ESCUELAS-DE-BERAZATEGUI-8.jpeg","_links":{"self":[{"href":"https:\/\/diarioprincipios.com\/index.php\/wp-json\/wp\/v2\/posts\/13340","targetHints":{"allow":["GET"]}}],"collection":[{"href":"https:\/\/diarioprincipios.com\/index.php\/wp-json\/wp\/v2\/posts"}],"about":[{"href":"https:\/\/diarioprincipios.com\/index.php\/wp-json\/wp\/v2\/types\/post"}],"author":[{"embeddable":true,"href":"https:\/\/diarioprincipios.com\/index.php\/wp-json\/wp\/v2\/users\/2"}],"replies":[{"embeddable":true,"href":"https:\/\/diarioprincipios.com\/index.php\/wp-json\/wp\/v2\/comments?post=13340"}],"version-history":[{"count":1,"href":"https:\/\/diarioprincipios.com\/index.php\/wp-json\/wp\/v2\/posts\/13340\/revisions"}],"predecessor-version":[{"id":13345,"href":"https:\/\/diarioprincipios.com\/index.php\/wp-json\/wp\/v2\/posts\/13340\/revisions\/13345"}],"wp:featuredmedia":[{"embeddable":true,"href":"https:\/\/diarioprincipios.com\/index.php\/wp-json\/wp\/v2\/media\/13344"}],"wp:attachment":[{"href":"https:\/\/diarioprincipios.com\/index.php\/wp-json\/wp\/v2\/media?parent=13340"}],"wp:term":[{"taxonomy":"category","embeddable":true,"href":"https:\/\/diarioprincipios.com\/index.php\/wp-json\/wp\/v2\/categories?post=13340"},{"taxonomy":"post_tag","embeddable":true,"href":"https:\/\/diarioprincipios.com\/index.php\/wp-json\/wp\/v2\/tags?post=13340"}],"curies":[{"name":"wp","href":"https:\/\/api.w.org\/{rel}","templated":true}]}}