{"id":13337,"date":"2022-04-11T21:18:09","date_gmt":"2022-04-12T00:18:09","guid":{"rendered":"http:\/\/diarioprincipios.com\/?p=13337"},"modified":"2022-04-11T21:18:17","modified_gmt":"2022-04-12T00:18:17","slug":"el-frente-de-todos-de-avellaneda-apoyo-proyecto-para-pagar-deuda-al-fmi-con-el-dinero-fugado","status":"publish","type":"post","link":"https:\/\/diarioprincipios.com\/index.php\/2022\/04\/11\/el-frente-de-todos-de-avellaneda-apoyo-proyecto-para-pagar-deuda-al-fmi-con-el-dinero-fugado\/","title":{"rendered":"El Frente de Todos de Avellaneda apoy\u00f3 proyecto para pagar deuda al FMI con el dinero fugado"},"content":{"rendered":"\n<p><strong>CARTA ABIERTA AL PUEBLO DE LA NACI\u00d3N ARGENTINA Y ESPECIALMENTE AL AVELLANEDENSE<\/strong><\/p>\n\n\n\n<p><strong>EL FRENTE DE TODOS DE AVELLANEDA, RESPALDA SIN CONDICIONAMIENTOS EL PROYECTO DE LEY PRESENTADO POR EL BLOQUE DE SENADORES DEL FRENTE DE TODOS, A TRAV\u00c9S DEL CUAL SE PROPONE PAGAR LA DEUDA CON EL FMI USANDO LOS FONDOS EN D\u00d3LARES QUE FUERON FUGADOS<\/strong><\/p>\n\n\n\n<p>El bloque de senadores nacionales del Frente de Todos present\u00f3 un proyecto de Ley que apunta a que todos aquellos que tengan bienes en el exterior que no hayan sido declarados realicen un aporte excepcional para pagar la deuda con el FMI (la cual supera los 30 mil millones de d\u00f3lares).<\/p>\n\n\n\n<p>De este modo, la Argentina podr\u00e1 cumplir con las exigencias de pago, usando el dinero fugado y sin que eso signifique perdida de la independencia econ\u00f3mica.<\/p>\n\n\n\n<p>Desde nuestra ciudad respaldamos la creaci\u00f3n de este Fondo, que permitir\u00e1 la cancelaci\u00f3n de la deuda inmoral tomada por el gobierno de Mauricio Macri con el objetivo de perpetuarse en el poder.<\/p>\n\n\n\n<p>Asimismo, tambi\u00e9n respaldamos el proyecto que buscar\u00e1 la modificaci\u00f3n de las excepciones al secreto bancario, burs\u00e1til y fiscal.&nbsp; Los alcanzados por este proyecto deber\u00e1n realizar un aporte de entre el 20 y 35 % de sus bienes no declarados y abonarlo en d\u00f3lares, seg\u00fan el tiempo en que los declaren.<\/p>\n\n\n\n<p>El Frente de Todos de Avellaneda apoya este proyecto de ley e invitamos a todo el Pueblo sin importar su ideolog\u00eda, a respaldarlo del mismo modo, para que la deuda la paguen los que se beneficiaron con ella y no el pueblo trabajador argentino.<\/p>\n\n\n\n<p>Por un pa\u00eds libre de evasores.<\/p>\n\n\n\n<p>Por un pa\u00eds libre de deuda, independiente econ\u00f3micamente y soberano.<\/p>\n","protected":false},"excerpt":{"rendered":"<p>CARTA ABIERTA AL PUEBLO DE LA NACI\u00d3N ARGENTINA Y ESPECIALMENTE AL AVELLANEDENSE EL FRENTE DE TODOS DE AVELLANEDA, RESPALDA SIN CONDICIONAMIENTOS EL PROYECTO DE LEY PRESENTADO POR EL BLOQUE DE SENADORES DEL FRENTE DE TODOS, A TRAV\u00c9S DEL CUAL SE PROPONE PAGAR LA DEUDA CON EL FMI USANDO LOS FONDOS EN D\u00d3LARES QUE FUERON FUGADOS&#8230;<\/p>\n","protected":false},"author":2,"featured_media":13338,"comment_status":"open","ping_status":"open","sticky":false,"template":"","format":"standard","meta":{"footnotes":""},"categories":[5],"tags":[],"class_list":["post-13337","post","type-post","status-publish","format-standard","has-post-thumbnail","hentry","category-avellaneda"],"featured_image_src":"https:\/\/diarioprincipios.com\/wp-content\/uploads\/2022\/04\/frente-de-todos-678x381-1.png","blog_images":{"medium":"https:\/\/diarioprincipios.com\/wp-content\/uploads\/2022\/04\/frente-de-todos-678x381-1-300x169.png","large":"https:\/\/diarioprincipios.com\/wp-content\/uploads\/2022\/04\/frente-de-todos-678x381-1.png"},"ams_acf":[],"yoast_head":"<!-- This site is optimized with the Yoast SEO plugin v27.3 - https:\/\/yoast.com\/product\/yoast-seo-wordpress\/ -->\n<title>El Frente de Todos de Avellaneda apoy\u00f3 proyecto para pagar deuda al FMI con el dinero fugado - Principios<\/title>\n<meta name=\"robots\" content=\"index, follow, max-snippet:-1, max-image-preview:large, max-video-preview:-1\" \/>\n<link rel=\"canonical\" href=\"https:\/\/diarioprincipios.com\/index.php\/2022\/04\/11\/el-frente-de-todos-de-avellaneda-apoyo-proyecto-para-pagar-deuda-al-fmi-con-el-dinero-fugado\/\" \/>\n<meta property=\"og:locale\" content=\"es_ES\" \/>\n<meta property=\"og:type\" content=\"article\" \/>\n<meta property=\"og:title\" content=\"El Frente de Todos de Avellaneda apoy\u00f3 proyecto para pagar deuda al FMI con el dinero fugado - Principios\" \/>\n<meta property=\"og:description\" content=\"CARTA ABIERTA AL PUEBLO DE LA NACI\u00d3N ARGENTINA Y ESPECIALMENTE AL AVELLANEDENSE EL FRENTE DE TODOS DE AVELLANEDA, RESPALDA SIN CONDICIONAMIENTOS EL PROYECTO DE LEY PRESENTADO POR EL BLOQUE DE SENADORES DEL FRENTE DE TODOS, A TRAV\u00c9S DEL CUAL SE PROPONE PAGAR LA DEUDA CON EL FMI USANDO LOS FONDOS EN D\u00d3LARES QUE FUERON FUGADOS...\" \/>\n<meta property=\"og:url\" content=\"https:\/\/diarioprincipios.com\/index.php\/2022\/04\/11\/el-frente-de-todos-de-avellaneda-apoyo-proyecto-para-pagar-deuda-al-fmi-con-el-dinero-fugado\/\" \/>\n<meta property=\"og:site_name\" content=\"Principios\" \/>\n<meta property=\"article:published_time\" content=\"2022-04-12T00:18:09+00:00\" \/>\n<meta property=\"article:modified_time\" content=\"2022-04-12T00:18:17+00:00\" \/>\n<meta property=\"og:image\" content=\"https:\/\/diarioprincipios.com\/wp-content\/uploads\/2022\/04\/frente-de-todos-678x381-1.png\" \/>\n\t<meta property=\"og:image:width\" content=\"678\" \/>\n\t<meta property=\"og:image:height\" content=\"381\" \/>\n\t<meta property=\"og:image:type\" content=\"image\/png\" \/>\n<meta name=\"author\" content=\"Hern\u00e1n L\u00f3pez\" \/>\n<meta name=\"twitter:card\" content=\"summary_large_image\" \/>\n<meta name=\"twitter:label1\" content=\"Escrito por\" \/>\n\t<meta name=\"twitter:data1\" content=\"Hern\u00e1n L\u00f3pez\" \/>\n\t<meta name=\"twitter:label2\" content=\"Tiempo de lectura\" \/>\n\t<meta name=\"twitter:data2\" content=\"2 minutos\" \/>\n<script type=\"application\/ld+json\" class=\"yoast-schema-graph\">{\"@context\":\"https:\\\/\\\/schema.org\",\"@graph\":[{\"@type\":\"Article\",\"@id\":\"https:\\\/\\\/diarioprincipios.com\\\/index.php\\\/2022\\\/04\\\/11\\\/el-frente-de-todos-de-avellaneda-apoyo-proyecto-para-pagar-deuda-al-fmi-con-el-dinero-fugado\\\/#article\",\"isPartOf\":{\"@id\":\"https:\\\/\\\/diarioprincipios.com\\\/index.php\\\/2022\\\/04\\\/11\\\/el-frente-de-todos-de-avellaneda-apoyo-proyecto-para-pagar-deuda-al-fmi-con-el-dinero-fugado\\\/\"},\"author\":{\"name\":\"Hern\u00e1n L\u00f3pez\",\"@id\":\"https:\\\/\\\/diarioprincipios.com\\\/#\\\/schema\\\/person\\\/436d5a1fd41a5e250e23ff5a6a7cb080\"},\"headline\":\"El Frente de Todos de Avellaneda apoy\u00f3 proyecto para pagar deuda al FMI con el dinero fugado\",\"datePublished\":\"2022-04-12T00:18:09+00:00\",\"dateModified\":\"2022-04-12T00:18:17+00:00\",\"mainEntityOfPage\":{\"@id\":\"https:\\\/\\\/diarioprincipios.com\\\/index.php\\\/2022\\\/04\\\/11\\\/el-frente-de-todos-de-avellaneda-apoyo-proyecto-para-pagar-deuda-al-fmi-con-el-dinero-fugado\\\/\"},\"wordCount\":305,\"commentCount\":0,\"publisher\":{\"@id\":\"https:\\\/\\\/diarioprincipios.com\\\/#organization\"},\"image\":{\"@id\":\"https:\\\/\\\/diarioprincipios.com\\\/index.php\\\/2022\\\/04\\\/11\\\/el-frente-de-todos-de-avellaneda-apoyo-proyecto-para-pagar-deuda-al-fmi-con-el-dinero-fugado\\\/#primaryimage\"},\"thumbnailUrl\":\"https:\\\/\\\/diarioprincipios.com\\\/wp-content\\\/uploads\\\/2022\\\/04\\\/frente-de-todos-678x381-1.png\",\"articleSection\":[\"Avellaneda\"],\"inLanguage\":\"es\",\"potentialAction\":[{\"@type\":\"CommentAction\",\"name\":\"Comment\",\"target\":[\"https:\\\/\\\/diarioprincipios.com\\\/index.php\\\/2022\\\/04\\\/11\\\/el-frente-de-todos-de-avellaneda-apoyo-proyecto-para-pagar-deuda-al-fmi-con-el-dinero-fugado\\\/#respond\"]}]},{\"@type\":\"WebPage\",\"@id\":\"https:\\\/\\\/diarioprincipios.com\\\/index.php\\\/2022\\\/04\\\/11\\\/el-frente-de-todos-de-avellaneda-apoyo-proyecto-para-pagar-deuda-al-fmi-con-el-dinero-fugado\\\/\",\"url\":\"https:\\\/\\\/diarioprincipios.com\\\/index.php\\\/2022\\\/04\\\/11\\\/el-frente-de-todos-de-avellaneda-apoyo-proyecto-para-pagar-deuda-al-fmi-con-el-dinero-fugado\\\/\",\"name\":\"El Frente de Todos de Avellaneda apoy\u00f3 proyecto para pagar deuda al FMI con el dinero fugado - Principios\",\"isPartOf\":{\"@id\":\"https:\\\/\\\/diarioprincipios.com\\\/#website\"},\"primaryImageOfPage\":{\"@id\":\"https:\\\/\\\/diarioprincipios.com\\\/index.php\\\/2022\\\/04\\\/11\\\/el-frente-de-todos-de-avellaneda-apoyo-proyecto-para-pagar-deuda-al-fmi-con-el-dinero-fugado\\\/#primaryimage\"},\"image\":{\"@id\":\"https:\\\/\\\/diarioprincipios.com\\\/index.php\\\/2022\\\/04\\\/11\\\/el-frente-de-todos-de-avellaneda-apoyo-proyecto-para-pagar-deuda-al-fmi-con-el-dinero-fugado\\\/#primaryimage\"},\"thumbnailUrl\":\"https:\\\/\\\/diarioprincipios.com\\\/wp-content\\\/uploads\\\/2022\\\/04\\\/frente-de-todos-678x381-1.png\",\"datePublished\":\"2022-04-12T00:18:09+00:00\",\"dateModified\":\"2022-04-12T00:18:17+00:00\",\"breadcrumb\":{\"@id\":\"https:\\\/\\\/diarioprincipios.com\\\/index.php\\\/2022\\\/04\\\/11\\\/el-frente-de-todos-de-avellaneda-apoyo-proyecto-para-pagar-deuda-al-fmi-con-el-dinero-fugado\\\/#breadcrumb\"},\"inLanguage\":\"es\",\"potentialAction\":[{\"@type\":\"ReadAction\",\"target\":[\"https:\\\/\\\/diarioprincipios.com\\\/index.php\\\/2022\\\/04\\\/11\\\/el-frente-de-todos-de-avellaneda-apoyo-proyecto-para-pagar-deuda-al-fmi-con-el-dinero-fugado\\\/\"]}]},{\"@type\":\"ImageObject\",\"inLanguage\":\"es\",\"@id\":\"https:\\\/\\\/diarioprincipios.com\\\/index.php\\\/2022\\\/04\\\/11\\\/el-frente-de-todos-de-avellaneda-apoyo-proyecto-para-pagar-deuda-al-fmi-con-el-dinero-fugado\\\/#primaryimage\",\"url\":\"https:\\\/\\\/diarioprincipios.com\\\/wp-content\\\/uploads\\\/2022\\\/04\\\/frente-de-todos-678x381-1.png\",\"contentUrl\":\"https:\\\/\\\/diarioprincipios.com\\\/wp-content\\\/uploads\\\/2022\\\/04\\\/frente-de-todos-678x381-1.png\",\"width\":678,\"height\":381},{\"@type\":\"BreadcrumbList\",\"@id\":\"https:\\\/\\\/diarioprincipios.com\\\/index.php\\\/2022\\\/04\\\/11\\\/el-frente-de-todos-de-avellaneda-apoyo-proyecto-para-pagar-deuda-al-fmi-con-el-dinero-fugado\\\/#breadcrumb\",\"itemListElement\":[{\"@type\":\"ListItem\",\"position\":1,\"name\":\"Portada\",\"item\":\"https:\\\/\\\/diarioprincipios.com\\\/\"},{\"@type\":\"ListItem\",\"position\":2,\"name\":\"El Frente de Todos de Avellaneda apoy\u00f3 proyecto para pagar deuda al FMI con el dinero fugado\"}]},{\"@type\":\"WebSite\",\"@id\":\"https:\\\/\\\/diarioprincipios.com\\\/#website\",\"url\":\"https:\\\/\\\/diarioprincipios.com\\\/\",\"name\":\"Principios\",\"description\":\"Principios Diario\",\"publisher\":{\"@id\":\"https:\\\/\\\/diarioprincipios.com\\\/#organization\"},\"potentialAction\":[{\"@type\":\"SearchAction\",\"target\":{\"@type\":\"EntryPoint\",\"urlTemplate\":\"https:\\\/\\\/diarioprincipios.com\\\/?s={search_term_string}\"},\"query-input\":{\"@type\":\"PropertyValueSpecification\",\"valueRequired\":true,\"valueName\":\"search_term_string\"}}],\"inLanguage\":\"es\"},{\"@type\":\"Organization\",\"@id\":\"https:\\\/\\\/diarioprincipios.com\\\/#organization\",\"name\":\"Principios\",\"url\":\"https:\\\/\\\/diarioprincipios.com\\\/\",\"logo\":{\"@type\":\"ImageObject\",\"inLanguage\":\"es\",\"@id\":\"https:\\\/\\\/diarioprincipios.com\\\/#\\\/schema\\\/logo\\\/image\\\/\",\"url\":\"https:\\\/\\\/diarioprincipios.com\\\/wp-content\\\/uploads\\\/2024\\\/04\\\/cropped-www.diarioprincipios.com_-1.png\",\"contentUrl\":\"https:\\\/\\\/diarioprincipios.com\\\/wp-content\\\/uploads\\\/2024\\\/04\\\/cropped-www.diarioprincipios.com_-1.png\",\"width\":5325,\"height\":1454,\"caption\":\"Principios\"},\"image\":{\"@id\":\"https:\\\/\\\/diarioprincipios.com\\\/#\\\/schema\\\/logo\\\/image\\\/\"}},{\"@type\":\"Person\",\"@id\":\"https:\\\/\\\/diarioprincipios.com\\\/#\\\/schema\\\/person\\\/436d5a1fd41a5e250e23ff5a6a7cb080\",\"name\":\"Hern\u00e1n L\u00f3pez\",\"image\":{\"@type\":\"ImageObject\",\"inLanguage\":\"es\",\"@id\":\"https:\\\/\\\/diarioprincipios.com\\\/wp-content\\\/litespeed\\\/avatar\\\/11ddfe5610ff3bd100522525b2571f48.jpg?ver=1777048341\",\"url\":\"https:\\\/\\\/diarioprincipios.com\\\/wp-content\\\/litespeed\\\/avatar\\\/11ddfe5610ff3bd100522525b2571f48.jpg?ver=1777048341\",\"contentUrl\":\"https:\\\/\\\/diarioprincipios.com\\\/wp-content\\\/litespeed\\\/avatar\\\/11ddfe5610ff3bd100522525b2571f48.jpg?ver=1777048341\",\"caption\":\"Hern\u00e1n L\u00f3pez\"},\"url\":\"https:\\\/\\\/diarioprincipios.com\\\/index.php\\\/author\\\/hernan\\\/\"}]}<\/script>\n<!-- \/ Yoast SEO plugin. -->","yoast_head_json":{"title":"El Frente de Todos de Avellaneda apoy\u00f3 proyecto para pagar deuda al FMI con el dinero fugado - Principios","robots":{"index":"index","follow":"follow","max-snippet":"max-snippet:-1","max-image-preview":"max-image-preview:large","max-video-preview":"max-video-preview:-1"},"canonical":"https:\/\/diarioprincipios.com\/index.php\/2022\/04\/11\/el-frente-de-todos-de-avellaneda-apoyo-proyecto-para-pagar-deuda-al-fmi-con-el-dinero-fugado\/","og_locale":"es_ES","og_type":"article","og_title":"El Frente de Todos de Avellaneda apoy\u00f3 proyecto para pagar deuda al FMI con el dinero fugado - Principios","og_description":"CARTA ABIERTA AL PUEBLO DE LA NACI\u00d3N ARGENTINA Y ESPECIALMENTE AL AVELLANEDENSE EL FRENTE DE TODOS DE AVELLANEDA, RESPALDA SIN CONDICIONAMIENTOS EL PROYECTO DE LEY PRESENTADO POR EL BLOQUE DE SENADORES DEL FRENTE DE TODOS, A TRAV\u00c9S DEL CUAL SE PROPONE PAGAR LA DEUDA CON EL FMI USANDO LOS FONDOS EN D\u00d3LARES QUE FUERON FUGADOS...","og_url":"https:\/\/diarioprincipios.com\/index.php\/2022\/04\/11\/el-frente-de-todos-de-avellaneda-apoyo-proyecto-para-pagar-deuda-al-fmi-con-el-dinero-fugado\/","og_site_name":"Principios","article_published_time":"2022-04-12T00:18:09+00:00","article_modified_time":"2022-04-12T00:18:17+00:00","og_image":[{"width":678,"height":381,"url":"https:\/\/diarioprincipios.com\/wp-content\/uploads\/2022\/04\/frente-de-todos-678x381-1.png","type":"image\/png"}],"author":"Hern\u00e1n L\u00f3pez","twitter_card":"summary_large_image","twitter_misc":{"Escrito por":"Hern\u00e1n L\u00f3pez","Tiempo de lectura":"2 minutos"},"schema":{"@context":"https:\/\/schema.org","@graph":[{"@type":"Article","@id":"https:\/\/diarioprincipios.com\/index.php\/2022\/04\/11\/el-frente-de-todos-de-avellaneda-apoyo-proyecto-para-pagar-deuda-al-fmi-con-el-dinero-fugado\/#article","isPartOf":{"@id":"https:\/\/diarioprincipios.com\/index.php\/2022\/04\/11\/el-frente-de-todos-de-avellaneda-apoyo-proyecto-para-pagar-deuda-al-fmi-con-el-dinero-fugado\/"},"author":{"name":"Hern\u00e1n L\u00f3pez","@id":"https:\/\/diarioprincipios.com\/#\/schema\/person\/436d5a1fd41a5e250e23ff5a6a7cb080"},"headline":"El Frente de Todos de Avellaneda apoy\u00f3 proyecto para pagar deuda al FMI con el dinero fugado","datePublished":"2022-04-12T00:18:09+00:00","dateModified":"2022-04-12T00:18:17+00:00","mainEntityOfPage":{"@id":"https:\/\/diarioprincipios.com\/index.php\/2022\/04\/11\/el-frente-de-todos-de-avellaneda-apoyo-proyecto-para-pagar-deuda-al-fmi-con-el-dinero-fugado\/"},"wordCount":305,"commentCount":0,"publisher":{"@id":"https:\/\/diarioprincipios.com\/#organization"},"image":{"@id":"https:\/\/diarioprincipios.com\/index.php\/2022\/04\/11\/el-frente-de-todos-de-avellaneda-apoyo-proyecto-para-pagar-deuda-al-fmi-con-el-dinero-fugado\/#primaryimage"},"thumbnailUrl":"https:\/\/diarioprincipios.com\/wp-content\/uploads\/2022\/04\/frente-de-todos-678x381-1.png","articleSection":["Avellaneda"],"inLanguage":"es","potentialAction":[{"@type":"CommentAction","name":"Comment","target":["https:\/\/diarioprincipios.com\/index.php\/2022\/04\/11\/el-frente-de-todos-de-avellaneda-apoyo-proyecto-para-pagar-deuda-al-fmi-con-el-dinero-fugado\/#respond"]}]},{"@type":"WebPage","@id":"https:\/\/diarioprincipios.com\/index.php\/2022\/04\/11\/el-frente-de-todos-de-avellaneda-apoyo-proyecto-para-pagar-deuda-al-fmi-con-el-dinero-fugado\/","url":"https:\/\/diarioprincipios.com\/index.php\/2022\/04\/11\/el-frente-de-todos-de-avellaneda-apoyo-proyecto-para-pagar-deuda-al-fmi-con-el-dinero-fugado\/","name":"El Frente de Todos de Avellaneda apoy\u00f3 proyecto para pagar deuda al FMI con el dinero fugado - Principios","isPartOf":{"@id":"https:\/\/diarioprincipios.com\/#website"},"primaryImageOfPage":{"@id":"https:\/\/diarioprincipios.com\/index.php\/2022\/04\/11\/el-frente-de-todos-de-avellaneda-apoyo-proyecto-para-pagar-deuda-al-fmi-con-el-dinero-fugado\/#primaryimage"},"image":{"@id":"https:\/\/diarioprincipios.com\/index.php\/2022\/04\/11\/el-frente-de-todos-de-avellaneda-apoyo-proyecto-para-pagar-deuda-al-fmi-con-el-dinero-fugado\/#primaryimage"},"thumbnailUrl":"https:\/\/diarioprincipios.com\/wp-content\/uploads\/2022\/04\/frente-de-todos-678x381-1.png","datePublished":"2022-04-12T00:18:09+00:00","dateModified":"2022-04-12T00:18:17+00:00","breadcrumb":{"@id":"https:\/\/diarioprincipios.com\/index.php\/2022\/04\/11\/el-frente-de-todos-de-avellaneda-apoyo-proyecto-para-pagar-deuda-al-fmi-con-el-dinero-fugado\/#breadcrumb"},"inLanguage":"es","potentialAction":[{"@type":"ReadAction","target":["https:\/\/diarioprincipios.com\/index.php\/2022\/04\/11\/el-frente-de-todos-de-avellaneda-apoyo-proyecto-para-pagar-deuda-al-fmi-con-el-dinero-fugado\/"]}]},{"@type":"ImageObject","inLanguage":"es","@id":"https:\/\/diarioprincipios.com\/index.php\/2022\/04\/11\/el-frente-de-todos-de-avellaneda-apoyo-proyecto-para-pagar-deuda-al-fmi-con-el-dinero-fugado\/#primaryimage","url":"https:\/\/diarioprincipios.com\/wp-content\/uploads\/2022\/04\/frente-de-todos-678x381-1.png","contentUrl":"https:\/\/diarioprincipios.com\/wp-content\/uploads\/2022\/04\/frente-de-todos-678x381-1.png","width":678,"height":381},{"@type":"BreadcrumbList","@id":"https:\/\/diarioprincipios.com\/index.php\/2022\/04\/11\/el-frente-de-todos-de-avellaneda-apoyo-proyecto-para-pagar-deuda-al-fmi-con-el-dinero-fugado\/#breadcrumb","itemListElement":[{"@type":"ListItem","position":1,"name":"Portada","item":"https:\/\/diarioprincipios.com\/"},{"@type":"ListItem","position":2,"name":"El Frente de Todos de Avellaneda apoy\u00f3 proyecto para pagar deuda al FMI con el dinero fugado"}]},{"@type":"WebSite","@id":"https:\/\/diarioprincipios.com\/#website","url":"https:\/\/diarioprincipios.com\/","name":"Principios","description":"Principios Diario","publisher":{"@id":"https:\/\/diarioprincipios.com\/#organization"},"potentialAction":[{"@type":"SearchAction","target":{"@type":"EntryPoint","urlTemplate":"https:\/\/diarioprincipios.com\/?s={search_term_string}"},"query-input":{"@type":"PropertyValueSpecification","valueRequired":true,"valueName":"search_term_string"}}],"inLanguage":"es"},{"@type":"Organization","@id":"https:\/\/diarioprincipios.com\/#organization","name":"Principios","url":"https:\/\/diarioprincipios.com\/","logo":{"@type":"ImageObject","inLanguage":"es","@id":"https:\/\/diarioprincipios.com\/#\/schema\/logo\/image\/","url":"https:\/\/diarioprincipios.com\/wp-content\/uploads\/2024\/04\/cropped-www.diarioprincipios.com_-1.png","contentUrl":"https:\/\/diarioprincipios.com\/wp-content\/uploads\/2024\/04\/cropped-www.diarioprincipios.com_-1.png","width":5325,"height":1454,"caption":"Principios"},"image":{"@id":"https:\/\/diarioprincipios.com\/#\/schema\/logo\/image\/"}},{"@type":"Person","@id":"https:\/\/diarioprincipios.com\/#\/schema\/person\/436d5a1fd41a5e250e23ff5a6a7cb080","name":"Hern\u00e1n L\u00f3pez","image":{"@type":"ImageObject","inLanguage":"es","@id":"https:\/\/diarioprincipios.com\/wp-content\/litespeed\/avatar\/11ddfe5610ff3bd100522525b2571f48.jpg?ver=1777048341","url":"https:\/\/diarioprincipios.com\/wp-content\/litespeed\/avatar\/11ddfe5610ff3bd100522525b2571f48.jpg?ver=1777048341","contentUrl":"https:\/\/diarioprincipios.com\/wp-content\/litespeed\/avatar\/11ddfe5610ff3bd100522525b2571f48.jpg?ver=1777048341","caption":"Hern\u00e1n L\u00f3pez"},"url":"https:\/\/diarioprincipios.com\/index.php\/author\/hernan\/"}]}},"jetpack_featured_media_url":"https:\/\/diarioprincipios.com\/wp-content\/uploads\/2022\/04\/frente-de-todos-678x381-1.png","_links":{"self":[{"href":"https:\/\/diarioprincipios.com\/index.php\/wp-json\/wp\/v2\/posts\/13337","targetHints":{"allow":["GET"]}}],"collection":[{"href":"https:\/\/diarioprincipios.com\/index.php\/wp-json\/wp\/v2\/posts"}],"about":[{"href":"https:\/\/diarioprincipios.com\/index.php\/wp-json\/wp\/v2\/types\/post"}],"author":[{"embeddable":true,"href":"https:\/\/diarioprincipios.com\/index.php\/wp-json\/wp\/v2\/users\/2"}],"replies":[{"embeddable":true,"href":"https:\/\/diarioprincipios.com\/index.php\/wp-json\/wp\/v2\/comments?post=13337"}],"version-history":[{"count":1,"href":"https:\/\/diarioprincipios.com\/index.php\/wp-json\/wp\/v2\/posts\/13337\/revisions"}],"predecessor-version":[{"id":13339,"href":"https:\/\/diarioprincipios.com\/index.php\/wp-json\/wp\/v2\/posts\/13337\/revisions\/13339"}],"wp:featuredmedia":[{"embeddable":true,"href":"https:\/\/diarioprincipios.com\/index.php\/wp-json\/wp\/v2\/media\/13338"}],"wp:attachment":[{"href":"https:\/\/diarioprincipios.com\/index.php\/wp-json\/wp\/v2\/media?parent=13337"}],"wp:term":[{"taxonomy":"category","embeddable":true,"href":"https:\/\/diarioprincipios.com\/index.php\/wp-json\/wp\/v2\/categories?post=13337"},{"taxonomy":"post_tag","embeddable":true,"href":"https:\/\/diarioprincipios.com\/index.php\/wp-json\/wp\/v2\/tags?post=13337"}],"curies":[{"name":"wp","href":"https:\/\/api.w.org\/{rel}","templated":true}]}}