{"id":13308,"date":"2022-04-08T14:29:29","date_gmt":"2022-04-08T17:29:29","guid":{"rendered":"http:\/\/diarioprincipios.com\/?p=13308"},"modified":"2022-04-08T14:29:38","modified_gmt":"2022-04-08T17:29:38","slug":"avellaneda-celebro-sus-170-anos","status":"publish","type":"post","link":"https:\/\/diarioprincipios.com\/index.php\/2022\/04\/08\/avellaneda-celebro-sus-170-anos\/","title":{"rendered":"Avellaneda celebr\u00f3 sus 170 a\u00f1os\u00a0"},"content":{"rendered":"\n<p>Ferraresi, Chornobroff y Sierra participaron de una entrega de distinciones a vecinxs en el CMA y luego asistieron al Teatro Roma para el show de la Orquesta Municipal de Tango.\u00a0<\/p>\n\n\n\n<p>En el marco de la celebraci\u00f3n del 170\u00b0 aniversario de la ciudad de Avellaneda, ayer se llev\u00f3 a cabo la entrega de distinciones a vecinos e instituciones destacados por su rol dentro de la comunidad, en el Centro Municipal de Arte. La ceremonia fue encabezada por el ministro de Desarrollo Territorial y H\u00e1bitat, Jorge Ferraresi, el intendente de Avellaneda, Alejo Chornobroff, la jefa de Gabinete, Magdalena Sierra y el presidente del Concejo Deliberante, Hugo Barrueco.\u00a0<\/p>\n\n\n\n<figure class=\"wp-block-image size-large\"><img loading=\"lazy\" decoding=\"async\" width=\"1024\" height=\"682\" src=\"https:\/\/diarioprincipios.com\/wp-content\/uploads\/2022\/04\/11b-1024x682.jpg\" alt=\"\" class=\"wp-image-13309\" srcset=\"https:\/\/diarioprincipios.com\/wp-content\/uploads\/2022\/04\/11b-1024x682.jpg 1024w, https:\/\/diarioprincipios.com\/wp-content\/uploads\/2022\/04\/11b-300x200.jpg 300w, https:\/\/diarioprincipios.com\/wp-content\/uploads\/2022\/04\/11b-768x511.jpg 768w, https:\/\/diarioprincipios.com\/wp-content\/uploads\/2022\/04\/11b.jpg 1440w\" sizes=\"auto, (max-width: 1024px) 100vw, 1024px\" \/><\/figure>\n\n\n\n<p>Subrayando el rol de Avellaneda como Capital Nacional del F\u00fatbol, los hist\u00f3ricos jugadores Ricardo Bochini y Humberto \u201cBocha\u201d Maschio fueron reconocidos ante un auditorio colmado. Tambi\u00e9n B\u00e1rbara Blanco, Luc\u00eda D\u00b4abramo, Laura Moreira, Mar\u00eda Estefan\u00eda Pinto, Lara Grondona, Alejandro \u201cPapu\u201d G\u00f3mez, Rodrigo De Paul, y Eduardo \u201cToto\u201d Salvio, quien envi\u00f3 una camiseta autografiada que ser\u00e1 exhibida en el futuro Museo Nacional del F\u00fatbol.&nbsp;<\/p>\n\n\n\n<p>M\u00e1s adelante, tambi\u00e9n se entregaron distinciones a vecinxs con trayectorias destacadas en diferentes \u00e1mbitos como juventud; deporte; comercio; cultura; turismo; ni\u00f1ez; educaci\u00f3n; mujer, g\u00e9nero y diversidad; tercera edad y producci\u00f3n, entre otros. Tambi\u00e9n, una menci\u00f3n especial para la Secretar\u00eda de Salud, a cargo de Virginia Algara\u00f1az, por el trabajo realizado durante la pandemia. \u00a0<\/p>\n\n\n\n<figure class=\"wp-block-image size-large\"><img loading=\"lazy\" decoding=\"async\" width=\"1024\" height=\"682\" src=\"https:\/\/diarioprincipios.com\/wp-content\/uploads\/2022\/04\/7-1024x682.jpg\" alt=\"\" class=\"wp-image-13310\" srcset=\"https:\/\/diarioprincipios.com\/wp-content\/uploads\/2022\/04\/7-1024x682.jpg 1024w, https:\/\/diarioprincipios.com\/wp-content\/uploads\/2022\/04\/7-300x200.jpg 300w, https:\/\/diarioprincipios.com\/wp-content\/uploads\/2022\/04\/7-768x511.jpg 768w, https:\/\/diarioprincipios.com\/wp-content\/uploads\/2022\/04\/7.jpg 1440w\" sizes=\"auto, (max-width: 1024px) 100vw, 1024px\" \/><\/figure>\n\n\n\n<p>Por otro lado, el ministro Ferraresi recibi\u00f3 una distinci\u00f3n por su gesti\u00f3n como jefe comunal de Avellaneda. \u201cFuimos construyendo Avellaneda entre todos\u201d, dijo y subray\u00f3: \u201cSentimos orgullo de vivir en esta ciudad\u201d. Tambi\u00e9n valor\u00f3 el trabajo en equipo junto a Alejo Chornobroff, Magdalena Sierra y Hugo Barrueco: \u201cTienen el desaf\u00edo de hacer una ciudad mejor todav\u00eda\u201d, sostuvo.\u00a0<\/p>\n\n\n\n<figure class=\"wp-block-image size-large\"><img loading=\"lazy\" decoding=\"async\" width=\"1024\" height=\"576\" src=\"https:\/\/diarioprincipios.com\/wp-content\/uploads\/2022\/04\/FPyIK1LWYAIbcRz-1024x576.jpg\" alt=\"\" class=\"wp-image-13311\" srcset=\"https:\/\/diarioprincipios.com\/wp-content\/uploads\/2022\/04\/FPyIK1LWYAIbcRz-1024x576.jpg 1024w, https:\/\/diarioprincipios.com\/wp-content\/uploads\/2022\/04\/FPyIK1LWYAIbcRz-300x169.jpg 300w, https:\/\/diarioprincipios.com\/wp-content\/uploads\/2022\/04\/FPyIK1LWYAIbcRz-768x432.jpg 768w, https:\/\/diarioprincipios.com\/wp-content\/uploads\/2022\/04\/FPyIK1LWYAIbcRz-1536x864.jpg 1536w, https:\/\/diarioprincipios.com\/wp-content\/uploads\/2022\/04\/FPyIK1LWYAIbcRz.jpg 1600w\" sizes=\"auto, (max-width: 1024px) 100vw, 1024px\" \/><\/figure>\n\n\n\n<p>Luego, la celebraci\u00f3n se traslad\u00f3 al Teatro Roma con la presentaci\u00f3n de la Orquesta Municipal de Tango, dirigida por Diego Lerendegui, que inaugur\u00f3 oficialmente la temporada del coliseo municipal. Participaron los cantantes Alicia Vignola junto a Ache Rey y los bailarines Eliana Llamedo y Ariel Rodr\u00edguez. La funci\u00f3n estuvo dedicada a la memoria del pianista Miguel \u00c1ngel Estrella y Gerardo Garc\u00eda, m\u00fasico de la Sinf\u00f3nica municipal.\u00a0<\/p>\n","protected":false},"excerpt":{"rendered":"<p>Ferraresi, Chornobroff y Sierra participaron de una entrega de distinciones a vecinxs en el CMA y luego asistieron al Teatro Roma para el show de la Orquesta Municipal de Tango.\u00a0 En el marco de la celebraci\u00f3n del 170\u00b0 aniversario de la ciudad de Avellaneda, ayer se llev\u00f3 a cabo la entrega de distinciones a vecinos&#8230;<\/p>\n","protected":false},"author":2,"featured_media":13312,"comment_status":"open","ping_status":"open","sticky":false,"template":"","format":"standard","meta":{"footnotes":""},"categories":[5],"tags":[],"class_list":["post-13308","post","type-post","status-publish","format-standard","has-post-thumbnail","hentry","category-avellaneda"],"featured_image_src":"https:\/\/diarioprincipios.com\/wp-content\/uploads\/2022\/04\/3-2-1024x734.jpg","blog_images":{"medium":"https:\/\/diarioprincipios.com\/wp-content\/uploads\/2022\/04\/3-2-300x215.jpg","large":"https:\/\/diarioprincipios.com\/wp-content\/uploads\/2022\/04\/3-2-1024x734.jpg"},"ams_acf":[],"yoast_head":"<!-- This site is optimized with the Yoast SEO plugin v27.3 - https:\/\/yoast.com\/product\/yoast-seo-wordpress\/ -->\n<title>Avellaneda celebr\u00f3 sus 170 a\u00f1os\u00a0 - Principios<\/title>\n<meta name=\"robots\" content=\"index, follow, max-snippet:-1, max-image-preview:large, max-video-preview:-1\" \/>\n<link rel=\"canonical\" href=\"https:\/\/diarioprincipios.com\/index.php\/2022\/04\/08\/avellaneda-celebro-sus-170-anos\/\" \/>\n<meta property=\"og:locale\" content=\"es_ES\" \/>\n<meta property=\"og:type\" content=\"article\" \/>\n<meta property=\"og:title\" content=\"Avellaneda celebr\u00f3 sus 170 a\u00f1os\u00a0 - Principios\" \/>\n<meta property=\"og:description\" content=\"Ferraresi, Chornobroff y Sierra participaron de una entrega de distinciones a vecinxs en el CMA y luego asistieron al Teatro Roma para el show de la Orquesta Municipal de Tango.\u00a0 En el marco de la celebraci\u00f3n del 170\u00b0 aniversario de la ciudad de Avellaneda, ayer se llev\u00f3 a cabo la entrega de distinciones a vecinos...\" \/>\n<meta property=\"og:url\" content=\"https:\/\/diarioprincipios.com\/index.php\/2022\/04\/08\/avellaneda-celebro-sus-170-anos\/\" \/>\n<meta property=\"og:site_name\" content=\"Principios\" \/>\n<meta property=\"article:published_time\" content=\"2022-04-08T17:29:29+00:00\" \/>\n<meta property=\"article:modified_time\" content=\"2022-04-08T17:29:38+00:00\" \/>\n<meta property=\"og:image\" content=\"https:\/\/diarioprincipios.com\/wp-content\/uploads\/2022\/04\/3-2.jpg\" \/>\n\t<meta property=\"og:image:width\" content=\"1280\" \/>\n\t<meta property=\"og:image:height\" content=\"917\" \/>\n\t<meta property=\"og:image:type\" content=\"image\/jpeg\" \/>\n<meta name=\"author\" content=\"Hern\u00e1n L\u00f3pez\" \/>\n<meta name=\"twitter:card\" content=\"summary_large_image\" \/>\n<meta name=\"twitter:label1\" content=\"Escrito por\" \/>\n\t<meta name=\"twitter:data1\" content=\"Hern\u00e1n L\u00f3pez\" \/>\n\t<meta name=\"twitter:label2\" content=\"Tiempo de lectura\" \/>\n\t<meta name=\"twitter:data2\" content=\"3 minutos\" \/>\n<script type=\"application\/ld+json\" class=\"yoast-schema-graph\">{\"@context\":\"https:\\\/\\\/schema.org\",\"@graph\":[{\"@type\":\"Article\",\"@id\":\"https:\\\/\\\/diarioprincipios.com\\\/index.php\\\/2022\\\/04\\\/08\\\/avellaneda-celebro-sus-170-anos\\\/#article\",\"isPartOf\":{\"@id\":\"https:\\\/\\\/diarioprincipios.com\\\/index.php\\\/2022\\\/04\\\/08\\\/avellaneda-celebro-sus-170-anos\\\/\"},\"author\":{\"name\":\"Hern\u00e1n L\u00f3pez\",\"@id\":\"https:\\\/\\\/diarioprincipios.com\\\/#\\\/schema\\\/person\\\/436d5a1fd41a5e250e23ff5a6a7cb080\"},\"headline\":\"Avellaneda celebr\u00f3 sus 170 a\u00f1os\u00a0\",\"datePublished\":\"2022-04-08T17:29:29+00:00\",\"dateModified\":\"2022-04-08T17:29:38+00:00\",\"mainEntityOfPage\":{\"@id\":\"https:\\\/\\\/diarioprincipios.com\\\/index.php\\\/2022\\\/04\\\/08\\\/avellaneda-celebro-sus-170-anos\\\/\"},\"wordCount\":382,\"commentCount\":0,\"publisher\":{\"@id\":\"https:\\\/\\\/diarioprincipios.com\\\/#organization\"},\"image\":{\"@id\":\"https:\\\/\\\/diarioprincipios.com\\\/index.php\\\/2022\\\/04\\\/08\\\/avellaneda-celebro-sus-170-anos\\\/#primaryimage\"},\"thumbnailUrl\":\"https:\\\/\\\/diarioprincipios.com\\\/wp-content\\\/uploads\\\/2022\\\/04\\\/3-2.jpg\",\"articleSection\":[\"Avellaneda\"],\"inLanguage\":\"es\",\"potentialAction\":[{\"@type\":\"CommentAction\",\"name\":\"Comment\",\"target\":[\"https:\\\/\\\/diarioprincipios.com\\\/index.php\\\/2022\\\/04\\\/08\\\/avellaneda-celebro-sus-170-anos\\\/#respond\"]}]},{\"@type\":\"WebPage\",\"@id\":\"https:\\\/\\\/diarioprincipios.com\\\/index.php\\\/2022\\\/04\\\/08\\\/avellaneda-celebro-sus-170-anos\\\/\",\"url\":\"https:\\\/\\\/diarioprincipios.com\\\/index.php\\\/2022\\\/04\\\/08\\\/avellaneda-celebro-sus-170-anos\\\/\",\"name\":\"Avellaneda celebr\u00f3 sus 170 a\u00f1os\u00a0 - Principios\",\"isPartOf\":{\"@id\":\"https:\\\/\\\/diarioprincipios.com\\\/#website\"},\"primaryImageOfPage\":{\"@id\":\"https:\\\/\\\/diarioprincipios.com\\\/index.php\\\/2022\\\/04\\\/08\\\/avellaneda-celebro-sus-170-anos\\\/#primaryimage\"},\"image\":{\"@id\":\"https:\\\/\\\/diarioprincipios.com\\\/index.php\\\/2022\\\/04\\\/08\\\/avellaneda-celebro-sus-170-anos\\\/#primaryimage\"},\"thumbnailUrl\":\"https:\\\/\\\/diarioprincipios.com\\\/wp-content\\\/uploads\\\/2022\\\/04\\\/3-2.jpg\",\"datePublished\":\"2022-04-08T17:29:29+00:00\",\"dateModified\":\"2022-04-08T17:29:38+00:00\",\"breadcrumb\":{\"@id\":\"https:\\\/\\\/diarioprincipios.com\\\/index.php\\\/2022\\\/04\\\/08\\\/avellaneda-celebro-sus-170-anos\\\/#breadcrumb\"},\"inLanguage\":\"es\",\"potentialAction\":[{\"@type\":\"ReadAction\",\"target\":[\"https:\\\/\\\/diarioprincipios.com\\\/index.php\\\/2022\\\/04\\\/08\\\/avellaneda-celebro-sus-170-anos\\\/\"]}]},{\"@type\":\"ImageObject\",\"inLanguage\":\"es\",\"@id\":\"https:\\\/\\\/diarioprincipios.com\\\/index.php\\\/2022\\\/04\\\/08\\\/avellaneda-celebro-sus-170-anos\\\/#primaryimage\",\"url\":\"https:\\\/\\\/diarioprincipios.com\\\/wp-content\\\/uploads\\\/2022\\\/04\\\/3-2.jpg\",\"contentUrl\":\"https:\\\/\\\/diarioprincipios.com\\\/wp-content\\\/uploads\\\/2022\\\/04\\\/3-2.jpg\",\"width\":1280,\"height\":917},{\"@type\":\"BreadcrumbList\",\"@id\":\"https:\\\/\\\/diarioprincipios.com\\\/index.php\\\/2022\\\/04\\\/08\\\/avellaneda-celebro-sus-170-anos\\\/#breadcrumb\",\"itemListElement\":[{\"@type\":\"ListItem\",\"position\":1,\"name\":\"Portada\",\"item\":\"https:\\\/\\\/diarioprincipios.com\\\/\"},{\"@type\":\"ListItem\",\"position\":2,\"name\":\"Avellaneda celebr\u00f3 sus 170 a\u00f1os\u00a0\"}]},{\"@type\":\"WebSite\",\"@id\":\"https:\\\/\\\/diarioprincipios.com\\\/#website\",\"url\":\"https:\\\/\\\/diarioprincipios.com\\\/\",\"name\":\"Principios\",\"description\":\"Principios Diario\",\"publisher\":{\"@id\":\"https:\\\/\\\/diarioprincipios.com\\\/#organization\"},\"potentialAction\":[{\"@type\":\"SearchAction\",\"target\":{\"@type\":\"EntryPoint\",\"urlTemplate\":\"https:\\\/\\\/diarioprincipios.com\\\/?s={search_term_string}\"},\"query-input\":{\"@type\":\"PropertyValueSpecification\",\"valueRequired\":true,\"valueName\":\"search_term_string\"}}],\"inLanguage\":\"es\"},{\"@type\":\"Organization\",\"@id\":\"https:\\\/\\\/diarioprincipios.com\\\/#organization\",\"name\":\"Principios\",\"url\":\"https:\\\/\\\/diarioprincipios.com\\\/\",\"logo\":{\"@type\":\"ImageObject\",\"inLanguage\":\"es\",\"@id\":\"https:\\\/\\\/diarioprincipios.com\\\/#\\\/schema\\\/logo\\\/image\\\/\",\"url\":\"https:\\\/\\\/diarioprincipios.com\\\/wp-content\\\/uploads\\\/2024\\\/04\\\/cropped-www.diarioprincipios.com_-1.png\",\"contentUrl\":\"https:\\\/\\\/diarioprincipios.com\\\/wp-content\\\/uploads\\\/2024\\\/04\\\/cropped-www.diarioprincipios.com_-1.png\",\"width\":5325,\"height\":1454,\"caption\":\"Principios\"},\"image\":{\"@id\":\"https:\\\/\\\/diarioprincipios.com\\\/#\\\/schema\\\/logo\\\/image\\\/\"}},{\"@type\":\"Person\",\"@id\":\"https:\\\/\\\/diarioprincipios.com\\\/#\\\/schema\\\/person\\\/436d5a1fd41a5e250e23ff5a6a7cb080\",\"name\":\"Hern\u00e1n L\u00f3pez\",\"image\":{\"@type\":\"ImageObject\",\"inLanguage\":\"es\",\"@id\":\"https:\\\/\\\/diarioprincipios.com\\\/wp-content\\\/litespeed\\\/avatar\\\/11ddfe5610ff3bd100522525b2571f48.jpg?ver=1777048341\",\"url\":\"https:\\\/\\\/diarioprincipios.com\\\/wp-content\\\/litespeed\\\/avatar\\\/11ddfe5610ff3bd100522525b2571f48.jpg?ver=1777048341\",\"contentUrl\":\"https:\\\/\\\/diarioprincipios.com\\\/wp-content\\\/litespeed\\\/avatar\\\/11ddfe5610ff3bd100522525b2571f48.jpg?ver=1777048341\",\"caption\":\"Hern\u00e1n L\u00f3pez\"},\"url\":\"https:\\\/\\\/diarioprincipios.com\\\/index.php\\\/author\\\/hernan\\\/\"}]}<\/script>\n<!-- \/ Yoast SEO plugin. -->","yoast_head_json":{"title":"Avellaneda celebr\u00f3 sus 170 a\u00f1os\u00a0 - Principios","robots":{"index":"index","follow":"follow","max-snippet":"max-snippet:-1","max-image-preview":"max-image-preview:large","max-video-preview":"max-video-preview:-1"},"canonical":"https:\/\/diarioprincipios.com\/index.php\/2022\/04\/08\/avellaneda-celebro-sus-170-anos\/","og_locale":"es_ES","og_type":"article","og_title":"Avellaneda celebr\u00f3 sus 170 a\u00f1os\u00a0 - Principios","og_description":"Ferraresi, Chornobroff y Sierra participaron de una entrega de distinciones a vecinxs en el CMA y luego asistieron al Teatro Roma para el show de la Orquesta Municipal de Tango.\u00a0 En el marco de la celebraci\u00f3n del 170\u00b0 aniversario de la ciudad de Avellaneda, ayer se llev\u00f3 a cabo la entrega de distinciones a vecinos...","og_url":"https:\/\/diarioprincipios.com\/index.php\/2022\/04\/08\/avellaneda-celebro-sus-170-anos\/","og_site_name":"Principios","article_published_time":"2022-04-08T17:29:29+00:00","article_modified_time":"2022-04-08T17:29:38+00:00","og_image":[{"width":1280,"height":917,"url":"https:\/\/diarioprincipios.com\/wp-content\/uploads\/2022\/04\/3-2.jpg","type":"image\/jpeg"}],"author":"Hern\u00e1n L\u00f3pez","twitter_card":"summary_large_image","twitter_misc":{"Escrito por":"Hern\u00e1n L\u00f3pez","Tiempo de lectura":"3 minutos"},"schema":{"@context":"https:\/\/schema.org","@graph":[{"@type":"Article","@id":"https:\/\/diarioprincipios.com\/index.php\/2022\/04\/08\/avellaneda-celebro-sus-170-anos\/#article","isPartOf":{"@id":"https:\/\/diarioprincipios.com\/index.php\/2022\/04\/08\/avellaneda-celebro-sus-170-anos\/"},"author":{"name":"Hern\u00e1n L\u00f3pez","@id":"https:\/\/diarioprincipios.com\/#\/schema\/person\/436d5a1fd41a5e250e23ff5a6a7cb080"},"headline":"Avellaneda celebr\u00f3 sus 170 a\u00f1os\u00a0","datePublished":"2022-04-08T17:29:29+00:00","dateModified":"2022-04-08T17:29:38+00:00","mainEntityOfPage":{"@id":"https:\/\/diarioprincipios.com\/index.php\/2022\/04\/08\/avellaneda-celebro-sus-170-anos\/"},"wordCount":382,"commentCount":0,"publisher":{"@id":"https:\/\/diarioprincipios.com\/#organization"},"image":{"@id":"https:\/\/diarioprincipios.com\/index.php\/2022\/04\/08\/avellaneda-celebro-sus-170-anos\/#primaryimage"},"thumbnailUrl":"https:\/\/diarioprincipios.com\/wp-content\/uploads\/2022\/04\/3-2.jpg","articleSection":["Avellaneda"],"inLanguage":"es","potentialAction":[{"@type":"CommentAction","name":"Comment","target":["https:\/\/diarioprincipios.com\/index.php\/2022\/04\/08\/avellaneda-celebro-sus-170-anos\/#respond"]}]},{"@type":"WebPage","@id":"https:\/\/diarioprincipios.com\/index.php\/2022\/04\/08\/avellaneda-celebro-sus-170-anos\/","url":"https:\/\/diarioprincipios.com\/index.php\/2022\/04\/08\/avellaneda-celebro-sus-170-anos\/","name":"Avellaneda celebr\u00f3 sus 170 a\u00f1os\u00a0 - Principios","isPartOf":{"@id":"https:\/\/diarioprincipios.com\/#website"},"primaryImageOfPage":{"@id":"https:\/\/diarioprincipios.com\/index.php\/2022\/04\/08\/avellaneda-celebro-sus-170-anos\/#primaryimage"},"image":{"@id":"https:\/\/diarioprincipios.com\/index.php\/2022\/04\/08\/avellaneda-celebro-sus-170-anos\/#primaryimage"},"thumbnailUrl":"https:\/\/diarioprincipios.com\/wp-content\/uploads\/2022\/04\/3-2.jpg","datePublished":"2022-04-08T17:29:29+00:00","dateModified":"2022-04-08T17:29:38+00:00","breadcrumb":{"@id":"https:\/\/diarioprincipios.com\/index.php\/2022\/04\/08\/avellaneda-celebro-sus-170-anos\/#breadcrumb"},"inLanguage":"es","potentialAction":[{"@type":"ReadAction","target":["https:\/\/diarioprincipios.com\/index.php\/2022\/04\/08\/avellaneda-celebro-sus-170-anos\/"]}]},{"@type":"ImageObject","inLanguage":"es","@id":"https:\/\/diarioprincipios.com\/index.php\/2022\/04\/08\/avellaneda-celebro-sus-170-anos\/#primaryimage","url":"https:\/\/diarioprincipios.com\/wp-content\/uploads\/2022\/04\/3-2.jpg","contentUrl":"https:\/\/diarioprincipios.com\/wp-content\/uploads\/2022\/04\/3-2.jpg","width":1280,"height":917},{"@type":"BreadcrumbList","@id":"https:\/\/diarioprincipios.com\/index.php\/2022\/04\/08\/avellaneda-celebro-sus-170-anos\/#breadcrumb","itemListElement":[{"@type":"ListItem","position":1,"name":"Portada","item":"https:\/\/diarioprincipios.com\/"},{"@type":"ListItem","position":2,"name":"Avellaneda celebr\u00f3 sus 170 a\u00f1os\u00a0"}]},{"@type":"WebSite","@id":"https:\/\/diarioprincipios.com\/#website","url":"https:\/\/diarioprincipios.com\/","name":"Principios","description":"Principios Diario","publisher":{"@id":"https:\/\/diarioprincipios.com\/#organization"},"potentialAction":[{"@type":"SearchAction","target":{"@type":"EntryPoint","urlTemplate":"https:\/\/diarioprincipios.com\/?s={search_term_string}"},"query-input":{"@type":"PropertyValueSpecification","valueRequired":true,"valueName":"search_term_string"}}],"inLanguage":"es"},{"@type":"Organization","@id":"https:\/\/diarioprincipios.com\/#organization","name":"Principios","url":"https:\/\/diarioprincipios.com\/","logo":{"@type":"ImageObject","inLanguage":"es","@id":"https:\/\/diarioprincipios.com\/#\/schema\/logo\/image\/","url":"https:\/\/diarioprincipios.com\/wp-content\/uploads\/2024\/04\/cropped-www.diarioprincipios.com_-1.png","contentUrl":"https:\/\/diarioprincipios.com\/wp-content\/uploads\/2024\/04\/cropped-www.diarioprincipios.com_-1.png","width":5325,"height":1454,"caption":"Principios"},"image":{"@id":"https:\/\/diarioprincipios.com\/#\/schema\/logo\/image\/"}},{"@type":"Person","@id":"https:\/\/diarioprincipios.com\/#\/schema\/person\/436d5a1fd41a5e250e23ff5a6a7cb080","name":"Hern\u00e1n L\u00f3pez","image":{"@type":"ImageObject","inLanguage":"es","@id":"https:\/\/diarioprincipios.com\/wp-content\/litespeed\/avatar\/11ddfe5610ff3bd100522525b2571f48.jpg?ver=1777048341","url":"https:\/\/diarioprincipios.com\/wp-content\/litespeed\/avatar\/11ddfe5610ff3bd100522525b2571f48.jpg?ver=1777048341","contentUrl":"https:\/\/diarioprincipios.com\/wp-content\/litespeed\/avatar\/11ddfe5610ff3bd100522525b2571f48.jpg?ver=1777048341","caption":"Hern\u00e1n L\u00f3pez"},"url":"https:\/\/diarioprincipios.com\/index.php\/author\/hernan\/"}]}},"jetpack_featured_media_url":"https:\/\/diarioprincipios.com\/wp-content\/uploads\/2022\/04\/3-2.jpg","_links":{"self":[{"href":"https:\/\/diarioprincipios.com\/index.php\/wp-json\/wp\/v2\/posts\/13308","targetHints":{"allow":["GET"]}}],"collection":[{"href":"https:\/\/diarioprincipios.com\/index.php\/wp-json\/wp\/v2\/posts"}],"about":[{"href":"https:\/\/diarioprincipios.com\/index.php\/wp-json\/wp\/v2\/types\/post"}],"author":[{"embeddable":true,"href":"https:\/\/diarioprincipios.com\/index.php\/wp-json\/wp\/v2\/users\/2"}],"replies":[{"embeddable":true,"href":"https:\/\/diarioprincipios.com\/index.php\/wp-json\/wp\/v2\/comments?post=13308"}],"version-history":[{"count":1,"href":"https:\/\/diarioprincipios.com\/index.php\/wp-json\/wp\/v2\/posts\/13308\/revisions"}],"predecessor-version":[{"id":13313,"href":"https:\/\/diarioprincipios.com\/index.php\/wp-json\/wp\/v2\/posts\/13308\/revisions\/13313"}],"wp:featuredmedia":[{"embeddable":true,"href":"https:\/\/diarioprincipios.com\/index.php\/wp-json\/wp\/v2\/media\/13312"}],"wp:attachment":[{"href":"https:\/\/diarioprincipios.com\/index.php\/wp-json\/wp\/v2\/media?parent=13308"}],"wp:term":[{"taxonomy":"category","embeddable":true,"href":"https:\/\/diarioprincipios.com\/index.php\/wp-json\/wp\/v2\/categories?post=13308"},{"taxonomy":"post_tag","embeddable":true,"href":"https:\/\/diarioprincipios.com\/index.php\/wp-json\/wp\/v2\/tags?post=13308"}],"curies":[{"name":"wp","href":"https:\/\/api.w.org\/{rel}","templated":true}]}}