{"id":13300,"date":"2022-04-08T12:02:05","date_gmt":"2022-04-08T15:02:05","guid":{"rendered":"http:\/\/diarioprincipios.com\/?p=13300"},"modified":"2022-04-08T12:02:12","modified_gmt":"2022-04-08T15:02:12","slug":"edgardo-cilona-recibio-reconocimiento-de-la-uba-como-ex-combatiente-de-malvinas","status":"publish","type":"post","link":"https:\/\/diarioprincipios.com\/index.php\/2022\/04\/08\/edgardo-cilona-recibio-reconocimiento-de-la-uba-como-ex-combatiente-de-malvinas\/","title":{"rendered":"Edgardo Cilona recibi\u00f3 reconocimiento de la UBA como ex Combatiente de Malvinas"},"content":{"rendered":"\n<p>Una historia poco contada en Berazategui, tal vez por su humildad y bajo perfil, es la del contador Edgardo Cilona, administrador del Parque Industrial Pl\u00e1tanos y reconocido hombre en el mundo industrial de la regi\u00f3n, quien como ex combatiente de Malvinas es todo un ejemplo de esfuerzo y superaci\u00f3n.\u00a0 En estos d\u00edas, en los cuales la UBA\u00a0 (Universidad de Buenos Aires) decidi\u00f3 llevar adelante un reconocimiento a los ex combatientes en el marco de los 40 a\u00f1os de la gesta de Malvinas, Edgardo Cilona fue uno de los que con orgullo para Berazategui recibieron el reconocimiento. En la foto se lo ve a la salida de la Universidad junto a su hijo.<\/p>\n","protected":false},"excerpt":{"rendered":"<p>Una historia poco contada en Berazategui, tal vez por su humildad y bajo perfil, es la del contador Edgardo Cilona, administrador del Parque Industrial Pl\u00e1tanos y reconocido hombre en el mundo industrial de la regi\u00f3n, quien como ex combatiente de Malvinas es todo un ejemplo de esfuerzo y superaci\u00f3n.\u00a0 En estos d\u00edas, en los cuales&#8230;<\/p>\n","protected":false},"author":2,"featured_media":13301,"comment_status":"open","ping_status":"open","sticky":false,"template":"","format":"standard","meta":{"footnotes":""},"categories":[3],"tags":[],"class_list":["post-13300","post","type-post","status-publish","format-standard","has-post-thumbnail","hentry","category-berazategui"],"featured_image_src":"https:\/\/diarioprincipios.com\/wp-content\/uploads\/2022\/04\/cilona-1024x1024.jpg","blog_images":{"medium":"https:\/\/diarioprincipios.com\/wp-content\/uploads\/2022\/04\/cilona-300x300.jpg","large":"https:\/\/diarioprincipios.com\/wp-content\/uploads\/2022\/04\/cilona-1024x1024.jpg"},"ams_acf":[],"yoast_head":"<!-- This site is optimized with the Yoast SEO plugin v27.3 - https:\/\/yoast.com\/product\/yoast-seo-wordpress\/ -->\n<title>Edgardo Cilona recibi\u00f3 reconocimiento de la UBA como ex Combatiente de Malvinas - Principios<\/title>\n<meta name=\"robots\" content=\"index, follow, max-snippet:-1, max-image-preview:large, max-video-preview:-1\" \/>\n<link rel=\"canonical\" href=\"https:\/\/diarioprincipios.com\/index.php\/2022\/04\/08\/edgardo-cilona-recibio-reconocimiento-de-la-uba-como-ex-combatiente-de-malvinas\/\" \/>\n<meta property=\"og:locale\" content=\"es_ES\" \/>\n<meta property=\"og:type\" content=\"article\" \/>\n<meta property=\"og:title\" content=\"Edgardo Cilona recibi\u00f3 reconocimiento de la UBA como ex Combatiente de Malvinas - Principios\" \/>\n<meta property=\"og:description\" content=\"Una historia poco contada en Berazategui, tal vez por su humildad y bajo perfil, es la del contador Edgardo Cilona, administrador del Parque Industrial Pl\u00e1tanos y reconocido hombre en el mundo industrial de la regi\u00f3n, quien como ex combatiente de Malvinas es todo un ejemplo de esfuerzo y superaci\u00f3n.\u00a0 En estos d\u00edas, en los cuales...\" \/>\n<meta property=\"og:url\" content=\"https:\/\/diarioprincipios.com\/index.php\/2022\/04\/08\/edgardo-cilona-recibio-reconocimiento-de-la-uba-como-ex-combatiente-de-malvinas\/\" \/>\n<meta property=\"og:site_name\" content=\"Principios\" \/>\n<meta property=\"article:published_time\" content=\"2022-04-08T15:02:05+00:00\" \/>\n<meta property=\"article:modified_time\" content=\"2022-04-08T15:02:12+00:00\" \/>\n<meta property=\"og:image\" content=\"https:\/\/diarioprincipios.com\/wp-content\/uploads\/2022\/04\/cilona.jpg\" \/>\n\t<meta property=\"og:image:width\" content=\"1080\" \/>\n\t<meta property=\"og:image:height\" content=\"1080\" \/>\n\t<meta property=\"og:image:type\" content=\"image\/jpeg\" \/>\n<meta name=\"author\" content=\"Hern\u00e1n L\u00f3pez\" \/>\n<meta name=\"twitter:card\" content=\"summary_large_image\" \/>\n<meta name=\"twitter:label1\" content=\"Escrito por\" \/>\n\t<meta name=\"twitter:data1\" content=\"Hern\u00e1n L\u00f3pez\" \/>\n\t<meta name=\"twitter:label2\" content=\"Tiempo de lectura\" \/>\n\t<meta name=\"twitter:data2\" content=\"1 minuto\" \/>\n<script type=\"application\/ld+json\" class=\"yoast-schema-graph\">{\"@context\":\"https:\\\/\\\/schema.org\",\"@graph\":[{\"@type\":\"Article\",\"@id\":\"https:\\\/\\\/diarioprincipios.com\\\/index.php\\\/2022\\\/04\\\/08\\\/edgardo-cilona-recibio-reconocimiento-de-la-uba-como-ex-combatiente-de-malvinas\\\/#article\",\"isPartOf\":{\"@id\":\"https:\\\/\\\/diarioprincipios.com\\\/index.php\\\/2022\\\/04\\\/08\\\/edgardo-cilona-recibio-reconocimiento-de-la-uba-como-ex-combatiente-de-malvinas\\\/\"},\"author\":{\"name\":\"Hern\u00e1n L\u00f3pez\",\"@id\":\"https:\\\/\\\/diarioprincipios.com\\\/#\\\/schema\\\/person\\\/436d5a1fd41a5e250e23ff5a6a7cb080\"},\"headline\":\"Edgardo Cilona recibi\u00f3 reconocimiento de la UBA como ex Combatiente de Malvinas\",\"datePublished\":\"2022-04-08T15:02:05+00:00\",\"dateModified\":\"2022-04-08T15:02:12+00:00\",\"mainEntityOfPage\":{\"@id\":\"https:\\\/\\\/diarioprincipios.com\\\/index.php\\\/2022\\\/04\\\/08\\\/edgardo-cilona-recibio-reconocimiento-de-la-uba-como-ex-combatiente-de-malvinas\\\/\"},\"wordCount\":128,\"commentCount\":0,\"publisher\":{\"@id\":\"https:\\\/\\\/diarioprincipios.com\\\/#organization\"},\"image\":{\"@id\":\"https:\\\/\\\/diarioprincipios.com\\\/index.php\\\/2022\\\/04\\\/08\\\/edgardo-cilona-recibio-reconocimiento-de-la-uba-como-ex-combatiente-de-malvinas\\\/#primaryimage\"},\"thumbnailUrl\":\"https:\\\/\\\/diarioprincipios.com\\\/wp-content\\\/uploads\\\/2022\\\/04\\\/cilona.jpg\",\"articleSection\":[\"Berazategui\"],\"inLanguage\":\"es\",\"potentialAction\":[{\"@type\":\"CommentAction\",\"name\":\"Comment\",\"target\":[\"https:\\\/\\\/diarioprincipios.com\\\/index.php\\\/2022\\\/04\\\/08\\\/edgardo-cilona-recibio-reconocimiento-de-la-uba-como-ex-combatiente-de-malvinas\\\/#respond\"]}]},{\"@type\":\"WebPage\",\"@id\":\"https:\\\/\\\/diarioprincipios.com\\\/index.php\\\/2022\\\/04\\\/08\\\/edgardo-cilona-recibio-reconocimiento-de-la-uba-como-ex-combatiente-de-malvinas\\\/\",\"url\":\"https:\\\/\\\/diarioprincipios.com\\\/index.php\\\/2022\\\/04\\\/08\\\/edgardo-cilona-recibio-reconocimiento-de-la-uba-como-ex-combatiente-de-malvinas\\\/\",\"name\":\"Edgardo Cilona recibi\u00f3 reconocimiento de la UBA como ex Combatiente de Malvinas - Principios\",\"isPartOf\":{\"@id\":\"https:\\\/\\\/diarioprincipios.com\\\/#website\"},\"primaryImageOfPage\":{\"@id\":\"https:\\\/\\\/diarioprincipios.com\\\/index.php\\\/2022\\\/04\\\/08\\\/edgardo-cilona-recibio-reconocimiento-de-la-uba-como-ex-combatiente-de-malvinas\\\/#primaryimage\"},\"image\":{\"@id\":\"https:\\\/\\\/diarioprincipios.com\\\/index.php\\\/2022\\\/04\\\/08\\\/edgardo-cilona-recibio-reconocimiento-de-la-uba-como-ex-combatiente-de-malvinas\\\/#primaryimage\"},\"thumbnailUrl\":\"https:\\\/\\\/diarioprincipios.com\\\/wp-content\\\/uploads\\\/2022\\\/04\\\/cilona.jpg\",\"datePublished\":\"2022-04-08T15:02:05+00:00\",\"dateModified\":\"2022-04-08T15:02:12+00:00\",\"breadcrumb\":{\"@id\":\"https:\\\/\\\/diarioprincipios.com\\\/index.php\\\/2022\\\/04\\\/08\\\/edgardo-cilona-recibio-reconocimiento-de-la-uba-como-ex-combatiente-de-malvinas\\\/#breadcrumb\"},\"inLanguage\":\"es\",\"potentialAction\":[{\"@type\":\"ReadAction\",\"target\":[\"https:\\\/\\\/diarioprincipios.com\\\/index.php\\\/2022\\\/04\\\/08\\\/edgardo-cilona-recibio-reconocimiento-de-la-uba-como-ex-combatiente-de-malvinas\\\/\"]}]},{\"@type\":\"ImageObject\",\"inLanguage\":\"es\",\"@id\":\"https:\\\/\\\/diarioprincipios.com\\\/index.php\\\/2022\\\/04\\\/08\\\/edgardo-cilona-recibio-reconocimiento-de-la-uba-como-ex-combatiente-de-malvinas\\\/#primaryimage\",\"url\":\"https:\\\/\\\/diarioprincipios.com\\\/wp-content\\\/uploads\\\/2022\\\/04\\\/cilona.jpg\",\"contentUrl\":\"https:\\\/\\\/diarioprincipios.com\\\/wp-content\\\/uploads\\\/2022\\\/04\\\/cilona.jpg\",\"width\":1080,\"height\":1080},{\"@type\":\"BreadcrumbList\",\"@id\":\"https:\\\/\\\/diarioprincipios.com\\\/index.php\\\/2022\\\/04\\\/08\\\/edgardo-cilona-recibio-reconocimiento-de-la-uba-como-ex-combatiente-de-malvinas\\\/#breadcrumb\",\"itemListElement\":[{\"@type\":\"ListItem\",\"position\":1,\"name\":\"Portada\",\"item\":\"https:\\\/\\\/diarioprincipios.com\\\/\"},{\"@type\":\"ListItem\",\"position\":2,\"name\":\"Edgardo Cilona recibi\u00f3 reconocimiento de la UBA como ex Combatiente de Malvinas\"}]},{\"@type\":\"WebSite\",\"@id\":\"https:\\\/\\\/diarioprincipios.com\\\/#website\",\"url\":\"https:\\\/\\\/diarioprincipios.com\\\/\",\"name\":\"Principios\",\"description\":\"Principios Diario\",\"publisher\":{\"@id\":\"https:\\\/\\\/diarioprincipios.com\\\/#organization\"},\"potentialAction\":[{\"@type\":\"SearchAction\",\"target\":{\"@type\":\"EntryPoint\",\"urlTemplate\":\"https:\\\/\\\/diarioprincipios.com\\\/?s={search_term_string}\"},\"query-input\":{\"@type\":\"PropertyValueSpecification\",\"valueRequired\":true,\"valueName\":\"search_term_string\"}}],\"inLanguage\":\"es\"},{\"@type\":\"Organization\",\"@id\":\"https:\\\/\\\/diarioprincipios.com\\\/#organization\",\"name\":\"Principios\",\"url\":\"https:\\\/\\\/diarioprincipios.com\\\/\",\"logo\":{\"@type\":\"ImageObject\",\"inLanguage\":\"es\",\"@id\":\"https:\\\/\\\/diarioprincipios.com\\\/#\\\/schema\\\/logo\\\/image\\\/\",\"url\":\"https:\\\/\\\/diarioprincipios.com\\\/wp-content\\\/uploads\\\/2024\\\/04\\\/cropped-www.diarioprincipios.com_-1.png\",\"contentUrl\":\"https:\\\/\\\/diarioprincipios.com\\\/wp-content\\\/uploads\\\/2024\\\/04\\\/cropped-www.diarioprincipios.com_-1.png\",\"width\":5325,\"height\":1454,\"caption\":\"Principios\"},\"image\":{\"@id\":\"https:\\\/\\\/diarioprincipios.com\\\/#\\\/schema\\\/logo\\\/image\\\/\"}},{\"@type\":\"Person\",\"@id\":\"https:\\\/\\\/diarioprincipios.com\\\/#\\\/schema\\\/person\\\/436d5a1fd41a5e250e23ff5a6a7cb080\",\"name\":\"Hern\u00e1n L\u00f3pez\",\"image\":{\"@type\":\"ImageObject\",\"inLanguage\":\"es\",\"@id\":\"https:\\\/\\\/diarioprincipios.com\\\/wp-content\\\/litespeed\\\/avatar\\\/11ddfe5610ff3bd100522525b2571f48.jpg?ver=1777048341\",\"url\":\"https:\\\/\\\/diarioprincipios.com\\\/wp-content\\\/litespeed\\\/avatar\\\/11ddfe5610ff3bd100522525b2571f48.jpg?ver=1777048341\",\"contentUrl\":\"https:\\\/\\\/diarioprincipios.com\\\/wp-content\\\/litespeed\\\/avatar\\\/11ddfe5610ff3bd100522525b2571f48.jpg?ver=1777048341\",\"caption\":\"Hern\u00e1n L\u00f3pez\"},\"url\":\"https:\\\/\\\/diarioprincipios.com\\\/index.php\\\/author\\\/hernan\\\/\"}]}<\/script>\n<!-- \/ Yoast SEO plugin. -->","yoast_head_json":{"title":"Edgardo Cilona recibi\u00f3 reconocimiento de la UBA como ex Combatiente de Malvinas - Principios","robots":{"index":"index","follow":"follow","max-snippet":"max-snippet:-1","max-image-preview":"max-image-preview:large","max-video-preview":"max-video-preview:-1"},"canonical":"https:\/\/diarioprincipios.com\/index.php\/2022\/04\/08\/edgardo-cilona-recibio-reconocimiento-de-la-uba-como-ex-combatiente-de-malvinas\/","og_locale":"es_ES","og_type":"article","og_title":"Edgardo Cilona recibi\u00f3 reconocimiento de la UBA como ex Combatiente de Malvinas - Principios","og_description":"Una historia poco contada en Berazategui, tal vez por su humildad y bajo perfil, es la del contador Edgardo Cilona, administrador del Parque Industrial Pl\u00e1tanos y reconocido hombre en el mundo industrial de la regi\u00f3n, quien como ex combatiente de Malvinas es todo un ejemplo de esfuerzo y superaci\u00f3n.\u00a0 En estos d\u00edas, en los cuales...","og_url":"https:\/\/diarioprincipios.com\/index.php\/2022\/04\/08\/edgardo-cilona-recibio-reconocimiento-de-la-uba-como-ex-combatiente-de-malvinas\/","og_site_name":"Principios","article_published_time":"2022-04-08T15:02:05+00:00","article_modified_time":"2022-04-08T15:02:12+00:00","og_image":[{"width":1080,"height":1080,"url":"https:\/\/diarioprincipios.com\/wp-content\/uploads\/2022\/04\/cilona.jpg","type":"image\/jpeg"}],"author":"Hern\u00e1n L\u00f3pez","twitter_card":"summary_large_image","twitter_misc":{"Escrito por":"Hern\u00e1n L\u00f3pez","Tiempo de lectura":"1 minuto"},"schema":{"@context":"https:\/\/schema.org","@graph":[{"@type":"Article","@id":"https:\/\/diarioprincipios.com\/index.php\/2022\/04\/08\/edgardo-cilona-recibio-reconocimiento-de-la-uba-como-ex-combatiente-de-malvinas\/#article","isPartOf":{"@id":"https:\/\/diarioprincipios.com\/index.php\/2022\/04\/08\/edgardo-cilona-recibio-reconocimiento-de-la-uba-como-ex-combatiente-de-malvinas\/"},"author":{"name":"Hern\u00e1n L\u00f3pez","@id":"https:\/\/diarioprincipios.com\/#\/schema\/person\/436d5a1fd41a5e250e23ff5a6a7cb080"},"headline":"Edgardo Cilona recibi\u00f3 reconocimiento de la UBA como ex Combatiente de Malvinas","datePublished":"2022-04-08T15:02:05+00:00","dateModified":"2022-04-08T15:02:12+00:00","mainEntityOfPage":{"@id":"https:\/\/diarioprincipios.com\/index.php\/2022\/04\/08\/edgardo-cilona-recibio-reconocimiento-de-la-uba-como-ex-combatiente-de-malvinas\/"},"wordCount":128,"commentCount":0,"publisher":{"@id":"https:\/\/diarioprincipios.com\/#organization"},"image":{"@id":"https:\/\/diarioprincipios.com\/index.php\/2022\/04\/08\/edgardo-cilona-recibio-reconocimiento-de-la-uba-como-ex-combatiente-de-malvinas\/#primaryimage"},"thumbnailUrl":"https:\/\/diarioprincipios.com\/wp-content\/uploads\/2022\/04\/cilona.jpg","articleSection":["Berazategui"],"inLanguage":"es","potentialAction":[{"@type":"CommentAction","name":"Comment","target":["https:\/\/diarioprincipios.com\/index.php\/2022\/04\/08\/edgardo-cilona-recibio-reconocimiento-de-la-uba-como-ex-combatiente-de-malvinas\/#respond"]}]},{"@type":"WebPage","@id":"https:\/\/diarioprincipios.com\/index.php\/2022\/04\/08\/edgardo-cilona-recibio-reconocimiento-de-la-uba-como-ex-combatiente-de-malvinas\/","url":"https:\/\/diarioprincipios.com\/index.php\/2022\/04\/08\/edgardo-cilona-recibio-reconocimiento-de-la-uba-como-ex-combatiente-de-malvinas\/","name":"Edgardo Cilona recibi\u00f3 reconocimiento de la UBA como ex Combatiente de Malvinas - Principios","isPartOf":{"@id":"https:\/\/diarioprincipios.com\/#website"},"primaryImageOfPage":{"@id":"https:\/\/diarioprincipios.com\/index.php\/2022\/04\/08\/edgardo-cilona-recibio-reconocimiento-de-la-uba-como-ex-combatiente-de-malvinas\/#primaryimage"},"image":{"@id":"https:\/\/diarioprincipios.com\/index.php\/2022\/04\/08\/edgardo-cilona-recibio-reconocimiento-de-la-uba-como-ex-combatiente-de-malvinas\/#primaryimage"},"thumbnailUrl":"https:\/\/diarioprincipios.com\/wp-content\/uploads\/2022\/04\/cilona.jpg","datePublished":"2022-04-08T15:02:05+00:00","dateModified":"2022-04-08T15:02:12+00:00","breadcrumb":{"@id":"https:\/\/diarioprincipios.com\/index.php\/2022\/04\/08\/edgardo-cilona-recibio-reconocimiento-de-la-uba-como-ex-combatiente-de-malvinas\/#breadcrumb"},"inLanguage":"es","potentialAction":[{"@type":"ReadAction","target":["https:\/\/diarioprincipios.com\/index.php\/2022\/04\/08\/edgardo-cilona-recibio-reconocimiento-de-la-uba-como-ex-combatiente-de-malvinas\/"]}]},{"@type":"ImageObject","inLanguage":"es","@id":"https:\/\/diarioprincipios.com\/index.php\/2022\/04\/08\/edgardo-cilona-recibio-reconocimiento-de-la-uba-como-ex-combatiente-de-malvinas\/#primaryimage","url":"https:\/\/diarioprincipios.com\/wp-content\/uploads\/2022\/04\/cilona.jpg","contentUrl":"https:\/\/diarioprincipios.com\/wp-content\/uploads\/2022\/04\/cilona.jpg","width":1080,"height":1080},{"@type":"BreadcrumbList","@id":"https:\/\/diarioprincipios.com\/index.php\/2022\/04\/08\/edgardo-cilona-recibio-reconocimiento-de-la-uba-como-ex-combatiente-de-malvinas\/#breadcrumb","itemListElement":[{"@type":"ListItem","position":1,"name":"Portada","item":"https:\/\/diarioprincipios.com\/"},{"@type":"ListItem","position":2,"name":"Edgardo Cilona recibi\u00f3 reconocimiento de la UBA como ex Combatiente de Malvinas"}]},{"@type":"WebSite","@id":"https:\/\/diarioprincipios.com\/#website","url":"https:\/\/diarioprincipios.com\/","name":"Principios","description":"Principios Diario","publisher":{"@id":"https:\/\/diarioprincipios.com\/#organization"},"potentialAction":[{"@type":"SearchAction","target":{"@type":"EntryPoint","urlTemplate":"https:\/\/diarioprincipios.com\/?s={search_term_string}"},"query-input":{"@type":"PropertyValueSpecification","valueRequired":true,"valueName":"search_term_string"}}],"inLanguage":"es"},{"@type":"Organization","@id":"https:\/\/diarioprincipios.com\/#organization","name":"Principios","url":"https:\/\/diarioprincipios.com\/","logo":{"@type":"ImageObject","inLanguage":"es","@id":"https:\/\/diarioprincipios.com\/#\/schema\/logo\/image\/","url":"https:\/\/diarioprincipios.com\/wp-content\/uploads\/2024\/04\/cropped-www.diarioprincipios.com_-1.png","contentUrl":"https:\/\/diarioprincipios.com\/wp-content\/uploads\/2024\/04\/cropped-www.diarioprincipios.com_-1.png","width":5325,"height":1454,"caption":"Principios"},"image":{"@id":"https:\/\/diarioprincipios.com\/#\/schema\/logo\/image\/"}},{"@type":"Person","@id":"https:\/\/diarioprincipios.com\/#\/schema\/person\/436d5a1fd41a5e250e23ff5a6a7cb080","name":"Hern\u00e1n L\u00f3pez","image":{"@type":"ImageObject","inLanguage":"es","@id":"https:\/\/diarioprincipios.com\/wp-content\/litespeed\/avatar\/11ddfe5610ff3bd100522525b2571f48.jpg?ver=1777048341","url":"https:\/\/diarioprincipios.com\/wp-content\/litespeed\/avatar\/11ddfe5610ff3bd100522525b2571f48.jpg?ver=1777048341","contentUrl":"https:\/\/diarioprincipios.com\/wp-content\/litespeed\/avatar\/11ddfe5610ff3bd100522525b2571f48.jpg?ver=1777048341","caption":"Hern\u00e1n L\u00f3pez"},"url":"https:\/\/diarioprincipios.com\/index.php\/author\/hernan\/"}]}},"jetpack_featured_media_url":"https:\/\/diarioprincipios.com\/wp-content\/uploads\/2022\/04\/cilona.jpg","_links":{"self":[{"href":"https:\/\/diarioprincipios.com\/index.php\/wp-json\/wp\/v2\/posts\/13300","targetHints":{"allow":["GET"]}}],"collection":[{"href":"https:\/\/diarioprincipios.com\/index.php\/wp-json\/wp\/v2\/posts"}],"about":[{"href":"https:\/\/diarioprincipios.com\/index.php\/wp-json\/wp\/v2\/types\/post"}],"author":[{"embeddable":true,"href":"https:\/\/diarioprincipios.com\/index.php\/wp-json\/wp\/v2\/users\/2"}],"replies":[{"embeddable":true,"href":"https:\/\/diarioprincipios.com\/index.php\/wp-json\/wp\/v2\/comments?post=13300"}],"version-history":[{"count":1,"href":"https:\/\/diarioprincipios.com\/index.php\/wp-json\/wp\/v2\/posts\/13300\/revisions"}],"predecessor-version":[{"id":13302,"href":"https:\/\/diarioprincipios.com\/index.php\/wp-json\/wp\/v2\/posts\/13300\/revisions\/13302"}],"wp:featuredmedia":[{"embeddable":true,"href":"https:\/\/diarioprincipios.com\/index.php\/wp-json\/wp\/v2\/media\/13301"}],"wp:attachment":[{"href":"https:\/\/diarioprincipios.com\/index.php\/wp-json\/wp\/v2\/media?parent=13300"}],"wp:term":[{"taxonomy":"category","embeddable":true,"href":"https:\/\/diarioprincipios.com\/index.php\/wp-json\/wp\/v2\/categories?post=13300"},{"taxonomy":"post_tag","embeddable":true,"href":"https:\/\/diarioprincipios.com\/index.php\/wp-json\/wp\/v2\/tags?post=13300"}],"curies":[{"name":"wp","href":"https:\/\/api.w.org\/{rel}","templated":true}]}}