{"id":13297,"date":"2022-04-07T13:11:50","date_gmt":"2022-04-07T16:11:50","guid":{"rendered":"http:\/\/diarioprincipios.com\/?p=13297"},"modified":"2022-04-07T13:11:56","modified_gmt":"2022-04-07T16:11:56","slug":"la-unq-inauguro-nuevas-aulas","status":"publish","type":"post","link":"https:\/\/diarioprincipios.com\/index.php\/2022\/04\/07\/la-unq-inauguro-nuevas-aulas\/","title":{"rendered":"La UNQ inaugur\u00f3 nuevas aulas"},"content":{"rendered":"\n<p>El mi\u00e9rcoles 6 de abril de 2022 la Universidad Nacional de Quilmes (UNQ) inaugur\u00f3 nuevas aulas en el Pabell\u00f3n Central, un \u00e1rea que completa el Plan Maestro arquitect\u00f3nico y que vincula dos naves de la antigua f\u00e1brica textil.<\/p>\n\n\n\n<p><\/p>\n\n\n\n<p>El acto cont\u00f3 con la presencia de Alfredo Alfonso, Rector de la UNQ; Mar\u00eda Alejandra Zinni, Vicerrectora de la UNQ; Jaime Perczyk, Ministro de Educaci\u00f3n de la Naci\u00f3n; Oscar Alpa, Secretario de Pol\u00edticas Universitarias (SPU); Mayra Mendoza, Intendenta de Quilmes; Leandro Quiroga, Subsecretario de Fortalecimiento de Trayectorias Estudiantiles; Daniel L\u00f3pez, Director Nacional de Programa de Ciencia y Vinculaci\u00f3n Tecnol\u00f3gica de la SPU; Ing. Jorge Calzoni, Rector de la Universidad Nacional de Avellaneda (UNDAV); y Bioq. Ricardo A. Serra, Vicerrector de la UNDAV.<\/p>\n\n\n\n<p><\/p>\n\n\n\n<p>En su discurso, el Rector de la UNQ se\u00f1al\u00f3: \u201cSi tuvi\u00e9ramos que poner un t\u00edtulo a este momento ser\u00eda \u00abEstado presente\u00bb. La primera etapa fue inaugurada durante la presidencia de Cristina Fern\u00e1ndez de Kirchner. Y la segunda con el gobierno actual. En estas aulas se formar\u00e1n comunicadores, educadores y muchos m\u00e1s perfiles de estudiantes. Agradecemos profundamente a todos los que han contribuido para este proyecto\u201d.<\/p>\n\n\n\n<p><\/p>\n\n\n\n<p>Por su parte, el Ministro de Educaci\u00f3n declar\u00f3: \u201cEs una alegr\u00eda inaugurar un edificio de una universidad del conurbano. Decimos conurbano con mucho orgullo porque son lugares donde se accede a la educaci\u00f3n superior, se hace investigaci\u00f3n, se produce conocimiento, se hace innovaci\u00f3n tecnol\u00f3gica, se hace arte, se crece. Es un proyecto de vida\u201d. Y agreg\u00f3: \u201cLa UNQ es un modelo para otras Universidades de Argentina de formaci\u00f3n, de dise\u00f1o democr\u00e1tico, de interacci\u00f3n con el territorio, de producci\u00f3n de conocimiento, de formaci\u00f3n, de inserci\u00f3n profesional\u201d.<\/p>\n\n\n\n<p><\/p>\n\n\n\n<p><\/p>\n\n\n\n<p><strong>Detalles de la obra<\/strong><\/p>\n\n\n\n<p><\/p>\n\n\n\n<p>El nuevo sector edilicio de la UNQ se sumar\u00e1 al denominado Pabell\u00f3n Central 1\u00aa Etapa, actualmente en funcionamiento, y ocupa un \u00e1rea aproximada de 780 m2 dentro de los 1.500 m2 que contempla el sector. Como todos los espacios de la Universidad, el proyecto se realiz\u00f3 sobre la traza generada por la antigua Fabril Financiera, respetando sus caracter\u00edsticas industriales.<\/p>\n\n\n\n<p><\/p>\n\n\n\n<p>La segunda nave del Pabell\u00f3n Central cuenta con 18 nuevas aulas que dar\u00e1n cobertura a las necesidades de una matr\u00edcula en constante crecimiento y beneficiar\u00e1 a m\u00e1s de 31 mil estudiantes. En su planta inferior, el nuevo espacio presenta un Museo de Sitio, donde se encuentran en exposici\u00f3n maquinarias pertenecientes a la antigua f\u00e1brica textil.<\/p>\n\n\n\n<p><\/p>\n\n\n\n<p>El plan edilicio se enmarca en el Programa de Inversi\u00f3n en Infraestructura Universitaria 2019-2023, presentado por el Presidente de la Naci\u00f3n Alberto Fern\u00e1ndez el 15 de julio de 2020. La nueva obra de la UNQ se concret\u00f3 a partir de la Licitaci\u00f3n P\u00fablica Nacional N\u00b0: LPN 03\/2020 [CU-040\/20] formalizada el 7 de enero de 2021, con un costo total de $74.903.836,50. La construcci\u00f3n del nuevo espacio de la UNQ inici\u00f3 el 14 de junio de 2021 y tiene un plazo de finalizaci\u00f3n de obra de 12 meses.<\/p>\n","protected":false},"excerpt":{"rendered":"<p>El mi\u00e9rcoles 6 de abril de 2022 la Universidad Nacional de Quilmes (UNQ) inaugur\u00f3 nuevas aulas en el Pabell\u00f3n Central, un \u00e1rea que completa el Plan Maestro arquitect\u00f3nico y que vincula dos naves de la antigua f\u00e1brica textil. El acto cont\u00f3 con la presencia de Alfredo Alfonso, Rector de la UNQ; Mar\u00eda Alejandra Zinni, Vicerrectora&#8230;<\/p>\n","protected":false},"author":2,"featured_media":13298,"comment_status":"open","ping_status":"open","sticky":false,"template":"","format":"standard","meta":{"footnotes":""},"categories":[4],"tags":[],"class_list":["post-13297","post","type-post","status-publish","format-standard","has-post-thumbnail","hentry","category-quilmes"],"featured_image_src":"https:\/\/diarioprincipios.com\/wp-content\/uploads\/2022\/04\/624e0f67455ae_700x406.png","blog_images":{"medium":"https:\/\/diarioprincipios.com\/wp-content\/uploads\/2022\/04\/624e0f67455ae_700x406-300x174.png","large":"https:\/\/diarioprincipios.com\/wp-content\/uploads\/2022\/04\/624e0f67455ae_700x406.png"},"ams_acf":[],"yoast_head":"<!-- This site is optimized with the Yoast SEO plugin v27.3 - https:\/\/yoast.com\/product\/yoast-seo-wordpress\/ -->\n<title>La UNQ inaugur\u00f3 nuevas aulas - Principios<\/title>\n<meta name=\"robots\" content=\"index, follow, max-snippet:-1, max-image-preview:large, max-video-preview:-1\" \/>\n<link rel=\"canonical\" href=\"https:\/\/diarioprincipios.com\/index.php\/2022\/04\/07\/la-unq-inauguro-nuevas-aulas\/\" \/>\n<meta property=\"og:locale\" content=\"es_ES\" \/>\n<meta property=\"og:type\" content=\"article\" \/>\n<meta property=\"og:title\" content=\"La UNQ inaugur\u00f3 nuevas aulas - Principios\" \/>\n<meta property=\"og:description\" content=\"El mi\u00e9rcoles 6 de abril de 2022 la Universidad Nacional de Quilmes (UNQ) inaugur\u00f3 nuevas aulas en el Pabell\u00f3n Central, un \u00e1rea que completa el Plan Maestro arquitect\u00f3nico y que vincula dos naves de la antigua f\u00e1brica textil. El acto cont\u00f3 con la presencia de Alfredo Alfonso, Rector de la UNQ; Mar\u00eda Alejandra Zinni, Vicerrectora...\" \/>\n<meta property=\"og:url\" content=\"https:\/\/diarioprincipios.com\/index.php\/2022\/04\/07\/la-unq-inauguro-nuevas-aulas\/\" \/>\n<meta property=\"og:site_name\" content=\"Principios\" \/>\n<meta property=\"article:published_time\" content=\"2022-04-07T16:11:50+00:00\" \/>\n<meta property=\"article:modified_time\" content=\"2022-04-07T16:11:56+00:00\" \/>\n<meta property=\"og:image\" content=\"https:\/\/diarioprincipios.com\/wp-content\/uploads\/2022\/04\/624e0f67455ae_700x406.png\" \/>\n\t<meta property=\"og:image:width\" content=\"700\" \/>\n\t<meta property=\"og:image:height\" content=\"406\" \/>\n\t<meta property=\"og:image:type\" content=\"image\/png\" \/>\n<meta name=\"author\" content=\"Hern\u00e1n L\u00f3pez\" \/>\n<meta name=\"twitter:card\" content=\"summary_large_image\" \/>\n<meta name=\"twitter:label1\" content=\"Escrito por\" \/>\n\t<meta name=\"twitter:data1\" content=\"Hern\u00e1n L\u00f3pez\" \/>\n\t<meta name=\"twitter:label2\" content=\"Tiempo de lectura\" \/>\n\t<meta name=\"twitter:data2\" content=\"3 minutos\" \/>\n<script type=\"application\/ld+json\" class=\"yoast-schema-graph\">{\"@context\":\"https:\\\/\\\/schema.org\",\"@graph\":[{\"@type\":\"Article\",\"@id\":\"https:\\\/\\\/diarioprincipios.com\\\/index.php\\\/2022\\\/04\\\/07\\\/la-unq-inauguro-nuevas-aulas\\\/#article\",\"isPartOf\":{\"@id\":\"https:\\\/\\\/diarioprincipios.com\\\/index.php\\\/2022\\\/04\\\/07\\\/la-unq-inauguro-nuevas-aulas\\\/\"},\"author\":{\"name\":\"Hern\u00e1n L\u00f3pez\",\"@id\":\"https:\\\/\\\/diarioprincipios.com\\\/#\\\/schema\\\/person\\\/436d5a1fd41a5e250e23ff5a6a7cb080\"},\"headline\":\"La UNQ inaugur\u00f3 nuevas aulas\",\"datePublished\":\"2022-04-07T16:11:50+00:00\",\"dateModified\":\"2022-04-07T16:11:56+00:00\",\"mainEntityOfPage\":{\"@id\":\"https:\\\/\\\/diarioprincipios.com\\\/index.php\\\/2022\\\/04\\\/07\\\/la-unq-inauguro-nuevas-aulas\\\/\"},\"wordCount\":510,\"commentCount\":0,\"publisher\":{\"@id\":\"https:\\\/\\\/diarioprincipios.com\\\/#organization\"},\"image\":{\"@id\":\"https:\\\/\\\/diarioprincipios.com\\\/index.php\\\/2022\\\/04\\\/07\\\/la-unq-inauguro-nuevas-aulas\\\/#primaryimage\"},\"thumbnailUrl\":\"https:\\\/\\\/diarioprincipios.com\\\/wp-content\\\/uploads\\\/2022\\\/04\\\/624e0f67455ae_700x406.png\",\"articleSection\":[\"Quilmes\"],\"inLanguage\":\"es\",\"potentialAction\":[{\"@type\":\"CommentAction\",\"name\":\"Comment\",\"target\":[\"https:\\\/\\\/diarioprincipios.com\\\/index.php\\\/2022\\\/04\\\/07\\\/la-unq-inauguro-nuevas-aulas\\\/#respond\"]}]},{\"@type\":\"WebPage\",\"@id\":\"https:\\\/\\\/diarioprincipios.com\\\/index.php\\\/2022\\\/04\\\/07\\\/la-unq-inauguro-nuevas-aulas\\\/\",\"url\":\"https:\\\/\\\/diarioprincipios.com\\\/index.php\\\/2022\\\/04\\\/07\\\/la-unq-inauguro-nuevas-aulas\\\/\",\"name\":\"La UNQ inaugur\u00f3 nuevas aulas - Principios\",\"isPartOf\":{\"@id\":\"https:\\\/\\\/diarioprincipios.com\\\/#website\"},\"primaryImageOfPage\":{\"@id\":\"https:\\\/\\\/diarioprincipios.com\\\/index.php\\\/2022\\\/04\\\/07\\\/la-unq-inauguro-nuevas-aulas\\\/#primaryimage\"},\"image\":{\"@id\":\"https:\\\/\\\/diarioprincipios.com\\\/index.php\\\/2022\\\/04\\\/07\\\/la-unq-inauguro-nuevas-aulas\\\/#primaryimage\"},\"thumbnailUrl\":\"https:\\\/\\\/diarioprincipios.com\\\/wp-content\\\/uploads\\\/2022\\\/04\\\/624e0f67455ae_700x406.png\",\"datePublished\":\"2022-04-07T16:11:50+00:00\",\"dateModified\":\"2022-04-07T16:11:56+00:00\",\"breadcrumb\":{\"@id\":\"https:\\\/\\\/diarioprincipios.com\\\/index.php\\\/2022\\\/04\\\/07\\\/la-unq-inauguro-nuevas-aulas\\\/#breadcrumb\"},\"inLanguage\":\"es\",\"potentialAction\":[{\"@type\":\"ReadAction\",\"target\":[\"https:\\\/\\\/diarioprincipios.com\\\/index.php\\\/2022\\\/04\\\/07\\\/la-unq-inauguro-nuevas-aulas\\\/\"]}]},{\"@type\":\"ImageObject\",\"inLanguage\":\"es\",\"@id\":\"https:\\\/\\\/diarioprincipios.com\\\/index.php\\\/2022\\\/04\\\/07\\\/la-unq-inauguro-nuevas-aulas\\\/#primaryimage\",\"url\":\"https:\\\/\\\/diarioprincipios.com\\\/wp-content\\\/uploads\\\/2022\\\/04\\\/624e0f67455ae_700x406.png\",\"contentUrl\":\"https:\\\/\\\/diarioprincipios.com\\\/wp-content\\\/uploads\\\/2022\\\/04\\\/624e0f67455ae_700x406.png\",\"width\":700,\"height\":406},{\"@type\":\"BreadcrumbList\",\"@id\":\"https:\\\/\\\/diarioprincipios.com\\\/index.php\\\/2022\\\/04\\\/07\\\/la-unq-inauguro-nuevas-aulas\\\/#breadcrumb\",\"itemListElement\":[{\"@type\":\"ListItem\",\"position\":1,\"name\":\"Portada\",\"item\":\"https:\\\/\\\/diarioprincipios.com\\\/\"},{\"@type\":\"ListItem\",\"position\":2,\"name\":\"La UNQ inaugur\u00f3 nuevas aulas\"}]},{\"@type\":\"WebSite\",\"@id\":\"https:\\\/\\\/diarioprincipios.com\\\/#website\",\"url\":\"https:\\\/\\\/diarioprincipios.com\\\/\",\"name\":\"Principios\",\"description\":\"Principios Diario\",\"publisher\":{\"@id\":\"https:\\\/\\\/diarioprincipios.com\\\/#organization\"},\"potentialAction\":[{\"@type\":\"SearchAction\",\"target\":{\"@type\":\"EntryPoint\",\"urlTemplate\":\"https:\\\/\\\/diarioprincipios.com\\\/?s={search_term_string}\"},\"query-input\":{\"@type\":\"PropertyValueSpecification\",\"valueRequired\":true,\"valueName\":\"search_term_string\"}}],\"inLanguage\":\"es\"},{\"@type\":\"Organization\",\"@id\":\"https:\\\/\\\/diarioprincipios.com\\\/#organization\",\"name\":\"Principios\",\"url\":\"https:\\\/\\\/diarioprincipios.com\\\/\",\"logo\":{\"@type\":\"ImageObject\",\"inLanguage\":\"es\",\"@id\":\"https:\\\/\\\/diarioprincipios.com\\\/#\\\/schema\\\/logo\\\/image\\\/\",\"url\":\"https:\\\/\\\/diarioprincipios.com\\\/wp-content\\\/uploads\\\/2024\\\/04\\\/cropped-www.diarioprincipios.com_-1.png\",\"contentUrl\":\"https:\\\/\\\/diarioprincipios.com\\\/wp-content\\\/uploads\\\/2024\\\/04\\\/cropped-www.diarioprincipios.com_-1.png\",\"width\":5325,\"height\":1454,\"caption\":\"Principios\"},\"image\":{\"@id\":\"https:\\\/\\\/diarioprincipios.com\\\/#\\\/schema\\\/logo\\\/image\\\/\"}},{\"@type\":\"Person\",\"@id\":\"https:\\\/\\\/diarioprincipios.com\\\/#\\\/schema\\\/person\\\/436d5a1fd41a5e250e23ff5a6a7cb080\",\"name\":\"Hern\u00e1n L\u00f3pez\",\"image\":{\"@type\":\"ImageObject\",\"inLanguage\":\"es\",\"@id\":\"https:\\\/\\\/diarioprincipios.com\\\/wp-content\\\/litespeed\\\/avatar\\\/11ddfe5610ff3bd100522525b2571f48.jpg?ver=1777048341\",\"url\":\"https:\\\/\\\/diarioprincipios.com\\\/wp-content\\\/litespeed\\\/avatar\\\/11ddfe5610ff3bd100522525b2571f48.jpg?ver=1777048341\",\"contentUrl\":\"https:\\\/\\\/diarioprincipios.com\\\/wp-content\\\/litespeed\\\/avatar\\\/11ddfe5610ff3bd100522525b2571f48.jpg?ver=1777048341\",\"caption\":\"Hern\u00e1n L\u00f3pez\"},\"url\":\"https:\\\/\\\/diarioprincipios.com\\\/index.php\\\/author\\\/hernan\\\/\"}]}<\/script>\n<!-- \/ Yoast SEO plugin. -->","yoast_head_json":{"title":"La UNQ inaugur\u00f3 nuevas aulas - Principios","robots":{"index":"index","follow":"follow","max-snippet":"max-snippet:-1","max-image-preview":"max-image-preview:large","max-video-preview":"max-video-preview:-1"},"canonical":"https:\/\/diarioprincipios.com\/index.php\/2022\/04\/07\/la-unq-inauguro-nuevas-aulas\/","og_locale":"es_ES","og_type":"article","og_title":"La UNQ inaugur\u00f3 nuevas aulas - Principios","og_description":"El mi\u00e9rcoles 6 de abril de 2022 la Universidad Nacional de Quilmes (UNQ) inaugur\u00f3 nuevas aulas en el Pabell\u00f3n Central, un \u00e1rea que completa el Plan Maestro arquitect\u00f3nico y que vincula dos naves de la antigua f\u00e1brica textil. El acto cont\u00f3 con la presencia de Alfredo Alfonso, Rector de la UNQ; Mar\u00eda Alejandra Zinni, Vicerrectora...","og_url":"https:\/\/diarioprincipios.com\/index.php\/2022\/04\/07\/la-unq-inauguro-nuevas-aulas\/","og_site_name":"Principios","article_published_time":"2022-04-07T16:11:50+00:00","article_modified_time":"2022-04-07T16:11:56+00:00","og_image":[{"width":700,"height":406,"url":"https:\/\/diarioprincipios.com\/wp-content\/uploads\/2022\/04\/624e0f67455ae_700x406.png","type":"image\/png"}],"author":"Hern\u00e1n L\u00f3pez","twitter_card":"summary_large_image","twitter_misc":{"Escrito por":"Hern\u00e1n L\u00f3pez","Tiempo de lectura":"3 minutos"},"schema":{"@context":"https:\/\/schema.org","@graph":[{"@type":"Article","@id":"https:\/\/diarioprincipios.com\/index.php\/2022\/04\/07\/la-unq-inauguro-nuevas-aulas\/#article","isPartOf":{"@id":"https:\/\/diarioprincipios.com\/index.php\/2022\/04\/07\/la-unq-inauguro-nuevas-aulas\/"},"author":{"name":"Hern\u00e1n L\u00f3pez","@id":"https:\/\/diarioprincipios.com\/#\/schema\/person\/436d5a1fd41a5e250e23ff5a6a7cb080"},"headline":"La UNQ inaugur\u00f3 nuevas aulas","datePublished":"2022-04-07T16:11:50+00:00","dateModified":"2022-04-07T16:11:56+00:00","mainEntityOfPage":{"@id":"https:\/\/diarioprincipios.com\/index.php\/2022\/04\/07\/la-unq-inauguro-nuevas-aulas\/"},"wordCount":510,"commentCount":0,"publisher":{"@id":"https:\/\/diarioprincipios.com\/#organization"},"image":{"@id":"https:\/\/diarioprincipios.com\/index.php\/2022\/04\/07\/la-unq-inauguro-nuevas-aulas\/#primaryimage"},"thumbnailUrl":"https:\/\/diarioprincipios.com\/wp-content\/uploads\/2022\/04\/624e0f67455ae_700x406.png","articleSection":["Quilmes"],"inLanguage":"es","potentialAction":[{"@type":"CommentAction","name":"Comment","target":["https:\/\/diarioprincipios.com\/index.php\/2022\/04\/07\/la-unq-inauguro-nuevas-aulas\/#respond"]}]},{"@type":"WebPage","@id":"https:\/\/diarioprincipios.com\/index.php\/2022\/04\/07\/la-unq-inauguro-nuevas-aulas\/","url":"https:\/\/diarioprincipios.com\/index.php\/2022\/04\/07\/la-unq-inauguro-nuevas-aulas\/","name":"La UNQ inaugur\u00f3 nuevas aulas - Principios","isPartOf":{"@id":"https:\/\/diarioprincipios.com\/#website"},"primaryImageOfPage":{"@id":"https:\/\/diarioprincipios.com\/index.php\/2022\/04\/07\/la-unq-inauguro-nuevas-aulas\/#primaryimage"},"image":{"@id":"https:\/\/diarioprincipios.com\/index.php\/2022\/04\/07\/la-unq-inauguro-nuevas-aulas\/#primaryimage"},"thumbnailUrl":"https:\/\/diarioprincipios.com\/wp-content\/uploads\/2022\/04\/624e0f67455ae_700x406.png","datePublished":"2022-04-07T16:11:50+00:00","dateModified":"2022-04-07T16:11:56+00:00","breadcrumb":{"@id":"https:\/\/diarioprincipios.com\/index.php\/2022\/04\/07\/la-unq-inauguro-nuevas-aulas\/#breadcrumb"},"inLanguage":"es","potentialAction":[{"@type":"ReadAction","target":["https:\/\/diarioprincipios.com\/index.php\/2022\/04\/07\/la-unq-inauguro-nuevas-aulas\/"]}]},{"@type":"ImageObject","inLanguage":"es","@id":"https:\/\/diarioprincipios.com\/index.php\/2022\/04\/07\/la-unq-inauguro-nuevas-aulas\/#primaryimage","url":"https:\/\/diarioprincipios.com\/wp-content\/uploads\/2022\/04\/624e0f67455ae_700x406.png","contentUrl":"https:\/\/diarioprincipios.com\/wp-content\/uploads\/2022\/04\/624e0f67455ae_700x406.png","width":700,"height":406},{"@type":"BreadcrumbList","@id":"https:\/\/diarioprincipios.com\/index.php\/2022\/04\/07\/la-unq-inauguro-nuevas-aulas\/#breadcrumb","itemListElement":[{"@type":"ListItem","position":1,"name":"Portada","item":"https:\/\/diarioprincipios.com\/"},{"@type":"ListItem","position":2,"name":"La UNQ inaugur\u00f3 nuevas aulas"}]},{"@type":"WebSite","@id":"https:\/\/diarioprincipios.com\/#website","url":"https:\/\/diarioprincipios.com\/","name":"Principios","description":"Principios Diario","publisher":{"@id":"https:\/\/diarioprincipios.com\/#organization"},"potentialAction":[{"@type":"SearchAction","target":{"@type":"EntryPoint","urlTemplate":"https:\/\/diarioprincipios.com\/?s={search_term_string}"},"query-input":{"@type":"PropertyValueSpecification","valueRequired":true,"valueName":"search_term_string"}}],"inLanguage":"es"},{"@type":"Organization","@id":"https:\/\/diarioprincipios.com\/#organization","name":"Principios","url":"https:\/\/diarioprincipios.com\/","logo":{"@type":"ImageObject","inLanguage":"es","@id":"https:\/\/diarioprincipios.com\/#\/schema\/logo\/image\/","url":"https:\/\/diarioprincipios.com\/wp-content\/uploads\/2024\/04\/cropped-www.diarioprincipios.com_-1.png","contentUrl":"https:\/\/diarioprincipios.com\/wp-content\/uploads\/2024\/04\/cropped-www.diarioprincipios.com_-1.png","width":5325,"height":1454,"caption":"Principios"},"image":{"@id":"https:\/\/diarioprincipios.com\/#\/schema\/logo\/image\/"}},{"@type":"Person","@id":"https:\/\/diarioprincipios.com\/#\/schema\/person\/436d5a1fd41a5e250e23ff5a6a7cb080","name":"Hern\u00e1n L\u00f3pez","image":{"@type":"ImageObject","inLanguage":"es","@id":"https:\/\/diarioprincipios.com\/wp-content\/litespeed\/avatar\/11ddfe5610ff3bd100522525b2571f48.jpg?ver=1777048341","url":"https:\/\/diarioprincipios.com\/wp-content\/litespeed\/avatar\/11ddfe5610ff3bd100522525b2571f48.jpg?ver=1777048341","contentUrl":"https:\/\/diarioprincipios.com\/wp-content\/litespeed\/avatar\/11ddfe5610ff3bd100522525b2571f48.jpg?ver=1777048341","caption":"Hern\u00e1n L\u00f3pez"},"url":"https:\/\/diarioprincipios.com\/index.php\/author\/hernan\/"}]}},"jetpack_featured_media_url":"https:\/\/diarioprincipios.com\/wp-content\/uploads\/2022\/04\/624e0f67455ae_700x406.png","_links":{"self":[{"href":"https:\/\/diarioprincipios.com\/index.php\/wp-json\/wp\/v2\/posts\/13297","targetHints":{"allow":["GET"]}}],"collection":[{"href":"https:\/\/diarioprincipios.com\/index.php\/wp-json\/wp\/v2\/posts"}],"about":[{"href":"https:\/\/diarioprincipios.com\/index.php\/wp-json\/wp\/v2\/types\/post"}],"author":[{"embeddable":true,"href":"https:\/\/diarioprincipios.com\/index.php\/wp-json\/wp\/v2\/users\/2"}],"replies":[{"embeddable":true,"href":"https:\/\/diarioprincipios.com\/index.php\/wp-json\/wp\/v2\/comments?post=13297"}],"version-history":[{"count":1,"href":"https:\/\/diarioprincipios.com\/index.php\/wp-json\/wp\/v2\/posts\/13297\/revisions"}],"predecessor-version":[{"id":13299,"href":"https:\/\/diarioprincipios.com\/index.php\/wp-json\/wp\/v2\/posts\/13297\/revisions\/13299"}],"wp:featuredmedia":[{"embeddable":true,"href":"https:\/\/diarioprincipios.com\/index.php\/wp-json\/wp\/v2\/media\/13298"}],"wp:attachment":[{"href":"https:\/\/diarioprincipios.com\/index.php\/wp-json\/wp\/v2\/media?parent=13297"}],"wp:term":[{"taxonomy":"category","embeddable":true,"href":"https:\/\/diarioprincipios.com\/index.php\/wp-json\/wp\/v2\/categories?post=13297"},{"taxonomy":"post_tag","embeddable":true,"href":"https:\/\/diarioprincipios.com\/index.php\/wp-json\/wp\/v2\/tags?post=13297"}],"curies":[{"name":"wp","href":"https:\/\/api.w.org\/{rel}","templated":true}]}}