{"id":13294,"date":"2022-04-07T12:30:59","date_gmt":"2022-04-07T15:30:59","guid":{"rendered":"http:\/\/diarioprincipios.com\/?p=13294"},"modified":"2022-04-07T12:31:06","modified_gmt":"2022-04-07T15:31:06","slug":"antonella-comparato-asumio-al-frente-de-la-delegacion-berazategui-de-la-defensoria-del-pueblo","status":"publish","type":"post","link":"https:\/\/diarioprincipios.com\/index.php\/2022\/04\/07\/antonella-comparato-asumio-al-frente-de-la-delegacion-berazategui-de-la-defensoria-del-pueblo\/","title":{"rendered":"Antonella Comparato asumi\u00f3 al frente de la Delegaci\u00f3n Berazategui de la Defensor\u00eda del Pueblo"},"content":{"rendered":"\n<p>El lunes 4 de Abril asumi\u00f3 al frente de la Delegaci\u00f3n Berazategui de la Defensoria del Pueblo la j\u00f3ven abogada Antonella Comparato.<br>En di\u00e1logo con Principios asegur\u00f3 que \u00abharemos una gesti\u00f3n de puertas abiertas y con mucha presencia en los barrios, donde estaremos participando a trav\u00e9s de programas como El Estado en tu Barrio y a su vez organizaremos jornadas de trabajo junto a organismos e instituciones, atendiendo de la misma manera que en nuestra sede de calle 12 N\u00b0 4763\u00bb.<br>Seguidamente expuso que \u00abcomo dice Guido Lorenzino, Defensor del Pueblo de la Provincia, los y las bonaerenses pueden acudir a nosotros cuando sientan que sus derechos se vean afectados\u00bb, acotando que \u00abestamos para atender, asesorar y orientar\u00bb.<br>La Defensor\u00eda del Pueblo Bonaerense tiene 53 delegaciones a lo largo y ancho de la Provincia y se ocupa de temas como:<br>Consumidores y Usuarios, Discapacidad y Adultos Mayores, Salud, G\u00e9nero y Diversidad, Ni\u00f1ez, Servicios P\u00fablicos, Pol\u00edticas de Igualdad, Protecci\u00f3n Animal y Educaci\u00f3n entre otros.<br>Antonella Comparato destac\u00f3 por otra parte el trabajo que est\u00e1n realizando desde el \u00e1rea tem\u00e1tica de las Asociaciones Civil; Legal y T\u00e9nica, ya que desde las mismas como explica se estar\u00e1n asesorando legalmente a las ONG para que las mismas puedan inscribirse en el REPROCANN ( Registro del Programa de Cannabis) y as\u00ed dichas Organizaciones No Gubernamentales puedan ser proveedoras de cannabis para uso medicinal y terap\u00e9utico.<\/p>\n\n\n\n<p>A\u00f1adi\u00f3 que \u00abLorenzino nos habla de adaptar el Estado a los nuevos paradigmas y el tema de la producci\u00f3n del cannabis medicinal es uno de ellos, apostando a una mejor calidad de vida y a su vez a la defensa del uso de cannabis con fines terap\u00e9uticos ya que es un derecho.<\/p>\n\n\n\n<p>Finalmente dijo que \u00abasumo esta tarea con mucho compromiso y responsabilidad, estamos a disposici\u00f3n de todos los vecinos para brindarles todas las herramientas que desde la Defensor\u00eda les podemos ofrecer\u00bb.<br>La Delegaci\u00f3n Berazategui de la Defensor\u00eda del Pueblo se encuentra ubicada en calle 12 N\u00b0 4763. Los vecinos pueden comunicarse al 0800 -222 &#8211; 5262 y al 4216 &#8211; 8661 de lunes a viernes de 8 a 14 horas. Los medios digitales de contacto son defensorba.org.ar y berazategui@defensorba.org.ar<\/p>\n","protected":false},"excerpt":{"rendered":"<p>El lunes 4 de Abril asumi\u00f3 al frente de la Delegaci\u00f3n Berazategui de la Defensoria del Pueblo la j\u00f3ven abogada Antonella Comparato.En di\u00e1logo con Principios asegur\u00f3 que \u00abharemos una gesti\u00f3n de puertas abiertas y con mucha presencia en los barrios, donde estaremos participando a trav\u00e9s de programas como El Estado en tu Barrio y a&#8230;<\/p>\n","protected":false},"author":2,"featured_media":13295,"comment_status":"open","ping_status":"open","sticky":false,"template":"","format":"standard","meta":{"footnotes":""},"categories":[3],"tags":[],"class_list":["post-13294","post","type-post","status-publish","format-standard","has-post-thumbnail","hentry","category-berazategui"],"featured_image_src":"https:\/\/diarioprincipios.com\/wp-content\/uploads\/2022\/04\/IMG-20220406-WA0054-682x1024.jpg","blog_images":{"medium":"https:\/\/diarioprincipios.com\/wp-content\/uploads\/2022\/04\/IMG-20220406-WA0054-200x300.jpg","large":"https:\/\/diarioprincipios.com\/wp-content\/uploads\/2022\/04\/IMG-20220406-WA0054-682x1024.jpg"},"ams_acf":[],"yoast_head":"<!-- This site is optimized with the Yoast SEO plugin v27.3 - https:\/\/yoast.com\/product\/yoast-seo-wordpress\/ -->\n<title>Antonella Comparato asumi\u00f3 al frente de la Delegaci\u00f3n Berazategui de la Defensor\u00eda del Pueblo - Principios<\/title>\n<meta name=\"robots\" content=\"index, follow, max-snippet:-1, max-image-preview:large, max-video-preview:-1\" \/>\n<link rel=\"canonical\" href=\"https:\/\/diarioprincipios.com\/index.php\/2022\/04\/07\/antonella-comparato-asumio-al-frente-de-la-delegacion-berazategui-de-la-defensoria-del-pueblo\/\" \/>\n<meta property=\"og:locale\" content=\"es_ES\" \/>\n<meta property=\"og:type\" content=\"article\" \/>\n<meta property=\"og:title\" content=\"Antonella Comparato asumi\u00f3 al frente de la Delegaci\u00f3n Berazategui de la Defensor\u00eda del Pueblo - Principios\" \/>\n<meta property=\"og:description\" content=\"El lunes 4 de Abril asumi\u00f3 al frente de la Delegaci\u00f3n Berazategui de la Defensoria del Pueblo la j\u00f3ven abogada Antonella Comparato.En di\u00e1logo con Principios asegur\u00f3 que \u00abharemos una gesti\u00f3n de puertas abiertas y con mucha presencia en los barrios, donde estaremos participando a trav\u00e9s de programas como El Estado en tu Barrio y a...\" \/>\n<meta property=\"og:url\" content=\"https:\/\/diarioprincipios.com\/index.php\/2022\/04\/07\/antonella-comparato-asumio-al-frente-de-la-delegacion-berazategui-de-la-defensoria-del-pueblo\/\" \/>\n<meta property=\"og:site_name\" content=\"Principios\" \/>\n<meta property=\"article:published_time\" content=\"2022-04-07T15:30:59+00:00\" \/>\n<meta property=\"article:modified_time\" content=\"2022-04-07T15:31:06+00:00\" \/>\n<meta property=\"og:image\" content=\"https:\/\/diarioprincipios.com\/wp-content\/uploads\/2022\/04\/IMG-20220406-WA0054.jpg\" \/>\n\t<meta property=\"og:image:width\" content=\"1066\" \/>\n\t<meta property=\"og:image:height\" content=\"1600\" \/>\n\t<meta property=\"og:image:type\" content=\"image\/jpeg\" \/>\n<meta name=\"author\" content=\"Hern\u00e1n L\u00f3pez\" \/>\n<meta name=\"twitter:card\" content=\"summary_large_image\" \/>\n<meta name=\"twitter:label1\" content=\"Escrito por\" \/>\n\t<meta name=\"twitter:data1\" content=\"Hern\u00e1n L\u00f3pez\" \/>\n\t<meta name=\"twitter:label2\" content=\"Tiempo de lectura\" \/>\n\t<meta name=\"twitter:data2\" content=\"2 minutos\" \/>\n<script type=\"application\/ld+json\" class=\"yoast-schema-graph\">{\"@context\":\"https:\\\/\\\/schema.org\",\"@graph\":[{\"@type\":\"Article\",\"@id\":\"https:\\\/\\\/diarioprincipios.com\\\/index.php\\\/2022\\\/04\\\/07\\\/antonella-comparato-asumio-al-frente-de-la-delegacion-berazategui-de-la-defensoria-del-pueblo\\\/#article\",\"isPartOf\":{\"@id\":\"https:\\\/\\\/diarioprincipios.com\\\/index.php\\\/2022\\\/04\\\/07\\\/antonella-comparato-asumio-al-frente-de-la-delegacion-berazategui-de-la-defensoria-del-pueblo\\\/\"},\"author\":{\"name\":\"Hern\u00e1n L\u00f3pez\",\"@id\":\"https:\\\/\\\/diarioprincipios.com\\\/#\\\/schema\\\/person\\\/436d5a1fd41a5e250e23ff5a6a7cb080\"},\"headline\":\"Antonella Comparato asumi\u00f3 al frente de la Delegaci\u00f3n Berazategui de la Defensor\u00eda del Pueblo\",\"datePublished\":\"2022-04-07T15:30:59+00:00\",\"dateModified\":\"2022-04-07T15:31:06+00:00\",\"mainEntityOfPage\":{\"@id\":\"https:\\\/\\\/diarioprincipios.com\\\/index.php\\\/2022\\\/04\\\/07\\\/antonella-comparato-asumio-al-frente-de-la-delegacion-berazategui-de-la-defensoria-del-pueblo\\\/\"},\"wordCount\":392,\"commentCount\":0,\"publisher\":{\"@id\":\"https:\\\/\\\/diarioprincipios.com\\\/#organization\"},\"image\":{\"@id\":\"https:\\\/\\\/diarioprincipios.com\\\/index.php\\\/2022\\\/04\\\/07\\\/antonella-comparato-asumio-al-frente-de-la-delegacion-berazategui-de-la-defensoria-del-pueblo\\\/#primaryimage\"},\"thumbnailUrl\":\"https:\\\/\\\/diarioprincipios.com\\\/wp-content\\\/uploads\\\/2022\\\/04\\\/IMG-20220406-WA0054.jpg\",\"articleSection\":[\"Berazategui\"],\"inLanguage\":\"es\",\"potentialAction\":[{\"@type\":\"CommentAction\",\"name\":\"Comment\",\"target\":[\"https:\\\/\\\/diarioprincipios.com\\\/index.php\\\/2022\\\/04\\\/07\\\/antonella-comparato-asumio-al-frente-de-la-delegacion-berazategui-de-la-defensoria-del-pueblo\\\/#respond\"]}]},{\"@type\":\"WebPage\",\"@id\":\"https:\\\/\\\/diarioprincipios.com\\\/index.php\\\/2022\\\/04\\\/07\\\/antonella-comparato-asumio-al-frente-de-la-delegacion-berazategui-de-la-defensoria-del-pueblo\\\/\",\"url\":\"https:\\\/\\\/diarioprincipios.com\\\/index.php\\\/2022\\\/04\\\/07\\\/antonella-comparato-asumio-al-frente-de-la-delegacion-berazategui-de-la-defensoria-del-pueblo\\\/\",\"name\":\"Antonella Comparato asumi\u00f3 al frente de la Delegaci\u00f3n Berazategui de la Defensor\u00eda del Pueblo - Principios\",\"isPartOf\":{\"@id\":\"https:\\\/\\\/diarioprincipios.com\\\/#website\"},\"primaryImageOfPage\":{\"@id\":\"https:\\\/\\\/diarioprincipios.com\\\/index.php\\\/2022\\\/04\\\/07\\\/antonella-comparato-asumio-al-frente-de-la-delegacion-berazategui-de-la-defensoria-del-pueblo\\\/#primaryimage\"},\"image\":{\"@id\":\"https:\\\/\\\/diarioprincipios.com\\\/index.php\\\/2022\\\/04\\\/07\\\/antonella-comparato-asumio-al-frente-de-la-delegacion-berazategui-de-la-defensoria-del-pueblo\\\/#primaryimage\"},\"thumbnailUrl\":\"https:\\\/\\\/diarioprincipios.com\\\/wp-content\\\/uploads\\\/2022\\\/04\\\/IMG-20220406-WA0054.jpg\",\"datePublished\":\"2022-04-07T15:30:59+00:00\",\"dateModified\":\"2022-04-07T15:31:06+00:00\",\"breadcrumb\":{\"@id\":\"https:\\\/\\\/diarioprincipios.com\\\/index.php\\\/2022\\\/04\\\/07\\\/antonella-comparato-asumio-al-frente-de-la-delegacion-berazategui-de-la-defensoria-del-pueblo\\\/#breadcrumb\"},\"inLanguage\":\"es\",\"potentialAction\":[{\"@type\":\"ReadAction\",\"target\":[\"https:\\\/\\\/diarioprincipios.com\\\/index.php\\\/2022\\\/04\\\/07\\\/antonella-comparato-asumio-al-frente-de-la-delegacion-berazategui-de-la-defensoria-del-pueblo\\\/\"]}]},{\"@type\":\"ImageObject\",\"inLanguage\":\"es\",\"@id\":\"https:\\\/\\\/diarioprincipios.com\\\/index.php\\\/2022\\\/04\\\/07\\\/antonella-comparato-asumio-al-frente-de-la-delegacion-berazategui-de-la-defensoria-del-pueblo\\\/#primaryimage\",\"url\":\"https:\\\/\\\/diarioprincipios.com\\\/wp-content\\\/uploads\\\/2022\\\/04\\\/IMG-20220406-WA0054.jpg\",\"contentUrl\":\"https:\\\/\\\/diarioprincipios.com\\\/wp-content\\\/uploads\\\/2022\\\/04\\\/IMG-20220406-WA0054.jpg\",\"width\":1066,\"height\":1600},{\"@type\":\"BreadcrumbList\",\"@id\":\"https:\\\/\\\/diarioprincipios.com\\\/index.php\\\/2022\\\/04\\\/07\\\/antonella-comparato-asumio-al-frente-de-la-delegacion-berazategui-de-la-defensoria-del-pueblo\\\/#breadcrumb\",\"itemListElement\":[{\"@type\":\"ListItem\",\"position\":1,\"name\":\"Portada\",\"item\":\"https:\\\/\\\/diarioprincipios.com\\\/\"},{\"@type\":\"ListItem\",\"position\":2,\"name\":\"Antonella Comparato asumi\u00f3 al frente de la Delegaci\u00f3n Berazategui de la Defensor\u00eda del Pueblo\"}]},{\"@type\":\"WebSite\",\"@id\":\"https:\\\/\\\/diarioprincipios.com\\\/#website\",\"url\":\"https:\\\/\\\/diarioprincipios.com\\\/\",\"name\":\"Principios\",\"description\":\"Principios Diario\",\"publisher\":{\"@id\":\"https:\\\/\\\/diarioprincipios.com\\\/#organization\"},\"potentialAction\":[{\"@type\":\"SearchAction\",\"target\":{\"@type\":\"EntryPoint\",\"urlTemplate\":\"https:\\\/\\\/diarioprincipios.com\\\/?s={search_term_string}\"},\"query-input\":{\"@type\":\"PropertyValueSpecification\",\"valueRequired\":true,\"valueName\":\"search_term_string\"}}],\"inLanguage\":\"es\"},{\"@type\":\"Organization\",\"@id\":\"https:\\\/\\\/diarioprincipios.com\\\/#organization\",\"name\":\"Principios\",\"url\":\"https:\\\/\\\/diarioprincipios.com\\\/\",\"logo\":{\"@type\":\"ImageObject\",\"inLanguage\":\"es\",\"@id\":\"https:\\\/\\\/diarioprincipios.com\\\/#\\\/schema\\\/logo\\\/image\\\/\",\"url\":\"https:\\\/\\\/diarioprincipios.com\\\/wp-content\\\/uploads\\\/2024\\\/04\\\/cropped-www.diarioprincipios.com_-1.png\",\"contentUrl\":\"https:\\\/\\\/diarioprincipios.com\\\/wp-content\\\/uploads\\\/2024\\\/04\\\/cropped-www.diarioprincipios.com_-1.png\",\"width\":5325,\"height\":1454,\"caption\":\"Principios\"},\"image\":{\"@id\":\"https:\\\/\\\/diarioprincipios.com\\\/#\\\/schema\\\/logo\\\/image\\\/\"}},{\"@type\":\"Person\",\"@id\":\"https:\\\/\\\/diarioprincipios.com\\\/#\\\/schema\\\/person\\\/436d5a1fd41a5e250e23ff5a6a7cb080\",\"name\":\"Hern\u00e1n L\u00f3pez\",\"image\":{\"@type\":\"ImageObject\",\"inLanguage\":\"es\",\"@id\":\"https:\\\/\\\/diarioprincipios.com\\\/wp-content\\\/litespeed\\\/avatar\\\/11ddfe5610ff3bd100522525b2571f48.jpg?ver=1777048341\",\"url\":\"https:\\\/\\\/diarioprincipios.com\\\/wp-content\\\/litespeed\\\/avatar\\\/11ddfe5610ff3bd100522525b2571f48.jpg?ver=1777048341\",\"contentUrl\":\"https:\\\/\\\/diarioprincipios.com\\\/wp-content\\\/litespeed\\\/avatar\\\/11ddfe5610ff3bd100522525b2571f48.jpg?ver=1777048341\",\"caption\":\"Hern\u00e1n L\u00f3pez\"},\"url\":\"https:\\\/\\\/diarioprincipios.com\\\/index.php\\\/author\\\/hernan\\\/\"}]}<\/script>\n<!-- \/ Yoast SEO plugin. -->","yoast_head_json":{"title":"Antonella Comparato asumi\u00f3 al frente de la Delegaci\u00f3n Berazategui de la Defensor\u00eda del Pueblo - Principios","robots":{"index":"index","follow":"follow","max-snippet":"max-snippet:-1","max-image-preview":"max-image-preview:large","max-video-preview":"max-video-preview:-1"},"canonical":"https:\/\/diarioprincipios.com\/index.php\/2022\/04\/07\/antonella-comparato-asumio-al-frente-de-la-delegacion-berazategui-de-la-defensoria-del-pueblo\/","og_locale":"es_ES","og_type":"article","og_title":"Antonella Comparato asumi\u00f3 al frente de la Delegaci\u00f3n Berazategui de la Defensor\u00eda del Pueblo - Principios","og_description":"El lunes 4 de Abril asumi\u00f3 al frente de la Delegaci\u00f3n Berazategui de la Defensoria del Pueblo la j\u00f3ven abogada Antonella Comparato.En di\u00e1logo con Principios asegur\u00f3 que \u00abharemos una gesti\u00f3n de puertas abiertas y con mucha presencia en los barrios, donde estaremos participando a trav\u00e9s de programas como El Estado en tu Barrio y a...","og_url":"https:\/\/diarioprincipios.com\/index.php\/2022\/04\/07\/antonella-comparato-asumio-al-frente-de-la-delegacion-berazategui-de-la-defensoria-del-pueblo\/","og_site_name":"Principios","article_published_time":"2022-04-07T15:30:59+00:00","article_modified_time":"2022-04-07T15:31:06+00:00","og_image":[{"width":1066,"height":1600,"url":"https:\/\/diarioprincipios.com\/wp-content\/uploads\/2022\/04\/IMG-20220406-WA0054.jpg","type":"image\/jpeg"}],"author":"Hern\u00e1n L\u00f3pez","twitter_card":"summary_large_image","twitter_misc":{"Escrito por":"Hern\u00e1n L\u00f3pez","Tiempo de lectura":"2 minutos"},"schema":{"@context":"https:\/\/schema.org","@graph":[{"@type":"Article","@id":"https:\/\/diarioprincipios.com\/index.php\/2022\/04\/07\/antonella-comparato-asumio-al-frente-de-la-delegacion-berazategui-de-la-defensoria-del-pueblo\/#article","isPartOf":{"@id":"https:\/\/diarioprincipios.com\/index.php\/2022\/04\/07\/antonella-comparato-asumio-al-frente-de-la-delegacion-berazategui-de-la-defensoria-del-pueblo\/"},"author":{"name":"Hern\u00e1n L\u00f3pez","@id":"https:\/\/diarioprincipios.com\/#\/schema\/person\/436d5a1fd41a5e250e23ff5a6a7cb080"},"headline":"Antonella Comparato asumi\u00f3 al frente de la Delegaci\u00f3n Berazategui de la Defensor\u00eda del Pueblo","datePublished":"2022-04-07T15:30:59+00:00","dateModified":"2022-04-07T15:31:06+00:00","mainEntityOfPage":{"@id":"https:\/\/diarioprincipios.com\/index.php\/2022\/04\/07\/antonella-comparato-asumio-al-frente-de-la-delegacion-berazategui-de-la-defensoria-del-pueblo\/"},"wordCount":392,"commentCount":0,"publisher":{"@id":"https:\/\/diarioprincipios.com\/#organization"},"image":{"@id":"https:\/\/diarioprincipios.com\/index.php\/2022\/04\/07\/antonella-comparato-asumio-al-frente-de-la-delegacion-berazategui-de-la-defensoria-del-pueblo\/#primaryimage"},"thumbnailUrl":"https:\/\/diarioprincipios.com\/wp-content\/uploads\/2022\/04\/IMG-20220406-WA0054.jpg","articleSection":["Berazategui"],"inLanguage":"es","potentialAction":[{"@type":"CommentAction","name":"Comment","target":["https:\/\/diarioprincipios.com\/index.php\/2022\/04\/07\/antonella-comparato-asumio-al-frente-de-la-delegacion-berazategui-de-la-defensoria-del-pueblo\/#respond"]}]},{"@type":"WebPage","@id":"https:\/\/diarioprincipios.com\/index.php\/2022\/04\/07\/antonella-comparato-asumio-al-frente-de-la-delegacion-berazategui-de-la-defensoria-del-pueblo\/","url":"https:\/\/diarioprincipios.com\/index.php\/2022\/04\/07\/antonella-comparato-asumio-al-frente-de-la-delegacion-berazategui-de-la-defensoria-del-pueblo\/","name":"Antonella Comparato asumi\u00f3 al frente de la Delegaci\u00f3n Berazategui de la Defensor\u00eda del Pueblo - Principios","isPartOf":{"@id":"https:\/\/diarioprincipios.com\/#website"},"primaryImageOfPage":{"@id":"https:\/\/diarioprincipios.com\/index.php\/2022\/04\/07\/antonella-comparato-asumio-al-frente-de-la-delegacion-berazategui-de-la-defensoria-del-pueblo\/#primaryimage"},"image":{"@id":"https:\/\/diarioprincipios.com\/index.php\/2022\/04\/07\/antonella-comparato-asumio-al-frente-de-la-delegacion-berazategui-de-la-defensoria-del-pueblo\/#primaryimage"},"thumbnailUrl":"https:\/\/diarioprincipios.com\/wp-content\/uploads\/2022\/04\/IMG-20220406-WA0054.jpg","datePublished":"2022-04-07T15:30:59+00:00","dateModified":"2022-04-07T15:31:06+00:00","breadcrumb":{"@id":"https:\/\/diarioprincipios.com\/index.php\/2022\/04\/07\/antonella-comparato-asumio-al-frente-de-la-delegacion-berazategui-de-la-defensoria-del-pueblo\/#breadcrumb"},"inLanguage":"es","potentialAction":[{"@type":"ReadAction","target":["https:\/\/diarioprincipios.com\/index.php\/2022\/04\/07\/antonella-comparato-asumio-al-frente-de-la-delegacion-berazategui-de-la-defensoria-del-pueblo\/"]}]},{"@type":"ImageObject","inLanguage":"es","@id":"https:\/\/diarioprincipios.com\/index.php\/2022\/04\/07\/antonella-comparato-asumio-al-frente-de-la-delegacion-berazategui-de-la-defensoria-del-pueblo\/#primaryimage","url":"https:\/\/diarioprincipios.com\/wp-content\/uploads\/2022\/04\/IMG-20220406-WA0054.jpg","contentUrl":"https:\/\/diarioprincipios.com\/wp-content\/uploads\/2022\/04\/IMG-20220406-WA0054.jpg","width":1066,"height":1600},{"@type":"BreadcrumbList","@id":"https:\/\/diarioprincipios.com\/index.php\/2022\/04\/07\/antonella-comparato-asumio-al-frente-de-la-delegacion-berazategui-de-la-defensoria-del-pueblo\/#breadcrumb","itemListElement":[{"@type":"ListItem","position":1,"name":"Portada","item":"https:\/\/diarioprincipios.com\/"},{"@type":"ListItem","position":2,"name":"Antonella Comparato asumi\u00f3 al frente de la Delegaci\u00f3n Berazategui de la Defensor\u00eda del Pueblo"}]},{"@type":"WebSite","@id":"https:\/\/diarioprincipios.com\/#website","url":"https:\/\/diarioprincipios.com\/","name":"Principios","description":"Principios Diario","publisher":{"@id":"https:\/\/diarioprincipios.com\/#organization"},"potentialAction":[{"@type":"SearchAction","target":{"@type":"EntryPoint","urlTemplate":"https:\/\/diarioprincipios.com\/?s={search_term_string}"},"query-input":{"@type":"PropertyValueSpecification","valueRequired":true,"valueName":"search_term_string"}}],"inLanguage":"es"},{"@type":"Organization","@id":"https:\/\/diarioprincipios.com\/#organization","name":"Principios","url":"https:\/\/diarioprincipios.com\/","logo":{"@type":"ImageObject","inLanguage":"es","@id":"https:\/\/diarioprincipios.com\/#\/schema\/logo\/image\/","url":"https:\/\/diarioprincipios.com\/wp-content\/uploads\/2024\/04\/cropped-www.diarioprincipios.com_-1.png","contentUrl":"https:\/\/diarioprincipios.com\/wp-content\/uploads\/2024\/04\/cropped-www.diarioprincipios.com_-1.png","width":5325,"height":1454,"caption":"Principios"},"image":{"@id":"https:\/\/diarioprincipios.com\/#\/schema\/logo\/image\/"}},{"@type":"Person","@id":"https:\/\/diarioprincipios.com\/#\/schema\/person\/436d5a1fd41a5e250e23ff5a6a7cb080","name":"Hern\u00e1n L\u00f3pez","image":{"@type":"ImageObject","inLanguage":"es","@id":"https:\/\/diarioprincipios.com\/wp-content\/litespeed\/avatar\/11ddfe5610ff3bd100522525b2571f48.jpg?ver=1777048341","url":"https:\/\/diarioprincipios.com\/wp-content\/litespeed\/avatar\/11ddfe5610ff3bd100522525b2571f48.jpg?ver=1777048341","contentUrl":"https:\/\/diarioprincipios.com\/wp-content\/litespeed\/avatar\/11ddfe5610ff3bd100522525b2571f48.jpg?ver=1777048341","caption":"Hern\u00e1n L\u00f3pez"},"url":"https:\/\/diarioprincipios.com\/index.php\/author\/hernan\/"}]}},"jetpack_featured_media_url":"https:\/\/diarioprincipios.com\/wp-content\/uploads\/2022\/04\/IMG-20220406-WA0054.jpg","_links":{"self":[{"href":"https:\/\/diarioprincipios.com\/index.php\/wp-json\/wp\/v2\/posts\/13294","targetHints":{"allow":["GET"]}}],"collection":[{"href":"https:\/\/diarioprincipios.com\/index.php\/wp-json\/wp\/v2\/posts"}],"about":[{"href":"https:\/\/diarioprincipios.com\/index.php\/wp-json\/wp\/v2\/types\/post"}],"author":[{"embeddable":true,"href":"https:\/\/diarioprincipios.com\/index.php\/wp-json\/wp\/v2\/users\/2"}],"replies":[{"embeddable":true,"href":"https:\/\/diarioprincipios.com\/index.php\/wp-json\/wp\/v2\/comments?post=13294"}],"version-history":[{"count":1,"href":"https:\/\/diarioprincipios.com\/index.php\/wp-json\/wp\/v2\/posts\/13294\/revisions"}],"predecessor-version":[{"id":13296,"href":"https:\/\/diarioprincipios.com\/index.php\/wp-json\/wp\/v2\/posts\/13294\/revisions\/13296"}],"wp:featuredmedia":[{"embeddable":true,"href":"https:\/\/diarioprincipios.com\/index.php\/wp-json\/wp\/v2\/media\/13295"}],"wp:attachment":[{"href":"https:\/\/diarioprincipios.com\/index.php\/wp-json\/wp\/v2\/media?parent=13294"}],"wp:term":[{"taxonomy":"category","embeddable":true,"href":"https:\/\/diarioprincipios.com\/index.php\/wp-json\/wp\/v2\/categories?post=13294"},{"taxonomy":"post_tag","embeddable":true,"href":"https:\/\/diarioprincipios.com\/index.php\/wp-json\/wp\/v2\/tags?post=13294"}],"curies":[{"name":"wp","href":"https:\/\/api.w.org\/{rel}","templated":true}]}}