{"id":13288,"date":"2022-04-06T19:35:32","date_gmt":"2022-04-06T22:35:32","guid":{"rendered":"http:\/\/diarioprincipios.com\/?p=13288"},"modified":"2022-04-06T19:35:34","modified_gmt":"2022-04-06T22:35:34","slug":"el-massismo-de-berazategui-participo-del-parlamento-de-las-mujeres","status":"publish","type":"post","link":"https:\/\/diarioprincipios.com\/index.php\/2022\/04\/06\/el-massismo-de-berazategui-participo-del-parlamento-de-las-mujeres\/","title":{"rendered":"El Massismo de Berazategui particip\u00f3 del Parlamento de las Mujeres"},"content":{"rendered":"\n<p><strong>D\u00edas pasados se realiz\u00f3, en la C\u00e1mara de Diputados de la Provincia, el Parlamento de las Mujeres y Diversidades. Este encuentro tuvo como eje visibilizar proyectos y trabajos con perspectiva de g\u00e9nero de mujeres de diferentes fuerzas pol\u00edticas.<\/strong><\/p>\n\n\n\n<p>El Frente Renovador fue uno de los espacios participantes, y Berazategui estuvo representada por la referente massista y concejala, Mabel D\u00edas, quien fue especialmente invitada por la diputada Ayel\u00e9n Rasquetti.&nbsp;<\/p>\n\n\n\n<p>Cuando termin\u00f3, D\u00edas expres\u00f3 que \u201cfue un gran encuentro, en d\u00f3nde nos escuchamos y nos abrazamos. Quienes estuvimos presentes, coincidimos sobre la importancia de la perspectiva de g\u00e9nero al momento de crear pol\u00edticas p\u00fablicas\u201d. En ese punto, la diputada Rasquetti coincidi\u00f3 en que \u201cCientos de compa\u00f1eras hoy fueron protagonistas. Para cada una de nosotras es important\u00edsimo que existan estos \u00e1mbitos de debate, trabajo y de acompa\u00f1amiento\u201d.<\/p>\n\n\n\n<p>Y antes de retirarse, Rasquetti agradeci\u00f3 personalmente a Mabel D\u00edas su \u201ccompromiso desde el minuto cero con las mujeres y nuestras luchas. Con Mabel nos conocemos hace mucho, y adem\u00e1s de compartir el espacio de trabajo nos une un cari\u00f1o enorme. El trabajo que realiza en el Frente Renovador de Berazategui es sin dudas un ejemplo\u201d.<\/p>\n","protected":false},"excerpt":{"rendered":"<p>D\u00edas pasados se realiz\u00f3, en la C\u00e1mara de Diputados de la Provincia, el Parlamento de las Mujeres y Diversidades. Este encuentro tuvo como eje visibilizar proyectos y trabajos con perspectiva de g\u00e9nero de mujeres de diferentes fuerzas pol\u00edticas. El Frente Renovador fue uno de los espacios participantes, y Berazategui estuvo representada por la referente massista&#8230;<\/p>\n","protected":false},"author":2,"featured_media":13289,"comment_status":"open","ping_status":"open","sticky":false,"template":"","format":"standard","meta":{"footnotes":""},"categories":[3],"tags":[],"class_list":["post-13288","post","type-post","status-publish","format-standard","has-post-thumbnail","hentry","category-berazategui"],"featured_image_src":"https:\/\/diarioprincipios.com\/wp-content\/uploads\/2022\/04\/IMG-20220406-WA0145-768x1024.jpg","blog_images":{"medium":"https:\/\/diarioprincipios.com\/wp-content\/uploads\/2022\/04\/IMG-20220406-WA0145-225x300.jpg","large":"https:\/\/diarioprincipios.com\/wp-content\/uploads\/2022\/04\/IMG-20220406-WA0145-768x1024.jpg"},"ams_acf":[],"yoast_head":"<!-- This site is optimized with the Yoast SEO plugin v27.3 - https:\/\/yoast.com\/product\/yoast-seo-wordpress\/ -->\n<title>El Massismo de Berazategui particip\u00f3 del Parlamento de las Mujeres - Principios<\/title>\n<meta name=\"robots\" content=\"index, follow, max-snippet:-1, max-image-preview:large, max-video-preview:-1\" \/>\n<link rel=\"canonical\" href=\"https:\/\/diarioprincipios.com\/index.php\/2022\/04\/06\/el-massismo-de-berazategui-participo-del-parlamento-de-las-mujeres\/\" \/>\n<meta property=\"og:locale\" content=\"es_ES\" \/>\n<meta property=\"og:type\" content=\"article\" \/>\n<meta property=\"og:title\" content=\"El Massismo de Berazategui particip\u00f3 del Parlamento de las Mujeres - Principios\" \/>\n<meta property=\"og:description\" content=\"D\u00edas pasados se realiz\u00f3, en la C\u00e1mara de Diputados de la Provincia, el Parlamento de las Mujeres y Diversidades. Este encuentro tuvo como eje visibilizar proyectos y trabajos con perspectiva de g\u00e9nero de mujeres de diferentes fuerzas pol\u00edticas. El Frente Renovador fue uno de los espacios participantes, y Berazategui estuvo representada por la referente massista...\" \/>\n<meta property=\"og:url\" content=\"https:\/\/diarioprincipios.com\/index.php\/2022\/04\/06\/el-massismo-de-berazategui-participo-del-parlamento-de-las-mujeres\/\" \/>\n<meta property=\"og:site_name\" content=\"Principios\" \/>\n<meta property=\"article:published_time\" content=\"2022-04-06T22:35:32+00:00\" \/>\n<meta property=\"article:modified_time\" content=\"2022-04-06T22:35:34+00:00\" \/>\n<meta property=\"og:image\" content=\"https:\/\/diarioprincipios.com\/wp-content\/uploads\/2022\/04\/IMG-20220406-WA0145.jpg\" \/>\n\t<meta property=\"og:image:width\" content=\"1200\" \/>\n\t<meta property=\"og:image:height\" content=\"1600\" \/>\n\t<meta property=\"og:image:type\" content=\"image\/jpeg\" \/>\n<meta name=\"author\" content=\"Hern\u00e1n L\u00f3pez\" \/>\n<meta name=\"twitter:card\" content=\"summary_large_image\" \/>\n<meta name=\"twitter:label1\" content=\"Escrito por\" \/>\n\t<meta name=\"twitter:data1\" content=\"Hern\u00e1n L\u00f3pez\" \/>\n\t<meta name=\"twitter:label2\" content=\"Tiempo de lectura\" \/>\n\t<meta name=\"twitter:data2\" content=\"1 minuto\" \/>\n<script type=\"application\/ld+json\" class=\"yoast-schema-graph\">{\"@context\":\"https:\\\/\\\/schema.org\",\"@graph\":[{\"@type\":\"Article\",\"@id\":\"https:\\\/\\\/diarioprincipios.com\\\/index.php\\\/2022\\\/04\\\/06\\\/el-massismo-de-berazategui-participo-del-parlamento-de-las-mujeres\\\/#article\",\"isPartOf\":{\"@id\":\"https:\\\/\\\/diarioprincipios.com\\\/index.php\\\/2022\\\/04\\\/06\\\/el-massismo-de-berazategui-participo-del-parlamento-de-las-mujeres\\\/\"},\"author\":{\"name\":\"Hern\u00e1n L\u00f3pez\",\"@id\":\"https:\\\/\\\/diarioprincipios.com\\\/#\\\/schema\\\/person\\\/436d5a1fd41a5e250e23ff5a6a7cb080\"},\"headline\":\"El Massismo de Berazategui particip\u00f3 del Parlamento de las Mujeres\",\"datePublished\":\"2022-04-06T22:35:32+00:00\",\"dateModified\":\"2022-04-06T22:35:34+00:00\",\"mainEntityOfPage\":{\"@id\":\"https:\\\/\\\/diarioprincipios.com\\\/index.php\\\/2022\\\/04\\\/06\\\/el-massismo-de-berazategui-participo-del-parlamento-de-las-mujeres\\\/\"},\"wordCount\":218,\"commentCount\":0,\"publisher\":{\"@id\":\"https:\\\/\\\/diarioprincipios.com\\\/#organization\"},\"image\":{\"@id\":\"https:\\\/\\\/diarioprincipios.com\\\/index.php\\\/2022\\\/04\\\/06\\\/el-massismo-de-berazategui-participo-del-parlamento-de-las-mujeres\\\/#primaryimage\"},\"thumbnailUrl\":\"https:\\\/\\\/diarioprincipios.com\\\/wp-content\\\/uploads\\\/2022\\\/04\\\/IMG-20220406-WA0145.jpg\",\"articleSection\":[\"Berazategui\"],\"inLanguage\":\"es\",\"potentialAction\":[{\"@type\":\"CommentAction\",\"name\":\"Comment\",\"target\":[\"https:\\\/\\\/diarioprincipios.com\\\/index.php\\\/2022\\\/04\\\/06\\\/el-massismo-de-berazategui-participo-del-parlamento-de-las-mujeres\\\/#respond\"]}]},{\"@type\":\"WebPage\",\"@id\":\"https:\\\/\\\/diarioprincipios.com\\\/index.php\\\/2022\\\/04\\\/06\\\/el-massismo-de-berazategui-participo-del-parlamento-de-las-mujeres\\\/\",\"url\":\"https:\\\/\\\/diarioprincipios.com\\\/index.php\\\/2022\\\/04\\\/06\\\/el-massismo-de-berazategui-participo-del-parlamento-de-las-mujeres\\\/\",\"name\":\"El Massismo de Berazategui particip\u00f3 del Parlamento de las Mujeres - Principios\",\"isPartOf\":{\"@id\":\"https:\\\/\\\/diarioprincipios.com\\\/#website\"},\"primaryImageOfPage\":{\"@id\":\"https:\\\/\\\/diarioprincipios.com\\\/index.php\\\/2022\\\/04\\\/06\\\/el-massismo-de-berazategui-participo-del-parlamento-de-las-mujeres\\\/#primaryimage\"},\"image\":{\"@id\":\"https:\\\/\\\/diarioprincipios.com\\\/index.php\\\/2022\\\/04\\\/06\\\/el-massismo-de-berazategui-participo-del-parlamento-de-las-mujeres\\\/#primaryimage\"},\"thumbnailUrl\":\"https:\\\/\\\/diarioprincipios.com\\\/wp-content\\\/uploads\\\/2022\\\/04\\\/IMG-20220406-WA0145.jpg\",\"datePublished\":\"2022-04-06T22:35:32+00:00\",\"dateModified\":\"2022-04-06T22:35:34+00:00\",\"breadcrumb\":{\"@id\":\"https:\\\/\\\/diarioprincipios.com\\\/index.php\\\/2022\\\/04\\\/06\\\/el-massismo-de-berazategui-participo-del-parlamento-de-las-mujeres\\\/#breadcrumb\"},\"inLanguage\":\"es\",\"potentialAction\":[{\"@type\":\"ReadAction\",\"target\":[\"https:\\\/\\\/diarioprincipios.com\\\/index.php\\\/2022\\\/04\\\/06\\\/el-massismo-de-berazategui-participo-del-parlamento-de-las-mujeres\\\/\"]}]},{\"@type\":\"ImageObject\",\"inLanguage\":\"es\",\"@id\":\"https:\\\/\\\/diarioprincipios.com\\\/index.php\\\/2022\\\/04\\\/06\\\/el-massismo-de-berazategui-participo-del-parlamento-de-las-mujeres\\\/#primaryimage\",\"url\":\"https:\\\/\\\/diarioprincipios.com\\\/wp-content\\\/uploads\\\/2022\\\/04\\\/IMG-20220406-WA0145.jpg\",\"contentUrl\":\"https:\\\/\\\/diarioprincipios.com\\\/wp-content\\\/uploads\\\/2022\\\/04\\\/IMG-20220406-WA0145.jpg\",\"width\":1200,\"height\":1600},{\"@type\":\"BreadcrumbList\",\"@id\":\"https:\\\/\\\/diarioprincipios.com\\\/index.php\\\/2022\\\/04\\\/06\\\/el-massismo-de-berazategui-participo-del-parlamento-de-las-mujeres\\\/#breadcrumb\",\"itemListElement\":[{\"@type\":\"ListItem\",\"position\":1,\"name\":\"Portada\",\"item\":\"https:\\\/\\\/diarioprincipios.com\\\/\"},{\"@type\":\"ListItem\",\"position\":2,\"name\":\"El Massismo de Berazategui particip\u00f3 del Parlamento de las Mujeres\"}]},{\"@type\":\"WebSite\",\"@id\":\"https:\\\/\\\/diarioprincipios.com\\\/#website\",\"url\":\"https:\\\/\\\/diarioprincipios.com\\\/\",\"name\":\"Principios\",\"description\":\"Principios Diario\",\"publisher\":{\"@id\":\"https:\\\/\\\/diarioprincipios.com\\\/#organization\"},\"potentialAction\":[{\"@type\":\"SearchAction\",\"target\":{\"@type\":\"EntryPoint\",\"urlTemplate\":\"https:\\\/\\\/diarioprincipios.com\\\/?s={search_term_string}\"},\"query-input\":{\"@type\":\"PropertyValueSpecification\",\"valueRequired\":true,\"valueName\":\"search_term_string\"}}],\"inLanguage\":\"es\"},{\"@type\":\"Organization\",\"@id\":\"https:\\\/\\\/diarioprincipios.com\\\/#organization\",\"name\":\"Principios\",\"url\":\"https:\\\/\\\/diarioprincipios.com\\\/\",\"logo\":{\"@type\":\"ImageObject\",\"inLanguage\":\"es\",\"@id\":\"https:\\\/\\\/diarioprincipios.com\\\/#\\\/schema\\\/logo\\\/image\\\/\",\"url\":\"https:\\\/\\\/diarioprincipios.com\\\/wp-content\\\/uploads\\\/2024\\\/04\\\/cropped-www.diarioprincipios.com_-1.png\",\"contentUrl\":\"https:\\\/\\\/diarioprincipios.com\\\/wp-content\\\/uploads\\\/2024\\\/04\\\/cropped-www.diarioprincipios.com_-1.png\",\"width\":5325,\"height\":1454,\"caption\":\"Principios\"},\"image\":{\"@id\":\"https:\\\/\\\/diarioprincipios.com\\\/#\\\/schema\\\/logo\\\/image\\\/\"}},{\"@type\":\"Person\",\"@id\":\"https:\\\/\\\/diarioprincipios.com\\\/#\\\/schema\\\/person\\\/436d5a1fd41a5e250e23ff5a6a7cb080\",\"name\":\"Hern\u00e1n L\u00f3pez\",\"image\":{\"@type\":\"ImageObject\",\"inLanguage\":\"es\",\"@id\":\"https:\\\/\\\/diarioprincipios.com\\\/wp-content\\\/litespeed\\\/avatar\\\/11ddfe5610ff3bd100522525b2571f48.jpg?ver=1777048341\",\"url\":\"https:\\\/\\\/diarioprincipios.com\\\/wp-content\\\/litespeed\\\/avatar\\\/11ddfe5610ff3bd100522525b2571f48.jpg?ver=1777048341\",\"contentUrl\":\"https:\\\/\\\/diarioprincipios.com\\\/wp-content\\\/litespeed\\\/avatar\\\/11ddfe5610ff3bd100522525b2571f48.jpg?ver=1777048341\",\"caption\":\"Hern\u00e1n L\u00f3pez\"},\"url\":\"https:\\\/\\\/diarioprincipios.com\\\/index.php\\\/author\\\/hernan\\\/\"}]}<\/script>\n<!-- \/ Yoast SEO plugin. -->","yoast_head_json":{"title":"El Massismo de Berazategui particip\u00f3 del Parlamento de las Mujeres - Principios","robots":{"index":"index","follow":"follow","max-snippet":"max-snippet:-1","max-image-preview":"max-image-preview:large","max-video-preview":"max-video-preview:-1"},"canonical":"https:\/\/diarioprincipios.com\/index.php\/2022\/04\/06\/el-massismo-de-berazategui-participo-del-parlamento-de-las-mujeres\/","og_locale":"es_ES","og_type":"article","og_title":"El Massismo de Berazategui particip\u00f3 del Parlamento de las Mujeres - Principios","og_description":"D\u00edas pasados se realiz\u00f3, en la C\u00e1mara de Diputados de la Provincia, el Parlamento de las Mujeres y Diversidades. Este encuentro tuvo como eje visibilizar proyectos y trabajos con perspectiva de g\u00e9nero de mujeres de diferentes fuerzas pol\u00edticas. El Frente Renovador fue uno de los espacios participantes, y Berazategui estuvo representada por la referente massista...","og_url":"https:\/\/diarioprincipios.com\/index.php\/2022\/04\/06\/el-massismo-de-berazategui-participo-del-parlamento-de-las-mujeres\/","og_site_name":"Principios","article_published_time":"2022-04-06T22:35:32+00:00","article_modified_time":"2022-04-06T22:35:34+00:00","og_image":[{"width":1200,"height":1600,"url":"https:\/\/diarioprincipios.com\/wp-content\/uploads\/2022\/04\/IMG-20220406-WA0145.jpg","type":"image\/jpeg"}],"author":"Hern\u00e1n L\u00f3pez","twitter_card":"summary_large_image","twitter_misc":{"Escrito por":"Hern\u00e1n L\u00f3pez","Tiempo de lectura":"1 minuto"},"schema":{"@context":"https:\/\/schema.org","@graph":[{"@type":"Article","@id":"https:\/\/diarioprincipios.com\/index.php\/2022\/04\/06\/el-massismo-de-berazategui-participo-del-parlamento-de-las-mujeres\/#article","isPartOf":{"@id":"https:\/\/diarioprincipios.com\/index.php\/2022\/04\/06\/el-massismo-de-berazategui-participo-del-parlamento-de-las-mujeres\/"},"author":{"name":"Hern\u00e1n L\u00f3pez","@id":"https:\/\/diarioprincipios.com\/#\/schema\/person\/436d5a1fd41a5e250e23ff5a6a7cb080"},"headline":"El Massismo de Berazategui particip\u00f3 del Parlamento de las Mujeres","datePublished":"2022-04-06T22:35:32+00:00","dateModified":"2022-04-06T22:35:34+00:00","mainEntityOfPage":{"@id":"https:\/\/diarioprincipios.com\/index.php\/2022\/04\/06\/el-massismo-de-berazategui-participo-del-parlamento-de-las-mujeres\/"},"wordCount":218,"commentCount":0,"publisher":{"@id":"https:\/\/diarioprincipios.com\/#organization"},"image":{"@id":"https:\/\/diarioprincipios.com\/index.php\/2022\/04\/06\/el-massismo-de-berazategui-participo-del-parlamento-de-las-mujeres\/#primaryimage"},"thumbnailUrl":"https:\/\/diarioprincipios.com\/wp-content\/uploads\/2022\/04\/IMG-20220406-WA0145.jpg","articleSection":["Berazategui"],"inLanguage":"es","potentialAction":[{"@type":"CommentAction","name":"Comment","target":["https:\/\/diarioprincipios.com\/index.php\/2022\/04\/06\/el-massismo-de-berazategui-participo-del-parlamento-de-las-mujeres\/#respond"]}]},{"@type":"WebPage","@id":"https:\/\/diarioprincipios.com\/index.php\/2022\/04\/06\/el-massismo-de-berazategui-participo-del-parlamento-de-las-mujeres\/","url":"https:\/\/diarioprincipios.com\/index.php\/2022\/04\/06\/el-massismo-de-berazategui-participo-del-parlamento-de-las-mujeres\/","name":"El Massismo de Berazategui particip\u00f3 del Parlamento de las Mujeres - Principios","isPartOf":{"@id":"https:\/\/diarioprincipios.com\/#website"},"primaryImageOfPage":{"@id":"https:\/\/diarioprincipios.com\/index.php\/2022\/04\/06\/el-massismo-de-berazategui-participo-del-parlamento-de-las-mujeres\/#primaryimage"},"image":{"@id":"https:\/\/diarioprincipios.com\/index.php\/2022\/04\/06\/el-massismo-de-berazategui-participo-del-parlamento-de-las-mujeres\/#primaryimage"},"thumbnailUrl":"https:\/\/diarioprincipios.com\/wp-content\/uploads\/2022\/04\/IMG-20220406-WA0145.jpg","datePublished":"2022-04-06T22:35:32+00:00","dateModified":"2022-04-06T22:35:34+00:00","breadcrumb":{"@id":"https:\/\/diarioprincipios.com\/index.php\/2022\/04\/06\/el-massismo-de-berazategui-participo-del-parlamento-de-las-mujeres\/#breadcrumb"},"inLanguage":"es","potentialAction":[{"@type":"ReadAction","target":["https:\/\/diarioprincipios.com\/index.php\/2022\/04\/06\/el-massismo-de-berazategui-participo-del-parlamento-de-las-mujeres\/"]}]},{"@type":"ImageObject","inLanguage":"es","@id":"https:\/\/diarioprincipios.com\/index.php\/2022\/04\/06\/el-massismo-de-berazategui-participo-del-parlamento-de-las-mujeres\/#primaryimage","url":"https:\/\/diarioprincipios.com\/wp-content\/uploads\/2022\/04\/IMG-20220406-WA0145.jpg","contentUrl":"https:\/\/diarioprincipios.com\/wp-content\/uploads\/2022\/04\/IMG-20220406-WA0145.jpg","width":1200,"height":1600},{"@type":"BreadcrumbList","@id":"https:\/\/diarioprincipios.com\/index.php\/2022\/04\/06\/el-massismo-de-berazategui-participo-del-parlamento-de-las-mujeres\/#breadcrumb","itemListElement":[{"@type":"ListItem","position":1,"name":"Portada","item":"https:\/\/diarioprincipios.com\/"},{"@type":"ListItem","position":2,"name":"El Massismo de Berazategui particip\u00f3 del Parlamento de las Mujeres"}]},{"@type":"WebSite","@id":"https:\/\/diarioprincipios.com\/#website","url":"https:\/\/diarioprincipios.com\/","name":"Principios","description":"Principios Diario","publisher":{"@id":"https:\/\/diarioprincipios.com\/#organization"},"potentialAction":[{"@type":"SearchAction","target":{"@type":"EntryPoint","urlTemplate":"https:\/\/diarioprincipios.com\/?s={search_term_string}"},"query-input":{"@type":"PropertyValueSpecification","valueRequired":true,"valueName":"search_term_string"}}],"inLanguage":"es"},{"@type":"Organization","@id":"https:\/\/diarioprincipios.com\/#organization","name":"Principios","url":"https:\/\/diarioprincipios.com\/","logo":{"@type":"ImageObject","inLanguage":"es","@id":"https:\/\/diarioprincipios.com\/#\/schema\/logo\/image\/","url":"https:\/\/diarioprincipios.com\/wp-content\/uploads\/2024\/04\/cropped-www.diarioprincipios.com_-1.png","contentUrl":"https:\/\/diarioprincipios.com\/wp-content\/uploads\/2024\/04\/cropped-www.diarioprincipios.com_-1.png","width":5325,"height":1454,"caption":"Principios"},"image":{"@id":"https:\/\/diarioprincipios.com\/#\/schema\/logo\/image\/"}},{"@type":"Person","@id":"https:\/\/diarioprincipios.com\/#\/schema\/person\/436d5a1fd41a5e250e23ff5a6a7cb080","name":"Hern\u00e1n L\u00f3pez","image":{"@type":"ImageObject","inLanguage":"es","@id":"https:\/\/diarioprincipios.com\/wp-content\/litespeed\/avatar\/11ddfe5610ff3bd100522525b2571f48.jpg?ver=1777048341","url":"https:\/\/diarioprincipios.com\/wp-content\/litespeed\/avatar\/11ddfe5610ff3bd100522525b2571f48.jpg?ver=1777048341","contentUrl":"https:\/\/diarioprincipios.com\/wp-content\/litespeed\/avatar\/11ddfe5610ff3bd100522525b2571f48.jpg?ver=1777048341","caption":"Hern\u00e1n L\u00f3pez"},"url":"https:\/\/diarioprincipios.com\/index.php\/author\/hernan\/"}]}},"jetpack_featured_media_url":"https:\/\/diarioprincipios.com\/wp-content\/uploads\/2022\/04\/IMG-20220406-WA0145.jpg","_links":{"self":[{"href":"https:\/\/diarioprincipios.com\/index.php\/wp-json\/wp\/v2\/posts\/13288","targetHints":{"allow":["GET"]}}],"collection":[{"href":"https:\/\/diarioprincipios.com\/index.php\/wp-json\/wp\/v2\/posts"}],"about":[{"href":"https:\/\/diarioprincipios.com\/index.php\/wp-json\/wp\/v2\/types\/post"}],"author":[{"embeddable":true,"href":"https:\/\/diarioprincipios.com\/index.php\/wp-json\/wp\/v2\/users\/2"}],"replies":[{"embeddable":true,"href":"https:\/\/diarioprincipios.com\/index.php\/wp-json\/wp\/v2\/comments?post=13288"}],"version-history":[{"count":1,"href":"https:\/\/diarioprincipios.com\/index.php\/wp-json\/wp\/v2\/posts\/13288\/revisions"}],"predecessor-version":[{"id":13290,"href":"https:\/\/diarioprincipios.com\/index.php\/wp-json\/wp\/v2\/posts\/13288\/revisions\/13290"}],"wp:featuredmedia":[{"embeddable":true,"href":"https:\/\/diarioprincipios.com\/index.php\/wp-json\/wp\/v2\/media\/13289"}],"wp:attachment":[{"href":"https:\/\/diarioprincipios.com\/index.php\/wp-json\/wp\/v2\/media?parent=13288"}],"wp:term":[{"taxonomy":"category","embeddable":true,"href":"https:\/\/diarioprincipios.com\/index.php\/wp-json\/wp\/v2\/categories?post=13288"},{"taxonomy":"post_tag","embeddable":true,"href":"https:\/\/diarioprincipios.com\/index.php\/wp-json\/wp\/v2\/tags?post=13288"}],"curies":[{"name":"wp","href":"https:\/\/api.w.org\/{rel}","templated":true}]}}