{"id":13272,"date":"2022-04-05T16:14:18","date_gmt":"2022-04-05T19:14:18","guid":{"rendered":"http:\/\/diarioprincipios.com\/?p=13272"},"modified":"2022-04-05T16:14:21","modified_gmt":"2022-04-05T19:14:21","slug":"el-presidente-fernandez-y-el-ministro-ferraresi-entregaron-viviendas-en-wilde","status":"publish","type":"post","link":"https:\/\/diarioprincipios.com\/index.php\/2022\/04\/05\/el-presidente-fernandez-y-el-ministro-ferraresi-entregaron-viviendas-en-wilde\/","title":{"rendered":"EL presidente Fern\u00e1ndez y el ministro Ferraresi entregaron viviendas en Wilde"},"content":{"rendered":"\n<p>Junto a ellos participaron el intendente Alejo Chornobroff y la diputada Victoria Tolosa Paz.\u00a0<\/p>\n\n\n\n<p>El jefe comunal de Avellaneda, Alejo Chornobroff, recibi\u00f3 esta ma\u00f1ana al presidente de la Naci\u00f3n Alberto Fern\u00e1ndez, el ministro de Desarrollo Territorial y H\u00e1bitat Jorge Ferraresi, y la diputada nacional Victoria Tolosa Paz, para llevar a cabo la entrega de 14 viviendas en el Barrio Azul, de Wilde.\u00a0<\/p>\n\n\n\n<figure class=\"wp-block-image size-large\"><img loading=\"lazy\" decoding=\"async\" width=\"1024\" height=\"680\" src=\"https:\/\/diarioprincipios.com\/wp-content\/uploads\/2022\/04\/FPmMpfZXEAM4Azv-1024x680.jpg\" alt=\"\" class=\"wp-image-13273\" srcset=\"https:\/\/diarioprincipios.com\/wp-content\/uploads\/2022\/04\/FPmMpfZXEAM4Azv-1024x680.jpg 1024w, https:\/\/diarioprincipios.com\/wp-content\/uploads\/2022\/04\/FPmMpfZXEAM4Azv-300x199.jpg 300w, https:\/\/diarioprincipios.com\/wp-content\/uploads\/2022\/04\/FPmMpfZXEAM4Azv-768x510.jpg 768w, https:\/\/diarioprincipios.com\/wp-content\/uploads\/2022\/04\/FPmMpfZXEAM4Azv.jpg 1080w\" sizes=\"auto, (max-width: 1024px) 100vw, 1024px\" \/><\/figure>\n\n\n\n<p>Las flamantes construcciones forman parte del plan de urbanizaci\u00f3n que se ejecuta en el lugar. All\u00ed, acompa\u00f1ados por gran cantidad de vecinos y vecinas, recorrieron casa por casa entregando las llaves en mano de cada nuevo propietario. En dichos hogares, tuvieron la oportunidad de dialogar con las familias y compartir la alegr\u00eda de haber logrado concretar el sue\u00f1o de la casa propia.<\/p>\n\n\n\n<figure class=\"wp-block-image size-large\"><img loading=\"lazy\" decoding=\"async\" width=\"1024\" height=\"682\" src=\"https:\/\/diarioprincipios.com\/wp-content\/uploads\/2022\/04\/1e4d4f9d-12fe-47bb-abec-73b6e4822f76-1024x682.jpg\" alt=\"\" class=\"wp-image-13274\" srcset=\"https:\/\/diarioprincipios.com\/wp-content\/uploads\/2022\/04\/1e4d4f9d-12fe-47bb-abec-73b6e4822f76-1024x682.jpg 1024w, https:\/\/diarioprincipios.com\/wp-content\/uploads\/2022\/04\/1e4d4f9d-12fe-47bb-abec-73b6e4822f76-300x200.jpg 300w, https:\/\/diarioprincipios.com\/wp-content\/uploads\/2022\/04\/1e4d4f9d-12fe-47bb-abec-73b6e4822f76-768x512.jpg 768w, https:\/\/diarioprincipios.com\/wp-content\/uploads\/2022\/04\/1e4d4f9d-12fe-47bb-abec-73b6e4822f76.jpg 1280w\" sizes=\"auto, (max-width: 1024px) 100vw, 1024px\" \/><\/figure>\n\n\n\n<p>Con esta entrega y desde el inicio del plan de urbanizaci\u00f3n que lleva adelante el municipio, 476 familias han recibido sus nuevas viviendas en el barrio, adem\u00e1s de otras obras de infraestructura comunitaria, como un centro de atenci\u00f3n sanitaria, un jard\u00edn maternal, una escuela de formaci\u00f3n laboral, plazas, alumbrado p\u00fablico y otras mejoras que siguen en ejecuci\u00f3n.&nbsp;<\/p>\n\n\n\n<p>Durante el recorrido las autoridades tambi\u00e9n asistieron en este barrio al Polideportivo Municipal Proyecto Nacional, en el que visitaron las instalaciones y conversaron con los chicos y chicas que desarrollan distintas actividades deportivas, adem\u00e1s de la escuela de oficios que funciona en el lugar.\u00a0<\/p>\n\n\n\n<figure class=\"wp-block-image size-large\"><img loading=\"lazy\" decoding=\"async\" width=\"1024\" height=\"680\" src=\"https:\/\/diarioprincipios.com\/wp-content\/uploads\/2022\/04\/FPmMr5kWQAYsFhO-1024x680.jpg\" alt=\"\" class=\"wp-image-13275\" srcset=\"https:\/\/diarioprincipios.com\/wp-content\/uploads\/2022\/04\/FPmMr5kWQAYsFhO-1024x680.jpg 1024w, https:\/\/diarioprincipios.com\/wp-content\/uploads\/2022\/04\/FPmMr5kWQAYsFhO-300x199.jpg 300w, https:\/\/diarioprincipios.com\/wp-content\/uploads\/2022\/04\/FPmMr5kWQAYsFhO-768x510.jpg 768w, https:\/\/diarioprincipios.com\/wp-content\/uploads\/2022\/04\/FPmMr5kWQAYsFhO.jpg 1080w\" sizes=\"auto, (max-width: 1024px) 100vw, 1024px\" \/><\/figure>\n\n\n\n<p>De la jornada participaron tambi\u00e9n el presidente del Concejo Deliberante, Hugo Barrueco; el secretario de Obras y Servicios P\u00fablicos, Gast\u00f3n Seill\u00e1n; y la secretaria de Desarrollo Territorial, M\u00f3nica Ghirelli, entre otros funcionarios del gabinete local.&nbsp;<\/p>\n","protected":false},"excerpt":{"rendered":"<p>Junto a ellos participaron el intendente Alejo Chornobroff y la diputada Victoria Tolosa Paz.\u00a0 El jefe comunal de Avellaneda, Alejo Chornobroff, recibi\u00f3 esta ma\u00f1ana al presidente de la Naci\u00f3n Alberto Fern\u00e1ndez, el ministro de Desarrollo Territorial y H\u00e1bitat Jorge Ferraresi, y la diputada nacional Victoria Tolosa Paz, para llevar a cabo la entrega de 14&#8230;<\/p>\n","protected":false},"author":2,"featured_media":13276,"comment_status":"open","ping_status":"open","sticky":false,"template":"","format":"standard","meta":{"footnotes":""},"categories":[5],"tags":[],"class_list":["post-13272","post","type-post","status-publish","format-standard","has-post-thumbnail","hentry","category-avellaneda"],"featured_image_src":"https:\/\/diarioprincipios.com\/wp-content\/uploads\/2022\/04\/18e3bcff-753a-4d28-a9c6-7784d5818c44-1024x683.jpg","blog_images":{"medium":"https:\/\/diarioprincipios.com\/wp-content\/uploads\/2022\/04\/18e3bcff-753a-4d28-a9c6-7784d5818c44-300x200.jpg","large":"https:\/\/diarioprincipios.com\/wp-content\/uploads\/2022\/04\/18e3bcff-753a-4d28-a9c6-7784d5818c44-1024x683.jpg"},"ams_acf":[],"yoast_head":"<!-- This site is optimized with the Yoast SEO plugin v27.3 - https:\/\/yoast.com\/product\/yoast-seo-wordpress\/ -->\n<title>EL presidente Fern\u00e1ndez y el ministro Ferraresi entregaron viviendas en Wilde - Principios<\/title>\n<meta name=\"robots\" content=\"index, follow, max-snippet:-1, max-image-preview:large, max-video-preview:-1\" \/>\n<link rel=\"canonical\" href=\"https:\/\/diarioprincipios.com\/index.php\/2022\/04\/05\/el-presidente-fernandez-y-el-ministro-ferraresi-entregaron-viviendas-en-wilde\/\" \/>\n<meta property=\"og:locale\" content=\"es_ES\" \/>\n<meta property=\"og:type\" content=\"article\" \/>\n<meta property=\"og:title\" content=\"EL presidente Fern\u00e1ndez y el ministro Ferraresi entregaron viviendas en Wilde - Principios\" \/>\n<meta property=\"og:description\" content=\"Junto a ellos participaron el intendente Alejo Chornobroff y la diputada Victoria Tolosa Paz.\u00a0 El jefe comunal de Avellaneda, Alejo Chornobroff, recibi\u00f3 esta ma\u00f1ana al presidente de la Naci\u00f3n Alberto Fern\u00e1ndez, el ministro de Desarrollo Territorial y H\u00e1bitat Jorge Ferraresi, y la diputada nacional Victoria Tolosa Paz, para llevar a cabo la entrega de 14...\" \/>\n<meta property=\"og:url\" content=\"https:\/\/diarioprincipios.com\/index.php\/2022\/04\/05\/el-presidente-fernandez-y-el-ministro-ferraresi-entregaron-viviendas-en-wilde\/\" \/>\n<meta property=\"og:site_name\" content=\"Principios\" \/>\n<meta property=\"article:published_time\" content=\"2022-04-05T19:14:18+00:00\" \/>\n<meta property=\"article:modified_time\" content=\"2022-04-05T19:14:21+00:00\" \/>\n<meta property=\"og:image\" content=\"https:\/\/diarioprincipios.com\/wp-content\/uploads\/2022\/04\/18e3bcff-753a-4d28-a9c6-7784d5818c44.jpg\" \/>\n\t<meta property=\"og:image:width\" content=\"1116\" \/>\n\t<meta property=\"og:image:height\" content=\"744\" \/>\n\t<meta property=\"og:image:type\" content=\"image\/jpeg\" \/>\n<meta name=\"author\" content=\"Hern\u00e1n L\u00f3pez\" \/>\n<meta name=\"twitter:card\" content=\"summary_large_image\" \/>\n<meta name=\"twitter:label1\" content=\"Escrito por\" \/>\n\t<meta name=\"twitter:data1\" content=\"Hern\u00e1n L\u00f3pez\" \/>\n\t<meta name=\"twitter:label2\" content=\"Tiempo de lectura\" \/>\n\t<meta name=\"twitter:data2\" content=\"2 minutos\" \/>\n<script type=\"application\/ld+json\" class=\"yoast-schema-graph\">{\"@context\":\"https:\\\/\\\/schema.org\",\"@graph\":[{\"@type\":\"Article\",\"@id\":\"https:\\\/\\\/diarioprincipios.com\\\/index.php\\\/2022\\\/04\\\/05\\\/el-presidente-fernandez-y-el-ministro-ferraresi-entregaron-viviendas-en-wilde\\\/#article\",\"isPartOf\":{\"@id\":\"https:\\\/\\\/diarioprincipios.com\\\/index.php\\\/2022\\\/04\\\/05\\\/el-presidente-fernandez-y-el-ministro-ferraresi-entregaron-viviendas-en-wilde\\\/\"},\"author\":{\"name\":\"Hern\u00e1n L\u00f3pez\",\"@id\":\"https:\\\/\\\/diarioprincipios.com\\\/#\\\/schema\\\/person\\\/436d5a1fd41a5e250e23ff5a6a7cb080\"},\"headline\":\"EL presidente Fern\u00e1ndez y el ministro Ferraresi entregaron viviendas en Wilde\",\"datePublished\":\"2022-04-05T19:14:18+00:00\",\"dateModified\":\"2022-04-05T19:14:21+00:00\",\"mainEntityOfPage\":{\"@id\":\"https:\\\/\\\/diarioprincipios.com\\\/index.php\\\/2022\\\/04\\\/05\\\/el-presidente-fernandez-y-el-ministro-ferraresi-entregaron-viviendas-en-wilde\\\/\"},\"wordCount\":294,\"commentCount\":0,\"publisher\":{\"@id\":\"https:\\\/\\\/diarioprincipios.com\\\/#organization\"},\"image\":{\"@id\":\"https:\\\/\\\/diarioprincipios.com\\\/index.php\\\/2022\\\/04\\\/05\\\/el-presidente-fernandez-y-el-ministro-ferraresi-entregaron-viviendas-en-wilde\\\/#primaryimage\"},\"thumbnailUrl\":\"https:\\\/\\\/diarioprincipios.com\\\/wp-content\\\/uploads\\\/2022\\\/04\\\/18e3bcff-753a-4d28-a9c6-7784d5818c44.jpg\",\"articleSection\":[\"Avellaneda\"],\"inLanguage\":\"es\",\"potentialAction\":[{\"@type\":\"CommentAction\",\"name\":\"Comment\",\"target\":[\"https:\\\/\\\/diarioprincipios.com\\\/index.php\\\/2022\\\/04\\\/05\\\/el-presidente-fernandez-y-el-ministro-ferraresi-entregaron-viviendas-en-wilde\\\/#respond\"]}]},{\"@type\":\"WebPage\",\"@id\":\"https:\\\/\\\/diarioprincipios.com\\\/index.php\\\/2022\\\/04\\\/05\\\/el-presidente-fernandez-y-el-ministro-ferraresi-entregaron-viviendas-en-wilde\\\/\",\"url\":\"https:\\\/\\\/diarioprincipios.com\\\/index.php\\\/2022\\\/04\\\/05\\\/el-presidente-fernandez-y-el-ministro-ferraresi-entregaron-viviendas-en-wilde\\\/\",\"name\":\"EL presidente Fern\u00e1ndez y el ministro Ferraresi entregaron viviendas en Wilde - Principios\",\"isPartOf\":{\"@id\":\"https:\\\/\\\/diarioprincipios.com\\\/#website\"},\"primaryImageOfPage\":{\"@id\":\"https:\\\/\\\/diarioprincipios.com\\\/index.php\\\/2022\\\/04\\\/05\\\/el-presidente-fernandez-y-el-ministro-ferraresi-entregaron-viviendas-en-wilde\\\/#primaryimage\"},\"image\":{\"@id\":\"https:\\\/\\\/diarioprincipios.com\\\/index.php\\\/2022\\\/04\\\/05\\\/el-presidente-fernandez-y-el-ministro-ferraresi-entregaron-viviendas-en-wilde\\\/#primaryimage\"},\"thumbnailUrl\":\"https:\\\/\\\/diarioprincipios.com\\\/wp-content\\\/uploads\\\/2022\\\/04\\\/18e3bcff-753a-4d28-a9c6-7784d5818c44.jpg\",\"datePublished\":\"2022-04-05T19:14:18+00:00\",\"dateModified\":\"2022-04-05T19:14:21+00:00\",\"breadcrumb\":{\"@id\":\"https:\\\/\\\/diarioprincipios.com\\\/index.php\\\/2022\\\/04\\\/05\\\/el-presidente-fernandez-y-el-ministro-ferraresi-entregaron-viviendas-en-wilde\\\/#breadcrumb\"},\"inLanguage\":\"es\",\"potentialAction\":[{\"@type\":\"ReadAction\",\"target\":[\"https:\\\/\\\/diarioprincipios.com\\\/index.php\\\/2022\\\/04\\\/05\\\/el-presidente-fernandez-y-el-ministro-ferraresi-entregaron-viviendas-en-wilde\\\/\"]}]},{\"@type\":\"ImageObject\",\"inLanguage\":\"es\",\"@id\":\"https:\\\/\\\/diarioprincipios.com\\\/index.php\\\/2022\\\/04\\\/05\\\/el-presidente-fernandez-y-el-ministro-ferraresi-entregaron-viviendas-en-wilde\\\/#primaryimage\",\"url\":\"https:\\\/\\\/diarioprincipios.com\\\/wp-content\\\/uploads\\\/2022\\\/04\\\/18e3bcff-753a-4d28-a9c6-7784d5818c44.jpg\",\"contentUrl\":\"https:\\\/\\\/diarioprincipios.com\\\/wp-content\\\/uploads\\\/2022\\\/04\\\/18e3bcff-753a-4d28-a9c6-7784d5818c44.jpg\",\"width\":1116,\"height\":744},{\"@type\":\"BreadcrumbList\",\"@id\":\"https:\\\/\\\/diarioprincipios.com\\\/index.php\\\/2022\\\/04\\\/05\\\/el-presidente-fernandez-y-el-ministro-ferraresi-entregaron-viviendas-en-wilde\\\/#breadcrumb\",\"itemListElement\":[{\"@type\":\"ListItem\",\"position\":1,\"name\":\"Portada\",\"item\":\"https:\\\/\\\/diarioprincipios.com\\\/\"},{\"@type\":\"ListItem\",\"position\":2,\"name\":\"EL presidente Fern\u00e1ndez y el ministro Ferraresi entregaron viviendas en Wilde\"}]},{\"@type\":\"WebSite\",\"@id\":\"https:\\\/\\\/diarioprincipios.com\\\/#website\",\"url\":\"https:\\\/\\\/diarioprincipios.com\\\/\",\"name\":\"Principios\",\"description\":\"Principios Diario\",\"publisher\":{\"@id\":\"https:\\\/\\\/diarioprincipios.com\\\/#organization\"},\"potentialAction\":[{\"@type\":\"SearchAction\",\"target\":{\"@type\":\"EntryPoint\",\"urlTemplate\":\"https:\\\/\\\/diarioprincipios.com\\\/?s={search_term_string}\"},\"query-input\":{\"@type\":\"PropertyValueSpecification\",\"valueRequired\":true,\"valueName\":\"search_term_string\"}}],\"inLanguage\":\"es\"},{\"@type\":\"Organization\",\"@id\":\"https:\\\/\\\/diarioprincipios.com\\\/#organization\",\"name\":\"Principios\",\"url\":\"https:\\\/\\\/diarioprincipios.com\\\/\",\"logo\":{\"@type\":\"ImageObject\",\"inLanguage\":\"es\",\"@id\":\"https:\\\/\\\/diarioprincipios.com\\\/#\\\/schema\\\/logo\\\/image\\\/\",\"url\":\"https:\\\/\\\/diarioprincipios.com\\\/wp-content\\\/uploads\\\/2024\\\/04\\\/cropped-www.diarioprincipios.com_-1.png\",\"contentUrl\":\"https:\\\/\\\/diarioprincipios.com\\\/wp-content\\\/uploads\\\/2024\\\/04\\\/cropped-www.diarioprincipios.com_-1.png\",\"width\":5325,\"height\":1454,\"caption\":\"Principios\"},\"image\":{\"@id\":\"https:\\\/\\\/diarioprincipios.com\\\/#\\\/schema\\\/logo\\\/image\\\/\"}},{\"@type\":\"Person\",\"@id\":\"https:\\\/\\\/diarioprincipios.com\\\/#\\\/schema\\\/person\\\/436d5a1fd41a5e250e23ff5a6a7cb080\",\"name\":\"Hern\u00e1n L\u00f3pez\",\"image\":{\"@type\":\"ImageObject\",\"inLanguage\":\"es\",\"@id\":\"https:\\\/\\\/diarioprincipios.com\\\/wp-content\\\/litespeed\\\/avatar\\\/11ddfe5610ff3bd100522525b2571f48.jpg?ver=1777048341\",\"url\":\"https:\\\/\\\/diarioprincipios.com\\\/wp-content\\\/litespeed\\\/avatar\\\/11ddfe5610ff3bd100522525b2571f48.jpg?ver=1777048341\",\"contentUrl\":\"https:\\\/\\\/diarioprincipios.com\\\/wp-content\\\/litespeed\\\/avatar\\\/11ddfe5610ff3bd100522525b2571f48.jpg?ver=1777048341\",\"caption\":\"Hern\u00e1n L\u00f3pez\"},\"url\":\"https:\\\/\\\/diarioprincipios.com\\\/index.php\\\/author\\\/hernan\\\/\"}]}<\/script>\n<!-- \/ Yoast SEO plugin. -->","yoast_head_json":{"title":"EL presidente Fern\u00e1ndez y el ministro Ferraresi entregaron viviendas en Wilde - Principios","robots":{"index":"index","follow":"follow","max-snippet":"max-snippet:-1","max-image-preview":"max-image-preview:large","max-video-preview":"max-video-preview:-1"},"canonical":"https:\/\/diarioprincipios.com\/index.php\/2022\/04\/05\/el-presidente-fernandez-y-el-ministro-ferraresi-entregaron-viviendas-en-wilde\/","og_locale":"es_ES","og_type":"article","og_title":"EL presidente Fern\u00e1ndez y el ministro Ferraresi entregaron viviendas en Wilde - Principios","og_description":"Junto a ellos participaron el intendente Alejo Chornobroff y la diputada Victoria Tolosa Paz.\u00a0 El jefe comunal de Avellaneda, Alejo Chornobroff, recibi\u00f3 esta ma\u00f1ana al presidente de la Naci\u00f3n Alberto Fern\u00e1ndez, el ministro de Desarrollo Territorial y H\u00e1bitat Jorge Ferraresi, y la diputada nacional Victoria Tolosa Paz, para llevar a cabo la entrega de 14...","og_url":"https:\/\/diarioprincipios.com\/index.php\/2022\/04\/05\/el-presidente-fernandez-y-el-ministro-ferraresi-entregaron-viviendas-en-wilde\/","og_site_name":"Principios","article_published_time":"2022-04-05T19:14:18+00:00","article_modified_time":"2022-04-05T19:14:21+00:00","og_image":[{"width":1116,"height":744,"url":"https:\/\/diarioprincipios.com\/wp-content\/uploads\/2022\/04\/18e3bcff-753a-4d28-a9c6-7784d5818c44.jpg","type":"image\/jpeg"}],"author":"Hern\u00e1n L\u00f3pez","twitter_card":"summary_large_image","twitter_misc":{"Escrito por":"Hern\u00e1n L\u00f3pez","Tiempo de lectura":"2 minutos"},"schema":{"@context":"https:\/\/schema.org","@graph":[{"@type":"Article","@id":"https:\/\/diarioprincipios.com\/index.php\/2022\/04\/05\/el-presidente-fernandez-y-el-ministro-ferraresi-entregaron-viviendas-en-wilde\/#article","isPartOf":{"@id":"https:\/\/diarioprincipios.com\/index.php\/2022\/04\/05\/el-presidente-fernandez-y-el-ministro-ferraresi-entregaron-viviendas-en-wilde\/"},"author":{"name":"Hern\u00e1n L\u00f3pez","@id":"https:\/\/diarioprincipios.com\/#\/schema\/person\/436d5a1fd41a5e250e23ff5a6a7cb080"},"headline":"EL presidente Fern\u00e1ndez y el ministro Ferraresi entregaron viviendas en Wilde","datePublished":"2022-04-05T19:14:18+00:00","dateModified":"2022-04-05T19:14:21+00:00","mainEntityOfPage":{"@id":"https:\/\/diarioprincipios.com\/index.php\/2022\/04\/05\/el-presidente-fernandez-y-el-ministro-ferraresi-entregaron-viviendas-en-wilde\/"},"wordCount":294,"commentCount":0,"publisher":{"@id":"https:\/\/diarioprincipios.com\/#organization"},"image":{"@id":"https:\/\/diarioprincipios.com\/index.php\/2022\/04\/05\/el-presidente-fernandez-y-el-ministro-ferraresi-entregaron-viviendas-en-wilde\/#primaryimage"},"thumbnailUrl":"https:\/\/diarioprincipios.com\/wp-content\/uploads\/2022\/04\/18e3bcff-753a-4d28-a9c6-7784d5818c44.jpg","articleSection":["Avellaneda"],"inLanguage":"es","potentialAction":[{"@type":"CommentAction","name":"Comment","target":["https:\/\/diarioprincipios.com\/index.php\/2022\/04\/05\/el-presidente-fernandez-y-el-ministro-ferraresi-entregaron-viviendas-en-wilde\/#respond"]}]},{"@type":"WebPage","@id":"https:\/\/diarioprincipios.com\/index.php\/2022\/04\/05\/el-presidente-fernandez-y-el-ministro-ferraresi-entregaron-viviendas-en-wilde\/","url":"https:\/\/diarioprincipios.com\/index.php\/2022\/04\/05\/el-presidente-fernandez-y-el-ministro-ferraresi-entregaron-viviendas-en-wilde\/","name":"EL presidente Fern\u00e1ndez y el ministro Ferraresi entregaron viviendas en Wilde - Principios","isPartOf":{"@id":"https:\/\/diarioprincipios.com\/#website"},"primaryImageOfPage":{"@id":"https:\/\/diarioprincipios.com\/index.php\/2022\/04\/05\/el-presidente-fernandez-y-el-ministro-ferraresi-entregaron-viviendas-en-wilde\/#primaryimage"},"image":{"@id":"https:\/\/diarioprincipios.com\/index.php\/2022\/04\/05\/el-presidente-fernandez-y-el-ministro-ferraresi-entregaron-viviendas-en-wilde\/#primaryimage"},"thumbnailUrl":"https:\/\/diarioprincipios.com\/wp-content\/uploads\/2022\/04\/18e3bcff-753a-4d28-a9c6-7784d5818c44.jpg","datePublished":"2022-04-05T19:14:18+00:00","dateModified":"2022-04-05T19:14:21+00:00","breadcrumb":{"@id":"https:\/\/diarioprincipios.com\/index.php\/2022\/04\/05\/el-presidente-fernandez-y-el-ministro-ferraresi-entregaron-viviendas-en-wilde\/#breadcrumb"},"inLanguage":"es","potentialAction":[{"@type":"ReadAction","target":["https:\/\/diarioprincipios.com\/index.php\/2022\/04\/05\/el-presidente-fernandez-y-el-ministro-ferraresi-entregaron-viviendas-en-wilde\/"]}]},{"@type":"ImageObject","inLanguage":"es","@id":"https:\/\/diarioprincipios.com\/index.php\/2022\/04\/05\/el-presidente-fernandez-y-el-ministro-ferraresi-entregaron-viviendas-en-wilde\/#primaryimage","url":"https:\/\/diarioprincipios.com\/wp-content\/uploads\/2022\/04\/18e3bcff-753a-4d28-a9c6-7784d5818c44.jpg","contentUrl":"https:\/\/diarioprincipios.com\/wp-content\/uploads\/2022\/04\/18e3bcff-753a-4d28-a9c6-7784d5818c44.jpg","width":1116,"height":744},{"@type":"BreadcrumbList","@id":"https:\/\/diarioprincipios.com\/index.php\/2022\/04\/05\/el-presidente-fernandez-y-el-ministro-ferraresi-entregaron-viviendas-en-wilde\/#breadcrumb","itemListElement":[{"@type":"ListItem","position":1,"name":"Portada","item":"https:\/\/diarioprincipios.com\/"},{"@type":"ListItem","position":2,"name":"EL presidente Fern\u00e1ndez y el ministro Ferraresi entregaron viviendas en Wilde"}]},{"@type":"WebSite","@id":"https:\/\/diarioprincipios.com\/#website","url":"https:\/\/diarioprincipios.com\/","name":"Principios","description":"Principios Diario","publisher":{"@id":"https:\/\/diarioprincipios.com\/#organization"},"potentialAction":[{"@type":"SearchAction","target":{"@type":"EntryPoint","urlTemplate":"https:\/\/diarioprincipios.com\/?s={search_term_string}"},"query-input":{"@type":"PropertyValueSpecification","valueRequired":true,"valueName":"search_term_string"}}],"inLanguage":"es"},{"@type":"Organization","@id":"https:\/\/diarioprincipios.com\/#organization","name":"Principios","url":"https:\/\/diarioprincipios.com\/","logo":{"@type":"ImageObject","inLanguage":"es","@id":"https:\/\/diarioprincipios.com\/#\/schema\/logo\/image\/","url":"https:\/\/diarioprincipios.com\/wp-content\/uploads\/2024\/04\/cropped-www.diarioprincipios.com_-1.png","contentUrl":"https:\/\/diarioprincipios.com\/wp-content\/uploads\/2024\/04\/cropped-www.diarioprincipios.com_-1.png","width":5325,"height":1454,"caption":"Principios"},"image":{"@id":"https:\/\/diarioprincipios.com\/#\/schema\/logo\/image\/"}},{"@type":"Person","@id":"https:\/\/diarioprincipios.com\/#\/schema\/person\/436d5a1fd41a5e250e23ff5a6a7cb080","name":"Hern\u00e1n L\u00f3pez","image":{"@type":"ImageObject","inLanguage":"es","@id":"https:\/\/diarioprincipios.com\/wp-content\/litespeed\/avatar\/11ddfe5610ff3bd100522525b2571f48.jpg?ver=1777048341","url":"https:\/\/diarioprincipios.com\/wp-content\/litespeed\/avatar\/11ddfe5610ff3bd100522525b2571f48.jpg?ver=1777048341","contentUrl":"https:\/\/diarioprincipios.com\/wp-content\/litespeed\/avatar\/11ddfe5610ff3bd100522525b2571f48.jpg?ver=1777048341","caption":"Hern\u00e1n L\u00f3pez"},"url":"https:\/\/diarioprincipios.com\/index.php\/author\/hernan\/"}]}},"jetpack_featured_media_url":"https:\/\/diarioprincipios.com\/wp-content\/uploads\/2022\/04\/18e3bcff-753a-4d28-a9c6-7784d5818c44.jpg","_links":{"self":[{"href":"https:\/\/diarioprincipios.com\/index.php\/wp-json\/wp\/v2\/posts\/13272","targetHints":{"allow":["GET"]}}],"collection":[{"href":"https:\/\/diarioprincipios.com\/index.php\/wp-json\/wp\/v2\/posts"}],"about":[{"href":"https:\/\/diarioprincipios.com\/index.php\/wp-json\/wp\/v2\/types\/post"}],"author":[{"embeddable":true,"href":"https:\/\/diarioprincipios.com\/index.php\/wp-json\/wp\/v2\/users\/2"}],"replies":[{"embeddable":true,"href":"https:\/\/diarioprincipios.com\/index.php\/wp-json\/wp\/v2\/comments?post=13272"}],"version-history":[{"count":1,"href":"https:\/\/diarioprincipios.com\/index.php\/wp-json\/wp\/v2\/posts\/13272\/revisions"}],"predecessor-version":[{"id":13277,"href":"https:\/\/diarioprincipios.com\/index.php\/wp-json\/wp\/v2\/posts\/13272\/revisions\/13277"}],"wp:featuredmedia":[{"embeddable":true,"href":"https:\/\/diarioprincipios.com\/index.php\/wp-json\/wp\/v2\/media\/13276"}],"wp:attachment":[{"href":"https:\/\/diarioprincipios.com\/index.php\/wp-json\/wp\/v2\/media?parent=13272"}],"wp:term":[{"taxonomy":"category","embeddable":true,"href":"https:\/\/diarioprincipios.com\/index.php\/wp-json\/wp\/v2\/categories?post=13272"},{"taxonomy":"post_tag","embeddable":true,"href":"https:\/\/diarioprincipios.com\/index.php\/wp-json\/wp\/v2\/tags?post=13272"}],"curies":[{"name":"wp","href":"https:\/\/api.w.org\/{rel}","templated":true}]}}