{"id":13261,"date":"2022-04-05T13:58:22","date_gmt":"2022-04-05T16:58:22","guid":{"rendered":"http:\/\/diarioprincipios.com\/?p=13261"},"modified":"2022-04-05T13:58:28","modified_gmt":"2022-04-05T16:58:28","slug":"el-municipio-y-coca-cola-presentaron-una-estacion-de-reciclaje-que-funcionara-en-plaza-san-martin","status":"publish","type":"post","link":"https:\/\/diarioprincipios.com\/index.php\/2022\/04\/05\/el-municipio-y-coca-cola-presentaron-una-estacion-de-reciclaje-que-funcionara-en-plaza-san-martin\/","title":{"rendered":"El Municipio y Coca Cola presentaron una Estaci\u00f3n de Reciclaje que funcionar\u00e1 en Plaza San Mart\u00edn"},"content":{"rendered":"\n<p>El intendente Juan Jos\u00e9 Mussi y la empresa Reginald Lee presentaron una estaci\u00f3n de reciclaje \u2013 de gesti\u00f3n y recuperaci\u00f3n de residuos de materiales tipo PET (Polietileno Tereftalato)- que funcionar\u00e1 en la Plaza San Mart\u00edn (Av. Mitre y 7). Esta acci\u00f3n se dio en el marco de un acuerdo colaborativo que busca articular programas implementados por ambas partes: Berazategui Recicla (Municipio) y Un Mundo sin Residuos (Coca-Cola Argentina).<\/p>\n\n\n\n<p>Este nuevo Ecopunto funcionar\u00e1 como dep\u00f3sito de residuos PET, vidrios y aluminio. El Programa Municipal Berazategui Recicla se encargar\u00e1 del retiro, traslado y venta de los materiales, as\u00ed como del mantenimiento, limpieza y cuidado del dep\u00f3sito.<\/p>\n\n\n\n<p>Al respecto de la iniciativa, Mussi destac\u00f3: \u201cGracias a la gente de la Secundaria N\u00b014, la Escuela es un factor fundamental para el reciclado. Agradezco a Coca Cola por habernos elegido para llevar adelante este emprendimiento que tiene que ver con algo que ya venimos realizando en 44 Ecopuntos instalados en Berazategui. Este es un espacio donde los residuos se generan a una mayor escala. Continuar con este aporte a la salud de la gente, sacando el residuo de la calle y trasladando menos cantidades a la CEAMSE, tambi\u00e9n genera un ahorro importante.<\/p>\n\n\n\n<figure class=\"wp-block-image size-large\"><img loading=\"lazy\" decoding=\"async\" width=\"1024\" height=\"682\" src=\"https:\/\/diarioprincipios.com\/wp-content\/uploads\/2022\/04\/BERAZATEGUI-EL-MUNICIPIO-Y-COCA-COLA-PRESENTARON-UNA-ESTACION-DE-RECICLAJE-3-1024x682.jpeg\" alt=\"\" class=\"wp-image-13262\" srcset=\"https:\/\/diarioprincipios.com\/wp-content\/uploads\/2022\/04\/BERAZATEGUI-EL-MUNICIPIO-Y-COCA-COLA-PRESENTARON-UNA-ESTACION-DE-RECICLAJE-3-1024x682.jpeg 1024w, https:\/\/diarioprincipios.com\/wp-content\/uploads\/2022\/04\/BERAZATEGUI-EL-MUNICIPIO-Y-COCA-COLA-PRESENTARON-UNA-ESTACION-DE-RECICLAJE-3-300x200.jpeg 300w, https:\/\/diarioprincipios.com\/wp-content\/uploads\/2022\/04\/BERAZATEGUI-EL-MUNICIPIO-Y-COCA-COLA-PRESENTARON-UNA-ESTACION-DE-RECICLAJE-3-768x512.jpeg 768w, https:\/\/diarioprincipios.com\/wp-content\/uploads\/2022\/04\/BERAZATEGUI-EL-MUNICIPIO-Y-COCA-COLA-PRESENTARON-UNA-ESTACION-DE-RECICLAJE-3.jpeg 1280w\" sizes=\"auto, (max-width: 1024px) 100vw, 1024px\" \/><\/figure>\n\n\n\n<p>Y sum\u00f3: \u201cEn las calles de Berazategui habr\u00e1 menos residuos secos y trabajamos tambi\u00e9n sobre los h\u00famedos con el compostaje; ya inauguramos el Programa Escuelas Sustentables. Juan Patricio Mussi hab\u00eda hecho un trabajo importante con la Secretar\u00eda de Organizaciones No Gubernamentales (ONG) y el equipo de Berazategui Recicla; y por eso esto que nos ofrece Coca Cola es bienvenido. Se trata de una empresa que est\u00e1 en el distrito desde hace muchos a\u00f1os. Agradecemos a las personas que todos los d\u00edas limpian Berazategui, especialmente mujeres, amas de casa del Programa Potenciar Trabajo que favorecen a la comunidad y a este pedacito de planeta que espera este tipo de programas y de decisiones. As\u00ed como a todos aquellos que diariamente se ponen las pilas para tener un Berazategui m\u00e1s limpio y m\u00e1s digno de ser vivido\u201d.<\/p>\n\n\n\n<p>Seguidamente, Pablo Teobaldo, director comercial de Reginald Lee, expres\u00f3: \u201cInauguramos una Estaci\u00f3n de Reciclado junto al Municipio de Berazategui, una clara demostraci\u00f3n de que podemos mejorar la calidad de vida de las comunidades y dejar un mundo mejor para las futuras generaciones. Esta iniciativa se lleva a cabo junto al Programa local Berazategui Recicla, que realiza un gran proceso de recolecci\u00f3n y forma parte de la econom\u00eda circular, para generar puestos de trabajo y dejar un mundo m\u00e1s limpio. Hace m\u00e1s de un a\u00f1o que como compa\u00f1\u00eda y por iniciativa del intendente Mussi trabajamos mancomunadamente para llevar adelante este programa y apalancar y sinergizar el trabajo que hace Berazategui Recicla, uniendo los esfuerzos privados con los p\u00fablicos\u201d.<\/p>\n\n\n\n<p>Mediante este Programa municipal se recuperan aproximadamente 30 toneladas semanales de material PET que pueden reconvertirse en botellas. A trav\u00e9s de la separaci\u00f3n de residuos y el reciclado se fortalece la conciencia ecol\u00f3gica. Adem\u00e1s, se logra un ahorro en el traslado y tratamiento de los residuos. Se trata de una iniciativa autosustentable: con la recaudaci\u00f3n de la venta de los materiales se financia el funcionamiento del sistema y el sueldo de los trabajadores y trabajadoras (son vecinos y vecinas beneficiarios del Programa Potenciar Trabajo). Actualmente, est\u00e1 compuesto por 44 Ecopuntos activos distribuidos en todo el distrito y 2 Centros de Acopio donde se desempe\u00f1an 287 recuperadores urbanos. Reciclan: envases PET; vidrios, cart\u00f3n y papeles; pilas y bater\u00edas; pl\u00e1stico soplado; nylon; aluminio; hierros y chapas; y chatarra electr\u00f3nica.<\/p>\n\n\n\n<p>Un Mundo sin Residuos es el compromiso global de Coca-Cola con la recolecci\u00f3n y reciclaje del 100% de los envases que vendan para 2030. Coca-Cola como socio embotellador, junto con Organizaciones No Gubernamentales, gobiernos locales y consumidores, trabaja para optimizar el mejor camino a seguir y disminuir su impacto sobre el medio ambiente; mejorando el rendimiento de los empaques, ya sean botellas o latas.<\/p>\n\n\n\n<p>Participaron integrantes de Berazategui Recicla; representantes de instituciones educativas que articulan acciones con la Direcci\u00f3n de Ambiente Municipal; y estudiantes de la Secundaria N\u00b0 14 que est\u00e1n trabajando la sustentabilidad.<\/p>\n","protected":false},"excerpt":{"rendered":"<p>El intendente Juan Jos\u00e9 Mussi y la empresa Reginald Lee presentaron una estaci\u00f3n de reciclaje \u2013 de gesti\u00f3n y recuperaci\u00f3n de residuos de materiales tipo PET (Polietileno Tereftalato)- que funcionar\u00e1 en la Plaza San Mart\u00edn (Av. Mitre y 7). Esta acci\u00f3n se dio en el marco de un acuerdo colaborativo que busca articular programas implementados&#8230;<\/p>\n","protected":false},"author":2,"featured_media":13263,"comment_status":"open","ping_status":"open","sticky":false,"template":"","format":"standard","meta":{"footnotes":""},"categories":[3],"tags":[],"class_list":["post-13261","post","type-post","status-publish","format-standard","has-post-thumbnail","hentry","category-berazategui"],"featured_image_src":"https:\/\/diarioprincipios.com\/wp-content\/uploads\/2022\/04\/BERAZATEGUI-EL-MUNICIPIO-Y-COCA-COLA-PRESENTARON-UNA-ESTACION-DE-RECICLAJE-4-1024x682.jpeg","blog_images":{"medium":"https:\/\/diarioprincipios.com\/wp-content\/uploads\/2022\/04\/BERAZATEGUI-EL-MUNICIPIO-Y-COCA-COLA-PRESENTARON-UNA-ESTACION-DE-RECICLAJE-4-300x200.jpeg","large":"https:\/\/diarioprincipios.com\/wp-content\/uploads\/2022\/04\/BERAZATEGUI-EL-MUNICIPIO-Y-COCA-COLA-PRESENTARON-UNA-ESTACION-DE-RECICLAJE-4-1024x682.jpeg"},"ams_acf":[],"yoast_head":"<!-- This site is optimized with the Yoast SEO plugin v27.3 - https:\/\/yoast.com\/product\/yoast-seo-wordpress\/ -->\n<title>El Municipio y Coca Cola presentaron una Estaci\u00f3n de Reciclaje que funcionar\u00e1 en Plaza San Mart\u00edn - Principios<\/title>\n<meta name=\"robots\" content=\"index, follow, max-snippet:-1, max-image-preview:large, max-video-preview:-1\" \/>\n<link rel=\"canonical\" href=\"https:\/\/diarioprincipios.com\/index.php\/2022\/04\/05\/el-municipio-y-coca-cola-presentaron-una-estacion-de-reciclaje-que-funcionara-en-plaza-san-martin\/\" \/>\n<meta property=\"og:locale\" content=\"es_ES\" \/>\n<meta property=\"og:type\" content=\"article\" \/>\n<meta property=\"og:title\" content=\"El Municipio y Coca Cola presentaron una Estaci\u00f3n de Reciclaje que funcionar\u00e1 en Plaza San Mart\u00edn - Principios\" \/>\n<meta property=\"og:description\" content=\"El intendente Juan Jos\u00e9 Mussi y la empresa Reginald Lee presentaron una estaci\u00f3n de reciclaje \u2013 de gesti\u00f3n y recuperaci\u00f3n de residuos de materiales tipo PET (Polietileno Tereftalato)- que funcionar\u00e1 en la Plaza San Mart\u00edn (Av. Mitre y 7). Esta acci\u00f3n se dio en el marco de un acuerdo colaborativo que busca articular programas implementados...\" \/>\n<meta property=\"og:url\" content=\"https:\/\/diarioprincipios.com\/index.php\/2022\/04\/05\/el-municipio-y-coca-cola-presentaron-una-estacion-de-reciclaje-que-funcionara-en-plaza-san-martin\/\" \/>\n<meta property=\"og:site_name\" content=\"Principios\" \/>\n<meta property=\"article:published_time\" content=\"2022-04-05T16:58:22+00:00\" \/>\n<meta property=\"article:modified_time\" content=\"2022-04-05T16:58:28+00:00\" \/>\n<meta property=\"og:image\" content=\"https:\/\/diarioprincipios.com\/wp-content\/uploads\/2022\/04\/BERAZATEGUI-EL-MUNICIPIO-Y-COCA-COLA-PRESENTARON-UNA-ESTACION-DE-RECICLAJE-4.jpeg\" \/>\n\t<meta property=\"og:image:width\" content=\"1280\" \/>\n\t<meta property=\"og:image:height\" content=\"853\" \/>\n\t<meta property=\"og:image:type\" content=\"image\/jpeg\" \/>\n<meta name=\"author\" content=\"Hern\u00e1n L\u00f3pez\" \/>\n<meta name=\"twitter:card\" content=\"summary_large_image\" \/>\n<meta name=\"twitter:label1\" content=\"Escrito por\" \/>\n\t<meta name=\"twitter:data1\" content=\"Hern\u00e1n L\u00f3pez\" \/>\n\t<meta name=\"twitter:label2\" content=\"Tiempo de lectura\" \/>\n\t<meta name=\"twitter:data2\" content=\"4 minutos\" \/>\n<script type=\"application\/ld+json\" class=\"yoast-schema-graph\">{\"@context\":\"https:\\\/\\\/schema.org\",\"@graph\":[{\"@type\":\"Article\",\"@id\":\"https:\\\/\\\/diarioprincipios.com\\\/index.php\\\/2022\\\/04\\\/05\\\/el-municipio-y-coca-cola-presentaron-una-estacion-de-reciclaje-que-funcionara-en-plaza-san-martin\\\/#article\",\"isPartOf\":{\"@id\":\"https:\\\/\\\/diarioprincipios.com\\\/index.php\\\/2022\\\/04\\\/05\\\/el-municipio-y-coca-cola-presentaron-una-estacion-de-reciclaje-que-funcionara-en-plaza-san-martin\\\/\"},\"author\":{\"name\":\"Hern\u00e1n L\u00f3pez\",\"@id\":\"https:\\\/\\\/diarioprincipios.com\\\/#\\\/schema\\\/person\\\/436d5a1fd41a5e250e23ff5a6a7cb080\"},\"headline\":\"El Municipio y Coca Cola presentaron una Estaci\u00f3n de Reciclaje que funcionar\u00e1 en Plaza San Mart\u00edn\",\"datePublished\":\"2022-04-05T16:58:22+00:00\",\"dateModified\":\"2022-04-05T16:58:28+00:00\",\"mainEntityOfPage\":{\"@id\":\"https:\\\/\\\/diarioprincipios.com\\\/index.php\\\/2022\\\/04\\\/05\\\/el-municipio-y-coca-cola-presentaron-una-estacion-de-reciclaje-que-funcionara-en-plaza-san-martin\\\/\"},\"wordCount\":717,\"commentCount\":0,\"publisher\":{\"@id\":\"https:\\\/\\\/diarioprincipios.com\\\/#organization\"},\"image\":{\"@id\":\"https:\\\/\\\/diarioprincipios.com\\\/index.php\\\/2022\\\/04\\\/05\\\/el-municipio-y-coca-cola-presentaron-una-estacion-de-reciclaje-que-funcionara-en-plaza-san-martin\\\/#primaryimage\"},\"thumbnailUrl\":\"https:\\\/\\\/diarioprincipios.com\\\/wp-content\\\/uploads\\\/2022\\\/04\\\/BERAZATEGUI-EL-MUNICIPIO-Y-COCA-COLA-PRESENTARON-UNA-ESTACION-DE-RECICLAJE-4.jpeg\",\"articleSection\":[\"Berazategui\"],\"inLanguage\":\"es\",\"potentialAction\":[{\"@type\":\"CommentAction\",\"name\":\"Comment\",\"target\":[\"https:\\\/\\\/diarioprincipios.com\\\/index.php\\\/2022\\\/04\\\/05\\\/el-municipio-y-coca-cola-presentaron-una-estacion-de-reciclaje-que-funcionara-en-plaza-san-martin\\\/#respond\"]}]},{\"@type\":\"WebPage\",\"@id\":\"https:\\\/\\\/diarioprincipios.com\\\/index.php\\\/2022\\\/04\\\/05\\\/el-municipio-y-coca-cola-presentaron-una-estacion-de-reciclaje-que-funcionara-en-plaza-san-martin\\\/\",\"url\":\"https:\\\/\\\/diarioprincipios.com\\\/index.php\\\/2022\\\/04\\\/05\\\/el-municipio-y-coca-cola-presentaron-una-estacion-de-reciclaje-que-funcionara-en-plaza-san-martin\\\/\",\"name\":\"El Municipio y Coca Cola presentaron una Estaci\u00f3n de Reciclaje que funcionar\u00e1 en Plaza San Mart\u00edn - Principios\",\"isPartOf\":{\"@id\":\"https:\\\/\\\/diarioprincipios.com\\\/#website\"},\"primaryImageOfPage\":{\"@id\":\"https:\\\/\\\/diarioprincipios.com\\\/index.php\\\/2022\\\/04\\\/05\\\/el-municipio-y-coca-cola-presentaron-una-estacion-de-reciclaje-que-funcionara-en-plaza-san-martin\\\/#primaryimage\"},\"image\":{\"@id\":\"https:\\\/\\\/diarioprincipios.com\\\/index.php\\\/2022\\\/04\\\/05\\\/el-municipio-y-coca-cola-presentaron-una-estacion-de-reciclaje-que-funcionara-en-plaza-san-martin\\\/#primaryimage\"},\"thumbnailUrl\":\"https:\\\/\\\/diarioprincipios.com\\\/wp-content\\\/uploads\\\/2022\\\/04\\\/BERAZATEGUI-EL-MUNICIPIO-Y-COCA-COLA-PRESENTARON-UNA-ESTACION-DE-RECICLAJE-4.jpeg\",\"datePublished\":\"2022-04-05T16:58:22+00:00\",\"dateModified\":\"2022-04-05T16:58:28+00:00\",\"breadcrumb\":{\"@id\":\"https:\\\/\\\/diarioprincipios.com\\\/index.php\\\/2022\\\/04\\\/05\\\/el-municipio-y-coca-cola-presentaron-una-estacion-de-reciclaje-que-funcionara-en-plaza-san-martin\\\/#breadcrumb\"},\"inLanguage\":\"es\",\"potentialAction\":[{\"@type\":\"ReadAction\",\"target\":[\"https:\\\/\\\/diarioprincipios.com\\\/index.php\\\/2022\\\/04\\\/05\\\/el-municipio-y-coca-cola-presentaron-una-estacion-de-reciclaje-que-funcionara-en-plaza-san-martin\\\/\"]}]},{\"@type\":\"ImageObject\",\"inLanguage\":\"es\",\"@id\":\"https:\\\/\\\/diarioprincipios.com\\\/index.php\\\/2022\\\/04\\\/05\\\/el-municipio-y-coca-cola-presentaron-una-estacion-de-reciclaje-que-funcionara-en-plaza-san-martin\\\/#primaryimage\",\"url\":\"https:\\\/\\\/diarioprincipios.com\\\/wp-content\\\/uploads\\\/2022\\\/04\\\/BERAZATEGUI-EL-MUNICIPIO-Y-COCA-COLA-PRESENTARON-UNA-ESTACION-DE-RECICLAJE-4.jpeg\",\"contentUrl\":\"https:\\\/\\\/diarioprincipios.com\\\/wp-content\\\/uploads\\\/2022\\\/04\\\/BERAZATEGUI-EL-MUNICIPIO-Y-COCA-COLA-PRESENTARON-UNA-ESTACION-DE-RECICLAJE-4.jpeg\",\"width\":1280,\"height\":853},{\"@type\":\"BreadcrumbList\",\"@id\":\"https:\\\/\\\/diarioprincipios.com\\\/index.php\\\/2022\\\/04\\\/05\\\/el-municipio-y-coca-cola-presentaron-una-estacion-de-reciclaje-que-funcionara-en-plaza-san-martin\\\/#breadcrumb\",\"itemListElement\":[{\"@type\":\"ListItem\",\"position\":1,\"name\":\"Portada\",\"item\":\"https:\\\/\\\/diarioprincipios.com\\\/\"},{\"@type\":\"ListItem\",\"position\":2,\"name\":\"El Municipio y Coca Cola presentaron una Estaci\u00f3n de Reciclaje que funcionar\u00e1 en Plaza San Mart\u00edn\"}]},{\"@type\":\"WebSite\",\"@id\":\"https:\\\/\\\/diarioprincipios.com\\\/#website\",\"url\":\"https:\\\/\\\/diarioprincipios.com\\\/\",\"name\":\"Principios\",\"description\":\"Principios Diario\",\"publisher\":{\"@id\":\"https:\\\/\\\/diarioprincipios.com\\\/#organization\"},\"potentialAction\":[{\"@type\":\"SearchAction\",\"target\":{\"@type\":\"EntryPoint\",\"urlTemplate\":\"https:\\\/\\\/diarioprincipios.com\\\/?s={search_term_string}\"},\"query-input\":{\"@type\":\"PropertyValueSpecification\",\"valueRequired\":true,\"valueName\":\"search_term_string\"}}],\"inLanguage\":\"es\"},{\"@type\":\"Organization\",\"@id\":\"https:\\\/\\\/diarioprincipios.com\\\/#organization\",\"name\":\"Principios\",\"url\":\"https:\\\/\\\/diarioprincipios.com\\\/\",\"logo\":{\"@type\":\"ImageObject\",\"inLanguage\":\"es\",\"@id\":\"https:\\\/\\\/diarioprincipios.com\\\/#\\\/schema\\\/logo\\\/image\\\/\",\"url\":\"https:\\\/\\\/diarioprincipios.com\\\/wp-content\\\/uploads\\\/2024\\\/04\\\/cropped-www.diarioprincipios.com_-1.png\",\"contentUrl\":\"https:\\\/\\\/diarioprincipios.com\\\/wp-content\\\/uploads\\\/2024\\\/04\\\/cropped-www.diarioprincipios.com_-1.png\",\"width\":5325,\"height\":1454,\"caption\":\"Principios\"},\"image\":{\"@id\":\"https:\\\/\\\/diarioprincipios.com\\\/#\\\/schema\\\/logo\\\/image\\\/\"}},{\"@type\":\"Person\",\"@id\":\"https:\\\/\\\/diarioprincipios.com\\\/#\\\/schema\\\/person\\\/436d5a1fd41a5e250e23ff5a6a7cb080\",\"name\":\"Hern\u00e1n L\u00f3pez\",\"image\":{\"@type\":\"ImageObject\",\"inLanguage\":\"es\",\"@id\":\"https:\\\/\\\/diarioprincipios.com\\\/wp-content\\\/litespeed\\\/avatar\\\/11ddfe5610ff3bd100522525b2571f48.jpg?ver=1777048341\",\"url\":\"https:\\\/\\\/diarioprincipios.com\\\/wp-content\\\/litespeed\\\/avatar\\\/11ddfe5610ff3bd100522525b2571f48.jpg?ver=1777048341\",\"contentUrl\":\"https:\\\/\\\/diarioprincipios.com\\\/wp-content\\\/litespeed\\\/avatar\\\/11ddfe5610ff3bd100522525b2571f48.jpg?ver=1777048341\",\"caption\":\"Hern\u00e1n L\u00f3pez\"},\"url\":\"https:\\\/\\\/diarioprincipios.com\\\/index.php\\\/author\\\/hernan\\\/\"}]}<\/script>\n<!-- \/ Yoast SEO plugin. -->","yoast_head_json":{"title":"El Municipio y Coca Cola presentaron una Estaci\u00f3n de Reciclaje que funcionar\u00e1 en Plaza San Mart\u00edn - Principios","robots":{"index":"index","follow":"follow","max-snippet":"max-snippet:-1","max-image-preview":"max-image-preview:large","max-video-preview":"max-video-preview:-1"},"canonical":"https:\/\/diarioprincipios.com\/index.php\/2022\/04\/05\/el-municipio-y-coca-cola-presentaron-una-estacion-de-reciclaje-que-funcionara-en-plaza-san-martin\/","og_locale":"es_ES","og_type":"article","og_title":"El Municipio y Coca Cola presentaron una Estaci\u00f3n de Reciclaje que funcionar\u00e1 en Plaza San Mart\u00edn - Principios","og_description":"El intendente Juan Jos\u00e9 Mussi y la empresa Reginald Lee presentaron una estaci\u00f3n de reciclaje \u2013 de gesti\u00f3n y recuperaci\u00f3n de residuos de materiales tipo PET (Polietileno Tereftalato)- que funcionar\u00e1 en la Plaza San Mart\u00edn (Av. Mitre y 7). Esta acci\u00f3n se dio en el marco de un acuerdo colaborativo que busca articular programas implementados...","og_url":"https:\/\/diarioprincipios.com\/index.php\/2022\/04\/05\/el-municipio-y-coca-cola-presentaron-una-estacion-de-reciclaje-que-funcionara-en-plaza-san-martin\/","og_site_name":"Principios","article_published_time":"2022-04-05T16:58:22+00:00","article_modified_time":"2022-04-05T16:58:28+00:00","og_image":[{"width":1280,"height":853,"url":"https:\/\/diarioprincipios.com\/wp-content\/uploads\/2022\/04\/BERAZATEGUI-EL-MUNICIPIO-Y-COCA-COLA-PRESENTARON-UNA-ESTACION-DE-RECICLAJE-4.jpeg","type":"image\/jpeg"}],"author":"Hern\u00e1n L\u00f3pez","twitter_card":"summary_large_image","twitter_misc":{"Escrito por":"Hern\u00e1n L\u00f3pez","Tiempo de lectura":"4 minutos"},"schema":{"@context":"https:\/\/schema.org","@graph":[{"@type":"Article","@id":"https:\/\/diarioprincipios.com\/index.php\/2022\/04\/05\/el-municipio-y-coca-cola-presentaron-una-estacion-de-reciclaje-que-funcionara-en-plaza-san-martin\/#article","isPartOf":{"@id":"https:\/\/diarioprincipios.com\/index.php\/2022\/04\/05\/el-municipio-y-coca-cola-presentaron-una-estacion-de-reciclaje-que-funcionara-en-plaza-san-martin\/"},"author":{"name":"Hern\u00e1n L\u00f3pez","@id":"https:\/\/diarioprincipios.com\/#\/schema\/person\/436d5a1fd41a5e250e23ff5a6a7cb080"},"headline":"El Municipio y Coca Cola presentaron una Estaci\u00f3n de Reciclaje que funcionar\u00e1 en Plaza San Mart\u00edn","datePublished":"2022-04-05T16:58:22+00:00","dateModified":"2022-04-05T16:58:28+00:00","mainEntityOfPage":{"@id":"https:\/\/diarioprincipios.com\/index.php\/2022\/04\/05\/el-municipio-y-coca-cola-presentaron-una-estacion-de-reciclaje-que-funcionara-en-plaza-san-martin\/"},"wordCount":717,"commentCount":0,"publisher":{"@id":"https:\/\/diarioprincipios.com\/#organization"},"image":{"@id":"https:\/\/diarioprincipios.com\/index.php\/2022\/04\/05\/el-municipio-y-coca-cola-presentaron-una-estacion-de-reciclaje-que-funcionara-en-plaza-san-martin\/#primaryimage"},"thumbnailUrl":"https:\/\/diarioprincipios.com\/wp-content\/uploads\/2022\/04\/BERAZATEGUI-EL-MUNICIPIO-Y-COCA-COLA-PRESENTARON-UNA-ESTACION-DE-RECICLAJE-4.jpeg","articleSection":["Berazategui"],"inLanguage":"es","potentialAction":[{"@type":"CommentAction","name":"Comment","target":["https:\/\/diarioprincipios.com\/index.php\/2022\/04\/05\/el-municipio-y-coca-cola-presentaron-una-estacion-de-reciclaje-que-funcionara-en-plaza-san-martin\/#respond"]}]},{"@type":"WebPage","@id":"https:\/\/diarioprincipios.com\/index.php\/2022\/04\/05\/el-municipio-y-coca-cola-presentaron-una-estacion-de-reciclaje-que-funcionara-en-plaza-san-martin\/","url":"https:\/\/diarioprincipios.com\/index.php\/2022\/04\/05\/el-municipio-y-coca-cola-presentaron-una-estacion-de-reciclaje-que-funcionara-en-plaza-san-martin\/","name":"El Municipio y Coca Cola presentaron una Estaci\u00f3n de Reciclaje que funcionar\u00e1 en Plaza San Mart\u00edn - Principios","isPartOf":{"@id":"https:\/\/diarioprincipios.com\/#website"},"primaryImageOfPage":{"@id":"https:\/\/diarioprincipios.com\/index.php\/2022\/04\/05\/el-municipio-y-coca-cola-presentaron-una-estacion-de-reciclaje-que-funcionara-en-plaza-san-martin\/#primaryimage"},"image":{"@id":"https:\/\/diarioprincipios.com\/index.php\/2022\/04\/05\/el-municipio-y-coca-cola-presentaron-una-estacion-de-reciclaje-que-funcionara-en-plaza-san-martin\/#primaryimage"},"thumbnailUrl":"https:\/\/diarioprincipios.com\/wp-content\/uploads\/2022\/04\/BERAZATEGUI-EL-MUNICIPIO-Y-COCA-COLA-PRESENTARON-UNA-ESTACION-DE-RECICLAJE-4.jpeg","datePublished":"2022-04-05T16:58:22+00:00","dateModified":"2022-04-05T16:58:28+00:00","breadcrumb":{"@id":"https:\/\/diarioprincipios.com\/index.php\/2022\/04\/05\/el-municipio-y-coca-cola-presentaron-una-estacion-de-reciclaje-que-funcionara-en-plaza-san-martin\/#breadcrumb"},"inLanguage":"es","potentialAction":[{"@type":"ReadAction","target":["https:\/\/diarioprincipios.com\/index.php\/2022\/04\/05\/el-municipio-y-coca-cola-presentaron-una-estacion-de-reciclaje-que-funcionara-en-plaza-san-martin\/"]}]},{"@type":"ImageObject","inLanguage":"es","@id":"https:\/\/diarioprincipios.com\/index.php\/2022\/04\/05\/el-municipio-y-coca-cola-presentaron-una-estacion-de-reciclaje-que-funcionara-en-plaza-san-martin\/#primaryimage","url":"https:\/\/diarioprincipios.com\/wp-content\/uploads\/2022\/04\/BERAZATEGUI-EL-MUNICIPIO-Y-COCA-COLA-PRESENTARON-UNA-ESTACION-DE-RECICLAJE-4.jpeg","contentUrl":"https:\/\/diarioprincipios.com\/wp-content\/uploads\/2022\/04\/BERAZATEGUI-EL-MUNICIPIO-Y-COCA-COLA-PRESENTARON-UNA-ESTACION-DE-RECICLAJE-4.jpeg","width":1280,"height":853},{"@type":"BreadcrumbList","@id":"https:\/\/diarioprincipios.com\/index.php\/2022\/04\/05\/el-municipio-y-coca-cola-presentaron-una-estacion-de-reciclaje-que-funcionara-en-plaza-san-martin\/#breadcrumb","itemListElement":[{"@type":"ListItem","position":1,"name":"Portada","item":"https:\/\/diarioprincipios.com\/"},{"@type":"ListItem","position":2,"name":"El Municipio y Coca Cola presentaron una Estaci\u00f3n de Reciclaje que funcionar\u00e1 en Plaza San Mart\u00edn"}]},{"@type":"WebSite","@id":"https:\/\/diarioprincipios.com\/#website","url":"https:\/\/diarioprincipios.com\/","name":"Principios","description":"Principios Diario","publisher":{"@id":"https:\/\/diarioprincipios.com\/#organization"},"potentialAction":[{"@type":"SearchAction","target":{"@type":"EntryPoint","urlTemplate":"https:\/\/diarioprincipios.com\/?s={search_term_string}"},"query-input":{"@type":"PropertyValueSpecification","valueRequired":true,"valueName":"search_term_string"}}],"inLanguage":"es"},{"@type":"Organization","@id":"https:\/\/diarioprincipios.com\/#organization","name":"Principios","url":"https:\/\/diarioprincipios.com\/","logo":{"@type":"ImageObject","inLanguage":"es","@id":"https:\/\/diarioprincipios.com\/#\/schema\/logo\/image\/","url":"https:\/\/diarioprincipios.com\/wp-content\/uploads\/2024\/04\/cropped-www.diarioprincipios.com_-1.png","contentUrl":"https:\/\/diarioprincipios.com\/wp-content\/uploads\/2024\/04\/cropped-www.diarioprincipios.com_-1.png","width":5325,"height":1454,"caption":"Principios"},"image":{"@id":"https:\/\/diarioprincipios.com\/#\/schema\/logo\/image\/"}},{"@type":"Person","@id":"https:\/\/diarioprincipios.com\/#\/schema\/person\/436d5a1fd41a5e250e23ff5a6a7cb080","name":"Hern\u00e1n L\u00f3pez","image":{"@type":"ImageObject","inLanguage":"es","@id":"https:\/\/diarioprincipios.com\/wp-content\/litespeed\/avatar\/11ddfe5610ff3bd100522525b2571f48.jpg?ver=1777048341","url":"https:\/\/diarioprincipios.com\/wp-content\/litespeed\/avatar\/11ddfe5610ff3bd100522525b2571f48.jpg?ver=1777048341","contentUrl":"https:\/\/diarioprincipios.com\/wp-content\/litespeed\/avatar\/11ddfe5610ff3bd100522525b2571f48.jpg?ver=1777048341","caption":"Hern\u00e1n L\u00f3pez"},"url":"https:\/\/diarioprincipios.com\/index.php\/author\/hernan\/"}]}},"jetpack_featured_media_url":"https:\/\/diarioprincipios.com\/wp-content\/uploads\/2022\/04\/BERAZATEGUI-EL-MUNICIPIO-Y-COCA-COLA-PRESENTARON-UNA-ESTACION-DE-RECICLAJE-4.jpeg","_links":{"self":[{"href":"https:\/\/diarioprincipios.com\/index.php\/wp-json\/wp\/v2\/posts\/13261","targetHints":{"allow":["GET"]}}],"collection":[{"href":"https:\/\/diarioprincipios.com\/index.php\/wp-json\/wp\/v2\/posts"}],"about":[{"href":"https:\/\/diarioprincipios.com\/index.php\/wp-json\/wp\/v2\/types\/post"}],"author":[{"embeddable":true,"href":"https:\/\/diarioprincipios.com\/index.php\/wp-json\/wp\/v2\/users\/2"}],"replies":[{"embeddable":true,"href":"https:\/\/diarioprincipios.com\/index.php\/wp-json\/wp\/v2\/comments?post=13261"}],"version-history":[{"count":1,"href":"https:\/\/diarioprincipios.com\/index.php\/wp-json\/wp\/v2\/posts\/13261\/revisions"}],"predecessor-version":[{"id":13264,"href":"https:\/\/diarioprincipios.com\/index.php\/wp-json\/wp\/v2\/posts\/13261\/revisions\/13264"}],"wp:featuredmedia":[{"embeddable":true,"href":"https:\/\/diarioprincipios.com\/index.php\/wp-json\/wp\/v2\/media\/13263"}],"wp:attachment":[{"href":"https:\/\/diarioprincipios.com\/index.php\/wp-json\/wp\/v2\/media?parent=13261"}],"wp:term":[{"taxonomy":"category","embeddable":true,"href":"https:\/\/diarioprincipios.com\/index.php\/wp-json\/wp\/v2\/categories?post=13261"},{"taxonomy":"post_tag","embeddable":true,"href":"https:\/\/diarioprincipios.com\/index.php\/wp-json\/wp\/v2\/tags?post=13261"}],"curies":[{"name":"wp","href":"https:\/\/api.w.org\/{rel}","templated":true}]}}