{"id":1324,"date":"2020-05-07T19:35:13","date_gmt":"2020-05-07T19:35:13","guid":{"rendered":"http:\/\/diarioprincipios.com\/?p=1324"},"modified":"2020-05-07T19:35:15","modified_gmt":"2020-05-07T19:35:15","slug":"intendentes-de-la-tercera-se-reunieron-con-kicillof","status":"publish","type":"post","link":"https:\/\/diarioprincipios.com\/index.php\/2020\/05\/07\/intendentes-de-la-tercera-se-reunieron-con-kicillof\/","title":{"rendered":"Intendentes de la Tercera se reunieron con Kicillof"},"content":{"rendered":"\n<p>El\u00a0gobernador bonaerense Axel Kicillof recibi\u00f3 ayer a intendentes oficialistas de la tercera secci\u00f3n electoral para evaluar la continuidad de la ayuda financiera de las provincia a los municipios frente a la pandemia del coronavirus.<\/p>\n\n\n\n<p>Seg\u00fan lo informado por la Gobernaci\u00f3n, del encuentro que se realiz\u00f3 en la Casa de Gobierno, en La Plata, participaron tambi\u00e9n el jefe de Gabinete, Carlos Bianco; el secretario General, Federico Thea; el ministro de Hacienda, Pablo L\u00f3pez y, mediante teleconferencia, la ministra de Gobierno, Teresa Garc\u00eda.<\/p>\n\n\n\n<p>Asistieron los intendentes Fernando Espinoza (La Matanza), Jorge Ferraresi (Avellaneda), Juan Jos\u00e9 Mussi (Berazategui), Mario Secco (Ensenada), Mart\u00edn Insaurralde (Lomas de Zamora) y Mariano Cascallares (Almirante Brown).<\/p>\n\n\n\n<p>En la reuni\u00f3n se analiz\u00f3 la continuidad de los auxilios financieros que la provincia de Buenos Aires otorga a los municipios ante la ca\u00edda de la recaudaci\u00f3n, en el marco de una nueva etapa de cuarentena administrada, inform\u00f3 la Gobernaci\u00f3n en un comunicado.<\/p>\n","protected":false},"excerpt":{"rendered":"<p>El\u00a0gobernador bonaerense Axel Kicillof recibi\u00f3 ayer a intendentes oficialistas de la tercera secci\u00f3n electoral para evaluar la continuidad de la ayuda financiera de las provincia a los municipios frente a la pandemia del coronavirus. Seg\u00fan lo informado por la Gobernaci\u00f3n, del encuentro que se realiz\u00f3 en la Casa de Gobierno, en La Plata, participaron tambi\u00e9n&#8230;<\/p>\n","protected":false},"author":2,"featured_media":1325,"comment_status":"open","ping_status":"open","sticky":false,"template":"","format":"standard","meta":{"footnotes":""},"categories":[7],"tags":[],"class_list":["post-1324","post","type-post","status-publish","format-standard","has-post-thumbnail","hentry","category-provincia"],"featured_image_src":"https:\/\/diarioprincipios.com\/wp-content\/uploads\/2020\/05\/FB_IMG_1588879828055-1024x712.jpg","blog_images":{"medium":"https:\/\/diarioprincipios.com\/wp-content\/uploads\/2020\/05\/FB_IMG_1588879828055-300x209.jpg","large":"https:\/\/diarioprincipios.com\/wp-content\/uploads\/2020\/05\/FB_IMG_1588879828055-1024x712.jpg"},"ams_acf":[],"yoast_head":"<!-- This site is optimized with the Yoast SEO plugin v27.3 - https:\/\/yoast.com\/product\/yoast-seo-wordpress\/ -->\n<title>Intendentes de la Tercera se reunieron con Kicillof - Principios<\/title>\n<meta name=\"robots\" content=\"index, follow, max-snippet:-1, max-image-preview:large, max-video-preview:-1\" \/>\n<link rel=\"canonical\" href=\"https:\/\/diarioprincipios.com\/index.php\/2020\/05\/07\/intendentes-de-la-tercera-se-reunieron-con-kicillof\/\" \/>\n<meta property=\"og:locale\" content=\"es_ES\" \/>\n<meta property=\"og:type\" content=\"article\" \/>\n<meta property=\"og:title\" content=\"Intendentes de la Tercera se reunieron con Kicillof - Principios\" \/>\n<meta property=\"og:description\" content=\"El\u00a0gobernador bonaerense Axel Kicillof recibi\u00f3 ayer a intendentes oficialistas de la tercera secci\u00f3n electoral para evaluar la continuidad de la ayuda financiera de las provincia a los municipios frente a la pandemia del coronavirus. Seg\u00fan lo informado por la Gobernaci\u00f3n, del encuentro que se realiz\u00f3 en la Casa de Gobierno, en La Plata, participaron tambi\u00e9n...\" \/>\n<meta property=\"og:url\" content=\"https:\/\/diarioprincipios.com\/index.php\/2020\/05\/07\/intendentes-de-la-tercera-se-reunieron-con-kicillof\/\" \/>\n<meta property=\"og:site_name\" content=\"Principios\" \/>\n<meta property=\"article:published_time\" content=\"2020-05-07T19:35:13+00:00\" \/>\n<meta property=\"article:modified_time\" content=\"2020-05-07T19:35:15+00:00\" \/>\n<meta property=\"og:image\" content=\"https:\/\/diarioprincipios.com\/wp-content\/uploads\/2020\/05\/FB_IMG_1588879828055.jpg\" \/>\n\t<meta property=\"og:image:width\" content=\"1080\" \/>\n\t<meta property=\"og:image:height\" content=\"751\" \/>\n\t<meta property=\"og:image:type\" content=\"image\/jpeg\" \/>\n<meta name=\"author\" content=\"Hern\u00e1n L\u00f3pez\" \/>\n<meta name=\"twitter:card\" content=\"summary_large_image\" \/>\n<meta name=\"twitter:label1\" content=\"Escrito por\" \/>\n\t<meta name=\"twitter:data1\" content=\"Hern\u00e1n L\u00f3pez\" \/>\n\t<meta name=\"twitter:label2\" content=\"Tiempo de lectura\" \/>\n\t<meta name=\"twitter:data2\" content=\"1 minuto\" \/>\n<script type=\"application\/ld+json\" class=\"yoast-schema-graph\">{\"@context\":\"https:\\\/\\\/schema.org\",\"@graph\":[{\"@type\":\"Article\",\"@id\":\"https:\\\/\\\/diarioprincipios.com\\\/index.php\\\/2020\\\/05\\\/07\\\/intendentes-de-la-tercera-se-reunieron-con-kicillof\\\/#article\",\"isPartOf\":{\"@id\":\"https:\\\/\\\/diarioprincipios.com\\\/index.php\\\/2020\\\/05\\\/07\\\/intendentes-de-la-tercera-se-reunieron-con-kicillof\\\/\"},\"author\":{\"name\":\"Hern\u00e1n L\u00f3pez\",\"@id\":\"https:\\\/\\\/diarioprincipios.com\\\/#\\\/schema\\\/person\\\/436d5a1fd41a5e250e23ff5a6a7cb080\"},\"headline\":\"Intendentes de la Tercera se reunieron con Kicillof\",\"datePublished\":\"2020-05-07T19:35:13+00:00\",\"dateModified\":\"2020-05-07T19:35:15+00:00\",\"mainEntityOfPage\":{\"@id\":\"https:\\\/\\\/diarioprincipios.com\\\/index.php\\\/2020\\\/05\\\/07\\\/intendentes-de-la-tercera-se-reunieron-con-kicillof\\\/\"},\"wordCount\":171,\"commentCount\":0,\"publisher\":{\"@id\":\"https:\\\/\\\/diarioprincipios.com\\\/#organization\"},\"image\":{\"@id\":\"https:\\\/\\\/diarioprincipios.com\\\/index.php\\\/2020\\\/05\\\/07\\\/intendentes-de-la-tercera-se-reunieron-con-kicillof\\\/#primaryimage\"},\"thumbnailUrl\":\"https:\\\/\\\/diarioprincipios.com\\\/wp-content\\\/uploads\\\/2020\\\/05\\\/FB_IMG_1588879828055.jpg\",\"articleSection\":[\"Provincia\"],\"inLanguage\":\"es\",\"potentialAction\":[{\"@type\":\"CommentAction\",\"name\":\"Comment\",\"target\":[\"https:\\\/\\\/diarioprincipios.com\\\/index.php\\\/2020\\\/05\\\/07\\\/intendentes-de-la-tercera-se-reunieron-con-kicillof\\\/#respond\"]}]},{\"@type\":\"WebPage\",\"@id\":\"https:\\\/\\\/diarioprincipios.com\\\/index.php\\\/2020\\\/05\\\/07\\\/intendentes-de-la-tercera-se-reunieron-con-kicillof\\\/\",\"url\":\"https:\\\/\\\/diarioprincipios.com\\\/index.php\\\/2020\\\/05\\\/07\\\/intendentes-de-la-tercera-se-reunieron-con-kicillof\\\/\",\"name\":\"Intendentes de la Tercera se reunieron con Kicillof - Principios\",\"isPartOf\":{\"@id\":\"https:\\\/\\\/diarioprincipios.com\\\/#website\"},\"primaryImageOfPage\":{\"@id\":\"https:\\\/\\\/diarioprincipios.com\\\/index.php\\\/2020\\\/05\\\/07\\\/intendentes-de-la-tercera-se-reunieron-con-kicillof\\\/#primaryimage\"},\"image\":{\"@id\":\"https:\\\/\\\/diarioprincipios.com\\\/index.php\\\/2020\\\/05\\\/07\\\/intendentes-de-la-tercera-se-reunieron-con-kicillof\\\/#primaryimage\"},\"thumbnailUrl\":\"https:\\\/\\\/diarioprincipios.com\\\/wp-content\\\/uploads\\\/2020\\\/05\\\/FB_IMG_1588879828055.jpg\",\"datePublished\":\"2020-05-07T19:35:13+00:00\",\"dateModified\":\"2020-05-07T19:35:15+00:00\",\"breadcrumb\":{\"@id\":\"https:\\\/\\\/diarioprincipios.com\\\/index.php\\\/2020\\\/05\\\/07\\\/intendentes-de-la-tercera-se-reunieron-con-kicillof\\\/#breadcrumb\"},\"inLanguage\":\"es\",\"potentialAction\":[{\"@type\":\"ReadAction\",\"target\":[\"https:\\\/\\\/diarioprincipios.com\\\/index.php\\\/2020\\\/05\\\/07\\\/intendentes-de-la-tercera-se-reunieron-con-kicillof\\\/\"]}]},{\"@type\":\"ImageObject\",\"inLanguage\":\"es\",\"@id\":\"https:\\\/\\\/diarioprincipios.com\\\/index.php\\\/2020\\\/05\\\/07\\\/intendentes-de-la-tercera-se-reunieron-con-kicillof\\\/#primaryimage\",\"url\":\"https:\\\/\\\/diarioprincipios.com\\\/wp-content\\\/uploads\\\/2020\\\/05\\\/FB_IMG_1588879828055.jpg\",\"contentUrl\":\"https:\\\/\\\/diarioprincipios.com\\\/wp-content\\\/uploads\\\/2020\\\/05\\\/FB_IMG_1588879828055.jpg\",\"width\":1080,\"height\":751},{\"@type\":\"BreadcrumbList\",\"@id\":\"https:\\\/\\\/diarioprincipios.com\\\/index.php\\\/2020\\\/05\\\/07\\\/intendentes-de-la-tercera-se-reunieron-con-kicillof\\\/#breadcrumb\",\"itemListElement\":[{\"@type\":\"ListItem\",\"position\":1,\"name\":\"Portada\",\"item\":\"https:\\\/\\\/diarioprincipios.com\\\/\"},{\"@type\":\"ListItem\",\"position\":2,\"name\":\"Intendentes de la Tercera se reunieron con Kicillof\"}]},{\"@type\":\"WebSite\",\"@id\":\"https:\\\/\\\/diarioprincipios.com\\\/#website\",\"url\":\"https:\\\/\\\/diarioprincipios.com\\\/\",\"name\":\"Principios\",\"description\":\"Principios Diario\",\"publisher\":{\"@id\":\"https:\\\/\\\/diarioprincipios.com\\\/#organization\"},\"potentialAction\":[{\"@type\":\"SearchAction\",\"target\":{\"@type\":\"EntryPoint\",\"urlTemplate\":\"https:\\\/\\\/diarioprincipios.com\\\/?s={search_term_string}\"},\"query-input\":{\"@type\":\"PropertyValueSpecification\",\"valueRequired\":true,\"valueName\":\"search_term_string\"}}],\"inLanguage\":\"es\"},{\"@type\":\"Organization\",\"@id\":\"https:\\\/\\\/diarioprincipios.com\\\/#organization\",\"name\":\"Principios\",\"url\":\"https:\\\/\\\/diarioprincipios.com\\\/\",\"logo\":{\"@type\":\"ImageObject\",\"inLanguage\":\"es\",\"@id\":\"https:\\\/\\\/diarioprincipios.com\\\/#\\\/schema\\\/logo\\\/image\\\/\",\"url\":\"https:\\\/\\\/diarioprincipios.com\\\/wp-content\\\/uploads\\\/2024\\\/04\\\/cropped-www.diarioprincipios.com_-1.png\",\"contentUrl\":\"https:\\\/\\\/diarioprincipios.com\\\/wp-content\\\/uploads\\\/2024\\\/04\\\/cropped-www.diarioprincipios.com_-1.png\",\"width\":5325,\"height\":1454,\"caption\":\"Principios\"},\"image\":{\"@id\":\"https:\\\/\\\/diarioprincipios.com\\\/#\\\/schema\\\/logo\\\/image\\\/\"}},{\"@type\":\"Person\",\"@id\":\"https:\\\/\\\/diarioprincipios.com\\\/#\\\/schema\\\/person\\\/436d5a1fd41a5e250e23ff5a6a7cb080\",\"name\":\"Hern\u00e1n L\u00f3pez\",\"image\":{\"@type\":\"ImageObject\",\"inLanguage\":\"es\",\"@id\":\"https:\\\/\\\/diarioprincipios.com\\\/wp-content\\\/litespeed\\\/avatar\\\/11ddfe5610ff3bd100522525b2571f48.jpg?ver=1777048341\",\"url\":\"https:\\\/\\\/diarioprincipios.com\\\/wp-content\\\/litespeed\\\/avatar\\\/11ddfe5610ff3bd100522525b2571f48.jpg?ver=1777048341\",\"contentUrl\":\"https:\\\/\\\/diarioprincipios.com\\\/wp-content\\\/litespeed\\\/avatar\\\/11ddfe5610ff3bd100522525b2571f48.jpg?ver=1777048341\",\"caption\":\"Hern\u00e1n L\u00f3pez\"},\"url\":\"https:\\\/\\\/diarioprincipios.com\\\/index.php\\\/author\\\/hernan\\\/\"}]}<\/script>\n<!-- \/ Yoast SEO plugin. -->","yoast_head_json":{"title":"Intendentes de la Tercera se reunieron con Kicillof - Principios","robots":{"index":"index","follow":"follow","max-snippet":"max-snippet:-1","max-image-preview":"max-image-preview:large","max-video-preview":"max-video-preview:-1"},"canonical":"https:\/\/diarioprincipios.com\/index.php\/2020\/05\/07\/intendentes-de-la-tercera-se-reunieron-con-kicillof\/","og_locale":"es_ES","og_type":"article","og_title":"Intendentes de la Tercera se reunieron con Kicillof - Principios","og_description":"El\u00a0gobernador bonaerense Axel Kicillof recibi\u00f3 ayer a intendentes oficialistas de la tercera secci\u00f3n electoral para evaluar la continuidad de la ayuda financiera de las provincia a los municipios frente a la pandemia del coronavirus. Seg\u00fan lo informado por la Gobernaci\u00f3n, del encuentro que se realiz\u00f3 en la Casa de Gobierno, en La Plata, participaron tambi\u00e9n...","og_url":"https:\/\/diarioprincipios.com\/index.php\/2020\/05\/07\/intendentes-de-la-tercera-se-reunieron-con-kicillof\/","og_site_name":"Principios","article_published_time":"2020-05-07T19:35:13+00:00","article_modified_time":"2020-05-07T19:35:15+00:00","og_image":[{"width":1080,"height":751,"url":"https:\/\/diarioprincipios.com\/wp-content\/uploads\/2020\/05\/FB_IMG_1588879828055.jpg","type":"image\/jpeg"}],"author":"Hern\u00e1n L\u00f3pez","twitter_card":"summary_large_image","twitter_misc":{"Escrito por":"Hern\u00e1n L\u00f3pez","Tiempo de lectura":"1 minuto"},"schema":{"@context":"https:\/\/schema.org","@graph":[{"@type":"Article","@id":"https:\/\/diarioprincipios.com\/index.php\/2020\/05\/07\/intendentes-de-la-tercera-se-reunieron-con-kicillof\/#article","isPartOf":{"@id":"https:\/\/diarioprincipios.com\/index.php\/2020\/05\/07\/intendentes-de-la-tercera-se-reunieron-con-kicillof\/"},"author":{"name":"Hern\u00e1n L\u00f3pez","@id":"https:\/\/diarioprincipios.com\/#\/schema\/person\/436d5a1fd41a5e250e23ff5a6a7cb080"},"headline":"Intendentes de la Tercera se reunieron con Kicillof","datePublished":"2020-05-07T19:35:13+00:00","dateModified":"2020-05-07T19:35:15+00:00","mainEntityOfPage":{"@id":"https:\/\/diarioprincipios.com\/index.php\/2020\/05\/07\/intendentes-de-la-tercera-se-reunieron-con-kicillof\/"},"wordCount":171,"commentCount":0,"publisher":{"@id":"https:\/\/diarioprincipios.com\/#organization"},"image":{"@id":"https:\/\/diarioprincipios.com\/index.php\/2020\/05\/07\/intendentes-de-la-tercera-se-reunieron-con-kicillof\/#primaryimage"},"thumbnailUrl":"https:\/\/diarioprincipios.com\/wp-content\/uploads\/2020\/05\/FB_IMG_1588879828055.jpg","articleSection":["Provincia"],"inLanguage":"es","potentialAction":[{"@type":"CommentAction","name":"Comment","target":["https:\/\/diarioprincipios.com\/index.php\/2020\/05\/07\/intendentes-de-la-tercera-se-reunieron-con-kicillof\/#respond"]}]},{"@type":"WebPage","@id":"https:\/\/diarioprincipios.com\/index.php\/2020\/05\/07\/intendentes-de-la-tercera-se-reunieron-con-kicillof\/","url":"https:\/\/diarioprincipios.com\/index.php\/2020\/05\/07\/intendentes-de-la-tercera-se-reunieron-con-kicillof\/","name":"Intendentes de la Tercera se reunieron con Kicillof - Principios","isPartOf":{"@id":"https:\/\/diarioprincipios.com\/#website"},"primaryImageOfPage":{"@id":"https:\/\/diarioprincipios.com\/index.php\/2020\/05\/07\/intendentes-de-la-tercera-se-reunieron-con-kicillof\/#primaryimage"},"image":{"@id":"https:\/\/diarioprincipios.com\/index.php\/2020\/05\/07\/intendentes-de-la-tercera-se-reunieron-con-kicillof\/#primaryimage"},"thumbnailUrl":"https:\/\/diarioprincipios.com\/wp-content\/uploads\/2020\/05\/FB_IMG_1588879828055.jpg","datePublished":"2020-05-07T19:35:13+00:00","dateModified":"2020-05-07T19:35:15+00:00","breadcrumb":{"@id":"https:\/\/diarioprincipios.com\/index.php\/2020\/05\/07\/intendentes-de-la-tercera-se-reunieron-con-kicillof\/#breadcrumb"},"inLanguage":"es","potentialAction":[{"@type":"ReadAction","target":["https:\/\/diarioprincipios.com\/index.php\/2020\/05\/07\/intendentes-de-la-tercera-se-reunieron-con-kicillof\/"]}]},{"@type":"ImageObject","inLanguage":"es","@id":"https:\/\/diarioprincipios.com\/index.php\/2020\/05\/07\/intendentes-de-la-tercera-se-reunieron-con-kicillof\/#primaryimage","url":"https:\/\/diarioprincipios.com\/wp-content\/uploads\/2020\/05\/FB_IMG_1588879828055.jpg","contentUrl":"https:\/\/diarioprincipios.com\/wp-content\/uploads\/2020\/05\/FB_IMG_1588879828055.jpg","width":1080,"height":751},{"@type":"BreadcrumbList","@id":"https:\/\/diarioprincipios.com\/index.php\/2020\/05\/07\/intendentes-de-la-tercera-se-reunieron-con-kicillof\/#breadcrumb","itemListElement":[{"@type":"ListItem","position":1,"name":"Portada","item":"https:\/\/diarioprincipios.com\/"},{"@type":"ListItem","position":2,"name":"Intendentes de la Tercera se reunieron con Kicillof"}]},{"@type":"WebSite","@id":"https:\/\/diarioprincipios.com\/#website","url":"https:\/\/diarioprincipios.com\/","name":"Principios","description":"Principios Diario","publisher":{"@id":"https:\/\/diarioprincipios.com\/#organization"},"potentialAction":[{"@type":"SearchAction","target":{"@type":"EntryPoint","urlTemplate":"https:\/\/diarioprincipios.com\/?s={search_term_string}"},"query-input":{"@type":"PropertyValueSpecification","valueRequired":true,"valueName":"search_term_string"}}],"inLanguage":"es"},{"@type":"Organization","@id":"https:\/\/diarioprincipios.com\/#organization","name":"Principios","url":"https:\/\/diarioprincipios.com\/","logo":{"@type":"ImageObject","inLanguage":"es","@id":"https:\/\/diarioprincipios.com\/#\/schema\/logo\/image\/","url":"https:\/\/diarioprincipios.com\/wp-content\/uploads\/2024\/04\/cropped-www.diarioprincipios.com_-1.png","contentUrl":"https:\/\/diarioprincipios.com\/wp-content\/uploads\/2024\/04\/cropped-www.diarioprincipios.com_-1.png","width":5325,"height":1454,"caption":"Principios"},"image":{"@id":"https:\/\/diarioprincipios.com\/#\/schema\/logo\/image\/"}},{"@type":"Person","@id":"https:\/\/diarioprincipios.com\/#\/schema\/person\/436d5a1fd41a5e250e23ff5a6a7cb080","name":"Hern\u00e1n L\u00f3pez","image":{"@type":"ImageObject","inLanguage":"es","@id":"https:\/\/diarioprincipios.com\/wp-content\/litespeed\/avatar\/11ddfe5610ff3bd100522525b2571f48.jpg?ver=1777048341","url":"https:\/\/diarioprincipios.com\/wp-content\/litespeed\/avatar\/11ddfe5610ff3bd100522525b2571f48.jpg?ver=1777048341","contentUrl":"https:\/\/diarioprincipios.com\/wp-content\/litespeed\/avatar\/11ddfe5610ff3bd100522525b2571f48.jpg?ver=1777048341","caption":"Hern\u00e1n L\u00f3pez"},"url":"https:\/\/diarioprincipios.com\/index.php\/author\/hernan\/"}]}},"jetpack_featured_media_url":"https:\/\/diarioprincipios.com\/wp-content\/uploads\/2020\/05\/FB_IMG_1588879828055.jpg","_links":{"self":[{"href":"https:\/\/diarioprincipios.com\/index.php\/wp-json\/wp\/v2\/posts\/1324","targetHints":{"allow":["GET"]}}],"collection":[{"href":"https:\/\/diarioprincipios.com\/index.php\/wp-json\/wp\/v2\/posts"}],"about":[{"href":"https:\/\/diarioprincipios.com\/index.php\/wp-json\/wp\/v2\/types\/post"}],"author":[{"embeddable":true,"href":"https:\/\/diarioprincipios.com\/index.php\/wp-json\/wp\/v2\/users\/2"}],"replies":[{"embeddable":true,"href":"https:\/\/diarioprincipios.com\/index.php\/wp-json\/wp\/v2\/comments?post=1324"}],"version-history":[{"count":1,"href":"https:\/\/diarioprincipios.com\/index.php\/wp-json\/wp\/v2\/posts\/1324\/revisions"}],"predecessor-version":[{"id":1326,"href":"https:\/\/diarioprincipios.com\/index.php\/wp-json\/wp\/v2\/posts\/1324\/revisions\/1326"}],"wp:featuredmedia":[{"embeddable":true,"href":"https:\/\/diarioprincipios.com\/index.php\/wp-json\/wp\/v2\/media\/1325"}],"wp:attachment":[{"href":"https:\/\/diarioprincipios.com\/index.php\/wp-json\/wp\/v2\/media?parent=1324"}],"wp:term":[{"taxonomy":"category","embeddable":true,"href":"https:\/\/diarioprincipios.com\/index.php\/wp-json\/wp\/v2\/categories?post=1324"},{"taxonomy":"post_tag","embeddable":true,"href":"https:\/\/diarioprincipios.com\/index.php\/wp-json\/wp\/v2\/tags?post=1324"}],"curies":[{"name":"wp","href":"https:\/\/api.w.org\/{rel}","templated":true}]}}