{"id":13216,"date":"2022-03-31T21:30:47","date_gmt":"2022-04-01T00:30:47","guid":{"rendered":"http:\/\/diarioprincipios.com\/?p=13216"},"modified":"2022-03-31T21:30:53","modified_gmt":"2022-04-01T00:30:53","slug":"mussi-se-reunio-con-funcionarios-de-la-secretaria-de-comercio-de-la-nacion","status":"publish","type":"post","link":"https:\/\/diarioprincipios.com\/index.php\/2022\/03\/31\/mussi-se-reunio-con-funcionarios-de-la-secretaria-de-comercio-de-la-nacion\/","title":{"rendered":"Mussi se reuni\u00f3 con funcionarios de la Secretar\u00eda de Comercio de la Naci\u00f3n"},"content":{"rendered":"\n<p><strong>Con el objetivo de articular acciones que protejan la econom\u00eda familiar de los vecinos, vecinas y comerciantes de Berazategui, el intendente Juan Jos\u00e9 Mussi recibi\u00f3 en su despacho al subsecretario de Pol\u00edticas para el Mercado Interno de la Naci\u00f3n, Antonio Mezmezian; y a la subsecretaria de Acciones para la Defensa de los y las Consumidores, Liliana Schwindt.<\/strong><\/p>\n\n\n\n<p>La reuni\u00f3n, que se desarroll\u00f3 en el Edificio municipal, tambi\u00e9n cont\u00f3 con la participaci\u00f3n del director de Cadenas de Valor de la Secretar\u00eda de Comercio de la Naci\u00f3n, Juan Cruz Contreras; y del jefe de Gabinete de la Subsecretar\u00eda de Desarrollo Agrario y Calidad Agroalimentaria de la provincia de Buenos Aires, Javier Cernadas; adem\u00e1s del equipo de la Secretar\u00eda de Trabajo de la Municipalidad, encabezado por Juan Manuel Parra; y el director ejecutivo del programa Berazategui 2050, Hugo Guerrieri.<\/p>\n\n\n\n<p>A trav\u00e9s de sus redes sociales, el Intendente de Berazategui destac\u00f3 el permanente acompa\u00f1amiento del Gobierno nacional para la implementaci\u00f3n de medidas que mejoren la calidad de vida de la comunidad. \u201cHablamos del contexto econ\u00f3mico y de la importancia de generar pol\u00edticas y acciones que favorezcan al bolsillo de los vecinos y vecinas de Berazategui, incentivando el consumo local y beneficiando a los y las comerciantes\u201d, resalt\u00f3 Mussi tras el encuentro.<\/p>\n","protected":false},"excerpt":{"rendered":"<p>Con el objetivo de articular acciones que protejan la econom\u00eda familiar de los vecinos, vecinas y comerciantes de Berazategui, el intendente Juan Jos\u00e9 Mussi recibi\u00f3 en su despacho al subsecretario de Pol\u00edticas para el Mercado Interno de la Naci\u00f3n, Antonio Mezmezian; y a la subsecretaria de Acciones para la Defensa de los y las Consumidores,&#8230;<\/p>\n","protected":false},"author":2,"featured_media":13217,"comment_status":"open","ping_status":"open","sticky":false,"template":"","format":"standard","meta":{"footnotes":""},"categories":[3],"tags":[],"class_list":["post-13216","post","type-post","status-publish","format-standard","has-post-thumbnail","hentry","category-berazategui"],"featured_image_src":"https:\/\/diarioprincipios.com\/wp-content\/uploads\/2022\/03\/MUSSI-SE-REUNIO-CON-FUNCIONARIOS-DE-LA-SECRETARIA-DE-COMERCIO-DE-LA-NACION-1-1024x670.jpeg","blog_images":{"medium":"https:\/\/diarioprincipios.com\/wp-content\/uploads\/2022\/03\/MUSSI-SE-REUNIO-CON-FUNCIONARIOS-DE-LA-SECRETARIA-DE-COMERCIO-DE-LA-NACION-1-300x196.jpeg","large":"https:\/\/diarioprincipios.com\/wp-content\/uploads\/2022\/03\/MUSSI-SE-REUNIO-CON-FUNCIONARIOS-DE-LA-SECRETARIA-DE-COMERCIO-DE-LA-NACION-1-1024x670.jpeg"},"ams_acf":[],"yoast_head":"<!-- This site is optimized with the Yoast SEO plugin v27.3 - https:\/\/yoast.com\/product\/yoast-seo-wordpress\/ -->\n<title>Mussi se reuni\u00f3 con funcionarios de la Secretar\u00eda de Comercio de la Naci\u00f3n - Principios<\/title>\n<meta name=\"robots\" content=\"index, follow, max-snippet:-1, max-image-preview:large, max-video-preview:-1\" \/>\n<link rel=\"canonical\" href=\"https:\/\/diarioprincipios.com\/index.php\/2022\/03\/31\/mussi-se-reunio-con-funcionarios-de-la-secretaria-de-comercio-de-la-nacion\/\" \/>\n<meta property=\"og:locale\" content=\"es_ES\" \/>\n<meta property=\"og:type\" content=\"article\" \/>\n<meta property=\"og:title\" content=\"Mussi se reuni\u00f3 con funcionarios de la Secretar\u00eda de Comercio de la Naci\u00f3n - Principios\" \/>\n<meta property=\"og:description\" content=\"Con el objetivo de articular acciones que protejan la econom\u00eda familiar de los vecinos, vecinas y comerciantes de Berazategui, el intendente Juan Jos\u00e9 Mussi recibi\u00f3 en su despacho al subsecretario de Pol\u00edticas para el Mercado Interno de la Naci\u00f3n, Antonio Mezmezian; y a la subsecretaria de Acciones para la Defensa de los y las Consumidores,...\" \/>\n<meta property=\"og:url\" content=\"https:\/\/diarioprincipios.com\/index.php\/2022\/03\/31\/mussi-se-reunio-con-funcionarios-de-la-secretaria-de-comercio-de-la-nacion\/\" \/>\n<meta property=\"og:site_name\" content=\"Principios\" \/>\n<meta property=\"article:published_time\" content=\"2022-04-01T00:30:47+00:00\" \/>\n<meta property=\"article:modified_time\" content=\"2022-04-01T00:30:53+00:00\" \/>\n<meta property=\"og:image\" content=\"https:\/\/diarioprincipios.com\/wp-content\/uploads\/2022\/03\/MUSSI-SE-REUNIO-CON-FUNCIONARIOS-DE-LA-SECRETARIA-DE-COMERCIO-DE-LA-NACION-1.jpeg\" \/>\n\t<meta property=\"og:image:width\" content=\"1280\" \/>\n\t<meta property=\"og:image:height\" content=\"837\" \/>\n\t<meta property=\"og:image:type\" content=\"image\/jpeg\" \/>\n<meta name=\"author\" content=\"Hern\u00e1n L\u00f3pez\" \/>\n<meta name=\"twitter:card\" content=\"summary_large_image\" \/>\n<meta name=\"twitter:label1\" content=\"Escrito por\" \/>\n\t<meta name=\"twitter:data1\" content=\"Hern\u00e1n L\u00f3pez\" \/>\n\t<meta name=\"twitter:label2\" content=\"Tiempo de lectura\" \/>\n\t<meta name=\"twitter:data2\" content=\"1 minuto\" \/>\n<script type=\"application\/ld+json\" class=\"yoast-schema-graph\">{\"@context\":\"https:\\\/\\\/schema.org\",\"@graph\":[{\"@type\":\"Article\",\"@id\":\"https:\\\/\\\/diarioprincipios.com\\\/index.php\\\/2022\\\/03\\\/31\\\/mussi-se-reunio-con-funcionarios-de-la-secretaria-de-comercio-de-la-nacion\\\/#article\",\"isPartOf\":{\"@id\":\"https:\\\/\\\/diarioprincipios.com\\\/index.php\\\/2022\\\/03\\\/31\\\/mussi-se-reunio-con-funcionarios-de-la-secretaria-de-comercio-de-la-nacion\\\/\"},\"author\":{\"name\":\"Hern\u00e1n L\u00f3pez\",\"@id\":\"https:\\\/\\\/diarioprincipios.com\\\/#\\\/schema\\\/person\\\/436d5a1fd41a5e250e23ff5a6a7cb080\"},\"headline\":\"Mussi se reuni\u00f3 con funcionarios de la Secretar\u00eda de Comercio de la Naci\u00f3n\",\"datePublished\":\"2022-04-01T00:30:47+00:00\",\"dateModified\":\"2022-04-01T00:30:53+00:00\",\"mainEntityOfPage\":{\"@id\":\"https:\\\/\\\/diarioprincipios.com\\\/index.php\\\/2022\\\/03\\\/31\\\/mussi-se-reunio-con-funcionarios-de-la-secretaria-de-comercio-de-la-nacion\\\/\"},\"wordCount\":237,\"commentCount\":0,\"publisher\":{\"@id\":\"https:\\\/\\\/diarioprincipios.com\\\/#organization\"},\"image\":{\"@id\":\"https:\\\/\\\/diarioprincipios.com\\\/index.php\\\/2022\\\/03\\\/31\\\/mussi-se-reunio-con-funcionarios-de-la-secretaria-de-comercio-de-la-nacion\\\/#primaryimage\"},\"thumbnailUrl\":\"https:\\\/\\\/diarioprincipios.com\\\/wp-content\\\/uploads\\\/2022\\\/03\\\/MUSSI-SE-REUNIO-CON-FUNCIONARIOS-DE-LA-SECRETARIA-DE-COMERCIO-DE-LA-NACION-1.jpeg\",\"articleSection\":[\"Berazategui\"],\"inLanguage\":\"es\",\"potentialAction\":[{\"@type\":\"CommentAction\",\"name\":\"Comment\",\"target\":[\"https:\\\/\\\/diarioprincipios.com\\\/index.php\\\/2022\\\/03\\\/31\\\/mussi-se-reunio-con-funcionarios-de-la-secretaria-de-comercio-de-la-nacion\\\/#respond\"]}]},{\"@type\":\"WebPage\",\"@id\":\"https:\\\/\\\/diarioprincipios.com\\\/index.php\\\/2022\\\/03\\\/31\\\/mussi-se-reunio-con-funcionarios-de-la-secretaria-de-comercio-de-la-nacion\\\/\",\"url\":\"https:\\\/\\\/diarioprincipios.com\\\/index.php\\\/2022\\\/03\\\/31\\\/mussi-se-reunio-con-funcionarios-de-la-secretaria-de-comercio-de-la-nacion\\\/\",\"name\":\"Mussi se reuni\u00f3 con funcionarios de la Secretar\u00eda de Comercio de la Naci\u00f3n - Principios\",\"isPartOf\":{\"@id\":\"https:\\\/\\\/diarioprincipios.com\\\/#website\"},\"primaryImageOfPage\":{\"@id\":\"https:\\\/\\\/diarioprincipios.com\\\/index.php\\\/2022\\\/03\\\/31\\\/mussi-se-reunio-con-funcionarios-de-la-secretaria-de-comercio-de-la-nacion\\\/#primaryimage\"},\"image\":{\"@id\":\"https:\\\/\\\/diarioprincipios.com\\\/index.php\\\/2022\\\/03\\\/31\\\/mussi-se-reunio-con-funcionarios-de-la-secretaria-de-comercio-de-la-nacion\\\/#primaryimage\"},\"thumbnailUrl\":\"https:\\\/\\\/diarioprincipios.com\\\/wp-content\\\/uploads\\\/2022\\\/03\\\/MUSSI-SE-REUNIO-CON-FUNCIONARIOS-DE-LA-SECRETARIA-DE-COMERCIO-DE-LA-NACION-1.jpeg\",\"datePublished\":\"2022-04-01T00:30:47+00:00\",\"dateModified\":\"2022-04-01T00:30:53+00:00\",\"breadcrumb\":{\"@id\":\"https:\\\/\\\/diarioprincipios.com\\\/index.php\\\/2022\\\/03\\\/31\\\/mussi-se-reunio-con-funcionarios-de-la-secretaria-de-comercio-de-la-nacion\\\/#breadcrumb\"},\"inLanguage\":\"es\",\"potentialAction\":[{\"@type\":\"ReadAction\",\"target\":[\"https:\\\/\\\/diarioprincipios.com\\\/index.php\\\/2022\\\/03\\\/31\\\/mussi-se-reunio-con-funcionarios-de-la-secretaria-de-comercio-de-la-nacion\\\/\"]}]},{\"@type\":\"ImageObject\",\"inLanguage\":\"es\",\"@id\":\"https:\\\/\\\/diarioprincipios.com\\\/index.php\\\/2022\\\/03\\\/31\\\/mussi-se-reunio-con-funcionarios-de-la-secretaria-de-comercio-de-la-nacion\\\/#primaryimage\",\"url\":\"https:\\\/\\\/diarioprincipios.com\\\/wp-content\\\/uploads\\\/2022\\\/03\\\/MUSSI-SE-REUNIO-CON-FUNCIONARIOS-DE-LA-SECRETARIA-DE-COMERCIO-DE-LA-NACION-1.jpeg\",\"contentUrl\":\"https:\\\/\\\/diarioprincipios.com\\\/wp-content\\\/uploads\\\/2022\\\/03\\\/MUSSI-SE-REUNIO-CON-FUNCIONARIOS-DE-LA-SECRETARIA-DE-COMERCIO-DE-LA-NACION-1.jpeg\",\"width\":1280,\"height\":837},{\"@type\":\"BreadcrumbList\",\"@id\":\"https:\\\/\\\/diarioprincipios.com\\\/index.php\\\/2022\\\/03\\\/31\\\/mussi-se-reunio-con-funcionarios-de-la-secretaria-de-comercio-de-la-nacion\\\/#breadcrumb\",\"itemListElement\":[{\"@type\":\"ListItem\",\"position\":1,\"name\":\"Portada\",\"item\":\"https:\\\/\\\/diarioprincipios.com\\\/\"},{\"@type\":\"ListItem\",\"position\":2,\"name\":\"Mussi se reuni\u00f3 con funcionarios de la Secretar\u00eda de Comercio de la Naci\u00f3n\"}]},{\"@type\":\"WebSite\",\"@id\":\"https:\\\/\\\/diarioprincipios.com\\\/#website\",\"url\":\"https:\\\/\\\/diarioprincipios.com\\\/\",\"name\":\"Principios\",\"description\":\"Principios Diario\",\"publisher\":{\"@id\":\"https:\\\/\\\/diarioprincipios.com\\\/#organization\"},\"potentialAction\":[{\"@type\":\"SearchAction\",\"target\":{\"@type\":\"EntryPoint\",\"urlTemplate\":\"https:\\\/\\\/diarioprincipios.com\\\/?s={search_term_string}\"},\"query-input\":{\"@type\":\"PropertyValueSpecification\",\"valueRequired\":true,\"valueName\":\"search_term_string\"}}],\"inLanguage\":\"es\"},{\"@type\":\"Organization\",\"@id\":\"https:\\\/\\\/diarioprincipios.com\\\/#organization\",\"name\":\"Principios\",\"url\":\"https:\\\/\\\/diarioprincipios.com\\\/\",\"logo\":{\"@type\":\"ImageObject\",\"inLanguage\":\"es\",\"@id\":\"https:\\\/\\\/diarioprincipios.com\\\/#\\\/schema\\\/logo\\\/image\\\/\",\"url\":\"https:\\\/\\\/diarioprincipios.com\\\/wp-content\\\/uploads\\\/2024\\\/04\\\/cropped-www.diarioprincipios.com_-1.png\",\"contentUrl\":\"https:\\\/\\\/diarioprincipios.com\\\/wp-content\\\/uploads\\\/2024\\\/04\\\/cropped-www.diarioprincipios.com_-1.png\",\"width\":5325,\"height\":1454,\"caption\":\"Principios\"},\"image\":{\"@id\":\"https:\\\/\\\/diarioprincipios.com\\\/#\\\/schema\\\/logo\\\/image\\\/\"}},{\"@type\":\"Person\",\"@id\":\"https:\\\/\\\/diarioprincipios.com\\\/#\\\/schema\\\/person\\\/436d5a1fd41a5e250e23ff5a6a7cb080\",\"name\":\"Hern\u00e1n L\u00f3pez\",\"image\":{\"@type\":\"ImageObject\",\"inLanguage\":\"es\",\"@id\":\"https:\\\/\\\/diarioprincipios.com\\\/wp-content\\\/litespeed\\\/avatar\\\/11ddfe5610ff3bd100522525b2571f48.jpg?ver=1777048341\",\"url\":\"https:\\\/\\\/diarioprincipios.com\\\/wp-content\\\/litespeed\\\/avatar\\\/11ddfe5610ff3bd100522525b2571f48.jpg?ver=1777048341\",\"contentUrl\":\"https:\\\/\\\/diarioprincipios.com\\\/wp-content\\\/litespeed\\\/avatar\\\/11ddfe5610ff3bd100522525b2571f48.jpg?ver=1777048341\",\"caption\":\"Hern\u00e1n L\u00f3pez\"},\"url\":\"https:\\\/\\\/diarioprincipios.com\\\/index.php\\\/author\\\/hernan\\\/\"}]}<\/script>\n<!-- \/ Yoast SEO plugin. -->","yoast_head_json":{"title":"Mussi se reuni\u00f3 con funcionarios de la Secretar\u00eda de Comercio de la Naci\u00f3n - Principios","robots":{"index":"index","follow":"follow","max-snippet":"max-snippet:-1","max-image-preview":"max-image-preview:large","max-video-preview":"max-video-preview:-1"},"canonical":"https:\/\/diarioprincipios.com\/index.php\/2022\/03\/31\/mussi-se-reunio-con-funcionarios-de-la-secretaria-de-comercio-de-la-nacion\/","og_locale":"es_ES","og_type":"article","og_title":"Mussi se reuni\u00f3 con funcionarios de la Secretar\u00eda de Comercio de la Naci\u00f3n - Principios","og_description":"Con el objetivo de articular acciones que protejan la econom\u00eda familiar de los vecinos, vecinas y comerciantes de Berazategui, el intendente Juan Jos\u00e9 Mussi recibi\u00f3 en su despacho al subsecretario de Pol\u00edticas para el Mercado Interno de la Naci\u00f3n, Antonio Mezmezian; y a la subsecretaria de Acciones para la Defensa de los y las Consumidores,...","og_url":"https:\/\/diarioprincipios.com\/index.php\/2022\/03\/31\/mussi-se-reunio-con-funcionarios-de-la-secretaria-de-comercio-de-la-nacion\/","og_site_name":"Principios","article_published_time":"2022-04-01T00:30:47+00:00","article_modified_time":"2022-04-01T00:30:53+00:00","og_image":[{"width":1280,"height":837,"url":"https:\/\/diarioprincipios.com\/wp-content\/uploads\/2022\/03\/MUSSI-SE-REUNIO-CON-FUNCIONARIOS-DE-LA-SECRETARIA-DE-COMERCIO-DE-LA-NACION-1.jpeg","type":"image\/jpeg"}],"author":"Hern\u00e1n L\u00f3pez","twitter_card":"summary_large_image","twitter_misc":{"Escrito por":"Hern\u00e1n L\u00f3pez","Tiempo de lectura":"1 minuto"},"schema":{"@context":"https:\/\/schema.org","@graph":[{"@type":"Article","@id":"https:\/\/diarioprincipios.com\/index.php\/2022\/03\/31\/mussi-se-reunio-con-funcionarios-de-la-secretaria-de-comercio-de-la-nacion\/#article","isPartOf":{"@id":"https:\/\/diarioprincipios.com\/index.php\/2022\/03\/31\/mussi-se-reunio-con-funcionarios-de-la-secretaria-de-comercio-de-la-nacion\/"},"author":{"name":"Hern\u00e1n L\u00f3pez","@id":"https:\/\/diarioprincipios.com\/#\/schema\/person\/436d5a1fd41a5e250e23ff5a6a7cb080"},"headline":"Mussi se reuni\u00f3 con funcionarios de la Secretar\u00eda de Comercio de la Naci\u00f3n","datePublished":"2022-04-01T00:30:47+00:00","dateModified":"2022-04-01T00:30:53+00:00","mainEntityOfPage":{"@id":"https:\/\/diarioprincipios.com\/index.php\/2022\/03\/31\/mussi-se-reunio-con-funcionarios-de-la-secretaria-de-comercio-de-la-nacion\/"},"wordCount":237,"commentCount":0,"publisher":{"@id":"https:\/\/diarioprincipios.com\/#organization"},"image":{"@id":"https:\/\/diarioprincipios.com\/index.php\/2022\/03\/31\/mussi-se-reunio-con-funcionarios-de-la-secretaria-de-comercio-de-la-nacion\/#primaryimage"},"thumbnailUrl":"https:\/\/diarioprincipios.com\/wp-content\/uploads\/2022\/03\/MUSSI-SE-REUNIO-CON-FUNCIONARIOS-DE-LA-SECRETARIA-DE-COMERCIO-DE-LA-NACION-1.jpeg","articleSection":["Berazategui"],"inLanguage":"es","potentialAction":[{"@type":"CommentAction","name":"Comment","target":["https:\/\/diarioprincipios.com\/index.php\/2022\/03\/31\/mussi-se-reunio-con-funcionarios-de-la-secretaria-de-comercio-de-la-nacion\/#respond"]}]},{"@type":"WebPage","@id":"https:\/\/diarioprincipios.com\/index.php\/2022\/03\/31\/mussi-se-reunio-con-funcionarios-de-la-secretaria-de-comercio-de-la-nacion\/","url":"https:\/\/diarioprincipios.com\/index.php\/2022\/03\/31\/mussi-se-reunio-con-funcionarios-de-la-secretaria-de-comercio-de-la-nacion\/","name":"Mussi se reuni\u00f3 con funcionarios de la Secretar\u00eda de Comercio de la Naci\u00f3n - Principios","isPartOf":{"@id":"https:\/\/diarioprincipios.com\/#website"},"primaryImageOfPage":{"@id":"https:\/\/diarioprincipios.com\/index.php\/2022\/03\/31\/mussi-se-reunio-con-funcionarios-de-la-secretaria-de-comercio-de-la-nacion\/#primaryimage"},"image":{"@id":"https:\/\/diarioprincipios.com\/index.php\/2022\/03\/31\/mussi-se-reunio-con-funcionarios-de-la-secretaria-de-comercio-de-la-nacion\/#primaryimage"},"thumbnailUrl":"https:\/\/diarioprincipios.com\/wp-content\/uploads\/2022\/03\/MUSSI-SE-REUNIO-CON-FUNCIONARIOS-DE-LA-SECRETARIA-DE-COMERCIO-DE-LA-NACION-1.jpeg","datePublished":"2022-04-01T00:30:47+00:00","dateModified":"2022-04-01T00:30:53+00:00","breadcrumb":{"@id":"https:\/\/diarioprincipios.com\/index.php\/2022\/03\/31\/mussi-se-reunio-con-funcionarios-de-la-secretaria-de-comercio-de-la-nacion\/#breadcrumb"},"inLanguage":"es","potentialAction":[{"@type":"ReadAction","target":["https:\/\/diarioprincipios.com\/index.php\/2022\/03\/31\/mussi-se-reunio-con-funcionarios-de-la-secretaria-de-comercio-de-la-nacion\/"]}]},{"@type":"ImageObject","inLanguage":"es","@id":"https:\/\/diarioprincipios.com\/index.php\/2022\/03\/31\/mussi-se-reunio-con-funcionarios-de-la-secretaria-de-comercio-de-la-nacion\/#primaryimage","url":"https:\/\/diarioprincipios.com\/wp-content\/uploads\/2022\/03\/MUSSI-SE-REUNIO-CON-FUNCIONARIOS-DE-LA-SECRETARIA-DE-COMERCIO-DE-LA-NACION-1.jpeg","contentUrl":"https:\/\/diarioprincipios.com\/wp-content\/uploads\/2022\/03\/MUSSI-SE-REUNIO-CON-FUNCIONARIOS-DE-LA-SECRETARIA-DE-COMERCIO-DE-LA-NACION-1.jpeg","width":1280,"height":837},{"@type":"BreadcrumbList","@id":"https:\/\/diarioprincipios.com\/index.php\/2022\/03\/31\/mussi-se-reunio-con-funcionarios-de-la-secretaria-de-comercio-de-la-nacion\/#breadcrumb","itemListElement":[{"@type":"ListItem","position":1,"name":"Portada","item":"https:\/\/diarioprincipios.com\/"},{"@type":"ListItem","position":2,"name":"Mussi se reuni\u00f3 con funcionarios de la Secretar\u00eda de Comercio de la Naci\u00f3n"}]},{"@type":"WebSite","@id":"https:\/\/diarioprincipios.com\/#website","url":"https:\/\/diarioprincipios.com\/","name":"Principios","description":"Principios Diario","publisher":{"@id":"https:\/\/diarioprincipios.com\/#organization"},"potentialAction":[{"@type":"SearchAction","target":{"@type":"EntryPoint","urlTemplate":"https:\/\/diarioprincipios.com\/?s={search_term_string}"},"query-input":{"@type":"PropertyValueSpecification","valueRequired":true,"valueName":"search_term_string"}}],"inLanguage":"es"},{"@type":"Organization","@id":"https:\/\/diarioprincipios.com\/#organization","name":"Principios","url":"https:\/\/diarioprincipios.com\/","logo":{"@type":"ImageObject","inLanguage":"es","@id":"https:\/\/diarioprincipios.com\/#\/schema\/logo\/image\/","url":"https:\/\/diarioprincipios.com\/wp-content\/uploads\/2024\/04\/cropped-www.diarioprincipios.com_-1.png","contentUrl":"https:\/\/diarioprincipios.com\/wp-content\/uploads\/2024\/04\/cropped-www.diarioprincipios.com_-1.png","width":5325,"height":1454,"caption":"Principios"},"image":{"@id":"https:\/\/diarioprincipios.com\/#\/schema\/logo\/image\/"}},{"@type":"Person","@id":"https:\/\/diarioprincipios.com\/#\/schema\/person\/436d5a1fd41a5e250e23ff5a6a7cb080","name":"Hern\u00e1n L\u00f3pez","image":{"@type":"ImageObject","inLanguage":"es","@id":"https:\/\/diarioprincipios.com\/wp-content\/litespeed\/avatar\/11ddfe5610ff3bd100522525b2571f48.jpg?ver=1777048341","url":"https:\/\/diarioprincipios.com\/wp-content\/litespeed\/avatar\/11ddfe5610ff3bd100522525b2571f48.jpg?ver=1777048341","contentUrl":"https:\/\/diarioprincipios.com\/wp-content\/litespeed\/avatar\/11ddfe5610ff3bd100522525b2571f48.jpg?ver=1777048341","caption":"Hern\u00e1n L\u00f3pez"},"url":"https:\/\/diarioprincipios.com\/index.php\/author\/hernan\/"}]}},"jetpack_featured_media_url":"https:\/\/diarioprincipios.com\/wp-content\/uploads\/2022\/03\/MUSSI-SE-REUNIO-CON-FUNCIONARIOS-DE-LA-SECRETARIA-DE-COMERCIO-DE-LA-NACION-1.jpeg","_links":{"self":[{"href":"https:\/\/diarioprincipios.com\/index.php\/wp-json\/wp\/v2\/posts\/13216","targetHints":{"allow":["GET"]}}],"collection":[{"href":"https:\/\/diarioprincipios.com\/index.php\/wp-json\/wp\/v2\/posts"}],"about":[{"href":"https:\/\/diarioprincipios.com\/index.php\/wp-json\/wp\/v2\/types\/post"}],"author":[{"embeddable":true,"href":"https:\/\/diarioprincipios.com\/index.php\/wp-json\/wp\/v2\/users\/2"}],"replies":[{"embeddable":true,"href":"https:\/\/diarioprincipios.com\/index.php\/wp-json\/wp\/v2\/comments?post=13216"}],"version-history":[{"count":1,"href":"https:\/\/diarioprincipios.com\/index.php\/wp-json\/wp\/v2\/posts\/13216\/revisions"}],"predecessor-version":[{"id":13218,"href":"https:\/\/diarioprincipios.com\/index.php\/wp-json\/wp\/v2\/posts\/13216\/revisions\/13218"}],"wp:featuredmedia":[{"embeddable":true,"href":"https:\/\/diarioprincipios.com\/index.php\/wp-json\/wp\/v2\/media\/13217"}],"wp:attachment":[{"href":"https:\/\/diarioprincipios.com\/index.php\/wp-json\/wp\/v2\/media?parent=13216"}],"wp:term":[{"taxonomy":"category","embeddable":true,"href":"https:\/\/diarioprincipios.com\/index.php\/wp-json\/wp\/v2\/categories?post=13216"},{"taxonomy":"post_tag","embeddable":true,"href":"https:\/\/diarioprincipios.com\/index.php\/wp-json\/wp\/v2\/tags?post=13216"}],"curies":[{"name":"wp","href":"https:\/\/api.w.org\/{rel}","templated":true}]}}