{"id":13208,"date":"2022-03-30T15:15:50","date_gmt":"2022-03-30T18:15:50","guid":{"rendered":"http:\/\/diarioprincipios.com\/?p=13208"},"modified":"2022-03-30T15:15:53","modified_gmt":"2022-03-30T18:15:53","slug":"homenaje-a-los-infantes-de-marina-que-en-1982-embarcaron-para-recuperar-las-malvinas","status":"publish","type":"post","link":"https:\/\/diarioprincipios.com\/index.php\/2022\/03\/30\/homenaje-a-los-infantes-de-marina-que-en-1982-embarcaron-para-recuperar-las-malvinas\/","title":{"rendered":"Homenaje a los Infantes de Marina que en 1982 embarcaron para recuperar las Malvinas"},"content":{"rendered":"\n<p><strong>Bajo el lema \u201cBerazategui Cuna de la Recuperaci\u00f3n de las Islas Malvinas\u201d, se conmemor\u00f3 la jornada hist\u00f3rica del 28 de marzo, d\u00eda que se inici\u00f3 la operaci\u00f3n de recuperaci\u00f3n de nuestras Islas Malvinas. El evento se desarroll\u00f3 en el ex predio del\u00a0CIFIM (Centro de Instrucci\u00f3n y Formaci\u00f3n de Infanter\u00eda de Marina) del Parque Pereyra, lugar donde recibieron su capacitaci\u00f3n todos los Conscriptos de Infanter\u00eda de Marina que hace 40 a\u00f1os formaron parte del conflicto b\u00e9lico en el Atl\u00e1ntico Sur frente a las tropas invasoras del Reino Unido de Gran Breta\u00f1a.<\/strong><\/p>\n\n\n\n<p>En la ma\u00f1ana del 28 de marzo de 1982, m\u00e1s precisamente a las 10.57, nuestros compatriotas embarcaron rumbo a las Islas Malvinas con el objetivo de desembarcar y recuperarlas, ya que se hallaban en manos de la corona Brit\u00e1nica tras casi un siglo y medio de usurpaci\u00f3n. Aquellos combatientes hab\u00edan sido formados en este espacio de Berazategui, que por aquel entonces recib\u00eda a los futuros conscriptos provenientes de todo el pa\u00eds para cumplir con el Servicio Militar Obligatorio en la Infanter\u00eda de Marina, y luego derivados a los lugares con destino definitivo. Su aporte fue tan significativo\u00a0durante aquel conflicto, que tanto el primero como el \u00faltimo soldado argentino en dejar su vida en Malvinas fueron Infantes de Marina.<br>A 40 a\u00f1os de aquella hist\u00f3rica gesta, el intendente Juan Jos\u00e9 Mussi encabez\u00f3 un emotivo acto en este ex Centro de Formaci\u00f3n ubicado frente a la Estaci\u00f3n Pereyra y recientemente declarado Sitio Hist\u00f3rico, Cultural y Educativo de Berazategui por el Honorable Concejo Deliberante (HCD) local, a trav\u00e9s de la Ordenanza N\u00b0 6118. La ceremonia cont\u00f3 con la concurrencia de cientos de personas, entre excombatientes, representantes de instituciones como Madre Teresa y el Liceo Policial, guardaparques, ATE y la Armada Argentina, as\u00ed como el jefe de Compa\u00f1\u00edas de Seguridad y Servicios en el CIFIM, Celestino Lamiral.<\/p>\n\n\n\n<figure class=\"wp-block-image size-large\"><img loading=\"lazy\" decoding=\"async\" width=\"1024\" height=\"683\" src=\"https:\/\/diarioprincipios.com\/wp-content\/uploads\/2022\/03\/BERAZATEGUI-HOMENAJE-A-LOS-INFANTES-DE-MARINA-QUE-EL-28-DE-MARZO-DEL-82-EMBARCARON-PARA-RECUPERAR-LAS-MALVINAS-5-1024x683.jpg\" alt=\"\" class=\"wp-image-13209\" srcset=\"https:\/\/diarioprincipios.com\/wp-content\/uploads\/2022\/03\/BERAZATEGUI-HOMENAJE-A-LOS-INFANTES-DE-MARINA-QUE-EL-28-DE-MARZO-DEL-82-EMBARCARON-PARA-RECUPERAR-LAS-MALVINAS-5-1024x683.jpg 1024w, https:\/\/diarioprincipios.com\/wp-content\/uploads\/2022\/03\/BERAZATEGUI-HOMENAJE-A-LOS-INFANTES-DE-MARINA-QUE-EL-28-DE-MARZO-DEL-82-EMBARCARON-PARA-RECUPERAR-LAS-MALVINAS-5-300x200.jpg 300w, https:\/\/diarioprincipios.com\/wp-content\/uploads\/2022\/03\/BERAZATEGUI-HOMENAJE-A-LOS-INFANTES-DE-MARINA-QUE-EL-28-DE-MARZO-DEL-82-EMBARCARON-PARA-RECUPERAR-LAS-MALVINAS-5-768x512.jpg 768w, https:\/\/diarioprincipios.com\/wp-content\/uploads\/2022\/03\/BERAZATEGUI-HOMENAJE-A-LOS-INFANTES-DE-MARINA-QUE-EL-28-DE-MARZO-DEL-82-EMBARCARON-PARA-RECUPERAR-LAS-MALVINAS-5-1536x1024.jpg 1536w, https:\/\/diarioprincipios.com\/wp-content\/uploads\/2022\/03\/BERAZATEGUI-HOMENAJE-A-LOS-INFANTES-DE-MARINA-QUE-EL-28-DE-MARZO-DEL-82-EMBARCARON-PARA-RECUPERAR-LAS-MALVINAS-5.jpg 1920w\" sizes=\"auto, (max-width: 1024px) 100vw, 1024px\" \/><\/figure>\n\n\n\n<p>\u201cReci\u00e9n en este acto le\u00ed una frase muy especial que dice que \u2018un combatiente solo muere cuando es olvidado\u2019. Y en Berazategui coincidimos totalmente, por eso desde mi primera gesti\u00f3n como Intendente hemos tenido un profundo respeto por los excombatientes de Malvinas. Y cuando muchos parec\u00edan querer olvidarlos, desde el Municipio siempre reivindicamos aquella heroica gesta e intentamos generar el reconocimiento que se merec\u00edan por parte de la sociedad\u201d, manifest\u00f3 Mussi y destac\u00f3 que la Ordenanza haya sido aprobada por unanimidad en el HCD.<\/p>\n\n\n\n<p>En este sentido, el Jefe comunal record\u00f3: \u201cAl principio comenzamos inaugurando plazas y calles con los nombres de nuestros h\u00e9roes, y no cobr\u00e1ndoles las tasas municipales a sus familias. As\u00ed, con esta clase de gestos, fuimos creciendo como \u2018Ciudad Malvinera\u2019. Pero hoy (por ayer), Berazategui ha dado un verdadero ejemplo, al realizar el primer acto del 28 de marzo. Se trata del primer reconocimiento a aquellos j\u00f3venes de todo el pa\u00eds que desde este lugar fueron destinados a Malvinas\u201d.<\/p>\n\n\n\n<p>Por su parte, Omar Acosta, concejal de Berazategui y excombatiente de Malvinas, explic\u00f3: \u201cPara que haya un 2 de abril tuvo que haber un 28 de marzo. Y a 40 a\u00f1os, estamos reivindicando esta fecha y declarando como Sitio Hist\u00f3rico las instalaciones del CIFIM, desde donde el contingente de Infantes de Marina zarp\u00f3 para recuperar nuestras Islas Malvinas. Y lo m\u00e1s importante es que aquel grupo estuvo conformado por quienes realizaron aqu\u00ed su instrucci\u00f3n\u201d. Y remarc\u00f3: \u201cPor eso, podemos decir con orgullo que Berazategui es la \u2018Cuna de la recuperaci\u00f3n de nuestras Islas Malvinas\u2019\u201d.<\/p>\n\n\n\n<figure class=\"wp-block-image size-large\"><img loading=\"lazy\" decoding=\"async\" width=\"1024\" height=\"683\" src=\"https:\/\/diarioprincipios.com\/wp-content\/uploads\/2022\/03\/BERAZATEGUI-HOMENAJE-A-LOS-INFANTES-DE-MARINA-QUE-EL-28-DE-MARZO-DEL-82-EMBARCARON-PARA-RECUPERAR-LAS-MALVINAS-1-1024x683.jpg\" alt=\"\" class=\"wp-image-13210\" srcset=\"https:\/\/diarioprincipios.com\/wp-content\/uploads\/2022\/03\/BERAZATEGUI-HOMENAJE-A-LOS-INFANTES-DE-MARINA-QUE-EL-28-DE-MARZO-DEL-82-EMBARCARON-PARA-RECUPERAR-LAS-MALVINAS-1-1024x683.jpg 1024w, https:\/\/diarioprincipios.com\/wp-content\/uploads\/2022\/03\/BERAZATEGUI-HOMENAJE-A-LOS-INFANTES-DE-MARINA-QUE-EL-28-DE-MARZO-DEL-82-EMBARCARON-PARA-RECUPERAR-LAS-MALVINAS-1-300x200.jpg 300w, https:\/\/diarioprincipios.com\/wp-content\/uploads\/2022\/03\/BERAZATEGUI-HOMENAJE-A-LOS-INFANTES-DE-MARINA-QUE-EL-28-DE-MARZO-DEL-82-EMBARCARON-PARA-RECUPERAR-LAS-MALVINAS-1-768x512.jpg 768w, https:\/\/diarioprincipios.com\/wp-content\/uploads\/2022\/03\/BERAZATEGUI-HOMENAJE-A-LOS-INFANTES-DE-MARINA-QUE-EL-28-DE-MARZO-DEL-82-EMBARCARON-PARA-RECUPERAR-LAS-MALVINAS-1-1536x1024.jpg 1536w, https:\/\/diarioprincipios.com\/wp-content\/uploads\/2022\/03\/BERAZATEGUI-HOMENAJE-A-LOS-INFANTES-DE-MARINA-QUE-EL-28-DE-MARZO-DEL-82-EMBARCARON-PARA-RECUPERAR-LAS-MALVINAS-1.jpg 1920w\" sizes=\"auto, (max-width: 1024px) 100vw, 1024px\" \/><\/figure>\n\n\n\n<p>La Agrupaci\u00f3n H\u00e9roes de Malvinas de Berazategui; Historia y Naturaleza; el Instituto para la Defensa del Parque Pereyra Iraola; ATE Secci\u00f3n Berazategui; y la CTA Aut\u00f3noma de Berazategui tomaron parte activa en la recuperaci\u00f3n del CIFIM, una ex instalaci\u00f3n emblem\u00e1tica militar dependiente del BIM 3 de La Plata y actualmente base de Guardaparques, quienes custodian el Parque Provincial Pereyra Iraola.<\/p>\n\n\n\n<p>Tambi\u00e9n participaron de la ceremonia la titular de la Secretar\u00eda Privada del Municipio, Mar\u00eda Del Carmen Flores; los secretarios de Desarrollo Social y Comunitario, Recreaci\u00f3n, Turismo y Deportes, Mar\u00eda Laura Lacava; de Cultura y Educaci\u00f3n, Federico L\u00f3pez; y de Salud, Pablo Costa; la subsecretaria de Juventudes, Jennifer Noro; el presidente del Concejo Deliberante, Marcelo Romio; el titular del Consejo Escolar, Fernando Cardozo; y el presidente de la Agrupaci\u00f3n H\u00e9roes de Malvinas de Berazategui, Daniel Alfonso, entre otras autoridades municipales, escolares y de instituciones malvineras.<\/p>\n","protected":false},"excerpt":{"rendered":"<p>Bajo el lema \u201cBerazategui Cuna de la Recuperaci\u00f3n de las Islas Malvinas\u201d, se conmemor\u00f3 la jornada hist\u00f3rica del 28 de marzo, d\u00eda que se inici\u00f3 la operaci\u00f3n de recuperaci\u00f3n de nuestras Islas Malvinas. El evento se desarroll\u00f3 en el ex predio del\u00a0CIFIM (Centro de Instrucci\u00f3n y Formaci\u00f3n de Infanter\u00eda de Marina) del Parque Pereyra, lugar&#8230;<\/p>\n","protected":false},"author":2,"featured_media":13211,"comment_status":"open","ping_status":"open","sticky":false,"template":"","format":"standard","meta":{"footnotes":""},"categories":[3],"tags":[],"class_list":["post-13208","post","type-post","status-publish","format-standard","has-post-thumbnail","hentry","category-berazategui"],"featured_image_src":"https:\/\/diarioprincipios.com\/wp-content\/uploads\/2022\/03\/BERAZATEGUI-HOMENAJE-A-LOS-INFANTES-DE-MARINA-QUE-EL-28-DE-MARZO-DEL-82-EMBARCARON-PARA-RECUPERAR-LAS-MALVINAS-3-1024x683.jpg","blog_images":{"medium":"https:\/\/diarioprincipios.com\/wp-content\/uploads\/2022\/03\/BERAZATEGUI-HOMENAJE-A-LOS-INFANTES-DE-MARINA-QUE-EL-28-DE-MARZO-DEL-82-EMBARCARON-PARA-RECUPERAR-LAS-MALVINAS-3-300x200.jpg","large":"https:\/\/diarioprincipios.com\/wp-content\/uploads\/2022\/03\/BERAZATEGUI-HOMENAJE-A-LOS-INFANTES-DE-MARINA-QUE-EL-28-DE-MARZO-DEL-82-EMBARCARON-PARA-RECUPERAR-LAS-MALVINAS-3-1024x683.jpg"},"ams_acf":[],"yoast_head":"<!-- This site is optimized with the Yoast SEO plugin v27.3 - https:\/\/yoast.com\/product\/yoast-seo-wordpress\/ -->\n<title>Homenaje a los Infantes de Marina que en 1982 embarcaron para recuperar las Malvinas - Principios<\/title>\n<meta name=\"robots\" content=\"index, follow, max-snippet:-1, max-image-preview:large, max-video-preview:-1\" \/>\n<link rel=\"canonical\" href=\"https:\/\/diarioprincipios.com\/index.php\/2022\/03\/30\/homenaje-a-los-infantes-de-marina-que-en-1982-embarcaron-para-recuperar-las-malvinas\/\" \/>\n<meta property=\"og:locale\" content=\"es_ES\" \/>\n<meta property=\"og:type\" content=\"article\" \/>\n<meta property=\"og:title\" content=\"Homenaje a los Infantes de Marina que en 1982 embarcaron para recuperar las Malvinas - Principios\" \/>\n<meta property=\"og:description\" content=\"Bajo el lema \u201cBerazategui Cuna de la Recuperaci\u00f3n de las Islas Malvinas\u201d, se conmemor\u00f3 la jornada hist\u00f3rica del 28 de marzo, d\u00eda que se inici\u00f3 la operaci\u00f3n de recuperaci\u00f3n de nuestras Islas Malvinas. El evento se desarroll\u00f3 en el ex predio del\u00a0CIFIM (Centro de Instrucci\u00f3n y Formaci\u00f3n de Infanter\u00eda de Marina) del Parque Pereyra, lugar...\" \/>\n<meta property=\"og:url\" content=\"https:\/\/diarioprincipios.com\/index.php\/2022\/03\/30\/homenaje-a-los-infantes-de-marina-que-en-1982-embarcaron-para-recuperar-las-malvinas\/\" \/>\n<meta property=\"og:site_name\" content=\"Principios\" \/>\n<meta property=\"article:published_time\" content=\"2022-03-30T18:15:50+00:00\" \/>\n<meta property=\"article:modified_time\" content=\"2022-03-30T18:15:53+00:00\" \/>\n<meta property=\"og:image\" content=\"https:\/\/diarioprincipios.com\/wp-content\/uploads\/2022\/03\/BERAZATEGUI-HOMENAJE-A-LOS-INFANTES-DE-MARINA-QUE-EL-28-DE-MARZO-DEL-82-EMBARCARON-PARA-RECUPERAR-LAS-MALVINAS-3.jpg\" \/>\n\t<meta property=\"og:image:width\" content=\"1920\" \/>\n\t<meta property=\"og:image:height\" content=\"1280\" \/>\n\t<meta property=\"og:image:type\" content=\"image\/jpeg\" \/>\n<meta name=\"author\" content=\"Hern\u00e1n L\u00f3pez\" \/>\n<meta name=\"twitter:card\" content=\"summary_large_image\" \/>\n<meta name=\"twitter:label1\" content=\"Escrito por\" \/>\n\t<meta name=\"twitter:data1\" content=\"Hern\u00e1n L\u00f3pez\" \/>\n\t<meta name=\"twitter:label2\" content=\"Tiempo de lectura\" \/>\n\t<meta name=\"twitter:data2\" content=\"4 minutos\" \/>\n<script type=\"application\/ld+json\" class=\"yoast-schema-graph\">{\"@context\":\"https:\\\/\\\/schema.org\",\"@graph\":[{\"@type\":\"Article\",\"@id\":\"https:\\\/\\\/diarioprincipios.com\\\/index.php\\\/2022\\\/03\\\/30\\\/homenaje-a-los-infantes-de-marina-que-en-1982-embarcaron-para-recuperar-las-malvinas\\\/#article\",\"isPartOf\":{\"@id\":\"https:\\\/\\\/diarioprincipios.com\\\/index.php\\\/2022\\\/03\\\/30\\\/homenaje-a-los-infantes-de-marina-que-en-1982-embarcaron-para-recuperar-las-malvinas\\\/\"},\"author\":{\"name\":\"Hern\u00e1n L\u00f3pez\",\"@id\":\"https:\\\/\\\/diarioprincipios.com\\\/#\\\/schema\\\/person\\\/436d5a1fd41a5e250e23ff5a6a7cb080\"},\"headline\":\"Homenaje a los Infantes de Marina que en 1982 embarcaron para recuperar las Malvinas\",\"datePublished\":\"2022-03-30T18:15:50+00:00\",\"dateModified\":\"2022-03-30T18:15:53+00:00\",\"mainEntityOfPage\":{\"@id\":\"https:\\\/\\\/diarioprincipios.com\\\/index.php\\\/2022\\\/03\\\/30\\\/homenaje-a-los-infantes-de-marina-que-en-1982-embarcaron-para-recuperar-las-malvinas\\\/\"},\"wordCount\":765,\"commentCount\":0,\"publisher\":{\"@id\":\"https:\\\/\\\/diarioprincipios.com\\\/#organization\"},\"image\":{\"@id\":\"https:\\\/\\\/diarioprincipios.com\\\/index.php\\\/2022\\\/03\\\/30\\\/homenaje-a-los-infantes-de-marina-que-en-1982-embarcaron-para-recuperar-las-malvinas\\\/#primaryimage\"},\"thumbnailUrl\":\"https:\\\/\\\/diarioprincipios.com\\\/wp-content\\\/uploads\\\/2022\\\/03\\\/BERAZATEGUI-HOMENAJE-A-LOS-INFANTES-DE-MARINA-QUE-EL-28-DE-MARZO-DEL-82-EMBARCARON-PARA-RECUPERAR-LAS-MALVINAS-3.jpg\",\"articleSection\":[\"Berazategui\"],\"inLanguage\":\"es\",\"potentialAction\":[{\"@type\":\"CommentAction\",\"name\":\"Comment\",\"target\":[\"https:\\\/\\\/diarioprincipios.com\\\/index.php\\\/2022\\\/03\\\/30\\\/homenaje-a-los-infantes-de-marina-que-en-1982-embarcaron-para-recuperar-las-malvinas\\\/#respond\"]}]},{\"@type\":\"WebPage\",\"@id\":\"https:\\\/\\\/diarioprincipios.com\\\/index.php\\\/2022\\\/03\\\/30\\\/homenaje-a-los-infantes-de-marina-que-en-1982-embarcaron-para-recuperar-las-malvinas\\\/\",\"url\":\"https:\\\/\\\/diarioprincipios.com\\\/index.php\\\/2022\\\/03\\\/30\\\/homenaje-a-los-infantes-de-marina-que-en-1982-embarcaron-para-recuperar-las-malvinas\\\/\",\"name\":\"Homenaje a los Infantes de Marina que en 1982 embarcaron para recuperar las Malvinas - Principios\",\"isPartOf\":{\"@id\":\"https:\\\/\\\/diarioprincipios.com\\\/#website\"},\"primaryImageOfPage\":{\"@id\":\"https:\\\/\\\/diarioprincipios.com\\\/index.php\\\/2022\\\/03\\\/30\\\/homenaje-a-los-infantes-de-marina-que-en-1982-embarcaron-para-recuperar-las-malvinas\\\/#primaryimage\"},\"image\":{\"@id\":\"https:\\\/\\\/diarioprincipios.com\\\/index.php\\\/2022\\\/03\\\/30\\\/homenaje-a-los-infantes-de-marina-que-en-1982-embarcaron-para-recuperar-las-malvinas\\\/#primaryimage\"},\"thumbnailUrl\":\"https:\\\/\\\/diarioprincipios.com\\\/wp-content\\\/uploads\\\/2022\\\/03\\\/BERAZATEGUI-HOMENAJE-A-LOS-INFANTES-DE-MARINA-QUE-EL-28-DE-MARZO-DEL-82-EMBARCARON-PARA-RECUPERAR-LAS-MALVINAS-3.jpg\",\"datePublished\":\"2022-03-30T18:15:50+00:00\",\"dateModified\":\"2022-03-30T18:15:53+00:00\",\"breadcrumb\":{\"@id\":\"https:\\\/\\\/diarioprincipios.com\\\/index.php\\\/2022\\\/03\\\/30\\\/homenaje-a-los-infantes-de-marina-que-en-1982-embarcaron-para-recuperar-las-malvinas\\\/#breadcrumb\"},\"inLanguage\":\"es\",\"potentialAction\":[{\"@type\":\"ReadAction\",\"target\":[\"https:\\\/\\\/diarioprincipios.com\\\/index.php\\\/2022\\\/03\\\/30\\\/homenaje-a-los-infantes-de-marina-que-en-1982-embarcaron-para-recuperar-las-malvinas\\\/\"]}]},{\"@type\":\"ImageObject\",\"inLanguage\":\"es\",\"@id\":\"https:\\\/\\\/diarioprincipios.com\\\/index.php\\\/2022\\\/03\\\/30\\\/homenaje-a-los-infantes-de-marina-que-en-1982-embarcaron-para-recuperar-las-malvinas\\\/#primaryimage\",\"url\":\"https:\\\/\\\/diarioprincipios.com\\\/wp-content\\\/uploads\\\/2022\\\/03\\\/BERAZATEGUI-HOMENAJE-A-LOS-INFANTES-DE-MARINA-QUE-EL-28-DE-MARZO-DEL-82-EMBARCARON-PARA-RECUPERAR-LAS-MALVINAS-3.jpg\",\"contentUrl\":\"https:\\\/\\\/diarioprincipios.com\\\/wp-content\\\/uploads\\\/2022\\\/03\\\/BERAZATEGUI-HOMENAJE-A-LOS-INFANTES-DE-MARINA-QUE-EL-28-DE-MARZO-DEL-82-EMBARCARON-PARA-RECUPERAR-LAS-MALVINAS-3.jpg\",\"width\":1920,\"height\":1280},{\"@type\":\"BreadcrumbList\",\"@id\":\"https:\\\/\\\/diarioprincipios.com\\\/index.php\\\/2022\\\/03\\\/30\\\/homenaje-a-los-infantes-de-marina-que-en-1982-embarcaron-para-recuperar-las-malvinas\\\/#breadcrumb\",\"itemListElement\":[{\"@type\":\"ListItem\",\"position\":1,\"name\":\"Portada\",\"item\":\"https:\\\/\\\/diarioprincipios.com\\\/\"},{\"@type\":\"ListItem\",\"position\":2,\"name\":\"Homenaje a los Infantes de Marina que en 1982 embarcaron para recuperar las Malvinas\"}]},{\"@type\":\"WebSite\",\"@id\":\"https:\\\/\\\/diarioprincipios.com\\\/#website\",\"url\":\"https:\\\/\\\/diarioprincipios.com\\\/\",\"name\":\"Principios\",\"description\":\"Principios Diario\",\"publisher\":{\"@id\":\"https:\\\/\\\/diarioprincipios.com\\\/#organization\"},\"potentialAction\":[{\"@type\":\"SearchAction\",\"target\":{\"@type\":\"EntryPoint\",\"urlTemplate\":\"https:\\\/\\\/diarioprincipios.com\\\/?s={search_term_string}\"},\"query-input\":{\"@type\":\"PropertyValueSpecification\",\"valueRequired\":true,\"valueName\":\"search_term_string\"}}],\"inLanguage\":\"es\"},{\"@type\":\"Organization\",\"@id\":\"https:\\\/\\\/diarioprincipios.com\\\/#organization\",\"name\":\"Principios\",\"url\":\"https:\\\/\\\/diarioprincipios.com\\\/\",\"logo\":{\"@type\":\"ImageObject\",\"inLanguage\":\"es\",\"@id\":\"https:\\\/\\\/diarioprincipios.com\\\/#\\\/schema\\\/logo\\\/image\\\/\",\"url\":\"https:\\\/\\\/diarioprincipios.com\\\/wp-content\\\/uploads\\\/2024\\\/04\\\/cropped-www.diarioprincipios.com_-1.png\",\"contentUrl\":\"https:\\\/\\\/diarioprincipios.com\\\/wp-content\\\/uploads\\\/2024\\\/04\\\/cropped-www.diarioprincipios.com_-1.png\",\"width\":5325,\"height\":1454,\"caption\":\"Principios\"},\"image\":{\"@id\":\"https:\\\/\\\/diarioprincipios.com\\\/#\\\/schema\\\/logo\\\/image\\\/\"}},{\"@type\":\"Person\",\"@id\":\"https:\\\/\\\/diarioprincipios.com\\\/#\\\/schema\\\/person\\\/436d5a1fd41a5e250e23ff5a6a7cb080\",\"name\":\"Hern\u00e1n L\u00f3pez\",\"image\":{\"@type\":\"ImageObject\",\"inLanguage\":\"es\",\"@id\":\"https:\\\/\\\/diarioprincipios.com\\\/wp-content\\\/litespeed\\\/avatar\\\/11ddfe5610ff3bd100522525b2571f48.jpg?ver=1777048341\",\"url\":\"https:\\\/\\\/diarioprincipios.com\\\/wp-content\\\/litespeed\\\/avatar\\\/11ddfe5610ff3bd100522525b2571f48.jpg?ver=1777048341\",\"contentUrl\":\"https:\\\/\\\/diarioprincipios.com\\\/wp-content\\\/litespeed\\\/avatar\\\/11ddfe5610ff3bd100522525b2571f48.jpg?ver=1777048341\",\"caption\":\"Hern\u00e1n L\u00f3pez\"},\"url\":\"https:\\\/\\\/diarioprincipios.com\\\/index.php\\\/author\\\/hernan\\\/\"}]}<\/script>\n<!-- \/ Yoast SEO plugin. -->","yoast_head_json":{"title":"Homenaje a los Infantes de Marina que en 1982 embarcaron para recuperar las Malvinas - Principios","robots":{"index":"index","follow":"follow","max-snippet":"max-snippet:-1","max-image-preview":"max-image-preview:large","max-video-preview":"max-video-preview:-1"},"canonical":"https:\/\/diarioprincipios.com\/index.php\/2022\/03\/30\/homenaje-a-los-infantes-de-marina-que-en-1982-embarcaron-para-recuperar-las-malvinas\/","og_locale":"es_ES","og_type":"article","og_title":"Homenaje a los Infantes de Marina que en 1982 embarcaron para recuperar las Malvinas - Principios","og_description":"Bajo el lema \u201cBerazategui Cuna de la Recuperaci\u00f3n de las Islas Malvinas\u201d, se conmemor\u00f3 la jornada hist\u00f3rica del 28 de marzo, d\u00eda que se inici\u00f3 la operaci\u00f3n de recuperaci\u00f3n de nuestras Islas Malvinas. El evento se desarroll\u00f3 en el ex predio del\u00a0CIFIM (Centro de Instrucci\u00f3n y Formaci\u00f3n de Infanter\u00eda de Marina) del Parque Pereyra, lugar...","og_url":"https:\/\/diarioprincipios.com\/index.php\/2022\/03\/30\/homenaje-a-los-infantes-de-marina-que-en-1982-embarcaron-para-recuperar-las-malvinas\/","og_site_name":"Principios","article_published_time":"2022-03-30T18:15:50+00:00","article_modified_time":"2022-03-30T18:15:53+00:00","og_image":[{"width":1920,"height":1280,"url":"https:\/\/diarioprincipios.com\/wp-content\/uploads\/2022\/03\/BERAZATEGUI-HOMENAJE-A-LOS-INFANTES-DE-MARINA-QUE-EL-28-DE-MARZO-DEL-82-EMBARCARON-PARA-RECUPERAR-LAS-MALVINAS-3.jpg","type":"image\/jpeg"}],"author":"Hern\u00e1n L\u00f3pez","twitter_card":"summary_large_image","twitter_misc":{"Escrito por":"Hern\u00e1n L\u00f3pez","Tiempo de lectura":"4 minutos"},"schema":{"@context":"https:\/\/schema.org","@graph":[{"@type":"Article","@id":"https:\/\/diarioprincipios.com\/index.php\/2022\/03\/30\/homenaje-a-los-infantes-de-marina-que-en-1982-embarcaron-para-recuperar-las-malvinas\/#article","isPartOf":{"@id":"https:\/\/diarioprincipios.com\/index.php\/2022\/03\/30\/homenaje-a-los-infantes-de-marina-que-en-1982-embarcaron-para-recuperar-las-malvinas\/"},"author":{"name":"Hern\u00e1n L\u00f3pez","@id":"https:\/\/diarioprincipios.com\/#\/schema\/person\/436d5a1fd41a5e250e23ff5a6a7cb080"},"headline":"Homenaje a los Infantes de Marina que en 1982 embarcaron para recuperar las Malvinas","datePublished":"2022-03-30T18:15:50+00:00","dateModified":"2022-03-30T18:15:53+00:00","mainEntityOfPage":{"@id":"https:\/\/diarioprincipios.com\/index.php\/2022\/03\/30\/homenaje-a-los-infantes-de-marina-que-en-1982-embarcaron-para-recuperar-las-malvinas\/"},"wordCount":765,"commentCount":0,"publisher":{"@id":"https:\/\/diarioprincipios.com\/#organization"},"image":{"@id":"https:\/\/diarioprincipios.com\/index.php\/2022\/03\/30\/homenaje-a-los-infantes-de-marina-que-en-1982-embarcaron-para-recuperar-las-malvinas\/#primaryimage"},"thumbnailUrl":"https:\/\/diarioprincipios.com\/wp-content\/uploads\/2022\/03\/BERAZATEGUI-HOMENAJE-A-LOS-INFANTES-DE-MARINA-QUE-EL-28-DE-MARZO-DEL-82-EMBARCARON-PARA-RECUPERAR-LAS-MALVINAS-3.jpg","articleSection":["Berazategui"],"inLanguage":"es","potentialAction":[{"@type":"CommentAction","name":"Comment","target":["https:\/\/diarioprincipios.com\/index.php\/2022\/03\/30\/homenaje-a-los-infantes-de-marina-que-en-1982-embarcaron-para-recuperar-las-malvinas\/#respond"]}]},{"@type":"WebPage","@id":"https:\/\/diarioprincipios.com\/index.php\/2022\/03\/30\/homenaje-a-los-infantes-de-marina-que-en-1982-embarcaron-para-recuperar-las-malvinas\/","url":"https:\/\/diarioprincipios.com\/index.php\/2022\/03\/30\/homenaje-a-los-infantes-de-marina-que-en-1982-embarcaron-para-recuperar-las-malvinas\/","name":"Homenaje a los Infantes de Marina que en 1982 embarcaron para recuperar las Malvinas - Principios","isPartOf":{"@id":"https:\/\/diarioprincipios.com\/#website"},"primaryImageOfPage":{"@id":"https:\/\/diarioprincipios.com\/index.php\/2022\/03\/30\/homenaje-a-los-infantes-de-marina-que-en-1982-embarcaron-para-recuperar-las-malvinas\/#primaryimage"},"image":{"@id":"https:\/\/diarioprincipios.com\/index.php\/2022\/03\/30\/homenaje-a-los-infantes-de-marina-que-en-1982-embarcaron-para-recuperar-las-malvinas\/#primaryimage"},"thumbnailUrl":"https:\/\/diarioprincipios.com\/wp-content\/uploads\/2022\/03\/BERAZATEGUI-HOMENAJE-A-LOS-INFANTES-DE-MARINA-QUE-EL-28-DE-MARZO-DEL-82-EMBARCARON-PARA-RECUPERAR-LAS-MALVINAS-3.jpg","datePublished":"2022-03-30T18:15:50+00:00","dateModified":"2022-03-30T18:15:53+00:00","breadcrumb":{"@id":"https:\/\/diarioprincipios.com\/index.php\/2022\/03\/30\/homenaje-a-los-infantes-de-marina-que-en-1982-embarcaron-para-recuperar-las-malvinas\/#breadcrumb"},"inLanguage":"es","potentialAction":[{"@type":"ReadAction","target":["https:\/\/diarioprincipios.com\/index.php\/2022\/03\/30\/homenaje-a-los-infantes-de-marina-que-en-1982-embarcaron-para-recuperar-las-malvinas\/"]}]},{"@type":"ImageObject","inLanguage":"es","@id":"https:\/\/diarioprincipios.com\/index.php\/2022\/03\/30\/homenaje-a-los-infantes-de-marina-que-en-1982-embarcaron-para-recuperar-las-malvinas\/#primaryimage","url":"https:\/\/diarioprincipios.com\/wp-content\/uploads\/2022\/03\/BERAZATEGUI-HOMENAJE-A-LOS-INFANTES-DE-MARINA-QUE-EL-28-DE-MARZO-DEL-82-EMBARCARON-PARA-RECUPERAR-LAS-MALVINAS-3.jpg","contentUrl":"https:\/\/diarioprincipios.com\/wp-content\/uploads\/2022\/03\/BERAZATEGUI-HOMENAJE-A-LOS-INFANTES-DE-MARINA-QUE-EL-28-DE-MARZO-DEL-82-EMBARCARON-PARA-RECUPERAR-LAS-MALVINAS-3.jpg","width":1920,"height":1280},{"@type":"BreadcrumbList","@id":"https:\/\/diarioprincipios.com\/index.php\/2022\/03\/30\/homenaje-a-los-infantes-de-marina-que-en-1982-embarcaron-para-recuperar-las-malvinas\/#breadcrumb","itemListElement":[{"@type":"ListItem","position":1,"name":"Portada","item":"https:\/\/diarioprincipios.com\/"},{"@type":"ListItem","position":2,"name":"Homenaje a los Infantes de Marina que en 1982 embarcaron para recuperar las Malvinas"}]},{"@type":"WebSite","@id":"https:\/\/diarioprincipios.com\/#website","url":"https:\/\/diarioprincipios.com\/","name":"Principios","description":"Principios Diario","publisher":{"@id":"https:\/\/diarioprincipios.com\/#organization"},"potentialAction":[{"@type":"SearchAction","target":{"@type":"EntryPoint","urlTemplate":"https:\/\/diarioprincipios.com\/?s={search_term_string}"},"query-input":{"@type":"PropertyValueSpecification","valueRequired":true,"valueName":"search_term_string"}}],"inLanguage":"es"},{"@type":"Organization","@id":"https:\/\/diarioprincipios.com\/#organization","name":"Principios","url":"https:\/\/diarioprincipios.com\/","logo":{"@type":"ImageObject","inLanguage":"es","@id":"https:\/\/diarioprincipios.com\/#\/schema\/logo\/image\/","url":"https:\/\/diarioprincipios.com\/wp-content\/uploads\/2024\/04\/cropped-www.diarioprincipios.com_-1.png","contentUrl":"https:\/\/diarioprincipios.com\/wp-content\/uploads\/2024\/04\/cropped-www.diarioprincipios.com_-1.png","width":5325,"height":1454,"caption":"Principios"},"image":{"@id":"https:\/\/diarioprincipios.com\/#\/schema\/logo\/image\/"}},{"@type":"Person","@id":"https:\/\/diarioprincipios.com\/#\/schema\/person\/436d5a1fd41a5e250e23ff5a6a7cb080","name":"Hern\u00e1n L\u00f3pez","image":{"@type":"ImageObject","inLanguage":"es","@id":"https:\/\/diarioprincipios.com\/wp-content\/litespeed\/avatar\/11ddfe5610ff3bd100522525b2571f48.jpg?ver=1777048341","url":"https:\/\/diarioprincipios.com\/wp-content\/litespeed\/avatar\/11ddfe5610ff3bd100522525b2571f48.jpg?ver=1777048341","contentUrl":"https:\/\/diarioprincipios.com\/wp-content\/litespeed\/avatar\/11ddfe5610ff3bd100522525b2571f48.jpg?ver=1777048341","caption":"Hern\u00e1n L\u00f3pez"},"url":"https:\/\/diarioprincipios.com\/index.php\/author\/hernan\/"}]}},"jetpack_featured_media_url":"https:\/\/diarioprincipios.com\/wp-content\/uploads\/2022\/03\/BERAZATEGUI-HOMENAJE-A-LOS-INFANTES-DE-MARINA-QUE-EL-28-DE-MARZO-DEL-82-EMBARCARON-PARA-RECUPERAR-LAS-MALVINAS-3.jpg","_links":{"self":[{"href":"https:\/\/diarioprincipios.com\/index.php\/wp-json\/wp\/v2\/posts\/13208","targetHints":{"allow":["GET"]}}],"collection":[{"href":"https:\/\/diarioprincipios.com\/index.php\/wp-json\/wp\/v2\/posts"}],"about":[{"href":"https:\/\/diarioprincipios.com\/index.php\/wp-json\/wp\/v2\/types\/post"}],"author":[{"embeddable":true,"href":"https:\/\/diarioprincipios.com\/index.php\/wp-json\/wp\/v2\/users\/2"}],"replies":[{"embeddable":true,"href":"https:\/\/diarioprincipios.com\/index.php\/wp-json\/wp\/v2\/comments?post=13208"}],"version-history":[{"count":1,"href":"https:\/\/diarioprincipios.com\/index.php\/wp-json\/wp\/v2\/posts\/13208\/revisions"}],"predecessor-version":[{"id":13212,"href":"https:\/\/diarioprincipios.com\/index.php\/wp-json\/wp\/v2\/posts\/13208\/revisions\/13212"}],"wp:featuredmedia":[{"embeddable":true,"href":"https:\/\/diarioprincipios.com\/index.php\/wp-json\/wp\/v2\/media\/13211"}],"wp:attachment":[{"href":"https:\/\/diarioprincipios.com\/index.php\/wp-json\/wp\/v2\/media?parent=13208"}],"wp:term":[{"taxonomy":"category","embeddable":true,"href":"https:\/\/diarioprincipios.com\/index.php\/wp-json\/wp\/v2\/categories?post=13208"},{"taxonomy":"post_tag","embeddable":true,"href":"https:\/\/diarioprincipios.com\/index.php\/wp-json\/wp\/v2\/tags?post=13208"}],"curies":[{"name":"wp","href":"https:\/\/api.w.org\/{rel}","templated":true}]}}