{"id":13205,"date":"2022-03-30T15:10:26","date_gmt":"2022-03-30T18:10:26","guid":{"rendered":"http:\/\/diarioprincipios.com\/?p=13205"},"modified":"2022-03-30T15:10:34","modified_gmt":"2022-03-30T18:10:34","slug":"nuevo-proyecto-cultural-impulsado-por-el-municipio-y-barrios-de-pie","status":"publish","type":"post","link":"https:\/\/diarioprincipios.com\/index.php\/2022\/03\/30\/nuevo-proyecto-cultural-impulsado-por-el-municipio-y-barrios-de-pie\/","title":{"rendered":"Nuevo Proyecto Cultural impulsado por el Municipio y Barrios de Pie"},"content":{"rendered":"\n<p><strong>El intendente Juan Jos\u00e9 Mussi; junto al secretario de Cultura y Educaci\u00f3n, Federico L\u00f3pez, se reuni\u00f3 con representantes de la Organizaci\u00f3n social Somos Barrios de Pie, para tratar e impulsar un nuevo proyecto cultural: Girando x Bera. Esta iniciativa implica el encuentro de artistas junto a emprendedores locales y la concreci\u00f3n de acciones solidarias en beneficio de cada uno de los barrios del distrito.<br><\/strong><br>\u201cHay que hablar con la gente, estar con la gente. Vamos a acompa\u00f1ar su esfuerzo y ayudarlos\u201d, asegur\u00f3 Mussi tras conocer el proyecto Girando x Bera, a trav\u00e9s de integrantes del \u00e1rea de Arte y Cultura de esta organizaci\u00f3n social, popular y pol\u00edtica, entre quienes se destacan -por ejemplo- la joven cantante \u00c1ngela Navarro.<\/p>\n\n\n\n<p>Tras la audiencia, la subsecretaria de Mujeres, G\u00e9nero y Diversidades de la Municipalidad y referente de Somos Barrios de Pie, Salome Pereyra, explic\u00f3: \u201cPresentamos un proyecto cultural y solidario pensado por compa\u00f1eros de nuestra organizaci\u00f3n\u201d. Y a\u00f1adi\u00f3: \u201cLa iniciativa consiste en realizar actividades multidisciplinarias con artistas locales de nuestra \u00e1rea y llegar a cada barrio de Berazategui. Estamos muy contentos porque el Intendente nos confirm\u00f3 su apoyo\u201d.<\/p>\n\n\n\n<p>El primer evento de \u201cGirando x Bera\u201d se realizar\u00e1 junto con la Casa del Ni\u00f1o el domingo 10 de abril, a partir de las 13.00, y estar\u00e1 dirigido a los vecinos y vecinas de los barrios Buenaventura y Alejandro I (calle 23 entre 122 y 123). Ser\u00e1 una jornada al aire libre y contar\u00e1 con artistas invitados, como la agrupaci\u00f3n Los Moya, adem\u00e1s de stands de artesanos y emprendedores. El \u00fanico requisito para acceder a esta actividad ser\u00e1 concurrir con dos juguetes, ya que se realizar\u00e1 en el marco del D\u00eda de la Ni\u00f1ez.<\/p>\n","protected":false},"excerpt":{"rendered":"<p>El intendente Juan Jos\u00e9 Mussi; junto al secretario de Cultura y Educaci\u00f3n, Federico L\u00f3pez, se reuni\u00f3 con representantes de la Organizaci\u00f3n social Somos Barrios de Pie, para tratar e impulsar un nuevo proyecto cultural: Girando x Bera. Esta iniciativa implica el encuentro de artistas junto a emprendedores locales y la concreci\u00f3n de acciones solidarias en&#8230;<\/p>\n","protected":false},"author":2,"featured_media":13206,"comment_status":"open","ping_status":"open","sticky":false,"template":"","format":"standard","meta":{"footnotes":""},"categories":[3],"tags":[],"class_list":["post-13205","post","type-post","status-publish","format-standard","has-post-thumbnail","hentry","category-berazategui"],"featured_image_src":"https:\/\/diarioprincipios.com\/wp-content\/uploads\/2022\/03\/GIRANDO-X-BERA-NUEVO-PROYECTO-CULTURAL-IMPULSADO-POR-EL-MUNICIPIO-Y-BARRIOS-DE-PIE-2-1024x683.jpg","blog_images":{"medium":"https:\/\/diarioprincipios.com\/wp-content\/uploads\/2022\/03\/GIRANDO-X-BERA-NUEVO-PROYECTO-CULTURAL-IMPULSADO-POR-EL-MUNICIPIO-Y-BARRIOS-DE-PIE-2-300x200.jpg","large":"https:\/\/diarioprincipios.com\/wp-content\/uploads\/2022\/03\/GIRANDO-X-BERA-NUEVO-PROYECTO-CULTURAL-IMPULSADO-POR-EL-MUNICIPIO-Y-BARRIOS-DE-PIE-2-1024x683.jpg"},"ams_acf":[],"yoast_head":"<!-- This site is optimized with the Yoast SEO plugin v27.3 - https:\/\/yoast.com\/product\/yoast-seo-wordpress\/ -->\n<title>Nuevo Proyecto Cultural impulsado por el Municipio y Barrios de Pie - Principios<\/title>\n<meta name=\"robots\" content=\"index, follow, max-snippet:-1, max-image-preview:large, max-video-preview:-1\" \/>\n<link rel=\"canonical\" href=\"https:\/\/diarioprincipios.com\/index.php\/2022\/03\/30\/nuevo-proyecto-cultural-impulsado-por-el-municipio-y-barrios-de-pie\/\" \/>\n<meta property=\"og:locale\" content=\"es_ES\" \/>\n<meta property=\"og:type\" content=\"article\" \/>\n<meta property=\"og:title\" content=\"Nuevo Proyecto Cultural impulsado por el Municipio y Barrios de Pie - Principios\" \/>\n<meta property=\"og:description\" content=\"El intendente Juan Jos\u00e9 Mussi; junto al secretario de Cultura y Educaci\u00f3n, Federico L\u00f3pez, se reuni\u00f3 con representantes de la Organizaci\u00f3n social Somos Barrios de Pie, para tratar e impulsar un nuevo proyecto cultural: Girando x Bera. Esta iniciativa implica el encuentro de artistas junto a emprendedores locales y la concreci\u00f3n de acciones solidarias en...\" \/>\n<meta property=\"og:url\" content=\"https:\/\/diarioprincipios.com\/index.php\/2022\/03\/30\/nuevo-proyecto-cultural-impulsado-por-el-municipio-y-barrios-de-pie\/\" \/>\n<meta property=\"og:site_name\" content=\"Principios\" \/>\n<meta property=\"article:published_time\" content=\"2022-03-30T18:10:26+00:00\" \/>\n<meta property=\"article:modified_time\" content=\"2022-03-30T18:10:34+00:00\" \/>\n<meta property=\"og:image\" content=\"https:\/\/diarioprincipios.com\/wp-content\/uploads\/2022\/03\/GIRANDO-X-BERA-NUEVO-PROYECTO-CULTURAL-IMPULSADO-POR-EL-MUNICIPIO-Y-BARRIOS-DE-PIE-2.jpg\" \/>\n\t<meta property=\"og:image:width\" content=\"1920\" \/>\n\t<meta property=\"og:image:height\" content=\"1280\" \/>\n\t<meta property=\"og:image:type\" content=\"image\/jpeg\" \/>\n<meta name=\"author\" content=\"Hern\u00e1n L\u00f3pez\" \/>\n<meta name=\"twitter:card\" content=\"summary_large_image\" \/>\n<meta name=\"twitter:label1\" content=\"Escrito por\" \/>\n\t<meta name=\"twitter:data1\" content=\"Hern\u00e1n L\u00f3pez\" \/>\n\t<meta name=\"twitter:label2\" content=\"Tiempo de lectura\" \/>\n\t<meta name=\"twitter:data2\" content=\"2 minutos\" \/>\n<script type=\"application\/ld+json\" class=\"yoast-schema-graph\">{\"@context\":\"https:\\\/\\\/schema.org\",\"@graph\":[{\"@type\":\"Article\",\"@id\":\"https:\\\/\\\/diarioprincipios.com\\\/index.php\\\/2022\\\/03\\\/30\\\/nuevo-proyecto-cultural-impulsado-por-el-municipio-y-barrios-de-pie\\\/#article\",\"isPartOf\":{\"@id\":\"https:\\\/\\\/diarioprincipios.com\\\/index.php\\\/2022\\\/03\\\/30\\\/nuevo-proyecto-cultural-impulsado-por-el-municipio-y-barrios-de-pie\\\/\"},\"author\":{\"name\":\"Hern\u00e1n L\u00f3pez\",\"@id\":\"https:\\\/\\\/diarioprincipios.com\\\/#\\\/schema\\\/person\\\/436d5a1fd41a5e250e23ff5a6a7cb080\"},\"headline\":\"Nuevo Proyecto Cultural impulsado por el Municipio y Barrios de Pie\",\"datePublished\":\"2022-03-30T18:10:26+00:00\",\"dateModified\":\"2022-03-30T18:10:34+00:00\",\"mainEntityOfPage\":{\"@id\":\"https:\\\/\\\/diarioprincipios.com\\\/index.php\\\/2022\\\/03\\\/30\\\/nuevo-proyecto-cultural-impulsado-por-el-municipio-y-barrios-de-pie\\\/\"},\"wordCount\":302,\"commentCount\":0,\"publisher\":{\"@id\":\"https:\\\/\\\/diarioprincipios.com\\\/#organization\"},\"image\":{\"@id\":\"https:\\\/\\\/diarioprincipios.com\\\/index.php\\\/2022\\\/03\\\/30\\\/nuevo-proyecto-cultural-impulsado-por-el-municipio-y-barrios-de-pie\\\/#primaryimage\"},\"thumbnailUrl\":\"https:\\\/\\\/diarioprincipios.com\\\/wp-content\\\/uploads\\\/2022\\\/03\\\/GIRANDO-X-BERA-NUEVO-PROYECTO-CULTURAL-IMPULSADO-POR-EL-MUNICIPIO-Y-BARRIOS-DE-PIE-2.jpg\",\"articleSection\":[\"Berazategui\"],\"inLanguage\":\"es\",\"potentialAction\":[{\"@type\":\"CommentAction\",\"name\":\"Comment\",\"target\":[\"https:\\\/\\\/diarioprincipios.com\\\/index.php\\\/2022\\\/03\\\/30\\\/nuevo-proyecto-cultural-impulsado-por-el-municipio-y-barrios-de-pie\\\/#respond\"]}]},{\"@type\":\"WebPage\",\"@id\":\"https:\\\/\\\/diarioprincipios.com\\\/index.php\\\/2022\\\/03\\\/30\\\/nuevo-proyecto-cultural-impulsado-por-el-municipio-y-barrios-de-pie\\\/\",\"url\":\"https:\\\/\\\/diarioprincipios.com\\\/index.php\\\/2022\\\/03\\\/30\\\/nuevo-proyecto-cultural-impulsado-por-el-municipio-y-barrios-de-pie\\\/\",\"name\":\"Nuevo Proyecto Cultural impulsado por el Municipio y Barrios de Pie - Principios\",\"isPartOf\":{\"@id\":\"https:\\\/\\\/diarioprincipios.com\\\/#website\"},\"primaryImageOfPage\":{\"@id\":\"https:\\\/\\\/diarioprincipios.com\\\/index.php\\\/2022\\\/03\\\/30\\\/nuevo-proyecto-cultural-impulsado-por-el-municipio-y-barrios-de-pie\\\/#primaryimage\"},\"image\":{\"@id\":\"https:\\\/\\\/diarioprincipios.com\\\/index.php\\\/2022\\\/03\\\/30\\\/nuevo-proyecto-cultural-impulsado-por-el-municipio-y-barrios-de-pie\\\/#primaryimage\"},\"thumbnailUrl\":\"https:\\\/\\\/diarioprincipios.com\\\/wp-content\\\/uploads\\\/2022\\\/03\\\/GIRANDO-X-BERA-NUEVO-PROYECTO-CULTURAL-IMPULSADO-POR-EL-MUNICIPIO-Y-BARRIOS-DE-PIE-2.jpg\",\"datePublished\":\"2022-03-30T18:10:26+00:00\",\"dateModified\":\"2022-03-30T18:10:34+00:00\",\"breadcrumb\":{\"@id\":\"https:\\\/\\\/diarioprincipios.com\\\/index.php\\\/2022\\\/03\\\/30\\\/nuevo-proyecto-cultural-impulsado-por-el-municipio-y-barrios-de-pie\\\/#breadcrumb\"},\"inLanguage\":\"es\",\"potentialAction\":[{\"@type\":\"ReadAction\",\"target\":[\"https:\\\/\\\/diarioprincipios.com\\\/index.php\\\/2022\\\/03\\\/30\\\/nuevo-proyecto-cultural-impulsado-por-el-municipio-y-barrios-de-pie\\\/\"]}]},{\"@type\":\"ImageObject\",\"inLanguage\":\"es\",\"@id\":\"https:\\\/\\\/diarioprincipios.com\\\/index.php\\\/2022\\\/03\\\/30\\\/nuevo-proyecto-cultural-impulsado-por-el-municipio-y-barrios-de-pie\\\/#primaryimage\",\"url\":\"https:\\\/\\\/diarioprincipios.com\\\/wp-content\\\/uploads\\\/2022\\\/03\\\/GIRANDO-X-BERA-NUEVO-PROYECTO-CULTURAL-IMPULSADO-POR-EL-MUNICIPIO-Y-BARRIOS-DE-PIE-2.jpg\",\"contentUrl\":\"https:\\\/\\\/diarioprincipios.com\\\/wp-content\\\/uploads\\\/2022\\\/03\\\/GIRANDO-X-BERA-NUEVO-PROYECTO-CULTURAL-IMPULSADO-POR-EL-MUNICIPIO-Y-BARRIOS-DE-PIE-2.jpg\",\"width\":1920,\"height\":1280},{\"@type\":\"BreadcrumbList\",\"@id\":\"https:\\\/\\\/diarioprincipios.com\\\/index.php\\\/2022\\\/03\\\/30\\\/nuevo-proyecto-cultural-impulsado-por-el-municipio-y-barrios-de-pie\\\/#breadcrumb\",\"itemListElement\":[{\"@type\":\"ListItem\",\"position\":1,\"name\":\"Portada\",\"item\":\"https:\\\/\\\/diarioprincipios.com\\\/\"},{\"@type\":\"ListItem\",\"position\":2,\"name\":\"Nuevo Proyecto Cultural impulsado por el Municipio y Barrios de Pie\"}]},{\"@type\":\"WebSite\",\"@id\":\"https:\\\/\\\/diarioprincipios.com\\\/#website\",\"url\":\"https:\\\/\\\/diarioprincipios.com\\\/\",\"name\":\"Principios\",\"description\":\"Principios Diario\",\"publisher\":{\"@id\":\"https:\\\/\\\/diarioprincipios.com\\\/#organization\"},\"potentialAction\":[{\"@type\":\"SearchAction\",\"target\":{\"@type\":\"EntryPoint\",\"urlTemplate\":\"https:\\\/\\\/diarioprincipios.com\\\/?s={search_term_string}\"},\"query-input\":{\"@type\":\"PropertyValueSpecification\",\"valueRequired\":true,\"valueName\":\"search_term_string\"}}],\"inLanguage\":\"es\"},{\"@type\":\"Organization\",\"@id\":\"https:\\\/\\\/diarioprincipios.com\\\/#organization\",\"name\":\"Principios\",\"url\":\"https:\\\/\\\/diarioprincipios.com\\\/\",\"logo\":{\"@type\":\"ImageObject\",\"inLanguage\":\"es\",\"@id\":\"https:\\\/\\\/diarioprincipios.com\\\/#\\\/schema\\\/logo\\\/image\\\/\",\"url\":\"https:\\\/\\\/diarioprincipios.com\\\/wp-content\\\/uploads\\\/2024\\\/04\\\/cropped-www.diarioprincipios.com_-1.png\",\"contentUrl\":\"https:\\\/\\\/diarioprincipios.com\\\/wp-content\\\/uploads\\\/2024\\\/04\\\/cropped-www.diarioprincipios.com_-1.png\",\"width\":5325,\"height\":1454,\"caption\":\"Principios\"},\"image\":{\"@id\":\"https:\\\/\\\/diarioprincipios.com\\\/#\\\/schema\\\/logo\\\/image\\\/\"}},{\"@type\":\"Person\",\"@id\":\"https:\\\/\\\/diarioprincipios.com\\\/#\\\/schema\\\/person\\\/436d5a1fd41a5e250e23ff5a6a7cb080\",\"name\":\"Hern\u00e1n L\u00f3pez\",\"image\":{\"@type\":\"ImageObject\",\"inLanguage\":\"es\",\"@id\":\"https:\\\/\\\/diarioprincipios.com\\\/wp-content\\\/litespeed\\\/avatar\\\/11ddfe5610ff3bd100522525b2571f48.jpg?ver=1777048341\",\"url\":\"https:\\\/\\\/diarioprincipios.com\\\/wp-content\\\/litespeed\\\/avatar\\\/11ddfe5610ff3bd100522525b2571f48.jpg?ver=1777048341\",\"contentUrl\":\"https:\\\/\\\/diarioprincipios.com\\\/wp-content\\\/litespeed\\\/avatar\\\/11ddfe5610ff3bd100522525b2571f48.jpg?ver=1777048341\",\"caption\":\"Hern\u00e1n L\u00f3pez\"},\"url\":\"https:\\\/\\\/diarioprincipios.com\\\/index.php\\\/author\\\/hernan\\\/\"}]}<\/script>\n<!-- \/ Yoast SEO plugin. -->","yoast_head_json":{"title":"Nuevo Proyecto Cultural impulsado por el Municipio y Barrios de Pie - Principios","robots":{"index":"index","follow":"follow","max-snippet":"max-snippet:-1","max-image-preview":"max-image-preview:large","max-video-preview":"max-video-preview:-1"},"canonical":"https:\/\/diarioprincipios.com\/index.php\/2022\/03\/30\/nuevo-proyecto-cultural-impulsado-por-el-municipio-y-barrios-de-pie\/","og_locale":"es_ES","og_type":"article","og_title":"Nuevo Proyecto Cultural impulsado por el Municipio y Barrios de Pie - Principios","og_description":"El intendente Juan Jos\u00e9 Mussi; junto al secretario de Cultura y Educaci\u00f3n, Federico L\u00f3pez, se reuni\u00f3 con representantes de la Organizaci\u00f3n social Somos Barrios de Pie, para tratar e impulsar un nuevo proyecto cultural: Girando x Bera. Esta iniciativa implica el encuentro de artistas junto a emprendedores locales y la concreci\u00f3n de acciones solidarias en...","og_url":"https:\/\/diarioprincipios.com\/index.php\/2022\/03\/30\/nuevo-proyecto-cultural-impulsado-por-el-municipio-y-barrios-de-pie\/","og_site_name":"Principios","article_published_time":"2022-03-30T18:10:26+00:00","article_modified_time":"2022-03-30T18:10:34+00:00","og_image":[{"width":1920,"height":1280,"url":"https:\/\/diarioprincipios.com\/wp-content\/uploads\/2022\/03\/GIRANDO-X-BERA-NUEVO-PROYECTO-CULTURAL-IMPULSADO-POR-EL-MUNICIPIO-Y-BARRIOS-DE-PIE-2.jpg","type":"image\/jpeg"}],"author":"Hern\u00e1n L\u00f3pez","twitter_card":"summary_large_image","twitter_misc":{"Escrito por":"Hern\u00e1n L\u00f3pez","Tiempo de lectura":"2 minutos"},"schema":{"@context":"https:\/\/schema.org","@graph":[{"@type":"Article","@id":"https:\/\/diarioprincipios.com\/index.php\/2022\/03\/30\/nuevo-proyecto-cultural-impulsado-por-el-municipio-y-barrios-de-pie\/#article","isPartOf":{"@id":"https:\/\/diarioprincipios.com\/index.php\/2022\/03\/30\/nuevo-proyecto-cultural-impulsado-por-el-municipio-y-barrios-de-pie\/"},"author":{"name":"Hern\u00e1n L\u00f3pez","@id":"https:\/\/diarioprincipios.com\/#\/schema\/person\/436d5a1fd41a5e250e23ff5a6a7cb080"},"headline":"Nuevo Proyecto Cultural impulsado por el Municipio y Barrios de Pie","datePublished":"2022-03-30T18:10:26+00:00","dateModified":"2022-03-30T18:10:34+00:00","mainEntityOfPage":{"@id":"https:\/\/diarioprincipios.com\/index.php\/2022\/03\/30\/nuevo-proyecto-cultural-impulsado-por-el-municipio-y-barrios-de-pie\/"},"wordCount":302,"commentCount":0,"publisher":{"@id":"https:\/\/diarioprincipios.com\/#organization"},"image":{"@id":"https:\/\/diarioprincipios.com\/index.php\/2022\/03\/30\/nuevo-proyecto-cultural-impulsado-por-el-municipio-y-barrios-de-pie\/#primaryimage"},"thumbnailUrl":"https:\/\/diarioprincipios.com\/wp-content\/uploads\/2022\/03\/GIRANDO-X-BERA-NUEVO-PROYECTO-CULTURAL-IMPULSADO-POR-EL-MUNICIPIO-Y-BARRIOS-DE-PIE-2.jpg","articleSection":["Berazategui"],"inLanguage":"es","potentialAction":[{"@type":"CommentAction","name":"Comment","target":["https:\/\/diarioprincipios.com\/index.php\/2022\/03\/30\/nuevo-proyecto-cultural-impulsado-por-el-municipio-y-barrios-de-pie\/#respond"]}]},{"@type":"WebPage","@id":"https:\/\/diarioprincipios.com\/index.php\/2022\/03\/30\/nuevo-proyecto-cultural-impulsado-por-el-municipio-y-barrios-de-pie\/","url":"https:\/\/diarioprincipios.com\/index.php\/2022\/03\/30\/nuevo-proyecto-cultural-impulsado-por-el-municipio-y-barrios-de-pie\/","name":"Nuevo Proyecto Cultural impulsado por el Municipio y Barrios de Pie - Principios","isPartOf":{"@id":"https:\/\/diarioprincipios.com\/#website"},"primaryImageOfPage":{"@id":"https:\/\/diarioprincipios.com\/index.php\/2022\/03\/30\/nuevo-proyecto-cultural-impulsado-por-el-municipio-y-barrios-de-pie\/#primaryimage"},"image":{"@id":"https:\/\/diarioprincipios.com\/index.php\/2022\/03\/30\/nuevo-proyecto-cultural-impulsado-por-el-municipio-y-barrios-de-pie\/#primaryimage"},"thumbnailUrl":"https:\/\/diarioprincipios.com\/wp-content\/uploads\/2022\/03\/GIRANDO-X-BERA-NUEVO-PROYECTO-CULTURAL-IMPULSADO-POR-EL-MUNICIPIO-Y-BARRIOS-DE-PIE-2.jpg","datePublished":"2022-03-30T18:10:26+00:00","dateModified":"2022-03-30T18:10:34+00:00","breadcrumb":{"@id":"https:\/\/diarioprincipios.com\/index.php\/2022\/03\/30\/nuevo-proyecto-cultural-impulsado-por-el-municipio-y-barrios-de-pie\/#breadcrumb"},"inLanguage":"es","potentialAction":[{"@type":"ReadAction","target":["https:\/\/diarioprincipios.com\/index.php\/2022\/03\/30\/nuevo-proyecto-cultural-impulsado-por-el-municipio-y-barrios-de-pie\/"]}]},{"@type":"ImageObject","inLanguage":"es","@id":"https:\/\/diarioprincipios.com\/index.php\/2022\/03\/30\/nuevo-proyecto-cultural-impulsado-por-el-municipio-y-barrios-de-pie\/#primaryimage","url":"https:\/\/diarioprincipios.com\/wp-content\/uploads\/2022\/03\/GIRANDO-X-BERA-NUEVO-PROYECTO-CULTURAL-IMPULSADO-POR-EL-MUNICIPIO-Y-BARRIOS-DE-PIE-2.jpg","contentUrl":"https:\/\/diarioprincipios.com\/wp-content\/uploads\/2022\/03\/GIRANDO-X-BERA-NUEVO-PROYECTO-CULTURAL-IMPULSADO-POR-EL-MUNICIPIO-Y-BARRIOS-DE-PIE-2.jpg","width":1920,"height":1280},{"@type":"BreadcrumbList","@id":"https:\/\/diarioprincipios.com\/index.php\/2022\/03\/30\/nuevo-proyecto-cultural-impulsado-por-el-municipio-y-barrios-de-pie\/#breadcrumb","itemListElement":[{"@type":"ListItem","position":1,"name":"Portada","item":"https:\/\/diarioprincipios.com\/"},{"@type":"ListItem","position":2,"name":"Nuevo Proyecto Cultural impulsado por el Municipio y Barrios de Pie"}]},{"@type":"WebSite","@id":"https:\/\/diarioprincipios.com\/#website","url":"https:\/\/diarioprincipios.com\/","name":"Principios","description":"Principios Diario","publisher":{"@id":"https:\/\/diarioprincipios.com\/#organization"},"potentialAction":[{"@type":"SearchAction","target":{"@type":"EntryPoint","urlTemplate":"https:\/\/diarioprincipios.com\/?s={search_term_string}"},"query-input":{"@type":"PropertyValueSpecification","valueRequired":true,"valueName":"search_term_string"}}],"inLanguage":"es"},{"@type":"Organization","@id":"https:\/\/diarioprincipios.com\/#organization","name":"Principios","url":"https:\/\/diarioprincipios.com\/","logo":{"@type":"ImageObject","inLanguage":"es","@id":"https:\/\/diarioprincipios.com\/#\/schema\/logo\/image\/","url":"https:\/\/diarioprincipios.com\/wp-content\/uploads\/2024\/04\/cropped-www.diarioprincipios.com_-1.png","contentUrl":"https:\/\/diarioprincipios.com\/wp-content\/uploads\/2024\/04\/cropped-www.diarioprincipios.com_-1.png","width":5325,"height":1454,"caption":"Principios"},"image":{"@id":"https:\/\/diarioprincipios.com\/#\/schema\/logo\/image\/"}},{"@type":"Person","@id":"https:\/\/diarioprincipios.com\/#\/schema\/person\/436d5a1fd41a5e250e23ff5a6a7cb080","name":"Hern\u00e1n L\u00f3pez","image":{"@type":"ImageObject","inLanguage":"es","@id":"https:\/\/diarioprincipios.com\/wp-content\/litespeed\/avatar\/11ddfe5610ff3bd100522525b2571f48.jpg?ver=1777048341","url":"https:\/\/diarioprincipios.com\/wp-content\/litespeed\/avatar\/11ddfe5610ff3bd100522525b2571f48.jpg?ver=1777048341","contentUrl":"https:\/\/diarioprincipios.com\/wp-content\/litespeed\/avatar\/11ddfe5610ff3bd100522525b2571f48.jpg?ver=1777048341","caption":"Hern\u00e1n L\u00f3pez"},"url":"https:\/\/diarioprincipios.com\/index.php\/author\/hernan\/"}]}},"jetpack_featured_media_url":"https:\/\/diarioprincipios.com\/wp-content\/uploads\/2022\/03\/GIRANDO-X-BERA-NUEVO-PROYECTO-CULTURAL-IMPULSADO-POR-EL-MUNICIPIO-Y-BARRIOS-DE-PIE-2.jpg","_links":{"self":[{"href":"https:\/\/diarioprincipios.com\/index.php\/wp-json\/wp\/v2\/posts\/13205","targetHints":{"allow":["GET"]}}],"collection":[{"href":"https:\/\/diarioprincipios.com\/index.php\/wp-json\/wp\/v2\/posts"}],"about":[{"href":"https:\/\/diarioprincipios.com\/index.php\/wp-json\/wp\/v2\/types\/post"}],"author":[{"embeddable":true,"href":"https:\/\/diarioprincipios.com\/index.php\/wp-json\/wp\/v2\/users\/2"}],"replies":[{"embeddable":true,"href":"https:\/\/diarioprincipios.com\/index.php\/wp-json\/wp\/v2\/comments?post=13205"}],"version-history":[{"count":1,"href":"https:\/\/diarioprincipios.com\/index.php\/wp-json\/wp\/v2\/posts\/13205\/revisions"}],"predecessor-version":[{"id":13207,"href":"https:\/\/diarioprincipios.com\/index.php\/wp-json\/wp\/v2\/posts\/13205\/revisions\/13207"}],"wp:featuredmedia":[{"embeddable":true,"href":"https:\/\/diarioprincipios.com\/index.php\/wp-json\/wp\/v2\/media\/13206"}],"wp:attachment":[{"href":"https:\/\/diarioprincipios.com\/index.php\/wp-json\/wp\/v2\/media?parent=13205"}],"wp:term":[{"taxonomy":"category","embeddable":true,"href":"https:\/\/diarioprincipios.com\/index.php\/wp-json\/wp\/v2\/categories?post=13205"},{"taxonomy":"post_tag","embeddable":true,"href":"https:\/\/diarioprincipios.com\/index.php\/wp-json\/wp\/v2\/tags?post=13205"}],"curies":[{"name":"wp","href":"https:\/\/api.w.org\/{rel}","templated":true}]}}