{"id":13200,"date":"2022-03-30T15:04:05","date_gmt":"2022-03-30T18:04:05","guid":{"rendered":"http:\/\/diarioprincipios.com\/?p=13200"},"modified":"2022-03-30T15:04:08","modified_gmt":"2022-03-30T18:04:08","slug":"intervenciones-artisticas-por-los-40-anos-de-la-gesta-de-malvinas","status":"publish","type":"post","link":"https:\/\/diarioprincipios.com\/index.php\/2022\/03\/30\/intervenciones-artisticas-por-los-40-anos-de-la-gesta-de-malvinas\/","title":{"rendered":"Intervenciones art\u00edsticas por los 40 a\u00f1os de la gesta de Malvinas"},"content":{"rendered":"\n<p><strong>El \u00c1rea de Arte P\u00fablico de la Secretar\u00eda de Cultura y Educaci\u00f3n de la Municipalidad de Berazategui inici\u00f3 dos intervenciones art\u00edsticas en la t\u00e9cnica de mosaiquismo, destinadas a espacios que son muy transitados como la Rotonda de Barrio Mar\u00edtimo y la Plaza Gral. Belgrano (Ranelagh). Estas obras ser\u00e1n emplazadas para conmemorar el 40\u00b0 aniversario de la gesta de Malvinas.<\/strong><\/p>\n\n\n\n<p>Al respecto, Javier Albornoz, integrante del \u00c1rea de Arte P\u00fablico de la Secretar\u00eda de Cultura y Educaci\u00f3n, explic\u00f3: \u201cEstamos desarrollando una obra bajo la tem\u00e1tica de los 40 a\u00f1os de la Guerra de Malvinas, que se emplazar\u00e1 en la Rotonda de Barrio Mar\u00edtimo. De esta manera, el dise\u00f1o trata el tema de una forma simb\u00f3lica, con elementos que hacen a la identidad nacional\u201d.<\/p>\n\n\n\n<figure class=\"wp-block-image size-large\"><img loading=\"lazy\" decoding=\"async\" width=\"1024\" height=\"683\" src=\"https:\/\/diarioprincipios.com\/wp-content\/uploads\/2022\/03\/REALIZARAN-INTERVENCIONES-ARTISTICAS-POR-LOS-40-ANOS-DE-LA-GESTA-DE-MALVINAS-2-1-1024x683.jpg\" alt=\"\" class=\"wp-image-13202\" srcset=\"https:\/\/diarioprincipios.com\/wp-content\/uploads\/2022\/03\/REALIZARAN-INTERVENCIONES-ARTISTICAS-POR-LOS-40-ANOS-DE-LA-GESTA-DE-MALVINAS-2-1-1024x683.jpg 1024w, https:\/\/diarioprincipios.com\/wp-content\/uploads\/2022\/03\/REALIZARAN-INTERVENCIONES-ARTISTICAS-POR-LOS-40-ANOS-DE-LA-GESTA-DE-MALVINAS-2-1-300x200.jpg 300w, https:\/\/diarioprincipios.com\/wp-content\/uploads\/2022\/03\/REALIZARAN-INTERVENCIONES-ARTISTICAS-POR-LOS-40-ANOS-DE-LA-GESTA-DE-MALVINAS-2-1-768x512.jpg 768w, https:\/\/diarioprincipios.com\/wp-content\/uploads\/2022\/03\/REALIZARAN-INTERVENCIONES-ARTISTICAS-POR-LOS-40-ANOS-DE-LA-GESTA-DE-MALVINAS-2-1-1536x1024.jpg 1536w, https:\/\/diarioprincipios.com\/wp-content\/uploads\/2022\/03\/REALIZARAN-INTERVENCIONES-ARTISTICAS-POR-LOS-40-ANOS-DE-LA-GESTA-DE-MALVINAS-2-1.jpg 1920w\" sizes=\"auto, (max-width: 1024px) 100vw, 1024px\" \/><\/figure>\n\n\n\n<p>El \u00e1rea de Arte P\u00fablico tiene su sede en el Complejo Cultural La Humanitaria (Lisandro de la Torre y 52), donde se realizan los proyectos de intervenci\u00f3n art\u00edstica para la v\u00eda p\u00fablica. Estas intervenciones se desarrollan en la t\u00e9cnica de mosaico, que caracteriza a la ciudad y hace a la identidad del distrito, es de alta durabilidad y permite trabajar de manera colectiva.<\/p>\n\n\n\n<p>\u201cUna mitad del trabajo ya se encuentra emplazada en la Rotonda de Mar\u00edtimo y la otra ser\u00e1 inaugurada el 2 de abril, conmemorando los 40 a\u00f1os de la gesta de Malvinas\u201d, indic\u00f3 Albornoz.<\/p>\n\n\n\n<p>El s\u00e1bado 2 de abril se cumplen 40 a\u00f1os de la gesta y defensa de la soberan\u00eda argentina en las Islas Malvinas. Dos de los actos conmemorativos organizados en Berazategui implicar\u00e1n la inauguraci\u00f3n de la mencionada intervenci\u00f3n, que tendr\u00e1 lugar desde las 10.30 en la Rotonda de Mar\u00edtimo (calle 131 y 53, Barrio Mar\u00edtimo); y del emplazamiento de un monolito -realizado tambi\u00e9n por el \u00e1rea de Arte P\u00fablico- con dicha t\u00e9cnica, a partir de las 17.30, en la Plaza Gral. Belgrano (calle 363 N\u00ba 340, Ranelagh).<\/p>\n","protected":false},"excerpt":{"rendered":"<p>El \u00c1rea de Arte P\u00fablico de la Secretar\u00eda de Cultura y Educaci\u00f3n de la Municipalidad de Berazategui inici\u00f3 dos intervenciones art\u00edsticas en la t\u00e9cnica de mosaiquismo, destinadas a espacios que son muy transitados como la Rotonda de Barrio Mar\u00edtimo y la Plaza Gral. Belgrano (Ranelagh). Estas obras ser\u00e1n emplazadas para conmemorar el 40\u00b0 aniversario de&#8230;<\/p>\n","protected":false},"author":2,"featured_media":13203,"comment_status":"open","ping_status":"open","sticky":false,"template":"","format":"standard","meta":{"footnotes":""},"categories":[3],"tags":[],"class_list":["post-13200","post","type-post","status-publish","format-standard","has-post-thumbnail","hentry","category-berazategui"],"featured_image_src":"https:\/\/diarioprincipios.com\/wp-content\/uploads\/2022\/03\/REALIZARAN-INTERVENCIONES-ARTISTICAS-POR-LOS-40-ANOS-DE-LA-GESTA-DE-MALVINAS-3-1024x683.jpg","blog_images":{"medium":"https:\/\/diarioprincipios.com\/wp-content\/uploads\/2022\/03\/REALIZARAN-INTERVENCIONES-ARTISTICAS-POR-LOS-40-ANOS-DE-LA-GESTA-DE-MALVINAS-3-300x200.jpg","large":"https:\/\/diarioprincipios.com\/wp-content\/uploads\/2022\/03\/REALIZARAN-INTERVENCIONES-ARTISTICAS-POR-LOS-40-ANOS-DE-LA-GESTA-DE-MALVINAS-3-1024x683.jpg"},"ams_acf":[],"yoast_head":"<!-- This site is optimized with the Yoast SEO plugin v27.3 - https:\/\/yoast.com\/product\/yoast-seo-wordpress\/ -->\n<title>Intervenciones art\u00edsticas por los 40 a\u00f1os de la gesta de Malvinas - Principios<\/title>\n<meta name=\"robots\" content=\"index, follow, max-snippet:-1, max-image-preview:large, max-video-preview:-1\" \/>\n<link rel=\"canonical\" href=\"https:\/\/diarioprincipios.com\/index.php\/2022\/03\/30\/intervenciones-artisticas-por-los-40-anos-de-la-gesta-de-malvinas\/\" \/>\n<meta property=\"og:locale\" content=\"es_ES\" \/>\n<meta property=\"og:type\" content=\"article\" \/>\n<meta property=\"og:title\" content=\"Intervenciones art\u00edsticas por los 40 a\u00f1os de la gesta de Malvinas - Principios\" \/>\n<meta property=\"og:description\" content=\"El \u00c1rea de Arte P\u00fablico de la Secretar\u00eda de Cultura y Educaci\u00f3n de la Municipalidad de Berazategui inici\u00f3 dos intervenciones art\u00edsticas en la t\u00e9cnica de mosaiquismo, destinadas a espacios que son muy transitados como la Rotonda de Barrio Mar\u00edtimo y la Plaza Gral. Belgrano (Ranelagh). Estas obras ser\u00e1n emplazadas para conmemorar el 40\u00b0 aniversario de...\" \/>\n<meta property=\"og:url\" content=\"https:\/\/diarioprincipios.com\/index.php\/2022\/03\/30\/intervenciones-artisticas-por-los-40-anos-de-la-gesta-de-malvinas\/\" \/>\n<meta property=\"og:site_name\" content=\"Principios\" \/>\n<meta property=\"article:published_time\" content=\"2022-03-30T18:04:05+00:00\" \/>\n<meta property=\"article:modified_time\" content=\"2022-03-30T18:04:08+00:00\" \/>\n<meta property=\"og:image\" content=\"https:\/\/diarioprincipios.com\/wp-content\/uploads\/2022\/03\/REALIZARAN-INTERVENCIONES-ARTISTICAS-POR-LOS-40-ANOS-DE-LA-GESTA-DE-MALVINAS-3.jpg\" \/>\n\t<meta property=\"og:image:width\" content=\"1920\" \/>\n\t<meta property=\"og:image:height\" content=\"1280\" \/>\n\t<meta property=\"og:image:type\" content=\"image\/jpeg\" \/>\n<meta name=\"author\" content=\"Hern\u00e1n L\u00f3pez\" \/>\n<meta name=\"twitter:card\" content=\"summary_large_image\" \/>\n<meta name=\"twitter:label1\" content=\"Escrito por\" \/>\n\t<meta name=\"twitter:data1\" content=\"Hern\u00e1n L\u00f3pez\" \/>\n\t<meta name=\"twitter:label2\" content=\"Tiempo de lectura\" \/>\n\t<meta name=\"twitter:data2\" content=\"2 minutos\" \/>\n<script type=\"application\/ld+json\" class=\"yoast-schema-graph\">{\"@context\":\"https:\\\/\\\/schema.org\",\"@graph\":[{\"@type\":\"Article\",\"@id\":\"https:\\\/\\\/diarioprincipios.com\\\/index.php\\\/2022\\\/03\\\/30\\\/intervenciones-artisticas-por-los-40-anos-de-la-gesta-de-malvinas\\\/#article\",\"isPartOf\":{\"@id\":\"https:\\\/\\\/diarioprincipios.com\\\/index.php\\\/2022\\\/03\\\/30\\\/intervenciones-artisticas-por-los-40-anos-de-la-gesta-de-malvinas\\\/\"},\"author\":{\"name\":\"Hern\u00e1n L\u00f3pez\",\"@id\":\"https:\\\/\\\/diarioprincipios.com\\\/#\\\/schema\\\/person\\\/436d5a1fd41a5e250e23ff5a6a7cb080\"},\"headline\":\"Intervenciones art\u00edsticas por los 40 a\u00f1os de la gesta de Malvinas\",\"datePublished\":\"2022-03-30T18:04:05+00:00\",\"dateModified\":\"2022-03-30T18:04:08+00:00\",\"mainEntityOfPage\":{\"@id\":\"https:\\\/\\\/diarioprincipios.com\\\/index.php\\\/2022\\\/03\\\/30\\\/intervenciones-artisticas-por-los-40-anos-de-la-gesta-de-malvinas\\\/\"},\"wordCount\":337,\"commentCount\":0,\"publisher\":{\"@id\":\"https:\\\/\\\/diarioprincipios.com\\\/#organization\"},\"image\":{\"@id\":\"https:\\\/\\\/diarioprincipios.com\\\/index.php\\\/2022\\\/03\\\/30\\\/intervenciones-artisticas-por-los-40-anos-de-la-gesta-de-malvinas\\\/#primaryimage\"},\"thumbnailUrl\":\"https:\\\/\\\/diarioprincipios.com\\\/wp-content\\\/uploads\\\/2022\\\/03\\\/REALIZARAN-INTERVENCIONES-ARTISTICAS-POR-LOS-40-ANOS-DE-LA-GESTA-DE-MALVINAS-3.jpg\",\"articleSection\":[\"Berazategui\"],\"inLanguage\":\"es\",\"potentialAction\":[{\"@type\":\"CommentAction\",\"name\":\"Comment\",\"target\":[\"https:\\\/\\\/diarioprincipios.com\\\/index.php\\\/2022\\\/03\\\/30\\\/intervenciones-artisticas-por-los-40-anos-de-la-gesta-de-malvinas\\\/#respond\"]}]},{\"@type\":\"WebPage\",\"@id\":\"https:\\\/\\\/diarioprincipios.com\\\/index.php\\\/2022\\\/03\\\/30\\\/intervenciones-artisticas-por-los-40-anos-de-la-gesta-de-malvinas\\\/\",\"url\":\"https:\\\/\\\/diarioprincipios.com\\\/index.php\\\/2022\\\/03\\\/30\\\/intervenciones-artisticas-por-los-40-anos-de-la-gesta-de-malvinas\\\/\",\"name\":\"Intervenciones art\u00edsticas por los 40 a\u00f1os de la gesta de Malvinas - Principios\",\"isPartOf\":{\"@id\":\"https:\\\/\\\/diarioprincipios.com\\\/#website\"},\"primaryImageOfPage\":{\"@id\":\"https:\\\/\\\/diarioprincipios.com\\\/index.php\\\/2022\\\/03\\\/30\\\/intervenciones-artisticas-por-los-40-anos-de-la-gesta-de-malvinas\\\/#primaryimage\"},\"image\":{\"@id\":\"https:\\\/\\\/diarioprincipios.com\\\/index.php\\\/2022\\\/03\\\/30\\\/intervenciones-artisticas-por-los-40-anos-de-la-gesta-de-malvinas\\\/#primaryimage\"},\"thumbnailUrl\":\"https:\\\/\\\/diarioprincipios.com\\\/wp-content\\\/uploads\\\/2022\\\/03\\\/REALIZARAN-INTERVENCIONES-ARTISTICAS-POR-LOS-40-ANOS-DE-LA-GESTA-DE-MALVINAS-3.jpg\",\"datePublished\":\"2022-03-30T18:04:05+00:00\",\"dateModified\":\"2022-03-30T18:04:08+00:00\",\"breadcrumb\":{\"@id\":\"https:\\\/\\\/diarioprincipios.com\\\/index.php\\\/2022\\\/03\\\/30\\\/intervenciones-artisticas-por-los-40-anos-de-la-gesta-de-malvinas\\\/#breadcrumb\"},\"inLanguage\":\"es\",\"potentialAction\":[{\"@type\":\"ReadAction\",\"target\":[\"https:\\\/\\\/diarioprincipios.com\\\/index.php\\\/2022\\\/03\\\/30\\\/intervenciones-artisticas-por-los-40-anos-de-la-gesta-de-malvinas\\\/\"]}]},{\"@type\":\"ImageObject\",\"inLanguage\":\"es\",\"@id\":\"https:\\\/\\\/diarioprincipios.com\\\/index.php\\\/2022\\\/03\\\/30\\\/intervenciones-artisticas-por-los-40-anos-de-la-gesta-de-malvinas\\\/#primaryimage\",\"url\":\"https:\\\/\\\/diarioprincipios.com\\\/wp-content\\\/uploads\\\/2022\\\/03\\\/REALIZARAN-INTERVENCIONES-ARTISTICAS-POR-LOS-40-ANOS-DE-LA-GESTA-DE-MALVINAS-3.jpg\",\"contentUrl\":\"https:\\\/\\\/diarioprincipios.com\\\/wp-content\\\/uploads\\\/2022\\\/03\\\/REALIZARAN-INTERVENCIONES-ARTISTICAS-POR-LOS-40-ANOS-DE-LA-GESTA-DE-MALVINAS-3.jpg\",\"width\":1920,\"height\":1280},{\"@type\":\"BreadcrumbList\",\"@id\":\"https:\\\/\\\/diarioprincipios.com\\\/index.php\\\/2022\\\/03\\\/30\\\/intervenciones-artisticas-por-los-40-anos-de-la-gesta-de-malvinas\\\/#breadcrumb\",\"itemListElement\":[{\"@type\":\"ListItem\",\"position\":1,\"name\":\"Portada\",\"item\":\"https:\\\/\\\/diarioprincipios.com\\\/\"},{\"@type\":\"ListItem\",\"position\":2,\"name\":\"Intervenciones art\u00edsticas por los 40 a\u00f1os de la gesta de Malvinas\"}]},{\"@type\":\"WebSite\",\"@id\":\"https:\\\/\\\/diarioprincipios.com\\\/#website\",\"url\":\"https:\\\/\\\/diarioprincipios.com\\\/\",\"name\":\"Principios\",\"description\":\"Principios Diario\",\"publisher\":{\"@id\":\"https:\\\/\\\/diarioprincipios.com\\\/#organization\"},\"potentialAction\":[{\"@type\":\"SearchAction\",\"target\":{\"@type\":\"EntryPoint\",\"urlTemplate\":\"https:\\\/\\\/diarioprincipios.com\\\/?s={search_term_string}\"},\"query-input\":{\"@type\":\"PropertyValueSpecification\",\"valueRequired\":true,\"valueName\":\"search_term_string\"}}],\"inLanguage\":\"es\"},{\"@type\":\"Organization\",\"@id\":\"https:\\\/\\\/diarioprincipios.com\\\/#organization\",\"name\":\"Principios\",\"url\":\"https:\\\/\\\/diarioprincipios.com\\\/\",\"logo\":{\"@type\":\"ImageObject\",\"inLanguage\":\"es\",\"@id\":\"https:\\\/\\\/diarioprincipios.com\\\/#\\\/schema\\\/logo\\\/image\\\/\",\"url\":\"https:\\\/\\\/diarioprincipios.com\\\/wp-content\\\/uploads\\\/2024\\\/04\\\/cropped-www.diarioprincipios.com_-1.png\",\"contentUrl\":\"https:\\\/\\\/diarioprincipios.com\\\/wp-content\\\/uploads\\\/2024\\\/04\\\/cropped-www.diarioprincipios.com_-1.png\",\"width\":5325,\"height\":1454,\"caption\":\"Principios\"},\"image\":{\"@id\":\"https:\\\/\\\/diarioprincipios.com\\\/#\\\/schema\\\/logo\\\/image\\\/\"}},{\"@type\":\"Person\",\"@id\":\"https:\\\/\\\/diarioprincipios.com\\\/#\\\/schema\\\/person\\\/436d5a1fd41a5e250e23ff5a6a7cb080\",\"name\":\"Hern\u00e1n L\u00f3pez\",\"image\":{\"@type\":\"ImageObject\",\"inLanguage\":\"es\",\"@id\":\"https:\\\/\\\/diarioprincipios.com\\\/wp-content\\\/litespeed\\\/avatar\\\/11ddfe5610ff3bd100522525b2571f48.jpg?ver=1777048341\",\"url\":\"https:\\\/\\\/diarioprincipios.com\\\/wp-content\\\/litespeed\\\/avatar\\\/11ddfe5610ff3bd100522525b2571f48.jpg?ver=1777048341\",\"contentUrl\":\"https:\\\/\\\/diarioprincipios.com\\\/wp-content\\\/litespeed\\\/avatar\\\/11ddfe5610ff3bd100522525b2571f48.jpg?ver=1777048341\",\"caption\":\"Hern\u00e1n L\u00f3pez\"},\"url\":\"https:\\\/\\\/diarioprincipios.com\\\/index.php\\\/author\\\/hernan\\\/\"}]}<\/script>\n<!-- \/ Yoast SEO plugin. -->","yoast_head_json":{"title":"Intervenciones art\u00edsticas por los 40 a\u00f1os de la gesta de Malvinas - Principios","robots":{"index":"index","follow":"follow","max-snippet":"max-snippet:-1","max-image-preview":"max-image-preview:large","max-video-preview":"max-video-preview:-1"},"canonical":"https:\/\/diarioprincipios.com\/index.php\/2022\/03\/30\/intervenciones-artisticas-por-los-40-anos-de-la-gesta-de-malvinas\/","og_locale":"es_ES","og_type":"article","og_title":"Intervenciones art\u00edsticas por los 40 a\u00f1os de la gesta de Malvinas - Principios","og_description":"El \u00c1rea de Arte P\u00fablico de la Secretar\u00eda de Cultura y Educaci\u00f3n de la Municipalidad de Berazategui inici\u00f3 dos intervenciones art\u00edsticas en la t\u00e9cnica de mosaiquismo, destinadas a espacios que son muy transitados como la Rotonda de Barrio Mar\u00edtimo y la Plaza Gral. Belgrano (Ranelagh). Estas obras ser\u00e1n emplazadas para conmemorar el 40\u00b0 aniversario de...","og_url":"https:\/\/diarioprincipios.com\/index.php\/2022\/03\/30\/intervenciones-artisticas-por-los-40-anos-de-la-gesta-de-malvinas\/","og_site_name":"Principios","article_published_time":"2022-03-30T18:04:05+00:00","article_modified_time":"2022-03-30T18:04:08+00:00","og_image":[{"width":1920,"height":1280,"url":"https:\/\/diarioprincipios.com\/wp-content\/uploads\/2022\/03\/REALIZARAN-INTERVENCIONES-ARTISTICAS-POR-LOS-40-ANOS-DE-LA-GESTA-DE-MALVINAS-3.jpg","type":"image\/jpeg"}],"author":"Hern\u00e1n L\u00f3pez","twitter_card":"summary_large_image","twitter_misc":{"Escrito por":"Hern\u00e1n L\u00f3pez","Tiempo de lectura":"2 minutos"},"schema":{"@context":"https:\/\/schema.org","@graph":[{"@type":"Article","@id":"https:\/\/diarioprincipios.com\/index.php\/2022\/03\/30\/intervenciones-artisticas-por-los-40-anos-de-la-gesta-de-malvinas\/#article","isPartOf":{"@id":"https:\/\/diarioprincipios.com\/index.php\/2022\/03\/30\/intervenciones-artisticas-por-los-40-anos-de-la-gesta-de-malvinas\/"},"author":{"name":"Hern\u00e1n L\u00f3pez","@id":"https:\/\/diarioprincipios.com\/#\/schema\/person\/436d5a1fd41a5e250e23ff5a6a7cb080"},"headline":"Intervenciones art\u00edsticas por los 40 a\u00f1os de la gesta de Malvinas","datePublished":"2022-03-30T18:04:05+00:00","dateModified":"2022-03-30T18:04:08+00:00","mainEntityOfPage":{"@id":"https:\/\/diarioprincipios.com\/index.php\/2022\/03\/30\/intervenciones-artisticas-por-los-40-anos-de-la-gesta-de-malvinas\/"},"wordCount":337,"commentCount":0,"publisher":{"@id":"https:\/\/diarioprincipios.com\/#organization"},"image":{"@id":"https:\/\/diarioprincipios.com\/index.php\/2022\/03\/30\/intervenciones-artisticas-por-los-40-anos-de-la-gesta-de-malvinas\/#primaryimage"},"thumbnailUrl":"https:\/\/diarioprincipios.com\/wp-content\/uploads\/2022\/03\/REALIZARAN-INTERVENCIONES-ARTISTICAS-POR-LOS-40-ANOS-DE-LA-GESTA-DE-MALVINAS-3.jpg","articleSection":["Berazategui"],"inLanguage":"es","potentialAction":[{"@type":"CommentAction","name":"Comment","target":["https:\/\/diarioprincipios.com\/index.php\/2022\/03\/30\/intervenciones-artisticas-por-los-40-anos-de-la-gesta-de-malvinas\/#respond"]}]},{"@type":"WebPage","@id":"https:\/\/diarioprincipios.com\/index.php\/2022\/03\/30\/intervenciones-artisticas-por-los-40-anos-de-la-gesta-de-malvinas\/","url":"https:\/\/diarioprincipios.com\/index.php\/2022\/03\/30\/intervenciones-artisticas-por-los-40-anos-de-la-gesta-de-malvinas\/","name":"Intervenciones art\u00edsticas por los 40 a\u00f1os de la gesta de Malvinas - Principios","isPartOf":{"@id":"https:\/\/diarioprincipios.com\/#website"},"primaryImageOfPage":{"@id":"https:\/\/diarioprincipios.com\/index.php\/2022\/03\/30\/intervenciones-artisticas-por-los-40-anos-de-la-gesta-de-malvinas\/#primaryimage"},"image":{"@id":"https:\/\/diarioprincipios.com\/index.php\/2022\/03\/30\/intervenciones-artisticas-por-los-40-anos-de-la-gesta-de-malvinas\/#primaryimage"},"thumbnailUrl":"https:\/\/diarioprincipios.com\/wp-content\/uploads\/2022\/03\/REALIZARAN-INTERVENCIONES-ARTISTICAS-POR-LOS-40-ANOS-DE-LA-GESTA-DE-MALVINAS-3.jpg","datePublished":"2022-03-30T18:04:05+00:00","dateModified":"2022-03-30T18:04:08+00:00","breadcrumb":{"@id":"https:\/\/diarioprincipios.com\/index.php\/2022\/03\/30\/intervenciones-artisticas-por-los-40-anos-de-la-gesta-de-malvinas\/#breadcrumb"},"inLanguage":"es","potentialAction":[{"@type":"ReadAction","target":["https:\/\/diarioprincipios.com\/index.php\/2022\/03\/30\/intervenciones-artisticas-por-los-40-anos-de-la-gesta-de-malvinas\/"]}]},{"@type":"ImageObject","inLanguage":"es","@id":"https:\/\/diarioprincipios.com\/index.php\/2022\/03\/30\/intervenciones-artisticas-por-los-40-anos-de-la-gesta-de-malvinas\/#primaryimage","url":"https:\/\/diarioprincipios.com\/wp-content\/uploads\/2022\/03\/REALIZARAN-INTERVENCIONES-ARTISTICAS-POR-LOS-40-ANOS-DE-LA-GESTA-DE-MALVINAS-3.jpg","contentUrl":"https:\/\/diarioprincipios.com\/wp-content\/uploads\/2022\/03\/REALIZARAN-INTERVENCIONES-ARTISTICAS-POR-LOS-40-ANOS-DE-LA-GESTA-DE-MALVINAS-3.jpg","width":1920,"height":1280},{"@type":"BreadcrumbList","@id":"https:\/\/diarioprincipios.com\/index.php\/2022\/03\/30\/intervenciones-artisticas-por-los-40-anos-de-la-gesta-de-malvinas\/#breadcrumb","itemListElement":[{"@type":"ListItem","position":1,"name":"Portada","item":"https:\/\/diarioprincipios.com\/"},{"@type":"ListItem","position":2,"name":"Intervenciones art\u00edsticas por los 40 a\u00f1os de la gesta de Malvinas"}]},{"@type":"WebSite","@id":"https:\/\/diarioprincipios.com\/#website","url":"https:\/\/diarioprincipios.com\/","name":"Principios","description":"Principios Diario","publisher":{"@id":"https:\/\/diarioprincipios.com\/#organization"},"potentialAction":[{"@type":"SearchAction","target":{"@type":"EntryPoint","urlTemplate":"https:\/\/diarioprincipios.com\/?s={search_term_string}"},"query-input":{"@type":"PropertyValueSpecification","valueRequired":true,"valueName":"search_term_string"}}],"inLanguage":"es"},{"@type":"Organization","@id":"https:\/\/diarioprincipios.com\/#organization","name":"Principios","url":"https:\/\/diarioprincipios.com\/","logo":{"@type":"ImageObject","inLanguage":"es","@id":"https:\/\/diarioprincipios.com\/#\/schema\/logo\/image\/","url":"https:\/\/diarioprincipios.com\/wp-content\/uploads\/2024\/04\/cropped-www.diarioprincipios.com_-1.png","contentUrl":"https:\/\/diarioprincipios.com\/wp-content\/uploads\/2024\/04\/cropped-www.diarioprincipios.com_-1.png","width":5325,"height":1454,"caption":"Principios"},"image":{"@id":"https:\/\/diarioprincipios.com\/#\/schema\/logo\/image\/"}},{"@type":"Person","@id":"https:\/\/diarioprincipios.com\/#\/schema\/person\/436d5a1fd41a5e250e23ff5a6a7cb080","name":"Hern\u00e1n L\u00f3pez","image":{"@type":"ImageObject","inLanguage":"es","@id":"https:\/\/diarioprincipios.com\/wp-content\/litespeed\/avatar\/11ddfe5610ff3bd100522525b2571f48.jpg?ver=1777048341","url":"https:\/\/diarioprincipios.com\/wp-content\/litespeed\/avatar\/11ddfe5610ff3bd100522525b2571f48.jpg?ver=1777048341","contentUrl":"https:\/\/diarioprincipios.com\/wp-content\/litespeed\/avatar\/11ddfe5610ff3bd100522525b2571f48.jpg?ver=1777048341","caption":"Hern\u00e1n L\u00f3pez"},"url":"https:\/\/diarioprincipios.com\/index.php\/author\/hernan\/"}]}},"jetpack_featured_media_url":"https:\/\/diarioprincipios.com\/wp-content\/uploads\/2022\/03\/REALIZARAN-INTERVENCIONES-ARTISTICAS-POR-LOS-40-ANOS-DE-LA-GESTA-DE-MALVINAS-3.jpg","_links":{"self":[{"href":"https:\/\/diarioprincipios.com\/index.php\/wp-json\/wp\/v2\/posts\/13200","targetHints":{"allow":["GET"]}}],"collection":[{"href":"https:\/\/diarioprincipios.com\/index.php\/wp-json\/wp\/v2\/posts"}],"about":[{"href":"https:\/\/diarioprincipios.com\/index.php\/wp-json\/wp\/v2\/types\/post"}],"author":[{"embeddable":true,"href":"https:\/\/diarioprincipios.com\/index.php\/wp-json\/wp\/v2\/users\/2"}],"replies":[{"embeddable":true,"href":"https:\/\/diarioprincipios.com\/index.php\/wp-json\/wp\/v2\/comments?post=13200"}],"version-history":[{"count":1,"href":"https:\/\/diarioprincipios.com\/index.php\/wp-json\/wp\/v2\/posts\/13200\/revisions"}],"predecessor-version":[{"id":13204,"href":"https:\/\/diarioprincipios.com\/index.php\/wp-json\/wp\/v2\/posts\/13200\/revisions\/13204"}],"wp:featuredmedia":[{"embeddable":true,"href":"https:\/\/diarioprincipios.com\/index.php\/wp-json\/wp\/v2\/media\/13203"}],"wp:attachment":[{"href":"https:\/\/diarioprincipios.com\/index.php\/wp-json\/wp\/v2\/media?parent=13200"}],"wp:term":[{"taxonomy":"category","embeddable":true,"href":"https:\/\/diarioprincipios.com\/index.php\/wp-json\/wp\/v2\/categories?post=13200"},{"taxonomy":"post_tag","embeddable":true,"href":"https:\/\/diarioprincipios.com\/index.php\/wp-json\/wp\/v2\/tags?post=13200"}],"curies":[{"name":"wp","href":"https:\/\/api.w.org\/{rel}","templated":true}]}}