{"id":13183,"date":"2022-03-28T22:20:55","date_gmt":"2022-03-29T01:20:55","guid":{"rendered":"http:\/\/diarioprincipios.com\/?p=13183"},"modified":"2022-03-28T22:20:59","modified_gmt":"2022-03-29T01:20:59","slug":"la-provincia-publico-el-llamado-a-licitacion-para-la-terminacion-de-300-viviendas-en-berazategui","status":"publish","type":"post","link":"https:\/\/diarioprincipios.com\/index.php\/2022\/03\/28\/la-provincia-publico-el-llamado-a-licitacion-para-la-terminacion-de-300-viviendas-en-berazategui\/","title":{"rendered":"La Provincia\u00a0public\u00f3 el llamado a licitaci\u00f3n para\u00a0la terminaci\u00f3n de 300 viviendas en Berazategui"},"content":{"rendered":"\n<p><\/p>\n\n\n\n<p><em>El Gobierno de la Provincia, a trav\u00e9s del Ministerio de H\u00e1bitat y Desarrollo Urbano<\/em><em>&nbsp;que conduce&nbsp;Agust\u00edn Simone, invertir\u00e1 m\u00e1s de $2.770 millones para finalizar&nbsp;las obras del&nbsp;barrio Kennedy.<\/em><\/p>\n\n\n\n<p>La gesti\u00f3n de Axel Kicillof contin\u00faa con la pol\u00edtica p\u00fablica de finalizar obras que quedaron paralizadas en todo el territorio bonaerense y realizar\u00e1 una inversi\u00f3n millonaria en el barrio Kennedy de Berazategui. El monto destinado para reactivar la edificaci\u00f3n de 300 viviendas supera los&nbsp;$2.770 millones.<\/p>\n\n\n\n<p>En este caso, se trata de un barrio emblem\u00e1tico que estaba pr\u00e1cticamente finalizado y que fue abandonado durante la gesti\u00f3n anterior. A partir de esa situaci\u00f3n, sufri\u00f3 serios destrozos, saqueos y hasta un intento de toma en 2018.<\/p>\n\n\n\n<p>El ministro Simone expres\u00f3: \u201cConvertimos en pol\u00edtica de Estado la decisi\u00f3n de garantizar el acceso a la vivienda y al h\u00e1bitat para los y las bonaerenses. Por eso, no s\u00f3lo reactivamos la enorme cantidad de obras que encontramos abandonadas, sino que, adem\u00e1s, estamos poniendo en marcha nuevos proyectos en todo el territorio\u201d.<\/p>\n\n\n\n<figure class=\"wp-block-image size-large\"><img loading=\"lazy\" decoding=\"async\" width=\"1024\" height=\"819\" src=\"https:\/\/diarioprincipios.com\/wp-content\/uploads\/2022\/03\/La-Provincia-publico-el-llamado-a-licitacion-en-Berazategui-2-1024x819.jpg\" alt=\"\" class=\"wp-image-13184\" srcset=\"https:\/\/diarioprincipios.com\/wp-content\/uploads\/2022\/03\/La-Provincia-publico-el-llamado-a-licitacion-en-Berazategui-2-1024x819.jpg 1024w, https:\/\/diarioprincipios.com\/wp-content\/uploads\/2022\/03\/La-Provincia-publico-el-llamado-a-licitacion-en-Berazategui-2-300x240.jpg 300w, https:\/\/diarioprincipios.com\/wp-content\/uploads\/2022\/03\/La-Provincia-publico-el-llamado-a-licitacion-en-Berazategui-2-768x614.jpg 768w, https:\/\/diarioprincipios.com\/wp-content\/uploads\/2022\/03\/La-Provincia-publico-el-llamado-a-licitacion-en-Berazategui-2.jpg 1350w\" sizes=\"auto, (max-width: 1024px) 100vw, 1024px\" \/><\/figure>\n\n\n\n<p>El titular de la cartera provincial detall\u00f3, adem\u00e1s, que, para evitar la paralizaci\u00f3n de las obras, el valor de la licitaci\u00f3n est\u00e1 establecido en UVIs, lo que permite la actualizaci\u00f3n autom\u00e1tica de los montos.<\/p>\n\n\n\n<p>La obra incluir\u00e1 la terminaci\u00f3n total de la edificaci\u00f3n, la infraestructura y el equipamiento para todo el barrio. Entre los trabajos a realizar, se construir\u00e1n vereda y cercos y se forestar\u00e1 el complejo. Tambi\u00e9n se desarrollar\u00e1n las redes de gas, agua potable, cloacas y desag\u00fces pluviales. Asimismo, se colocar\u00e1 el alumbrado p\u00fablico y una red de media y baja tensi\u00f3n. La zona contar\u00e1, adem\u00e1s, con una planta de tratamiento cloacal.<\/p>\n\n\n\n<p>La apertura de sobres se realizar\u00e1 el pr\u00f3ximo martes 12 de abril a las 12:00 hs. en el Sal\u00f3n Auditorio del Organismo Provincial de Integraci\u00f3n Social y Urbana de la Provincia de Buenos Aires (OPISU), sito en calle 47 N\u00b0 529 entre 5 y 6, de la Ciudad de La Plata.<\/p>\n\n\n\n<p><a><\/a>La obra se suma al proyecto pr\u00f3ximo a licitarse para la relocalizaci\u00f3n de 120 familias del barrio 3 de junio, de la localidad de Pl\u00e1tanos. Con una inversi\u00f3n superior a los $1.400 millones, a ser financiados por el Banco Mundial, la pol\u00edtica prev\u00e9 la reubicaci\u00f3n de las familias que actualmente viven a la vera del arroyo Las Conchitas, bajo l\u00edneas de alta tensi\u00f3n el\u00e9ctrica.<a><\/a><a><\/a>&nbsp;La iniciativa incluye la construcci\u00f3n de nuevas viviendas y los servicios de infraestructura.<\/p>\n\n\n\n<p>Asimismo, en una segunda etapa a desarrollarse en un terreno aleda\u00f1o, se contempla la construcci\u00f3n de otras 239 viviendas m\u00e1s, locales comerciales y espacios comunitarios. Junto a este proyecto se licitar\u00e1 la construcci\u00f3n de un parque p\u00fablico ribere\u00f1o, para completar la transformaci\u00f3n de la zona liberada por las relocalizaciones. Esta inversi\u00f3n tambi\u00e9n ser\u00e1 financiada por el Banco Mundial.<\/p>\n","protected":false},"excerpt":{"rendered":"<p>El Gobierno de la Provincia, a trav\u00e9s del Ministerio de H\u00e1bitat y Desarrollo Urbano&nbsp;que conduce&nbsp;Agust\u00edn Simone, invertir\u00e1 m\u00e1s de $2.770 millones para finalizar&nbsp;las obras del&nbsp;barrio Kennedy. La gesti\u00f3n de Axel Kicillof contin\u00faa con la pol\u00edtica p\u00fablica de finalizar obras que quedaron paralizadas en todo el territorio bonaerense y realizar\u00e1 una inversi\u00f3n millonaria en el barrio&#8230;<\/p>\n","protected":false},"author":2,"featured_media":13185,"comment_status":"open","ping_status":"open","sticky":false,"template":"","format":"standard","meta":{"footnotes":""},"categories":[3],"tags":[],"class_list":["post-13183","post","type-post","status-publish","format-standard","has-post-thumbnail","hentry","category-berazategui"],"featured_image_src":"https:\/\/diarioprincipios.com\/wp-content\/uploads\/2022\/03\/La-Provincia-publico-el-llamado-a-licitacion-en-Berazategui-1-1024x819.jpg","blog_images":{"medium":"https:\/\/diarioprincipios.com\/wp-content\/uploads\/2022\/03\/La-Provincia-publico-el-llamado-a-licitacion-en-Berazategui-1-300x240.jpg","large":"https:\/\/diarioprincipios.com\/wp-content\/uploads\/2022\/03\/La-Provincia-publico-el-llamado-a-licitacion-en-Berazategui-1-1024x819.jpg"},"ams_acf":[],"yoast_head":"<!-- This site is optimized with the Yoast SEO plugin v27.3 - https:\/\/yoast.com\/product\/yoast-seo-wordpress\/ -->\n<title>La Provincia\u00a0public\u00f3 el llamado a licitaci\u00f3n para\u00a0la terminaci\u00f3n de 300 viviendas en Berazategui - Principios<\/title>\n<meta name=\"robots\" content=\"index, follow, max-snippet:-1, max-image-preview:large, max-video-preview:-1\" \/>\n<link rel=\"canonical\" href=\"https:\/\/diarioprincipios.com\/index.php\/2022\/03\/28\/la-provincia-publico-el-llamado-a-licitacion-para-la-terminacion-de-300-viviendas-en-berazategui\/\" \/>\n<meta property=\"og:locale\" content=\"es_ES\" \/>\n<meta property=\"og:type\" content=\"article\" \/>\n<meta property=\"og:title\" content=\"La Provincia\u00a0public\u00f3 el llamado a licitaci\u00f3n para\u00a0la terminaci\u00f3n de 300 viviendas en Berazategui - Principios\" \/>\n<meta property=\"og:description\" content=\"El Gobierno de la Provincia, a trav\u00e9s del Ministerio de H\u00e1bitat y Desarrollo Urbano&nbsp;que conduce&nbsp;Agust\u00edn Simone, invertir\u00e1 m\u00e1s de $2.770 millones para finalizar&nbsp;las obras del&nbsp;barrio Kennedy. La gesti\u00f3n de Axel Kicillof contin\u00faa con la pol\u00edtica p\u00fablica de finalizar obras que quedaron paralizadas en todo el territorio bonaerense y realizar\u00e1 una inversi\u00f3n millonaria en el barrio...\" \/>\n<meta property=\"og:url\" content=\"https:\/\/diarioprincipios.com\/index.php\/2022\/03\/28\/la-provincia-publico-el-llamado-a-licitacion-para-la-terminacion-de-300-viviendas-en-berazategui\/\" \/>\n<meta property=\"og:site_name\" content=\"Principios\" \/>\n<meta property=\"article:published_time\" content=\"2022-03-29T01:20:55+00:00\" \/>\n<meta property=\"article:modified_time\" content=\"2022-03-29T01:20:59+00:00\" \/>\n<meta property=\"og:image\" content=\"https:\/\/diarioprincipios.com\/wp-content\/uploads\/2022\/03\/La-Provincia-publico-el-llamado-a-licitacion-en-Berazategui-1.jpg\" \/>\n\t<meta property=\"og:image:width\" content=\"1350\" \/>\n\t<meta property=\"og:image:height\" content=\"1080\" \/>\n\t<meta property=\"og:image:type\" content=\"image\/jpeg\" \/>\n<meta name=\"author\" content=\"Hern\u00e1n L\u00f3pez\" \/>\n<meta name=\"twitter:card\" content=\"summary_large_image\" \/>\n<meta name=\"twitter:label1\" content=\"Escrito por\" \/>\n\t<meta name=\"twitter:data1\" content=\"Hern\u00e1n L\u00f3pez\" \/>\n\t<meta name=\"twitter:label2\" content=\"Tiempo de lectura\" \/>\n\t<meta name=\"twitter:data2\" content=\"3 minutos\" \/>\n<script type=\"application\/ld+json\" class=\"yoast-schema-graph\">{\"@context\":\"https:\\\/\\\/schema.org\",\"@graph\":[{\"@type\":\"Article\",\"@id\":\"https:\\\/\\\/diarioprincipios.com\\\/index.php\\\/2022\\\/03\\\/28\\\/la-provincia-publico-el-llamado-a-licitacion-para-la-terminacion-de-300-viviendas-en-berazategui\\\/#article\",\"isPartOf\":{\"@id\":\"https:\\\/\\\/diarioprincipios.com\\\/index.php\\\/2022\\\/03\\\/28\\\/la-provincia-publico-el-llamado-a-licitacion-para-la-terminacion-de-300-viviendas-en-berazategui\\\/\"},\"author\":{\"name\":\"Hern\u00e1n L\u00f3pez\",\"@id\":\"https:\\\/\\\/diarioprincipios.com\\\/#\\\/schema\\\/person\\\/436d5a1fd41a5e250e23ff5a6a7cb080\"},\"headline\":\"La Provincia\u00a0public\u00f3 el llamado a licitaci\u00f3n para\u00a0la terminaci\u00f3n de 300 viviendas en Berazategui\",\"datePublished\":\"2022-03-29T01:20:55+00:00\",\"dateModified\":\"2022-03-29T01:20:59+00:00\",\"mainEntityOfPage\":{\"@id\":\"https:\\\/\\\/diarioprincipios.com\\\/index.php\\\/2022\\\/03\\\/28\\\/la-provincia-publico-el-llamado-a-licitacion-para-la-terminacion-de-300-viviendas-en-berazategui\\\/\"},\"wordCount\":519,\"commentCount\":0,\"publisher\":{\"@id\":\"https:\\\/\\\/diarioprincipios.com\\\/#organization\"},\"image\":{\"@id\":\"https:\\\/\\\/diarioprincipios.com\\\/index.php\\\/2022\\\/03\\\/28\\\/la-provincia-publico-el-llamado-a-licitacion-para-la-terminacion-de-300-viviendas-en-berazategui\\\/#primaryimage\"},\"thumbnailUrl\":\"https:\\\/\\\/diarioprincipios.com\\\/wp-content\\\/uploads\\\/2022\\\/03\\\/La-Provincia-publico-el-llamado-a-licitacion-en-Berazategui-1.jpg\",\"articleSection\":[\"Berazategui\"],\"inLanguage\":\"es\",\"potentialAction\":[{\"@type\":\"CommentAction\",\"name\":\"Comment\",\"target\":[\"https:\\\/\\\/diarioprincipios.com\\\/index.php\\\/2022\\\/03\\\/28\\\/la-provincia-publico-el-llamado-a-licitacion-para-la-terminacion-de-300-viviendas-en-berazategui\\\/#respond\"]}]},{\"@type\":\"WebPage\",\"@id\":\"https:\\\/\\\/diarioprincipios.com\\\/index.php\\\/2022\\\/03\\\/28\\\/la-provincia-publico-el-llamado-a-licitacion-para-la-terminacion-de-300-viviendas-en-berazategui\\\/\",\"url\":\"https:\\\/\\\/diarioprincipios.com\\\/index.php\\\/2022\\\/03\\\/28\\\/la-provincia-publico-el-llamado-a-licitacion-para-la-terminacion-de-300-viviendas-en-berazategui\\\/\",\"name\":\"La Provincia\u00a0public\u00f3 el llamado a licitaci\u00f3n para\u00a0la terminaci\u00f3n de 300 viviendas en Berazategui - Principios\",\"isPartOf\":{\"@id\":\"https:\\\/\\\/diarioprincipios.com\\\/#website\"},\"primaryImageOfPage\":{\"@id\":\"https:\\\/\\\/diarioprincipios.com\\\/index.php\\\/2022\\\/03\\\/28\\\/la-provincia-publico-el-llamado-a-licitacion-para-la-terminacion-de-300-viviendas-en-berazategui\\\/#primaryimage\"},\"image\":{\"@id\":\"https:\\\/\\\/diarioprincipios.com\\\/index.php\\\/2022\\\/03\\\/28\\\/la-provincia-publico-el-llamado-a-licitacion-para-la-terminacion-de-300-viviendas-en-berazategui\\\/#primaryimage\"},\"thumbnailUrl\":\"https:\\\/\\\/diarioprincipios.com\\\/wp-content\\\/uploads\\\/2022\\\/03\\\/La-Provincia-publico-el-llamado-a-licitacion-en-Berazategui-1.jpg\",\"datePublished\":\"2022-03-29T01:20:55+00:00\",\"dateModified\":\"2022-03-29T01:20:59+00:00\",\"breadcrumb\":{\"@id\":\"https:\\\/\\\/diarioprincipios.com\\\/index.php\\\/2022\\\/03\\\/28\\\/la-provincia-publico-el-llamado-a-licitacion-para-la-terminacion-de-300-viviendas-en-berazategui\\\/#breadcrumb\"},\"inLanguage\":\"es\",\"potentialAction\":[{\"@type\":\"ReadAction\",\"target\":[\"https:\\\/\\\/diarioprincipios.com\\\/index.php\\\/2022\\\/03\\\/28\\\/la-provincia-publico-el-llamado-a-licitacion-para-la-terminacion-de-300-viviendas-en-berazategui\\\/\"]}]},{\"@type\":\"ImageObject\",\"inLanguage\":\"es\",\"@id\":\"https:\\\/\\\/diarioprincipios.com\\\/index.php\\\/2022\\\/03\\\/28\\\/la-provincia-publico-el-llamado-a-licitacion-para-la-terminacion-de-300-viviendas-en-berazategui\\\/#primaryimage\",\"url\":\"https:\\\/\\\/diarioprincipios.com\\\/wp-content\\\/uploads\\\/2022\\\/03\\\/La-Provincia-publico-el-llamado-a-licitacion-en-Berazategui-1.jpg\",\"contentUrl\":\"https:\\\/\\\/diarioprincipios.com\\\/wp-content\\\/uploads\\\/2022\\\/03\\\/La-Provincia-publico-el-llamado-a-licitacion-en-Berazategui-1.jpg\",\"width\":1350,\"height\":1080},{\"@type\":\"BreadcrumbList\",\"@id\":\"https:\\\/\\\/diarioprincipios.com\\\/index.php\\\/2022\\\/03\\\/28\\\/la-provincia-publico-el-llamado-a-licitacion-para-la-terminacion-de-300-viviendas-en-berazategui\\\/#breadcrumb\",\"itemListElement\":[{\"@type\":\"ListItem\",\"position\":1,\"name\":\"Portada\",\"item\":\"https:\\\/\\\/diarioprincipios.com\\\/\"},{\"@type\":\"ListItem\",\"position\":2,\"name\":\"La Provincia\u00a0public\u00f3 el llamado a licitaci\u00f3n para\u00a0la terminaci\u00f3n de 300 viviendas en Berazategui\"}]},{\"@type\":\"WebSite\",\"@id\":\"https:\\\/\\\/diarioprincipios.com\\\/#website\",\"url\":\"https:\\\/\\\/diarioprincipios.com\\\/\",\"name\":\"Principios\",\"description\":\"Principios Diario\",\"publisher\":{\"@id\":\"https:\\\/\\\/diarioprincipios.com\\\/#organization\"},\"potentialAction\":[{\"@type\":\"SearchAction\",\"target\":{\"@type\":\"EntryPoint\",\"urlTemplate\":\"https:\\\/\\\/diarioprincipios.com\\\/?s={search_term_string}\"},\"query-input\":{\"@type\":\"PropertyValueSpecification\",\"valueRequired\":true,\"valueName\":\"search_term_string\"}}],\"inLanguage\":\"es\"},{\"@type\":\"Organization\",\"@id\":\"https:\\\/\\\/diarioprincipios.com\\\/#organization\",\"name\":\"Principios\",\"url\":\"https:\\\/\\\/diarioprincipios.com\\\/\",\"logo\":{\"@type\":\"ImageObject\",\"inLanguage\":\"es\",\"@id\":\"https:\\\/\\\/diarioprincipios.com\\\/#\\\/schema\\\/logo\\\/image\\\/\",\"url\":\"https:\\\/\\\/diarioprincipios.com\\\/wp-content\\\/uploads\\\/2024\\\/04\\\/cropped-www.diarioprincipios.com_-1.png\",\"contentUrl\":\"https:\\\/\\\/diarioprincipios.com\\\/wp-content\\\/uploads\\\/2024\\\/04\\\/cropped-www.diarioprincipios.com_-1.png\",\"width\":5325,\"height\":1454,\"caption\":\"Principios\"},\"image\":{\"@id\":\"https:\\\/\\\/diarioprincipios.com\\\/#\\\/schema\\\/logo\\\/image\\\/\"}},{\"@type\":\"Person\",\"@id\":\"https:\\\/\\\/diarioprincipios.com\\\/#\\\/schema\\\/person\\\/436d5a1fd41a5e250e23ff5a6a7cb080\",\"name\":\"Hern\u00e1n L\u00f3pez\",\"image\":{\"@type\":\"ImageObject\",\"inLanguage\":\"es\",\"@id\":\"https:\\\/\\\/diarioprincipios.com\\\/wp-content\\\/litespeed\\\/avatar\\\/11ddfe5610ff3bd100522525b2571f48.jpg?ver=1777048341\",\"url\":\"https:\\\/\\\/diarioprincipios.com\\\/wp-content\\\/litespeed\\\/avatar\\\/11ddfe5610ff3bd100522525b2571f48.jpg?ver=1777048341\",\"contentUrl\":\"https:\\\/\\\/diarioprincipios.com\\\/wp-content\\\/litespeed\\\/avatar\\\/11ddfe5610ff3bd100522525b2571f48.jpg?ver=1777048341\",\"caption\":\"Hern\u00e1n L\u00f3pez\"},\"url\":\"https:\\\/\\\/diarioprincipios.com\\\/index.php\\\/author\\\/hernan\\\/\"}]}<\/script>\n<!-- \/ Yoast SEO plugin. -->","yoast_head_json":{"title":"La Provincia\u00a0public\u00f3 el llamado a licitaci\u00f3n para\u00a0la terminaci\u00f3n de 300 viviendas en Berazategui - Principios","robots":{"index":"index","follow":"follow","max-snippet":"max-snippet:-1","max-image-preview":"max-image-preview:large","max-video-preview":"max-video-preview:-1"},"canonical":"https:\/\/diarioprincipios.com\/index.php\/2022\/03\/28\/la-provincia-publico-el-llamado-a-licitacion-para-la-terminacion-de-300-viviendas-en-berazategui\/","og_locale":"es_ES","og_type":"article","og_title":"La Provincia\u00a0public\u00f3 el llamado a licitaci\u00f3n para\u00a0la terminaci\u00f3n de 300 viviendas en Berazategui - Principios","og_description":"El Gobierno de la Provincia, a trav\u00e9s del Ministerio de H\u00e1bitat y Desarrollo Urbano&nbsp;que conduce&nbsp;Agust\u00edn Simone, invertir\u00e1 m\u00e1s de $2.770 millones para finalizar&nbsp;las obras del&nbsp;barrio Kennedy. La gesti\u00f3n de Axel Kicillof contin\u00faa con la pol\u00edtica p\u00fablica de finalizar obras que quedaron paralizadas en todo el territorio bonaerense y realizar\u00e1 una inversi\u00f3n millonaria en el barrio...","og_url":"https:\/\/diarioprincipios.com\/index.php\/2022\/03\/28\/la-provincia-publico-el-llamado-a-licitacion-para-la-terminacion-de-300-viviendas-en-berazategui\/","og_site_name":"Principios","article_published_time":"2022-03-29T01:20:55+00:00","article_modified_time":"2022-03-29T01:20:59+00:00","og_image":[{"width":1350,"height":1080,"url":"https:\/\/diarioprincipios.com\/wp-content\/uploads\/2022\/03\/La-Provincia-publico-el-llamado-a-licitacion-en-Berazategui-1.jpg","type":"image\/jpeg"}],"author":"Hern\u00e1n L\u00f3pez","twitter_card":"summary_large_image","twitter_misc":{"Escrito por":"Hern\u00e1n L\u00f3pez","Tiempo de lectura":"3 minutos"},"schema":{"@context":"https:\/\/schema.org","@graph":[{"@type":"Article","@id":"https:\/\/diarioprincipios.com\/index.php\/2022\/03\/28\/la-provincia-publico-el-llamado-a-licitacion-para-la-terminacion-de-300-viviendas-en-berazategui\/#article","isPartOf":{"@id":"https:\/\/diarioprincipios.com\/index.php\/2022\/03\/28\/la-provincia-publico-el-llamado-a-licitacion-para-la-terminacion-de-300-viviendas-en-berazategui\/"},"author":{"name":"Hern\u00e1n L\u00f3pez","@id":"https:\/\/diarioprincipios.com\/#\/schema\/person\/436d5a1fd41a5e250e23ff5a6a7cb080"},"headline":"La Provincia\u00a0public\u00f3 el llamado a licitaci\u00f3n para\u00a0la terminaci\u00f3n de 300 viviendas en Berazategui","datePublished":"2022-03-29T01:20:55+00:00","dateModified":"2022-03-29T01:20:59+00:00","mainEntityOfPage":{"@id":"https:\/\/diarioprincipios.com\/index.php\/2022\/03\/28\/la-provincia-publico-el-llamado-a-licitacion-para-la-terminacion-de-300-viviendas-en-berazategui\/"},"wordCount":519,"commentCount":0,"publisher":{"@id":"https:\/\/diarioprincipios.com\/#organization"},"image":{"@id":"https:\/\/diarioprincipios.com\/index.php\/2022\/03\/28\/la-provincia-publico-el-llamado-a-licitacion-para-la-terminacion-de-300-viviendas-en-berazategui\/#primaryimage"},"thumbnailUrl":"https:\/\/diarioprincipios.com\/wp-content\/uploads\/2022\/03\/La-Provincia-publico-el-llamado-a-licitacion-en-Berazategui-1.jpg","articleSection":["Berazategui"],"inLanguage":"es","potentialAction":[{"@type":"CommentAction","name":"Comment","target":["https:\/\/diarioprincipios.com\/index.php\/2022\/03\/28\/la-provincia-publico-el-llamado-a-licitacion-para-la-terminacion-de-300-viviendas-en-berazategui\/#respond"]}]},{"@type":"WebPage","@id":"https:\/\/diarioprincipios.com\/index.php\/2022\/03\/28\/la-provincia-publico-el-llamado-a-licitacion-para-la-terminacion-de-300-viviendas-en-berazategui\/","url":"https:\/\/diarioprincipios.com\/index.php\/2022\/03\/28\/la-provincia-publico-el-llamado-a-licitacion-para-la-terminacion-de-300-viviendas-en-berazategui\/","name":"La Provincia\u00a0public\u00f3 el llamado a licitaci\u00f3n para\u00a0la terminaci\u00f3n de 300 viviendas en Berazategui - Principios","isPartOf":{"@id":"https:\/\/diarioprincipios.com\/#website"},"primaryImageOfPage":{"@id":"https:\/\/diarioprincipios.com\/index.php\/2022\/03\/28\/la-provincia-publico-el-llamado-a-licitacion-para-la-terminacion-de-300-viviendas-en-berazategui\/#primaryimage"},"image":{"@id":"https:\/\/diarioprincipios.com\/index.php\/2022\/03\/28\/la-provincia-publico-el-llamado-a-licitacion-para-la-terminacion-de-300-viviendas-en-berazategui\/#primaryimage"},"thumbnailUrl":"https:\/\/diarioprincipios.com\/wp-content\/uploads\/2022\/03\/La-Provincia-publico-el-llamado-a-licitacion-en-Berazategui-1.jpg","datePublished":"2022-03-29T01:20:55+00:00","dateModified":"2022-03-29T01:20:59+00:00","breadcrumb":{"@id":"https:\/\/diarioprincipios.com\/index.php\/2022\/03\/28\/la-provincia-publico-el-llamado-a-licitacion-para-la-terminacion-de-300-viviendas-en-berazategui\/#breadcrumb"},"inLanguage":"es","potentialAction":[{"@type":"ReadAction","target":["https:\/\/diarioprincipios.com\/index.php\/2022\/03\/28\/la-provincia-publico-el-llamado-a-licitacion-para-la-terminacion-de-300-viviendas-en-berazategui\/"]}]},{"@type":"ImageObject","inLanguage":"es","@id":"https:\/\/diarioprincipios.com\/index.php\/2022\/03\/28\/la-provincia-publico-el-llamado-a-licitacion-para-la-terminacion-de-300-viviendas-en-berazategui\/#primaryimage","url":"https:\/\/diarioprincipios.com\/wp-content\/uploads\/2022\/03\/La-Provincia-publico-el-llamado-a-licitacion-en-Berazategui-1.jpg","contentUrl":"https:\/\/diarioprincipios.com\/wp-content\/uploads\/2022\/03\/La-Provincia-publico-el-llamado-a-licitacion-en-Berazategui-1.jpg","width":1350,"height":1080},{"@type":"BreadcrumbList","@id":"https:\/\/diarioprincipios.com\/index.php\/2022\/03\/28\/la-provincia-publico-el-llamado-a-licitacion-para-la-terminacion-de-300-viviendas-en-berazategui\/#breadcrumb","itemListElement":[{"@type":"ListItem","position":1,"name":"Portada","item":"https:\/\/diarioprincipios.com\/"},{"@type":"ListItem","position":2,"name":"La Provincia\u00a0public\u00f3 el llamado a licitaci\u00f3n para\u00a0la terminaci\u00f3n de 300 viviendas en Berazategui"}]},{"@type":"WebSite","@id":"https:\/\/diarioprincipios.com\/#website","url":"https:\/\/diarioprincipios.com\/","name":"Principios","description":"Principios Diario","publisher":{"@id":"https:\/\/diarioprincipios.com\/#organization"},"potentialAction":[{"@type":"SearchAction","target":{"@type":"EntryPoint","urlTemplate":"https:\/\/diarioprincipios.com\/?s={search_term_string}"},"query-input":{"@type":"PropertyValueSpecification","valueRequired":true,"valueName":"search_term_string"}}],"inLanguage":"es"},{"@type":"Organization","@id":"https:\/\/diarioprincipios.com\/#organization","name":"Principios","url":"https:\/\/diarioprincipios.com\/","logo":{"@type":"ImageObject","inLanguage":"es","@id":"https:\/\/diarioprincipios.com\/#\/schema\/logo\/image\/","url":"https:\/\/diarioprincipios.com\/wp-content\/uploads\/2024\/04\/cropped-www.diarioprincipios.com_-1.png","contentUrl":"https:\/\/diarioprincipios.com\/wp-content\/uploads\/2024\/04\/cropped-www.diarioprincipios.com_-1.png","width":5325,"height":1454,"caption":"Principios"},"image":{"@id":"https:\/\/diarioprincipios.com\/#\/schema\/logo\/image\/"}},{"@type":"Person","@id":"https:\/\/diarioprincipios.com\/#\/schema\/person\/436d5a1fd41a5e250e23ff5a6a7cb080","name":"Hern\u00e1n L\u00f3pez","image":{"@type":"ImageObject","inLanguage":"es","@id":"https:\/\/diarioprincipios.com\/wp-content\/litespeed\/avatar\/11ddfe5610ff3bd100522525b2571f48.jpg?ver=1777048341","url":"https:\/\/diarioprincipios.com\/wp-content\/litespeed\/avatar\/11ddfe5610ff3bd100522525b2571f48.jpg?ver=1777048341","contentUrl":"https:\/\/diarioprincipios.com\/wp-content\/litespeed\/avatar\/11ddfe5610ff3bd100522525b2571f48.jpg?ver=1777048341","caption":"Hern\u00e1n L\u00f3pez"},"url":"https:\/\/diarioprincipios.com\/index.php\/author\/hernan\/"}]}},"jetpack_featured_media_url":"https:\/\/diarioprincipios.com\/wp-content\/uploads\/2022\/03\/La-Provincia-publico-el-llamado-a-licitacion-en-Berazategui-1.jpg","_links":{"self":[{"href":"https:\/\/diarioprincipios.com\/index.php\/wp-json\/wp\/v2\/posts\/13183","targetHints":{"allow":["GET"]}}],"collection":[{"href":"https:\/\/diarioprincipios.com\/index.php\/wp-json\/wp\/v2\/posts"}],"about":[{"href":"https:\/\/diarioprincipios.com\/index.php\/wp-json\/wp\/v2\/types\/post"}],"author":[{"embeddable":true,"href":"https:\/\/diarioprincipios.com\/index.php\/wp-json\/wp\/v2\/users\/2"}],"replies":[{"embeddable":true,"href":"https:\/\/diarioprincipios.com\/index.php\/wp-json\/wp\/v2\/comments?post=13183"}],"version-history":[{"count":1,"href":"https:\/\/diarioprincipios.com\/index.php\/wp-json\/wp\/v2\/posts\/13183\/revisions"}],"predecessor-version":[{"id":13186,"href":"https:\/\/diarioprincipios.com\/index.php\/wp-json\/wp\/v2\/posts\/13183\/revisions\/13186"}],"wp:featuredmedia":[{"embeddable":true,"href":"https:\/\/diarioprincipios.com\/index.php\/wp-json\/wp\/v2\/media\/13185"}],"wp:attachment":[{"href":"https:\/\/diarioprincipios.com\/index.php\/wp-json\/wp\/v2\/media?parent=13183"}],"wp:term":[{"taxonomy":"category","embeddable":true,"href":"https:\/\/diarioprincipios.com\/index.php\/wp-json\/wp\/v2\/categories?post=13183"},{"taxonomy":"post_tag","embeddable":true,"href":"https:\/\/diarioprincipios.com\/index.php\/wp-json\/wp\/v2\/tags?post=13183"}],"curies":[{"name":"wp","href":"https:\/\/api.w.org\/{rel}","templated":true}]}}