{"id":13177,"date":"2022-03-28T17:31:25","date_gmt":"2022-03-28T20:31:25","guid":{"rendered":"http:\/\/diarioprincipios.com\/?p=13177"},"modified":"2022-04-05T00:52:15","modified_gmt":"2022-04-05T03:52:15","slug":"se-inauguro-el-patio-de-juegos-alto-wilde","status":"publish","type":"post","link":"https:\/\/diarioprincipios.com\/index.php\/2022\/03\/28\/se-inauguro-el-patio-de-juegos-alto-wilde\/","title":{"rendered":"Se inaugur\u00f3 el patio de juegos Alto Wilde"},"content":{"rendered":"\n<p>Una gran cantidad de vecinos y vecinas participaron del acto que fue encabezado&nbsp;por el ministro Ferraresi, el intendente Chornobroff y la jefa de gabinete, Magdalena Sierra.<\/p>\n\n\n\n<p>Un nuevo espacio p\u00fablico y de esparcimiento se inaugur\u00f3 en el distrito, a partir de la recuperaci\u00f3n y puesta en valor de un terreno ubicado en el cruce de las calles Tres Arroyos y Caviglia, en Wilde.<\/p>\n\n\n\n<figure class=\"wp-block-image size-large\"><img loading=\"lazy\" decoding=\"async\" width=\"1024\" height=\"680\" src=\"https:\/\/diarioprincipios.com\/wp-content\/uploads\/2022\/03\/FOzerF4WYAQgTtn-1024x680.jpg\" alt=\"\" class=\"wp-image-13178\" srcset=\"https:\/\/diarioprincipios.com\/wp-content\/uploads\/2022\/03\/FOzerF4WYAQgTtn-1024x680.jpg 1024w, https:\/\/diarioprincipios.com\/wp-content\/uploads\/2022\/03\/FOzerF4WYAQgTtn-300x199.jpg 300w, https:\/\/diarioprincipios.com\/wp-content\/uploads\/2022\/03\/FOzerF4WYAQgTtn-768x510.jpg 768w, https:\/\/diarioprincipios.com\/wp-content\/uploads\/2022\/03\/FOzerF4WYAQgTtn.jpg 1080w\" sizes=\"auto, (max-width: 1024px) 100vw, 1024px\" \/><\/figure>\n\n\n\n<p>El acto cont\u00f3 con la presencia del ministro de Desarrollo Social y H\u00e1bitat de la Naci\u00f3n, Jorge Ferraresi, el intendente de Avellaneda, Alejo Chornobroff y la jefa de Gabinete municipal, Magdalena Sierra, adem\u00e1s de una numerosa cantidad de vecinos y vecinas de la zona que se acercaron para acompa\u00f1ar el evento.<\/p>\n\n\n\n<p>Entre las obras realizadas se destaca la colocaci\u00f3n de pisos de goma y nuevos juegos infantiles, adem\u00e1s de la reparaci\u00f3n de veredas, la colocaci\u00f3n de equipamiento urbano para el descanso y la renovaci\u00f3n completa del parquizado, adem\u00e1s de los murales que decoran las paredes del patio de juegos.<\/p>\n\n\n\n<p>En su discurso, el ministro Ferraresi llam\u00f3 a recordar el camino recorrido desde el inicio de esta gesti\u00f3n y destac\u00f3: \u201cel rol fundamental de las instituciones y la comunidad, que con su participaci\u00f3n le dan una caracter\u00edstica e identidad a nuestra ciudad\u201d. Y luego agreg\u00f3: \u201cSentimos orgullo por Avellaneda, porque este modelo de gesti\u00f3n trabaja por la igualdad en todos los&nbsp;barrios para nuestros pibes, y cada plaza, cada escuela o cada club, tienen lo mejor\u201d.<\/p>\n\n\n\n<figure class=\"wp-block-image size-large\"><img loading=\"lazy\" decoding=\"async\" width=\"1024\" height=\"680\" src=\"https:\/\/diarioprincipios.com\/wp-content\/uploads\/2022\/03\/FOzerF4WYAQgTtn-1-1024x680.jpg\" alt=\"\" class=\"wp-image-13179\" srcset=\"https:\/\/diarioprincipios.com\/wp-content\/uploads\/2022\/03\/FOzerF4WYAQgTtn-1-1024x680.jpg 1024w, https:\/\/diarioprincipios.com\/wp-content\/uploads\/2022\/03\/FOzerF4WYAQgTtn-1-300x199.jpg 300w, https:\/\/diarioprincipios.com\/wp-content\/uploads\/2022\/03\/FOzerF4WYAQgTtn-1-768x510.jpg 768w, https:\/\/diarioprincipios.com\/wp-content\/uploads\/2022\/03\/FOzerF4WYAQgTtn-1.jpg 1080w\" sizes=\"auto, (max-width: 1024px) 100vw, 1024px\" \/><\/figure>\n\n\n\n<p>Previamente, dos vecinas del barrio, representantes de las instituciones vecinales cercanas, agradecieron las obras y remarcaron sentirse \u201cprivilegiadas por el trabajo del gobierno de Avellaneda\u201d.<\/p>\n\n\n\n<p>Tambi\u00e9n estuvieron presentes el presidente del Concejo Deliberante de Avellaneda, Hugo Barrueco; el secretario de Obras y Servicios P\u00fablicos, Gast\u00f3n Seill\u00e1n; el de Relaciones Institucionales, Ariel Lerici, adem\u00e1s de otros funcionarios municipales.<\/p>\n","protected":false},"excerpt":{"rendered":"<p>Una gran cantidad de vecinos y vecinas participaron del acto que fue encabezado&nbsp;por el ministro Ferraresi, el intendente Chornobroff y la jefa de gabinete, Magdalena Sierra. Un nuevo espacio p\u00fablico y de esparcimiento se inaugur\u00f3 en el distrito, a partir de la recuperaci\u00f3n y puesta en valor de un terreno ubicado en el cruce de&#8230;<\/p>\n","protected":false},"author":2,"featured_media":13180,"comment_status":"open","ping_status":"open","sticky":false,"template":"","format":"standard","meta":{"footnotes":""},"categories":[5],"tags":[],"class_list":["post-13177","post","type-post","status-publish","format-standard","has-post-thumbnail","hentry","category-avellaneda"],"featured_image_src":"https:\/\/diarioprincipios.com\/wp-content\/uploads\/2022\/03\/FOzeqveXoAgp-pV-1024x679.jpg","blog_images":{"medium":"https:\/\/diarioprincipios.com\/wp-content\/uploads\/2022\/03\/FOzeqveXoAgp-pV-300x199.jpg","large":"https:\/\/diarioprincipios.com\/wp-content\/uploads\/2022\/03\/FOzeqveXoAgp-pV-1024x679.jpg"},"ams_acf":[],"yoast_head":"<!-- This site is optimized with the Yoast SEO plugin v27.3 - https:\/\/yoast.com\/product\/yoast-seo-wordpress\/ -->\n<title>Se inaugur\u00f3 el patio de juegos Alto Wilde - Principios<\/title>\n<meta name=\"robots\" content=\"index, follow, max-snippet:-1, max-image-preview:large, max-video-preview:-1\" \/>\n<link rel=\"canonical\" href=\"https:\/\/diarioprincipios.com\/index.php\/2022\/03\/28\/se-inauguro-el-patio-de-juegos-alto-wilde\/\" \/>\n<meta property=\"og:locale\" content=\"es_ES\" \/>\n<meta property=\"og:type\" content=\"article\" \/>\n<meta property=\"og:title\" content=\"Se inaugur\u00f3 el patio de juegos Alto Wilde - Principios\" \/>\n<meta property=\"og:description\" content=\"Una gran cantidad de vecinos y vecinas participaron del acto que fue encabezado&nbsp;por el ministro Ferraresi, el intendente Chornobroff y la jefa de gabinete, Magdalena Sierra. Un nuevo espacio p\u00fablico y de esparcimiento se inaugur\u00f3 en el distrito, a partir de la recuperaci\u00f3n y puesta en valor de un terreno ubicado en el cruce de...\" \/>\n<meta property=\"og:url\" content=\"https:\/\/diarioprincipios.com\/index.php\/2022\/03\/28\/se-inauguro-el-patio-de-juegos-alto-wilde\/\" \/>\n<meta property=\"og:site_name\" content=\"Principios\" \/>\n<meta property=\"article:published_time\" content=\"2022-03-28T20:31:25+00:00\" \/>\n<meta property=\"article:modified_time\" content=\"2022-04-05T03:52:15+00:00\" \/>\n<meta property=\"og:image\" content=\"https:\/\/diarioprincipios.com\/wp-content\/uploads\/2022\/03\/FOzeqveXoAgp-pV.jpg\" \/>\n\t<meta property=\"og:image:width\" content=\"1080\" \/>\n\t<meta property=\"og:image:height\" content=\"716\" \/>\n\t<meta property=\"og:image:type\" content=\"image\/jpeg\" \/>\n<meta name=\"author\" content=\"Hern\u00e1n L\u00f3pez\" \/>\n<meta name=\"twitter:card\" content=\"summary_large_image\" \/>\n<meta name=\"twitter:label1\" content=\"Escrito por\" \/>\n\t<meta name=\"twitter:data1\" content=\"Hern\u00e1n L\u00f3pez\" \/>\n\t<meta name=\"twitter:label2\" content=\"Tiempo de lectura\" \/>\n\t<meta name=\"twitter:data2\" content=\"2 minutos\" \/>\n<script type=\"application\/ld+json\" class=\"yoast-schema-graph\">{\"@context\":\"https:\\\/\\\/schema.org\",\"@graph\":[{\"@type\":\"Article\",\"@id\":\"https:\\\/\\\/diarioprincipios.com\\\/index.php\\\/2022\\\/03\\\/28\\\/se-inauguro-el-patio-de-juegos-alto-wilde\\\/#article\",\"isPartOf\":{\"@id\":\"https:\\\/\\\/diarioprincipios.com\\\/index.php\\\/2022\\\/03\\\/28\\\/se-inauguro-el-patio-de-juegos-alto-wilde\\\/\"},\"author\":{\"name\":\"Hern\u00e1n L\u00f3pez\",\"@id\":\"https:\\\/\\\/diarioprincipios.com\\\/#\\\/schema\\\/person\\\/436d5a1fd41a5e250e23ff5a6a7cb080\"},\"headline\":\"Se inaugur\u00f3 el patio de juegos Alto Wilde\",\"datePublished\":\"2022-03-28T20:31:25+00:00\",\"dateModified\":\"2022-04-05T03:52:15+00:00\",\"mainEntityOfPage\":{\"@id\":\"https:\\\/\\\/diarioprincipios.com\\\/index.php\\\/2022\\\/03\\\/28\\\/se-inauguro-el-patio-de-juegos-alto-wilde\\\/\"},\"wordCount\":327,\"commentCount\":0,\"publisher\":{\"@id\":\"https:\\\/\\\/diarioprincipios.com\\\/#organization\"},\"image\":{\"@id\":\"https:\\\/\\\/diarioprincipios.com\\\/index.php\\\/2022\\\/03\\\/28\\\/se-inauguro-el-patio-de-juegos-alto-wilde\\\/#primaryimage\"},\"thumbnailUrl\":\"https:\\\/\\\/diarioprincipios.com\\\/wp-content\\\/uploads\\\/2022\\\/03\\\/FOzeqveXoAgp-pV.jpg\",\"articleSection\":[\"Avellaneda\"],\"inLanguage\":\"es\",\"potentialAction\":[{\"@type\":\"CommentAction\",\"name\":\"Comment\",\"target\":[\"https:\\\/\\\/diarioprincipios.com\\\/index.php\\\/2022\\\/03\\\/28\\\/se-inauguro-el-patio-de-juegos-alto-wilde\\\/#respond\"]}]},{\"@type\":\"WebPage\",\"@id\":\"https:\\\/\\\/diarioprincipios.com\\\/index.php\\\/2022\\\/03\\\/28\\\/se-inauguro-el-patio-de-juegos-alto-wilde\\\/\",\"url\":\"https:\\\/\\\/diarioprincipios.com\\\/index.php\\\/2022\\\/03\\\/28\\\/se-inauguro-el-patio-de-juegos-alto-wilde\\\/\",\"name\":\"Se inaugur\u00f3 el patio de juegos Alto Wilde - Principios\",\"isPartOf\":{\"@id\":\"https:\\\/\\\/diarioprincipios.com\\\/#website\"},\"primaryImageOfPage\":{\"@id\":\"https:\\\/\\\/diarioprincipios.com\\\/index.php\\\/2022\\\/03\\\/28\\\/se-inauguro-el-patio-de-juegos-alto-wilde\\\/#primaryimage\"},\"image\":{\"@id\":\"https:\\\/\\\/diarioprincipios.com\\\/index.php\\\/2022\\\/03\\\/28\\\/se-inauguro-el-patio-de-juegos-alto-wilde\\\/#primaryimage\"},\"thumbnailUrl\":\"https:\\\/\\\/diarioprincipios.com\\\/wp-content\\\/uploads\\\/2022\\\/03\\\/FOzeqveXoAgp-pV.jpg\",\"datePublished\":\"2022-03-28T20:31:25+00:00\",\"dateModified\":\"2022-04-05T03:52:15+00:00\",\"breadcrumb\":{\"@id\":\"https:\\\/\\\/diarioprincipios.com\\\/index.php\\\/2022\\\/03\\\/28\\\/se-inauguro-el-patio-de-juegos-alto-wilde\\\/#breadcrumb\"},\"inLanguage\":\"es\",\"potentialAction\":[{\"@type\":\"ReadAction\",\"target\":[\"https:\\\/\\\/diarioprincipios.com\\\/index.php\\\/2022\\\/03\\\/28\\\/se-inauguro-el-patio-de-juegos-alto-wilde\\\/\"]}]},{\"@type\":\"ImageObject\",\"inLanguage\":\"es\",\"@id\":\"https:\\\/\\\/diarioprincipios.com\\\/index.php\\\/2022\\\/03\\\/28\\\/se-inauguro-el-patio-de-juegos-alto-wilde\\\/#primaryimage\",\"url\":\"https:\\\/\\\/diarioprincipios.com\\\/wp-content\\\/uploads\\\/2022\\\/03\\\/FOzeqveXoAgp-pV.jpg\",\"contentUrl\":\"https:\\\/\\\/diarioprincipios.com\\\/wp-content\\\/uploads\\\/2022\\\/03\\\/FOzeqveXoAgp-pV.jpg\",\"width\":1080,\"height\":716},{\"@type\":\"BreadcrumbList\",\"@id\":\"https:\\\/\\\/diarioprincipios.com\\\/index.php\\\/2022\\\/03\\\/28\\\/se-inauguro-el-patio-de-juegos-alto-wilde\\\/#breadcrumb\",\"itemListElement\":[{\"@type\":\"ListItem\",\"position\":1,\"name\":\"Portada\",\"item\":\"https:\\\/\\\/diarioprincipios.com\\\/\"},{\"@type\":\"ListItem\",\"position\":2,\"name\":\"Se inaugur\u00f3 el patio de juegos Alto Wilde\"}]},{\"@type\":\"WebSite\",\"@id\":\"https:\\\/\\\/diarioprincipios.com\\\/#website\",\"url\":\"https:\\\/\\\/diarioprincipios.com\\\/\",\"name\":\"Principios\",\"description\":\"Principios Diario\",\"publisher\":{\"@id\":\"https:\\\/\\\/diarioprincipios.com\\\/#organization\"},\"potentialAction\":[{\"@type\":\"SearchAction\",\"target\":{\"@type\":\"EntryPoint\",\"urlTemplate\":\"https:\\\/\\\/diarioprincipios.com\\\/?s={search_term_string}\"},\"query-input\":{\"@type\":\"PropertyValueSpecification\",\"valueRequired\":true,\"valueName\":\"search_term_string\"}}],\"inLanguage\":\"es\"},{\"@type\":\"Organization\",\"@id\":\"https:\\\/\\\/diarioprincipios.com\\\/#organization\",\"name\":\"Principios\",\"url\":\"https:\\\/\\\/diarioprincipios.com\\\/\",\"logo\":{\"@type\":\"ImageObject\",\"inLanguage\":\"es\",\"@id\":\"https:\\\/\\\/diarioprincipios.com\\\/#\\\/schema\\\/logo\\\/image\\\/\",\"url\":\"https:\\\/\\\/diarioprincipios.com\\\/wp-content\\\/uploads\\\/2024\\\/04\\\/cropped-www.diarioprincipios.com_-1.png\",\"contentUrl\":\"https:\\\/\\\/diarioprincipios.com\\\/wp-content\\\/uploads\\\/2024\\\/04\\\/cropped-www.diarioprincipios.com_-1.png\",\"width\":5325,\"height\":1454,\"caption\":\"Principios\"},\"image\":{\"@id\":\"https:\\\/\\\/diarioprincipios.com\\\/#\\\/schema\\\/logo\\\/image\\\/\"}},{\"@type\":\"Person\",\"@id\":\"https:\\\/\\\/diarioprincipios.com\\\/#\\\/schema\\\/person\\\/436d5a1fd41a5e250e23ff5a6a7cb080\",\"name\":\"Hern\u00e1n L\u00f3pez\",\"image\":{\"@type\":\"ImageObject\",\"inLanguage\":\"es\",\"@id\":\"https:\\\/\\\/diarioprincipios.com\\\/wp-content\\\/litespeed\\\/avatar\\\/11ddfe5610ff3bd100522525b2571f48.jpg?ver=1777048341\",\"url\":\"https:\\\/\\\/diarioprincipios.com\\\/wp-content\\\/litespeed\\\/avatar\\\/11ddfe5610ff3bd100522525b2571f48.jpg?ver=1777048341\",\"contentUrl\":\"https:\\\/\\\/diarioprincipios.com\\\/wp-content\\\/litespeed\\\/avatar\\\/11ddfe5610ff3bd100522525b2571f48.jpg?ver=1777048341\",\"caption\":\"Hern\u00e1n L\u00f3pez\"},\"url\":\"https:\\\/\\\/diarioprincipios.com\\\/index.php\\\/author\\\/hernan\\\/\"}]}<\/script>\n<!-- \/ Yoast SEO plugin. -->","yoast_head_json":{"title":"Se inaugur\u00f3 el patio de juegos Alto Wilde - Principios","robots":{"index":"index","follow":"follow","max-snippet":"max-snippet:-1","max-image-preview":"max-image-preview:large","max-video-preview":"max-video-preview:-1"},"canonical":"https:\/\/diarioprincipios.com\/index.php\/2022\/03\/28\/se-inauguro-el-patio-de-juegos-alto-wilde\/","og_locale":"es_ES","og_type":"article","og_title":"Se inaugur\u00f3 el patio de juegos Alto Wilde - Principios","og_description":"Una gran cantidad de vecinos y vecinas participaron del acto que fue encabezado&nbsp;por el ministro Ferraresi, el intendente Chornobroff y la jefa de gabinete, Magdalena Sierra. Un nuevo espacio p\u00fablico y de esparcimiento se inaugur\u00f3 en el distrito, a partir de la recuperaci\u00f3n y puesta en valor de un terreno ubicado en el cruce de...","og_url":"https:\/\/diarioprincipios.com\/index.php\/2022\/03\/28\/se-inauguro-el-patio-de-juegos-alto-wilde\/","og_site_name":"Principios","article_published_time":"2022-03-28T20:31:25+00:00","article_modified_time":"2022-04-05T03:52:15+00:00","og_image":[{"width":1080,"height":716,"url":"https:\/\/diarioprincipios.com\/wp-content\/uploads\/2022\/03\/FOzeqveXoAgp-pV.jpg","type":"image\/jpeg"}],"author":"Hern\u00e1n L\u00f3pez","twitter_card":"summary_large_image","twitter_misc":{"Escrito por":"Hern\u00e1n L\u00f3pez","Tiempo de lectura":"2 minutos"},"schema":{"@context":"https:\/\/schema.org","@graph":[{"@type":"Article","@id":"https:\/\/diarioprincipios.com\/index.php\/2022\/03\/28\/se-inauguro-el-patio-de-juegos-alto-wilde\/#article","isPartOf":{"@id":"https:\/\/diarioprincipios.com\/index.php\/2022\/03\/28\/se-inauguro-el-patio-de-juegos-alto-wilde\/"},"author":{"name":"Hern\u00e1n L\u00f3pez","@id":"https:\/\/diarioprincipios.com\/#\/schema\/person\/436d5a1fd41a5e250e23ff5a6a7cb080"},"headline":"Se inaugur\u00f3 el patio de juegos Alto Wilde","datePublished":"2022-03-28T20:31:25+00:00","dateModified":"2022-04-05T03:52:15+00:00","mainEntityOfPage":{"@id":"https:\/\/diarioprincipios.com\/index.php\/2022\/03\/28\/se-inauguro-el-patio-de-juegos-alto-wilde\/"},"wordCount":327,"commentCount":0,"publisher":{"@id":"https:\/\/diarioprincipios.com\/#organization"},"image":{"@id":"https:\/\/diarioprincipios.com\/index.php\/2022\/03\/28\/se-inauguro-el-patio-de-juegos-alto-wilde\/#primaryimage"},"thumbnailUrl":"https:\/\/diarioprincipios.com\/wp-content\/uploads\/2022\/03\/FOzeqveXoAgp-pV.jpg","articleSection":["Avellaneda"],"inLanguage":"es","potentialAction":[{"@type":"CommentAction","name":"Comment","target":["https:\/\/diarioprincipios.com\/index.php\/2022\/03\/28\/se-inauguro-el-patio-de-juegos-alto-wilde\/#respond"]}]},{"@type":"WebPage","@id":"https:\/\/diarioprincipios.com\/index.php\/2022\/03\/28\/se-inauguro-el-patio-de-juegos-alto-wilde\/","url":"https:\/\/diarioprincipios.com\/index.php\/2022\/03\/28\/se-inauguro-el-patio-de-juegos-alto-wilde\/","name":"Se inaugur\u00f3 el patio de juegos Alto Wilde - Principios","isPartOf":{"@id":"https:\/\/diarioprincipios.com\/#website"},"primaryImageOfPage":{"@id":"https:\/\/diarioprincipios.com\/index.php\/2022\/03\/28\/se-inauguro-el-patio-de-juegos-alto-wilde\/#primaryimage"},"image":{"@id":"https:\/\/diarioprincipios.com\/index.php\/2022\/03\/28\/se-inauguro-el-patio-de-juegos-alto-wilde\/#primaryimage"},"thumbnailUrl":"https:\/\/diarioprincipios.com\/wp-content\/uploads\/2022\/03\/FOzeqveXoAgp-pV.jpg","datePublished":"2022-03-28T20:31:25+00:00","dateModified":"2022-04-05T03:52:15+00:00","breadcrumb":{"@id":"https:\/\/diarioprincipios.com\/index.php\/2022\/03\/28\/se-inauguro-el-patio-de-juegos-alto-wilde\/#breadcrumb"},"inLanguage":"es","potentialAction":[{"@type":"ReadAction","target":["https:\/\/diarioprincipios.com\/index.php\/2022\/03\/28\/se-inauguro-el-patio-de-juegos-alto-wilde\/"]}]},{"@type":"ImageObject","inLanguage":"es","@id":"https:\/\/diarioprincipios.com\/index.php\/2022\/03\/28\/se-inauguro-el-patio-de-juegos-alto-wilde\/#primaryimage","url":"https:\/\/diarioprincipios.com\/wp-content\/uploads\/2022\/03\/FOzeqveXoAgp-pV.jpg","contentUrl":"https:\/\/diarioprincipios.com\/wp-content\/uploads\/2022\/03\/FOzeqveXoAgp-pV.jpg","width":1080,"height":716},{"@type":"BreadcrumbList","@id":"https:\/\/diarioprincipios.com\/index.php\/2022\/03\/28\/se-inauguro-el-patio-de-juegos-alto-wilde\/#breadcrumb","itemListElement":[{"@type":"ListItem","position":1,"name":"Portada","item":"https:\/\/diarioprincipios.com\/"},{"@type":"ListItem","position":2,"name":"Se inaugur\u00f3 el patio de juegos Alto Wilde"}]},{"@type":"WebSite","@id":"https:\/\/diarioprincipios.com\/#website","url":"https:\/\/diarioprincipios.com\/","name":"Principios","description":"Principios Diario","publisher":{"@id":"https:\/\/diarioprincipios.com\/#organization"},"potentialAction":[{"@type":"SearchAction","target":{"@type":"EntryPoint","urlTemplate":"https:\/\/diarioprincipios.com\/?s={search_term_string}"},"query-input":{"@type":"PropertyValueSpecification","valueRequired":true,"valueName":"search_term_string"}}],"inLanguage":"es"},{"@type":"Organization","@id":"https:\/\/diarioprincipios.com\/#organization","name":"Principios","url":"https:\/\/diarioprincipios.com\/","logo":{"@type":"ImageObject","inLanguage":"es","@id":"https:\/\/diarioprincipios.com\/#\/schema\/logo\/image\/","url":"https:\/\/diarioprincipios.com\/wp-content\/uploads\/2024\/04\/cropped-www.diarioprincipios.com_-1.png","contentUrl":"https:\/\/diarioprincipios.com\/wp-content\/uploads\/2024\/04\/cropped-www.diarioprincipios.com_-1.png","width":5325,"height":1454,"caption":"Principios"},"image":{"@id":"https:\/\/diarioprincipios.com\/#\/schema\/logo\/image\/"}},{"@type":"Person","@id":"https:\/\/diarioprincipios.com\/#\/schema\/person\/436d5a1fd41a5e250e23ff5a6a7cb080","name":"Hern\u00e1n L\u00f3pez","image":{"@type":"ImageObject","inLanguage":"es","@id":"https:\/\/diarioprincipios.com\/wp-content\/litespeed\/avatar\/11ddfe5610ff3bd100522525b2571f48.jpg?ver=1777048341","url":"https:\/\/diarioprincipios.com\/wp-content\/litespeed\/avatar\/11ddfe5610ff3bd100522525b2571f48.jpg?ver=1777048341","contentUrl":"https:\/\/diarioprincipios.com\/wp-content\/litespeed\/avatar\/11ddfe5610ff3bd100522525b2571f48.jpg?ver=1777048341","caption":"Hern\u00e1n L\u00f3pez"},"url":"https:\/\/diarioprincipios.com\/index.php\/author\/hernan\/"}]}},"jetpack_featured_media_url":"https:\/\/diarioprincipios.com\/wp-content\/uploads\/2022\/03\/FOzeqveXoAgp-pV.jpg","_links":{"self":[{"href":"https:\/\/diarioprincipios.com\/index.php\/wp-json\/wp\/v2\/posts\/13177","targetHints":{"allow":["GET"]}}],"collection":[{"href":"https:\/\/diarioprincipios.com\/index.php\/wp-json\/wp\/v2\/posts"}],"about":[{"href":"https:\/\/diarioprincipios.com\/index.php\/wp-json\/wp\/v2\/types\/post"}],"author":[{"embeddable":true,"href":"https:\/\/diarioprincipios.com\/index.php\/wp-json\/wp\/v2\/users\/2"}],"replies":[{"embeddable":true,"href":"https:\/\/diarioprincipios.com\/index.php\/wp-json\/wp\/v2\/comments?post=13177"}],"version-history":[{"count":2,"href":"https:\/\/diarioprincipios.com\/index.php\/wp-json\/wp\/v2\/posts\/13177\/revisions"}],"predecessor-version":[{"id":13182,"href":"https:\/\/diarioprincipios.com\/index.php\/wp-json\/wp\/v2\/posts\/13177\/revisions\/13182"}],"wp:featuredmedia":[{"embeddable":true,"href":"https:\/\/diarioprincipios.com\/index.php\/wp-json\/wp\/v2\/media\/13180"}],"wp:attachment":[{"href":"https:\/\/diarioprincipios.com\/index.php\/wp-json\/wp\/v2\/media?parent=13177"}],"wp:term":[{"taxonomy":"category","embeddable":true,"href":"https:\/\/diarioprincipios.com\/index.php\/wp-json\/wp\/v2\/categories?post=13177"},{"taxonomy":"post_tag","embeddable":true,"href":"https:\/\/diarioprincipios.com\/index.php\/wp-json\/wp\/v2\/tags?post=13177"}],"curies":[{"name":"wp","href":"https:\/\/api.w.org\/{rel}","templated":true}]}}