{"id":13161,"date":"2022-03-25T11:42:59","date_gmt":"2022-03-25T14:42:59","guid":{"rendered":"http:\/\/diarioprincipios.com\/?p=13161"},"modified":"2022-03-25T11:43:07","modified_gmt":"2022-03-25T14:43:07","slug":"avanza-la-construccion-del-centro-civico-cultural-y-recreativo-de-gutierrez-2","status":"publish","type":"post","link":"https:\/\/diarioprincipios.com\/index.php\/2022\/03\/25\/avanza-la-construccion-del-centro-civico-cultural-y-recreativo-de-gutierrez-2\/","title":{"rendered":"Avanza la construcci\u00f3n del Centro C\u00edvico, Cultural y Recreativo de Gutierrez"},"content":{"rendered":"\n<p><strong>En una jornada activa, los secretarios municipales de Cultura y Educaci\u00f3n, Federico L\u00f3pez; y de Servicios P\u00fablicos, Sergio Faccenda; recorrieron junto a referentes de la zona las obras de construcci\u00f3n y revalorizaci\u00f3n del Centro C\u00edvico, Cultural y Recreativo, as\u00ed como la puesta en valor de la Plaza Carlos San Mart\u00edn y la refuncionalizaci\u00f3n del Vel\u00f3dromo Argentino R\u00edos. Estas se encuentran sobre Camino Real, entre las calles 412 y 418, en Juan Mar\u00eda Guti\u00e9rrez. All\u00ed, la Municipalidad de Berazategui -a cargo del intendente Juan Jos\u00e9 Mussi- avanza en la concreci\u00f3n de este proyecto integral.<\/strong><\/p>\n\n\n\n<p>Durante la visita, Federico L\u00f3pez expres\u00f3: \u201cRecorrimos con gran alegr\u00eda una obra de recomposici\u00f3n del espacio p\u00fablico. Lo que era el Vel\u00f3dromo Municipal de Guti\u00e9rrez ser\u00e1 un gran parque p\u00fablico y lineal, la Plaza Carlos San Martin es puesta en valor con la incorporaci\u00f3n de equipamiento nuevo y el Centro C\u00edvico actual se trasladar\u00e1 a uno nuevo que se construye aqu\u00ed para incluir distintas dependencias municipales, el Registro Civil, el Correo y el nuevo Centro Cultural. Esto permitir\u00e1 ampliar los servicios de la zona y sumar aquellos de inter\u00e9s cultural. Con mucho esfuerzo, el Intendente decidi\u00f3 invertir -junto con el Ministerio de Obras P\u00fablicas de la Naci\u00f3n- en este espacio, que hoy se encuentra en su etapa inicial, con un gran avance\u201d.<\/p>\n\n\n\n<figure class=\"wp-block-image size-large\"><img loading=\"lazy\" decoding=\"async\" width=\"1024\" height=\"683\" src=\"https:\/\/diarioprincipios.com\/wp-content\/uploads\/2022\/03\/AVANZA-LA-CONSTRUCCION-DEL-CENTRO-CIVICO-CULTURAL-Y-RECREATIVO-DE-GUTIERREZ-4-1024x683.jpg\" alt=\"\" class=\"wp-image-13162\" srcset=\"https:\/\/diarioprincipios.com\/wp-content\/uploads\/2022\/03\/AVANZA-LA-CONSTRUCCION-DEL-CENTRO-CIVICO-CULTURAL-Y-RECREATIVO-DE-GUTIERREZ-4-1024x683.jpg 1024w, https:\/\/diarioprincipios.com\/wp-content\/uploads\/2022\/03\/AVANZA-LA-CONSTRUCCION-DEL-CENTRO-CIVICO-CULTURAL-Y-RECREATIVO-DE-GUTIERREZ-4-300x200.jpg 300w, https:\/\/diarioprincipios.com\/wp-content\/uploads\/2022\/03\/AVANZA-LA-CONSTRUCCION-DEL-CENTRO-CIVICO-CULTURAL-Y-RECREATIVO-DE-GUTIERREZ-4-768x512.jpg 768w, https:\/\/diarioprincipios.com\/wp-content\/uploads\/2022\/03\/AVANZA-LA-CONSTRUCCION-DEL-CENTRO-CIVICO-CULTURAL-Y-RECREATIVO-DE-GUTIERREZ-4-1536x1024.jpg 1536w, https:\/\/diarioprincipios.com\/wp-content\/uploads\/2022\/03\/AVANZA-LA-CONSTRUCCION-DEL-CENTRO-CIVICO-CULTURAL-Y-RECREATIVO-DE-GUTIERREZ-4.jpg 1920w\" sizes=\"auto, (max-width: 1024px) 100vw, 1024px\" \/><\/figure>\n\n\n\n<p>Y agreg\u00f3: \u201cTenemos muchas expectativas de que Guti\u00e9rrez finalmente disponga de un espacio como este, de calidad, p\u00fablico y abierto a la comunidad. Se est\u00e1 trabajando en los tres espacios. Lo primero que se terminar\u00e1 es la puesta en valor de la plaza; luego el parque lineal; y por \u00faltimo el Centro C\u00edvico, que avanza y se orienta a lo recreativo y a lo deportivo, por eso incorporamos equipamiento como m\u00e1quinas aer\u00f3bicas\u201d.<\/p>\n\n\n\n<p>Finalmente, Federico L\u00f3pez anunci\u00f3 que desde la Secretar\u00eda de Cultura y Educaci\u00f3n se intervendr\u00e1n con obras de arte tanto el Vel\u00f3dromo, con un reconocimiento al ciclista ilustre de la zona, Argentino R\u00edos; como as\u00ed tambi\u00e9n la plaza, con un homenaje a Carlos San Mart\u00edn, una persona que ha desaparecido en la \u00faltima Dictadura C\u00edvico-Militar argentina. \u201cIncorporaremos elementos de identidad para Guti\u00e9rrez\u201d, afirm\u00f3.<\/p>\n\n\n\n<p>Seg\u00fan estiman desde la Secretar\u00eda de Obras P\u00fablicas del Municipio, el total de la obra podr\u00eda concluir en unos 7 meses aproximadamente. Adem\u00e1s, se proyecta avanzar en una segunda etapa desde la calle 417 hasta el Parque Pereyra. \u201cLa respuesta de los vecinos es positiva ante la intervenci\u00f3n que incluye el mejoramiento de los cordones, la construcci\u00f3n de d\u00e1rsenas y de un centro de monitoreo, considerando las necesidades que ellos nos comunicaron\u201d, resaltaron quienes se encuentran al frente del proyecto.<\/p>\n","protected":false},"excerpt":{"rendered":"<p>En una jornada activa, los secretarios municipales de Cultura y Educaci\u00f3n, Federico L\u00f3pez; y de Servicios P\u00fablicos, Sergio Faccenda; recorrieron junto a referentes de la zona las obras de construcci\u00f3n y revalorizaci\u00f3n del Centro C\u00edvico, Cultural y Recreativo, as\u00ed como la puesta en valor de la Plaza Carlos San Mart\u00edn y la refuncionalizaci\u00f3n del Vel\u00f3dromo&#8230;<\/p>\n","protected":false},"author":2,"featured_media":13163,"comment_status":"open","ping_status":"open","sticky":false,"template":"","format":"standard","meta":{"footnotes":""},"categories":[3],"tags":[],"class_list":["post-13161","post","type-post","status-publish","format-standard","has-post-thumbnail","hentry","category-berazategui"],"featured_image_src":"https:\/\/diarioprincipios.com\/wp-content\/uploads\/2022\/03\/AVANZA-LA-CONSTRUCCION-DEL-CENTRO-CIVICO-CULTURAL-Y-RECREATIVO-DE-GUTIERREZ-2-1024x683.jpg","blog_images":{"medium":"https:\/\/diarioprincipios.com\/wp-content\/uploads\/2022\/03\/AVANZA-LA-CONSTRUCCION-DEL-CENTRO-CIVICO-CULTURAL-Y-RECREATIVO-DE-GUTIERREZ-2-300x200.jpg","large":"https:\/\/diarioprincipios.com\/wp-content\/uploads\/2022\/03\/AVANZA-LA-CONSTRUCCION-DEL-CENTRO-CIVICO-CULTURAL-Y-RECREATIVO-DE-GUTIERREZ-2-1024x683.jpg"},"ams_acf":[],"yoast_head":"<!-- This site is optimized with the Yoast SEO plugin v27.3 - https:\/\/yoast.com\/product\/yoast-seo-wordpress\/ -->\n<title>Avanza la construcci\u00f3n del Centro C\u00edvico, Cultural y Recreativo de Gutierrez - Principios<\/title>\n<meta name=\"robots\" content=\"index, follow, max-snippet:-1, max-image-preview:large, max-video-preview:-1\" \/>\n<link rel=\"canonical\" href=\"https:\/\/diarioprincipios.com\/index.php\/2022\/03\/25\/avanza-la-construccion-del-centro-civico-cultural-y-recreativo-de-gutierrez-2\/\" \/>\n<meta property=\"og:locale\" content=\"es_ES\" \/>\n<meta property=\"og:type\" content=\"article\" \/>\n<meta property=\"og:title\" content=\"Avanza la construcci\u00f3n del Centro C\u00edvico, Cultural y Recreativo de Gutierrez - Principios\" \/>\n<meta property=\"og:description\" content=\"En una jornada activa, los secretarios municipales de Cultura y Educaci\u00f3n, Federico L\u00f3pez; y de Servicios P\u00fablicos, Sergio Faccenda; recorrieron junto a referentes de la zona las obras de construcci\u00f3n y revalorizaci\u00f3n del Centro C\u00edvico, Cultural y Recreativo, as\u00ed como la puesta en valor de la Plaza Carlos San Mart\u00edn y la refuncionalizaci\u00f3n del Vel\u00f3dromo...\" \/>\n<meta property=\"og:url\" content=\"https:\/\/diarioprincipios.com\/index.php\/2022\/03\/25\/avanza-la-construccion-del-centro-civico-cultural-y-recreativo-de-gutierrez-2\/\" \/>\n<meta property=\"og:site_name\" content=\"Principios\" \/>\n<meta property=\"article:published_time\" content=\"2022-03-25T14:42:59+00:00\" \/>\n<meta property=\"article:modified_time\" content=\"2022-03-25T14:43:07+00:00\" \/>\n<meta property=\"og:image\" content=\"https:\/\/diarioprincipios.com\/wp-content\/uploads\/2022\/03\/AVANZA-LA-CONSTRUCCION-DEL-CENTRO-CIVICO-CULTURAL-Y-RECREATIVO-DE-GUTIERREZ-2.jpg\" \/>\n\t<meta property=\"og:image:width\" content=\"1920\" \/>\n\t<meta property=\"og:image:height\" content=\"1280\" \/>\n\t<meta property=\"og:image:type\" content=\"image\/jpeg\" \/>\n<meta name=\"author\" content=\"Hern\u00e1n L\u00f3pez\" \/>\n<meta name=\"twitter:card\" content=\"summary_large_image\" \/>\n<meta name=\"twitter:label1\" content=\"Escrito por\" \/>\n\t<meta name=\"twitter:data1\" content=\"Hern\u00e1n L\u00f3pez\" \/>\n\t<meta name=\"twitter:label2\" content=\"Tiempo de lectura\" \/>\n\t<meta name=\"twitter:data2\" content=\"3 minutos\" \/>\n<script type=\"application\/ld+json\" class=\"yoast-schema-graph\">{\"@context\":\"https:\\\/\\\/schema.org\",\"@graph\":[{\"@type\":\"Article\",\"@id\":\"https:\\\/\\\/diarioprincipios.com\\\/index.php\\\/2022\\\/03\\\/25\\\/avanza-la-construccion-del-centro-civico-cultural-y-recreativo-de-gutierrez-2\\\/#article\",\"isPartOf\":{\"@id\":\"https:\\\/\\\/diarioprincipios.com\\\/index.php\\\/2022\\\/03\\\/25\\\/avanza-la-construccion-del-centro-civico-cultural-y-recreativo-de-gutierrez-2\\\/\"},\"author\":{\"name\":\"Hern\u00e1n L\u00f3pez\",\"@id\":\"https:\\\/\\\/diarioprincipios.com\\\/#\\\/schema\\\/person\\\/436d5a1fd41a5e250e23ff5a6a7cb080\"},\"headline\":\"Avanza la construcci\u00f3n del Centro C\u00edvico, Cultural y Recreativo de Gutierrez\",\"datePublished\":\"2022-03-25T14:42:59+00:00\",\"dateModified\":\"2022-03-25T14:43:07+00:00\",\"mainEntityOfPage\":{\"@id\":\"https:\\\/\\\/diarioprincipios.com\\\/index.php\\\/2022\\\/03\\\/25\\\/avanza-la-construccion-del-centro-civico-cultural-y-recreativo-de-gutierrez-2\\\/\"},\"wordCount\":486,\"commentCount\":0,\"publisher\":{\"@id\":\"https:\\\/\\\/diarioprincipios.com\\\/#organization\"},\"image\":{\"@id\":\"https:\\\/\\\/diarioprincipios.com\\\/index.php\\\/2022\\\/03\\\/25\\\/avanza-la-construccion-del-centro-civico-cultural-y-recreativo-de-gutierrez-2\\\/#primaryimage\"},\"thumbnailUrl\":\"https:\\\/\\\/diarioprincipios.com\\\/wp-content\\\/uploads\\\/2022\\\/03\\\/AVANZA-LA-CONSTRUCCION-DEL-CENTRO-CIVICO-CULTURAL-Y-RECREATIVO-DE-GUTIERREZ-2.jpg\",\"articleSection\":[\"Berazategui\"],\"inLanguage\":\"es\",\"potentialAction\":[{\"@type\":\"CommentAction\",\"name\":\"Comment\",\"target\":[\"https:\\\/\\\/diarioprincipios.com\\\/index.php\\\/2022\\\/03\\\/25\\\/avanza-la-construccion-del-centro-civico-cultural-y-recreativo-de-gutierrez-2\\\/#respond\"]}]},{\"@type\":\"WebPage\",\"@id\":\"https:\\\/\\\/diarioprincipios.com\\\/index.php\\\/2022\\\/03\\\/25\\\/avanza-la-construccion-del-centro-civico-cultural-y-recreativo-de-gutierrez-2\\\/\",\"url\":\"https:\\\/\\\/diarioprincipios.com\\\/index.php\\\/2022\\\/03\\\/25\\\/avanza-la-construccion-del-centro-civico-cultural-y-recreativo-de-gutierrez-2\\\/\",\"name\":\"Avanza la construcci\u00f3n del Centro C\u00edvico, Cultural y Recreativo de Gutierrez - Principios\",\"isPartOf\":{\"@id\":\"https:\\\/\\\/diarioprincipios.com\\\/#website\"},\"primaryImageOfPage\":{\"@id\":\"https:\\\/\\\/diarioprincipios.com\\\/index.php\\\/2022\\\/03\\\/25\\\/avanza-la-construccion-del-centro-civico-cultural-y-recreativo-de-gutierrez-2\\\/#primaryimage\"},\"image\":{\"@id\":\"https:\\\/\\\/diarioprincipios.com\\\/index.php\\\/2022\\\/03\\\/25\\\/avanza-la-construccion-del-centro-civico-cultural-y-recreativo-de-gutierrez-2\\\/#primaryimage\"},\"thumbnailUrl\":\"https:\\\/\\\/diarioprincipios.com\\\/wp-content\\\/uploads\\\/2022\\\/03\\\/AVANZA-LA-CONSTRUCCION-DEL-CENTRO-CIVICO-CULTURAL-Y-RECREATIVO-DE-GUTIERREZ-2.jpg\",\"datePublished\":\"2022-03-25T14:42:59+00:00\",\"dateModified\":\"2022-03-25T14:43:07+00:00\",\"breadcrumb\":{\"@id\":\"https:\\\/\\\/diarioprincipios.com\\\/index.php\\\/2022\\\/03\\\/25\\\/avanza-la-construccion-del-centro-civico-cultural-y-recreativo-de-gutierrez-2\\\/#breadcrumb\"},\"inLanguage\":\"es\",\"potentialAction\":[{\"@type\":\"ReadAction\",\"target\":[\"https:\\\/\\\/diarioprincipios.com\\\/index.php\\\/2022\\\/03\\\/25\\\/avanza-la-construccion-del-centro-civico-cultural-y-recreativo-de-gutierrez-2\\\/\"]}]},{\"@type\":\"ImageObject\",\"inLanguage\":\"es\",\"@id\":\"https:\\\/\\\/diarioprincipios.com\\\/index.php\\\/2022\\\/03\\\/25\\\/avanza-la-construccion-del-centro-civico-cultural-y-recreativo-de-gutierrez-2\\\/#primaryimage\",\"url\":\"https:\\\/\\\/diarioprincipios.com\\\/wp-content\\\/uploads\\\/2022\\\/03\\\/AVANZA-LA-CONSTRUCCION-DEL-CENTRO-CIVICO-CULTURAL-Y-RECREATIVO-DE-GUTIERREZ-2.jpg\",\"contentUrl\":\"https:\\\/\\\/diarioprincipios.com\\\/wp-content\\\/uploads\\\/2022\\\/03\\\/AVANZA-LA-CONSTRUCCION-DEL-CENTRO-CIVICO-CULTURAL-Y-RECREATIVO-DE-GUTIERREZ-2.jpg\",\"width\":1920,\"height\":1280},{\"@type\":\"BreadcrumbList\",\"@id\":\"https:\\\/\\\/diarioprincipios.com\\\/index.php\\\/2022\\\/03\\\/25\\\/avanza-la-construccion-del-centro-civico-cultural-y-recreativo-de-gutierrez-2\\\/#breadcrumb\",\"itemListElement\":[{\"@type\":\"ListItem\",\"position\":1,\"name\":\"Portada\",\"item\":\"https:\\\/\\\/diarioprincipios.com\\\/\"},{\"@type\":\"ListItem\",\"position\":2,\"name\":\"Avanza la construcci\u00f3n del Centro C\u00edvico, Cultural y Recreativo de Gutierrez\"}]},{\"@type\":\"WebSite\",\"@id\":\"https:\\\/\\\/diarioprincipios.com\\\/#website\",\"url\":\"https:\\\/\\\/diarioprincipios.com\\\/\",\"name\":\"Principios\",\"description\":\"Principios Diario\",\"publisher\":{\"@id\":\"https:\\\/\\\/diarioprincipios.com\\\/#organization\"},\"potentialAction\":[{\"@type\":\"SearchAction\",\"target\":{\"@type\":\"EntryPoint\",\"urlTemplate\":\"https:\\\/\\\/diarioprincipios.com\\\/?s={search_term_string}\"},\"query-input\":{\"@type\":\"PropertyValueSpecification\",\"valueRequired\":true,\"valueName\":\"search_term_string\"}}],\"inLanguage\":\"es\"},{\"@type\":\"Organization\",\"@id\":\"https:\\\/\\\/diarioprincipios.com\\\/#organization\",\"name\":\"Principios\",\"url\":\"https:\\\/\\\/diarioprincipios.com\\\/\",\"logo\":{\"@type\":\"ImageObject\",\"inLanguage\":\"es\",\"@id\":\"https:\\\/\\\/diarioprincipios.com\\\/#\\\/schema\\\/logo\\\/image\\\/\",\"url\":\"https:\\\/\\\/diarioprincipios.com\\\/wp-content\\\/uploads\\\/2024\\\/04\\\/cropped-www.diarioprincipios.com_-1.png\",\"contentUrl\":\"https:\\\/\\\/diarioprincipios.com\\\/wp-content\\\/uploads\\\/2024\\\/04\\\/cropped-www.diarioprincipios.com_-1.png\",\"width\":5325,\"height\":1454,\"caption\":\"Principios\"},\"image\":{\"@id\":\"https:\\\/\\\/diarioprincipios.com\\\/#\\\/schema\\\/logo\\\/image\\\/\"}},{\"@type\":\"Person\",\"@id\":\"https:\\\/\\\/diarioprincipios.com\\\/#\\\/schema\\\/person\\\/436d5a1fd41a5e250e23ff5a6a7cb080\",\"name\":\"Hern\u00e1n L\u00f3pez\",\"image\":{\"@type\":\"ImageObject\",\"inLanguage\":\"es\",\"@id\":\"https:\\\/\\\/diarioprincipios.com\\\/wp-content\\\/litespeed\\\/avatar\\\/11ddfe5610ff3bd100522525b2571f48.jpg?ver=1777048341\",\"url\":\"https:\\\/\\\/diarioprincipios.com\\\/wp-content\\\/litespeed\\\/avatar\\\/11ddfe5610ff3bd100522525b2571f48.jpg?ver=1777048341\",\"contentUrl\":\"https:\\\/\\\/diarioprincipios.com\\\/wp-content\\\/litespeed\\\/avatar\\\/11ddfe5610ff3bd100522525b2571f48.jpg?ver=1777048341\",\"caption\":\"Hern\u00e1n L\u00f3pez\"},\"url\":\"https:\\\/\\\/diarioprincipios.com\\\/index.php\\\/author\\\/hernan\\\/\"}]}<\/script>\n<!-- \/ Yoast SEO plugin. -->","yoast_head_json":{"title":"Avanza la construcci\u00f3n del Centro C\u00edvico, Cultural y Recreativo de Gutierrez - Principios","robots":{"index":"index","follow":"follow","max-snippet":"max-snippet:-1","max-image-preview":"max-image-preview:large","max-video-preview":"max-video-preview:-1"},"canonical":"https:\/\/diarioprincipios.com\/index.php\/2022\/03\/25\/avanza-la-construccion-del-centro-civico-cultural-y-recreativo-de-gutierrez-2\/","og_locale":"es_ES","og_type":"article","og_title":"Avanza la construcci\u00f3n del Centro C\u00edvico, Cultural y Recreativo de Gutierrez - Principios","og_description":"En una jornada activa, los secretarios municipales de Cultura y Educaci\u00f3n, Federico L\u00f3pez; y de Servicios P\u00fablicos, Sergio Faccenda; recorrieron junto a referentes de la zona las obras de construcci\u00f3n y revalorizaci\u00f3n del Centro C\u00edvico, Cultural y Recreativo, as\u00ed como la puesta en valor de la Plaza Carlos San Mart\u00edn y la refuncionalizaci\u00f3n del Vel\u00f3dromo...","og_url":"https:\/\/diarioprincipios.com\/index.php\/2022\/03\/25\/avanza-la-construccion-del-centro-civico-cultural-y-recreativo-de-gutierrez-2\/","og_site_name":"Principios","article_published_time":"2022-03-25T14:42:59+00:00","article_modified_time":"2022-03-25T14:43:07+00:00","og_image":[{"width":1920,"height":1280,"url":"https:\/\/diarioprincipios.com\/wp-content\/uploads\/2022\/03\/AVANZA-LA-CONSTRUCCION-DEL-CENTRO-CIVICO-CULTURAL-Y-RECREATIVO-DE-GUTIERREZ-2.jpg","type":"image\/jpeg"}],"author":"Hern\u00e1n L\u00f3pez","twitter_card":"summary_large_image","twitter_misc":{"Escrito por":"Hern\u00e1n L\u00f3pez","Tiempo de lectura":"3 minutos"},"schema":{"@context":"https:\/\/schema.org","@graph":[{"@type":"Article","@id":"https:\/\/diarioprincipios.com\/index.php\/2022\/03\/25\/avanza-la-construccion-del-centro-civico-cultural-y-recreativo-de-gutierrez-2\/#article","isPartOf":{"@id":"https:\/\/diarioprincipios.com\/index.php\/2022\/03\/25\/avanza-la-construccion-del-centro-civico-cultural-y-recreativo-de-gutierrez-2\/"},"author":{"name":"Hern\u00e1n L\u00f3pez","@id":"https:\/\/diarioprincipios.com\/#\/schema\/person\/436d5a1fd41a5e250e23ff5a6a7cb080"},"headline":"Avanza la construcci\u00f3n del Centro C\u00edvico, Cultural y Recreativo de Gutierrez","datePublished":"2022-03-25T14:42:59+00:00","dateModified":"2022-03-25T14:43:07+00:00","mainEntityOfPage":{"@id":"https:\/\/diarioprincipios.com\/index.php\/2022\/03\/25\/avanza-la-construccion-del-centro-civico-cultural-y-recreativo-de-gutierrez-2\/"},"wordCount":486,"commentCount":0,"publisher":{"@id":"https:\/\/diarioprincipios.com\/#organization"},"image":{"@id":"https:\/\/diarioprincipios.com\/index.php\/2022\/03\/25\/avanza-la-construccion-del-centro-civico-cultural-y-recreativo-de-gutierrez-2\/#primaryimage"},"thumbnailUrl":"https:\/\/diarioprincipios.com\/wp-content\/uploads\/2022\/03\/AVANZA-LA-CONSTRUCCION-DEL-CENTRO-CIVICO-CULTURAL-Y-RECREATIVO-DE-GUTIERREZ-2.jpg","articleSection":["Berazategui"],"inLanguage":"es","potentialAction":[{"@type":"CommentAction","name":"Comment","target":["https:\/\/diarioprincipios.com\/index.php\/2022\/03\/25\/avanza-la-construccion-del-centro-civico-cultural-y-recreativo-de-gutierrez-2\/#respond"]}]},{"@type":"WebPage","@id":"https:\/\/diarioprincipios.com\/index.php\/2022\/03\/25\/avanza-la-construccion-del-centro-civico-cultural-y-recreativo-de-gutierrez-2\/","url":"https:\/\/diarioprincipios.com\/index.php\/2022\/03\/25\/avanza-la-construccion-del-centro-civico-cultural-y-recreativo-de-gutierrez-2\/","name":"Avanza la construcci\u00f3n del Centro C\u00edvico, Cultural y Recreativo de Gutierrez - Principios","isPartOf":{"@id":"https:\/\/diarioprincipios.com\/#website"},"primaryImageOfPage":{"@id":"https:\/\/diarioprincipios.com\/index.php\/2022\/03\/25\/avanza-la-construccion-del-centro-civico-cultural-y-recreativo-de-gutierrez-2\/#primaryimage"},"image":{"@id":"https:\/\/diarioprincipios.com\/index.php\/2022\/03\/25\/avanza-la-construccion-del-centro-civico-cultural-y-recreativo-de-gutierrez-2\/#primaryimage"},"thumbnailUrl":"https:\/\/diarioprincipios.com\/wp-content\/uploads\/2022\/03\/AVANZA-LA-CONSTRUCCION-DEL-CENTRO-CIVICO-CULTURAL-Y-RECREATIVO-DE-GUTIERREZ-2.jpg","datePublished":"2022-03-25T14:42:59+00:00","dateModified":"2022-03-25T14:43:07+00:00","breadcrumb":{"@id":"https:\/\/diarioprincipios.com\/index.php\/2022\/03\/25\/avanza-la-construccion-del-centro-civico-cultural-y-recreativo-de-gutierrez-2\/#breadcrumb"},"inLanguage":"es","potentialAction":[{"@type":"ReadAction","target":["https:\/\/diarioprincipios.com\/index.php\/2022\/03\/25\/avanza-la-construccion-del-centro-civico-cultural-y-recreativo-de-gutierrez-2\/"]}]},{"@type":"ImageObject","inLanguage":"es","@id":"https:\/\/diarioprincipios.com\/index.php\/2022\/03\/25\/avanza-la-construccion-del-centro-civico-cultural-y-recreativo-de-gutierrez-2\/#primaryimage","url":"https:\/\/diarioprincipios.com\/wp-content\/uploads\/2022\/03\/AVANZA-LA-CONSTRUCCION-DEL-CENTRO-CIVICO-CULTURAL-Y-RECREATIVO-DE-GUTIERREZ-2.jpg","contentUrl":"https:\/\/diarioprincipios.com\/wp-content\/uploads\/2022\/03\/AVANZA-LA-CONSTRUCCION-DEL-CENTRO-CIVICO-CULTURAL-Y-RECREATIVO-DE-GUTIERREZ-2.jpg","width":1920,"height":1280},{"@type":"BreadcrumbList","@id":"https:\/\/diarioprincipios.com\/index.php\/2022\/03\/25\/avanza-la-construccion-del-centro-civico-cultural-y-recreativo-de-gutierrez-2\/#breadcrumb","itemListElement":[{"@type":"ListItem","position":1,"name":"Portada","item":"https:\/\/diarioprincipios.com\/"},{"@type":"ListItem","position":2,"name":"Avanza la construcci\u00f3n del Centro C\u00edvico, Cultural y Recreativo de Gutierrez"}]},{"@type":"WebSite","@id":"https:\/\/diarioprincipios.com\/#website","url":"https:\/\/diarioprincipios.com\/","name":"Principios","description":"Principios Diario","publisher":{"@id":"https:\/\/diarioprincipios.com\/#organization"},"potentialAction":[{"@type":"SearchAction","target":{"@type":"EntryPoint","urlTemplate":"https:\/\/diarioprincipios.com\/?s={search_term_string}"},"query-input":{"@type":"PropertyValueSpecification","valueRequired":true,"valueName":"search_term_string"}}],"inLanguage":"es"},{"@type":"Organization","@id":"https:\/\/diarioprincipios.com\/#organization","name":"Principios","url":"https:\/\/diarioprincipios.com\/","logo":{"@type":"ImageObject","inLanguage":"es","@id":"https:\/\/diarioprincipios.com\/#\/schema\/logo\/image\/","url":"https:\/\/diarioprincipios.com\/wp-content\/uploads\/2024\/04\/cropped-www.diarioprincipios.com_-1.png","contentUrl":"https:\/\/diarioprincipios.com\/wp-content\/uploads\/2024\/04\/cropped-www.diarioprincipios.com_-1.png","width":5325,"height":1454,"caption":"Principios"},"image":{"@id":"https:\/\/diarioprincipios.com\/#\/schema\/logo\/image\/"}},{"@type":"Person","@id":"https:\/\/diarioprincipios.com\/#\/schema\/person\/436d5a1fd41a5e250e23ff5a6a7cb080","name":"Hern\u00e1n L\u00f3pez","image":{"@type":"ImageObject","inLanguage":"es","@id":"https:\/\/diarioprincipios.com\/wp-content\/litespeed\/avatar\/11ddfe5610ff3bd100522525b2571f48.jpg?ver=1777048341","url":"https:\/\/diarioprincipios.com\/wp-content\/litespeed\/avatar\/11ddfe5610ff3bd100522525b2571f48.jpg?ver=1777048341","contentUrl":"https:\/\/diarioprincipios.com\/wp-content\/litespeed\/avatar\/11ddfe5610ff3bd100522525b2571f48.jpg?ver=1777048341","caption":"Hern\u00e1n L\u00f3pez"},"url":"https:\/\/diarioprincipios.com\/index.php\/author\/hernan\/"}]}},"jetpack_featured_media_url":"https:\/\/diarioprincipios.com\/wp-content\/uploads\/2022\/03\/AVANZA-LA-CONSTRUCCION-DEL-CENTRO-CIVICO-CULTURAL-Y-RECREATIVO-DE-GUTIERREZ-2.jpg","_links":{"self":[{"href":"https:\/\/diarioprincipios.com\/index.php\/wp-json\/wp\/v2\/posts\/13161","targetHints":{"allow":["GET"]}}],"collection":[{"href":"https:\/\/diarioprincipios.com\/index.php\/wp-json\/wp\/v2\/posts"}],"about":[{"href":"https:\/\/diarioprincipios.com\/index.php\/wp-json\/wp\/v2\/types\/post"}],"author":[{"embeddable":true,"href":"https:\/\/diarioprincipios.com\/index.php\/wp-json\/wp\/v2\/users\/2"}],"replies":[{"embeddable":true,"href":"https:\/\/diarioprincipios.com\/index.php\/wp-json\/wp\/v2\/comments?post=13161"}],"version-history":[{"count":1,"href":"https:\/\/diarioprincipios.com\/index.php\/wp-json\/wp\/v2\/posts\/13161\/revisions"}],"predecessor-version":[{"id":13164,"href":"https:\/\/diarioprincipios.com\/index.php\/wp-json\/wp\/v2\/posts\/13161\/revisions\/13164"}],"wp:featuredmedia":[{"embeddable":true,"href":"https:\/\/diarioprincipios.com\/index.php\/wp-json\/wp\/v2\/media\/13163"}],"wp:attachment":[{"href":"https:\/\/diarioprincipios.com\/index.php\/wp-json\/wp\/v2\/media?parent=13161"}],"wp:term":[{"taxonomy":"category","embeddable":true,"href":"https:\/\/diarioprincipios.com\/index.php\/wp-json\/wp\/v2\/categories?post=13161"},{"taxonomy":"post_tag","embeddable":true,"href":"https:\/\/diarioprincipios.com\/index.php\/wp-json\/wp\/v2\/tags?post=13161"}],"curies":[{"name":"wp","href":"https:\/\/api.w.org\/{rel}","templated":true}]}}