{"id":13158,"date":"2022-03-24T13:45:20","date_gmt":"2022-03-24T16:45:20","guid":{"rendered":"http:\/\/diarioprincipios.com\/?p=13158"},"modified":"2022-03-24T13:45:27","modified_gmt":"2022-03-24T16:45:27","slug":"emotivo-acto-por-la-memoria-la-verdad-y-la-justicia","status":"publish","type":"post","link":"https:\/\/diarioprincipios.com\/index.php\/2022\/03\/24\/emotivo-acto-por-la-memoria-la-verdad-y-la-justicia\/","title":{"rendered":"Emotivo acto por la Memoria, la Verdad y la Justicia"},"content":{"rendered":"\n<p><strong>En el marco de la conmemoraci\u00f3n del D\u00eda Nacional de la Memoria por la Verdad y la Justicia, el intendente Juan Jos\u00e9 Mussi encabez\u00f3 un acto muy emotivo en el Paseo de la Memoria de Berazategui. Organizado por la Subsecretar\u00eda de Juventudes del Municipio, el evento cont\u00f3 con la participaci\u00f3n especial de Pablo D\u00edaz, uno de los sobrevivientes de la Noche de los L\u00e1pices y recientemente declarado Ciudadano Ilustre por el Concejo Deliberante.<\/strong><\/p>\n\n\n\n<p>\u201cQuiero agradecerle a Pablo por su grata visita y por contarnos lo que vivi\u00f3 en carne propia siendo muy joven, ya que, al ser uno de los protagonistas, su voz cobra mucho m\u00e1s valor. Y lo m\u00e1s importante de todo esto es el mensaje que nos deja: el \u2018Nunca M\u00e1s\u2019 a aquel horror que signific\u00f3 la dictadura\u201d, expres\u00f3 Mussi frente a un gran n\u00famero de vecinos, familiares de v\u00edctimas del terrorismo de Estado, estudiantes y representantes de instituciones y organizaciones que concurrieron al evento.<\/p>\n\n\n\n<p>\u201cPor suerte, como en cada uno de estos actos, veo a muchos j\u00f3venes que seguramente ser\u00e1n custodios de los Gobiernos populares\u201d, resalt\u00f3 el Jefe comunal. Y agreg\u00f3 emocionado: \u201cEso nos deja mucho m\u00e1s tranquilos, porque quiere decir que hay un trasvasamiento generacional de chicos con una ideolog\u00eda conmovedora y esperanzadora\u201d.<\/p>\n\n\n\n<p>Por su parte, D\u00edaz reflexion\u00f3: \u201cEl haber sobrevivido siempre me signific\u00f3 la pregunta del por qu\u00e9 y para qu\u00e9. Tal vez, dentro de esta clase de encuentros, se encuentre el hecho de poder cuidarnos al instalar el \u2018Nunca M\u00e1s\u2019 y decir que la militancia vale la pena. Porque creo que todo esto sirve para eso: traer la memoria al presente que nos toca vivir\u201d.<\/p>\n\n\n\n<p>A continuaci\u00f3n, destac\u00f3 el trabajo desarrollado por la gesti\u00f3n municipal a cargo del intendente Juan Jos\u00e9 Mussi. \u201cA veces uno se pregunta si hay quienes asumen el compromiso con respecto a la memoria. Y, viendo este Paseo de Berazategui, la respuesta es \u2018S\u00ed, claro que los hay\u2019\u201d, indic\u00f3.<\/p>\n\n\n\n<p>Durante el evento, que fue abierto a toda la comunidad, Mussi y Pablo D\u00edaz realizaron una breve recorrida por el Paseo de la Memoria y sus estaciones intervenidas. Asimismo, en el marco del proyecto \u201cPlantamos Memoria\u201d, impulsado por los organismos de Derechos Humanos, plantaron en el lugar un ejemplar de una de las especies arb\u00f3reas nativas m\u00e1s difundidas en paisaje urbano, como es la tipa.<\/p>\n\n\n\n<p>Adem\u00e1s, los presentes pudieron disfrutar de algunos n\u00fameros art\u00edsticos como la interpretaci\u00f3n en vivo de la canci\u00f3n \u201cLa cigarra\u201d, por el m\u00fasico local y vocalista del grupo Maimab\u00e1, Juan Saucedo; y una danza coreogr\u00e1fica a cargo de los hermanos Posse, alusiva a la fecha y con la que representaron a Berazategui en el \u00faltimo festival de Cosqu\u00edn.<\/p>\n\n\n\n<p>Al cierre de la ceremonia, Pablo D\u00edaz recibi\u00f3 la copia de la Ordenanza Municipal N\u00b0 5785, a trav\u00e9s de la cual fue declarado Ciudadano Ilustre por el Honorable Concejo Deliberante (HCD) de Berazategui.<\/p>\n\n\n\n<p>Entre otras autoridades municipales, acompa\u00f1aron al Intendente la titular de la Secretar\u00eda Privada, Mar\u00eda Del Carmen Flores; los secretarios de Cultura y Educaci\u00f3n, Federico L\u00f3pez; de Organizaciones No Gubernamentales (ONG), Marcelo Benedetti; de Desarrollo Social y Comunitario, Recreaci\u00f3n, Turismo y Deportes, Mar\u00eda Laura Lacava; y de Salud, Pablo Costa; adem\u00e1s de la subsecretaria de Juventudes, Jennifer Noro; la subcontadora general, Andrea Canestro; la titular de la Agencia de Tierras y H\u00e1bitat, Luc\u00eda Vega; y el presidente del HCD, Marcelo Romio.<\/p>\n","protected":false},"excerpt":{"rendered":"<p>En el marco de la conmemoraci\u00f3n del D\u00eda Nacional de la Memoria por la Verdad y la Justicia, el intendente Juan Jos\u00e9 Mussi encabez\u00f3 un acto muy emotivo en el Paseo de la Memoria de Berazategui. Organizado por la Subsecretar\u00eda de Juventudes del Municipio, el evento cont\u00f3 con la participaci\u00f3n especial de Pablo D\u00edaz, uno&#8230;<\/p>\n","protected":false},"author":2,"featured_media":13159,"comment_status":"open","ping_status":"open","sticky":false,"template":"","format":"standard","meta":{"footnotes":""},"categories":[3],"tags":[],"class_list":["post-13158","post","type-post","status-publish","format-standard","has-post-thumbnail","hentry","category-berazategui"],"featured_image_src":"https:\/\/diarioprincipios.com\/wp-content\/uploads\/2022\/03\/BERAZATEGUI-EMOTIVO-ACTO-POR-LA-MEMORIA-LA-VERDAD-Y-LA-JUSTICIA-3-1024x683.jpg","blog_images":{"medium":"https:\/\/diarioprincipios.com\/wp-content\/uploads\/2022\/03\/BERAZATEGUI-EMOTIVO-ACTO-POR-LA-MEMORIA-LA-VERDAD-Y-LA-JUSTICIA-3-300x200.jpg","large":"https:\/\/diarioprincipios.com\/wp-content\/uploads\/2022\/03\/BERAZATEGUI-EMOTIVO-ACTO-POR-LA-MEMORIA-LA-VERDAD-Y-LA-JUSTICIA-3-1024x683.jpg"},"ams_acf":[],"yoast_head":"<!-- This site is optimized with the Yoast SEO plugin v27.3 - https:\/\/yoast.com\/product\/yoast-seo-wordpress\/ -->\n<title>Emotivo acto por la Memoria, la Verdad y la Justicia - Principios<\/title>\n<meta name=\"robots\" content=\"index, follow, max-snippet:-1, max-image-preview:large, max-video-preview:-1\" \/>\n<link rel=\"canonical\" href=\"https:\/\/diarioprincipios.com\/index.php\/2022\/03\/24\/emotivo-acto-por-la-memoria-la-verdad-y-la-justicia\/\" \/>\n<meta property=\"og:locale\" content=\"es_ES\" \/>\n<meta property=\"og:type\" content=\"article\" \/>\n<meta property=\"og:title\" content=\"Emotivo acto por la Memoria, la Verdad y la Justicia - Principios\" \/>\n<meta property=\"og:description\" content=\"En el marco de la conmemoraci\u00f3n del D\u00eda Nacional de la Memoria por la Verdad y la Justicia, el intendente Juan Jos\u00e9 Mussi encabez\u00f3 un acto muy emotivo en el Paseo de la Memoria de Berazategui. Organizado por la Subsecretar\u00eda de Juventudes del Municipio, el evento cont\u00f3 con la participaci\u00f3n especial de Pablo D\u00edaz, uno...\" \/>\n<meta property=\"og:url\" content=\"https:\/\/diarioprincipios.com\/index.php\/2022\/03\/24\/emotivo-acto-por-la-memoria-la-verdad-y-la-justicia\/\" \/>\n<meta property=\"og:site_name\" content=\"Principios\" \/>\n<meta property=\"article:published_time\" content=\"2022-03-24T16:45:20+00:00\" \/>\n<meta property=\"article:modified_time\" content=\"2022-03-24T16:45:27+00:00\" \/>\n<meta property=\"og:image\" content=\"https:\/\/diarioprincipios.com\/wp-content\/uploads\/2022\/03\/BERAZATEGUI-EMOTIVO-ACTO-POR-LA-MEMORIA-LA-VERDAD-Y-LA-JUSTICIA-3.jpg\" \/>\n\t<meta property=\"og:image:width\" content=\"1920\" \/>\n\t<meta property=\"og:image:height\" content=\"1280\" \/>\n\t<meta property=\"og:image:type\" content=\"image\/jpeg\" \/>\n<meta name=\"author\" content=\"Hern\u00e1n L\u00f3pez\" \/>\n<meta name=\"twitter:card\" content=\"summary_large_image\" \/>\n<meta name=\"twitter:label1\" content=\"Escrito por\" \/>\n\t<meta name=\"twitter:data1\" content=\"Hern\u00e1n L\u00f3pez\" \/>\n\t<meta name=\"twitter:label2\" content=\"Tiempo de lectura\" \/>\n\t<meta name=\"twitter:data2\" content=\"3 minutos\" \/>\n<script type=\"application\/ld+json\" class=\"yoast-schema-graph\">{\"@context\":\"https:\\\/\\\/schema.org\",\"@graph\":[{\"@type\":\"Article\",\"@id\":\"https:\\\/\\\/diarioprincipios.com\\\/index.php\\\/2022\\\/03\\\/24\\\/emotivo-acto-por-la-memoria-la-verdad-y-la-justicia\\\/#article\",\"isPartOf\":{\"@id\":\"https:\\\/\\\/diarioprincipios.com\\\/index.php\\\/2022\\\/03\\\/24\\\/emotivo-acto-por-la-memoria-la-verdad-y-la-justicia\\\/\"},\"author\":{\"name\":\"Hern\u00e1n L\u00f3pez\",\"@id\":\"https:\\\/\\\/diarioprincipios.com\\\/#\\\/schema\\\/person\\\/436d5a1fd41a5e250e23ff5a6a7cb080\"},\"headline\":\"Emotivo acto por la Memoria, la Verdad y la Justicia\",\"datePublished\":\"2022-03-24T16:45:20+00:00\",\"dateModified\":\"2022-03-24T16:45:27+00:00\",\"mainEntityOfPage\":{\"@id\":\"https:\\\/\\\/diarioprincipios.com\\\/index.php\\\/2022\\\/03\\\/24\\\/emotivo-acto-por-la-memoria-la-verdad-y-la-justicia\\\/\"},\"wordCount\":605,\"commentCount\":0,\"publisher\":{\"@id\":\"https:\\\/\\\/diarioprincipios.com\\\/#organization\"},\"image\":{\"@id\":\"https:\\\/\\\/diarioprincipios.com\\\/index.php\\\/2022\\\/03\\\/24\\\/emotivo-acto-por-la-memoria-la-verdad-y-la-justicia\\\/#primaryimage\"},\"thumbnailUrl\":\"https:\\\/\\\/diarioprincipios.com\\\/wp-content\\\/uploads\\\/2022\\\/03\\\/BERAZATEGUI-EMOTIVO-ACTO-POR-LA-MEMORIA-LA-VERDAD-Y-LA-JUSTICIA-3.jpg\",\"articleSection\":[\"Berazategui\"],\"inLanguage\":\"es\",\"potentialAction\":[{\"@type\":\"CommentAction\",\"name\":\"Comment\",\"target\":[\"https:\\\/\\\/diarioprincipios.com\\\/index.php\\\/2022\\\/03\\\/24\\\/emotivo-acto-por-la-memoria-la-verdad-y-la-justicia\\\/#respond\"]}]},{\"@type\":\"WebPage\",\"@id\":\"https:\\\/\\\/diarioprincipios.com\\\/index.php\\\/2022\\\/03\\\/24\\\/emotivo-acto-por-la-memoria-la-verdad-y-la-justicia\\\/\",\"url\":\"https:\\\/\\\/diarioprincipios.com\\\/index.php\\\/2022\\\/03\\\/24\\\/emotivo-acto-por-la-memoria-la-verdad-y-la-justicia\\\/\",\"name\":\"Emotivo acto por la Memoria, la Verdad y la Justicia - Principios\",\"isPartOf\":{\"@id\":\"https:\\\/\\\/diarioprincipios.com\\\/#website\"},\"primaryImageOfPage\":{\"@id\":\"https:\\\/\\\/diarioprincipios.com\\\/index.php\\\/2022\\\/03\\\/24\\\/emotivo-acto-por-la-memoria-la-verdad-y-la-justicia\\\/#primaryimage\"},\"image\":{\"@id\":\"https:\\\/\\\/diarioprincipios.com\\\/index.php\\\/2022\\\/03\\\/24\\\/emotivo-acto-por-la-memoria-la-verdad-y-la-justicia\\\/#primaryimage\"},\"thumbnailUrl\":\"https:\\\/\\\/diarioprincipios.com\\\/wp-content\\\/uploads\\\/2022\\\/03\\\/BERAZATEGUI-EMOTIVO-ACTO-POR-LA-MEMORIA-LA-VERDAD-Y-LA-JUSTICIA-3.jpg\",\"datePublished\":\"2022-03-24T16:45:20+00:00\",\"dateModified\":\"2022-03-24T16:45:27+00:00\",\"breadcrumb\":{\"@id\":\"https:\\\/\\\/diarioprincipios.com\\\/index.php\\\/2022\\\/03\\\/24\\\/emotivo-acto-por-la-memoria-la-verdad-y-la-justicia\\\/#breadcrumb\"},\"inLanguage\":\"es\",\"potentialAction\":[{\"@type\":\"ReadAction\",\"target\":[\"https:\\\/\\\/diarioprincipios.com\\\/index.php\\\/2022\\\/03\\\/24\\\/emotivo-acto-por-la-memoria-la-verdad-y-la-justicia\\\/\"]}]},{\"@type\":\"ImageObject\",\"inLanguage\":\"es\",\"@id\":\"https:\\\/\\\/diarioprincipios.com\\\/index.php\\\/2022\\\/03\\\/24\\\/emotivo-acto-por-la-memoria-la-verdad-y-la-justicia\\\/#primaryimage\",\"url\":\"https:\\\/\\\/diarioprincipios.com\\\/wp-content\\\/uploads\\\/2022\\\/03\\\/BERAZATEGUI-EMOTIVO-ACTO-POR-LA-MEMORIA-LA-VERDAD-Y-LA-JUSTICIA-3.jpg\",\"contentUrl\":\"https:\\\/\\\/diarioprincipios.com\\\/wp-content\\\/uploads\\\/2022\\\/03\\\/BERAZATEGUI-EMOTIVO-ACTO-POR-LA-MEMORIA-LA-VERDAD-Y-LA-JUSTICIA-3.jpg\",\"width\":1920,\"height\":1280},{\"@type\":\"BreadcrumbList\",\"@id\":\"https:\\\/\\\/diarioprincipios.com\\\/index.php\\\/2022\\\/03\\\/24\\\/emotivo-acto-por-la-memoria-la-verdad-y-la-justicia\\\/#breadcrumb\",\"itemListElement\":[{\"@type\":\"ListItem\",\"position\":1,\"name\":\"Portada\",\"item\":\"https:\\\/\\\/diarioprincipios.com\\\/\"},{\"@type\":\"ListItem\",\"position\":2,\"name\":\"Emotivo acto por la Memoria, la Verdad y la Justicia\"}]},{\"@type\":\"WebSite\",\"@id\":\"https:\\\/\\\/diarioprincipios.com\\\/#website\",\"url\":\"https:\\\/\\\/diarioprincipios.com\\\/\",\"name\":\"Principios\",\"description\":\"Principios Diario\",\"publisher\":{\"@id\":\"https:\\\/\\\/diarioprincipios.com\\\/#organization\"},\"potentialAction\":[{\"@type\":\"SearchAction\",\"target\":{\"@type\":\"EntryPoint\",\"urlTemplate\":\"https:\\\/\\\/diarioprincipios.com\\\/?s={search_term_string}\"},\"query-input\":{\"@type\":\"PropertyValueSpecification\",\"valueRequired\":true,\"valueName\":\"search_term_string\"}}],\"inLanguage\":\"es\"},{\"@type\":\"Organization\",\"@id\":\"https:\\\/\\\/diarioprincipios.com\\\/#organization\",\"name\":\"Principios\",\"url\":\"https:\\\/\\\/diarioprincipios.com\\\/\",\"logo\":{\"@type\":\"ImageObject\",\"inLanguage\":\"es\",\"@id\":\"https:\\\/\\\/diarioprincipios.com\\\/#\\\/schema\\\/logo\\\/image\\\/\",\"url\":\"https:\\\/\\\/diarioprincipios.com\\\/wp-content\\\/uploads\\\/2024\\\/04\\\/cropped-www.diarioprincipios.com_-1.png\",\"contentUrl\":\"https:\\\/\\\/diarioprincipios.com\\\/wp-content\\\/uploads\\\/2024\\\/04\\\/cropped-www.diarioprincipios.com_-1.png\",\"width\":5325,\"height\":1454,\"caption\":\"Principios\"},\"image\":{\"@id\":\"https:\\\/\\\/diarioprincipios.com\\\/#\\\/schema\\\/logo\\\/image\\\/\"}},{\"@type\":\"Person\",\"@id\":\"https:\\\/\\\/diarioprincipios.com\\\/#\\\/schema\\\/person\\\/436d5a1fd41a5e250e23ff5a6a7cb080\",\"name\":\"Hern\u00e1n L\u00f3pez\",\"image\":{\"@type\":\"ImageObject\",\"inLanguage\":\"es\",\"@id\":\"https:\\\/\\\/diarioprincipios.com\\\/wp-content\\\/litespeed\\\/avatar\\\/11ddfe5610ff3bd100522525b2571f48.jpg?ver=1777048341\",\"url\":\"https:\\\/\\\/diarioprincipios.com\\\/wp-content\\\/litespeed\\\/avatar\\\/11ddfe5610ff3bd100522525b2571f48.jpg?ver=1777048341\",\"contentUrl\":\"https:\\\/\\\/diarioprincipios.com\\\/wp-content\\\/litespeed\\\/avatar\\\/11ddfe5610ff3bd100522525b2571f48.jpg?ver=1777048341\",\"caption\":\"Hern\u00e1n L\u00f3pez\"},\"url\":\"https:\\\/\\\/diarioprincipios.com\\\/index.php\\\/author\\\/hernan\\\/\"}]}<\/script>\n<!-- \/ Yoast SEO plugin. -->","yoast_head_json":{"title":"Emotivo acto por la Memoria, la Verdad y la Justicia - Principios","robots":{"index":"index","follow":"follow","max-snippet":"max-snippet:-1","max-image-preview":"max-image-preview:large","max-video-preview":"max-video-preview:-1"},"canonical":"https:\/\/diarioprincipios.com\/index.php\/2022\/03\/24\/emotivo-acto-por-la-memoria-la-verdad-y-la-justicia\/","og_locale":"es_ES","og_type":"article","og_title":"Emotivo acto por la Memoria, la Verdad y la Justicia - Principios","og_description":"En el marco de la conmemoraci\u00f3n del D\u00eda Nacional de la Memoria por la Verdad y la Justicia, el intendente Juan Jos\u00e9 Mussi encabez\u00f3 un acto muy emotivo en el Paseo de la Memoria de Berazategui. Organizado por la Subsecretar\u00eda de Juventudes del Municipio, el evento cont\u00f3 con la participaci\u00f3n especial de Pablo D\u00edaz, uno...","og_url":"https:\/\/diarioprincipios.com\/index.php\/2022\/03\/24\/emotivo-acto-por-la-memoria-la-verdad-y-la-justicia\/","og_site_name":"Principios","article_published_time":"2022-03-24T16:45:20+00:00","article_modified_time":"2022-03-24T16:45:27+00:00","og_image":[{"width":1920,"height":1280,"url":"https:\/\/diarioprincipios.com\/wp-content\/uploads\/2022\/03\/BERAZATEGUI-EMOTIVO-ACTO-POR-LA-MEMORIA-LA-VERDAD-Y-LA-JUSTICIA-3.jpg","type":"image\/jpeg"}],"author":"Hern\u00e1n L\u00f3pez","twitter_card":"summary_large_image","twitter_misc":{"Escrito por":"Hern\u00e1n L\u00f3pez","Tiempo de lectura":"3 minutos"},"schema":{"@context":"https:\/\/schema.org","@graph":[{"@type":"Article","@id":"https:\/\/diarioprincipios.com\/index.php\/2022\/03\/24\/emotivo-acto-por-la-memoria-la-verdad-y-la-justicia\/#article","isPartOf":{"@id":"https:\/\/diarioprincipios.com\/index.php\/2022\/03\/24\/emotivo-acto-por-la-memoria-la-verdad-y-la-justicia\/"},"author":{"name":"Hern\u00e1n L\u00f3pez","@id":"https:\/\/diarioprincipios.com\/#\/schema\/person\/436d5a1fd41a5e250e23ff5a6a7cb080"},"headline":"Emotivo acto por la Memoria, la Verdad y la Justicia","datePublished":"2022-03-24T16:45:20+00:00","dateModified":"2022-03-24T16:45:27+00:00","mainEntityOfPage":{"@id":"https:\/\/diarioprincipios.com\/index.php\/2022\/03\/24\/emotivo-acto-por-la-memoria-la-verdad-y-la-justicia\/"},"wordCount":605,"commentCount":0,"publisher":{"@id":"https:\/\/diarioprincipios.com\/#organization"},"image":{"@id":"https:\/\/diarioprincipios.com\/index.php\/2022\/03\/24\/emotivo-acto-por-la-memoria-la-verdad-y-la-justicia\/#primaryimage"},"thumbnailUrl":"https:\/\/diarioprincipios.com\/wp-content\/uploads\/2022\/03\/BERAZATEGUI-EMOTIVO-ACTO-POR-LA-MEMORIA-LA-VERDAD-Y-LA-JUSTICIA-3.jpg","articleSection":["Berazategui"],"inLanguage":"es","potentialAction":[{"@type":"CommentAction","name":"Comment","target":["https:\/\/diarioprincipios.com\/index.php\/2022\/03\/24\/emotivo-acto-por-la-memoria-la-verdad-y-la-justicia\/#respond"]}]},{"@type":"WebPage","@id":"https:\/\/diarioprincipios.com\/index.php\/2022\/03\/24\/emotivo-acto-por-la-memoria-la-verdad-y-la-justicia\/","url":"https:\/\/diarioprincipios.com\/index.php\/2022\/03\/24\/emotivo-acto-por-la-memoria-la-verdad-y-la-justicia\/","name":"Emotivo acto por la Memoria, la Verdad y la Justicia - Principios","isPartOf":{"@id":"https:\/\/diarioprincipios.com\/#website"},"primaryImageOfPage":{"@id":"https:\/\/diarioprincipios.com\/index.php\/2022\/03\/24\/emotivo-acto-por-la-memoria-la-verdad-y-la-justicia\/#primaryimage"},"image":{"@id":"https:\/\/diarioprincipios.com\/index.php\/2022\/03\/24\/emotivo-acto-por-la-memoria-la-verdad-y-la-justicia\/#primaryimage"},"thumbnailUrl":"https:\/\/diarioprincipios.com\/wp-content\/uploads\/2022\/03\/BERAZATEGUI-EMOTIVO-ACTO-POR-LA-MEMORIA-LA-VERDAD-Y-LA-JUSTICIA-3.jpg","datePublished":"2022-03-24T16:45:20+00:00","dateModified":"2022-03-24T16:45:27+00:00","breadcrumb":{"@id":"https:\/\/diarioprincipios.com\/index.php\/2022\/03\/24\/emotivo-acto-por-la-memoria-la-verdad-y-la-justicia\/#breadcrumb"},"inLanguage":"es","potentialAction":[{"@type":"ReadAction","target":["https:\/\/diarioprincipios.com\/index.php\/2022\/03\/24\/emotivo-acto-por-la-memoria-la-verdad-y-la-justicia\/"]}]},{"@type":"ImageObject","inLanguage":"es","@id":"https:\/\/diarioprincipios.com\/index.php\/2022\/03\/24\/emotivo-acto-por-la-memoria-la-verdad-y-la-justicia\/#primaryimage","url":"https:\/\/diarioprincipios.com\/wp-content\/uploads\/2022\/03\/BERAZATEGUI-EMOTIVO-ACTO-POR-LA-MEMORIA-LA-VERDAD-Y-LA-JUSTICIA-3.jpg","contentUrl":"https:\/\/diarioprincipios.com\/wp-content\/uploads\/2022\/03\/BERAZATEGUI-EMOTIVO-ACTO-POR-LA-MEMORIA-LA-VERDAD-Y-LA-JUSTICIA-3.jpg","width":1920,"height":1280},{"@type":"BreadcrumbList","@id":"https:\/\/diarioprincipios.com\/index.php\/2022\/03\/24\/emotivo-acto-por-la-memoria-la-verdad-y-la-justicia\/#breadcrumb","itemListElement":[{"@type":"ListItem","position":1,"name":"Portada","item":"https:\/\/diarioprincipios.com\/"},{"@type":"ListItem","position":2,"name":"Emotivo acto por la Memoria, la Verdad y la Justicia"}]},{"@type":"WebSite","@id":"https:\/\/diarioprincipios.com\/#website","url":"https:\/\/diarioprincipios.com\/","name":"Principios","description":"Principios Diario","publisher":{"@id":"https:\/\/diarioprincipios.com\/#organization"},"potentialAction":[{"@type":"SearchAction","target":{"@type":"EntryPoint","urlTemplate":"https:\/\/diarioprincipios.com\/?s={search_term_string}"},"query-input":{"@type":"PropertyValueSpecification","valueRequired":true,"valueName":"search_term_string"}}],"inLanguage":"es"},{"@type":"Organization","@id":"https:\/\/diarioprincipios.com\/#organization","name":"Principios","url":"https:\/\/diarioprincipios.com\/","logo":{"@type":"ImageObject","inLanguage":"es","@id":"https:\/\/diarioprincipios.com\/#\/schema\/logo\/image\/","url":"https:\/\/diarioprincipios.com\/wp-content\/uploads\/2024\/04\/cropped-www.diarioprincipios.com_-1.png","contentUrl":"https:\/\/diarioprincipios.com\/wp-content\/uploads\/2024\/04\/cropped-www.diarioprincipios.com_-1.png","width":5325,"height":1454,"caption":"Principios"},"image":{"@id":"https:\/\/diarioprincipios.com\/#\/schema\/logo\/image\/"}},{"@type":"Person","@id":"https:\/\/diarioprincipios.com\/#\/schema\/person\/436d5a1fd41a5e250e23ff5a6a7cb080","name":"Hern\u00e1n L\u00f3pez","image":{"@type":"ImageObject","inLanguage":"es","@id":"https:\/\/diarioprincipios.com\/wp-content\/litespeed\/avatar\/11ddfe5610ff3bd100522525b2571f48.jpg?ver=1777048341","url":"https:\/\/diarioprincipios.com\/wp-content\/litespeed\/avatar\/11ddfe5610ff3bd100522525b2571f48.jpg?ver=1777048341","contentUrl":"https:\/\/diarioprincipios.com\/wp-content\/litespeed\/avatar\/11ddfe5610ff3bd100522525b2571f48.jpg?ver=1777048341","caption":"Hern\u00e1n L\u00f3pez"},"url":"https:\/\/diarioprincipios.com\/index.php\/author\/hernan\/"}]}},"jetpack_featured_media_url":"https:\/\/diarioprincipios.com\/wp-content\/uploads\/2022\/03\/BERAZATEGUI-EMOTIVO-ACTO-POR-LA-MEMORIA-LA-VERDAD-Y-LA-JUSTICIA-3.jpg","_links":{"self":[{"href":"https:\/\/diarioprincipios.com\/index.php\/wp-json\/wp\/v2\/posts\/13158","targetHints":{"allow":["GET"]}}],"collection":[{"href":"https:\/\/diarioprincipios.com\/index.php\/wp-json\/wp\/v2\/posts"}],"about":[{"href":"https:\/\/diarioprincipios.com\/index.php\/wp-json\/wp\/v2\/types\/post"}],"author":[{"embeddable":true,"href":"https:\/\/diarioprincipios.com\/index.php\/wp-json\/wp\/v2\/users\/2"}],"replies":[{"embeddable":true,"href":"https:\/\/diarioprincipios.com\/index.php\/wp-json\/wp\/v2\/comments?post=13158"}],"version-history":[{"count":1,"href":"https:\/\/diarioprincipios.com\/index.php\/wp-json\/wp\/v2\/posts\/13158\/revisions"}],"predecessor-version":[{"id":13160,"href":"https:\/\/diarioprincipios.com\/index.php\/wp-json\/wp\/v2\/posts\/13158\/revisions\/13160"}],"wp:featuredmedia":[{"embeddable":true,"href":"https:\/\/diarioprincipios.com\/index.php\/wp-json\/wp\/v2\/media\/13159"}],"wp:attachment":[{"href":"https:\/\/diarioprincipios.com\/index.php\/wp-json\/wp\/v2\/media?parent=13158"}],"wp:term":[{"taxonomy":"category","embeddable":true,"href":"https:\/\/diarioprincipios.com\/index.php\/wp-json\/wp\/v2\/categories?post=13158"},{"taxonomy":"post_tag","embeddable":true,"href":"https:\/\/diarioprincipios.com\/index.php\/wp-json\/wp\/v2\/tags?post=13158"}],"curies":[{"name":"wp","href":"https:\/\/api.w.org\/{rel}","templated":true}]}}